{"id":31105,"date":"2022-02-09T10:46:19","date_gmt":"2022-02-09T09:46:19","guid":{"rendered":"https:\/\/www.krafthand.de\/truck\/?p=31105"},"modified":"2022-02-09T11:14:28","modified_gmt":"2022-02-09T10:14:28","slug":"studie-batterie-und-oberleitungs-lkw-2030-als-bester-mix","status":"publish","type":"post","link":"https:\/\/www.krafthand.de\/truck\/artikel\/studie-batterie-und-oberleitungs-lkw-2030-als-bester-mix-31105\/","title":{"rendered":"Studie: Batterie- und Oberleitungs-Lkw als bester Mix?!"},"content":{"rendered":"<p><em>\u201eBatterieelektrische Lkw werden in 10 Jahren bereits bei moderaten CO2-Preisen f\u00fcr fast alle Anwendungen deutlich g\u00fcnstiger und klimafreundlicher sein als Neufahrzeuge mit Diesel-Antrieb\u201c<\/em>, erkl\u00e4rt Julius J\u00f6hrens, Leiter einer vergleichenden Analyse, die das Institut f\u00fcr Energie- und Umweltforschung Heidelberg (<a href=\"https:\/\/www.ifeu.de\/\" target=\"_blank\" rel=\"noopener\">ifeu<\/a>) jetzt im Forschungsprojekt \u201eMy eRoads\u201c jetzt vorgelegt hat. Die Stromversorgung von batterieelektrischen Lkw \u00fcber Oberleitungen (O-BEV) k\u00f6nnte dabei die Kostenbilanz weiter verbessern und zus\u00e4tzliche systemische Vorteile erschlie\u00dfen.<\/p>\n<p>Wenn es allein nach den Kosten geht, werden die Speditionen 2030 der Studie zufolge f\u00fcr innerdeutsche Transporte nur noch E-Lkw anschaffen. Beim Vergleich der Klimagasemissionen verschiedener Antriebe f\u00fcr das Jahr 2030 zeige sich, dass batterieelektrische Lkw gegen\u00fcber Diesel-Lkw etwa die H\u00e4lfte der CO2-Emissionen einsparen k\u00f6nnen \u2013 Stromerzeugung und Herstellung der Lkw mit eingerechnet. Etwa ein Drittel der verbleibenden CO2-Emissionen ginge auf die Fahrzeugherstellung zur\u00fcck. Der Einsatz von Oberleitungen kann die ben\u00f6tigten Batteriegr\u00f6\u00dfen der Lkw deutlich reduzieren und damit die Klimabilanz tendenziell weiter verbessern.<\/p>\n<figure id=\"attachment_31121\" aria-describedby=\"caption-attachment-31121\" style=\"width: 665px\" class=\"wp-caption aligncenter\"><a href=\"https:\/\/static.krafthand-truck.de\/uploads\/2022\/02\/Ifeu_Studie_Batterie_Oberleitungs_Lkw_2030.jpg\" target=\"_blank\" rel=\"noopener\"><img fetchpriority=\"high\" decoding=\"async\" class=\"wp-image-31121 size-large\" src=\"https:\/\/static.krafthand-truck.de\/uploads\/2022\/02\/Ifeu_Studie_Batterie_Oberleitungs_Lkw_2030-1024x782.jpg\" alt=\"\" width=\"665\" height=\"508\" srcset=\"https:\/\/static.krafthand-truck.de\/uploads\/2022\/02\/Ifeu_Studie_Batterie_Oberleitungs_Lkw_2030-1024x782.jpg 1024w, https:\/\/static.krafthand-truck.de\/uploads\/2022\/02\/Ifeu_Studie_Batterie_Oberleitungs_Lkw_2030-300x229.jpg 300w, https:\/\/static.krafthand-truck.de\/uploads\/2022\/02\/Ifeu_Studie_Batterie_Oberleitungs_Lkw_2030-768x586.jpg 768w, https:\/\/static.krafthand-truck.de\/uploads\/2022\/02\/Ifeu_Studie_Batterie_Oberleitungs_Lkw_2030.jpg 1200w\" sizes=\"(max-width: 665px) 100vw, 665px\" \/><\/a><figcaption id=\"caption-attachment-31121\" class=\"wp-caption-text\">Grafik: ifeu<\/figcaption><\/figure>\n<h3>O-BEV versus Brennstoffzelle (FCEV)<\/h3>\n<p>Die Oberleitungstechnik sei laut ifeu vor allem f\u00fcr den Einsatz auf Langstrecken interessant. Dort wird jedoch auch die Nutzung von Wasserstoff in Brennstoffzellen-Lkw vorangetrieben. Im direkten Vergleich mit Batterie- und Oberleitungs-Lkw sind Brennstoffzellen-Lkw dem ifeu zufolge wirtschaftlich allerdings nur bei extrem niedrigen Wasserstoffpreisen konkurrenzf\u00e4hig. Diese werden nur in optimistischen Szenarien f\u00fcr den H2-Import aus wind- und sonnenreichen Regionen au\u00dferhalb Europas prognostiziert. Die CO2-Emissionen liegen jedoch auch dann nur niedriger als bei Oberleitungs-Lkw, wenn der Wasserstoff f\u00fcr die Lkw fast ausschlie\u00dflich regenerativ erzeugt wird \u2013 angesichts hoher H2-Nachfrage aus anderen Sektoren eine Anforderung, die in der Praxis dem ifeu zufolge nur schwer zu erf\u00fcllen sein d\u00fcrfte.<\/p>\n<p>Die Ergebnisse der Studie zeigten: Mit deutschem Strommix hergestellter Wasserstoff k\u00f6nne bei Lkw gegen\u00fcber der Diesel-Technologie im Jahr 2030 weder in der Kosten- noch CO2-Bilanz mithalten. Der Einsatz von Brennstoffzellen-Lkw stelle also mittelfristig eine Wette auf die zuk\u00fcnftige Verf\u00fcgbarkeit g\u00fcnstigen und vollst\u00e4ndig erneuerbaren Import-Wasserstoffs dar.<\/p>\n<p>Anm. d. Red.: Das sehen nicht alle Marktbeteiligten so, w\u00fcrde doch alleine der Aufbau und die Instandhaltung einer Oberleitungs-Infrastruktur erhebliche Kosten verursachen. Hinzu k\u00e4me die Ausr\u00fcstung von Lkw mit entsprechenden Stromabnahme-Einrichtungen. Die Daimler-Truck AG beispielsweise hat das Thema gepr\u00fcft und wieder fallen gelassen und setzt auf Wasserstoff was die Langstrecke angeht. Andere OEM agieren \u00e4hnlich. Gleichsam macht das Thema O-BEV im Antriebsmix Sinn und sollte perspektivisch Teil der \u00f6kologischen Stra\u00dfentransport-Strategie sein.<\/p>\n<h3>Infrastruktur: Staatliches Handeln erforderlich<\/h3>\n<p>Was bedeutet das nun f\u00fcr die Zukunft? Speditionen werden sich im Jahr 2030 aus Kostensicht voraussichtlich fast immer f\u00fcr ein batterieelektrisches Fahrzeug entscheiden. Brennstoffzellen-Lkw d\u00fcrften laut ifeu aufgrund ihres deutlichen Kostennachteils nur dort zum Zuge kommen, wo der Einsatz von Batterie-Lkw an praktischen Gesichtspunkten scheitert \u2013 wie oft dies vorkommt, hat der Staat \u00fcber den Infrastrukturausbau teilweise selbst in der Hand.<\/p>\n<blockquote><p>\u201eTechnik und Kosten entwickeln sich eindeutig Richtung Elektro-Lkw. Aufgabe des Staates ist es jetzt, den Ausbau station\u00e4rer Ladeinfrastruktur auf den Hauptstrecken voranzutreiben und zu pr\u00fcfen, wo diese durch ein Oberleitungsnetz sinnvoll erg\u00e4nzt werden k\u00f6nnen. Dann kann der Schwerlastverkehr einen erheblichen Beitrag zu den Klimazielen im Verkehrssektor leisten\u201c, so Studienleiter Julius J\u00f6hrens.<\/p><\/blockquote>\n<p>Dennoch: <em>\u201eAuch Elektro-Lkw k\u00f6nnen die CO2-Emissionen eines Lkw im Jahr 2030 in einer Lebenswegbetrachtung h\u00f6chstens halbieren. Zus\u00e4tzlich wird die Umstellung der Lkw-Flotte Zeit brauchen. Um die gesteckten Klimaziele tats\u00e4chlich zu erreichen, m\u00fcssen wir also weiterhin unn\u00f6tige Lkw-Transporte vermeiden und langfristig deutlich mehr Transporte auf die Schiene verlagern.\u201c<\/em><\/p>\n<p>Die Studie \u201eVergleichende Analyse der Potentiale von Antriebstechnologien f\u00fcr Lkw im Zeithorizont 2030\u201c ist ein Teilbericht im Rahmen des Vorhabens \u201eElektrifizierungspotenzial des G\u00fcter- und Busverkehrs &#8211; My eRoads\u201c. Sie wurde von ifeu gemeinsam mit <a href=\"https:\/\/company.ptvgroup.com\/de\/ptv-transport-consult\" target=\"_blank\" rel=\"noopener\">PTV Transport Consult<\/a> erstellt. Gef\u00f6rdert wurde die Analyse durch das Bundesumweltministerium.<\/p>\n<p>Hier stehen Ihnen die vollst\u00e4ndigen Studienergebnisse des ifeu als <a href=\"https:\/\/static.krafthand-truck.de\/uploads\/2022\/02\/Studie_My_eRoads_-_Potentiale_Lkw-Antriebstechnologien_-_final_01.pdf\" target=\"_blank\" rel=\"noopener\">Download<\/a>\u00a0zur Verf\u00fcgung.<\/p>\n","protected":false},"excerpt":{"rendered":"<p>\u201eBatterieelektrische Lkw werden in 10 Jahren bereits bei moderaten CO2-Preisen f\u00fcr fast alle Anwendungen deutlich g\u00fcnstiger und klimafreundlicher sein als Neufahrzeuge mit Diesel-Antrieb\u201c, erkl\u00e4rt Julius J\u00f6hrens, Leiter einer vergleichenden Analyse, die das Institut f\u00fcr Energie- und Umweltforschung Heidelberg (ifeu) jetzt im Forschungsprojekt \u201eMy eRoads\u201c vorgelegt hat. <span class=\"excerpt-more__dots\">&#8230;<\/span> <a class=\"excerpt-more__link\" href=\"https:\/\/www.krafthand.de\/truck\/artikel\/studie-batterie-und-oberleitungs-lkw-2030-als-bester-mix-31105\/\" >weiter<\/a><\/p>\n","protected":false},"author":9,"featured_media":31110,"comment_status":"closed","ping_status":"closed","sticky":false,"template":"","format":"standard","meta":{"footnotes":""},"categories":[4237],"tags":[4511,4177,5043,5044,5045,4264],"settings":[4766,3523],"class_list":["post-31105","post","type-post","status-publish","format-standard","has-post-thumbnail","hentry","category-studien","tag-bev","tag-e-lkw","tag-ifeu","tag-o-bev","tag-oberleitung","tag-studie"],"yoast_head":"<!-- This site is optimized with the Yoast SEO plugin v27.3 - https:\/\/yoast.com\/product\/yoast-seo-wordpress\/ -->\n<title>Ifeu-Studie &#039;My eRoads&#039;: Oberleitungs-Lkw im Antriebsmix der Zukunft?<\/title>\n<meta name=\"description\" content=\"\u201eBatterieelektrische Lkw werden in 10 Jahren bereits bei moderaten CO2-Preisen f\u00fcr fast alle Anwendungen deutlich g\u00fcnstiger und klimafreundlicher sein als Neufahrzeuge mit Diesel-Antrieb\u201c, erkl\u00e4rt Julius J\u00f6hrens, Leiter einer vergleichenden Analyse, die das Institut f\u00fcr Energie- und Umweltforschung Heidelberg (ifeu) jetzt im Forschungsprojekt \u201eMy eRoads\u201c jetzt vorgelegt hat.\" \/>\n<meta name=\"robots\" content=\"index, follow, max-snippet:-1, max-image-preview:large, max-video-preview:-1\" \/>\n<link rel=\"canonical\" href=\"https:\/\/www.krafthand.de\/truck\/artikel\/studie-batterie-und-oberleitungs-lkw-2030-als-bester-mix-31105\/\" \/>\n<meta property=\"og:locale\" content=\"de_DE\" \/>\n<meta property=\"og:type\" content=\"article\" \/>\n<meta property=\"og:title\" content=\"Ifeu-Studie &#039;My eRoads&#039;: Oberleitungs-Lkw im Antriebsmix der Zukunft?\" \/>\n<meta property=\"og:description\" content=\"\u201eBatterieelektrische Lkw werden in 10 Jahren bereits bei moderaten CO2-Preisen f\u00fcr fast alle Anwendungen deutlich g\u00fcnstiger und klimafreundlicher sein als Neufahrzeuge mit Diesel-Antrieb\u201c, erkl\u00e4rt Julius J\u00f6hrens, Leiter einer vergleichenden Analyse, die das Institut f\u00fcr Energie- und Umweltforschung Heidelberg (ifeu) jetzt im Forschungsprojekt \u201eMy eRoads\u201c jetzt vorgelegt hat.\" \/>\n<meta property=\"og:url\" content=\"https:\/\/www.krafthand-truck.de\/artikel\/studie-batterie-und-oberleitungs-lkw-2030-als-bester-mix-31105\/\" \/>\n<meta property=\"og:site_name\" content=\"Krafthand-Truck\" \/>\n<meta property=\"article:published_time\" content=\"2022-02-09T09:46:19+00:00\" \/>\n<meta property=\"article:modified_time\" content=\"2022-02-09T10:14:28+00:00\" \/>\n<meta property=\"og:image\" content=\"https:\/\/static.krafthand-truck.de\/uploads\/2022\/02\/Logo_Ifeu.jpg\" \/>\n\t<meta property=\"og:image:width\" content=\"972\" \/>\n\t<meta property=\"og:image:height\" content=\"584\" \/>\n\t<meta property=\"og:image:type\" content=\"image\/jpeg\" \/>\n<meta name=\"author\" content=\"georg.blenk@krafthand-medien.de\" \/>\n<meta name=\"twitter:card\" content=\"summary_large_image\" \/>\n<meta name=\"twitter:label1\" content=\"Verfasst von\" \/>\n\t<meta name=\"twitter:data1\" content=\"georg.blenk@krafthand-medien.de\" \/>\n\t<meta name=\"twitter:label2\" content=\"Gesch\u00e4tzte Lesezeit\" \/>\n\t<meta name=\"twitter:data2\" content=\"4\u00a0Minuten\" \/>\n<script type=\"application\/ld+json\" class=\"yoast-schema-graph\">{\"@context\":\"https:\\\/\\\/schema.org\",\"@graph\":[{\"@type\":\"Article\",\"@id\":\"https:\\\/\\\/www.krafthand.de\\\/truck\\\/artikel\\\/studie-batterie-und-oberleitungs-lkw-2030-als-bester-mix-31105\\\/#article\",\"isPartOf\":{\"@id\":\"https:\\\/\\\/www.krafthand.de\\\/truck\\\/artikel\\\/studie-batterie-und-oberleitungs-lkw-2030-als-bester-mix-31105\\\/\"},\"author\":{\"name\":\"georg.blenk@krafthand-medien.de\",\"@id\":\"https:\\\/\\\/www.krafthand.de\\\/truck\\\/#\\\/schema\\\/person\\\/51fa80b1c57034c4bf63f9f988fc24ce\"},\"headline\":\"Studie: Batterie- und Oberleitungs-Lkw als bester Mix?!\",\"datePublished\":\"2022-02-09T09:46:19+00:00\",\"dateModified\":\"2022-02-09T10:14:28+00:00\",\"mainEntityOfPage\":{\"@id\":\"https:\\\/\\\/www.krafthand.de\\\/truck\\\/artikel\\\/studie-batterie-und-oberleitungs-lkw-2030-als-bester-mix-31105\\\/\"},\"wordCount\":662,\"image\":{\"@id\":\"https:\\\/\\\/www.krafthand.de\\\/truck\\\/artikel\\\/studie-batterie-und-oberleitungs-lkw-2030-als-bester-mix-31105\\\/#primaryimage\"},\"thumbnailUrl\":\"https:\\\/\\\/static.krafthand-truck.de\\\/uploads\\\/2022\\\/02\\\/Logo_Ifeu.jpg\",\"keywords\":[\"BEV\",\"E-Lkw\",\"ifeu\",\"O-BEV\",\"Oberleitung\",\"Studie\"],\"articleSection\":[\"Studien\\\/F+E\"],\"inLanguage\":\"de\"},{\"@type\":\"WebPage\",\"@id\":\"https:\\\/\\\/www.krafthand.de\\\/truck\\\/artikel\\\/studie-batterie-und-oberleitungs-lkw-2030-als-bester-mix-31105\\\/\",\"url\":\"https:\\\/\\\/www.krafthand.de\\\/truck\\\/artikel\\\/studie-batterie-und-oberleitungs-lkw-2030-als-bester-mix-31105\\\/\",\"name\":\"Ifeu-Studie 'My eRoads': Oberleitungs-Lkw im Antriebsmix der Zukunft?\",\"isPartOf\":{\"@id\":\"https:\\\/\\\/www.krafthand.de\\\/truck\\\/#website\"},\"primaryImageOfPage\":{\"@id\":\"https:\\\/\\\/www.krafthand.de\\\/truck\\\/artikel\\\/studie-batterie-und-oberleitungs-lkw-2030-als-bester-mix-31105\\\/#primaryimage\"},\"image\":{\"@id\":\"https:\\\/\\\/www.krafthand.de\\\/truck\\\/artikel\\\/studie-batterie-und-oberleitungs-lkw-2030-als-bester-mix-31105\\\/#primaryimage\"},\"thumbnailUrl\":\"https:\\\/\\\/static.krafthand-truck.de\\\/uploads\\\/2022\\\/02\\\/Logo_Ifeu.jpg\",\"datePublished\":\"2022-02-09T09:46:19+00:00\",\"dateModified\":\"2022-02-09T10:14:28+00:00\",\"author\":{\"@id\":\"https:\\\/\\\/www.krafthand.de\\\/truck\\\/#\\\/schema\\\/person\\\/51fa80b1c57034c4bf63f9f988fc24ce\"},\"description\":\"\u201eBatterieelektrische Lkw werden in 10 Jahren bereits bei moderaten CO2-Preisen f\u00fcr fast alle Anwendungen deutlich g\u00fcnstiger und klimafreundlicher sein als Neufahrzeuge mit Diesel-Antrieb\u201c, erkl\u00e4rt Julius J\u00f6hrens, Leiter einer vergleichenden Analyse, die das Institut f\u00fcr Energie- und Umweltforschung Heidelberg (ifeu) jetzt im Forschungsprojekt \u201eMy eRoads\u201c jetzt vorgelegt hat.\",\"breadcrumb\":{\"@id\":\"https:\\\/\\\/www.krafthand.de\\\/truck\\\/artikel\\\/studie-batterie-und-oberleitungs-lkw-2030-als-bester-mix-31105\\\/#breadcrumb\"},\"inLanguage\":\"de\",\"potentialAction\":[{\"@type\":\"ReadAction\",\"target\":[\"https:\\\/\\\/www.krafthand.de\\\/truck\\\/artikel\\\/studie-batterie-und-oberleitungs-lkw-2030-als-bester-mix-31105\\\/\"]}]},{\"@type\":\"ImageObject\",\"inLanguage\":\"de\",\"@id\":\"https:\\\/\\\/www.krafthand.de\\\/truck\\\/artikel\\\/studie-batterie-und-oberleitungs-lkw-2030-als-bester-mix-31105\\\/#primaryimage\",\"url\":\"https:\\\/\\\/static.krafthand-truck.de\\\/uploads\\\/2022\\\/02\\\/Logo_Ifeu.jpg\",\"contentUrl\":\"https:\\\/\\\/static.krafthand-truck.de\\\/uploads\\\/2022\\\/02\\\/Logo_Ifeu.jpg\",\"width\":972,\"height\":584},{\"@type\":\"BreadcrumbList\",\"@id\":\"https:\\\/\\\/www.krafthand.de\\\/truck\\\/artikel\\\/studie-batterie-und-oberleitungs-lkw-2030-als-bester-mix-31105\\\/#breadcrumb\",\"itemListElement\":[{\"@type\":\"ListItem\",\"position\":1,\"name\":\"Krafthand-Truck\",\"item\":\"https:\\\/\\\/www.krafthand.de\\\/truck\\\/\"},{\"@type\":\"ListItem\",\"position\":2,\"name\":\"Nfz-Branche\",\"item\":\"https:\\\/\\\/www.krafthand.de\\\/truck\\\/kategorie\\\/branche\\\/\"},{\"@type\":\"ListItem\",\"position\":3,\"name\":\"Studien\\\/F+E\",\"item\":\"https:\\\/\\\/www.krafthand.de\\\/truck\\\/kategorie\\\/branche\\\/studien\\\/\"},{\"@type\":\"ListItem\",\"position\":4,\"name\":\"Studie: Batterie- und Oberleitungs-Lkw als bester Mix?!\"}]},{\"@type\":\"WebSite\",\"@id\":\"https:\\\/\\\/www.krafthand.de\\\/truck\\\/#website\",\"url\":\"https:\\\/\\\/www.krafthand.de\\\/truck\\\/\",\"name\":\"Krafthand-Truck\",\"description\":\"\",\"potentialAction\":[{\"@type\":\"SearchAction\",\"target\":{\"@type\":\"EntryPoint\",\"urlTemplate\":\"https:\\\/\\\/www.krafthand.de\\\/truck\\\/?s={search_term_string}\"},\"query-input\":{\"@type\":\"PropertyValueSpecification\",\"valueRequired\":true,\"valueName\":\"search_term_string\"}}],\"inLanguage\":\"de\"},{\"@type\":\"Person\",\"@id\":\"https:\\\/\\\/www.krafthand.de\\\/truck\\\/#\\\/schema\\\/person\\\/51fa80b1c57034c4bf63f9f988fc24ce\",\"name\":\"georg.blenk@krafthand-medien.de\",\"image\":{\"@type\":\"ImageObject\",\"inLanguage\":\"de\",\"@id\":\"https:\\\/\\\/secure.gravatar.com\\\/avatar\\\/93713c30affe0aa95d3a4130e499bb1abee2eb31adbdd9ce2aa1543538490215?s=96&d=mm&r=g\",\"url\":\"https:\\\/\\\/secure.gravatar.com\\\/avatar\\\/93713c30affe0aa95d3a4130e499bb1abee2eb31adbdd9ce2aa1543538490215?s=96&d=mm&r=g\",\"contentUrl\":\"https:\\\/\\\/secure.gravatar.com\\\/avatar\\\/93713c30affe0aa95d3a4130e499bb1abee2eb31adbdd9ce2aa1543538490215?s=96&d=mm&r=g\",\"caption\":\"georg.blenk@krafthand-medien.de\"}}]}<\/script>\n<!-- \/ Yoast SEO plugin. -->","yoast_head_json":{"title":"Ifeu-Studie 'My eRoads': Oberleitungs-Lkw im Antriebsmix der Zukunft?","description":"\u201eBatterieelektrische Lkw werden in 10 Jahren bereits bei moderaten CO2-Preisen f\u00fcr fast alle Anwendungen deutlich g\u00fcnstiger und klimafreundlicher sein als Neufahrzeuge mit Diesel-Antrieb\u201c, erkl\u00e4rt Julius J\u00f6hrens, Leiter einer vergleichenden Analyse, die das Institut f\u00fcr Energie- und Umweltforschung Heidelberg (ifeu) jetzt im Forschungsprojekt \u201eMy eRoads\u201c jetzt vorgelegt hat.","robots":{"index":"index","follow":"follow","max-snippet":"max-snippet:-1","max-image-preview":"max-image-preview:large","max-video-preview":"max-video-preview:-1"},"canonical":"https:\/\/www.krafthand.de\/truck\/artikel\/studie-batterie-und-oberleitungs-lkw-2030-als-bester-mix-31105\/","og_locale":"de_DE","og_type":"article","og_title":"Ifeu-Studie 'My eRoads': Oberleitungs-Lkw im Antriebsmix der Zukunft?","og_description":"\u201eBatterieelektrische Lkw werden in 10 Jahren bereits bei moderaten CO2-Preisen f\u00fcr fast alle Anwendungen deutlich g\u00fcnstiger und klimafreundlicher sein als Neufahrzeuge mit Diesel-Antrieb\u201c, erkl\u00e4rt Julius J\u00f6hrens, Leiter einer vergleichenden Analyse, die das Institut f\u00fcr Energie- und Umweltforschung Heidelberg (ifeu) jetzt im Forschungsprojekt \u201eMy eRoads\u201c jetzt vorgelegt hat.","og_url":"https:\/\/www.krafthand-truck.de\/artikel\/studie-batterie-und-oberleitungs-lkw-2030-als-bester-mix-31105\/","og_site_name":"Krafthand-Truck","article_published_time":"2022-02-09T09:46:19+00:00","article_modified_time":"2022-02-09T10:14:28+00:00","og_image":[{"width":972,"height":584,"url":"https:\/\/static.krafthand-truck.de\/uploads\/2022\/02\/Logo_Ifeu.jpg","type":"image\/jpeg"}],"author":"georg.blenk@krafthand-medien.de","twitter_card":"summary_large_image","twitter_misc":{"Verfasst von":"georg.blenk@krafthand-medien.de","Gesch\u00e4tzte Lesezeit":"4\u00a0Minuten"},"schema":{"@context":"https:\/\/schema.org","@graph":[{"@type":"Article","@id":"https:\/\/www.krafthand.de\/truck\/artikel\/studie-batterie-und-oberleitungs-lkw-2030-als-bester-mix-31105\/#article","isPartOf":{"@id":"https:\/\/www.krafthand.de\/truck\/artikel\/studie-batterie-und-oberleitungs-lkw-2030-als-bester-mix-31105\/"},"author":{"name":"georg.blenk@krafthand-medien.de","@id":"https:\/\/www.krafthand.de\/truck\/#\/schema\/person\/51fa80b1c57034c4bf63f9f988fc24ce"},"headline":"Studie: Batterie- und Oberleitungs-Lkw als bester Mix?!","datePublished":"2022-02-09T09:46:19+00:00","dateModified":"2022-02-09T10:14:28+00:00","mainEntityOfPage":{"@id":"https:\/\/www.krafthand.de\/truck\/artikel\/studie-batterie-und-oberleitungs-lkw-2030-als-bester-mix-31105\/"},"wordCount":662,"image":{"@id":"https:\/\/www.krafthand.de\/truck\/artikel\/studie-batterie-und-oberleitungs-lkw-2030-als-bester-mix-31105\/#primaryimage"},"thumbnailUrl":"https:\/\/static.krafthand-truck.de\/uploads\/2022\/02\/Logo_Ifeu.jpg","keywords":["BEV","E-Lkw","ifeu","O-BEV","Oberleitung","Studie"],"articleSection":["Studien\/F+E"],"inLanguage":"de"},{"@type":"WebPage","@id":"https:\/\/www.krafthand.de\/truck\/artikel\/studie-batterie-und-oberleitungs-lkw-2030-als-bester-mix-31105\/","url":"https:\/\/www.krafthand.de\/truck\/artikel\/studie-batterie-und-oberleitungs-lkw-2030-als-bester-mix-31105\/","name":"Ifeu-Studie 'My eRoads': Oberleitungs-Lkw im Antriebsmix der Zukunft?","isPartOf":{"@id":"https:\/\/www.krafthand.de\/truck\/#website"},"primaryImageOfPage":{"@id":"https:\/\/www.krafthand.de\/truck\/artikel\/studie-batterie-und-oberleitungs-lkw-2030-als-bester-mix-31105\/#primaryimage"},"image":{"@id":"https:\/\/www.krafthand.de\/truck\/artikel\/studie-batterie-und-oberleitungs-lkw-2030-als-bester-mix-31105\/#primaryimage"},"thumbnailUrl":"https:\/\/static.krafthand-truck.de\/uploads\/2022\/02\/Logo_Ifeu.jpg","datePublished":"2022-02-09T09:46:19+00:00","dateModified":"2022-02-09T10:14:28+00:00","author":{"@id":"https:\/\/www.krafthand.de\/truck\/#\/schema\/person\/51fa80b1c57034c4bf63f9f988fc24ce"},"description":"\u201eBatterieelektrische Lkw werden in 10 Jahren bereits bei moderaten CO2-Preisen f\u00fcr fast alle Anwendungen deutlich g\u00fcnstiger und klimafreundlicher sein als Neufahrzeuge mit Diesel-Antrieb\u201c, erkl\u00e4rt Julius J\u00f6hrens, Leiter einer vergleichenden Analyse, die das Institut f\u00fcr Energie- und Umweltforschung Heidelberg (ifeu) jetzt im Forschungsprojekt \u201eMy eRoads\u201c jetzt vorgelegt hat.","breadcrumb":{"@id":"https:\/\/www.krafthand.de\/truck\/artikel\/studie-batterie-und-oberleitungs-lkw-2030-als-bester-mix-31105\/#breadcrumb"},"inLanguage":"de","potentialAction":[{"@type":"ReadAction","target":["https:\/\/www.krafthand.de\/truck\/artikel\/studie-batterie-und-oberleitungs-lkw-2030-als-bester-mix-31105\/"]}]},{"@type":"ImageObject","inLanguage":"de","@id":"https:\/\/www.krafthand.de\/truck\/artikel\/studie-batterie-und-oberleitungs-lkw-2030-als-bester-mix-31105\/#primaryimage","url":"https:\/\/static.krafthand-truck.de\/uploads\/2022\/02\/Logo_Ifeu.jpg","contentUrl":"https:\/\/static.krafthand-truck.de\/uploads\/2022\/02\/Logo_Ifeu.jpg","width":972,"height":584},{"@type":"BreadcrumbList","@id":"https:\/\/www.krafthand.de\/truck\/artikel\/studie-batterie-und-oberleitungs-lkw-2030-als-bester-mix-31105\/#breadcrumb","itemListElement":[{"@type":"ListItem","position":1,"name":"Krafthand-Truck","item":"https:\/\/www.krafthand.de\/truck\/"},{"@type":"ListItem","position":2,"name":"Nfz-Branche","item":"https:\/\/www.krafthand.de\/truck\/kategorie\/branche\/"},{"@type":"ListItem","position":3,"name":"Studien\/F+E","item":"https:\/\/www.krafthand.de\/truck\/kategorie\/branche\/studien\/"},{"@type":"ListItem","position":4,"name":"Studie: Batterie- und Oberleitungs-Lkw als bester Mix?!"}]},{"@type":"WebSite","@id":"https:\/\/www.krafthand.de\/truck\/#website","url":"https:\/\/www.krafthand.de\/truck\/","name":"Krafthand-Truck","description":"","potentialAction":[{"@type":"SearchAction","target":{"@type":"EntryPoint","urlTemplate":"https:\/\/www.krafthand.de\/truck\/?s={search_term_string}"},"query-input":{"@type":"PropertyValueSpecification","valueRequired":true,"valueName":"search_term_string"}}],"inLanguage":"de"},{"@type":"Person","@id":"https:\/\/www.krafthand.de\/truck\/#\/schema\/person\/51fa80b1c57034c4bf63f9f988fc24ce","name":"georg.blenk@krafthand-medien.de","image":{"@type":"ImageObject","inLanguage":"de","@id":"https:\/\/secure.gravatar.com\/avatar\/93713c30affe0aa95d3a4130e499bb1abee2eb31adbdd9ce2aa1543538490215?s=96&d=mm&r=g","url":"https:\/\/secure.gravatar.com\/avatar\/93713c30affe0aa95d3a4130e499bb1abee2eb31adbdd9ce2aa1543538490215?s=96&d=mm&r=g","contentUrl":"https:\/\/secure.gravatar.com\/avatar\/93713c30affe0aa95d3a4130e499bb1abee2eb31adbdd9ce2aa1543538490215?s=96&d=mm&r=g","caption":"georg.blenk@krafthand-medien.de"}}]}},"_links":{"self":[{"href":"https:\/\/www.krafthand.de\/truck\/wp-json\/wp\/v2\/posts\/31105","targetHints":{"allow":["GET"]}}],"collection":[{"href":"https:\/\/www.krafthand.de\/truck\/wp-json\/wp\/v2\/posts"}],"about":[{"href":"https:\/\/www.krafthand.de\/truck\/wp-json\/wp\/v2\/types\/post"}],"author":[{"embeddable":true,"href":"https:\/\/www.krafthand.de\/truck\/wp-json\/wp\/v2\/users\/9"}],"replies":[{"embeddable":true,"href":"https:\/\/www.krafthand.de\/truck\/wp-json\/wp\/v2\/comments?post=31105"}],"version-history":[{"count":23,"href":"https:\/\/www.krafthand.de\/truck\/wp-json\/wp\/v2\/posts\/31105\/revisions"}],"predecessor-version":[{"id":31133,"href":"https:\/\/www.krafthand.de\/truck\/wp-json\/wp\/v2\/posts\/31105\/revisions\/31133"}],"wp:featuredmedia":[{"embeddable":true,"href":"https:\/\/www.krafthand.de\/truck\/wp-json\/wp\/v2\/media\/31110"}],"wp:attachment":[{"href":"https:\/\/www.krafthand.de\/truck\/wp-json\/wp\/v2\/media?parent=31105"}],"wp:term":[{"taxonomy":"category","embeddable":true,"href":"https:\/\/www.krafthand.de\/truck\/wp-json\/wp\/v2\/categories?post=31105"},{"taxonomy":"post_tag","embeddable":true,"href":"https:\/\/www.krafthand.de\/truck\/wp-json\/wp\/v2\/tags?post=31105"},{"taxonomy":"settings","embeddable":true,"href":"https:\/\/www.krafthand.de\/truck\/wp-json\/wp\/v2\/settings?post=31105"}],"curies":[{"name":"wp","href":"https:\/\/api.w.org\/{rel}","templated":true}]}}