{"id":31087,"date":"2022-02-09T09:26:15","date_gmt":"2022-02-09T08:26:15","guid":{"rendered":"https:\/\/www.krafthand.de\/truck\/?p=31087"},"modified":"2022-03-30T12:29:23","modified_gmt":"2022-03-30T10:29:23","slug":"iveco-integriert-tis-web-von-continental-in-eigene-services","status":"publish","type":"post","link":"https:\/\/www.krafthand.de\/truck\/artikel\/iveco-integriert-tis-web-von-continental-in-eigene-services-31087\/","title":{"rendered":"IVECO integriert TIS-Web von Continental in eigene Services"},"content":{"rendered":"<p>Continental und IVECO m\u00f6chten sich gemeinsam f\u00fcr mehr Sicherheit auf Europas Stra\u00dfen einsetzen und die Umsetzung des Mobilit\u00e4tspakets 1 auch technisch gew\u00e4hrleisten. Die Basis der Zusammenarbeit ist die Integration der Funktionalit\u00e4ten und Fahrerdaten aus der Flottenmanagement-Software TIS-Web von Continental\/VDO in die <a href=\"https:\/\/www.iveco.com\/germany\/service-und-zubehoer\/pages\/iveco-on-fleet.aspx\" target=\"_blank\" rel=\"noopener\">Flottenmanagement-Services<\/a> von IVECO. Zun\u00e4chst bietet IVECO allen italienischen, deutschen und spanischen Kunden aktiv die TIS-Web-Integration an, sp\u00e4ter soll der Service europaweit eingef\u00fchrt werden.<\/p>\n<h3>VDO TIS-Web<\/h3>\n<p>Die Software-L\u00f6sung <a href=\"https:\/\/www.fleet.vdo.de\/tis-web-services\/\" target=\"_blank\" rel=\"noopener\">TIS-Web<\/a> erm\u00f6glicht das Speichern, Abrufen und Analysieren von Daten aus intelligenten Tachographen. Flottenmanager, die ihre Fahrer und Fahrzeuge \u00fcberwachen, k\u00f6nnen die entsprechenden Tachographen-Daten damit gem\u00e4\u00df den gesetzlichen Vorgaben in Europa archivieren. Sie k\u00f6nnen ebenfalls auf Statistiken \u00fcber alle Fahrer und Lkw-Aktivit\u00e4ten zugreifen, und anhand verschiedener Berichte den Fahrstil optimieren und die t\u00e4glichen Aufgaben der Fahrer effizient organisieren.<\/p>\n<blockquote><p>\u201eDie TIS-Web-Anwendung ist eine perfekte Erg\u00e4nzung zu unseren Flottenmanagement-Services und bietet Flottenmanagern einen Mehrwert, insbesondere im Bereich Compliance\u201c, so Fabrizio Conicella, Global Head of Digital &amp; Advanced Technologies bei IVECO.<\/p><\/blockquote>\n<p>Flottenmanager, die TIS-Web nutzen, k\u00f6nnen laut Continental mit nur einem Klick die Einhaltung der Vorschriften f\u00fcr Lenk- und Ruhezeiten sowie der zul\u00e4ssigen Geschwindigkeiten \u00fcberpr\u00fcfen und Informationen \u00fcber etwaige Verst\u00f6\u00dfe erhalten. Dar\u00fcber hinaus kann die L\u00f6sung auch lokale und nationale Vorschriften ber\u00fccksichtigen, so dass den Flottenmanagern nur die Informationen angezeigt werden, die f\u00fcr ihr Unternehmen oder die L\u00e4nder, in denen sie t\u00e4tig sind, relevant sind. Als cloudbasierter Dienst bietet TIS-Web den Flottenmanagern zudem einen ortsunabh\u00e4ngigen Zugriff, beispielsweise \u00fcber die TIS-Web Smartphone-App. Kunden von IVECO, die noch nicht selbst die TIS-Web-Dienste abonniert haben, k\u00f6nnen jetzt auch ohne zus\u00e4tzliche Hardware \u00fcber die Flottenmanagement-Services von IVECO darauf zugreifen.<\/p>\n<p>&nbsp;<\/p>\n<div class=\"infobox box-grey\"><br \/>\n<strong>Hintergrund: Das Mobilit\u00e4tspaket 1<\/strong><br \/>\nDas sogenannte Mobilit\u00e4tspaket 1 enth\u00e4lt neue EU-weite Richtlinien, die die Lenk- und Ruhezeiten sowie die Verwendung von Fahrtenschreibern betreffen. Bereits seit dem 20.8.2020 darf die regul\u00e4re Wochenruhezeit nicht mehr im Fahrzeug verbracht werden. Die Speditionen m\u00fcssen zus\u00e4tzlich daf\u00fcr Sorge tragen, dass sie ihre Fahrerinnen und Fahrer so einplanen, dass es ihnen innerhalb eines Vier-Wochen-Zeitraumes mindestens einmal erm\u00f6glicht wird, an ihren Wohnsitz zur\u00fcckzukehren.<\/p>\n<p><figure id=\"attachment_31094\" aria-describedby=\"caption-attachment-31094\" style=\"width: 340px\" class=\"wp-caption alignright\"><a href=\"https:\/\/static.krafthand-truck.de\/uploads\/2022\/02\/Mobilitaetspaket_01_Krafthand_Truck_Illustration.jpg\" target=\"_blank\" rel=\"noopener\"><img fetchpriority=\"high\" decoding=\"async\" class=\"wp-image-31094\" src=\"https:\/\/static.krafthand-truck.de\/uploads\/2022\/02\/Mobilitaetspaket_01_Krafthand_Truck_Illustration-300x192.jpg\" alt=\"\" width=\"340\" height=\"217\" srcset=\"https:\/\/static.krafthand-truck.de\/uploads\/2022\/02\/Mobilitaetspaket_01_Krafthand_Truck_Illustration-300x192.jpg 300w, https:\/\/static.krafthand-truck.de\/uploads\/2022\/02\/Mobilitaetspaket_01_Krafthand_Truck_Illustration-1024x654.jpg 1024w, https:\/\/static.krafthand-truck.de\/uploads\/2022\/02\/Mobilitaetspaket_01_Krafthand_Truck_Illustration-768x490.jpg 768w, https:\/\/static.krafthand-truck.de\/uploads\/2022\/02\/Mobilitaetspaket_01_Krafthand_Truck_Illustration.jpg 1200w\" sizes=\"(max-width: 340px) 100vw, 340px\" \/><\/a><figcaption id=\"caption-attachment-31094\" class=\"wp-caption-text\">Das Mobilit\u00e4tspaket 1 soll f\u00fcr bessere Arbeitsbedingungen sorgen. Doch f\u00fcr viele greifen die Regelungen zu kurz. Bild: Georg Blenk<\/figcaption><\/figure><\/p>\n<p>Ebenfalls Bestandteil des Mobilit\u00e4tspakets 1, ist die Verpflichtung der Europ\u00e4ischen Kommission, sicherzustellen, dass Berufskraftfahrerinnen und -fahrer im Stra\u00dfeng\u00fcterverkehr leichten Zugang zu Informationen \u00fcber sichere und gesicherte Parkfl\u00e4chen haben. Zus\u00e4tzlich werden auch die Weichen f\u00fcr die k\u00fcnftige Nutzung des intelligenten Fahrtenschreibers (IFS) gestellt. Durch Einf\u00fchrung der zweiten Version des IFS, der in Zukunft auch Grenz\u00fcberfahrten sowie Be- und Entladungsorte speichert, soll unter anderem durch eine genauere Positionsbestimmung die Sicherheit im Stra\u00dfenverkehr erh\u00f6ht und die Kontrollierbarkeit der Einhaltung verbindlicher Sozialstandards (Lenk- und Ruhezeiten, Arbeitszeitregelungen, Entsenderecht) verbessert werden.<br \/>\nTats\u00e4chlich greifen die neuen Regelungen einiger Interessensverb\u00e4nde zufolge zu kurz. Vor allem f\u00fcr Lkw-Fahrerinnen und Fahrer aus Osteurop\u00e4ischen L\u00e4ndern, die fernab Ihrer Heimatl\u00e4nder, teils zu Billigkonditionen unterwegs sind, br\u00e4chte das Mobilit\u00e4tspaket 1 keinerlei Verbesserungen. Es geht um Sozialdumping und dem Verfall der Frachtpreise. Hier ist sicherlich das letzte Wort noch nicht gesprochen. Mehr Informationen zum Mobilit\u00e4tspaket 1 sind auf den Internetseiten (<a href=\"https:\/\/www.bmvi.de\/SharedDocs\/DE\/Artikel\/StV\/mobilitaetspaket-teil-i-verbesserung-sozialvorschriften-berufskraftfahrerinnen.html\" target=\"_blank\" rel=\"noopener\">www.bmvi.de<\/a>) des Bundesministeriums f\u00fcr Digitales und Verkehr (BMDV) zu finden.<\/p>\n<p style=\"text-align: right;\">Georg Blenk<br \/>\n<\/div>\n<p>&nbsp;<\/p>\n<p><i>Den Beitrag finden Sie auch in der Print-Ausgabe 1\/2022 der <a href=\"https:\/\/www.krafthand.de\/truck\/magazin\/\" title=\"Zum Magazin\">Krafthand-Truck<\/a>.<\/i><\/p>\r\n\t\t\t\t<div class=\"post-author\">\r\n\t\t\t\t\t<div class=\"khm-cp-author clearfix\">\r\n\t\t\t\t\t\t<div class=\"khm-cp-author__content\">\r\n\t\t\t\t\t\t\t\tKontakt zum Autor:<br \/>\r\n\t\t\t\t\t\t\t\t<strong>Georg Blenk<\/strong>, 08247 \/ 3007-45 |  <a href=\"mailto:georg.blenk@krafthand-medien.de\">georg.blenk@krafthand-medien.de<\/a>\r\n\t\t\t\t\t\t\t<div class=\"khm-cp-author__image\">\r\n\t\t\t\t\t\t<img src=\"https:\/\/static.krafthand-truck.de\/uploads\/2021\/01\/Blenk_6104-250x300-1-removebg-preview.png\" class=\"img-responsive\">\r\n\t\t\t\t\t<\/div>\r\n\t\t\t\t\t\t<\/div>\r\n\t\t\t\t\t<\/div>\r\n\t\t\t\t<\/div>\r\n\t\t\t\t","protected":false},"excerpt":{"rendered":"<p>Continental und IVECO m\u00f6chten sich gemeinsam f\u00fcr mehr Sicherheit auf Europas Stra\u00dfen einsetzen und die Umsetzung des Mobilit\u00e4tspakets 1 auch technisch gew\u00e4hrleisten. Die Basis der Zusammenarbeit ist die Integration der Funktionalit\u00e4ten und Fahrerdaten aus der Flottenmanagement-Software TIS-Web von Continental\/VDO in die Flottenmanagement-Services von IVECO. <span class=\"excerpt-more__dots\">&#8230;<\/span> <a class=\"excerpt-more__link\" href=\"https:\/\/www.krafthand.de\/truck\/artikel\/iveco-integriert-tis-web-von-continental-in-eigene-services-31087\/\" >weiter<\/a><\/p>\n","protected":false},"author":9,"featured_media":31090,"comment_status":"closed","ping_status":"closed","sticky":false,"template":"","format":"standard","meta":{"footnotes":""},"categories":[4233],"tags":[29,5040,2437,5041,5042,3855],"settings":[3524,4766,3523],"class_list":["post-31087","post","type-post","status-publish","format-standard","has-post-thumbnail","hentry","category-navigation","tag-iveco","tag-mobilitaetspaket-1","tag-tachograph","tag-tachographendaten","tag-tis-web","tag-vdo"],"yoast_head":"<!-- This site is optimized with the Yoast SEO plugin v27.3 - https:\/\/yoast.com\/product\/yoast-seo-wordpress\/ -->\n<title>Flottenmanagement: IVECO integriert TIS-Web in eigene Services<\/title>\n<meta name=\"description\" content=\"Continental (VDO) und IVECO m\u00f6chten das Mobilit\u00e4tspaket 1 technisch gew\u00e4hrleisten. Die Basis der Zusammenarbeit ist die Integration von TIS-Web in die Services von IVECO.\" \/>\n<meta name=\"robots\" content=\"index, follow, max-snippet:-1, max-image-preview:large, max-video-preview:-1\" \/>\n<link rel=\"canonical\" href=\"https:\/\/www.krafthand.de\/truck\/artikel\/iveco-integriert-tis-web-von-continental-in-eigene-services-31087\/\" \/>\n<meta property=\"og:locale\" content=\"de_DE\" \/>\n<meta property=\"og:type\" content=\"article\" \/>\n<meta property=\"og:title\" content=\"Flottenmanagement: IVECO integriert TIS-Web in eigene Services\" \/>\n<meta property=\"og:description\" content=\"Continental (VDO) und IVECO m\u00f6chten das Mobilit\u00e4tspaket 1 technisch gew\u00e4hrleisten. Die Basis der Zusammenarbeit ist die Integration von TIS-Web in die Services von IVECO.\" \/>\n<meta property=\"og:url\" content=\"https:\/\/www.krafthand-truck.de\/artikel\/iveco-integriert-tis-web-von-continental-in-eigene-services-31087\/\" \/>\n<meta property=\"og:site_name\" content=\"Krafthand-Truck\" \/>\n<meta property=\"article:published_time\" content=\"2022-02-09T08:26:15+00:00\" \/>\n<meta property=\"article:modified_time\" content=\"2022-03-30T10:29:23+00:00\" \/>\n<meta property=\"og:image\" content=\"https:\/\/static.krafthand-truck.de\/uploads\/2022\/02\/Continental_VDO_IVECO_Tachographendaten_Mobilitaetspaket1_02.jpg\" \/>\n\t<meta property=\"og:image:width\" content=\"1200\" \/>\n\t<meta property=\"og:image:height\" content=\"821\" \/>\n\t<meta property=\"og:image:type\" content=\"image\/jpeg\" \/>\n<meta name=\"author\" content=\"georg.blenk@krafthand-medien.de\" \/>\n<meta name=\"twitter:card\" content=\"summary_large_image\" \/>\n<meta name=\"twitter:label1\" content=\"Verfasst von\" \/>\n\t<meta name=\"twitter:data1\" content=\"georg.blenk@krafthand-medien.de\" \/>\n\t<meta name=\"twitter:label2\" content=\"Gesch\u00e4tzte Lesezeit\" \/>\n\t<meta name=\"twitter:data2\" content=\"3\u00a0Minuten\" \/>\n<script type=\"application\/ld+json\" class=\"yoast-schema-graph\">{\"@context\":\"https:\\\/\\\/schema.org\",\"@graph\":[{\"@type\":\"Article\",\"@id\":\"https:\\\/\\\/www.krafthand.de\\\/truck\\\/artikel\\\/iveco-integriert-tis-web-von-continental-in-eigene-services-31087\\\/#article\",\"isPartOf\":{\"@id\":\"https:\\\/\\\/www.krafthand.de\\\/truck\\\/artikel\\\/iveco-integriert-tis-web-von-continental-in-eigene-services-31087\\\/\"},\"author\":{\"name\":\"georg.blenk@krafthand-medien.de\",\"@id\":\"https:\\\/\\\/www.krafthand.de\\\/truck\\\/#\\\/schema\\\/person\\\/51fa80b1c57034c4bf63f9f988fc24ce\"},\"headline\":\"IVECO integriert TIS-Web von Continental in eigene Services\",\"datePublished\":\"2022-02-09T08:26:15+00:00\",\"dateModified\":\"2022-03-30T10:29:23+00:00\",\"mainEntityOfPage\":{\"@id\":\"https:\\\/\\\/www.krafthand.de\\\/truck\\\/artikel\\\/iveco-integriert-tis-web-von-continental-in-eigene-services-31087\\\/\"},\"wordCount\":580,\"image\":{\"@id\":\"https:\\\/\\\/www.krafthand.de\\\/truck\\\/artikel\\\/iveco-integriert-tis-web-von-continental-in-eigene-services-31087\\\/#primaryimage\"},\"thumbnailUrl\":\"https:\\\/\\\/static.krafthand-truck.de\\\/uploads\\\/2022\\\/02\\\/Continental_VDO_IVECO_Tachographendaten_Mobilitaetspaket1_02.jpg\",\"keywords\":[\"Iveco\",\"Mobilit\u00e4tspaket 1\",\"Tachograph\",\"Tachographendaten\",\"TIS-Web\",\"VDO\"],\"articleSection\":[\"Telematik \\\/ Navigation\"],\"inLanguage\":\"de\"},{\"@type\":\"WebPage\",\"@id\":\"https:\\\/\\\/www.krafthand.de\\\/truck\\\/artikel\\\/iveco-integriert-tis-web-von-continental-in-eigene-services-31087\\\/\",\"url\":\"https:\\\/\\\/www.krafthand.de\\\/truck\\\/artikel\\\/iveco-integriert-tis-web-von-continental-in-eigene-services-31087\\\/\",\"name\":\"Flottenmanagement: IVECO integriert TIS-Web in eigene Services\",\"isPartOf\":{\"@id\":\"https:\\\/\\\/www.krafthand.de\\\/truck\\\/#website\"},\"primaryImageOfPage\":{\"@id\":\"https:\\\/\\\/www.krafthand.de\\\/truck\\\/artikel\\\/iveco-integriert-tis-web-von-continental-in-eigene-services-31087\\\/#primaryimage\"},\"image\":{\"@id\":\"https:\\\/\\\/www.krafthand.de\\\/truck\\\/artikel\\\/iveco-integriert-tis-web-von-continental-in-eigene-services-31087\\\/#primaryimage\"},\"thumbnailUrl\":\"https:\\\/\\\/static.krafthand-truck.de\\\/uploads\\\/2022\\\/02\\\/Continental_VDO_IVECO_Tachographendaten_Mobilitaetspaket1_02.jpg\",\"datePublished\":\"2022-02-09T08:26:15+00:00\",\"dateModified\":\"2022-03-30T10:29:23+00:00\",\"author\":{\"@id\":\"https:\\\/\\\/www.krafthand.de\\\/truck\\\/#\\\/schema\\\/person\\\/51fa80b1c57034c4bf63f9f988fc24ce\"},\"description\":\"Continental (VDO) und IVECO m\u00f6chten das Mobilit\u00e4tspaket 1 technisch gew\u00e4hrleisten. Die Basis der Zusammenarbeit ist die Integration von TIS-Web in die Services von IVECO.\",\"breadcrumb\":{\"@id\":\"https:\\\/\\\/www.krafthand.de\\\/truck\\\/artikel\\\/iveco-integriert-tis-web-von-continental-in-eigene-services-31087\\\/#breadcrumb\"},\"inLanguage\":\"de\",\"potentialAction\":[{\"@type\":\"ReadAction\",\"target\":[\"https:\\\/\\\/www.krafthand.de\\\/truck\\\/artikel\\\/iveco-integriert-tis-web-von-continental-in-eigene-services-31087\\\/\"]}]},{\"@type\":\"ImageObject\",\"inLanguage\":\"de\",\"@id\":\"https:\\\/\\\/www.krafthand.de\\\/truck\\\/artikel\\\/iveco-integriert-tis-web-von-continental-in-eigene-services-31087\\\/#primaryimage\",\"url\":\"https:\\\/\\\/static.krafthand-truck.de\\\/uploads\\\/2022\\\/02\\\/Continental_VDO_IVECO_Tachographendaten_Mobilitaetspaket1_02.jpg\",\"contentUrl\":\"https:\\\/\\\/static.krafthand-truck.de\\\/uploads\\\/2022\\\/02\\\/Continental_VDO_IVECO_Tachographendaten_Mobilitaetspaket1_02.jpg\",\"width\":1200,\"height\":821},{\"@type\":\"BreadcrumbList\",\"@id\":\"https:\\\/\\\/www.krafthand.de\\\/truck\\\/artikel\\\/iveco-integriert-tis-web-von-continental-in-eigene-services-31087\\\/#breadcrumb\",\"itemListElement\":[{\"@type\":\"ListItem\",\"position\":1,\"name\":\"Krafthand-Truck\",\"item\":\"https:\\\/\\\/www.krafthand.de\\\/truck\\\/\"},{\"@type\":\"ListItem\",\"position\":2,\"name\":\"IT+Fuhrpark\",\"item\":\"https:\\\/\\\/www.krafthand.de\\\/truck\\\/kategorie\\\/fuhrpark\\\/\"},{\"@type\":\"ListItem\",\"position\":3,\"name\":\"Telematik \\\/ Navigation\",\"item\":\"https:\\\/\\\/www.krafthand.de\\\/truck\\\/kategorie\\\/fuhrpark\\\/navigation\\\/\"},{\"@type\":\"ListItem\",\"position\":4,\"name\":\"IVECO integriert TIS-Web von Continental in eigene Services\"}]},{\"@type\":\"WebSite\",\"@id\":\"https:\\\/\\\/www.krafthand.de\\\/truck\\\/#website\",\"url\":\"https:\\\/\\\/www.krafthand.de\\\/truck\\\/\",\"name\":\"Krafthand-Truck\",\"description\":\"\",\"potentialAction\":[{\"@type\":\"SearchAction\",\"target\":{\"@type\":\"EntryPoint\",\"urlTemplate\":\"https:\\\/\\\/www.krafthand.de\\\/truck\\\/?s={search_term_string}\"},\"query-input\":{\"@type\":\"PropertyValueSpecification\",\"valueRequired\":true,\"valueName\":\"search_term_string\"}}],\"inLanguage\":\"de\"},{\"@type\":\"Person\",\"@id\":\"https:\\\/\\\/www.krafthand.de\\\/truck\\\/#\\\/schema\\\/person\\\/51fa80b1c57034c4bf63f9f988fc24ce\",\"name\":\"georg.blenk@krafthand-medien.de\",\"image\":{\"@type\":\"ImageObject\",\"inLanguage\":\"de\",\"@id\":\"https:\\\/\\\/secure.gravatar.com\\\/avatar\\\/93713c30affe0aa95d3a4130e499bb1abee2eb31adbdd9ce2aa1543538490215?s=96&d=mm&r=g\",\"url\":\"https:\\\/\\\/secure.gravatar.com\\\/avatar\\\/93713c30affe0aa95d3a4130e499bb1abee2eb31adbdd9ce2aa1543538490215?s=96&d=mm&r=g\",\"contentUrl\":\"https:\\\/\\\/secure.gravatar.com\\\/avatar\\\/93713c30affe0aa95d3a4130e499bb1abee2eb31adbdd9ce2aa1543538490215?s=96&d=mm&r=g\",\"caption\":\"georg.blenk@krafthand-medien.de\"}}]}<\/script>\n<!-- \/ Yoast SEO plugin. -->","yoast_head_json":{"title":"Flottenmanagement: IVECO integriert TIS-Web in eigene Services","description":"Continental (VDO) und IVECO m\u00f6chten das Mobilit\u00e4tspaket 1 technisch gew\u00e4hrleisten. Die Basis der Zusammenarbeit ist die Integration von TIS-Web in die Services von IVECO.","robots":{"index":"index","follow":"follow","max-snippet":"max-snippet:-1","max-image-preview":"max-image-preview:large","max-video-preview":"max-video-preview:-1"},"canonical":"https:\/\/www.krafthand.de\/truck\/artikel\/iveco-integriert-tis-web-von-continental-in-eigene-services-31087\/","og_locale":"de_DE","og_type":"article","og_title":"Flottenmanagement: IVECO integriert TIS-Web in eigene Services","og_description":"Continental (VDO) und IVECO m\u00f6chten das Mobilit\u00e4tspaket 1 technisch gew\u00e4hrleisten. Die Basis der Zusammenarbeit ist die Integration von TIS-Web in die Services von IVECO.","og_url":"https:\/\/www.krafthand-truck.de\/artikel\/iveco-integriert-tis-web-von-continental-in-eigene-services-31087\/","og_site_name":"Krafthand-Truck","article_published_time":"2022-02-09T08:26:15+00:00","article_modified_time":"2022-03-30T10:29:23+00:00","og_image":[{"width":1200,"height":821,"url":"https:\/\/static.krafthand-truck.de\/uploads\/2022\/02\/Continental_VDO_IVECO_Tachographendaten_Mobilitaetspaket1_02.jpg","type":"image\/jpeg"}],"author":"georg.blenk@krafthand-medien.de","twitter_card":"summary_large_image","twitter_misc":{"Verfasst von":"georg.blenk@krafthand-medien.de","Gesch\u00e4tzte Lesezeit":"3\u00a0Minuten"},"schema":{"@context":"https:\/\/schema.org","@graph":[{"@type":"Article","@id":"https:\/\/www.krafthand.de\/truck\/artikel\/iveco-integriert-tis-web-von-continental-in-eigene-services-31087\/#article","isPartOf":{"@id":"https:\/\/www.krafthand.de\/truck\/artikel\/iveco-integriert-tis-web-von-continental-in-eigene-services-31087\/"},"author":{"name":"georg.blenk@krafthand-medien.de","@id":"https:\/\/www.krafthand.de\/truck\/#\/schema\/person\/51fa80b1c57034c4bf63f9f988fc24ce"},"headline":"IVECO integriert TIS-Web von Continental in eigene Services","datePublished":"2022-02-09T08:26:15+00:00","dateModified":"2022-03-30T10:29:23+00:00","mainEntityOfPage":{"@id":"https:\/\/www.krafthand.de\/truck\/artikel\/iveco-integriert-tis-web-von-continental-in-eigene-services-31087\/"},"wordCount":580,"image":{"@id":"https:\/\/www.krafthand.de\/truck\/artikel\/iveco-integriert-tis-web-von-continental-in-eigene-services-31087\/#primaryimage"},"thumbnailUrl":"https:\/\/static.krafthand-truck.de\/uploads\/2022\/02\/Continental_VDO_IVECO_Tachographendaten_Mobilitaetspaket1_02.jpg","keywords":["Iveco","Mobilit\u00e4tspaket 1","Tachograph","Tachographendaten","TIS-Web","VDO"],"articleSection":["Telematik \/ Navigation"],"inLanguage":"de"},{"@type":"WebPage","@id":"https:\/\/www.krafthand.de\/truck\/artikel\/iveco-integriert-tis-web-von-continental-in-eigene-services-31087\/","url":"https:\/\/www.krafthand.de\/truck\/artikel\/iveco-integriert-tis-web-von-continental-in-eigene-services-31087\/","name":"Flottenmanagement: IVECO integriert TIS-Web in eigene Services","isPartOf":{"@id":"https:\/\/www.krafthand.de\/truck\/#website"},"primaryImageOfPage":{"@id":"https:\/\/www.krafthand.de\/truck\/artikel\/iveco-integriert-tis-web-von-continental-in-eigene-services-31087\/#primaryimage"},"image":{"@id":"https:\/\/www.krafthand.de\/truck\/artikel\/iveco-integriert-tis-web-von-continental-in-eigene-services-31087\/#primaryimage"},"thumbnailUrl":"https:\/\/static.krafthand-truck.de\/uploads\/2022\/02\/Continental_VDO_IVECO_Tachographendaten_Mobilitaetspaket1_02.jpg","datePublished":"2022-02-09T08:26:15+00:00","dateModified":"2022-03-30T10:29:23+00:00","author":{"@id":"https:\/\/www.krafthand.de\/truck\/#\/schema\/person\/51fa80b1c57034c4bf63f9f988fc24ce"},"description":"Continental (VDO) und IVECO m\u00f6chten das Mobilit\u00e4tspaket 1 technisch gew\u00e4hrleisten. Die Basis der Zusammenarbeit ist die Integration von TIS-Web in die Services von IVECO.","breadcrumb":{"@id":"https:\/\/www.krafthand.de\/truck\/artikel\/iveco-integriert-tis-web-von-continental-in-eigene-services-31087\/#breadcrumb"},"inLanguage":"de","potentialAction":[{"@type":"ReadAction","target":["https:\/\/www.krafthand.de\/truck\/artikel\/iveco-integriert-tis-web-von-continental-in-eigene-services-31087\/"]}]},{"@type":"ImageObject","inLanguage":"de","@id":"https:\/\/www.krafthand.de\/truck\/artikel\/iveco-integriert-tis-web-von-continental-in-eigene-services-31087\/#primaryimage","url":"https:\/\/static.krafthand-truck.de\/uploads\/2022\/02\/Continental_VDO_IVECO_Tachographendaten_Mobilitaetspaket1_02.jpg","contentUrl":"https:\/\/static.krafthand-truck.de\/uploads\/2022\/02\/Continental_VDO_IVECO_Tachographendaten_Mobilitaetspaket1_02.jpg","width":1200,"height":821},{"@type":"BreadcrumbList","@id":"https:\/\/www.krafthand.de\/truck\/artikel\/iveco-integriert-tis-web-von-continental-in-eigene-services-31087\/#breadcrumb","itemListElement":[{"@type":"ListItem","position":1,"name":"Krafthand-Truck","item":"https:\/\/www.krafthand.de\/truck\/"},{"@type":"ListItem","position":2,"name":"IT+Fuhrpark","item":"https:\/\/www.krafthand.de\/truck\/kategorie\/fuhrpark\/"},{"@type":"ListItem","position":3,"name":"Telematik \/ Navigation","item":"https:\/\/www.krafthand.de\/truck\/kategorie\/fuhrpark\/navigation\/"},{"@type":"ListItem","position":4,"name":"IVECO integriert TIS-Web von Continental in eigene Services"}]},{"@type":"WebSite","@id":"https:\/\/www.krafthand.de\/truck\/#website","url":"https:\/\/www.krafthand.de\/truck\/","name":"Krafthand-Truck","description":"","potentialAction":[{"@type":"SearchAction","target":{"@type":"EntryPoint","urlTemplate":"https:\/\/www.krafthand.de\/truck\/?s={search_term_string}"},"query-input":{"@type":"PropertyValueSpecification","valueRequired":true,"valueName":"search_term_string"}}],"inLanguage":"de"},{"@type":"Person","@id":"https:\/\/www.krafthand.de\/truck\/#\/schema\/person\/51fa80b1c57034c4bf63f9f988fc24ce","name":"georg.blenk@krafthand-medien.de","image":{"@type":"ImageObject","inLanguage":"de","@id":"https:\/\/secure.gravatar.com\/avatar\/93713c30affe0aa95d3a4130e499bb1abee2eb31adbdd9ce2aa1543538490215?s=96&d=mm&r=g","url":"https:\/\/secure.gravatar.com\/avatar\/93713c30affe0aa95d3a4130e499bb1abee2eb31adbdd9ce2aa1543538490215?s=96&d=mm&r=g","contentUrl":"https:\/\/secure.gravatar.com\/avatar\/93713c30affe0aa95d3a4130e499bb1abee2eb31adbdd9ce2aa1543538490215?s=96&d=mm&r=g","caption":"georg.blenk@krafthand-medien.de"}}]}},"_links":{"self":[{"href":"https:\/\/www.krafthand.de\/truck\/wp-json\/wp\/v2\/posts\/31087","targetHints":{"allow":["GET"]}}],"collection":[{"href":"https:\/\/www.krafthand.de\/truck\/wp-json\/wp\/v2\/posts"}],"about":[{"href":"https:\/\/www.krafthand.de\/truck\/wp-json\/wp\/v2\/types\/post"}],"author":[{"embeddable":true,"href":"https:\/\/www.krafthand.de\/truck\/wp-json\/wp\/v2\/users\/9"}],"replies":[{"embeddable":true,"href":"https:\/\/www.krafthand.de\/truck\/wp-json\/wp\/v2\/comments?post=31087"}],"version-history":[{"count":17,"href":"https:\/\/www.krafthand.de\/truck\/wp-json\/wp\/v2\/posts\/31087\/revisions"}],"predecessor-version":[{"id":31129,"href":"https:\/\/www.krafthand.de\/truck\/wp-json\/wp\/v2\/posts\/31087\/revisions\/31129"}],"wp:featuredmedia":[{"embeddable":true,"href":"https:\/\/www.krafthand.de\/truck\/wp-json\/wp\/v2\/media\/31090"}],"wp:attachment":[{"href":"https:\/\/www.krafthand.de\/truck\/wp-json\/wp\/v2\/media?parent=31087"}],"wp:term":[{"taxonomy":"category","embeddable":true,"href":"https:\/\/www.krafthand.de\/truck\/wp-json\/wp\/v2\/categories?post=31087"},{"taxonomy":"post_tag","embeddable":true,"href":"https:\/\/www.krafthand.de\/truck\/wp-json\/wp\/v2\/tags?post=31087"},{"taxonomy":"settings","embeddable":true,"href":"https:\/\/www.krafthand.de\/truck\/wp-json\/wp\/v2\/settings?post=31087"}],"curies":[{"name":"wp","href":"https:\/\/api.w.org\/{rel}","templated":true}]}}