{"id":31061,"date":"2022-02-08T08:45:28","date_gmt":"2022-02-08T07:45:28","guid":{"rendered":"https:\/\/www.krafthand.de\/truck\/?p=31061"},"modified":"2022-03-08T10:02:40","modified_gmt":"2022-03-08T09:02:40","slug":"tag-eins-fuer-forvia-faurecia-und-hella-stellen-sich-auf","status":"publish","type":"post","link":"https:\/\/www.krafthand.de\/truck\/artikel\/tag-eins-fuer-forvia-faurecia-und-hella-stellen-sich-auf-31061\/","title":{"rendered":"Tag 1 f\u00fcr FORVIA: Faurecia und Hella stellen sich auf"},"content":{"rendered":"<p>Nach der vollzogenen \u00dcbernahme von HELLA durch Faurecia am 31. Januar 2022, wurden im Rahmen der konstituierenden Sitzung des Gesellschafterausschusses von HELLA nun die Weichen f\u00fcr die gemeinsame Zukunft gestellt. Neben der Neubesetzung des Gremiums ging es in der Sitzung am 4. Februar 2022 unter anderem um organisatorische Themen sowie zuk\u00fcnftige Felder der Zusammenarbeit. Als faktischer Konzern bilden Faurecia und HELLA jetzt mit insgesamt rund <strong>150.000 Besch\u00e4ftigten<\/strong> den weltweit siebtgr\u00f6\u00dften Automobilzulieferer, so ein Hella-Sprecher. Auf Grundlage der derzeitigen etwas mehr als 80-prozentigen Beteiligung von Faurecia an HELLA werden beide Unternehmen jedoch weiterhin als eigenst\u00e4ndige, b\u00f6rsennotierte Einheiten mit eigenen Kontrollgremien und Management-Teams agieren.<\/p>\n<h2>FORVIA<\/h2>\n<p>Der \u00fcbergreifende Name des faktischen Konzerns , der\u00a0 nach der \u00dcbernahme der Mehrheitsbeteiligung an <a href=\"https:\/\/www.hella.com\/hella-com\/de\/index.html\" target=\"_blank\" rel=\"noopener\">HELLA<\/a> durch <a href=\"https:\/\/www.faurecia.de\/\" target=\"_blank\" rel=\"noopener\">Faurecia<\/a> entstanden ist, lautet <a href=\"https:\/\/www.forvia.com\/de\/\" target=\"_blank\" rel=\"noopener\">FORVIA<\/a>. Der Kunstname stehe f\u00fcr <strong>FOR<\/strong>tschritt und dem Ziel, den Mobilit\u00e4tswandel auf den Stra\u00dfen (lateinisch &#8222;<strong>VIA<\/strong>s&#8220;) voranzutreiben.<\/p>\n<blockquote><p>\u201eWir haben jetzt wesentliche Voraussetzungen daf\u00fcr geschaffen, dass wir gemeinsam mit Faurecia zus\u00e4tzliche Absatzm\u00f6glichkeiten erschlie\u00dfen sowie vielf\u00e4ltige Synergiepotenziale realisieren k\u00f6nnen, um unsere Wettbewerbsf\u00e4higkeit weiter zu st\u00e4rken. Der heutige Tag 1 unserer Zusammenarbeit ist f\u00fcr beide Unternehmen ein ganz besonderer Meilenstein. Ich m\u00f6chte mich daher bei allen Beteiligten bedanken, die den Weg hierf\u00fcr in den zur\u00fcckliegenden Monaten geebnet haben&#8220;, so der Vorsitzende der HELLA Gesch\u00e4ftsf\u00fchrung Dr. Rolf Breidenbach.<\/p>\n<p>\u201eDurch die B\u00fcndelung unserer St\u00e4rken werden wir \u00fcber die entscheidende Gr\u00f6\u00dfe und die fortschrittlichen technologischen F\u00e4higkeiten in allen unseren Business Groups verf\u00fcgen, was uns zu einem noch wertvolleren Partner f\u00fcr die Automobilindustrie macht. Wir freuen uns darauf, eine wichtige Rolle als globaler Innovator und L\u00f6sungsanbieter zu spielen und eine sichere, nachhaltige, fortschrittliche und ma\u00dfgeschneiderte Mobilit\u00e4t zu gestalten&#8220;, f\u00fcgte Patrick Koller, CEO von Faurecia hinzu.<\/p><\/blockquote>\n<h3>Hella: Neue Zusammenstellung des Gesellschafterausschusses<\/h3>\n<p>Infolge der \u00dcbernahme von HELLA durch Faurecia und dem damit verbundenen R\u00fcckzug der Vertreter des Familienpools hat sich der Gesellschafterausschuss des Unternehmens neu konstituiert. Die bisherigen drei externen Mitglieder des Gremiums Carl-Peter Forster (Vorsitz), Horst Binnig sowie Klaus K\u00fchn werden dem HELLA Gesellschafterausschuss weiterhin angeh\u00f6ren. Neue Mitglieder im Ausschuss sind Patrick Koller (CEO Faurecia), Nolwenn Delaunay (EVP, Group General Counsel &amp; Board Secretary, Faurecia), Michel Favre (EVP, Group Chief Financial Officer, Faurecia), Christophe Schmitt (EVP, Group Operations, Faurecia) sowie Jean-Pierre Sounillac (EVP, Group Human Resources, Faurecia). Sie l\u00f6sen die bisherigen Vertreter des Familienpools im HELLA Gesellschafterausschuss ab. Mit einer Beteiligung von rund 9 Prozent ist der Familienpool nun gr\u00f6\u00dfter Einzelaktion\u00e4r von Faurecia und dem faktischen Konzern damit eng verbunden. Vor dem Hintergrund wird auf der n\u00e4chsten Aktion\u00e4rsversammlung von Faurecia auch vorgeschlagen, Dr. J\u00fcrgen Behrend als Vertreter des Familienpools in den Faurecia-Verwaltungsrat zu berufen.<\/p>\n<h3>Erste Entscheidungen im Hinblick auf Organisationsstrukturen<\/h3>\n<p>Um die Agilit\u00e4t des Unternehmens zu st\u00e4rken und die Strukturen denen von Faurecia anzugleichen, wird HELLA entlang der drei Business Groups <strong>Licht<\/strong>, <strong>Elektronik<\/strong> sowie <strong>Lifecycle Solutions<\/strong> organisiert. Die Leitung der neuformierten Business Group Lifecycle Solutions, in der die bisherigen Gesch\u00e4ftssegmente <strong>Aftermarket<\/strong> und <strong>Special Applications<\/strong> geb\u00fcndelt werden, \u00fcbernimmt Dr. Lea Corzilius in Personalunion zu ihrer Rolle als Gesch\u00e4ftsf\u00fchrerin Personal.<\/p>\n<p>HELLA CEO Dr. Rolf Breidenbach wird die Integration bis zu seinem Ausscheiden Ende Juni 2022 weiter eng begleiten und dem faktischen Konzern auch dar\u00fcber hinaus beratend zur Seite stehen. Breidenbach hat sich mit dem Gesellschafterausschuss geeinigt, seinen Gesch\u00e4ftsf\u00fchrervertrag nach \u00fcber 18-j\u00e4hriger Amtszeit einvernehmlich zum 30. Juni 2022 zu beenden. <em>\u201eMit Faurecia als neuem Mehrheitsgesellschafter von HELLA ist der Weg in eine erfolgreiche Zukunft nun geebnet. Beide Unternehmen erg\u00e4nzen sich in hervorragender Weise\u201c<\/em>, sagte Dr. Rolf Breidenbach aus diesem Anlass. Breitenbach hat sich zudem bereit erkl\u00e4rt, den faktischen Konzern auch \u00fcber Ende Juni 2022 hinaus zu beraten. Faurecia CEO Patrick Koller dankte Dr. Breidenbach f\u00fcr die <em>\u201ekonstruktive Kooperation in den zur\u00fcckliegenden Monaten\u201c<\/em> ebenso wie Carl-Peter Forster, der Dr. Breidenbach im Namen des Gesellschafterausschusses seinen <em>\u201egr\u00f6\u00dftm\u00f6glichen Dank\u201c<\/em> aussprach.<\/p>\n","protected":false},"excerpt":{"rendered":"<p>Nach der vollzogenen \u00dcbernahme von HELLA durch Faurecia am 31. Januar 2022, wurden im Rahmen der konstituierenden Sitzung des Gesellschafterausschusses von HELLA nun die Weichen f\u00fcr die gemeinsame Zukunft gestellt. Der Name des neuen Unternehmens lautet FORVIA. <span class=\"excerpt-more__dots\">&#8230;<\/span> <a class=\"excerpt-more__link\" href=\"https:\/\/www.krafthand.de\/truck\/artikel\/tag-eins-fuer-forvia-faurecia-und-hella-stellen-sich-auf-31061\/\" >weiter<\/a><\/p>\n","protected":false},"author":9,"featured_media":31081,"comment_status":"closed","ping_status":"closed","sticky":false,"template":"","format":"standard","meta":{"footnotes":""},"categories":[4912,4235],"tags":[5037,4431,597,5038,5039],"settings":[4766],"class_list":["post-31061","post","type-post","status-publish","format-standard","has-post-thumbnail","hentry","category-ersatzteile-zubehoer","category-unternehmen","tag-carl-peter-forster","tag-faurecia","tag-hella","tag-lea-corzilius","tag-rolf-breidenbach"],"yoast_head":"<!-- This site is optimized with the Yoast SEO plugin v27.3 - https:\/\/yoast.com\/product\/yoast-seo-wordpress\/ -->\n<title>FORVIA: Hella, Faurecia - neuer Name, neue Organisationsstruktur<\/title>\n<meta name=\"description\" content=\"Nach der vollzogenen \u00dcbernahme von HELLA durch Faurecia am 31. Januar 2022, wurden im Rahmen der konstituierenden Sitzung des Gesellschafterausschusses von HELLA nun die Weichen f\u00fcr die gemeinsame Zukunft gestellt. Der Name des neuen Unternehmens lautet FORVIA.\" \/>\n<meta name=\"robots\" content=\"index, follow, max-snippet:-1, max-image-preview:large, max-video-preview:-1\" \/>\n<link rel=\"canonical\" href=\"https:\/\/www.krafthand.de\/truck\/artikel\/tag-eins-fuer-forvia-faurecia-und-hella-stellen-sich-auf-31061\/\" \/>\n<meta property=\"og:locale\" content=\"de_DE\" \/>\n<meta property=\"og:type\" content=\"article\" \/>\n<meta property=\"og:title\" content=\"FORVIA: Hella, Faurecia - neuer Name, neue Organisationsstruktur\" \/>\n<meta property=\"og:description\" content=\"Nach der vollzogenen \u00dcbernahme von HELLA durch Faurecia am 31. Januar 2022, wurden im Rahmen der konstituierenden Sitzung des Gesellschafterausschusses von HELLA nun die Weichen f\u00fcr die gemeinsame Zukunft gestellt. Der Name des neuen Unternehmens lautet FORVIA.\" \/>\n<meta property=\"og:url\" content=\"https:\/\/www.krafthand-truck.de\/artikel\/tag-eins-fuer-forvia-faurecia-und-hella-stellen-sich-auf-31061\/\" \/>\n<meta property=\"og:site_name\" content=\"Krafthand-Truck\" \/>\n<meta property=\"article:published_time\" content=\"2022-02-08T07:45:28+00:00\" \/>\n<meta property=\"article:modified_time\" content=\"2022-03-08T09:02:40+00:00\" \/>\n<meta property=\"og:image\" content=\"https:\/\/static.krafthand-truck.de\/uploads\/2022\/02\/logo_Faurecia_Hella_Favia_Krafthand_Truck_03.jpg\" \/>\n\t<meta property=\"og:image:width\" content=\"1200\" \/>\n\t<meta property=\"og:image:height\" content=\"1048\" \/>\n\t<meta property=\"og:image:type\" content=\"image\/jpeg\" \/>\n<meta name=\"author\" content=\"georg.blenk@krafthand-medien.de\" \/>\n<meta name=\"twitter:card\" content=\"summary_large_image\" \/>\n<meta name=\"twitter:label1\" content=\"Verfasst von\" \/>\n\t<meta name=\"twitter:data1\" content=\"georg.blenk@krafthand-medien.de\" \/>\n\t<meta name=\"twitter:label2\" content=\"Gesch\u00e4tzte Lesezeit\" \/>\n\t<meta name=\"twitter:data2\" content=\"3\u00a0Minuten\" \/>\n<script type=\"application\/ld+json\" class=\"yoast-schema-graph\">{\"@context\":\"https:\\\/\\\/schema.org\",\"@graph\":[{\"@type\":\"Article\",\"@id\":\"https:\\\/\\\/www.krafthand.de\\\/truck\\\/artikel\\\/tag-eins-fuer-forvia-faurecia-und-hella-stellen-sich-auf-31061\\\/#article\",\"isPartOf\":{\"@id\":\"https:\\\/\\\/www.krafthand.de\\\/truck\\\/artikel\\\/tag-eins-fuer-forvia-faurecia-und-hella-stellen-sich-auf-31061\\\/\"},\"author\":{\"name\":\"georg.blenk@krafthand-medien.de\",\"@id\":\"https:\\\/\\\/www.krafthand.de\\\/truck\\\/#\\\/schema\\\/person\\\/51fa80b1c57034c4bf63f9f988fc24ce\"},\"headline\":\"Tag 1 f\u00fcr FORVIA: Faurecia und Hella stellen sich auf\",\"datePublished\":\"2022-02-08T07:45:28+00:00\",\"dateModified\":\"2022-03-08T09:02:40+00:00\",\"mainEntityOfPage\":{\"@id\":\"https:\\\/\\\/www.krafthand.de\\\/truck\\\/artikel\\\/tag-eins-fuer-forvia-faurecia-und-hella-stellen-sich-auf-31061\\\/\"},\"wordCount\":665,\"image\":{\"@id\":\"https:\\\/\\\/www.krafthand.de\\\/truck\\\/artikel\\\/tag-eins-fuer-forvia-faurecia-und-hella-stellen-sich-auf-31061\\\/#primaryimage\"},\"thumbnailUrl\":\"https:\\\/\\\/static.krafthand-truck.de\\\/uploads\\\/2022\\\/02\\\/logo_Faurecia_Hella_Favia_Krafthand_Truck_03.jpg\",\"keywords\":[\"Carl-Peter Forster\",\"Faurecia\",\"Hella\",\"Lea Corzilius\",\"Rolf Breidenbach\"],\"articleSection\":[\"Ersatzteile\\\/Zubeh\u00f6r\",\"Unternehmen\"],\"inLanguage\":\"de\"},{\"@type\":\"WebPage\",\"@id\":\"https:\\\/\\\/www.krafthand.de\\\/truck\\\/artikel\\\/tag-eins-fuer-forvia-faurecia-und-hella-stellen-sich-auf-31061\\\/\",\"url\":\"https:\\\/\\\/www.krafthand.de\\\/truck\\\/artikel\\\/tag-eins-fuer-forvia-faurecia-und-hella-stellen-sich-auf-31061\\\/\",\"name\":\"FORVIA: Hella, Faurecia - neuer Name, neue Organisationsstruktur\",\"isPartOf\":{\"@id\":\"https:\\\/\\\/www.krafthand.de\\\/truck\\\/#website\"},\"primaryImageOfPage\":{\"@id\":\"https:\\\/\\\/www.krafthand.de\\\/truck\\\/artikel\\\/tag-eins-fuer-forvia-faurecia-und-hella-stellen-sich-auf-31061\\\/#primaryimage\"},\"image\":{\"@id\":\"https:\\\/\\\/www.krafthand.de\\\/truck\\\/artikel\\\/tag-eins-fuer-forvia-faurecia-und-hella-stellen-sich-auf-31061\\\/#primaryimage\"},\"thumbnailUrl\":\"https:\\\/\\\/static.krafthand-truck.de\\\/uploads\\\/2022\\\/02\\\/logo_Faurecia_Hella_Favia_Krafthand_Truck_03.jpg\",\"datePublished\":\"2022-02-08T07:45:28+00:00\",\"dateModified\":\"2022-03-08T09:02:40+00:00\",\"author\":{\"@id\":\"https:\\\/\\\/www.krafthand.de\\\/truck\\\/#\\\/schema\\\/person\\\/51fa80b1c57034c4bf63f9f988fc24ce\"},\"description\":\"Nach der vollzogenen \u00dcbernahme von HELLA durch Faurecia am 31. Januar 2022, wurden im Rahmen der konstituierenden Sitzung des Gesellschafterausschusses von HELLA nun die Weichen f\u00fcr die gemeinsame Zukunft gestellt. Der Name des neuen Unternehmens lautet FORVIA.\",\"breadcrumb\":{\"@id\":\"https:\\\/\\\/www.krafthand.de\\\/truck\\\/artikel\\\/tag-eins-fuer-forvia-faurecia-und-hella-stellen-sich-auf-31061\\\/#breadcrumb\"},\"inLanguage\":\"de\",\"potentialAction\":[{\"@type\":\"ReadAction\",\"target\":[\"https:\\\/\\\/www.krafthand.de\\\/truck\\\/artikel\\\/tag-eins-fuer-forvia-faurecia-und-hella-stellen-sich-auf-31061\\\/\"]}]},{\"@type\":\"ImageObject\",\"inLanguage\":\"de\",\"@id\":\"https:\\\/\\\/www.krafthand.de\\\/truck\\\/artikel\\\/tag-eins-fuer-forvia-faurecia-und-hella-stellen-sich-auf-31061\\\/#primaryimage\",\"url\":\"https:\\\/\\\/static.krafthand-truck.de\\\/uploads\\\/2022\\\/02\\\/logo_Faurecia_Hella_Favia_Krafthand_Truck_03.jpg\",\"contentUrl\":\"https:\\\/\\\/static.krafthand-truck.de\\\/uploads\\\/2022\\\/02\\\/logo_Faurecia_Hella_Favia_Krafthand_Truck_03.jpg\",\"width\":1200,\"height\":1048},{\"@type\":\"BreadcrumbList\",\"@id\":\"https:\\\/\\\/www.krafthand.de\\\/truck\\\/artikel\\\/tag-eins-fuer-forvia-faurecia-und-hella-stellen-sich-auf-31061\\\/#breadcrumb\",\"itemListElement\":[{\"@type\":\"ListItem\",\"position\":1,\"name\":\"Krafthand-Truck\",\"item\":\"https:\\\/\\\/www.krafthand.de\\\/truck\\\/\"},{\"@type\":\"ListItem\",\"position\":2,\"name\":\"Nfz-Branche\",\"item\":\"https:\\\/\\\/www.krafthand.de\\\/truck\\\/kategorie\\\/branche\\\/\"},{\"@type\":\"ListItem\",\"position\":3,\"name\":\"Unternehmen\",\"item\":\"https:\\\/\\\/www.krafthand.de\\\/truck\\\/kategorie\\\/branche\\\/unternehmen\\\/\"},{\"@type\":\"ListItem\",\"position\":4,\"name\":\"Tag 1 f\u00fcr FORVIA: Faurecia und Hella stellen sich auf\"}]},{\"@type\":\"WebSite\",\"@id\":\"https:\\\/\\\/www.krafthand.de\\\/truck\\\/#website\",\"url\":\"https:\\\/\\\/www.krafthand.de\\\/truck\\\/\",\"name\":\"Krafthand-Truck\",\"description\":\"\",\"potentialAction\":[{\"@type\":\"SearchAction\",\"target\":{\"@type\":\"EntryPoint\",\"urlTemplate\":\"https:\\\/\\\/www.krafthand.de\\\/truck\\\/?s={search_term_string}\"},\"query-input\":{\"@type\":\"PropertyValueSpecification\",\"valueRequired\":true,\"valueName\":\"search_term_string\"}}],\"inLanguage\":\"de\"},{\"@type\":\"Person\",\"@id\":\"https:\\\/\\\/www.krafthand.de\\\/truck\\\/#\\\/schema\\\/person\\\/51fa80b1c57034c4bf63f9f988fc24ce\",\"name\":\"georg.blenk@krafthand-medien.de\",\"image\":{\"@type\":\"ImageObject\",\"inLanguage\":\"de\",\"@id\":\"https:\\\/\\\/secure.gravatar.com\\\/avatar\\\/93713c30affe0aa95d3a4130e499bb1abee2eb31adbdd9ce2aa1543538490215?s=96&d=mm&r=g\",\"url\":\"https:\\\/\\\/secure.gravatar.com\\\/avatar\\\/93713c30affe0aa95d3a4130e499bb1abee2eb31adbdd9ce2aa1543538490215?s=96&d=mm&r=g\",\"contentUrl\":\"https:\\\/\\\/secure.gravatar.com\\\/avatar\\\/93713c30affe0aa95d3a4130e499bb1abee2eb31adbdd9ce2aa1543538490215?s=96&d=mm&r=g\",\"caption\":\"georg.blenk@krafthand-medien.de\"}}]}<\/script>\n<!-- \/ Yoast SEO plugin. -->","yoast_head_json":{"title":"FORVIA: Hella, Faurecia - neuer Name, neue Organisationsstruktur","description":"Nach der vollzogenen \u00dcbernahme von HELLA durch Faurecia am 31. Januar 2022, wurden im Rahmen der konstituierenden Sitzung des Gesellschafterausschusses von HELLA nun die Weichen f\u00fcr die gemeinsame Zukunft gestellt. Der Name des neuen Unternehmens lautet FORVIA.","robots":{"index":"index","follow":"follow","max-snippet":"max-snippet:-1","max-image-preview":"max-image-preview:large","max-video-preview":"max-video-preview:-1"},"canonical":"https:\/\/www.krafthand.de\/truck\/artikel\/tag-eins-fuer-forvia-faurecia-und-hella-stellen-sich-auf-31061\/","og_locale":"de_DE","og_type":"article","og_title":"FORVIA: Hella, Faurecia - neuer Name, neue Organisationsstruktur","og_description":"Nach der vollzogenen \u00dcbernahme von HELLA durch Faurecia am 31. Januar 2022, wurden im Rahmen der konstituierenden Sitzung des Gesellschafterausschusses von HELLA nun die Weichen f\u00fcr die gemeinsame Zukunft gestellt. Der Name des neuen Unternehmens lautet FORVIA.","og_url":"https:\/\/www.krafthand-truck.de\/artikel\/tag-eins-fuer-forvia-faurecia-und-hella-stellen-sich-auf-31061\/","og_site_name":"Krafthand-Truck","article_published_time":"2022-02-08T07:45:28+00:00","article_modified_time":"2022-03-08T09:02:40+00:00","og_image":[{"width":1200,"height":1048,"url":"https:\/\/static.krafthand-truck.de\/uploads\/2022\/02\/logo_Faurecia_Hella_Favia_Krafthand_Truck_03.jpg","type":"image\/jpeg"}],"author":"georg.blenk@krafthand-medien.de","twitter_card":"summary_large_image","twitter_misc":{"Verfasst von":"georg.blenk@krafthand-medien.de","Gesch\u00e4tzte Lesezeit":"3\u00a0Minuten"},"schema":{"@context":"https:\/\/schema.org","@graph":[{"@type":"Article","@id":"https:\/\/www.krafthand.de\/truck\/artikel\/tag-eins-fuer-forvia-faurecia-und-hella-stellen-sich-auf-31061\/#article","isPartOf":{"@id":"https:\/\/www.krafthand.de\/truck\/artikel\/tag-eins-fuer-forvia-faurecia-und-hella-stellen-sich-auf-31061\/"},"author":{"name":"georg.blenk@krafthand-medien.de","@id":"https:\/\/www.krafthand.de\/truck\/#\/schema\/person\/51fa80b1c57034c4bf63f9f988fc24ce"},"headline":"Tag 1 f\u00fcr FORVIA: Faurecia und Hella stellen sich auf","datePublished":"2022-02-08T07:45:28+00:00","dateModified":"2022-03-08T09:02:40+00:00","mainEntityOfPage":{"@id":"https:\/\/www.krafthand.de\/truck\/artikel\/tag-eins-fuer-forvia-faurecia-und-hella-stellen-sich-auf-31061\/"},"wordCount":665,"image":{"@id":"https:\/\/www.krafthand.de\/truck\/artikel\/tag-eins-fuer-forvia-faurecia-und-hella-stellen-sich-auf-31061\/#primaryimage"},"thumbnailUrl":"https:\/\/static.krafthand-truck.de\/uploads\/2022\/02\/logo_Faurecia_Hella_Favia_Krafthand_Truck_03.jpg","keywords":["Carl-Peter Forster","Faurecia","Hella","Lea Corzilius","Rolf Breidenbach"],"articleSection":["Ersatzteile\/Zubeh\u00f6r","Unternehmen"],"inLanguage":"de"},{"@type":"WebPage","@id":"https:\/\/www.krafthand.de\/truck\/artikel\/tag-eins-fuer-forvia-faurecia-und-hella-stellen-sich-auf-31061\/","url":"https:\/\/www.krafthand.de\/truck\/artikel\/tag-eins-fuer-forvia-faurecia-und-hella-stellen-sich-auf-31061\/","name":"FORVIA: Hella, Faurecia - neuer Name, neue Organisationsstruktur","isPartOf":{"@id":"https:\/\/www.krafthand.de\/truck\/#website"},"primaryImageOfPage":{"@id":"https:\/\/www.krafthand.de\/truck\/artikel\/tag-eins-fuer-forvia-faurecia-und-hella-stellen-sich-auf-31061\/#primaryimage"},"image":{"@id":"https:\/\/www.krafthand.de\/truck\/artikel\/tag-eins-fuer-forvia-faurecia-und-hella-stellen-sich-auf-31061\/#primaryimage"},"thumbnailUrl":"https:\/\/static.krafthand-truck.de\/uploads\/2022\/02\/logo_Faurecia_Hella_Favia_Krafthand_Truck_03.jpg","datePublished":"2022-02-08T07:45:28+00:00","dateModified":"2022-03-08T09:02:40+00:00","author":{"@id":"https:\/\/www.krafthand.de\/truck\/#\/schema\/person\/51fa80b1c57034c4bf63f9f988fc24ce"},"description":"Nach der vollzogenen \u00dcbernahme von HELLA durch Faurecia am 31. Januar 2022, wurden im Rahmen der konstituierenden Sitzung des Gesellschafterausschusses von HELLA nun die Weichen f\u00fcr die gemeinsame Zukunft gestellt. Der Name des neuen Unternehmens lautet FORVIA.","breadcrumb":{"@id":"https:\/\/www.krafthand.de\/truck\/artikel\/tag-eins-fuer-forvia-faurecia-und-hella-stellen-sich-auf-31061\/#breadcrumb"},"inLanguage":"de","potentialAction":[{"@type":"ReadAction","target":["https:\/\/www.krafthand.de\/truck\/artikel\/tag-eins-fuer-forvia-faurecia-und-hella-stellen-sich-auf-31061\/"]}]},{"@type":"ImageObject","inLanguage":"de","@id":"https:\/\/www.krafthand.de\/truck\/artikel\/tag-eins-fuer-forvia-faurecia-und-hella-stellen-sich-auf-31061\/#primaryimage","url":"https:\/\/static.krafthand-truck.de\/uploads\/2022\/02\/logo_Faurecia_Hella_Favia_Krafthand_Truck_03.jpg","contentUrl":"https:\/\/static.krafthand-truck.de\/uploads\/2022\/02\/logo_Faurecia_Hella_Favia_Krafthand_Truck_03.jpg","width":1200,"height":1048},{"@type":"BreadcrumbList","@id":"https:\/\/www.krafthand.de\/truck\/artikel\/tag-eins-fuer-forvia-faurecia-und-hella-stellen-sich-auf-31061\/#breadcrumb","itemListElement":[{"@type":"ListItem","position":1,"name":"Krafthand-Truck","item":"https:\/\/www.krafthand.de\/truck\/"},{"@type":"ListItem","position":2,"name":"Nfz-Branche","item":"https:\/\/www.krafthand.de\/truck\/kategorie\/branche\/"},{"@type":"ListItem","position":3,"name":"Unternehmen","item":"https:\/\/www.krafthand.de\/truck\/kategorie\/branche\/unternehmen\/"},{"@type":"ListItem","position":4,"name":"Tag 1 f\u00fcr FORVIA: Faurecia und Hella stellen sich auf"}]},{"@type":"WebSite","@id":"https:\/\/www.krafthand.de\/truck\/#website","url":"https:\/\/www.krafthand.de\/truck\/","name":"Krafthand-Truck","description":"","potentialAction":[{"@type":"SearchAction","target":{"@type":"EntryPoint","urlTemplate":"https:\/\/www.krafthand.de\/truck\/?s={search_term_string}"},"query-input":{"@type":"PropertyValueSpecification","valueRequired":true,"valueName":"search_term_string"}}],"inLanguage":"de"},{"@type":"Person","@id":"https:\/\/www.krafthand.de\/truck\/#\/schema\/person\/51fa80b1c57034c4bf63f9f988fc24ce","name":"georg.blenk@krafthand-medien.de","image":{"@type":"ImageObject","inLanguage":"de","@id":"https:\/\/secure.gravatar.com\/avatar\/93713c30affe0aa95d3a4130e499bb1abee2eb31adbdd9ce2aa1543538490215?s=96&d=mm&r=g","url":"https:\/\/secure.gravatar.com\/avatar\/93713c30affe0aa95d3a4130e499bb1abee2eb31adbdd9ce2aa1543538490215?s=96&d=mm&r=g","contentUrl":"https:\/\/secure.gravatar.com\/avatar\/93713c30affe0aa95d3a4130e499bb1abee2eb31adbdd9ce2aa1543538490215?s=96&d=mm&r=g","caption":"georg.blenk@krafthand-medien.de"}}]}},"_links":{"self":[{"href":"https:\/\/www.krafthand.de\/truck\/wp-json\/wp\/v2\/posts\/31061","targetHints":{"allow":["GET"]}}],"collection":[{"href":"https:\/\/www.krafthand.de\/truck\/wp-json\/wp\/v2\/posts"}],"about":[{"href":"https:\/\/www.krafthand.de\/truck\/wp-json\/wp\/v2\/types\/post"}],"author":[{"embeddable":true,"href":"https:\/\/www.krafthand.de\/truck\/wp-json\/wp\/v2\/users\/9"}],"replies":[{"embeddable":true,"href":"https:\/\/www.krafthand.de\/truck\/wp-json\/wp\/v2\/comments?post=31061"}],"version-history":[{"count":20,"href":"https:\/\/www.krafthand.de\/truck\/wp-json\/wp\/v2\/posts\/31061\/revisions"}],"predecessor-version":[{"id":31371,"href":"https:\/\/www.krafthand.de\/truck\/wp-json\/wp\/v2\/posts\/31061\/revisions\/31371"}],"wp:featuredmedia":[{"embeddable":true,"href":"https:\/\/www.krafthand.de\/truck\/wp-json\/wp\/v2\/media\/31081"}],"wp:attachment":[{"href":"https:\/\/www.krafthand.de\/truck\/wp-json\/wp\/v2\/media?parent=31061"}],"wp:term":[{"taxonomy":"category","embeddable":true,"href":"https:\/\/www.krafthand.de\/truck\/wp-json\/wp\/v2\/categories?post=31061"},{"taxonomy":"post_tag","embeddable":true,"href":"https:\/\/www.krafthand.de\/truck\/wp-json\/wp\/v2\/tags?post=31061"},{"taxonomy":"settings","embeddable":true,"href":"https:\/\/www.krafthand.de\/truck\/wp-json\/wp\/v2\/settings?post=31061"}],"curies":[{"name":"wp","href":"https:\/\/api.w.org\/{rel}","templated":true}]}}