{"id":31028,"date":"2022-02-03T08:52:17","date_gmt":"2022-02-03T07:52:17","guid":{"rendered":"https:\/\/www.krafthand.de\/truck\/?p=31028"},"modified":"2022-02-07T11:20:54","modified_gmt":"2022-02-07T10:20:54","slug":"autopromotec-mit-internationalen-workshops","status":"publish","type":"post","link":"https:\/\/www.krafthand.de\/truck\/artikel\/autopromotec-mit-internationalen-workshops-31028\/","title":{"rendered":"Autopromotec mit internationalen Workshops"},"content":{"rendered":"<p>Die Veranstalter der internationalen Fachmesse Autopromotec 2022 in Bologna, m\u00f6chten mehr Inhalte, mehr Begegnungs- und Aktualisierungsmomente und M\u00f6glichkeiten zum Networking schaffen. Aus diesem Grund hat man sechs Workshops mit globalem Charakter und europ\u00e4ischem Fokus geplant. Durch die Erg\u00e4nzung des von der <a href=\"https:\/\/www.autopromotec.com\/en\/\" target=\"_blank\" rel=\"noopener\">Autopromotec<\/a> organisierten Konferenzangebots m\u00f6chten man die Internationalit\u00e4t der Veranstaltung nochmals unterstreichen und das Augenmerk auf besonders branchenrelevante Themen richten. Die sechs Termine finden w\u00e4hrend <strong>der ersten beiden Tage<\/strong> der Autopromotec\u00a0 (die Messe findet vom 25. und 28. Mai 2022 statt) unter Mitwirkung der <a href=\"https:\/\/www.egea-association.eu\" target=\"_blank\" rel=\"noopener\">EGEA (European Garage Equipment Association)<\/a> und der wichtigsten nationalen und internationalen Fachverb\u00e4nde statt.<\/p>\n<blockquote>\n<figure id=\"attachment_31034\" aria-describedby=\"caption-attachment-31034\" style=\"width: 242px\" class=\"wp-caption alignleft\"><a href=\"https:\/\/static.krafthand-truck.de\/uploads\/2022\/02\/Autopromotec-2022_EmanueleVicentini_Autopromotec-international-developments.jpg\" target=\"_blank\" rel=\"noopener\"><img fetchpriority=\"high\" decoding=\"async\" class=\"wp-image-31034 size-medium\" src=\"https:\/\/static.krafthand-truck.de\/uploads\/2022\/02\/Autopromotec-2022_EmanueleVicentini_Autopromotec-international-developments-242x300.jpg\" alt=\"\" width=\"242\" height=\"300\" srcset=\"https:\/\/static.krafthand-truck.de\/uploads\/2022\/02\/Autopromotec-2022_EmanueleVicentini_Autopromotec-international-developments-242x300.jpg 242w, https:\/\/static.krafthand-truck.de\/uploads\/2022\/02\/Autopromotec-2022_EmanueleVicentini_Autopromotec-international-developments-768x953.jpg 768w, https:\/\/static.krafthand-truck.de\/uploads\/2022\/02\/Autopromotec-2022_EmanueleVicentini_Autopromotec-international-developments.jpg 800w\" sizes=\"(max-width: 242px) 100vw, 242px\" \/><\/a><figcaption id=\"caption-attachment-31034\" class=\"wp-caption-text\">Emanuele Vicentini<\/figcaption><\/figure>\n<p>\u201eDank des IAM-Projekts wird die Autopromotec 2022 auch den Zustrom internationaler Eink\u00e4ufer und Entscheidungstr\u00e4ger weiter f\u00f6rdern. Ein Aspekt, der die strategische Bedeutung best\u00e4tigt, die die Veranstaltung auch f\u00fcr ausl\u00e4ndische Akteure hat\u201c, betont Emanuele Vicentini, International Developments der Autopromotec<\/p><\/blockquote>\n<h2>Die Themen der Workshops<\/h2>\n<p>Im Fokus der IAM-Workshops stehen nach den Worten von Massimo Brunamonti, wissenschaftlicher Koordinator des IAM, Themen mit besonderer Aktualit\u00e4t und Relevanz f\u00fcr den Automotive-Aftermarket.<\/p>\n<ul>\n<li>Unter dem Titel Access to data and free competition widmet sich das erste Treffen dem Zugang zu technischen Informationen und Daten, die im Fahrzeug gespeichert sind, sowie dem bestehenden Wettbewerbsproblem im Aftermarkt. Die beiden f\u00fcr die Branche besonders wichtigen Themen sind eng mit den Themen Reparatur, Ersatzteile, Diagnose und den neuen Grenzen der IT-Sicherheit verkn\u00fcpft.<\/li>\n<li>Die zweite Veranstaltung, die Periodical Technical Inspections Conference, widmet sich der Welt der Reparatur und insbesondere aktuellen Verfahren in Verbindung mit neuesten Technologien und der Ver\u00e4nderung der Mobilit\u00e4t.<\/li>\n<li>Beim dritten IAM-Termin, der Global Aftermarket Conference, ist eine der Automobil-Aftermarkt-Branche gewidmete Konferenz, in deren Rahmen Vertreter internationaler Branchenverb\u00e4nde den Markt aus einem erweiterten Blickwinkel analysieren. Trends der Autoreparatur, die Entwicklung der Branche und zuk\u00fcnftige Entwicklungen stehen hier im Fokus.<\/li>\n<li>Erg\u00e4nzt werden diese Events durch drei Veranstaltungen, in denen Komponenten der Zukunft, die neue digitale Werkstatt und Szenarien rund um die Welt der Reifen im Mittelpunkt stehen werden.<\/li>\n<\/ul>\n<p>Alle IAM-Termine werden in Englisch abgehalten und finden in einer Halle des Messezentrums Bologna-Fiere statt, die sich im Zwischengeschoss zwischen den Hallen 21 und 22 befindet. Um das Networking zu f\u00f6rdern, hat die Autopromotec zudem einen eigenen Lounge-Bereich in der Halle 22 eingerichtet, wo sich Referenten und Verbandsmanager treffen k\u00f6nnen. Weitere Details zu den einzelnen Konferenzthemen und den Beitr\u00e4gen der Referenten werden mithilfe von Video-Podcasts zur Verf\u00fcgung gestellt. Diese k\u00f6nnen \u00fcber soziale Kan\u00e4le und den Autopromotec-Blog abgerufen werden.<\/p>\n","protected":false},"excerpt":{"rendered":"<p>Die Veranstalter der internationalen Fachmesse Autopromotec 2022 in Bologna, m\u00f6chten mehr Inhalte, mehr Begegnungs- und Aktualisierungsmomente und M\u00f6glichkeiten zum Networking schaffen. Aus diesem Grund hat man zus\u00e4tzlich sechs Workshops mit globalem Charakter und europ\u00e4ischem Fokus geplant. <span class=\"excerpt-more__dots\">&#8230;<\/span> <a class=\"excerpt-more__link\" href=\"https:\/\/www.krafthand.de\/truck\/artikel\/autopromotec-mit-internationalen-workshops-31028\/\" >weiter<\/a><\/p>\n","protected":false},"author":9,"featured_media":31032,"comment_status":"closed","ping_status":"closed","sticky":false,"template":"","format":"standard","meta":{"footnotes":""},"categories":[4236],"tags":[2997,2998,40],"settings":[4766,3523],"class_list":["post-31028","post","type-post","status-publish","format-standard","has-post-thumbnail","hentry","category-veranstaltungen","tag-autopromotec","tag-bologna","tag-messe"],"yoast_head":"<!-- This site is optimized with the Yoast SEO plugin v27.3 - https:\/\/yoast.com\/product\/yoast-seo-wordpress\/ -->\n<title>Autopromotec in Bologna mit sechs Themenworkshops<\/title>\n<meta name=\"description\" content=\"Die Veranstalter der internationalen Fachmesse Autopromotec 2022 in Bologna, m\u00f6chten mehr Inhalte, mehr Begegnungs- und Aktualisierungsmomente und M\u00f6glichkeiten zum Networking schaffen. Aus diesem Grund hat man zus\u00e4tzlich sechs Workshops mit globalem Charakter und europ\u00e4ischem Fokus eingeplant.\" \/>\n<meta name=\"robots\" content=\"index, follow, max-snippet:-1, max-image-preview:large, max-video-preview:-1\" \/>\n<link rel=\"canonical\" href=\"https:\/\/www.krafthand.de\/truck\/artikel\/autopromotec-mit-internationalen-workshops-31028\/\" \/>\n<meta property=\"og:locale\" content=\"de_DE\" \/>\n<meta property=\"og:type\" content=\"article\" \/>\n<meta property=\"og:title\" content=\"Autopromotec in Bologna mit sechs Themenworkshops\" \/>\n<meta property=\"og:description\" content=\"Die Veranstalter der internationalen Fachmesse Autopromotec 2022 in Bologna, m\u00f6chten mehr Inhalte, mehr Begegnungs- und Aktualisierungsmomente und M\u00f6glichkeiten zum Networking schaffen. Aus diesem Grund hat man zus\u00e4tzlich sechs Workshops mit globalem Charakter und europ\u00e4ischem Fokus eingeplant.\" \/>\n<meta property=\"og:url\" content=\"https:\/\/www.krafthand-truck.de\/artikel\/autopromotec-mit-internationalen-workshops-31028\/\" \/>\n<meta property=\"og:site_name\" content=\"Krafthand-Truck\" \/>\n<meta property=\"article:published_time\" content=\"2022-02-03T07:52:17+00:00\" \/>\n<meta property=\"article:modified_time\" content=\"2022-02-07T10:20:54+00:00\" \/>\n<meta property=\"og:image\" content=\"https:\/\/static.krafthand-truck.de\/uploads\/2022\/02\/Autopromotec-2022_Szene.jpg\" \/>\n\t<meta property=\"og:image:width\" content=\"1200\" \/>\n\t<meta property=\"og:image:height\" content=\"800\" \/>\n\t<meta property=\"og:image:type\" content=\"image\/jpeg\" \/>\n<meta name=\"author\" content=\"georg.blenk@krafthand-medien.de\" \/>\n<meta name=\"twitter:card\" content=\"summary_large_image\" \/>\n<meta name=\"twitter:label1\" content=\"Verfasst von\" \/>\n\t<meta name=\"twitter:data1\" content=\"georg.blenk@krafthand-medien.de\" \/>\n\t<meta name=\"twitter:label2\" content=\"Gesch\u00e4tzte Lesezeit\" \/>\n\t<meta name=\"twitter:data2\" content=\"3\u00a0Minuten\" \/>\n<script type=\"application\/ld+json\" class=\"yoast-schema-graph\">{\"@context\":\"https:\\\/\\\/schema.org\",\"@graph\":[{\"@type\":\"Article\",\"@id\":\"https:\\\/\\\/www.krafthand.de\\\/truck\\\/artikel\\\/autopromotec-mit-internationalen-workshops-31028\\\/#article\",\"isPartOf\":{\"@id\":\"https:\\\/\\\/www.krafthand.de\\\/truck\\\/artikel\\\/autopromotec-mit-internationalen-workshops-31028\\\/\"},\"author\":{\"name\":\"georg.blenk@krafthand-medien.de\",\"@id\":\"https:\\\/\\\/www.krafthand.de\\\/truck\\\/#\\\/schema\\\/person\\\/51fa80b1c57034c4bf63f9f988fc24ce\"},\"headline\":\"Autopromotec mit internationalen Workshops\",\"datePublished\":\"2022-02-03T07:52:17+00:00\",\"dateModified\":\"2022-02-07T10:20:54+00:00\",\"mainEntityOfPage\":{\"@id\":\"https:\\\/\\\/www.krafthand.de\\\/truck\\\/artikel\\\/autopromotec-mit-internationalen-workshops-31028\\\/\"},\"wordCount\":426,\"image\":{\"@id\":\"https:\\\/\\\/www.krafthand.de\\\/truck\\\/artikel\\\/autopromotec-mit-internationalen-workshops-31028\\\/#primaryimage\"},\"thumbnailUrl\":\"https:\\\/\\\/static.krafthand-truck.de\\\/uploads\\\/2022\\\/02\\\/Autopromotec-2022_Szene.jpg\",\"keywords\":[\"Autopromotec\",\"Bologna\",\"Messe\"],\"articleSection\":[\"Veranstaltungen\\\/Messen\"],\"inLanguage\":\"de\"},{\"@type\":\"WebPage\",\"@id\":\"https:\\\/\\\/www.krafthand.de\\\/truck\\\/artikel\\\/autopromotec-mit-internationalen-workshops-31028\\\/\",\"url\":\"https:\\\/\\\/www.krafthand.de\\\/truck\\\/artikel\\\/autopromotec-mit-internationalen-workshops-31028\\\/\",\"name\":\"Autopromotec in Bologna mit sechs Themenworkshops\",\"isPartOf\":{\"@id\":\"https:\\\/\\\/www.krafthand.de\\\/truck\\\/#website\"},\"primaryImageOfPage\":{\"@id\":\"https:\\\/\\\/www.krafthand.de\\\/truck\\\/artikel\\\/autopromotec-mit-internationalen-workshops-31028\\\/#primaryimage\"},\"image\":{\"@id\":\"https:\\\/\\\/www.krafthand.de\\\/truck\\\/artikel\\\/autopromotec-mit-internationalen-workshops-31028\\\/#primaryimage\"},\"thumbnailUrl\":\"https:\\\/\\\/static.krafthand-truck.de\\\/uploads\\\/2022\\\/02\\\/Autopromotec-2022_Szene.jpg\",\"datePublished\":\"2022-02-03T07:52:17+00:00\",\"dateModified\":\"2022-02-07T10:20:54+00:00\",\"author\":{\"@id\":\"https:\\\/\\\/www.krafthand.de\\\/truck\\\/#\\\/schema\\\/person\\\/51fa80b1c57034c4bf63f9f988fc24ce\"},\"description\":\"Die Veranstalter der internationalen Fachmesse Autopromotec 2022 in Bologna, m\u00f6chten mehr Inhalte, mehr Begegnungs- und Aktualisierungsmomente und M\u00f6glichkeiten zum Networking schaffen. Aus diesem Grund hat man zus\u00e4tzlich sechs Workshops mit globalem Charakter und europ\u00e4ischem Fokus eingeplant.\",\"breadcrumb\":{\"@id\":\"https:\\\/\\\/www.krafthand.de\\\/truck\\\/artikel\\\/autopromotec-mit-internationalen-workshops-31028\\\/#breadcrumb\"},\"inLanguage\":\"de\",\"potentialAction\":[{\"@type\":\"ReadAction\",\"target\":[\"https:\\\/\\\/www.krafthand.de\\\/truck\\\/artikel\\\/autopromotec-mit-internationalen-workshops-31028\\\/\"]}]},{\"@type\":\"ImageObject\",\"inLanguage\":\"de\",\"@id\":\"https:\\\/\\\/www.krafthand.de\\\/truck\\\/artikel\\\/autopromotec-mit-internationalen-workshops-31028\\\/#primaryimage\",\"url\":\"https:\\\/\\\/static.krafthand-truck.de\\\/uploads\\\/2022\\\/02\\\/Autopromotec-2022_Szene.jpg\",\"contentUrl\":\"https:\\\/\\\/static.krafthand-truck.de\\\/uploads\\\/2022\\\/02\\\/Autopromotec-2022_Szene.jpg\",\"width\":1200,\"height\":800},{\"@type\":\"BreadcrumbList\",\"@id\":\"https:\\\/\\\/www.krafthand.de\\\/truck\\\/artikel\\\/autopromotec-mit-internationalen-workshops-31028\\\/#breadcrumb\",\"itemListElement\":[{\"@type\":\"ListItem\",\"position\":1,\"name\":\"Krafthand-Truck\",\"item\":\"https:\\\/\\\/www.krafthand.de\\\/truck\\\/\"},{\"@type\":\"ListItem\",\"position\":2,\"name\":\"Nfz-Branche\",\"item\":\"https:\\\/\\\/www.krafthand.de\\\/truck\\\/kategorie\\\/branche\\\/\"},{\"@type\":\"ListItem\",\"position\":3,\"name\":\"Veranstaltungen\\\/Messen\",\"item\":\"https:\\\/\\\/www.krafthand.de\\\/truck\\\/kategorie\\\/branche\\\/veranstaltungen\\\/\"},{\"@type\":\"ListItem\",\"position\":4,\"name\":\"Autopromotec mit internationalen Workshops\"}]},{\"@type\":\"WebSite\",\"@id\":\"https:\\\/\\\/www.krafthand.de\\\/truck\\\/#website\",\"url\":\"https:\\\/\\\/www.krafthand.de\\\/truck\\\/\",\"name\":\"Krafthand-Truck\",\"description\":\"\",\"potentialAction\":[{\"@type\":\"SearchAction\",\"target\":{\"@type\":\"EntryPoint\",\"urlTemplate\":\"https:\\\/\\\/www.krafthand.de\\\/truck\\\/?s={search_term_string}\"},\"query-input\":{\"@type\":\"PropertyValueSpecification\",\"valueRequired\":true,\"valueName\":\"search_term_string\"}}],\"inLanguage\":\"de\"},{\"@type\":\"Person\",\"@id\":\"https:\\\/\\\/www.krafthand.de\\\/truck\\\/#\\\/schema\\\/person\\\/51fa80b1c57034c4bf63f9f988fc24ce\",\"name\":\"georg.blenk@krafthand-medien.de\",\"image\":{\"@type\":\"ImageObject\",\"inLanguage\":\"de\",\"@id\":\"https:\\\/\\\/secure.gravatar.com\\\/avatar\\\/93713c30affe0aa95d3a4130e499bb1abee2eb31adbdd9ce2aa1543538490215?s=96&d=mm&r=g\",\"url\":\"https:\\\/\\\/secure.gravatar.com\\\/avatar\\\/93713c30affe0aa95d3a4130e499bb1abee2eb31adbdd9ce2aa1543538490215?s=96&d=mm&r=g\",\"contentUrl\":\"https:\\\/\\\/secure.gravatar.com\\\/avatar\\\/93713c30affe0aa95d3a4130e499bb1abee2eb31adbdd9ce2aa1543538490215?s=96&d=mm&r=g\",\"caption\":\"georg.blenk@krafthand-medien.de\"}}]}<\/script>\n<!-- \/ Yoast SEO plugin. -->","yoast_head_json":{"title":"Autopromotec in Bologna mit sechs Themenworkshops","description":"Die Veranstalter der internationalen Fachmesse Autopromotec 2022 in Bologna, m\u00f6chten mehr Inhalte, mehr Begegnungs- und Aktualisierungsmomente und M\u00f6glichkeiten zum Networking schaffen. Aus diesem Grund hat man zus\u00e4tzlich sechs Workshops mit globalem Charakter und europ\u00e4ischem Fokus eingeplant.","robots":{"index":"index","follow":"follow","max-snippet":"max-snippet:-1","max-image-preview":"max-image-preview:large","max-video-preview":"max-video-preview:-1"},"canonical":"https:\/\/www.krafthand.de\/truck\/artikel\/autopromotec-mit-internationalen-workshops-31028\/","og_locale":"de_DE","og_type":"article","og_title":"Autopromotec in Bologna mit sechs Themenworkshops","og_description":"Die Veranstalter der internationalen Fachmesse Autopromotec 2022 in Bologna, m\u00f6chten mehr Inhalte, mehr Begegnungs- und Aktualisierungsmomente und M\u00f6glichkeiten zum Networking schaffen. Aus diesem Grund hat man zus\u00e4tzlich sechs Workshops mit globalem Charakter und europ\u00e4ischem Fokus eingeplant.","og_url":"https:\/\/www.krafthand-truck.de\/artikel\/autopromotec-mit-internationalen-workshops-31028\/","og_site_name":"Krafthand-Truck","article_published_time":"2022-02-03T07:52:17+00:00","article_modified_time":"2022-02-07T10:20:54+00:00","og_image":[{"width":1200,"height":800,"url":"https:\/\/static.krafthand-truck.de\/uploads\/2022\/02\/Autopromotec-2022_Szene.jpg","type":"image\/jpeg"}],"author":"georg.blenk@krafthand-medien.de","twitter_card":"summary_large_image","twitter_misc":{"Verfasst von":"georg.blenk@krafthand-medien.de","Gesch\u00e4tzte Lesezeit":"3\u00a0Minuten"},"schema":{"@context":"https:\/\/schema.org","@graph":[{"@type":"Article","@id":"https:\/\/www.krafthand.de\/truck\/artikel\/autopromotec-mit-internationalen-workshops-31028\/#article","isPartOf":{"@id":"https:\/\/www.krafthand.de\/truck\/artikel\/autopromotec-mit-internationalen-workshops-31028\/"},"author":{"name":"georg.blenk@krafthand-medien.de","@id":"https:\/\/www.krafthand.de\/truck\/#\/schema\/person\/51fa80b1c57034c4bf63f9f988fc24ce"},"headline":"Autopromotec mit internationalen Workshops","datePublished":"2022-02-03T07:52:17+00:00","dateModified":"2022-02-07T10:20:54+00:00","mainEntityOfPage":{"@id":"https:\/\/www.krafthand.de\/truck\/artikel\/autopromotec-mit-internationalen-workshops-31028\/"},"wordCount":426,"image":{"@id":"https:\/\/www.krafthand.de\/truck\/artikel\/autopromotec-mit-internationalen-workshops-31028\/#primaryimage"},"thumbnailUrl":"https:\/\/static.krafthand-truck.de\/uploads\/2022\/02\/Autopromotec-2022_Szene.jpg","keywords":["Autopromotec","Bologna","Messe"],"articleSection":["Veranstaltungen\/Messen"],"inLanguage":"de"},{"@type":"WebPage","@id":"https:\/\/www.krafthand.de\/truck\/artikel\/autopromotec-mit-internationalen-workshops-31028\/","url":"https:\/\/www.krafthand.de\/truck\/artikel\/autopromotec-mit-internationalen-workshops-31028\/","name":"Autopromotec in Bologna mit sechs Themenworkshops","isPartOf":{"@id":"https:\/\/www.krafthand.de\/truck\/#website"},"primaryImageOfPage":{"@id":"https:\/\/www.krafthand.de\/truck\/artikel\/autopromotec-mit-internationalen-workshops-31028\/#primaryimage"},"image":{"@id":"https:\/\/www.krafthand.de\/truck\/artikel\/autopromotec-mit-internationalen-workshops-31028\/#primaryimage"},"thumbnailUrl":"https:\/\/static.krafthand-truck.de\/uploads\/2022\/02\/Autopromotec-2022_Szene.jpg","datePublished":"2022-02-03T07:52:17+00:00","dateModified":"2022-02-07T10:20:54+00:00","author":{"@id":"https:\/\/www.krafthand.de\/truck\/#\/schema\/person\/51fa80b1c57034c4bf63f9f988fc24ce"},"description":"Die Veranstalter der internationalen Fachmesse Autopromotec 2022 in Bologna, m\u00f6chten mehr Inhalte, mehr Begegnungs- und Aktualisierungsmomente und M\u00f6glichkeiten zum Networking schaffen. Aus diesem Grund hat man zus\u00e4tzlich sechs Workshops mit globalem Charakter und europ\u00e4ischem Fokus eingeplant.","breadcrumb":{"@id":"https:\/\/www.krafthand.de\/truck\/artikel\/autopromotec-mit-internationalen-workshops-31028\/#breadcrumb"},"inLanguage":"de","potentialAction":[{"@type":"ReadAction","target":["https:\/\/www.krafthand.de\/truck\/artikel\/autopromotec-mit-internationalen-workshops-31028\/"]}]},{"@type":"ImageObject","inLanguage":"de","@id":"https:\/\/www.krafthand.de\/truck\/artikel\/autopromotec-mit-internationalen-workshops-31028\/#primaryimage","url":"https:\/\/static.krafthand-truck.de\/uploads\/2022\/02\/Autopromotec-2022_Szene.jpg","contentUrl":"https:\/\/static.krafthand-truck.de\/uploads\/2022\/02\/Autopromotec-2022_Szene.jpg","width":1200,"height":800},{"@type":"BreadcrumbList","@id":"https:\/\/www.krafthand.de\/truck\/artikel\/autopromotec-mit-internationalen-workshops-31028\/#breadcrumb","itemListElement":[{"@type":"ListItem","position":1,"name":"Krafthand-Truck","item":"https:\/\/www.krafthand.de\/truck\/"},{"@type":"ListItem","position":2,"name":"Nfz-Branche","item":"https:\/\/www.krafthand.de\/truck\/kategorie\/branche\/"},{"@type":"ListItem","position":3,"name":"Veranstaltungen\/Messen","item":"https:\/\/www.krafthand.de\/truck\/kategorie\/branche\/veranstaltungen\/"},{"@type":"ListItem","position":4,"name":"Autopromotec mit internationalen Workshops"}]},{"@type":"WebSite","@id":"https:\/\/www.krafthand.de\/truck\/#website","url":"https:\/\/www.krafthand.de\/truck\/","name":"Krafthand-Truck","description":"","potentialAction":[{"@type":"SearchAction","target":{"@type":"EntryPoint","urlTemplate":"https:\/\/www.krafthand.de\/truck\/?s={search_term_string}"},"query-input":{"@type":"PropertyValueSpecification","valueRequired":true,"valueName":"search_term_string"}}],"inLanguage":"de"},{"@type":"Person","@id":"https:\/\/www.krafthand.de\/truck\/#\/schema\/person\/51fa80b1c57034c4bf63f9f988fc24ce","name":"georg.blenk@krafthand-medien.de","image":{"@type":"ImageObject","inLanguage":"de","@id":"https:\/\/secure.gravatar.com\/avatar\/93713c30affe0aa95d3a4130e499bb1abee2eb31adbdd9ce2aa1543538490215?s=96&d=mm&r=g","url":"https:\/\/secure.gravatar.com\/avatar\/93713c30affe0aa95d3a4130e499bb1abee2eb31adbdd9ce2aa1543538490215?s=96&d=mm&r=g","contentUrl":"https:\/\/secure.gravatar.com\/avatar\/93713c30affe0aa95d3a4130e499bb1abee2eb31adbdd9ce2aa1543538490215?s=96&d=mm&r=g","caption":"georg.blenk@krafthand-medien.de"}}]}},"_links":{"self":[{"href":"https:\/\/www.krafthand.de\/truck\/wp-json\/wp\/v2\/posts\/31028","targetHints":{"allow":["GET"]}}],"collection":[{"href":"https:\/\/www.krafthand.de\/truck\/wp-json\/wp\/v2\/posts"}],"about":[{"href":"https:\/\/www.krafthand.de\/truck\/wp-json\/wp\/v2\/types\/post"}],"author":[{"embeddable":true,"href":"https:\/\/www.krafthand.de\/truck\/wp-json\/wp\/v2\/users\/9"}],"replies":[{"embeddable":true,"href":"https:\/\/www.krafthand.de\/truck\/wp-json\/wp\/v2\/comments?post=31028"}],"version-history":[{"count":9,"href":"https:\/\/www.krafthand.de\/truck\/wp-json\/wp\/v2\/posts\/31028\/revisions"}],"predecessor-version":[{"id":31058,"href":"https:\/\/www.krafthand.de\/truck\/wp-json\/wp\/v2\/posts\/31028\/revisions\/31058"}],"wp:featuredmedia":[{"embeddable":true,"href":"https:\/\/www.krafthand.de\/truck\/wp-json\/wp\/v2\/media\/31032"}],"wp:attachment":[{"href":"https:\/\/www.krafthand.de\/truck\/wp-json\/wp\/v2\/media?parent=31028"}],"wp:term":[{"taxonomy":"category","embeddable":true,"href":"https:\/\/www.krafthand.de\/truck\/wp-json\/wp\/v2\/categories?post=31028"},{"taxonomy":"post_tag","embeddable":true,"href":"https:\/\/www.krafthand.de\/truck\/wp-json\/wp\/v2\/tags?post=31028"},{"taxonomy":"settings","embeddable":true,"href":"https:\/\/www.krafthand.de\/truck\/wp-json\/wp\/v2\/settings?post=31028"}],"curies":[{"name":"wp","href":"https:\/\/api.w.org\/{rel}","templated":true}]}}