{"id":3100,"date":"2017-06-30T06:42:47","date_gmt":"2017-06-30T04:42:47","guid":{"rendered":"https:\/\/www.krafthand.de\/truck\/artikel\/avl-ditest-ueberlegungen-fuer-die-diagnosezukunft-der-naechsten-jahre-3100\/"},"modified":"2021-03-30T08:01:57","modified_gmt":"2021-03-30T06:01:57","slug":"avl-ditest-ueberlegungen-fuer-die-diagnosezukunft-der-naechsten-jahre","status":"publish","type":"post","link":"https:\/\/www.krafthand.de\/truck\/artikel\/avl-ditest-ueberlegungen-fuer-die-diagnosezukunft-der-naechsten-jahre-3100\/","title":{"rendered":"AVL Ditest: \u00dcberlegungen f\u00fcr die Diagnosezukunft der n\u00e4chsten Jahre"},"content":{"rendered":"<p class=\"text-colored\">Beim Diagnosespezialisten AVL Ditest hat sich im vergangenen halben Jahr einiges getan: Im November 2016 erfolgte der Bezug eines neuen, modernen Geb\u00e4udes im mittelfr\u00e4nkischen Cadolzburg, unweit des bisherigen Standorts F\u00fcrth. Seit Januar 2017 ist nun Ralf Kerssenfischer der Gesch\u00e4ftsf\u00fchrer und folgt damit Harald Hahn nach, der zuvor mehr als 15 Jahre das Unternehmen gepr\u00e4gt und sich zum 1. Januar 2017 \u201aoffiziell\u2019 in den wohlverdienten Ruhestand verabschiedet hat.<\/p>\n<p>Wobei er sein Know-how und sein Netzwerk, insbesondere zu Fachverb\u00e4nden und wichtigen politischen Gremien, auch weiterhin als Executive Advisor Legal Affairs &amp; Global Accounts ins Unternehmen einbringen wird. Mit Kerssenfischer steht allerdings kein Neuling an der Spitze von AVL Ditest Deutschland: er ist schon seit 2004 im Unternehmen, davon die letzten zw\u00f6lf Jahre als stellvertretender Gesch\u00e4ftsf\u00fchrer. Auf diesen Posten r\u00fcckte Marcel Wendland nach, der zudem als Entwicklungsleiter fungiert und ebenfalls schon seit l\u00e4ngerem dem F\u00fchrungsteam angeh\u00f6rt.<\/p>\n<p>Helle Farben, eine moderne Einrichtung, flexibel gestaltbare, zum Teil mobile Arbeitspl\u00e4tze und sogenannte SCRUM-Spaces, spezielle Meetingsr\u00e4ume mit beschreibbaren Glasw\u00e4nden und gro\u00dfen Bildschirmen, die einen besonders intensiven Austausch innerhalb der Teams erm\u00f6glichen und ein agiles Projektmanagement unterst\u00fctzen sollen, geben schon optisch einen Vorgeschmack darauf, wie AVL Ditest Deutschland sich die Diagnosezukunft der n\u00e4chsten Jahre vorstellt. &#8222;Wir wollen gemeinsam Innovationen durch ein wertsch\u00e4tzendes Miteinander schaffen. Mit Begeisterung nehmen wir immer wieder h\u00f6chste Herausforderungen an und kreieren die Zukunftstechnologie zusammen mit unseren Kunden&#8220;, erkl\u00e4rte Kerssenfischer die Prozesse bei der offiziellen Er\u00f6ffnung vor der Fachpresse.<\/p>\n","protected":false},"excerpt":{"rendered":"<p>Beim Diagnosespezialisten AVL Ditest hat sich im vergangenen halben Jahr einiges getan: Im November 2016 erfolgte der Bezug eines neuen, modernen Geb\u00e4udes im mittelfr\u00e4nkischen Cadolzburg, unweit des bisherigen Standorts F\u00fcrth. Seit Januar 2017 ist nun Ralf Kerssenfischer der Gesch\u00e4ftsf\u00fchrer und folgt damit Harald Hahn nach, der zuvor mehr als 15 Jahre das Unternehmen gepr\u00e4gt und sich zum 1. Januar 2017 \u201aoffiziell\u2019 in den wohlverdienten Ruhestand verabschiedet hat. <span class=\"excerpt-more__dots\">&#8230;<\/span> <a class=\"excerpt-more__link\" href=\"https:\/\/www.krafthand.de\/truck\/artikel\/avl-ditest-ueberlegungen-fuer-die-diagnosezukunft-der-naechsten-jahre-3100\/\" >weiter<\/a><\/p>\n","protected":false},"author":3,"featured_media":3101,"comment_status":"closed","ping_status":"closed","sticky":false,"template":"","format":"standard","meta":{"footnotes":""},"categories":[],"tags":[974,3109,1167,1624,1621,3111,3110,3112],"settings":[],"class_list":["post-3100","post","type-post","status-publish","format-standard","has-post-thumbnail","hentry","tag-avl-ditest","tag-denkfabrik","tag-diagnose","tag-equipment","tag-harald-hahn","tag-marcel-wendland","tag-ralf-kerssenfischer","tag-scrum-spaces"],"yoast_head":"<!-- This site is optimized with the Yoast SEO plugin v27.3 - https:\/\/yoast.com\/product\/yoast-seo-wordpress\/ -->\n<title>AVL Ditest: \u00dcberlegungen f\u00fcr die Diagnosezukunft der n\u00e4chsten Jahre - Krafthand-Truck<\/title>\n<meta name=\"robots\" content=\"index, follow, max-snippet:-1, max-image-preview:large, max-video-preview:-1\" \/>\n<link rel=\"canonical\" href=\"https:\/\/www.krafthand.de\/truck\/artikel\/avl-ditest-ueberlegungen-fuer-die-diagnosezukunft-der-naechsten-jahre-3100\/\" \/>\n<meta property=\"og:locale\" content=\"de_DE\" \/>\n<meta property=\"og:type\" content=\"article\" \/>\n<meta property=\"og:title\" content=\"AVL Ditest: \u00dcberlegungen f\u00fcr die Diagnosezukunft der n\u00e4chsten Jahre - Krafthand-Truck\" \/>\n<meta property=\"og:description\" content=\"Beim Diagnosespezialisten AVL Ditest hat sich im vergangenen halben Jahr einiges getan: Im November 2016 erfolgte der Bezug eines neuen, modernen Geb\u00e4udes im mittelfr\u00e4nkischen Cadolzburg, unweit des bisherigen Standorts F\u00fcrth. Seit Januar 2017 ist nun Ralf Kerssenfischer der Gesch\u00e4ftsf\u00fchrer und folgt damit Harald Hahn nach, der zuvor mehr als 15 Jahre das Unternehmen gepr\u00e4gt und sich zum 1. Januar 2017 \u201aoffiziell\u2019 in den wohlverdienten Ruhestand verabschiedet hat. ... weiter\" \/>\n<meta property=\"og:url\" content=\"https:\/\/www.krafthand-truck.de\/artikel\/avl-ditest-ueberlegungen-fuer-die-diagnosezukunft-der-naechsten-jahre-3100\/\" \/>\n<meta property=\"og:site_name\" content=\"Krafthand-Truck\" \/>\n<meta property=\"article:published_time\" content=\"2017-06-30T04:42:47+00:00\" \/>\n<meta property=\"article:modified_time\" content=\"2021-03-30T06:01:57+00:00\" \/>\n<meta property=\"og:image\" content=\"https:\/\/www.krafthand.de\/truck\/wp-content\/uploads\/2017\/06\/kht0217_024.jpg\" \/>\n\t<meta property=\"og:image:width\" content=\"1200\" \/>\n\t<meta property=\"og:image:height\" content=\"948\" \/>\n\t<meta property=\"og:image:type\" content=\"image\/jpeg\" \/>\n<meta name=\"author\" content=\"katja.heid@krafthand.de\" \/>\n<meta name=\"twitter:card\" content=\"summary_large_image\" \/>\n<meta name=\"twitter:label1\" content=\"Verfasst von\" \/>\n\t<meta name=\"twitter:data1\" content=\"katja.heid@krafthand.de\" \/>\n\t<meta name=\"twitter:label2\" content=\"Gesch\u00e4tzte Lesezeit\" \/>\n\t<meta name=\"twitter:data2\" content=\"1\u00a0Minute\" \/>\n<script type=\"application\/ld+json\" class=\"yoast-schema-graph\">{\"@context\":\"https:\\\/\\\/schema.org\",\"@graph\":[{\"@type\":\"Article\",\"@id\":\"https:\\\/\\\/www.krafthand.de\\\/truck\\\/artikel\\\/avl-ditest-ueberlegungen-fuer-die-diagnosezukunft-der-naechsten-jahre-3100\\\/#article\",\"isPartOf\":{\"@id\":\"https:\\\/\\\/www.krafthand.de\\\/truck\\\/artikel\\\/avl-ditest-ueberlegungen-fuer-die-diagnosezukunft-der-naechsten-jahre-3100\\\/\"},\"author\":{\"name\":\"katja.heid@krafthand.de\",\"@id\":\"https:\\\/\\\/www.krafthand.de\\\/truck\\\/#\\\/schema\\\/person\\\/8e290c6d425b72d176adc7767a251001\"},\"headline\":\"AVL Ditest: \u00dcberlegungen f\u00fcr die Diagnosezukunft der n\u00e4chsten Jahre\",\"datePublished\":\"2017-06-30T04:42:47+00:00\",\"dateModified\":\"2021-03-30T06:01:57+00:00\",\"mainEntityOfPage\":{\"@id\":\"https:\\\/\\\/www.krafthand.de\\\/truck\\\/artikel\\\/avl-ditest-ueberlegungen-fuer-die-diagnosezukunft-der-naechsten-jahre-3100\\\/\"},\"wordCount\":266,\"image\":{\"@id\":\"https:\\\/\\\/www.krafthand.de\\\/truck\\\/artikel\\\/avl-ditest-ueberlegungen-fuer-die-diagnosezukunft-der-naechsten-jahre-3100\\\/#primaryimage\"},\"thumbnailUrl\":\"https:\\\/\\\/static.krafthand-truck.de\\\/uploads\\\/2017\\\/06\\\/kht0217_024.jpg\",\"keywords\":[\"AVL Ditest\",\"Denkfabrik\",\"Diagnose\",\"Equipment\",\"Harald Hahn\",\"Marcel Wendland\",\"Ralf Kerssenfischer\",\"SCRUM-Spaces\"],\"inLanguage\":\"de\"},{\"@type\":\"WebPage\",\"@id\":\"https:\\\/\\\/www.krafthand.de\\\/truck\\\/artikel\\\/avl-ditest-ueberlegungen-fuer-die-diagnosezukunft-der-naechsten-jahre-3100\\\/\",\"url\":\"https:\\\/\\\/www.krafthand.de\\\/truck\\\/artikel\\\/avl-ditest-ueberlegungen-fuer-die-diagnosezukunft-der-naechsten-jahre-3100\\\/\",\"name\":\"AVL Ditest: \u00dcberlegungen f\u00fcr die Diagnosezukunft der n\u00e4chsten Jahre - Krafthand-Truck\",\"isPartOf\":{\"@id\":\"https:\\\/\\\/www.krafthand.de\\\/truck\\\/#website\"},\"primaryImageOfPage\":{\"@id\":\"https:\\\/\\\/www.krafthand.de\\\/truck\\\/artikel\\\/avl-ditest-ueberlegungen-fuer-die-diagnosezukunft-der-naechsten-jahre-3100\\\/#primaryimage\"},\"image\":{\"@id\":\"https:\\\/\\\/www.krafthand.de\\\/truck\\\/artikel\\\/avl-ditest-ueberlegungen-fuer-die-diagnosezukunft-der-naechsten-jahre-3100\\\/#primaryimage\"},\"thumbnailUrl\":\"https:\\\/\\\/static.krafthand-truck.de\\\/uploads\\\/2017\\\/06\\\/kht0217_024.jpg\",\"datePublished\":\"2017-06-30T04:42:47+00:00\",\"dateModified\":\"2021-03-30T06:01:57+00:00\",\"author\":{\"@id\":\"https:\\\/\\\/www.krafthand.de\\\/truck\\\/#\\\/schema\\\/person\\\/8e290c6d425b72d176adc7767a251001\"},\"breadcrumb\":{\"@id\":\"https:\\\/\\\/www.krafthand.de\\\/truck\\\/artikel\\\/avl-ditest-ueberlegungen-fuer-die-diagnosezukunft-der-naechsten-jahre-3100\\\/#breadcrumb\"},\"inLanguage\":\"de\",\"potentialAction\":[{\"@type\":\"ReadAction\",\"target\":[\"https:\\\/\\\/www.krafthand.de\\\/truck\\\/artikel\\\/avl-ditest-ueberlegungen-fuer-die-diagnosezukunft-der-naechsten-jahre-3100\\\/\"]}]},{\"@type\":\"ImageObject\",\"inLanguage\":\"de\",\"@id\":\"https:\\\/\\\/www.krafthand.de\\\/truck\\\/artikel\\\/avl-ditest-ueberlegungen-fuer-die-diagnosezukunft-der-naechsten-jahre-3100\\\/#primaryimage\",\"url\":\"https:\\\/\\\/static.krafthand-truck.de\\\/uploads\\\/2017\\\/06\\\/kht0217_024.jpg\",\"contentUrl\":\"https:\\\/\\\/static.krafthand-truck.de\\\/uploads\\\/2017\\\/06\\\/kht0217_024.jpg\",\"width\":1200,\"height\":948,\"caption\":\"Denkfabrik: Der neue Firmensitz von AVL Ditest in Cadolzburg soll mit seinem gro\u00dfz\u00fcgigen Volumen und flexibel gestaltbaren Arbeitspl\u00e4tzen ein zukunftsweisendes Arbeitsumfeld und ideale Voraussetzungen f\u00fcr die Entwicklung neuer Innovationen am Pr\u00fcftechnik-Markt schaffen. Die Entwicklerteams k\u00f6nnen sich durch mobile Arbeitsplatz-Einheiten mit Kollegen f\u00fcr Projekte zusammenzuschlie\u00dfen. Bild: AVL Ditest\"},{\"@type\":\"BreadcrumbList\",\"@id\":\"https:\\\/\\\/www.krafthand.de\\\/truck\\\/artikel\\\/avl-ditest-ueberlegungen-fuer-die-diagnosezukunft-der-naechsten-jahre-3100\\\/#breadcrumb\",\"itemListElement\":[{\"@type\":\"ListItem\",\"position\":1,\"name\":\"Krafthand-Truck\",\"item\":\"https:\\\/\\\/www.krafthand.de\\\/truck\\\/\"},{\"@type\":\"ListItem\",\"position\":2,\"name\":\"Nfz-Service\",\"item\":\"https:\\\/\\\/www.krafthand.de\\\/truck\\\/kategorie\\\/nfz-service\\\/\"},{\"@type\":\"ListItem\",\"position\":3,\"name\":\"AVL Ditest: \u00dcberlegungen f\u00fcr die Diagnosezukunft der n\u00e4chsten Jahre\"}]},{\"@type\":\"WebSite\",\"@id\":\"https:\\\/\\\/www.krafthand.de\\\/truck\\\/#website\",\"url\":\"https:\\\/\\\/www.krafthand.de\\\/truck\\\/\",\"name\":\"Krafthand-Truck\",\"description\":\"\",\"potentialAction\":[{\"@type\":\"SearchAction\",\"target\":{\"@type\":\"EntryPoint\",\"urlTemplate\":\"https:\\\/\\\/www.krafthand.de\\\/truck\\\/?s={search_term_string}\"},\"query-input\":{\"@type\":\"PropertyValueSpecification\",\"valueRequired\":true,\"valueName\":\"search_term_string\"}}],\"inLanguage\":\"de\"},{\"@type\":\"Person\",\"@id\":\"https:\\\/\\\/www.krafthand.de\\\/truck\\\/#\\\/schema\\\/person\\\/8e290c6d425b72d176adc7767a251001\",\"name\":\"katja.heid@krafthand.de\",\"image\":{\"@type\":\"ImageObject\",\"inLanguage\":\"de\",\"@id\":\"https:\\\/\\\/secure.gravatar.com\\\/avatar\\\/9a2930c54ede0e0a76c0f8abfb74704de273084f2aa0e3c6deb2c86704c7402b?s=96&d=mm&r=g\",\"url\":\"https:\\\/\\\/secure.gravatar.com\\\/avatar\\\/9a2930c54ede0e0a76c0f8abfb74704de273084f2aa0e3c6deb2c86704c7402b?s=96&d=mm&r=g\",\"contentUrl\":\"https:\\\/\\\/secure.gravatar.com\\\/avatar\\\/9a2930c54ede0e0a76c0f8abfb74704de273084f2aa0e3c6deb2c86704c7402b?s=96&d=mm&r=g\",\"caption\":\"katja.heid@krafthand.de\"}}]}<\/script>\n<!-- \/ Yoast SEO plugin. -->","yoast_head_json":{"title":"AVL Ditest: \u00dcberlegungen f\u00fcr die Diagnosezukunft der n\u00e4chsten Jahre - Krafthand-Truck","robots":{"index":"index","follow":"follow","max-snippet":"max-snippet:-1","max-image-preview":"max-image-preview:large","max-video-preview":"max-video-preview:-1"},"canonical":"https:\/\/www.krafthand.de\/truck\/artikel\/avl-ditest-ueberlegungen-fuer-die-diagnosezukunft-der-naechsten-jahre-3100\/","og_locale":"de_DE","og_type":"article","og_title":"AVL Ditest: \u00dcberlegungen f\u00fcr die Diagnosezukunft der n\u00e4chsten Jahre - Krafthand-Truck","og_description":"Beim Diagnosespezialisten AVL Ditest hat sich im vergangenen halben Jahr einiges getan: Im November 2016 erfolgte der Bezug eines neuen, modernen Geb\u00e4udes im mittelfr\u00e4nkischen Cadolzburg, unweit des bisherigen Standorts F\u00fcrth. Seit Januar 2017 ist nun Ralf Kerssenfischer der Gesch\u00e4ftsf\u00fchrer und folgt damit Harald Hahn nach, der zuvor mehr als 15 Jahre das Unternehmen gepr\u00e4gt und sich zum 1. Januar 2017 \u201aoffiziell\u2019 in den wohlverdienten Ruhestand verabschiedet hat. ... weiter","og_url":"https:\/\/www.krafthand-truck.de\/artikel\/avl-ditest-ueberlegungen-fuer-die-diagnosezukunft-der-naechsten-jahre-3100\/","og_site_name":"Krafthand-Truck","article_published_time":"2017-06-30T04:42:47+00:00","article_modified_time":"2021-03-30T06:01:57+00:00","og_image":[{"width":1200,"height":948,"url":"https:\/\/www.krafthand.de\/truck\/wp-content\/uploads\/2017\/06\/kht0217_024.jpg","type":"image\/jpeg"}],"author":"katja.heid@krafthand.de","twitter_card":"summary_large_image","twitter_misc":{"Verfasst von":"katja.heid@krafthand.de","Gesch\u00e4tzte Lesezeit":"1\u00a0Minute"},"schema":{"@context":"https:\/\/schema.org","@graph":[{"@type":"Article","@id":"https:\/\/www.krafthand.de\/truck\/artikel\/avl-ditest-ueberlegungen-fuer-die-diagnosezukunft-der-naechsten-jahre-3100\/#article","isPartOf":{"@id":"https:\/\/www.krafthand.de\/truck\/artikel\/avl-ditest-ueberlegungen-fuer-die-diagnosezukunft-der-naechsten-jahre-3100\/"},"author":{"name":"katja.heid@krafthand.de","@id":"https:\/\/www.krafthand.de\/truck\/#\/schema\/person\/8e290c6d425b72d176adc7767a251001"},"headline":"AVL Ditest: \u00dcberlegungen f\u00fcr die Diagnosezukunft der n\u00e4chsten Jahre","datePublished":"2017-06-30T04:42:47+00:00","dateModified":"2021-03-30T06:01:57+00:00","mainEntityOfPage":{"@id":"https:\/\/www.krafthand.de\/truck\/artikel\/avl-ditest-ueberlegungen-fuer-die-diagnosezukunft-der-naechsten-jahre-3100\/"},"wordCount":266,"image":{"@id":"https:\/\/www.krafthand.de\/truck\/artikel\/avl-ditest-ueberlegungen-fuer-die-diagnosezukunft-der-naechsten-jahre-3100\/#primaryimage"},"thumbnailUrl":"https:\/\/static.krafthand-truck.de\/uploads\/2017\/06\/kht0217_024.jpg","keywords":["AVL Ditest","Denkfabrik","Diagnose","Equipment","Harald Hahn","Marcel Wendland","Ralf Kerssenfischer","SCRUM-Spaces"],"inLanguage":"de"},{"@type":"WebPage","@id":"https:\/\/www.krafthand.de\/truck\/artikel\/avl-ditest-ueberlegungen-fuer-die-diagnosezukunft-der-naechsten-jahre-3100\/","url":"https:\/\/www.krafthand.de\/truck\/artikel\/avl-ditest-ueberlegungen-fuer-die-diagnosezukunft-der-naechsten-jahre-3100\/","name":"AVL Ditest: \u00dcberlegungen f\u00fcr die Diagnosezukunft der n\u00e4chsten Jahre - Krafthand-Truck","isPartOf":{"@id":"https:\/\/www.krafthand.de\/truck\/#website"},"primaryImageOfPage":{"@id":"https:\/\/www.krafthand.de\/truck\/artikel\/avl-ditest-ueberlegungen-fuer-die-diagnosezukunft-der-naechsten-jahre-3100\/#primaryimage"},"image":{"@id":"https:\/\/www.krafthand.de\/truck\/artikel\/avl-ditest-ueberlegungen-fuer-die-diagnosezukunft-der-naechsten-jahre-3100\/#primaryimage"},"thumbnailUrl":"https:\/\/static.krafthand-truck.de\/uploads\/2017\/06\/kht0217_024.jpg","datePublished":"2017-06-30T04:42:47+00:00","dateModified":"2021-03-30T06:01:57+00:00","author":{"@id":"https:\/\/www.krafthand.de\/truck\/#\/schema\/person\/8e290c6d425b72d176adc7767a251001"},"breadcrumb":{"@id":"https:\/\/www.krafthand.de\/truck\/artikel\/avl-ditest-ueberlegungen-fuer-die-diagnosezukunft-der-naechsten-jahre-3100\/#breadcrumb"},"inLanguage":"de","potentialAction":[{"@type":"ReadAction","target":["https:\/\/www.krafthand.de\/truck\/artikel\/avl-ditest-ueberlegungen-fuer-die-diagnosezukunft-der-naechsten-jahre-3100\/"]}]},{"@type":"ImageObject","inLanguage":"de","@id":"https:\/\/www.krafthand.de\/truck\/artikel\/avl-ditest-ueberlegungen-fuer-die-diagnosezukunft-der-naechsten-jahre-3100\/#primaryimage","url":"https:\/\/static.krafthand-truck.de\/uploads\/2017\/06\/kht0217_024.jpg","contentUrl":"https:\/\/static.krafthand-truck.de\/uploads\/2017\/06\/kht0217_024.jpg","width":1200,"height":948,"caption":"Denkfabrik: Der neue Firmensitz von AVL Ditest in Cadolzburg soll mit seinem gro\u00dfz\u00fcgigen Volumen und flexibel gestaltbaren Arbeitspl\u00e4tzen ein zukunftsweisendes Arbeitsumfeld und ideale Voraussetzungen f\u00fcr die Entwicklung neuer Innovationen am Pr\u00fcftechnik-Markt schaffen. Die Entwicklerteams k\u00f6nnen sich durch mobile Arbeitsplatz-Einheiten mit Kollegen f\u00fcr Projekte zusammenzuschlie\u00dfen. Bild: AVL Ditest"},{"@type":"BreadcrumbList","@id":"https:\/\/www.krafthand.de\/truck\/artikel\/avl-ditest-ueberlegungen-fuer-die-diagnosezukunft-der-naechsten-jahre-3100\/#breadcrumb","itemListElement":[{"@type":"ListItem","position":1,"name":"Krafthand-Truck","item":"https:\/\/www.krafthand.de\/truck\/"},{"@type":"ListItem","position":2,"name":"Nfz-Service","item":"https:\/\/www.krafthand.de\/truck\/kategorie\/nfz-service\/"},{"@type":"ListItem","position":3,"name":"AVL Ditest: \u00dcberlegungen f\u00fcr die Diagnosezukunft der n\u00e4chsten Jahre"}]},{"@type":"WebSite","@id":"https:\/\/www.krafthand.de\/truck\/#website","url":"https:\/\/www.krafthand.de\/truck\/","name":"Krafthand-Truck","description":"","potentialAction":[{"@type":"SearchAction","target":{"@type":"EntryPoint","urlTemplate":"https:\/\/www.krafthand.de\/truck\/?s={search_term_string}"},"query-input":{"@type":"PropertyValueSpecification","valueRequired":true,"valueName":"search_term_string"}}],"inLanguage":"de"},{"@type":"Person","@id":"https:\/\/www.krafthand.de\/truck\/#\/schema\/person\/8e290c6d425b72d176adc7767a251001","name":"katja.heid@krafthand.de","image":{"@type":"ImageObject","inLanguage":"de","@id":"https:\/\/secure.gravatar.com\/avatar\/9a2930c54ede0e0a76c0f8abfb74704de273084f2aa0e3c6deb2c86704c7402b?s=96&d=mm&r=g","url":"https:\/\/secure.gravatar.com\/avatar\/9a2930c54ede0e0a76c0f8abfb74704de273084f2aa0e3c6deb2c86704c7402b?s=96&d=mm&r=g","contentUrl":"https:\/\/secure.gravatar.com\/avatar\/9a2930c54ede0e0a76c0f8abfb74704de273084f2aa0e3c6deb2c86704c7402b?s=96&d=mm&r=g","caption":"katja.heid@krafthand.de"}}]}},"_links":{"self":[{"href":"https:\/\/www.krafthand.de\/truck\/wp-json\/wp\/v2\/posts\/3100","targetHints":{"allow":["GET"]}}],"collection":[{"href":"https:\/\/www.krafthand.de\/truck\/wp-json\/wp\/v2\/posts"}],"about":[{"href":"https:\/\/www.krafthand.de\/truck\/wp-json\/wp\/v2\/types\/post"}],"author":[{"embeddable":true,"href":"https:\/\/www.krafthand.de\/truck\/wp-json\/wp\/v2\/users\/3"}],"replies":[{"embeddable":true,"href":"https:\/\/www.krafthand.de\/truck\/wp-json\/wp\/v2\/comments?post=3100"}],"version-history":[{"count":1,"href":"https:\/\/www.krafthand.de\/truck\/wp-json\/wp\/v2\/posts\/3100\/revisions"}],"predecessor-version":[{"id":27133,"href":"https:\/\/www.krafthand.de\/truck\/wp-json\/wp\/v2\/posts\/3100\/revisions\/27133"}],"wp:featuredmedia":[{"embeddable":true,"href":"https:\/\/www.krafthand.de\/truck\/wp-json\/wp\/v2\/media\/3101"}],"wp:attachment":[{"href":"https:\/\/www.krafthand.de\/truck\/wp-json\/wp\/v2\/media?parent=3100"}],"wp:term":[{"taxonomy":"category","embeddable":true,"href":"https:\/\/www.krafthand.de\/truck\/wp-json\/wp\/v2\/categories?post=3100"},{"taxonomy":"post_tag","embeddable":true,"href":"https:\/\/www.krafthand.de\/truck\/wp-json\/wp\/v2\/tags?post=3100"},{"taxonomy":"settings","embeddable":true,"href":"https:\/\/www.krafthand.de\/truck\/wp-json\/wp\/v2\/settings?post=3100"}],"curies":[{"name":"wp","href":"https:\/\/api.w.org\/{rel}","templated":true}]}}