{"id":30977,"date":"2022-02-02T11:48:38","date_gmt":"2022-02-02T10:48:38","guid":{"rendered":"https:\/\/www.krafthand.de\/truck\/?p=30977"},"modified":"2022-02-02T12:12:03","modified_gmt":"2022-02-02T11:12:03","slug":"erster-actros-l-fuer-die-gebrueder-maier-gmbh","status":"publish","type":"post","link":"https:\/\/www.krafthand.de\/truck\/artikel\/erster-actros-l-fuer-die-gebrueder-maier-gmbh-30977\/","title":{"rendered":"Erster Actros L f\u00fcr die Gebr\u00fcder Maier GmbH"},"content":{"rendered":"<p>K\u00fcrzlich konnte die Gebr\u00fcder Maier GmbH im Kundencenter in W\u00f6rth ihren ersten Actros L entgegennehmen. Das neue Premiummodell von Mercedes-Benz Lkw wurde an den Gesch\u00e4ftsf\u00fchrer der Firma Thomas Maier \u00fcbergeben.<\/p>\n<p>Der enzianblaue und Actros L bietet eine Vielzahl von Features und Ausstattungsdetails: So sorgen zum Beispiel das ger\u00e4umige Fahrerhaus mit SoloStar-Konzept, die neuen Sitzbez\u00fcge, eine verbesserte Ger\u00e4uschisolierung sowie die neue Matratze und neue Wandverkleidungen im Ruhebereich im hinteren Kabinenteil f\u00fcr jede Menge Komfort f\u00fcr den Fahrer. Zum entspannteren Fahren soll unter anderem die um 40 Millimeter niedrigere Sitzposition beitragen, die zugleich eine komfortable Sicht auf die Stra\u00dfe erm\u00f6glicht.<\/p>\n<figure id=\"attachment_30980\" aria-describedby=\"caption-attachment-30980\" style=\"width: 420px\" class=\"wp-caption alignleft\"><a href=\"https:\/\/static.krafthand-truck.de\/uploads\/2022\/02\/Actros_L_Gebrueder_Maier_Krafthand_Truck_02.jpg\" target=\"_blank\" rel=\"noopener\"><img fetchpriority=\"high\" decoding=\"async\" class=\"wp-image-30980\" src=\"https:\/\/static.krafthand-truck.de\/uploads\/2022\/02\/Actros_L_Gebrueder_Maier_Krafthand_Truck_02-300x218.jpg\" alt=\"\" width=\"420\" height=\"306\" srcset=\"https:\/\/static.krafthand-truck.de\/uploads\/2022\/02\/Actros_L_Gebrueder_Maier_Krafthand_Truck_02-300x218.jpg 300w, https:\/\/static.krafthand-truck.de\/uploads\/2022\/02\/Actros_L_Gebrueder_Maier_Krafthand_Truck_02-1024x745.jpg 1024w, https:\/\/static.krafthand-truck.de\/uploads\/2022\/02\/Actros_L_Gebrueder_Maier_Krafthand_Truck_02-768x559.jpg 768w, https:\/\/static.krafthand-truck.de\/uploads\/2022\/02\/Actros_L_Gebrueder_Maier_Krafthand_Truck_02.jpg 1200w\" sizes=\"(max-width: 420px) 100vw, 420px\" \/><\/a><figcaption id=\"caption-attachment-30980\" class=\"wp-caption-text\">Symbolische Schl\u00fcssel\u00fcbergabe im Kundencenter in W\u00f6rth: Reiner Scherer (links.), Leiter des Kundencenters und Thomas Maier, Gesch\u00e4ftsf\u00fchrer der Gebr\u00fcder Maier GmbH.<\/figcaption><\/figure>\n<p>Zudem hat sich Thomas Maier f\u00fcr die neu designten LED-Hauptscheinwerfer, einen Motor mit 510 PS sowie den <a href=\"https:\/\/www.krafthand.de\/truck\/artikel\/das-kalibrieren-der-mirror-cam-und-des-active-sideguard-assist-30142\/\" target=\"_blank\" rel=\"noopener\">Active Sideguard Assist<\/a> entschieden. Dieser neue Abbiege-Assistent S1X kann den Fahrer nicht mehr nur vor auf der Beifahrerseite befindlichen und sich bewegenden Radfahrern oder Fu\u00dfg\u00e4ngern warnen, sondern bis zu einer eigenen Abbiegegeschwindigkeit von 20 km\/h auch eine automatisierte Bremsung bis zum Stillstand des Fahrzeugs einleiten, wenn der Fahrer nicht rechtzeitig reagiert.<\/p>\n<p>Serienm\u00e4\u00dfig verf\u00fcgt der Actros L dar\u00fcber hinaus \u2013 sofern ein Notbremsassistent gesetzlich vorgeschrieben ist \u2013 \u00fcber den Active Brake Assist (ABA) der f\u00fcnften Generation mit Fu\u00dfg\u00e4ngererkennung. Ein System, das dazu beitragen kann, Unf\u00e4lle zu vermeiden, bei denen ein Lkw etwa infolge von Ablenkung des Fahrers, zu geringem Fahrabstand oder nicht angepasster Geschwindigkeit auf ein vorausfahrendes oder stehendes Fahrzeug auffahren k\u00f6nnte oder eine Frontkollision mit einem Fu\u00dfg\u00e4nger droht.<\/p>\n<p>Die <a href=\"https:\/\/www.gebrueder-maier.de\/\" target=\"_blank\" rel=\"noopener\">Gebr\u00fcder Maier GmbH<\/a> ist ein Unternehmen f\u00fcr Transport und Logistik mit Sitz in Eppingen-Elsenz bei Heilbronn. Das Familienunternehmen mit internationaler Erfahrung bietet verschiedene kundenspezifische Dienstleistungen in Bezug auf Spedition, Service und Logistik an.<\/p>\n\r\n\t\t\t\t<div class=\"post-author\">\r\n\t\t\t\t\t<div class=\"khm-cp-author clearfix\">\r\n\t\t\t\t\t\t<div class=\"khm-cp-author__content\">\r\n\t\t\t\t\t\t\t\tKontakt zum Autor:<br \/>\r\n\t\t\t\t\t\t\t\t<strong>Georg Blenk<\/strong>, 08247 \/ 3007-45 |  <a href=\"mailto:georg.blenk@krafthand-medien.de\">georg.blenk@krafthand-medien.de<\/a>\r\n\t\t\t\t\t\t\t<div class=\"khm-cp-author__image\">\r\n\t\t\t\t\t\t<img src=\"https:\/\/static.krafthand-truck.de\/uploads\/2021\/01\/Blenk_6104-250x300-1-removebg-preview.png\" class=\"img-responsive\">\r\n\t\t\t\t\t<\/div>\r\n\t\t\t\t\t\t<\/div>\r\n\t\t\t\t\t<\/div>\r\n\t\t\t\t<\/div>\r\n\t\t\t\t","protected":false},"excerpt":{"rendered":"<p>K\u00fcrzlich konnte die Gebr\u00fcder Maier GmbH im Kundencenter in W\u00f6rth ihren ersten Actros L entgegennehmen. Das neue Premiummodell von Mercedes-Benz Lkw wurde an den Gesch\u00e4ftsf\u00fchrer der Firma Thomas Maier \u00fcbergeben. <span class=\"excerpt-more__dots\">&#8230;<\/span> <a class=\"excerpt-more__link\" href=\"https:\/\/www.krafthand.de\/truck\/artikel\/erster-actros-l-fuer-die-gebrueder-maier-gmbh-30977\/\" >weiter<\/a><\/p>\n","protected":false},"author":9,"featured_media":30979,"comment_status":"closed","ping_status":"closed","sticky":false,"template":"","format":"standard","meta":{"footnotes":""},"categories":[4915,4235],"tags":[5031,4141,5032,479,5033],"settings":[3524,3523],"class_list":["post-30977","post","type-post","status-publish","format-standard","has-post-thumbnail","hentry","category-neue-fahrzeuge","category-unternehmen","tag-actros-l","tag-daimler-truck-ag","tag-gebrueder-maier","tag-mercedes-benz","tag-thomas-maier"],"yoast_head":"<!-- This site is optimized with the Yoast SEO plugin v27.3 - https:\/\/yoast.com\/product\/yoast-seo-wordpress\/ -->\n<title>\u00dcbergabe eines Actros L an die Gebr\u00fcder Maier GmbH<\/title>\n<meta name=\"description\" content=\"K\u00fcrzlich konnte die Gebr\u00fcder Maier GmbH im Kundencenter in W\u00f6rth ihren ersten Actros L entgegennehmen. Das neue Premiummodell von Mercedes-Benz Lkw wurde an den Gesch\u00e4ftsf\u00fchrer der Firma Thomas Maier \u00fcbergeben.\" \/>\n<meta name=\"robots\" content=\"index, follow, max-snippet:-1, max-image-preview:large, max-video-preview:-1\" \/>\n<link rel=\"canonical\" href=\"https:\/\/www.krafthand.de\/truck\/artikel\/erster-actros-l-fuer-die-gebrueder-maier-gmbh-30977\/\" \/>\n<meta property=\"og:locale\" content=\"de_DE\" \/>\n<meta property=\"og:type\" content=\"article\" \/>\n<meta property=\"og:title\" content=\"\u00dcbergabe eines Actros L an die Gebr\u00fcder Maier GmbH\" \/>\n<meta property=\"og:description\" content=\"K\u00fcrzlich konnte die Gebr\u00fcder Maier GmbH im Kundencenter in W\u00f6rth ihren ersten Actros L entgegennehmen. Das neue Premiummodell von Mercedes-Benz Lkw wurde an den Gesch\u00e4ftsf\u00fchrer der Firma Thomas Maier \u00fcbergeben.\" \/>\n<meta property=\"og:url\" content=\"https:\/\/www.krafthand-truck.de\/artikel\/erster-actros-l-fuer-die-gebrueder-maier-gmbh-30977\/\" \/>\n<meta property=\"og:site_name\" content=\"Krafthand-Truck\" \/>\n<meta property=\"article:published_time\" content=\"2022-02-02T10:48:38+00:00\" \/>\n<meta property=\"article:modified_time\" content=\"2022-02-02T11:12:03+00:00\" \/>\n<meta property=\"og:image\" content=\"https:\/\/static.krafthand-truck.de\/uploads\/2022\/02\/Actros_L_Gebrueder_Maier_Krafthand_Truck_01.jpg\" \/>\n\t<meta property=\"og:image:width\" content=\"1200\" \/>\n\t<meta property=\"og:image:height\" content=\"710\" \/>\n\t<meta property=\"og:image:type\" content=\"image\/jpeg\" \/>\n<meta name=\"author\" content=\"georg.blenk@krafthand-medien.de\" \/>\n<meta name=\"twitter:card\" content=\"summary_large_image\" \/>\n<meta name=\"twitter:label1\" content=\"Verfasst von\" \/>\n\t<meta name=\"twitter:data1\" content=\"georg.blenk@krafthand-medien.de\" \/>\n\t<meta name=\"twitter:label2\" content=\"Gesch\u00e4tzte Lesezeit\" \/>\n\t<meta name=\"twitter:data2\" content=\"2\u00a0Minuten\" \/>\n<script type=\"application\/ld+json\" class=\"yoast-schema-graph\">{\"@context\":\"https:\\\/\\\/schema.org\",\"@graph\":[{\"@type\":\"Article\",\"@id\":\"https:\\\/\\\/www.krafthand.de\\\/truck\\\/artikel\\\/erster-actros-l-fuer-die-gebrueder-maier-gmbh-30977\\\/#article\",\"isPartOf\":{\"@id\":\"https:\\\/\\\/www.krafthand.de\\\/truck\\\/artikel\\\/erster-actros-l-fuer-die-gebrueder-maier-gmbh-30977\\\/\"},\"author\":{\"name\":\"georg.blenk@krafthand-medien.de\",\"@id\":\"https:\\\/\\\/www.krafthand.de\\\/truck\\\/#\\\/schema\\\/person\\\/51fa80b1c57034c4bf63f9f988fc24ce\"},\"headline\":\"Erster Actros L f\u00fcr die Gebr\u00fcder Maier GmbH\",\"datePublished\":\"2022-02-02T10:48:38+00:00\",\"dateModified\":\"2022-02-02T11:12:03+00:00\",\"mainEntityOfPage\":{\"@id\":\"https:\\\/\\\/www.krafthand.de\\\/truck\\\/artikel\\\/erster-actros-l-fuer-die-gebrueder-maier-gmbh-30977\\\/\"},\"wordCount\":334,\"image\":{\"@id\":\"https:\\\/\\\/www.krafthand.de\\\/truck\\\/artikel\\\/erster-actros-l-fuer-die-gebrueder-maier-gmbh-30977\\\/#primaryimage\"},\"thumbnailUrl\":\"https:\\\/\\\/static.krafthand-truck.de\\\/uploads\\\/2022\\\/02\\\/Actros_L_Gebrueder_Maier_Krafthand_Truck_01.jpg\",\"keywords\":[\"Actros L\",\"Daimler Truck AG\",\"Gebr\u00fcder Maier\",\"Mercedes-Benz\",\"Thomas Maier\"],\"articleSection\":[\"Neue Fahrzeuge\",\"Unternehmen\"],\"inLanguage\":\"de\"},{\"@type\":\"WebPage\",\"@id\":\"https:\\\/\\\/www.krafthand.de\\\/truck\\\/artikel\\\/erster-actros-l-fuer-die-gebrueder-maier-gmbh-30977\\\/\",\"url\":\"https:\\\/\\\/www.krafthand.de\\\/truck\\\/artikel\\\/erster-actros-l-fuer-die-gebrueder-maier-gmbh-30977\\\/\",\"name\":\"\u00dcbergabe eines Actros L an die Gebr\u00fcder Maier GmbH\",\"isPartOf\":{\"@id\":\"https:\\\/\\\/www.krafthand.de\\\/truck\\\/#website\"},\"primaryImageOfPage\":{\"@id\":\"https:\\\/\\\/www.krafthand.de\\\/truck\\\/artikel\\\/erster-actros-l-fuer-die-gebrueder-maier-gmbh-30977\\\/#primaryimage\"},\"image\":{\"@id\":\"https:\\\/\\\/www.krafthand.de\\\/truck\\\/artikel\\\/erster-actros-l-fuer-die-gebrueder-maier-gmbh-30977\\\/#primaryimage\"},\"thumbnailUrl\":\"https:\\\/\\\/static.krafthand-truck.de\\\/uploads\\\/2022\\\/02\\\/Actros_L_Gebrueder_Maier_Krafthand_Truck_01.jpg\",\"datePublished\":\"2022-02-02T10:48:38+00:00\",\"dateModified\":\"2022-02-02T11:12:03+00:00\",\"author\":{\"@id\":\"https:\\\/\\\/www.krafthand.de\\\/truck\\\/#\\\/schema\\\/person\\\/51fa80b1c57034c4bf63f9f988fc24ce\"},\"description\":\"K\u00fcrzlich konnte die Gebr\u00fcder Maier GmbH im Kundencenter in W\u00f6rth ihren ersten Actros L entgegennehmen. Das neue Premiummodell von Mercedes-Benz Lkw wurde an den Gesch\u00e4ftsf\u00fchrer der Firma Thomas Maier \u00fcbergeben.\",\"breadcrumb\":{\"@id\":\"https:\\\/\\\/www.krafthand.de\\\/truck\\\/artikel\\\/erster-actros-l-fuer-die-gebrueder-maier-gmbh-30977\\\/#breadcrumb\"},\"inLanguage\":\"de\",\"potentialAction\":[{\"@type\":\"ReadAction\",\"target\":[\"https:\\\/\\\/www.krafthand.de\\\/truck\\\/artikel\\\/erster-actros-l-fuer-die-gebrueder-maier-gmbh-30977\\\/\"]}]},{\"@type\":\"ImageObject\",\"inLanguage\":\"de\",\"@id\":\"https:\\\/\\\/www.krafthand.de\\\/truck\\\/artikel\\\/erster-actros-l-fuer-die-gebrueder-maier-gmbh-30977\\\/#primaryimage\",\"url\":\"https:\\\/\\\/static.krafthand-truck.de\\\/uploads\\\/2022\\\/02\\\/Actros_L_Gebrueder_Maier_Krafthand_Truck_01.jpg\",\"contentUrl\":\"https:\\\/\\\/static.krafthand-truck.de\\\/uploads\\\/2022\\\/02\\\/Actros_L_Gebrueder_Maier_Krafthand_Truck_01.jpg\",\"width\":1200,\"height\":710},{\"@type\":\"BreadcrumbList\",\"@id\":\"https:\\\/\\\/www.krafthand.de\\\/truck\\\/artikel\\\/erster-actros-l-fuer-die-gebrueder-maier-gmbh-30977\\\/#breadcrumb\",\"itemListElement\":[{\"@type\":\"ListItem\",\"position\":1,\"name\":\"Krafthand-Truck\",\"item\":\"https:\\\/\\\/www.krafthand.de\\\/truck\\\/\"},{\"@type\":\"ListItem\",\"position\":2,\"name\":\"IT+Fuhrpark\",\"item\":\"https:\\\/\\\/www.krafthand.de\\\/truck\\\/kategorie\\\/fuhrpark\\\/\"},{\"@type\":\"ListItem\",\"position\":3,\"name\":\"Neue Fahrzeuge\",\"item\":\"https:\\\/\\\/www.krafthand.de\\\/truck\\\/kategorie\\\/fuhrpark\\\/neue-fahrzeuge\\\/\"},{\"@type\":\"ListItem\",\"position\":4,\"name\":\"Erster Actros L f\u00fcr die Gebr\u00fcder Maier GmbH\"}]},{\"@type\":\"WebSite\",\"@id\":\"https:\\\/\\\/www.krafthand.de\\\/truck\\\/#website\",\"url\":\"https:\\\/\\\/www.krafthand.de\\\/truck\\\/\",\"name\":\"Krafthand-Truck\",\"description\":\"\",\"potentialAction\":[{\"@type\":\"SearchAction\",\"target\":{\"@type\":\"EntryPoint\",\"urlTemplate\":\"https:\\\/\\\/www.krafthand.de\\\/truck\\\/?s={search_term_string}\"},\"query-input\":{\"@type\":\"PropertyValueSpecification\",\"valueRequired\":true,\"valueName\":\"search_term_string\"}}],\"inLanguage\":\"de\"},{\"@type\":\"Person\",\"@id\":\"https:\\\/\\\/www.krafthand.de\\\/truck\\\/#\\\/schema\\\/person\\\/51fa80b1c57034c4bf63f9f988fc24ce\",\"name\":\"georg.blenk@krafthand-medien.de\",\"image\":{\"@type\":\"ImageObject\",\"inLanguage\":\"de\",\"@id\":\"https:\\\/\\\/secure.gravatar.com\\\/avatar\\\/93713c30affe0aa95d3a4130e499bb1abee2eb31adbdd9ce2aa1543538490215?s=96&d=mm&r=g\",\"url\":\"https:\\\/\\\/secure.gravatar.com\\\/avatar\\\/93713c30affe0aa95d3a4130e499bb1abee2eb31adbdd9ce2aa1543538490215?s=96&d=mm&r=g\",\"contentUrl\":\"https:\\\/\\\/secure.gravatar.com\\\/avatar\\\/93713c30affe0aa95d3a4130e499bb1abee2eb31adbdd9ce2aa1543538490215?s=96&d=mm&r=g\",\"caption\":\"georg.blenk@krafthand-medien.de\"}}]}<\/script>\n<!-- \/ Yoast SEO plugin. -->","yoast_head_json":{"title":"\u00dcbergabe eines Actros L an die Gebr\u00fcder Maier GmbH","description":"K\u00fcrzlich konnte die Gebr\u00fcder Maier GmbH im Kundencenter in W\u00f6rth ihren ersten Actros L entgegennehmen. Das neue Premiummodell von Mercedes-Benz Lkw wurde an den Gesch\u00e4ftsf\u00fchrer der Firma Thomas Maier \u00fcbergeben.","robots":{"index":"index","follow":"follow","max-snippet":"max-snippet:-1","max-image-preview":"max-image-preview:large","max-video-preview":"max-video-preview:-1"},"canonical":"https:\/\/www.krafthand.de\/truck\/artikel\/erster-actros-l-fuer-die-gebrueder-maier-gmbh-30977\/","og_locale":"de_DE","og_type":"article","og_title":"\u00dcbergabe eines Actros L an die Gebr\u00fcder Maier GmbH","og_description":"K\u00fcrzlich konnte die Gebr\u00fcder Maier GmbH im Kundencenter in W\u00f6rth ihren ersten Actros L entgegennehmen. Das neue Premiummodell von Mercedes-Benz Lkw wurde an den Gesch\u00e4ftsf\u00fchrer der Firma Thomas Maier \u00fcbergeben.","og_url":"https:\/\/www.krafthand-truck.de\/artikel\/erster-actros-l-fuer-die-gebrueder-maier-gmbh-30977\/","og_site_name":"Krafthand-Truck","article_published_time":"2022-02-02T10:48:38+00:00","article_modified_time":"2022-02-02T11:12:03+00:00","og_image":[{"width":1200,"height":710,"url":"https:\/\/static.krafthand-truck.de\/uploads\/2022\/02\/Actros_L_Gebrueder_Maier_Krafthand_Truck_01.jpg","type":"image\/jpeg"}],"author":"georg.blenk@krafthand-medien.de","twitter_card":"summary_large_image","twitter_misc":{"Verfasst von":"georg.blenk@krafthand-medien.de","Gesch\u00e4tzte Lesezeit":"2\u00a0Minuten"},"schema":{"@context":"https:\/\/schema.org","@graph":[{"@type":"Article","@id":"https:\/\/www.krafthand.de\/truck\/artikel\/erster-actros-l-fuer-die-gebrueder-maier-gmbh-30977\/#article","isPartOf":{"@id":"https:\/\/www.krafthand.de\/truck\/artikel\/erster-actros-l-fuer-die-gebrueder-maier-gmbh-30977\/"},"author":{"name":"georg.blenk@krafthand-medien.de","@id":"https:\/\/www.krafthand.de\/truck\/#\/schema\/person\/51fa80b1c57034c4bf63f9f988fc24ce"},"headline":"Erster Actros L f\u00fcr die Gebr\u00fcder Maier GmbH","datePublished":"2022-02-02T10:48:38+00:00","dateModified":"2022-02-02T11:12:03+00:00","mainEntityOfPage":{"@id":"https:\/\/www.krafthand.de\/truck\/artikel\/erster-actros-l-fuer-die-gebrueder-maier-gmbh-30977\/"},"wordCount":334,"image":{"@id":"https:\/\/www.krafthand.de\/truck\/artikel\/erster-actros-l-fuer-die-gebrueder-maier-gmbh-30977\/#primaryimage"},"thumbnailUrl":"https:\/\/static.krafthand-truck.de\/uploads\/2022\/02\/Actros_L_Gebrueder_Maier_Krafthand_Truck_01.jpg","keywords":["Actros L","Daimler Truck AG","Gebr\u00fcder Maier","Mercedes-Benz","Thomas Maier"],"articleSection":["Neue Fahrzeuge","Unternehmen"],"inLanguage":"de"},{"@type":"WebPage","@id":"https:\/\/www.krafthand.de\/truck\/artikel\/erster-actros-l-fuer-die-gebrueder-maier-gmbh-30977\/","url":"https:\/\/www.krafthand.de\/truck\/artikel\/erster-actros-l-fuer-die-gebrueder-maier-gmbh-30977\/","name":"\u00dcbergabe eines Actros L an die Gebr\u00fcder Maier GmbH","isPartOf":{"@id":"https:\/\/www.krafthand.de\/truck\/#website"},"primaryImageOfPage":{"@id":"https:\/\/www.krafthand.de\/truck\/artikel\/erster-actros-l-fuer-die-gebrueder-maier-gmbh-30977\/#primaryimage"},"image":{"@id":"https:\/\/www.krafthand.de\/truck\/artikel\/erster-actros-l-fuer-die-gebrueder-maier-gmbh-30977\/#primaryimage"},"thumbnailUrl":"https:\/\/static.krafthand-truck.de\/uploads\/2022\/02\/Actros_L_Gebrueder_Maier_Krafthand_Truck_01.jpg","datePublished":"2022-02-02T10:48:38+00:00","dateModified":"2022-02-02T11:12:03+00:00","author":{"@id":"https:\/\/www.krafthand.de\/truck\/#\/schema\/person\/51fa80b1c57034c4bf63f9f988fc24ce"},"description":"K\u00fcrzlich konnte die Gebr\u00fcder Maier GmbH im Kundencenter in W\u00f6rth ihren ersten Actros L entgegennehmen. Das neue Premiummodell von Mercedes-Benz Lkw wurde an den Gesch\u00e4ftsf\u00fchrer der Firma Thomas Maier \u00fcbergeben.","breadcrumb":{"@id":"https:\/\/www.krafthand.de\/truck\/artikel\/erster-actros-l-fuer-die-gebrueder-maier-gmbh-30977\/#breadcrumb"},"inLanguage":"de","potentialAction":[{"@type":"ReadAction","target":["https:\/\/www.krafthand.de\/truck\/artikel\/erster-actros-l-fuer-die-gebrueder-maier-gmbh-30977\/"]}]},{"@type":"ImageObject","inLanguage":"de","@id":"https:\/\/www.krafthand.de\/truck\/artikel\/erster-actros-l-fuer-die-gebrueder-maier-gmbh-30977\/#primaryimage","url":"https:\/\/static.krafthand-truck.de\/uploads\/2022\/02\/Actros_L_Gebrueder_Maier_Krafthand_Truck_01.jpg","contentUrl":"https:\/\/static.krafthand-truck.de\/uploads\/2022\/02\/Actros_L_Gebrueder_Maier_Krafthand_Truck_01.jpg","width":1200,"height":710},{"@type":"BreadcrumbList","@id":"https:\/\/www.krafthand.de\/truck\/artikel\/erster-actros-l-fuer-die-gebrueder-maier-gmbh-30977\/#breadcrumb","itemListElement":[{"@type":"ListItem","position":1,"name":"Krafthand-Truck","item":"https:\/\/www.krafthand.de\/truck\/"},{"@type":"ListItem","position":2,"name":"IT+Fuhrpark","item":"https:\/\/www.krafthand.de\/truck\/kategorie\/fuhrpark\/"},{"@type":"ListItem","position":3,"name":"Neue Fahrzeuge","item":"https:\/\/www.krafthand.de\/truck\/kategorie\/fuhrpark\/neue-fahrzeuge\/"},{"@type":"ListItem","position":4,"name":"Erster Actros L f\u00fcr die Gebr\u00fcder Maier GmbH"}]},{"@type":"WebSite","@id":"https:\/\/www.krafthand.de\/truck\/#website","url":"https:\/\/www.krafthand.de\/truck\/","name":"Krafthand-Truck","description":"","potentialAction":[{"@type":"SearchAction","target":{"@type":"EntryPoint","urlTemplate":"https:\/\/www.krafthand.de\/truck\/?s={search_term_string}"},"query-input":{"@type":"PropertyValueSpecification","valueRequired":true,"valueName":"search_term_string"}}],"inLanguage":"de"},{"@type":"Person","@id":"https:\/\/www.krafthand.de\/truck\/#\/schema\/person\/51fa80b1c57034c4bf63f9f988fc24ce","name":"georg.blenk@krafthand-medien.de","image":{"@type":"ImageObject","inLanguage":"de","@id":"https:\/\/secure.gravatar.com\/avatar\/93713c30affe0aa95d3a4130e499bb1abee2eb31adbdd9ce2aa1543538490215?s=96&d=mm&r=g","url":"https:\/\/secure.gravatar.com\/avatar\/93713c30affe0aa95d3a4130e499bb1abee2eb31adbdd9ce2aa1543538490215?s=96&d=mm&r=g","contentUrl":"https:\/\/secure.gravatar.com\/avatar\/93713c30affe0aa95d3a4130e499bb1abee2eb31adbdd9ce2aa1543538490215?s=96&d=mm&r=g","caption":"georg.blenk@krafthand-medien.de"}}]}},"_links":{"self":[{"href":"https:\/\/www.krafthand.de\/truck\/wp-json\/wp\/v2\/posts\/30977","targetHints":{"allow":["GET"]}}],"collection":[{"href":"https:\/\/www.krafthand.de\/truck\/wp-json\/wp\/v2\/posts"}],"about":[{"href":"https:\/\/www.krafthand.de\/truck\/wp-json\/wp\/v2\/types\/post"}],"author":[{"embeddable":true,"href":"https:\/\/www.krafthand.de\/truck\/wp-json\/wp\/v2\/users\/9"}],"replies":[{"embeddable":true,"href":"https:\/\/www.krafthand.de\/truck\/wp-json\/wp\/v2\/comments?post=30977"}],"version-history":[{"count":7,"href":"https:\/\/www.krafthand.de\/truck\/wp-json\/wp\/v2\/posts\/30977\/revisions"}],"predecessor-version":[{"id":30986,"href":"https:\/\/www.krafthand.de\/truck\/wp-json\/wp\/v2\/posts\/30977\/revisions\/30986"}],"wp:featuredmedia":[{"embeddable":true,"href":"https:\/\/www.krafthand.de\/truck\/wp-json\/wp\/v2\/media\/30979"}],"wp:attachment":[{"href":"https:\/\/www.krafthand.de\/truck\/wp-json\/wp\/v2\/media?parent=30977"}],"wp:term":[{"taxonomy":"category","embeddable":true,"href":"https:\/\/www.krafthand.de\/truck\/wp-json\/wp\/v2\/categories?post=30977"},{"taxonomy":"post_tag","embeddable":true,"href":"https:\/\/www.krafthand.de\/truck\/wp-json\/wp\/v2\/tags?post=30977"},{"taxonomy":"settings","embeddable":true,"href":"https:\/\/www.krafthand.de\/truck\/wp-json\/wp\/v2\/settings?post=30977"}],"curies":[{"name":"wp","href":"https:\/\/api.w.org\/{rel}","templated":true}]}}