{"id":30941,"date":"2022-01-28T09:48:08","date_gmt":"2022-01-28T08:48:08","guid":{"rendered":"https:\/\/www.krafthand.de\/truck\/?p=30941"},"modified":"2022-01-28T09:57:58","modified_gmt":"2022-01-28T08:57:58","slug":"gruenes-licht-fuer-reifenmesse-tire-cologne-2022","status":"publish","type":"post","link":"https:\/\/www.krafthand.de\/truck\/artikel\/gruenes-licht-fuer-reifenmesse-tire-cologne-2022-30941\/","title":{"rendered":"Gr\u00fcnes Licht f\u00fcr Reifenmesse &#8218;Tire Cologne 2022&#8216;"},"content":{"rendered":"<p>Die K\u00f6lnmesse und der Bundesverband Reifenhandel und Vulkaniseur-Handwerk e.V. (BRV) als ideeller Tr\u00e4ger, haben &#8218;gr\u00fcnes Licht&#8216; f\u00fcr die Reifenmesse &#8218;<a href=\"https:\/\/www.thetire-cologne.de\" target=\"_blank\" rel=\"noopener\">The Tire Cologne<\/a>&#8218; gegeben. Die Fachmesse, die sich an Reifenhersteller, den Reifenfachhandel, Kfz-\/Nfz-Servicedienstleister, Werkstattausr\u00fcster, Recyclingspezialisten und Runderneuerer richtet, findet vom 24. bis 26. Mai im Messezentrum in K\u00f6ln statt. Man erwartet rund 300 Aussteller.<\/p>\n<blockquote><p>\u201eMessen haben gerade jetzt enorme Bedeutung f\u00fcr den Re-Start der jeweiligen Branchen \u2013 als Impulsgeber und Katalysator. \u201eWir sind bestens vorbereitet und unsere Sicherheits- und Hygienekonzepte haben sich bereits erfolgreich bew\u00e4hrt. Wir freuen uns auf den Mai und die &#8218;Tire Cologne&#8216;, die wir nach der Premiere in 2018 endlich wieder in K\u00f6ln durchf\u00fchren werden&#8220;, so Oliver Frese, Gesch\u00e4ftsf\u00fchrer der Koelnmesse.<\/p><\/blockquote>\n<p>Auch f\u00fcr Stephan Helm, Vorsitzender des <a href=\"https:\/\/www.bundesverband-reifenhandel.de\/\" target=\"_blank\" rel=\"noopener\">BRV<\/a>, spielt die &#8218;Tire Cologne&#8216; eine entscheidende Rolle: <em>\u201eWir setzen darauf, dass die Fachmesse die Branche aus der &#8218;digitalen Erm\u00fcdung&#8216; aufr\u00fctteln kann und dass der wiederbelebte pers\u00f6nliche Austausch der Messeteilnehmer auf der Branchenplattform TTC der Branche in einem nach wie vor herausfordernden Marktumfeld neue, positive Impulse gibt.\u201c\u00a0<\/em><\/p>\n<p><em>Aktuell werden zur &#8218;The Tire Cologne&#8216; 2022 rund 300 Unternehmen und Marken aus \u00fcber 30 L\u00e4ndern in K\u00f6ln erwartet, die ihre Produkte und Dienstleistungen pr\u00e4sentieren. \u201eNeben Michelin haben auch Continental, Falken, Hankook, Pirelli sowie zahlreiche weitere Reifenhersteller angemeldet\u201c<\/em>, best\u00e4tigt Ingo Riedeberger, Director der\u00a0 Messe. Auch in den Themenbereichen Service und Werkstatt sowie Runderneuerung sei man repr\u00e4sentativ und gut aufgestellt. Zudem biete die &#8218;Tire Cologne&#8216; mit der TTC@home ein digitales Content-Angebot. <em>\u201eDie kuratierten Inhalte der Tire-Stage werden live gestreamt und die Beitr\u00e4ge auch als VOD \u2013 also als Video On Demand \u00fcber den Messezeitraum hinaus zur Verf\u00fcgung gestellt. Sie verpassen also nichts, sondern k\u00f6nnen es sich auch im Nachgang der Messe noch ansehen\u201c<\/em>, erl\u00e4uterte Riedeberger. Zudem erm\u00f6gliche und unterst\u00fctze die TTC-App den Aufbau von Netzwerken und Kontakten sowie eine direkte Terminabstimmung.<\/p>\n<p>Neu im Eventprogramm der Messe ist der sogenannte &#8218;Boulevard of Sustainability&#8216;. Zentral im Messeboulevard platziert, soll der nachhaltige Lebenszyklus des Reifens ins Rampenlicht gestellt werden. Hochkar\u00e4tig besetzte Konferenzen, wie die Global Retreading Conference sowie Themenfl\u00e4chen und Sonderschauen sollen zus\u00e4tzlich f\u00fcr Informationen und emotionale Inspiration sorgen.<\/p>\n<p>Zumindest f\u00fcr internationales Publikum und einige Aussteller scheint der Veranstaltungszeitraum etwas ungl\u00fccklich gew\u00e4hlt. Quasi parallel zur &#8218;Tire Cologne&#8216; in K\u00f6ln findet vom 25.-28. Mai 2022 die <a href=\"https:\/\/www.autopromotec.com\/en\/index.php\" target=\"_blank\" rel=\"noopener\">Autopromotec<\/a> in Bologna statt. Die Messe richtet sich an Werkstattausr\u00fcster beziehungsweise den Automotive-Aftermarket.<\/p>\n","protected":false},"excerpt":{"rendered":"<p>Die K\u00f6lnmesse und der Bundesverband Reifenhandel und Vulkaniseur-Handwerk e.V. (BRV) als ideeller Tr\u00e4ger, haben &#8218;gr\u00fcnes Licht&#8216; f\u00fcr die Reifenmesse &#8218;The Tire Cologne&#8216; gegeben. Die Fachmesse, die sich an Reifenhersteller, den Reifenfachhandel, Kfz-\/Nfz-Servicedienstleister, Werkstattausr\u00fcster, Recyclingspezialisten und Runderneuerer richtet, findet vom 24. bis 26. Mai im Messezentrum in K\u00f6ln statt. Man erwartet rund 300 Aussteller. <span class=\"excerpt-more__dots\">&#8230;<\/span> <a class=\"excerpt-more__link\" href=\"https:\/\/www.krafthand.de\/truck\/artikel\/gruenes-licht-fuer-reifenmesse-tire-cologne-2022-30941\/\" >weiter<\/a><\/p>\n","protected":false},"author":9,"featured_media":30948,"comment_status":"closed","ping_status":"closed","sticky":false,"template":"","format":"standard","meta":{"footnotes":""},"categories":[4227,4236],"tags":[3088,5024,5025,5026],"settings":[4766,3523],"class_list":["post-30941","post","type-post","status-publish","format-standard","has-post-thumbnail","hentry","category-rad-reifen-bremse","category-veranstaltungen","tag-brv","tag-koelnmesse","tag-reifenmesse","tag-tire-cologne"],"yoast_head":"<!-- This site is optimized with the Yoast SEO plugin v27.3 - https:\/\/yoast.com\/product\/yoast-seo-wordpress\/ -->\n<title>Reifenmesse Tire-Cologne mit rund 300 Ausstellern<\/title>\n<meta name=\"description\" content=\"Die K\u00f6lnmesse und der Bundesverband Reifenhandel und Vulkaniseur-Handwerk e.V. (BRV) als ideeller Tr\u00e4ger, haben &#039;gr\u00fcnes Licht&#039; f\u00fcr die Reifenmesse &#039;The Tire Cologne&#039; gegeben. Die Fachmesse, die sich an Reifenhersteller, den Reifenfachhandel, Kfz-\/Nfz-Servicedienstleister, Werkstattausr\u00fcster, Recyclingspezialisten und Runderneuerer richtet, findet vom 24. bis 26. Mai im Messezentrum in K\u00f6ln statt. Man erwartet rund 300 Aussteller.\" \/>\n<meta name=\"robots\" content=\"index, follow, max-snippet:-1, max-image-preview:large, max-video-preview:-1\" \/>\n<link rel=\"canonical\" href=\"https:\/\/www.krafthand.de\/truck\/artikel\/gruenes-licht-fuer-reifenmesse-tire-cologne-2022-30941\/\" \/>\n<meta property=\"og:locale\" content=\"de_DE\" \/>\n<meta property=\"og:type\" content=\"article\" \/>\n<meta property=\"og:title\" content=\"Reifenmesse Tire-Cologne mit rund 300 Ausstellern\" \/>\n<meta property=\"og:description\" content=\"Die K\u00f6lnmesse und der Bundesverband Reifenhandel und Vulkaniseur-Handwerk e.V. (BRV) als ideeller Tr\u00e4ger, haben &#039;gr\u00fcnes Licht&#039; f\u00fcr die Reifenmesse &#039;The Tire Cologne&#039; gegeben. Die Fachmesse, die sich an Reifenhersteller, den Reifenfachhandel, Kfz-\/Nfz-Servicedienstleister, Werkstattausr\u00fcster, Recyclingspezialisten und Runderneuerer richtet, findet vom 24. bis 26. Mai im Messezentrum in K\u00f6ln statt. Man erwartet rund 300 Aussteller.\" \/>\n<meta property=\"og:url\" content=\"https:\/\/www.krafthand-truck.de\/artikel\/gruenes-licht-fuer-reifenmesse-tire-cologne-2022-30941\/\" \/>\n<meta property=\"og:site_name\" content=\"Krafthand-Truck\" \/>\n<meta property=\"article:published_time\" content=\"2022-01-28T08:48:08+00:00\" \/>\n<meta property=\"article:modified_time\" content=\"2022-01-28T08:57:58+00:00\" \/>\n<meta property=\"og:image\" content=\"https:\/\/static.krafthand-truck.de\/uploads\/2022\/01\/Tire_Cologne_Logo_2022.jpg\" \/>\n\t<meta property=\"og:image:width\" content=\"1200\" \/>\n\t<meta property=\"og:image:height\" content=\"800\" \/>\n\t<meta property=\"og:image:type\" content=\"image\/jpeg\" \/>\n<meta name=\"author\" content=\"georg.blenk@krafthand-medien.de\" \/>\n<meta name=\"twitter:card\" content=\"summary_large_image\" \/>\n<meta name=\"twitter:label1\" content=\"Verfasst von\" \/>\n\t<meta name=\"twitter:data1\" content=\"georg.blenk@krafthand-medien.de\" \/>\n\t<meta name=\"twitter:label2\" content=\"Gesch\u00e4tzte Lesezeit\" \/>\n\t<meta name=\"twitter:data2\" content=\"2\u00a0Minuten\" \/>\n<script type=\"application\/ld+json\" class=\"yoast-schema-graph\">{\"@context\":\"https:\\\/\\\/schema.org\",\"@graph\":[{\"@type\":\"Article\",\"@id\":\"https:\\\/\\\/www.krafthand.de\\\/truck\\\/artikel\\\/gruenes-licht-fuer-reifenmesse-tire-cologne-2022-30941\\\/#article\",\"isPartOf\":{\"@id\":\"https:\\\/\\\/www.krafthand.de\\\/truck\\\/artikel\\\/gruenes-licht-fuer-reifenmesse-tire-cologne-2022-30941\\\/\"},\"author\":{\"name\":\"georg.blenk@krafthand-medien.de\",\"@id\":\"https:\\\/\\\/www.krafthand.de\\\/truck\\\/#\\\/schema\\\/person\\\/51fa80b1c57034c4bf63f9f988fc24ce\"},\"headline\":\"Gr\u00fcnes Licht f\u00fcr Reifenmesse &#8218;Tire Cologne 2022&#8216;\",\"datePublished\":\"2022-01-28T08:48:08+00:00\",\"dateModified\":\"2022-01-28T08:57:58+00:00\",\"mainEntityOfPage\":{\"@id\":\"https:\\\/\\\/www.krafthand.de\\\/truck\\\/artikel\\\/gruenes-licht-fuer-reifenmesse-tire-cologne-2022-30941\\\/\"},\"wordCount\":417,\"image\":{\"@id\":\"https:\\\/\\\/www.krafthand.de\\\/truck\\\/artikel\\\/gruenes-licht-fuer-reifenmesse-tire-cologne-2022-30941\\\/#primaryimage\"},\"thumbnailUrl\":\"https:\\\/\\\/static.krafthand-truck.de\\\/uploads\\\/2022\\\/01\\\/Tire_Cologne_Logo_2022.jpg\",\"keywords\":[\"BRV\",\"K\u00f6lnmesse\",\"Reifenmesse\",\"Tire Cologne\"],\"articleSection\":[\"Rad\\\/Reifen\\\/Bremse\",\"Veranstaltungen\\\/Messen\"],\"inLanguage\":\"de\"},{\"@type\":\"WebPage\",\"@id\":\"https:\\\/\\\/www.krafthand.de\\\/truck\\\/artikel\\\/gruenes-licht-fuer-reifenmesse-tire-cologne-2022-30941\\\/\",\"url\":\"https:\\\/\\\/www.krafthand.de\\\/truck\\\/artikel\\\/gruenes-licht-fuer-reifenmesse-tire-cologne-2022-30941\\\/\",\"name\":\"Reifenmesse Tire-Cologne mit rund 300 Ausstellern\",\"isPartOf\":{\"@id\":\"https:\\\/\\\/www.krafthand.de\\\/truck\\\/#website\"},\"primaryImageOfPage\":{\"@id\":\"https:\\\/\\\/www.krafthand.de\\\/truck\\\/artikel\\\/gruenes-licht-fuer-reifenmesse-tire-cologne-2022-30941\\\/#primaryimage\"},\"image\":{\"@id\":\"https:\\\/\\\/www.krafthand.de\\\/truck\\\/artikel\\\/gruenes-licht-fuer-reifenmesse-tire-cologne-2022-30941\\\/#primaryimage\"},\"thumbnailUrl\":\"https:\\\/\\\/static.krafthand-truck.de\\\/uploads\\\/2022\\\/01\\\/Tire_Cologne_Logo_2022.jpg\",\"datePublished\":\"2022-01-28T08:48:08+00:00\",\"dateModified\":\"2022-01-28T08:57:58+00:00\",\"author\":{\"@id\":\"https:\\\/\\\/www.krafthand.de\\\/truck\\\/#\\\/schema\\\/person\\\/51fa80b1c57034c4bf63f9f988fc24ce\"},\"description\":\"Die K\u00f6lnmesse und der Bundesverband Reifenhandel und Vulkaniseur-Handwerk e.V. (BRV) als ideeller Tr\u00e4ger, haben 'gr\u00fcnes Licht' f\u00fcr die Reifenmesse 'The Tire Cologne' gegeben. Die Fachmesse, die sich an Reifenhersteller, den Reifenfachhandel, Kfz-\\\/Nfz-Servicedienstleister, Werkstattausr\u00fcster, Recyclingspezialisten und Runderneuerer richtet, findet vom 24. bis 26. Mai im Messezentrum in K\u00f6ln statt. Man erwartet rund 300 Aussteller.\",\"breadcrumb\":{\"@id\":\"https:\\\/\\\/www.krafthand.de\\\/truck\\\/artikel\\\/gruenes-licht-fuer-reifenmesse-tire-cologne-2022-30941\\\/#breadcrumb\"},\"inLanguage\":\"de\",\"potentialAction\":[{\"@type\":\"ReadAction\",\"target\":[\"https:\\\/\\\/www.krafthand.de\\\/truck\\\/artikel\\\/gruenes-licht-fuer-reifenmesse-tire-cologne-2022-30941\\\/\"]}]},{\"@type\":\"ImageObject\",\"inLanguage\":\"de\",\"@id\":\"https:\\\/\\\/www.krafthand.de\\\/truck\\\/artikel\\\/gruenes-licht-fuer-reifenmesse-tire-cologne-2022-30941\\\/#primaryimage\",\"url\":\"https:\\\/\\\/static.krafthand-truck.de\\\/uploads\\\/2022\\\/01\\\/Tire_Cologne_Logo_2022.jpg\",\"contentUrl\":\"https:\\\/\\\/static.krafthand-truck.de\\\/uploads\\\/2022\\\/01\\\/Tire_Cologne_Logo_2022.jpg\",\"width\":1200,\"height\":800,\"caption\":\"Bild: K\u00f6lnmesse\"},{\"@type\":\"BreadcrumbList\",\"@id\":\"https:\\\/\\\/www.krafthand.de\\\/truck\\\/artikel\\\/gruenes-licht-fuer-reifenmesse-tire-cologne-2022-30941\\\/#breadcrumb\",\"itemListElement\":[{\"@type\":\"ListItem\",\"position\":1,\"name\":\"Krafthand-Truck\",\"item\":\"https:\\\/\\\/www.krafthand.de\\\/truck\\\/\"},{\"@type\":\"ListItem\",\"position\":2,\"name\":\"Nfz-Branche\",\"item\":\"https:\\\/\\\/www.krafthand.de\\\/truck\\\/kategorie\\\/branche\\\/\"},{\"@type\":\"ListItem\",\"position\":3,\"name\":\"Veranstaltungen\\\/Messen\",\"item\":\"https:\\\/\\\/www.krafthand.de\\\/truck\\\/kategorie\\\/branche\\\/veranstaltungen\\\/\"},{\"@type\":\"ListItem\",\"position\":4,\"name\":\"Gr\u00fcnes Licht f\u00fcr Reifenmesse &#8218;Tire Cologne 2022&#8216;\"}]},{\"@type\":\"WebSite\",\"@id\":\"https:\\\/\\\/www.krafthand.de\\\/truck\\\/#website\",\"url\":\"https:\\\/\\\/www.krafthand.de\\\/truck\\\/\",\"name\":\"Krafthand-Truck\",\"description\":\"\",\"potentialAction\":[{\"@type\":\"SearchAction\",\"target\":{\"@type\":\"EntryPoint\",\"urlTemplate\":\"https:\\\/\\\/www.krafthand.de\\\/truck\\\/?s={search_term_string}\"},\"query-input\":{\"@type\":\"PropertyValueSpecification\",\"valueRequired\":true,\"valueName\":\"search_term_string\"}}],\"inLanguage\":\"de\"},{\"@type\":\"Person\",\"@id\":\"https:\\\/\\\/www.krafthand.de\\\/truck\\\/#\\\/schema\\\/person\\\/51fa80b1c57034c4bf63f9f988fc24ce\",\"name\":\"georg.blenk@krafthand-medien.de\",\"image\":{\"@type\":\"ImageObject\",\"inLanguage\":\"de\",\"@id\":\"https:\\\/\\\/secure.gravatar.com\\\/avatar\\\/93713c30affe0aa95d3a4130e499bb1abee2eb31adbdd9ce2aa1543538490215?s=96&d=mm&r=g\",\"url\":\"https:\\\/\\\/secure.gravatar.com\\\/avatar\\\/93713c30affe0aa95d3a4130e499bb1abee2eb31adbdd9ce2aa1543538490215?s=96&d=mm&r=g\",\"contentUrl\":\"https:\\\/\\\/secure.gravatar.com\\\/avatar\\\/93713c30affe0aa95d3a4130e499bb1abee2eb31adbdd9ce2aa1543538490215?s=96&d=mm&r=g\",\"caption\":\"georg.blenk@krafthand-medien.de\"}}]}<\/script>\n<!-- \/ Yoast SEO plugin. -->","yoast_head_json":{"title":"Reifenmesse Tire-Cologne mit rund 300 Ausstellern","description":"Die K\u00f6lnmesse und der Bundesverband Reifenhandel und Vulkaniseur-Handwerk e.V. (BRV) als ideeller Tr\u00e4ger, haben 'gr\u00fcnes Licht' f\u00fcr die Reifenmesse 'The Tire Cologne' gegeben. Die Fachmesse, die sich an Reifenhersteller, den Reifenfachhandel, Kfz-\/Nfz-Servicedienstleister, Werkstattausr\u00fcster, Recyclingspezialisten und Runderneuerer richtet, findet vom 24. bis 26. Mai im Messezentrum in K\u00f6ln statt. Man erwartet rund 300 Aussteller.","robots":{"index":"index","follow":"follow","max-snippet":"max-snippet:-1","max-image-preview":"max-image-preview:large","max-video-preview":"max-video-preview:-1"},"canonical":"https:\/\/www.krafthand.de\/truck\/artikel\/gruenes-licht-fuer-reifenmesse-tire-cologne-2022-30941\/","og_locale":"de_DE","og_type":"article","og_title":"Reifenmesse Tire-Cologne mit rund 300 Ausstellern","og_description":"Die K\u00f6lnmesse und der Bundesverband Reifenhandel und Vulkaniseur-Handwerk e.V. (BRV) als ideeller Tr\u00e4ger, haben 'gr\u00fcnes Licht' f\u00fcr die Reifenmesse 'The Tire Cologne' gegeben. Die Fachmesse, die sich an Reifenhersteller, den Reifenfachhandel, Kfz-\/Nfz-Servicedienstleister, Werkstattausr\u00fcster, Recyclingspezialisten und Runderneuerer richtet, findet vom 24. bis 26. Mai im Messezentrum in K\u00f6ln statt. Man erwartet rund 300 Aussteller.","og_url":"https:\/\/www.krafthand-truck.de\/artikel\/gruenes-licht-fuer-reifenmesse-tire-cologne-2022-30941\/","og_site_name":"Krafthand-Truck","article_published_time":"2022-01-28T08:48:08+00:00","article_modified_time":"2022-01-28T08:57:58+00:00","og_image":[{"width":1200,"height":800,"url":"https:\/\/static.krafthand-truck.de\/uploads\/2022\/01\/Tire_Cologne_Logo_2022.jpg","type":"image\/jpeg"}],"author":"georg.blenk@krafthand-medien.de","twitter_card":"summary_large_image","twitter_misc":{"Verfasst von":"georg.blenk@krafthand-medien.de","Gesch\u00e4tzte Lesezeit":"2\u00a0Minuten"},"schema":{"@context":"https:\/\/schema.org","@graph":[{"@type":"Article","@id":"https:\/\/www.krafthand.de\/truck\/artikel\/gruenes-licht-fuer-reifenmesse-tire-cologne-2022-30941\/#article","isPartOf":{"@id":"https:\/\/www.krafthand.de\/truck\/artikel\/gruenes-licht-fuer-reifenmesse-tire-cologne-2022-30941\/"},"author":{"name":"georg.blenk@krafthand-medien.de","@id":"https:\/\/www.krafthand.de\/truck\/#\/schema\/person\/51fa80b1c57034c4bf63f9f988fc24ce"},"headline":"Gr\u00fcnes Licht f\u00fcr Reifenmesse &#8218;Tire Cologne 2022&#8216;","datePublished":"2022-01-28T08:48:08+00:00","dateModified":"2022-01-28T08:57:58+00:00","mainEntityOfPage":{"@id":"https:\/\/www.krafthand.de\/truck\/artikel\/gruenes-licht-fuer-reifenmesse-tire-cologne-2022-30941\/"},"wordCount":417,"image":{"@id":"https:\/\/www.krafthand.de\/truck\/artikel\/gruenes-licht-fuer-reifenmesse-tire-cologne-2022-30941\/#primaryimage"},"thumbnailUrl":"https:\/\/static.krafthand-truck.de\/uploads\/2022\/01\/Tire_Cologne_Logo_2022.jpg","keywords":["BRV","K\u00f6lnmesse","Reifenmesse","Tire Cologne"],"articleSection":["Rad\/Reifen\/Bremse","Veranstaltungen\/Messen"],"inLanguage":"de"},{"@type":"WebPage","@id":"https:\/\/www.krafthand.de\/truck\/artikel\/gruenes-licht-fuer-reifenmesse-tire-cologne-2022-30941\/","url":"https:\/\/www.krafthand.de\/truck\/artikel\/gruenes-licht-fuer-reifenmesse-tire-cologne-2022-30941\/","name":"Reifenmesse Tire-Cologne mit rund 300 Ausstellern","isPartOf":{"@id":"https:\/\/www.krafthand.de\/truck\/#website"},"primaryImageOfPage":{"@id":"https:\/\/www.krafthand.de\/truck\/artikel\/gruenes-licht-fuer-reifenmesse-tire-cologne-2022-30941\/#primaryimage"},"image":{"@id":"https:\/\/www.krafthand.de\/truck\/artikel\/gruenes-licht-fuer-reifenmesse-tire-cologne-2022-30941\/#primaryimage"},"thumbnailUrl":"https:\/\/static.krafthand-truck.de\/uploads\/2022\/01\/Tire_Cologne_Logo_2022.jpg","datePublished":"2022-01-28T08:48:08+00:00","dateModified":"2022-01-28T08:57:58+00:00","author":{"@id":"https:\/\/www.krafthand.de\/truck\/#\/schema\/person\/51fa80b1c57034c4bf63f9f988fc24ce"},"description":"Die K\u00f6lnmesse und der Bundesverband Reifenhandel und Vulkaniseur-Handwerk e.V. (BRV) als ideeller Tr\u00e4ger, haben 'gr\u00fcnes Licht' f\u00fcr die Reifenmesse 'The Tire Cologne' gegeben. Die Fachmesse, die sich an Reifenhersteller, den Reifenfachhandel, Kfz-\/Nfz-Servicedienstleister, Werkstattausr\u00fcster, Recyclingspezialisten und Runderneuerer richtet, findet vom 24. bis 26. Mai im Messezentrum in K\u00f6ln statt. Man erwartet rund 300 Aussteller.","breadcrumb":{"@id":"https:\/\/www.krafthand.de\/truck\/artikel\/gruenes-licht-fuer-reifenmesse-tire-cologne-2022-30941\/#breadcrumb"},"inLanguage":"de","potentialAction":[{"@type":"ReadAction","target":["https:\/\/www.krafthand.de\/truck\/artikel\/gruenes-licht-fuer-reifenmesse-tire-cologne-2022-30941\/"]}]},{"@type":"ImageObject","inLanguage":"de","@id":"https:\/\/www.krafthand.de\/truck\/artikel\/gruenes-licht-fuer-reifenmesse-tire-cologne-2022-30941\/#primaryimage","url":"https:\/\/static.krafthand-truck.de\/uploads\/2022\/01\/Tire_Cologne_Logo_2022.jpg","contentUrl":"https:\/\/static.krafthand-truck.de\/uploads\/2022\/01\/Tire_Cologne_Logo_2022.jpg","width":1200,"height":800,"caption":"Bild: K\u00f6lnmesse"},{"@type":"BreadcrumbList","@id":"https:\/\/www.krafthand.de\/truck\/artikel\/gruenes-licht-fuer-reifenmesse-tire-cologne-2022-30941\/#breadcrumb","itemListElement":[{"@type":"ListItem","position":1,"name":"Krafthand-Truck","item":"https:\/\/www.krafthand.de\/truck\/"},{"@type":"ListItem","position":2,"name":"Nfz-Branche","item":"https:\/\/www.krafthand.de\/truck\/kategorie\/branche\/"},{"@type":"ListItem","position":3,"name":"Veranstaltungen\/Messen","item":"https:\/\/www.krafthand.de\/truck\/kategorie\/branche\/veranstaltungen\/"},{"@type":"ListItem","position":4,"name":"Gr\u00fcnes Licht f\u00fcr Reifenmesse &#8218;Tire Cologne 2022&#8216;"}]},{"@type":"WebSite","@id":"https:\/\/www.krafthand.de\/truck\/#website","url":"https:\/\/www.krafthand.de\/truck\/","name":"Krafthand-Truck","description":"","potentialAction":[{"@type":"SearchAction","target":{"@type":"EntryPoint","urlTemplate":"https:\/\/www.krafthand.de\/truck\/?s={search_term_string}"},"query-input":{"@type":"PropertyValueSpecification","valueRequired":true,"valueName":"search_term_string"}}],"inLanguage":"de"},{"@type":"Person","@id":"https:\/\/www.krafthand.de\/truck\/#\/schema\/person\/51fa80b1c57034c4bf63f9f988fc24ce","name":"georg.blenk@krafthand-medien.de","image":{"@type":"ImageObject","inLanguage":"de","@id":"https:\/\/secure.gravatar.com\/avatar\/93713c30affe0aa95d3a4130e499bb1abee2eb31adbdd9ce2aa1543538490215?s=96&d=mm&r=g","url":"https:\/\/secure.gravatar.com\/avatar\/93713c30affe0aa95d3a4130e499bb1abee2eb31adbdd9ce2aa1543538490215?s=96&d=mm&r=g","contentUrl":"https:\/\/secure.gravatar.com\/avatar\/93713c30affe0aa95d3a4130e499bb1abee2eb31adbdd9ce2aa1543538490215?s=96&d=mm&r=g","caption":"georg.blenk@krafthand-medien.de"}}]}},"_links":{"self":[{"href":"https:\/\/www.krafthand.de\/truck\/wp-json\/wp\/v2\/posts\/30941","targetHints":{"allow":["GET"]}}],"collection":[{"href":"https:\/\/www.krafthand.de\/truck\/wp-json\/wp\/v2\/posts"}],"about":[{"href":"https:\/\/www.krafthand.de\/truck\/wp-json\/wp\/v2\/types\/post"}],"author":[{"embeddable":true,"href":"https:\/\/www.krafthand.de\/truck\/wp-json\/wp\/v2\/users\/9"}],"replies":[{"embeddable":true,"href":"https:\/\/www.krafthand.de\/truck\/wp-json\/wp\/v2\/comments?post=30941"}],"version-history":[{"count":19,"href":"https:\/\/www.krafthand.de\/truck\/wp-json\/wp\/v2\/posts\/30941\/revisions"}],"predecessor-version":[{"id":30961,"href":"https:\/\/www.krafthand.de\/truck\/wp-json\/wp\/v2\/posts\/30941\/revisions\/30961"}],"wp:featuredmedia":[{"embeddable":true,"href":"https:\/\/www.krafthand.de\/truck\/wp-json\/wp\/v2\/media\/30948"}],"wp:attachment":[{"href":"https:\/\/www.krafthand.de\/truck\/wp-json\/wp\/v2\/media?parent=30941"}],"wp:term":[{"taxonomy":"category","embeddable":true,"href":"https:\/\/www.krafthand.de\/truck\/wp-json\/wp\/v2\/categories?post=30941"},{"taxonomy":"post_tag","embeddable":true,"href":"https:\/\/www.krafthand.de\/truck\/wp-json\/wp\/v2\/tags?post=30941"},{"taxonomy":"settings","embeddable":true,"href":"https:\/\/www.krafthand.de\/truck\/wp-json\/wp\/v2\/settings?post=30941"}],"curies":[{"name":"wp","href":"https:\/\/api.w.org\/{rel}","templated":true}]}}