{"id":3092,"date":"2017-06-26T09:58:34","date_gmt":"2017-06-26T07:58:34","guid":{"rendered":"https:\/\/www.krafthand.de\/truck\/artikel\/km-als-vierte-produktmarke-der-bilstein-group-3092\/"},"modified":"2017-06-26T09:58:34","modified_gmt":"2017-06-26T07:58:34","slug":"km-als-vierte-produktmarke-der-bilstein-group","status":"publish","type":"post","link":"https:\/\/www.krafthand.de\/truck\/artikel\/km-als-vierte-produktmarke-der-bilstein-group-3092\/","title":{"rendered":"KM als vierte Produktmarke der Bilstein Group"},"content":{"rendered":"<p class=\"text-colored\">Kupplungen f\u00fcr Lkw und Busse geh\u00f6ren schon seit Langem zu den Klassikern im Portfolio des Nutzfahrzeugteile- Spezialisten Ferdinand Bilstein. Vor Kurzem haben die Ennepetaler ihre Kupplungskompetenz weiter ausgebaut und nach eigenem Bekunden den s\u00fcddeutschen Kupplungshersteller KM Autotechnik Kary + Mangler zu 100 Prozent \u00fcbernommen. Damit ist KM neben Febi, SWAG und Blue Print nun die vierte Produktmarke der Bilstein Group, der Dachmarke des Unternehmens.<\/p>\n<p>Einer Pressemitteilung zufolge leiten Karsten Sch\u00fc\u00dfler-Bilstein und Jan Siekermann, beide Gesch\u00e4ftsf\u00fchrer der Ferdinand Bilstein GmbH + Co. KG, den im baden-w\u00fcrttembergischen Durmersheim ans\u00e4ssigen Kupplungsspezialisten. Nach eigenem Bekunden soll die Integration von KM im Laufe des Jahres 2018 erfolgen.<br \/>\n<b>Febi, Ennepetal<\/b><br \/>Tel. 0 23 33 \/ 9 11-0 <a href=\"http:\/\/www.bilsteingroup.com>www.bilsteingroup.com<\/link><link\" target=\"_blank\">www.febi.com<\/a><\/p>\n","protected":false},"excerpt":{"rendered":"<p>Kupplungen f\u00fcr Lkw und Busse geh\u00f6ren schon seit Langem zu den Klassikern im Portfolio des Nutzfahrzeugteile- Spezialisten Ferdinand Bilstein. Vor Kurzem haben die Ennepetaler ihre Kupplungskompetenz weiter ausgebaut und nach eigenem Bekunden den s\u00fcddeutschen Kupplungshersteller KM Autotechnik Kary + Mangler zu 100 Prozent \u00fcbernommen. Damit ist KM neben Febi, SWAG und Blue Print nun die vierte Produktmarke der Bilstein Group, der Dachmarke des Unternehmens. <span class=\"excerpt-more__dots\">&#8230;<\/span> <a class=\"excerpt-more__link\" href=\"https:\/\/www.krafthand.de\/truck\/artikel\/km-als-vierte-produktmarke-der-bilstein-group-3092\/\" >weiter<\/a><\/p>\n","protected":false},"author":3,"featured_media":3093,"comment_status":"closed","ping_status":"closed","sticky":false,"template":"","format":"standard","meta":{"footnotes":""},"categories":[5],"tags":[3101,598,1481,3098,3103,3102,3099,826,56,3100],"settings":[],"class_list":["post-3092","post","type-post","status-publish","format-standard","has-post-thumbnail","hentry","category-branche","tag-blue-print","tag-busse","tag-febi","tag-ferdinand-bilstein","tag-jan-siekermann","tag-karsten-schuessler-bilstein","tag-km","tag-kupplung","tag-lkw","tag-swag"],"yoast_head":"<!-- This site is optimized with the Yoast SEO plugin v27.3 - https:\/\/yoast.com\/product\/yoast-seo-wordpress\/ -->\n<title>KM als vierte Produktmarke der Bilstein Group - Krafthand-Truck<\/title>\n<meta name=\"robots\" content=\"index, follow, max-snippet:-1, max-image-preview:large, max-video-preview:-1\" \/>\n<link rel=\"canonical\" href=\"https:\/\/www.krafthand.de\/truck\/artikel\/km-als-vierte-produktmarke-der-bilstein-group-3092\/\" \/>\n<meta property=\"og:locale\" content=\"de_DE\" \/>\n<meta property=\"og:type\" content=\"article\" \/>\n<meta property=\"og:title\" content=\"KM als vierte Produktmarke der Bilstein Group - Krafthand-Truck\" \/>\n<meta property=\"og:description\" content=\"Kupplungen f\u00fcr Lkw und Busse geh\u00f6ren schon seit Langem zu den Klassikern im Portfolio des Nutzfahrzeugteile- Spezialisten Ferdinand Bilstein. Vor Kurzem haben die Ennepetaler ihre Kupplungskompetenz weiter ausgebaut und nach eigenem Bekunden den s\u00fcddeutschen Kupplungshersteller KM Autotechnik Kary + Mangler zu 100 Prozent \u00fcbernommen. Damit ist KM neben Febi, SWAG und Blue Print nun die vierte Produktmarke der Bilstein Group, der Dachmarke des Unternehmens. ... weiter\" \/>\n<meta property=\"og:url\" content=\"https:\/\/www.krafthand-truck.de\/artikel\/km-als-vierte-produktmarke-der-bilstein-group-3092\/\" \/>\n<meta property=\"og:site_name\" content=\"Krafthand-Truck\" \/>\n<meta property=\"article:published_time\" content=\"2017-06-26T07:58:34+00:00\" \/>\n<meta property=\"og:image\" content=\"https:\/\/www.krafthand.de\/truck\/wp-content\/uploads\/2017\/06\/kht0217_001_01.jpg\" \/>\n\t<meta property=\"og:image:width\" content=\"1200\" \/>\n\t<meta property=\"og:image:height\" content=\"1000\" \/>\n\t<meta property=\"og:image:type\" content=\"image\/jpeg\" \/>\n<meta name=\"author\" content=\"katja.heid@krafthand.de\" \/>\n<meta name=\"twitter:card\" content=\"summary_large_image\" \/>\n<meta name=\"twitter:label1\" content=\"Verfasst von\" \/>\n\t<meta name=\"twitter:data1\" content=\"katja.heid@krafthand.de\" \/>\n\t<meta name=\"twitter:label2\" content=\"Gesch\u00e4tzte Lesezeit\" \/>\n\t<meta name=\"twitter:data2\" content=\"1\u00a0Minute\" \/>\n<script type=\"application\/ld+json\" class=\"yoast-schema-graph\">{\"@context\":\"https:\\\/\\\/schema.org\",\"@graph\":[{\"@type\":\"Article\",\"@id\":\"https:\\\/\\\/www.krafthand.de\\\/truck\\\/artikel\\\/km-als-vierte-produktmarke-der-bilstein-group-3092\\\/#article\",\"isPartOf\":{\"@id\":\"https:\\\/\\\/www.krafthand.de\\\/truck\\\/artikel\\\/km-als-vierte-produktmarke-der-bilstein-group-3092\\\/\"},\"author\":{\"name\":\"katja.heid@krafthand.de\",\"@id\":\"https:\\\/\\\/www.krafthand.de\\\/truck\\\/#\\\/schema\\\/person\\\/8e290c6d425b72d176adc7767a251001\"},\"headline\":\"KM als vierte Produktmarke der Bilstein Group\",\"datePublished\":\"2017-06-26T07:58:34+00:00\",\"mainEntityOfPage\":{\"@id\":\"https:\\\/\\\/www.krafthand.de\\\/truck\\\/artikel\\\/km-als-vierte-produktmarke-der-bilstein-group-3092\\\/\"},\"wordCount\":122,\"image\":{\"@id\":\"https:\\\/\\\/www.krafthand.de\\\/truck\\\/artikel\\\/km-als-vierte-produktmarke-der-bilstein-group-3092\\\/#primaryimage\"},\"thumbnailUrl\":\"https:\\\/\\\/static.krafthand-truck.de\\\/uploads\\\/2017\\\/06\\\/kht0217_001_01.jpg\",\"keywords\":[\"Blue Print\",\"Busse\",\"Febi\",\"Ferdinand Bilstein\",\"Jan Siekermann\",\"Karsten Sch\u00fc\u00dfler-Bilstein\",\"KM\",\"Kupplung\",\"Lkw\",\"SWAG\"],\"articleSection\":[\"Nfz-Branche\"],\"inLanguage\":\"de\"},{\"@type\":\"WebPage\",\"@id\":\"https:\\\/\\\/www.krafthand.de\\\/truck\\\/artikel\\\/km-als-vierte-produktmarke-der-bilstein-group-3092\\\/\",\"url\":\"https:\\\/\\\/www.krafthand.de\\\/truck\\\/artikel\\\/km-als-vierte-produktmarke-der-bilstein-group-3092\\\/\",\"name\":\"KM als vierte Produktmarke der Bilstein Group - Krafthand-Truck\",\"isPartOf\":{\"@id\":\"https:\\\/\\\/www.krafthand.de\\\/truck\\\/#website\"},\"primaryImageOfPage\":{\"@id\":\"https:\\\/\\\/www.krafthand.de\\\/truck\\\/artikel\\\/km-als-vierte-produktmarke-der-bilstein-group-3092\\\/#primaryimage\"},\"image\":{\"@id\":\"https:\\\/\\\/www.krafthand.de\\\/truck\\\/artikel\\\/km-als-vierte-produktmarke-der-bilstein-group-3092\\\/#primaryimage\"},\"thumbnailUrl\":\"https:\\\/\\\/static.krafthand-truck.de\\\/uploads\\\/2017\\\/06\\\/kht0217_001_01.jpg\",\"datePublished\":\"2017-06-26T07:58:34+00:00\",\"author\":{\"@id\":\"https:\\\/\\\/www.krafthand.de\\\/truck\\\/#\\\/schema\\\/person\\\/8e290c6d425b72d176adc7767a251001\"},\"breadcrumb\":{\"@id\":\"https:\\\/\\\/www.krafthand.de\\\/truck\\\/artikel\\\/km-als-vierte-produktmarke-der-bilstein-group-3092\\\/#breadcrumb\"},\"inLanguage\":\"de\",\"potentialAction\":[{\"@type\":\"ReadAction\",\"target\":[\"https:\\\/\\\/www.krafthand.de\\\/truck\\\/artikel\\\/km-als-vierte-produktmarke-der-bilstein-group-3092\\\/\"]}]},{\"@type\":\"ImageObject\",\"inLanguage\":\"de\",\"@id\":\"https:\\\/\\\/www.krafthand.de\\\/truck\\\/artikel\\\/km-als-vierte-produktmarke-der-bilstein-group-3092\\\/#primaryimage\",\"url\":\"https:\\\/\\\/static.krafthand-truck.de\\\/uploads\\\/2017\\\/06\\\/kht0217_001_01.jpg\",\"contentUrl\":\"https:\\\/\\\/static.krafthand-truck.de\\\/uploads\\\/2017\\\/06\\\/kht0217_001_01.jpg\",\"width\":1200,\"height\":1000,\"caption\":\"Vier unter einem Dach: Seit Kurzem geh\u00f6rt der baden-w\u00fcrttembergische Kupplungsspezialist KM zur Bilstein Group und ist damit neben Febi, SWAG und Blue Print die vierte Produktmarke des Ennepetaler Nutzfahrzeugteile-Spezialisten Ferdinand Bilstein. Bild: Febi\"},{\"@type\":\"BreadcrumbList\",\"@id\":\"https:\\\/\\\/www.krafthand.de\\\/truck\\\/artikel\\\/km-als-vierte-produktmarke-der-bilstein-group-3092\\\/#breadcrumb\",\"itemListElement\":[{\"@type\":\"ListItem\",\"position\":1,\"name\":\"Krafthand-Truck\",\"item\":\"https:\\\/\\\/www.krafthand.de\\\/truck\\\/\"},{\"@type\":\"ListItem\",\"position\":2,\"name\":\"Nfz-Branche\",\"item\":\"https:\\\/\\\/www.krafthand.de\\\/truck\\\/kategorie\\\/branche\\\/\"},{\"@type\":\"ListItem\",\"position\":3,\"name\":\"KM als vierte Produktmarke der Bilstein Group\"}]},{\"@type\":\"WebSite\",\"@id\":\"https:\\\/\\\/www.krafthand.de\\\/truck\\\/#website\",\"url\":\"https:\\\/\\\/www.krafthand.de\\\/truck\\\/\",\"name\":\"Krafthand-Truck\",\"description\":\"\",\"potentialAction\":[{\"@type\":\"SearchAction\",\"target\":{\"@type\":\"EntryPoint\",\"urlTemplate\":\"https:\\\/\\\/www.krafthand.de\\\/truck\\\/?s={search_term_string}\"},\"query-input\":{\"@type\":\"PropertyValueSpecification\",\"valueRequired\":true,\"valueName\":\"search_term_string\"}}],\"inLanguage\":\"de\"},{\"@type\":\"Person\",\"@id\":\"https:\\\/\\\/www.krafthand.de\\\/truck\\\/#\\\/schema\\\/person\\\/8e290c6d425b72d176adc7767a251001\",\"name\":\"katja.heid@krafthand.de\",\"image\":{\"@type\":\"ImageObject\",\"inLanguage\":\"de\",\"@id\":\"https:\\\/\\\/secure.gravatar.com\\\/avatar\\\/9a2930c54ede0e0a76c0f8abfb74704de273084f2aa0e3c6deb2c86704c7402b?s=96&d=mm&r=g\",\"url\":\"https:\\\/\\\/secure.gravatar.com\\\/avatar\\\/9a2930c54ede0e0a76c0f8abfb74704de273084f2aa0e3c6deb2c86704c7402b?s=96&d=mm&r=g\",\"contentUrl\":\"https:\\\/\\\/secure.gravatar.com\\\/avatar\\\/9a2930c54ede0e0a76c0f8abfb74704de273084f2aa0e3c6deb2c86704c7402b?s=96&d=mm&r=g\",\"caption\":\"katja.heid@krafthand.de\"}}]}<\/script>\n<!-- \/ Yoast SEO plugin. -->","yoast_head_json":{"title":"KM als vierte Produktmarke der Bilstein Group - Krafthand-Truck","robots":{"index":"index","follow":"follow","max-snippet":"max-snippet:-1","max-image-preview":"max-image-preview:large","max-video-preview":"max-video-preview:-1"},"canonical":"https:\/\/www.krafthand.de\/truck\/artikel\/km-als-vierte-produktmarke-der-bilstein-group-3092\/","og_locale":"de_DE","og_type":"article","og_title":"KM als vierte Produktmarke der Bilstein Group - Krafthand-Truck","og_description":"Kupplungen f\u00fcr Lkw und Busse geh\u00f6ren schon seit Langem zu den Klassikern im Portfolio des Nutzfahrzeugteile- Spezialisten Ferdinand Bilstein. Vor Kurzem haben die Ennepetaler ihre Kupplungskompetenz weiter ausgebaut und nach eigenem Bekunden den s\u00fcddeutschen Kupplungshersteller KM Autotechnik Kary + Mangler zu 100 Prozent \u00fcbernommen. Damit ist KM neben Febi, SWAG und Blue Print nun die vierte Produktmarke der Bilstein Group, der Dachmarke des Unternehmens. ... weiter","og_url":"https:\/\/www.krafthand-truck.de\/artikel\/km-als-vierte-produktmarke-der-bilstein-group-3092\/","og_site_name":"Krafthand-Truck","article_published_time":"2017-06-26T07:58:34+00:00","og_image":[{"width":1200,"height":1000,"url":"https:\/\/www.krafthand.de\/truck\/wp-content\/uploads\/2017\/06\/kht0217_001_01.jpg","type":"image\/jpeg"}],"author":"katja.heid@krafthand.de","twitter_card":"summary_large_image","twitter_misc":{"Verfasst von":"katja.heid@krafthand.de","Gesch\u00e4tzte Lesezeit":"1\u00a0Minute"},"schema":{"@context":"https:\/\/schema.org","@graph":[{"@type":"Article","@id":"https:\/\/www.krafthand.de\/truck\/artikel\/km-als-vierte-produktmarke-der-bilstein-group-3092\/#article","isPartOf":{"@id":"https:\/\/www.krafthand.de\/truck\/artikel\/km-als-vierte-produktmarke-der-bilstein-group-3092\/"},"author":{"name":"katja.heid@krafthand.de","@id":"https:\/\/www.krafthand.de\/truck\/#\/schema\/person\/8e290c6d425b72d176adc7767a251001"},"headline":"KM als vierte Produktmarke der Bilstein Group","datePublished":"2017-06-26T07:58:34+00:00","mainEntityOfPage":{"@id":"https:\/\/www.krafthand.de\/truck\/artikel\/km-als-vierte-produktmarke-der-bilstein-group-3092\/"},"wordCount":122,"image":{"@id":"https:\/\/www.krafthand.de\/truck\/artikel\/km-als-vierte-produktmarke-der-bilstein-group-3092\/#primaryimage"},"thumbnailUrl":"https:\/\/static.krafthand-truck.de\/uploads\/2017\/06\/kht0217_001_01.jpg","keywords":["Blue Print","Busse","Febi","Ferdinand Bilstein","Jan Siekermann","Karsten Sch\u00fc\u00dfler-Bilstein","KM","Kupplung","Lkw","SWAG"],"articleSection":["Nfz-Branche"],"inLanguage":"de"},{"@type":"WebPage","@id":"https:\/\/www.krafthand.de\/truck\/artikel\/km-als-vierte-produktmarke-der-bilstein-group-3092\/","url":"https:\/\/www.krafthand.de\/truck\/artikel\/km-als-vierte-produktmarke-der-bilstein-group-3092\/","name":"KM als vierte Produktmarke der Bilstein Group - Krafthand-Truck","isPartOf":{"@id":"https:\/\/www.krafthand.de\/truck\/#website"},"primaryImageOfPage":{"@id":"https:\/\/www.krafthand.de\/truck\/artikel\/km-als-vierte-produktmarke-der-bilstein-group-3092\/#primaryimage"},"image":{"@id":"https:\/\/www.krafthand.de\/truck\/artikel\/km-als-vierte-produktmarke-der-bilstein-group-3092\/#primaryimage"},"thumbnailUrl":"https:\/\/static.krafthand-truck.de\/uploads\/2017\/06\/kht0217_001_01.jpg","datePublished":"2017-06-26T07:58:34+00:00","author":{"@id":"https:\/\/www.krafthand.de\/truck\/#\/schema\/person\/8e290c6d425b72d176adc7767a251001"},"breadcrumb":{"@id":"https:\/\/www.krafthand.de\/truck\/artikel\/km-als-vierte-produktmarke-der-bilstein-group-3092\/#breadcrumb"},"inLanguage":"de","potentialAction":[{"@type":"ReadAction","target":["https:\/\/www.krafthand.de\/truck\/artikel\/km-als-vierte-produktmarke-der-bilstein-group-3092\/"]}]},{"@type":"ImageObject","inLanguage":"de","@id":"https:\/\/www.krafthand.de\/truck\/artikel\/km-als-vierte-produktmarke-der-bilstein-group-3092\/#primaryimage","url":"https:\/\/static.krafthand-truck.de\/uploads\/2017\/06\/kht0217_001_01.jpg","contentUrl":"https:\/\/static.krafthand-truck.de\/uploads\/2017\/06\/kht0217_001_01.jpg","width":1200,"height":1000,"caption":"Vier unter einem Dach: Seit Kurzem geh\u00f6rt der baden-w\u00fcrttembergische Kupplungsspezialist KM zur Bilstein Group und ist damit neben Febi, SWAG und Blue Print die vierte Produktmarke des Ennepetaler Nutzfahrzeugteile-Spezialisten Ferdinand Bilstein. Bild: Febi"},{"@type":"BreadcrumbList","@id":"https:\/\/www.krafthand.de\/truck\/artikel\/km-als-vierte-produktmarke-der-bilstein-group-3092\/#breadcrumb","itemListElement":[{"@type":"ListItem","position":1,"name":"Krafthand-Truck","item":"https:\/\/www.krafthand.de\/truck\/"},{"@type":"ListItem","position":2,"name":"Nfz-Branche","item":"https:\/\/www.krafthand.de\/truck\/kategorie\/branche\/"},{"@type":"ListItem","position":3,"name":"KM als vierte Produktmarke der Bilstein Group"}]},{"@type":"WebSite","@id":"https:\/\/www.krafthand.de\/truck\/#website","url":"https:\/\/www.krafthand.de\/truck\/","name":"Krafthand-Truck","description":"","potentialAction":[{"@type":"SearchAction","target":{"@type":"EntryPoint","urlTemplate":"https:\/\/www.krafthand.de\/truck\/?s={search_term_string}"},"query-input":{"@type":"PropertyValueSpecification","valueRequired":true,"valueName":"search_term_string"}}],"inLanguage":"de"},{"@type":"Person","@id":"https:\/\/www.krafthand.de\/truck\/#\/schema\/person\/8e290c6d425b72d176adc7767a251001","name":"katja.heid@krafthand.de","image":{"@type":"ImageObject","inLanguage":"de","@id":"https:\/\/secure.gravatar.com\/avatar\/9a2930c54ede0e0a76c0f8abfb74704de273084f2aa0e3c6deb2c86704c7402b?s=96&d=mm&r=g","url":"https:\/\/secure.gravatar.com\/avatar\/9a2930c54ede0e0a76c0f8abfb74704de273084f2aa0e3c6deb2c86704c7402b?s=96&d=mm&r=g","contentUrl":"https:\/\/secure.gravatar.com\/avatar\/9a2930c54ede0e0a76c0f8abfb74704de273084f2aa0e3c6deb2c86704c7402b?s=96&d=mm&r=g","caption":"katja.heid@krafthand.de"}}]}},"_links":{"self":[{"href":"https:\/\/www.krafthand.de\/truck\/wp-json\/wp\/v2\/posts\/3092","targetHints":{"allow":["GET"]}}],"collection":[{"href":"https:\/\/www.krafthand.de\/truck\/wp-json\/wp\/v2\/posts"}],"about":[{"href":"https:\/\/www.krafthand.de\/truck\/wp-json\/wp\/v2\/types\/post"}],"author":[{"embeddable":true,"href":"https:\/\/www.krafthand.de\/truck\/wp-json\/wp\/v2\/users\/3"}],"replies":[{"embeddable":true,"href":"https:\/\/www.krafthand.de\/truck\/wp-json\/wp\/v2\/comments?post=3092"}],"version-history":[{"count":0,"href":"https:\/\/www.krafthand.de\/truck\/wp-json\/wp\/v2\/posts\/3092\/revisions"}],"wp:featuredmedia":[{"embeddable":true,"href":"https:\/\/www.krafthand.de\/truck\/wp-json\/wp\/v2\/media\/3093"}],"wp:attachment":[{"href":"https:\/\/www.krafthand.de\/truck\/wp-json\/wp\/v2\/media?parent=3092"}],"wp:term":[{"taxonomy":"category","embeddable":true,"href":"https:\/\/www.krafthand.de\/truck\/wp-json\/wp\/v2\/categories?post=3092"},{"taxonomy":"post_tag","embeddable":true,"href":"https:\/\/www.krafthand.de\/truck\/wp-json\/wp\/v2\/tags?post=3092"},{"taxonomy":"settings","embeddable":true,"href":"https:\/\/www.krafthand.de\/truck\/wp-json\/wp\/v2\/settings?post=3092"}],"curies":[{"name":"wp","href":"https:\/\/api.w.org\/{rel}","templated":true}]}}