{"id":30857,"date":"2022-01-19T11:49:36","date_gmt":"2022-01-19T10:49:36","guid":{"rendered":"https:\/\/www.krafthand.de\/truck\/?p=30857"},"modified":"2022-01-19T13:08:56","modified_gmt":"2022-01-19T12:08:56","slug":"innovationspreis-fuer-elektrisch-angetriebenen-trailer","status":"publish","type":"post","link":"https:\/\/www.krafthand.de\/truck\/artikel\/innovationspreis-fuer-elektrisch-angetriebenen-trailer-30857\/","title":{"rendered":"Innovationspreis f\u00fcr elektrisch angetriebenen Trailer"},"content":{"rendered":"<p>Das Aachener Unternehmen Trailer Dynamics und der Anh\u00e4nger-Spezialist Krone sind am 17.1.2022 f\u00fcr den sogenannten eTrailer mit dem Innovationspreis des Netzwerks ZENIT e.V ausgezeichnet worden.\u00a0 Der eTrailer verf\u00fcgt \u00fcber eine eigene, elektrisch angetriebene Achse, die unabh\u00e4ngig von der Sattelzugmaschine arbeitet und so f\u00fcr eine deutliche Reduzierung der CO2-Emissionen des Sattelzugs sorgt. Erste Tests mit einem Prototypen best\u00e4tigen laut Krone die\u00a0 Erwartungen an das neue System. Der Innovationspreis des Netzwerks <a href=\"https:\/\/www.zenit.de\" target=\"_blank\" rel=\"noopener\">ZENIT e.V.<\/a> ist mit 10.000 Euro dotiert ist. \u00dcberreicht wurde der Preis von NRW-Innovationsminister Prof. Dr. Andreas Pinkwart und dem ZENIT Netzwerkvorsitzenden Thomas Eulenstein.<\/p>\n<figure id=\"attachment_30866\" aria-describedby=\"caption-attachment-30866\" style=\"width: 665px\" class=\"wp-caption aligncenter\"><a href=\"https:\/\/static.krafthand-truck.de\/uploads\/2022\/01\/Krone_ZENIT-Innovationspreisverleihung-2022_Trailer-Dynamics_Nimtsch.jpg\" target=\"_blank\" rel=\"noopener\"><img fetchpriority=\"high\" decoding=\"async\" class=\"wp-image-30866 size-large\" src=\"https:\/\/static.krafthand-truck.de\/uploads\/2022\/01\/Krone_ZENIT-Innovationspreisverleihung-2022_Trailer-Dynamics_Nimtsch-1024x558.jpg\" alt=\"\" width=\"665\" height=\"362\" srcset=\"https:\/\/static.krafthand-truck.de\/uploads\/2022\/01\/Krone_ZENIT-Innovationspreisverleihung-2022_Trailer-Dynamics_Nimtsch-1024x558.jpg 1024w, https:\/\/static.krafthand-truck.de\/uploads\/2022\/01\/Krone_ZENIT-Innovationspreisverleihung-2022_Trailer-Dynamics_Nimtsch-300x164.jpg 300w, https:\/\/static.krafthand-truck.de\/uploads\/2022\/01\/Krone_ZENIT-Innovationspreisverleihung-2022_Trailer-Dynamics_Nimtsch-768x419.jpg 768w, https:\/\/static.krafthand-truck.de\/uploads\/2022\/01\/Krone_ZENIT-Innovationspreisverleihung-2022_Trailer-Dynamics_Nimtsch.jpg 1200w\" sizes=\"(max-width: 665px) 100vw, 665px\" \/><\/a><figcaption id=\"caption-attachment-30866\" class=\"wp-caption-text\">Michael Nimtsch, Gesch\u00e4ftsf\u00fchrer von Trailer Dynamics, erhielt den Innovationspreis aus den H\u00e4nden von NRW-Innovationsminister Prof. Dr. Andreas Pinkwart (l.) und dem Vorsitzenden des Netzwerks ZENIT e.V. Thomas Eulenstein (r.). Foto: ZENIT e.V.<\/figcaption><\/figure>\n<h3>Hintergrund<\/h3>\n<p>Die Umweltziele der EU und des Bunds sind hoch. Im Vergleich zu 1990 sollen die Netto-Treibhausgasemissionen bis 2030 um mindestens 55 Prozent gesenkt werden. Wichtigste Zielgruppe ist f\u00fcr <a href=\"https:\/\/www.trailerdynamics.de\/\" target=\"_blank\" rel=\"noopener\">Trailer Dynamics<\/a> im ersten Schritt daher insbesondere die Bestandsflotte an Diesel-Sattelzugsystemen. \u201eWir gehen davon aus, dass diese Systeme noch f\u00fcr die n\u00e4chsten 20 bis 30 Jahre die \u00fcberwiegende Motorisierung des Langstrecken-G\u00fcterverkehrs darstellen\u201c, prognostizieren die Gesch\u00e4ftsf\u00fchrer Michael Nimtsch, Abdullah Jaber und Jochen M\u00e4hlmann.<\/p>\n<p>Da es f\u00fcr Lkw, die vor allem auf Kurzstrecken unterwegs sind, bereits L\u00f6sungen zur Schadstoffverringerung gibt, liegt der Fokus von Trailer Dynamics auf Diesel-Lkw die bei ihren Fahrten mehr als 500 Kilometer zur\u00fccklegen. Deren Treibstoffverbrauch soll um mehr als 20 Prozent gesenkt und damit j\u00e4hrlich mindestens 20 Tonnen CO2 pro Sattelzug eingespart werden. Bei einem angenommenen Marktanteil an eTrailern von 10 Prozent w\u00fcrde dies in Deutschland zu einer j\u00e4hrlichen Emissionsreduktion von mehr als einer Million Tonnen CO2 f\u00fchren.<\/p>\n<p>Nicht nur die Umwelt soll laut <a href=\"https:\/\/www.krone-trailer.com\/\" target=\"_blank\" rel=\"noopener\">Krone<\/a> vom eTrailer profitieren, sondern auch die Logistikunternehmen. Dank der zus\u00e4tzlichen Leistung der eAchse wird die Sattelzugmaschine im Antrieb unterst\u00fctzt, der Motor kann kleiner dimensioniert werden. So verringern sich die laufenden Betriebskosten (TCO). Das System l\u00e4sst sich laut Krone mit allen g\u00e4ngigen Sattelzugmaschinen kombinieren.<\/p>\n<h3>Funktionsprinzip\/Entwicklung<\/h3>\n<p>Die elektrische Achse ersetzt eine der herk\u00f6mmlichen, nicht angetriebenen Achsen des Trailers. Ein mit Sensoren ausgestatteter K\u00f6nigszapfen erm\u00f6glicht eine mit der Sattelzugmaschine unabh\u00e4ngige funktionssichere Echtzeit-Steuerung des elektrischen Antriebsstrangs. In Kombination des eTrailers mit dem Dieselfahrzeug wird damit das gesamte Sattelzugsystem laut Krone quasi in einen elektrischen Plug-In-Hybrid umgewandelt.<\/p>\n<p>Die strategische Kooperation mit dem Trailer-Hersteller Krone aus dem nieders\u00e4chsischen Werlte soll im laufenden Prozess eine kompetente Industrialisierung, eine qualitative und schnelle Markteinf\u00fchrung und einen professionellen After Sales-Service sicherstellen. Dabei ist der stete Erfahrungsaustausch im Rahmen der weiteren Entwicklung, der Effizienzsteigerung, der Konstruktion, der Gewichtsreduktion und der Einhaltung von Mindestst\u00fcckzahlen f\u00fcr das Trailer Dynamics-Team ein wesentlicher Baustein auf dem Weg zur Vorserie.<\/p>\n\r\n\t\t\t\t<div class=\"post-author\">\r\n\t\t\t\t\t<div class=\"khm-cp-author clearfix\">\r\n\t\t\t\t\t\t<div class=\"khm-cp-author__content\">\r\n\t\t\t\t\t\t\t\tKontakt zum Autor:<br \/>\r\n\t\t\t\t\t\t\t\t<strong>Georg Blenk<\/strong>, 08247 \/ 3007-45 |  <a href=\"mailto:georg.blenk@krafthand-medien.de\">georg.blenk@krafthand-medien.de<\/a>\r\n\t\t\t\t\t\t\t<div class=\"khm-cp-author__image\">\r\n\t\t\t\t\t\t<img src=\"https:\/\/static.krafthand-truck.de\/uploads\/2021\/01\/Blenk_6104-250x300-1-removebg-preview.png\" class=\"img-responsive\">\r\n\t\t\t\t\t<\/div>\r\n\t\t\t\t\t\t<\/div>\r\n\t\t\t\t\t<\/div>\r\n\t\t\t\t<\/div>\r\n\t\t\t\t","protected":false},"excerpt":{"rendered":"<p>Das Aachener Unternehmen Trailer Dynamics und der Anh\u00e4nger-Spezialist Krone sind f\u00fcr den elektrisch angetriebenen eTrailer mit dem Innovationspreis des Netzwerks ZENIT e.V ausgezeichnet worden.\u00a0Der eTrailer verf\u00fcgt \u00fcber eine eigene, elektrisch angetriebene Achse, die unabh\u00e4ngig von der Sattelzugmaschine arbeitet. <span class=\"excerpt-more__dots\">&#8230;<\/span> <a class=\"excerpt-more__link\" href=\"https:\/\/www.krafthand.de\/truck\/artikel\/innovationspreis-fuer-elektrisch-angetriebenen-trailer-30857\/\" >weiter<\/a><\/p>\n","protected":false},"author":9,"featured_media":30863,"comment_status":"closed","ping_status":"closed","sticky":false,"template":"","format":"standard","meta":{"footnotes":""},"categories":[4224,4914,4235],"tags":[4501,5010,388,5012,5011],"settings":[3524,4766,3523],"class_list":["post-30857","post","type-post","status-publish","format-standard","has-post-thumbnail","hentry","category-e-antrieb","category-trailer-aufbauten","category-unternehmen","tag-eachse","tag-etrailer","tag-krone","tag-trailer-dynamics","tag-zenit"],"yoast_head":"<!-- This site is optimized with the Yoast SEO plugin v27.3 - https:\/\/yoast.com\/product\/yoast-seo-wordpress\/ -->\n<title>eTrailer: Krone und Trailer-Dynamics Innovationspreis ausgezeichnet<\/title>\n<meta name=\"description\" content=\"Das Aachener Unternehmen Trailer Dynamics und der Anh\u00e4nger-Spezialist Krone sind f\u00fcr den elektrisch angetriebenen eTrailer mit dem Innovationspreis des Netzwerks ZENIT e.V ausgezeichnet worden.\u00a0\" \/>\n<meta name=\"robots\" content=\"index, follow, max-snippet:-1, max-image-preview:large, max-video-preview:-1\" \/>\n<link rel=\"canonical\" href=\"https:\/\/www.krafthand.de\/truck\/artikel\/innovationspreis-fuer-elektrisch-angetriebenen-trailer-30857\/\" \/>\n<meta property=\"og:locale\" content=\"de_DE\" \/>\n<meta property=\"og:type\" content=\"article\" \/>\n<meta property=\"og:title\" content=\"eTrailer: Krone und Trailer-Dynamics Innovationspreis ausgezeichnet\" \/>\n<meta property=\"og:description\" content=\"Das Aachener Unternehmen Trailer Dynamics und der Anh\u00e4nger-Spezialist Krone sind f\u00fcr den elektrisch angetriebenen eTrailer mit dem Innovationspreis des Netzwerks ZENIT e.V ausgezeichnet worden.\u00a0\" \/>\n<meta property=\"og:url\" content=\"https:\/\/www.krafthand-truck.de\/artikel\/innovationspreis-fuer-elektrisch-angetriebenen-trailer-30857\/\" \/>\n<meta property=\"og:site_name\" content=\"Krafthand-Truck\" \/>\n<meta property=\"article:published_time\" content=\"2022-01-19T10:49:36+00:00\" \/>\n<meta property=\"article:modified_time\" content=\"2022-01-19T12:08:56+00:00\" \/>\n<meta property=\"og:image\" content=\"https:\/\/static.krafthand-truck.de\/uploads\/2022\/01\/Krone_eTrailer_Krafthand_Truck.jpg\" \/>\n\t<meta property=\"og:image:width\" content=\"1200\" \/>\n\t<meta property=\"og:image:height\" content=\"465\" \/>\n\t<meta property=\"og:image:type\" content=\"image\/jpeg\" \/>\n<meta name=\"author\" content=\"georg.blenk@krafthand-medien.de\" \/>\n<meta name=\"twitter:card\" content=\"summary_large_image\" \/>\n<meta name=\"twitter:label1\" content=\"Verfasst von\" \/>\n\t<meta name=\"twitter:data1\" content=\"georg.blenk@krafthand-medien.de\" \/>\n\t<meta name=\"twitter:label2\" content=\"Gesch\u00e4tzte Lesezeit\" \/>\n\t<meta name=\"twitter:data2\" content=\"2\u00a0Minuten\" \/>\n<script type=\"application\/ld+json\" class=\"yoast-schema-graph\">{\"@context\":\"https:\\\/\\\/schema.org\",\"@graph\":[{\"@type\":\"Article\",\"@id\":\"https:\\\/\\\/www.krafthand.de\\\/truck\\\/artikel\\\/innovationspreis-fuer-elektrisch-angetriebenen-trailer-30857\\\/#article\",\"isPartOf\":{\"@id\":\"https:\\\/\\\/www.krafthand.de\\\/truck\\\/artikel\\\/innovationspreis-fuer-elektrisch-angetriebenen-trailer-30857\\\/\"},\"author\":{\"name\":\"georg.blenk@krafthand-medien.de\",\"@id\":\"https:\\\/\\\/www.krafthand.de\\\/truck\\\/#\\\/schema\\\/person\\\/51fa80b1c57034c4bf63f9f988fc24ce\"},\"headline\":\"Innovationspreis f\u00fcr elektrisch angetriebenen Trailer\",\"datePublished\":\"2022-01-19T10:49:36+00:00\",\"dateModified\":\"2022-01-19T12:08:56+00:00\",\"mainEntityOfPage\":{\"@id\":\"https:\\\/\\\/www.krafthand.de\\\/truck\\\/artikel\\\/innovationspreis-fuer-elektrisch-angetriebenen-trailer-30857\\\/\"},\"wordCount\":478,\"image\":{\"@id\":\"https:\\\/\\\/www.krafthand.de\\\/truck\\\/artikel\\\/innovationspreis-fuer-elektrisch-angetriebenen-trailer-30857\\\/#primaryimage\"},\"thumbnailUrl\":\"https:\\\/\\\/static.krafthand-truck.de\\\/uploads\\\/2022\\\/01\\\/Krone_eTrailer_Krafthand_Truck.jpg\",\"keywords\":[\"eAchse\",\"eTrailer\",\"Krone\",\"Trailer-Dynamics\",\"Zenit\"],\"articleSection\":[\"E-Antrieb (BEV\\\/FCEV)\",\"Trailer\\\/Aufbauten\",\"Unternehmen\"],\"inLanguage\":\"de\"},{\"@type\":\"WebPage\",\"@id\":\"https:\\\/\\\/www.krafthand.de\\\/truck\\\/artikel\\\/innovationspreis-fuer-elektrisch-angetriebenen-trailer-30857\\\/\",\"url\":\"https:\\\/\\\/www.krafthand.de\\\/truck\\\/artikel\\\/innovationspreis-fuer-elektrisch-angetriebenen-trailer-30857\\\/\",\"name\":\"eTrailer: Krone und Trailer-Dynamics Innovationspreis ausgezeichnet\",\"isPartOf\":{\"@id\":\"https:\\\/\\\/www.krafthand.de\\\/truck\\\/#website\"},\"primaryImageOfPage\":{\"@id\":\"https:\\\/\\\/www.krafthand.de\\\/truck\\\/artikel\\\/innovationspreis-fuer-elektrisch-angetriebenen-trailer-30857\\\/#primaryimage\"},\"image\":{\"@id\":\"https:\\\/\\\/www.krafthand.de\\\/truck\\\/artikel\\\/innovationspreis-fuer-elektrisch-angetriebenen-trailer-30857\\\/#primaryimage\"},\"thumbnailUrl\":\"https:\\\/\\\/static.krafthand-truck.de\\\/uploads\\\/2022\\\/01\\\/Krone_eTrailer_Krafthand_Truck.jpg\",\"datePublished\":\"2022-01-19T10:49:36+00:00\",\"dateModified\":\"2022-01-19T12:08:56+00:00\",\"author\":{\"@id\":\"https:\\\/\\\/www.krafthand.de\\\/truck\\\/#\\\/schema\\\/person\\\/51fa80b1c57034c4bf63f9f988fc24ce\"},\"description\":\"Das Aachener Unternehmen Trailer Dynamics und der Anh\u00e4nger-Spezialist Krone sind f\u00fcr den elektrisch angetriebenen eTrailer mit dem Innovationspreis des Netzwerks ZENIT e.V ausgezeichnet worden.\u00a0\",\"breadcrumb\":{\"@id\":\"https:\\\/\\\/www.krafthand.de\\\/truck\\\/artikel\\\/innovationspreis-fuer-elektrisch-angetriebenen-trailer-30857\\\/#breadcrumb\"},\"inLanguage\":\"de\",\"potentialAction\":[{\"@type\":\"ReadAction\",\"target\":[\"https:\\\/\\\/www.krafthand.de\\\/truck\\\/artikel\\\/innovationspreis-fuer-elektrisch-angetriebenen-trailer-30857\\\/\"]}]},{\"@type\":\"ImageObject\",\"inLanguage\":\"de\",\"@id\":\"https:\\\/\\\/www.krafthand.de\\\/truck\\\/artikel\\\/innovationspreis-fuer-elektrisch-angetriebenen-trailer-30857\\\/#primaryimage\",\"url\":\"https:\\\/\\\/static.krafthand-truck.de\\\/uploads\\\/2022\\\/01\\\/Krone_eTrailer_Krafthand_Truck.jpg\",\"contentUrl\":\"https:\\\/\\\/static.krafthand-truck.de\\\/uploads\\\/2022\\\/01\\\/Krone_eTrailer_Krafthand_Truck.jpg\",\"width\":1200,\"height\":465},{\"@type\":\"BreadcrumbList\",\"@id\":\"https:\\\/\\\/www.krafthand.de\\\/truck\\\/artikel\\\/innovationspreis-fuer-elektrisch-angetriebenen-trailer-30857\\\/#breadcrumb\",\"itemListElement\":[{\"@type\":\"ListItem\",\"position\":1,\"name\":\"Krafthand-Truck\",\"item\":\"https:\\\/\\\/www.krafthand.de\\\/truck\\\/\"},{\"@type\":\"ListItem\",\"position\":2,\"name\":\"Nfz-Branche\",\"item\":\"https:\\\/\\\/www.krafthand.de\\\/truck\\\/kategorie\\\/branche\\\/\"},{\"@type\":\"ListItem\",\"position\":3,\"name\":\"Unternehmen\",\"item\":\"https:\\\/\\\/www.krafthand.de\\\/truck\\\/kategorie\\\/branche\\\/unternehmen\\\/\"},{\"@type\":\"ListItem\",\"position\":4,\"name\":\"Innovationspreis f\u00fcr elektrisch angetriebenen Trailer\"}]},{\"@type\":\"WebSite\",\"@id\":\"https:\\\/\\\/www.krafthand.de\\\/truck\\\/#website\",\"url\":\"https:\\\/\\\/www.krafthand.de\\\/truck\\\/\",\"name\":\"Krafthand-Truck\",\"description\":\"\",\"potentialAction\":[{\"@type\":\"SearchAction\",\"target\":{\"@type\":\"EntryPoint\",\"urlTemplate\":\"https:\\\/\\\/www.krafthand.de\\\/truck\\\/?s={search_term_string}\"},\"query-input\":{\"@type\":\"PropertyValueSpecification\",\"valueRequired\":true,\"valueName\":\"search_term_string\"}}],\"inLanguage\":\"de\"},{\"@type\":\"Person\",\"@id\":\"https:\\\/\\\/www.krafthand.de\\\/truck\\\/#\\\/schema\\\/person\\\/51fa80b1c57034c4bf63f9f988fc24ce\",\"name\":\"georg.blenk@krafthand-medien.de\",\"image\":{\"@type\":\"ImageObject\",\"inLanguage\":\"de\",\"@id\":\"https:\\\/\\\/secure.gravatar.com\\\/avatar\\\/93713c30affe0aa95d3a4130e499bb1abee2eb31adbdd9ce2aa1543538490215?s=96&d=mm&r=g\",\"url\":\"https:\\\/\\\/secure.gravatar.com\\\/avatar\\\/93713c30affe0aa95d3a4130e499bb1abee2eb31adbdd9ce2aa1543538490215?s=96&d=mm&r=g\",\"contentUrl\":\"https:\\\/\\\/secure.gravatar.com\\\/avatar\\\/93713c30affe0aa95d3a4130e499bb1abee2eb31adbdd9ce2aa1543538490215?s=96&d=mm&r=g\",\"caption\":\"georg.blenk@krafthand-medien.de\"}}]}<\/script>\n<!-- \/ Yoast SEO plugin. -->","yoast_head_json":{"title":"eTrailer: Krone und Trailer-Dynamics Innovationspreis ausgezeichnet","description":"Das Aachener Unternehmen Trailer Dynamics und der Anh\u00e4nger-Spezialist Krone sind f\u00fcr den elektrisch angetriebenen eTrailer mit dem Innovationspreis des Netzwerks ZENIT e.V ausgezeichnet worden.\u00a0","robots":{"index":"index","follow":"follow","max-snippet":"max-snippet:-1","max-image-preview":"max-image-preview:large","max-video-preview":"max-video-preview:-1"},"canonical":"https:\/\/www.krafthand.de\/truck\/artikel\/innovationspreis-fuer-elektrisch-angetriebenen-trailer-30857\/","og_locale":"de_DE","og_type":"article","og_title":"eTrailer: Krone und Trailer-Dynamics Innovationspreis ausgezeichnet","og_description":"Das Aachener Unternehmen Trailer Dynamics und der Anh\u00e4nger-Spezialist Krone sind f\u00fcr den elektrisch angetriebenen eTrailer mit dem Innovationspreis des Netzwerks ZENIT e.V ausgezeichnet worden.\u00a0","og_url":"https:\/\/www.krafthand-truck.de\/artikel\/innovationspreis-fuer-elektrisch-angetriebenen-trailer-30857\/","og_site_name":"Krafthand-Truck","article_published_time":"2022-01-19T10:49:36+00:00","article_modified_time":"2022-01-19T12:08:56+00:00","og_image":[{"width":1200,"height":465,"url":"https:\/\/static.krafthand-truck.de\/uploads\/2022\/01\/Krone_eTrailer_Krafthand_Truck.jpg","type":"image\/jpeg"}],"author":"georg.blenk@krafthand-medien.de","twitter_card":"summary_large_image","twitter_misc":{"Verfasst von":"georg.blenk@krafthand-medien.de","Gesch\u00e4tzte Lesezeit":"2\u00a0Minuten"},"schema":{"@context":"https:\/\/schema.org","@graph":[{"@type":"Article","@id":"https:\/\/www.krafthand.de\/truck\/artikel\/innovationspreis-fuer-elektrisch-angetriebenen-trailer-30857\/#article","isPartOf":{"@id":"https:\/\/www.krafthand.de\/truck\/artikel\/innovationspreis-fuer-elektrisch-angetriebenen-trailer-30857\/"},"author":{"name":"georg.blenk@krafthand-medien.de","@id":"https:\/\/www.krafthand.de\/truck\/#\/schema\/person\/51fa80b1c57034c4bf63f9f988fc24ce"},"headline":"Innovationspreis f\u00fcr elektrisch angetriebenen Trailer","datePublished":"2022-01-19T10:49:36+00:00","dateModified":"2022-01-19T12:08:56+00:00","mainEntityOfPage":{"@id":"https:\/\/www.krafthand.de\/truck\/artikel\/innovationspreis-fuer-elektrisch-angetriebenen-trailer-30857\/"},"wordCount":478,"image":{"@id":"https:\/\/www.krafthand.de\/truck\/artikel\/innovationspreis-fuer-elektrisch-angetriebenen-trailer-30857\/#primaryimage"},"thumbnailUrl":"https:\/\/static.krafthand-truck.de\/uploads\/2022\/01\/Krone_eTrailer_Krafthand_Truck.jpg","keywords":["eAchse","eTrailer","Krone","Trailer-Dynamics","Zenit"],"articleSection":["E-Antrieb (BEV\/FCEV)","Trailer\/Aufbauten","Unternehmen"],"inLanguage":"de"},{"@type":"WebPage","@id":"https:\/\/www.krafthand.de\/truck\/artikel\/innovationspreis-fuer-elektrisch-angetriebenen-trailer-30857\/","url":"https:\/\/www.krafthand.de\/truck\/artikel\/innovationspreis-fuer-elektrisch-angetriebenen-trailer-30857\/","name":"eTrailer: Krone und Trailer-Dynamics Innovationspreis ausgezeichnet","isPartOf":{"@id":"https:\/\/www.krafthand.de\/truck\/#website"},"primaryImageOfPage":{"@id":"https:\/\/www.krafthand.de\/truck\/artikel\/innovationspreis-fuer-elektrisch-angetriebenen-trailer-30857\/#primaryimage"},"image":{"@id":"https:\/\/www.krafthand.de\/truck\/artikel\/innovationspreis-fuer-elektrisch-angetriebenen-trailer-30857\/#primaryimage"},"thumbnailUrl":"https:\/\/static.krafthand-truck.de\/uploads\/2022\/01\/Krone_eTrailer_Krafthand_Truck.jpg","datePublished":"2022-01-19T10:49:36+00:00","dateModified":"2022-01-19T12:08:56+00:00","author":{"@id":"https:\/\/www.krafthand.de\/truck\/#\/schema\/person\/51fa80b1c57034c4bf63f9f988fc24ce"},"description":"Das Aachener Unternehmen Trailer Dynamics und der Anh\u00e4nger-Spezialist Krone sind f\u00fcr den elektrisch angetriebenen eTrailer mit dem Innovationspreis des Netzwerks ZENIT e.V ausgezeichnet worden.\u00a0","breadcrumb":{"@id":"https:\/\/www.krafthand.de\/truck\/artikel\/innovationspreis-fuer-elektrisch-angetriebenen-trailer-30857\/#breadcrumb"},"inLanguage":"de","potentialAction":[{"@type":"ReadAction","target":["https:\/\/www.krafthand.de\/truck\/artikel\/innovationspreis-fuer-elektrisch-angetriebenen-trailer-30857\/"]}]},{"@type":"ImageObject","inLanguage":"de","@id":"https:\/\/www.krafthand.de\/truck\/artikel\/innovationspreis-fuer-elektrisch-angetriebenen-trailer-30857\/#primaryimage","url":"https:\/\/static.krafthand-truck.de\/uploads\/2022\/01\/Krone_eTrailer_Krafthand_Truck.jpg","contentUrl":"https:\/\/static.krafthand-truck.de\/uploads\/2022\/01\/Krone_eTrailer_Krafthand_Truck.jpg","width":1200,"height":465},{"@type":"BreadcrumbList","@id":"https:\/\/www.krafthand.de\/truck\/artikel\/innovationspreis-fuer-elektrisch-angetriebenen-trailer-30857\/#breadcrumb","itemListElement":[{"@type":"ListItem","position":1,"name":"Krafthand-Truck","item":"https:\/\/www.krafthand.de\/truck\/"},{"@type":"ListItem","position":2,"name":"Nfz-Branche","item":"https:\/\/www.krafthand.de\/truck\/kategorie\/branche\/"},{"@type":"ListItem","position":3,"name":"Unternehmen","item":"https:\/\/www.krafthand.de\/truck\/kategorie\/branche\/unternehmen\/"},{"@type":"ListItem","position":4,"name":"Innovationspreis f\u00fcr elektrisch angetriebenen Trailer"}]},{"@type":"WebSite","@id":"https:\/\/www.krafthand.de\/truck\/#website","url":"https:\/\/www.krafthand.de\/truck\/","name":"Krafthand-Truck","description":"","potentialAction":[{"@type":"SearchAction","target":{"@type":"EntryPoint","urlTemplate":"https:\/\/www.krafthand.de\/truck\/?s={search_term_string}"},"query-input":{"@type":"PropertyValueSpecification","valueRequired":true,"valueName":"search_term_string"}}],"inLanguage":"de"},{"@type":"Person","@id":"https:\/\/www.krafthand.de\/truck\/#\/schema\/person\/51fa80b1c57034c4bf63f9f988fc24ce","name":"georg.blenk@krafthand-medien.de","image":{"@type":"ImageObject","inLanguage":"de","@id":"https:\/\/secure.gravatar.com\/avatar\/93713c30affe0aa95d3a4130e499bb1abee2eb31adbdd9ce2aa1543538490215?s=96&d=mm&r=g","url":"https:\/\/secure.gravatar.com\/avatar\/93713c30affe0aa95d3a4130e499bb1abee2eb31adbdd9ce2aa1543538490215?s=96&d=mm&r=g","contentUrl":"https:\/\/secure.gravatar.com\/avatar\/93713c30affe0aa95d3a4130e499bb1abee2eb31adbdd9ce2aa1543538490215?s=96&d=mm&r=g","caption":"georg.blenk@krafthand-medien.de"}}]}},"_links":{"self":[{"href":"https:\/\/www.krafthand.de\/truck\/wp-json\/wp\/v2\/posts\/30857","targetHints":{"allow":["GET"]}}],"collection":[{"href":"https:\/\/www.krafthand.de\/truck\/wp-json\/wp\/v2\/posts"}],"about":[{"href":"https:\/\/www.krafthand.de\/truck\/wp-json\/wp\/v2\/types\/post"}],"author":[{"embeddable":true,"href":"https:\/\/www.krafthand.de\/truck\/wp-json\/wp\/v2\/users\/9"}],"replies":[{"embeddable":true,"href":"https:\/\/www.krafthand.de\/truck\/wp-json\/wp\/v2\/comments?post=30857"}],"version-history":[{"count":17,"href":"https:\/\/www.krafthand.de\/truck\/wp-json\/wp\/v2\/posts\/30857\/revisions"}],"predecessor-version":[{"id":30876,"href":"https:\/\/www.krafthand.de\/truck\/wp-json\/wp\/v2\/posts\/30857\/revisions\/30876"}],"wp:featuredmedia":[{"embeddable":true,"href":"https:\/\/www.krafthand.de\/truck\/wp-json\/wp\/v2\/media\/30863"}],"wp:attachment":[{"href":"https:\/\/www.krafthand.de\/truck\/wp-json\/wp\/v2\/media?parent=30857"}],"wp:term":[{"taxonomy":"category","embeddable":true,"href":"https:\/\/www.krafthand.de\/truck\/wp-json\/wp\/v2\/categories?post=30857"},{"taxonomy":"post_tag","embeddable":true,"href":"https:\/\/www.krafthand.de\/truck\/wp-json\/wp\/v2\/tags?post=30857"},{"taxonomy":"settings","embeddable":true,"href":"https:\/\/www.krafthand.de\/truck\/wp-json\/wp\/v2\/settings?post=30857"}],"curies":[{"name":"wp","href":"https:\/\/api.w.org\/{rel}","templated":true}]}}