{"id":30851,"date":"2022-01-18T11:02:59","date_gmt":"2022-01-18T10:02:59","guid":{"rendered":"https:\/\/www.krafthand.de\/truck\/?p=30851"},"modified":"2022-01-25T08:41:11","modified_gmt":"2022-01-25T07:41:11","slug":"tyresystem-bietet-unterstuetzung-bei-de-minimis-antraegen","status":"publish","type":"post","link":"https:\/\/www.krafthand.de\/truck\/artikel\/tyresystem-bietet-unterstuetzung-bei-de-minimis-antraegen-30851\/","title":{"rendered":"TyreSystem bietet Unterst\u00fctzung bei De-minimis-Antr\u00e4gen"},"content":{"rendered":"<p>Das Bundesamt f\u00fcr G\u00fcterverkehr (BAG) erm\u00f6glicht Unternehmen im gewerblichen G\u00fcterverkehr auch in diesem Jahr, Antr\u00e4ge f\u00fcr die neue F\u00f6rderperiode zu stellen. Passend dazu bietet der Online-Gro\u00dfh\u00e4ndler TyreSystem ab sofort mit einem kostenfreien TyreSystem De-minimis-Antragsservice eine neue Service-Dienstleistung an.<\/p>\n<p>Die Experten des Lkw-Teams erstellen im Namen des Kunden den F\u00f6rderungsantrag und begleiten den gesamten Vorgang. Um den De-minimis-Antragsservice in Anspruch zu nehmen, k\u00f6nnen Interessierte sich telefonisch \u00fcber die Rufnummer 07122 \/ 825 93 -422 oder per Mail unter lkwreifen@tyresystem.de melden.<\/p>\n<p>Neben \u00fcber 120.000 verf\u00fcgbaren Lkw-Reifen im Shop bietet TyreSystem mit seinem Lkw-Reifen-Expertenteam bereits seit mehreren Jahren eine individuelle und markenunabh\u00e4ngige Beratung an. Nach dem Start des europaweiten 24h-Reifenpannenservices f\u00fcr Lkw im Jahr 2021 ist der De-minimis-Antragsservice ein weiterer Schritt des Online-Gro\u00dfh\u00e4ndlers in Richtung ganzheitliche Unterst\u00fctzung f\u00fcr Transportunternehmen.<\/p>\n<div class=\"infobox box-grey\"><\/p>\n<h4>Das Unternehmen<\/h4>\n<p>Seit 2007 bietet das B2B-Onlineportal unter <a href=\"https:\/\/www.tyresystem.de\" target=\"_blank\" rel=\"noopener\">www.tyresystem.de<\/a> seinen Kunden kostenlos eine L\u00f6sungen f\u00fcr den Online-Reifenhandel an. Eine Vielzahl von Funktionen und Modulen sowie Schnittstellen zu zahlreichen Warenwirtschaftssystemen soll die t\u00e4gliche Gesch\u00e4ftsabwicklungen von Reifenh\u00e4ndlern, Autoh\u00e4usern, Kfz-Nfz-Werkst\u00e4tten und Transportunternehmen, vereinfachen. Das mittelst\u00e4ndische, inhabergef\u00fchrte Unternehmen mit derzeit 165 Mitarbeitern w\u00e4chst seit mehreren Jahren und verf\u00fcgt \u00fcber jeweils zwei Standorte im schw\u00e4bischen St. Johann und Ulm sowie einen Sitz in Bretten.<\/p>\n<p><\/div>\n","protected":false},"excerpt":{"rendered":"<p>Das Bundesamt f\u00fcr G\u00fcterverkehr (BAG) erm\u00f6glicht Unternehmen im gewerblichen G\u00fcterverkehr auch in diesem Jahr, Antr\u00e4ge f\u00fcr die neue F\u00f6rderperiode zu stellen. Passend dazu bietet der Online-Gro\u00dfh\u00e4ndler TyreSystem ab sofort mit einem kostenfreien TyreSystem De-minimis-Antragsservice eine neue Service-Dienstleistung an. <span class=\"excerpt-more__dots\">&#8230;<\/span> <a class=\"excerpt-more__link\" href=\"https:\/\/www.krafthand.de\/truck\/artikel\/tyresystem-bietet-unterstuetzung-bei-de-minimis-antraegen-30851\/\" >weiter<\/a><\/p>\n","protected":false},"author":9,"featured_media":30854,"comment_status":"closed","ping_status":"closed","sticky":false,"template":"","format":"standard","meta":{"footnotes":""},"categories":[4227,4231],"tags":[5008,5009,4689,4688],"settings":[4766,3523],"class_list":["post-30851","post","type-post","status-publish","format-standard","has-post-thumbnail","hentry","category-rad-reifen-bremse","category-werkstatt-it","tag-de-minimis","tag-foerderprogramm","tag-reifenhandel","tag-tyresystem"],"yoast_head":"<!-- This site is optimized with the Yoast SEO plugin v27.3 - https:\/\/yoast.com\/product\/yoast-seo-wordpress\/ -->\n<title>Reifen\/Reifenhandel: De-Minimis-Beratung von Tyresystem<\/title>\n<meta name=\"description\" content=\"Das Bundesamt f\u00fcr G\u00fcterverkehr (BAG) erm\u00f6glicht Unternehmen im gewerblichen G\u00fcterverkehr auch in diesem Jahr, Antr\u00e4ge f\u00fcr die neue F\u00f6rderperiode zu stellen. Passend dazu bietet der Online-Gro\u00dfh\u00e4ndler TyreSystem ab sofort mit einem kostenfreien TyreSystem De-minimis-Antragsservice eine neue Service-Dienstleistung an.\" \/>\n<meta name=\"robots\" content=\"index, follow, max-snippet:-1, max-image-preview:large, max-video-preview:-1\" \/>\n<link rel=\"canonical\" href=\"https:\/\/www.krafthand.de\/truck\/artikel\/tyresystem-bietet-unterstuetzung-bei-de-minimis-antraegen-30851\/\" \/>\n<meta property=\"og:locale\" content=\"de_DE\" \/>\n<meta property=\"og:type\" content=\"article\" \/>\n<meta property=\"og:title\" content=\"Reifen\/Reifenhandel: De-Minimis-Beratung von Tyresystem\" \/>\n<meta property=\"og:description\" content=\"Das Bundesamt f\u00fcr G\u00fcterverkehr (BAG) erm\u00f6glicht Unternehmen im gewerblichen G\u00fcterverkehr auch in diesem Jahr, Antr\u00e4ge f\u00fcr die neue F\u00f6rderperiode zu stellen. Passend dazu bietet der Online-Gro\u00dfh\u00e4ndler TyreSystem ab sofort mit einem kostenfreien TyreSystem De-minimis-Antragsservice eine neue Service-Dienstleistung an.\" \/>\n<meta property=\"og:url\" content=\"https:\/\/www.krafthand-truck.de\/artikel\/tyresystem-bietet-unterstuetzung-bei-de-minimis-antraegen-30851\/\" \/>\n<meta property=\"og:site_name\" content=\"Krafthand-Truck\" \/>\n<meta property=\"article:published_time\" content=\"2022-01-18T10:02:59+00:00\" \/>\n<meta property=\"article:modified_time\" content=\"2022-01-25T07:41:11+00:00\" \/>\n<meta property=\"og:image\" content=\"https:\/\/static.krafthand-truck.de\/uploads\/2022\/01\/tyresystem-de-minimis-antragstellung.jpg\" \/>\n\t<meta property=\"og:image:width\" content=\"1200\" \/>\n\t<meta property=\"og:image:height\" content=\"764\" \/>\n\t<meta property=\"og:image:type\" content=\"image\/jpeg\" \/>\n<meta name=\"author\" content=\"georg.blenk@krafthand-medien.de\" \/>\n<meta name=\"twitter:card\" content=\"summary_large_image\" \/>\n<meta name=\"twitter:label1\" content=\"Verfasst von\" \/>\n\t<meta name=\"twitter:data1\" content=\"georg.blenk@krafthand-medien.de\" \/>\n\t<meta name=\"twitter:label2\" content=\"Gesch\u00e4tzte Lesezeit\" \/>\n\t<meta name=\"twitter:data2\" content=\"1\u00a0Minute\" \/>\n<script type=\"application\/ld+json\" class=\"yoast-schema-graph\">{\"@context\":\"https:\\\/\\\/schema.org\",\"@graph\":[{\"@type\":\"Article\",\"@id\":\"https:\\\/\\\/www.krafthand.de\\\/truck\\\/artikel\\\/tyresystem-bietet-unterstuetzung-bei-de-minimis-antraegen-30851\\\/#article\",\"isPartOf\":{\"@id\":\"https:\\\/\\\/www.krafthand.de\\\/truck\\\/artikel\\\/tyresystem-bietet-unterstuetzung-bei-de-minimis-antraegen-30851\\\/\"},\"author\":{\"name\":\"georg.blenk@krafthand-medien.de\",\"@id\":\"https:\\\/\\\/www.krafthand.de\\\/truck\\\/#\\\/schema\\\/person\\\/51fa80b1c57034c4bf63f9f988fc24ce\"},\"headline\":\"TyreSystem bietet Unterst\u00fctzung bei De-minimis-Antr\u00e4gen\",\"datePublished\":\"2022-01-18T10:02:59+00:00\",\"dateModified\":\"2022-01-25T07:41:11+00:00\",\"mainEntityOfPage\":{\"@id\":\"https:\\\/\\\/www.krafthand.de\\\/truck\\\/artikel\\\/tyresystem-bietet-unterstuetzung-bei-de-minimis-antraegen-30851\\\/\"},\"wordCount\":231,\"image\":{\"@id\":\"https:\\\/\\\/www.krafthand.de\\\/truck\\\/artikel\\\/tyresystem-bietet-unterstuetzung-bei-de-minimis-antraegen-30851\\\/#primaryimage\"},\"thumbnailUrl\":\"https:\\\/\\\/static.krafthand-truck.de\\\/uploads\\\/2022\\\/01\\\/tyresystem-de-minimis-antragstellung.jpg\",\"keywords\":[\"De-Minimis\",\"F\u00f6rderprogramm\",\"Reifenhandel\",\"Tyresystem\"],\"articleSection\":[\"Rad\\\/Reifen\\\/Bremse\",\"Werkstatt-IT\"],\"inLanguage\":\"de\"},{\"@type\":\"WebPage\",\"@id\":\"https:\\\/\\\/www.krafthand.de\\\/truck\\\/artikel\\\/tyresystem-bietet-unterstuetzung-bei-de-minimis-antraegen-30851\\\/\",\"url\":\"https:\\\/\\\/www.krafthand.de\\\/truck\\\/artikel\\\/tyresystem-bietet-unterstuetzung-bei-de-minimis-antraegen-30851\\\/\",\"name\":\"Reifen\\\/Reifenhandel: De-Minimis-Beratung von Tyresystem\",\"isPartOf\":{\"@id\":\"https:\\\/\\\/www.krafthand.de\\\/truck\\\/#website\"},\"primaryImageOfPage\":{\"@id\":\"https:\\\/\\\/www.krafthand.de\\\/truck\\\/artikel\\\/tyresystem-bietet-unterstuetzung-bei-de-minimis-antraegen-30851\\\/#primaryimage\"},\"image\":{\"@id\":\"https:\\\/\\\/www.krafthand.de\\\/truck\\\/artikel\\\/tyresystem-bietet-unterstuetzung-bei-de-minimis-antraegen-30851\\\/#primaryimage\"},\"thumbnailUrl\":\"https:\\\/\\\/static.krafthand-truck.de\\\/uploads\\\/2022\\\/01\\\/tyresystem-de-minimis-antragstellung.jpg\",\"datePublished\":\"2022-01-18T10:02:59+00:00\",\"dateModified\":\"2022-01-25T07:41:11+00:00\",\"author\":{\"@id\":\"https:\\\/\\\/www.krafthand.de\\\/truck\\\/#\\\/schema\\\/person\\\/51fa80b1c57034c4bf63f9f988fc24ce\"},\"description\":\"Das Bundesamt f\u00fcr G\u00fcterverkehr (BAG) erm\u00f6glicht Unternehmen im gewerblichen G\u00fcterverkehr auch in diesem Jahr, Antr\u00e4ge f\u00fcr die neue F\u00f6rderperiode zu stellen. Passend dazu bietet der Online-Gro\u00dfh\u00e4ndler TyreSystem ab sofort mit einem kostenfreien TyreSystem De-minimis-Antragsservice eine neue Service-Dienstleistung an.\",\"breadcrumb\":{\"@id\":\"https:\\\/\\\/www.krafthand.de\\\/truck\\\/artikel\\\/tyresystem-bietet-unterstuetzung-bei-de-minimis-antraegen-30851\\\/#breadcrumb\"},\"inLanguage\":\"de\",\"potentialAction\":[{\"@type\":\"ReadAction\",\"target\":[\"https:\\\/\\\/www.krafthand.de\\\/truck\\\/artikel\\\/tyresystem-bietet-unterstuetzung-bei-de-minimis-antraegen-30851\\\/\"]}]},{\"@type\":\"ImageObject\",\"inLanguage\":\"de\",\"@id\":\"https:\\\/\\\/www.krafthand.de\\\/truck\\\/artikel\\\/tyresystem-bietet-unterstuetzung-bei-de-minimis-antraegen-30851\\\/#primaryimage\",\"url\":\"https:\\\/\\\/static.krafthand-truck.de\\\/uploads\\\/2022\\\/01\\\/tyresystem-de-minimis-antragstellung.jpg\",\"contentUrl\":\"https:\\\/\\\/static.krafthand-truck.de\\\/uploads\\\/2022\\\/01\\\/tyresystem-de-minimis-antragstellung.jpg\",\"width\":1200,\"height\":764},{\"@type\":\"BreadcrumbList\",\"@id\":\"https:\\\/\\\/www.krafthand.de\\\/truck\\\/artikel\\\/tyresystem-bietet-unterstuetzung-bei-de-minimis-antraegen-30851\\\/#breadcrumb\",\"itemListElement\":[{\"@type\":\"ListItem\",\"position\":1,\"name\":\"Krafthand-Truck\",\"item\":\"https:\\\/\\\/www.krafthand.de\\\/truck\\\/\"},{\"@type\":\"ListItem\",\"position\":2,\"name\":\"IT+Fuhrpark\",\"item\":\"https:\\\/\\\/www.krafthand.de\\\/truck\\\/kategorie\\\/fuhrpark\\\/\"},{\"@type\":\"ListItem\",\"position\":3,\"name\":\"Werkstatt-IT\",\"item\":\"https:\\\/\\\/www.krafthand.de\\\/truck\\\/kategorie\\\/fuhrpark\\\/werkstatt-it\\\/\"},{\"@type\":\"ListItem\",\"position\":4,\"name\":\"TyreSystem bietet Unterst\u00fctzung bei De-minimis-Antr\u00e4gen\"}]},{\"@type\":\"WebSite\",\"@id\":\"https:\\\/\\\/www.krafthand.de\\\/truck\\\/#website\",\"url\":\"https:\\\/\\\/www.krafthand.de\\\/truck\\\/\",\"name\":\"Krafthand-Truck\",\"description\":\"\",\"potentialAction\":[{\"@type\":\"SearchAction\",\"target\":{\"@type\":\"EntryPoint\",\"urlTemplate\":\"https:\\\/\\\/www.krafthand.de\\\/truck\\\/?s={search_term_string}\"},\"query-input\":{\"@type\":\"PropertyValueSpecification\",\"valueRequired\":true,\"valueName\":\"search_term_string\"}}],\"inLanguage\":\"de\"},{\"@type\":\"Person\",\"@id\":\"https:\\\/\\\/www.krafthand.de\\\/truck\\\/#\\\/schema\\\/person\\\/51fa80b1c57034c4bf63f9f988fc24ce\",\"name\":\"georg.blenk@krafthand-medien.de\",\"image\":{\"@type\":\"ImageObject\",\"inLanguage\":\"de\",\"@id\":\"https:\\\/\\\/secure.gravatar.com\\\/avatar\\\/93713c30affe0aa95d3a4130e499bb1abee2eb31adbdd9ce2aa1543538490215?s=96&d=mm&r=g\",\"url\":\"https:\\\/\\\/secure.gravatar.com\\\/avatar\\\/93713c30affe0aa95d3a4130e499bb1abee2eb31adbdd9ce2aa1543538490215?s=96&d=mm&r=g\",\"contentUrl\":\"https:\\\/\\\/secure.gravatar.com\\\/avatar\\\/93713c30affe0aa95d3a4130e499bb1abee2eb31adbdd9ce2aa1543538490215?s=96&d=mm&r=g\",\"caption\":\"georg.blenk@krafthand-medien.de\"}}]}<\/script>\n<!-- \/ Yoast SEO plugin. -->","yoast_head_json":{"title":"Reifen\/Reifenhandel: De-Minimis-Beratung von Tyresystem","description":"Das Bundesamt f\u00fcr G\u00fcterverkehr (BAG) erm\u00f6glicht Unternehmen im gewerblichen G\u00fcterverkehr auch in diesem Jahr, Antr\u00e4ge f\u00fcr die neue F\u00f6rderperiode zu stellen. Passend dazu bietet der Online-Gro\u00dfh\u00e4ndler TyreSystem ab sofort mit einem kostenfreien TyreSystem De-minimis-Antragsservice eine neue Service-Dienstleistung an.","robots":{"index":"index","follow":"follow","max-snippet":"max-snippet:-1","max-image-preview":"max-image-preview:large","max-video-preview":"max-video-preview:-1"},"canonical":"https:\/\/www.krafthand.de\/truck\/artikel\/tyresystem-bietet-unterstuetzung-bei-de-minimis-antraegen-30851\/","og_locale":"de_DE","og_type":"article","og_title":"Reifen\/Reifenhandel: De-Minimis-Beratung von Tyresystem","og_description":"Das Bundesamt f\u00fcr G\u00fcterverkehr (BAG) erm\u00f6glicht Unternehmen im gewerblichen G\u00fcterverkehr auch in diesem Jahr, Antr\u00e4ge f\u00fcr die neue F\u00f6rderperiode zu stellen. Passend dazu bietet der Online-Gro\u00dfh\u00e4ndler TyreSystem ab sofort mit einem kostenfreien TyreSystem De-minimis-Antragsservice eine neue Service-Dienstleistung an.","og_url":"https:\/\/www.krafthand-truck.de\/artikel\/tyresystem-bietet-unterstuetzung-bei-de-minimis-antraegen-30851\/","og_site_name":"Krafthand-Truck","article_published_time":"2022-01-18T10:02:59+00:00","article_modified_time":"2022-01-25T07:41:11+00:00","og_image":[{"width":1200,"height":764,"url":"https:\/\/static.krafthand-truck.de\/uploads\/2022\/01\/tyresystem-de-minimis-antragstellung.jpg","type":"image\/jpeg"}],"author":"georg.blenk@krafthand-medien.de","twitter_card":"summary_large_image","twitter_misc":{"Verfasst von":"georg.blenk@krafthand-medien.de","Gesch\u00e4tzte Lesezeit":"1\u00a0Minute"},"schema":{"@context":"https:\/\/schema.org","@graph":[{"@type":"Article","@id":"https:\/\/www.krafthand.de\/truck\/artikel\/tyresystem-bietet-unterstuetzung-bei-de-minimis-antraegen-30851\/#article","isPartOf":{"@id":"https:\/\/www.krafthand.de\/truck\/artikel\/tyresystem-bietet-unterstuetzung-bei-de-minimis-antraegen-30851\/"},"author":{"name":"georg.blenk@krafthand-medien.de","@id":"https:\/\/www.krafthand.de\/truck\/#\/schema\/person\/51fa80b1c57034c4bf63f9f988fc24ce"},"headline":"TyreSystem bietet Unterst\u00fctzung bei De-minimis-Antr\u00e4gen","datePublished":"2022-01-18T10:02:59+00:00","dateModified":"2022-01-25T07:41:11+00:00","mainEntityOfPage":{"@id":"https:\/\/www.krafthand.de\/truck\/artikel\/tyresystem-bietet-unterstuetzung-bei-de-minimis-antraegen-30851\/"},"wordCount":231,"image":{"@id":"https:\/\/www.krafthand.de\/truck\/artikel\/tyresystem-bietet-unterstuetzung-bei-de-minimis-antraegen-30851\/#primaryimage"},"thumbnailUrl":"https:\/\/static.krafthand-truck.de\/uploads\/2022\/01\/tyresystem-de-minimis-antragstellung.jpg","keywords":["De-Minimis","F\u00f6rderprogramm","Reifenhandel","Tyresystem"],"articleSection":["Rad\/Reifen\/Bremse","Werkstatt-IT"],"inLanguage":"de"},{"@type":"WebPage","@id":"https:\/\/www.krafthand.de\/truck\/artikel\/tyresystem-bietet-unterstuetzung-bei-de-minimis-antraegen-30851\/","url":"https:\/\/www.krafthand.de\/truck\/artikel\/tyresystem-bietet-unterstuetzung-bei-de-minimis-antraegen-30851\/","name":"Reifen\/Reifenhandel: De-Minimis-Beratung von Tyresystem","isPartOf":{"@id":"https:\/\/www.krafthand.de\/truck\/#website"},"primaryImageOfPage":{"@id":"https:\/\/www.krafthand.de\/truck\/artikel\/tyresystem-bietet-unterstuetzung-bei-de-minimis-antraegen-30851\/#primaryimage"},"image":{"@id":"https:\/\/www.krafthand.de\/truck\/artikel\/tyresystem-bietet-unterstuetzung-bei-de-minimis-antraegen-30851\/#primaryimage"},"thumbnailUrl":"https:\/\/static.krafthand-truck.de\/uploads\/2022\/01\/tyresystem-de-minimis-antragstellung.jpg","datePublished":"2022-01-18T10:02:59+00:00","dateModified":"2022-01-25T07:41:11+00:00","author":{"@id":"https:\/\/www.krafthand.de\/truck\/#\/schema\/person\/51fa80b1c57034c4bf63f9f988fc24ce"},"description":"Das Bundesamt f\u00fcr G\u00fcterverkehr (BAG) erm\u00f6glicht Unternehmen im gewerblichen G\u00fcterverkehr auch in diesem Jahr, Antr\u00e4ge f\u00fcr die neue F\u00f6rderperiode zu stellen. Passend dazu bietet der Online-Gro\u00dfh\u00e4ndler TyreSystem ab sofort mit einem kostenfreien TyreSystem De-minimis-Antragsservice eine neue Service-Dienstleistung an.","breadcrumb":{"@id":"https:\/\/www.krafthand.de\/truck\/artikel\/tyresystem-bietet-unterstuetzung-bei-de-minimis-antraegen-30851\/#breadcrumb"},"inLanguage":"de","potentialAction":[{"@type":"ReadAction","target":["https:\/\/www.krafthand.de\/truck\/artikel\/tyresystem-bietet-unterstuetzung-bei-de-minimis-antraegen-30851\/"]}]},{"@type":"ImageObject","inLanguage":"de","@id":"https:\/\/www.krafthand.de\/truck\/artikel\/tyresystem-bietet-unterstuetzung-bei-de-minimis-antraegen-30851\/#primaryimage","url":"https:\/\/static.krafthand-truck.de\/uploads\/2022\/01\/tyresystem-de-minimis-antragstellung.jpg","contentUrl":"https:\/\/static.krafthand-truck.de\/uploads\/2022\/01\/tyresystem-de-minimis-antragstellung.jpg","width":1200,"height":764},{"@type":"BreadcrumbList","@id":"https:\/\/www.krafthand.de\/truck\/artikel\/tyresystem-bietet-unterstuetzung-bei-de-minimis-antraegen-30851\/#breadcrumb","itemListElement":[{"@type":"ListItem","position":1,"name":"Krafthand-Truck","item":"https:\/\/www.krafthand.de\/truck\/"},{"@type":"ListItem","position":2,"name":"IT+Fuhrpark","item":"https:\/\/www.krafthand.de\/truck\/kategorie\/fuhrpark\/"},{"@type":"ListItem","position":3,"name":"Werkstatt-IT","item":"https:\/\/www.krafthand.de\/truck\/kategorie\/fuhrpark\/werkstatt-it\/"},{"@type":"ListItem","position":4,"name":"TyreSystem bietet Unterst\u00fctzung bei De-minimis-Antr\u00e4gen"}]},{"@type":"WebSite","@id":"https:\/\/www.krafthand.de\/truck\/#website","url":"https:\/\/www.krafthand.de\/truck\/","name":"Krafthand-Truck","description":"","potentialAction":[{"@type":"SearchAction","target":{"@type":"EntryPoint","urlTemplate":"https:\/\/www.krafthand.de\/truck\/?s={search_term_string}"},"query-input":{"@type":"PropertyValueSpecification","valueRequired":true,"valueName":"search_term_string"}}],"inLanguage":"de"},{"@type":"Person","@id":"https:\/\/www.krafthand.de\/truck\/#\/schema\/person\/51fa80b1c57034c4bf63f9f988fc24ce","name":"georg.blenk@krafthand-medien.de","image":{"@type":"ImageObject","inLanguage":"de","@id":"https:\/\/secure.gravatar.com\/avatar\/93713c30affe0aa95d3a4130e499bb1abee2eb31adbdd9ce2aa1543538490215?s=96&d=mm&r=g","url":"https:\/\/secure.gravatar.com\/avatar\/93713c30affe0aa95d3a4130e499bb1abee2eb31adbdd9ce2aa1543538490215?s=96&d=mm&r=g","contentUrl":"https:\/\/secure.gravatar.com\/avatar\/93713c30affe0aa95d3a4130e499bb1abee2eb31adbdd9ce2aa1543538490215?s=96&d=mm&r=g","caption":"georg.blenk@krafthand-medien.de"}}]}},"_links":{"self":[{"href":"https:\/\/www.krafthand.de\/truck\/wp-json\/wp\/v2\/posts\/30851","targetHints":{"allow":["GET"]}}],"collection":[{"href":"https:\/\/www.krafthand.de\/truck\/wp-json\/wp\/v2\/posts"}],"about":[{"href":"https:\/\/www.krafthand.de\/truck\/wp-json\/wp\/v2\/types\/post"}],"author":[{"embeddable":true,"href":"https:\/\/www.krafthand.de\/truck\/wp-json\/wp\/v2\/users\/9"}],"replies":[{"embeddable":true,"href":"https:\/\/www.krafthand.de\/truck\/wp-json\/wp\/v2\/comments?post=30851"}],"version-history":[{"count":4,"href":"https:\/\/www.krafthand.de\/truck\/wp-json\/wp\/v2\/posts\/30851\/revisions"}],"predecessor-version":[{"id":30856,"href":"https:\/\/www.krafthand.de\/truck\/wp-json\/wp\/v2\/posts\/30851\/revisions\/30856"}],"wp:featuredmedia":[{"embeddable":true,"href":"https:\/\/www.krafthand.de\/truck\/wp-json\/wp\/v2\/media\/30854"}],"wp:attachment":[{"href":"https:\/\/www.krafthand.de\/truck\/wp-json\/wp\/v2\/media?parent=30851"}],"wp:term":[{"taxonomy":"category","embeddable":true,"href":"https:\/\/www.krafthand.de\/truck\/wp-json\/wp\/v2\/categories?post=30851"},{"taxonomy":"post_tag","embeddable":true,"href":"https:\/\/www.krafthand.de\/truck\/wp-json\/wp\/v2\/tags?post=30851"},{"taxonomy":"settings","embeddable":true,"href":"https:\/\/www.krafthand.de\/truck\/wp-json\/wp\/v2\/settings?post=30851"}],"curies":[{"name":"wp","href":"https:\/\/api.w.org\/{rel}","templated":true}]}}