{"id":30845,"date":"2022-01-17T10:05:42","date_gmt":"2022-01-17T09:05:42","guid":{"rendered":"https:\/\/www.krafthand.de\/truck\/?p=30845"},"modified":"2022-01-18T10:32:21","modified_gmt":"2022-01-18T09:32:21","slug":"zf-startet-mit-neuer-nutzfahrzeugdivision-commercial-vehicle-solutions","status":"publish","type":"post","link":"https:\/\/www.krafthand.de\/truck\/artikel\/zf-startet-mit-neuer-nutzfahrzeugdivision-commercial-vehicle-solutions-30845\/","title":{"rendered":"ZF startet mit neuer Nutzfahrzeugdivision &#8218;Commercial Vehicle Solutions&#8216;"},"content":{"rendered":"<p>ZF hat heute k\u00fcrzlich den Start seiner neuen Nutzfahrzeugdivision &#8218;<a href=\"https:\/\/www.zf.com\/products\/de\/cv\/home\/cv.html\" target=\"_blank\" rel=\"noopener\">Commercial Vehicle Solutions<\/a>&#8218; (CVS) mit Wirkung zum 1. Januar 2022 bekannt gegeben. Die neue Division soll das Know-how in der Nutzfahrzeugindustrie b\u00fcndeln und ma\u00dfgeblich L\u00f6sungen f\u00fcr einen sicheren, nachhaltigen und digitalisierten Transport vorantreiben. Die neue Division vereint laut ZF die bisherigen Divisionen Nutzfahrzeugtechnik und Nutzfahrzeug-Steuerungssysteme, die aus der \u00dcbernahme von WABCO durch ZF im Mai 2020 hervorgegangen sind.<\/p>\n<blockquote><p>\u201eMit der neuen Division CVS positioniert sich ZF als nun weltweit gr\u00f6\u00dfter Komponenten- und Systemlieferant f\u00fcr die Nutzfahrzeugbranche. Dank unserer technologisch breiten Aufstellung und weltweiten Marktpr\u00e4senz k\u00f6nnen wir unseren Kunden zentrale L\u00f6sungen aus einer Hand bieten, die sie f\u00fcr die Transformation Ihres Produktportfolios ben\u00f6tigen. Und aufgrund unserer regionalen Struktur bieten wir signifikante Vorteile und Kundenn\u00e4he f\u00fcr Lkw-, Bus- und Trailer-Hersteller sowie Flottenbetreiber, wo immer sie sich weltweit befinden\u201c, so Wilhelm Rehm, ZF-Vorstandsmitglied und verantwortlich f\u00fcr die neue Division. \u201eIm Einklang mit der Unternehmensstrategie der, Next Generation Mobility\u2018 wird CVS die globale Wachstumsstrategie von ZF beschleunigen.\u201c<\/p><\/blockquote>\n<p>Der Gesch\u00e4ftsbereich &#8218;Commercial Vehicle Solutions&#8216; von ZF wird von rund 25.000 Mitarbeitern unterst\u00fctzt, die an 61 Standorten in 28 L\u00e4ndern vertreten sind.<\/p>\n","protected":false},"excerpt":{"rendered":"<p>ZF hat heute k\u00fcrzlich den Start seiner neuen Nutzfahrzeugdivision &#8218;Commercial Vehicle Solutions&#8216; (CVS) mit Wirkung zum 1. Januar 2022 bekannt gegeben. Die neue Division soll das Know-how in der Nutzfahrzeugindustrie b\u00fcndeln und ma\u00dfgeblich L\u00f6sungen f\u00fcr einen sicheren, nachhaltigen und digitalisierten Transport vorantreiben. <span class=\"excerpt-more__dots\">&#8230;<\/span> <a class=\"excerpt-more__link\" href=\"https:\/\/www.krafthand.de\/truck\/artikel\/zf-startet-mit-neuer-nutzfahrzeugdivision-commercial-vehicle-solutions-30845\/\" >weiter<\/a><\/p>\n","protected":false},"author":9,"featured_media":30847,"comment_status":"closed","ping_status":"closed","sticky":false,"template":"","format":"standard","meta":{"footnotes":""},"categories":[4235],"tags":[5006,5005,120,5007,187],"settings":[4766,3523],"class_list":["post-30845","post","type-post","status-publish","format-standard","has-post-thumbnail","hentry","category-unternehmen","tag-commercial-vehicle-solutions","tag-cvs","tag-wabco","tag-wilhelm-rehm","tag-zf"],"yoast_head":"<!-- This site is optimized with the Yoast SEO plugin v27.3 - https:\/\/yoast.com\/product\/yoast-seo-wordpress\/ -->\n<title>ZF ist mit neuer Division Commercial Vehicle Solutions (CVS) gestartet<\/title>\n<meta name=\"description\" content=\"ZF hat heute k\u00fcrzlich den Start seiner neuen Nutzfahrzeugdivision &#039;Commercial Vehicle Solutions&#039; (CVS) mit Wirkung zum 1. Januar 2022 bekannt gegeben. Die neue Division soll das Know-how in der Nutzfahrzeugindustrie b\u00fcndeln und ma\u00dfgeblich L\u00f6sungen f\u00fcr einen sicheren, nachhaltigen und digitalisierten Transport vorantreiben.\" \/>\n<meta name=\"robots\" content=\"index, follow, max-snippet:-1, max-image-preview:large, max-video-preview:-1\" \/>\n<link rel=\"canonical\" href=\"https:\/\/www.krafthand.de\/truck\/artikel\/zf-startet-mit-neuer-nutzfahrzeugdivision-commercial-vehicle-solutions-30845\/\" \/>\n<meta property=\"og:locale\" content=\"de_DE\" \/>\n<meta property=\"og:type\" content=\"article\" \/>\n<meta property=\"og:title\" content=\"ZF ist mit neuer Division Commercial Vehicle Solutions (CVS) gestartet\" \/>\n<meta property=\"og:description\" content=\"ZF hat heute k\u00fcrzlich den Start seiner neuen Nutzfahrzeugdivision &#039;Commercial Vehicle Solutions&#039; (CVS) mit Wirkung zum 1. Januar 2022 bekannt gegeben. Die neue Division soll das Know-how in der Nutzfahrzeugindustrie b\u00fcndeln und ma\u00dfgeblich L\u00f6sungen f\u00fcr einen sicheren, nachhaltigen und digitalisierten Transport vorantreiben.\" \/>\n<meta property=\"og:url\" content=\"https:\/\/www.krafthand-truck.de\/artikel\/zf-startet-mit-neuer-nutzfahrzeugdivision-commercial-vehicle-solutions-30845\/\" \/>\n<meta property=\"og:site_name\" content=\"Krafthand-Truck\" \/>\n<meta property=\"article:published_time\" content=\"2022-01-17T09:05:42+00:00\" \/>\n<meta property=\"article:modified_time\" content=\"2022-01-18T09:32:21+00:00\" \/>\n<meta property=\"og:image\" content=\"https:\/\/static.krafthand-truck.de\/uploads\/2022\/01\/ZF_CVS-E-Mobility-Fokus-Zugmaschine.jpg\" \/>\n\t<meta property=\"og:image:width\" content=\"1200\" \/>\n\t<meta property=\"og:image:height\" content=\"819\" \/>\n\t<meta property=\"og:image:type\" content=\"image\/jpeg\" \/>\n<meta name=\"author\" content=\"georg.blenk@krafthand-medien.de\" \/>\n<meta name=\"twitter:card\" content=\"summary_large_image\" \/>\n<meta name=\"twitter:label1\" content=\"Verfasst von\" \/>\n\t<meta name=\"twitter:data1\" content=\"georg.blenk@krafthand-medien.de\" \/>\n\t<meta name=\"twitter:label2\" content=\"Gesch\u00e4tzte Lesezeit\" \/>\n\t<meta name=\"twitter:data2\" content=\"1\u00a0Minute\" \/>\n<script type=\"application\/ld+json\" class=\"yoast-schema-graph\">{\"@context\":\"https:\\\/\\\/schema.org\",\"@graph\":[{\"@type\":\"Article\",\"@id\":\"https:\\\/\\\/www.krafthand.de\\\/truck\\\/artikel\\\/zf-startet-mit-neuer-nutzfahrzeugdivision-commercial-vehicle-solutions-30845\\\/#article\",\"isPartOf\":{\"@id\":\"https:\\\/\\\/www.krafthand.de\\\/truck\\\/artikel\\\/zf-startet-mit-neuer-nutzfahrzeugdivision-commercial-vehicle-solutions-30845\\\/\"},\"author\":{\"name\":\"georg.blenk@krafthand-medien.de\",\"@id\":\"https:\\\/\\\/www.krafthand.de\\\/truck\\\/#\\\/schema\\\/person\\\/51fa80b1c57034c4bf63f9f988fc24ce\"},\"headline\":\"ZF startet mit neuer Nutzfahrzeugdivision &#8218;Commercial Vehicle Solutions&#8216;\",\"datePublished\":\"2022-01-17T09:05:42+00:00\",\"dateModified\":\"2022-01-18T09:32:21+00:00\",\"mainEntityOfPage\":{\"@id\":\"https:\\\/\\\/www.krafthand.de\\\/truck\\\/artikel\\\/zf-startet-mit-neuer-nutzfahrzeugdivision-commercial-vehicle-solutions-30845\\\/\"},\"wordCount\":204,\"image\":{\"@id\":\"https:\\\/\\\/www.krafthand.de\\\/truck\\\/artikel\\\/zf-startet-mit-neuer-nutzfahrzeugdivision-commercial-vehicle-solutions-30845\\\/#primaryimage\"},\"thumbnailUrl\":\"https:\\\/\\\/static.krafthand-truck.de\\\/uploads\\\/2022\\\/01\\\/ZF_CVS-E-Mobility-Fokus-Zugmaschine.jpg\",\"keywords\":[\"Commercial Vehicle Solutions\",\"CVS\",\"Wabco\",\"Wilhelm Rehm\",\"ZF\"],\"articleSection\":[\"Unternehmen\"],\"inLanguage\":\"de\"},{\"@type\":\"WebPage\",\"@id\":\"https:\\\/\\\/www.krafthand.de\\\/truck\\\/artikel\\\/zf-startet-mit-neuer-nutzfahrzeugdivision-commercial-vehicle-solutions-30845\\\/\",\"url\":\"https:\\\/\\\/www.krafthand.de\\\/truck\\\/artikel\\\/zf-startet-mit-neuer-nutzfahrzeugdivision-commercial-vehicle-solutions-30845\\\/\",\"name\":\"ZF ist mit neuer Division Commercial Vehicle Solutions (CVS) gestartet\",\"isPartOf\":{\"@id\":\"https:\\\/\\\/www.krafthand.de\\\/truck\\\/#website\"},\"primaryImageOfPage\":{\"@id\":\"https:\\\/\\\/www.krafthand.de\\\/truck\\\/artikel\\\/zf-startet-mit-neuer-nutzfahrzeugdivision-commercial-vehicle-solutions-30845\\\/#primaryimage\"},\"image\":{\"@id\":\"https:\\\/\\\/www.krafthand.de\\\/truck\\\/artikel\\\/zf-startet-mit-neuer-nutzfahrzeugdivision-commercial-vehicle-solutions-30845\\\/#primaryimage\"},\"thumbnailUrl\":\"https:\\\/\\\/static.krafthand-truck.de\\\/uploads\\\/2022\\\/01\\\/ZF_CVS-E-Mobility-Fokus-Zugmaschine.jpg\",\"datePublished\":\"2022-01-17T09:05:42+00:00\",\"dateModified\":\"2022-01-18T09:32:21+00:00\",\"author\":{\"@id\":\"https:\\\/\\\/www.krafthand.de\\\/truck\\\/#\\\/schema\\\/person\\\/51fa80b1c57034c4bf63f9f988fc24ce\"},\"description\":\"ZF hat heute k\u00fcrzlich den Start seiner neuen Nutzfahrzeugdivision 'Commercial Vehicle Solutions' (CVS) mit Wirkung zum 1. Januar 2022 bekannt gegeben. Die neue Division soll das Know-how in der Nutzfahrzeugindustrie b\u00fcndeln und ma\u00dfgeblich L\u00f6sungen f\u00fcr einen sicheren, nachhaltigen und digitalisierten Transport vorantreiben.\",\"breadcrumb\":{\"@id\":\"https:\\\/\\\/www.krafthand.de\\\/truck\\\/artikel\\\/zf-startet-mit-neuer-nutzfahrzeugdivision-commercial-vehicle-solutions-30845\\\/#breadcrumb\"},\"inLanguage\":\"de\",\"potentialAction\":[{\"@type\":\"ReadAction\",\"target\":[\"https:\\\/\\\/www.krafthand.de\\\/truck\\\/artikel\\\/zf-startet-mit-neuer-nutzfahrzeugdivision-commercial-vehicle-solutions-30845\\\/\"]}]},{\"@type\":\"ImageObject\",\"inLanguage\":\"de\",\"@id\":\"https:\\\/\\\/www.krafthand.de\\\/truck\\\/artikel\\\/zf-startet-mit-neuer-nutzfahrzeugdivision-commercial-vehicle-solutions-30845\\\/#primaryimage\",\"url\":\"https:\\\/\\\/static.krafthand-truck.de\\\/uploads\\\/2022\\\/01\\\/ZF_CVS-E-Mobility-Fokus-Zugmaschine.jpg\",\"contentUrl\":\"https:\\\/\\\/static.krafthand-truck.de\\\/uploads\\\/2022\\\/01\\\/ZF_CVS-E-Mobility-Fokus-Zugmaschine.jpg\",\"width\":1200,\"height\":819},{\"@type\":\"BreadcrumbList\",\"@id\":\"https:\\\/\\\/www.krafthand.de\\\/truck\\\/artikel\\\/zf-startet-mit-neuer-nutzfahrzeugdivision-commercial-vehicle-solutions-30845\\\/#breadcrumb\",\"itemListElement\":[{\"@type\":\"ListItem\",\"position\":1,\"name\":\"Krafthand-Truck\",\"item\":\"https:\\\/\\\/www.krafthand.de\\\/truck\\\/\"},{\"@type\":\"ListItem\",\"position\":2,\"name\":\"Nfz-Branche\",\"item\":\"https:\\\/\\\/www.krafthand.de\\\/truck\\\/kategorie\\\/branche\\\/\"},{\"@type\":\"ListItem\",\"position\":3,\"name\":\"Unternehmen\",\"item\":\"https:\\\/\\\/www.krafthand.de\\\/truck\\\/kategorie\\\/branche\\\/unternehmen\\\/\"},{\"@type\":\"ListItem\",\"position\":4,\"name\":\"ZF startet mit neuer Nutzfahrzeugdivision &#8218;Commercial Vehicle Solutions&#8216;\"}]},{\"@type\":\"WebSite\",\"@id\":\"https:\\\/\\\/www.krafthand.de\\\/truck\\\/#website\",\"url\":\"https:\\\/\\\/www.krafthand.de\\\/truck\\\/\",\"name\":\"Krafthand-Truck\",\"description\":\"\",\"potentialAction\":[{\"@type\":\"SearchAction\",\"target\":{\"@type\":\"EntryPoint\",\"urlTemplate\":\"https:\\\/\\\/www.krafthand.de\\\/truck\\\/?s={search_term_string}\"},\"query-input\":{\"@type\":\"PropertyValueSpecification\",\"valueRequired\":true,\"valueName\":\"search_term_string\"}}],\"inLanguage\":\"de\"},{\"@type\":\"Person\",\"@id\":\"https:\\\/\\\/www.krafthand.de\\\/truck\\\/#\\\/schema\\\/person\\\/51fa80b1c57034c4bf63f9f988fc24ce\",\"name\":\"georg.blenk@krafthand-medien.de\",\"image\":{\"@type\":\"ImageObject\",\"inLanguage\":\"de\",\"@id\":\"https:\\\/\\\/secure.gravatar.com\\\/avatar\\\/93713c30affe0aa95d3a4130e499bb1abee2eb31adbdd9ce2aa1543538490215?s=96&d=mm&r=g\",\"url\":\"https:\\\/\\\/secure.gravatar.com\\\/avatar\\\/93713c30affe0aa95d3a4130e499bb1abee2eb31adbdd9ce2aa1543538490215?s=96&d=mm&r=g\",\"contentUrl\":\"https:\\\/\\\/secure.gravatar.com\\\/avatar\\\/93713c30affe0aa95d3a4130e499bb1abee2eb31adbdd9ce2aa1543538490215?s=96&d=mm&r=g\",\"caption\":\"georg.blenk@krafthand-medien.de\"}}]}<\/script>\n<!-- \/ Yoast SEO plugin. -->","yoast_head_json":{"title":"ZF ist mit neuer Division Commercial Vehicle Solutions (CVS) gestartet","description":"ZF hat heute k\u00fcrzlich den Start seiner neuen Nutzfahrzeugdivision 'Commercial Vehicle Solutions' (CVS) mit Wirkung zum 1. Januar 2022 bekannt gegeben. Die neue Division soll das Know-how in der Nutzfahrzeugindustrie b\u00fcndeln und ma\u00dfgeblich L\u00f6sungen f\u00fcr einen sicheren, nachhaltigen und digitalisierten Transport vorantreiben.","robots":{"index":"index","follow":"follow","max-snippet":"max-snippet:-1","max-image-preview":"max-image-preview:large","max-video-preview":"max-video-preview:-1"},"canonical":"https:\/\/www.krafthand.de\/truck\/artikel\/zf-startet-mit-neuer-nutzfahrzeugdivision-commercial-vehicle-solutions-30845\/","og_locale":"de_DE","og_type":"article","og_title":"ZF ist mit neuer Division Commercial Vehicle Solutions (CVS) gestartet","og_description":"ZF hat heute k\u00fcrzlich den Start seiner neuen Nutzfahrzeugdivision 'Commercial Vehicle Solutions' (CVS) mit Wirkung zum 1. Januar 2022 bekannt gegeben. Die neue Division soll das Know-how in der Nutzfahrzeugindustrie b\u00fcndeln und ma\u00dfgeblich L\u00f6sungen f\u00fcr einen sicheren, nachhaltigen und digitalisierten Transport vorantreiben.","og_url":"https:\/\/www.krafthand-truck.de\/artikel\/zf-startet-mit-neuer-nutzfahrzeugdivision-commercial-vehicle-solutions-30845\/","og_site_name":"Krafthand-Truck","article_published_time":"2022-01-17T09:05:42+00:00","article_modified_time":"2022-01-18T09:32:21+00:00","og_image":[{"width":1200,"height":819,"url":"https:\/\/static.krafthand-truck.de\/uploads\/2022\/01\/ZF_CVS-E-Mobility-Fokus-Zugmaschine.jpg","type":"image\/jpeg"}],"author":"georg.blenk@krafthand-medien.de","twitter_card":"summary_large_image","twitter_misc":{"Verfasst von":"georg.blenk@krafthand-medien.de","Gesch\u00e4tzte Lesezeit":"1\u00a0Minute"},"schema":{"@context":"https:\/\/schema.org","@graph":[{"@type":"Article","@id":"https:\/\/www.krafthand.de\/truck\/artikel\/zf-startet-mit-neuer-nutzfahrzeugdivision-commercial-vehicle-solutions-30845\/#article","isPartOf":{"@id":"https:\/\/www.krafthand.de\/truck\/artikel\/zf-startet-mit-neuer-nutzfahrzeugdivision-commercial-vehicle-solutions-30845\/"},"author":{"name":"georg.blenk@krafthand-medien.de","@id":"https:\/\/www.krafthand.de\/truck\/#\/schema\/person\/51fa80b1c57034c4bf63f9f988fc24ce"},"headline":"ZF startet mit neuer Nutzfahrzeugdivision &#8218;Commercial Vehicle Solutions&#8216;","datePublished":"2022-01-17T09:05:42+00:00","dateModified":"2022-01-18T09:32:21+00:00","mainEntityOfPage":{"@id":"https:\/\/www.krafthand.de\/truck\/artikel\/zf-startet-mit-neuer-nutzfahrzeugdivision-commercial-vehicle-solutions-30845\/"},"wordCount":204,"image":{"@id":"https:\/\/www.krafthand.de\/truck\/artikel\/zf-startet-mit-neuer-nutzfahrzeugdivision-commercial-vehicle-solutions-30845\/#primaryimage"},"thumbnailUrl":"https:\/\/static.krafthand-truck.de\/uploads\/2022\/01\/ZF_CVS-E-Mobility-Fokus-Zugmaschine.jpg","keywords":["Commercial Vehicle Solutions","CVS","Wabco","Wilhelm Rehm","ZF"],"articleSection":["Unternehmen"],"inLanguage":"de"},{"@type":"WebPage","@id":"https:\/\/www.krafthand.de\/truck\/artikel\/zf-startet-mit-neuer-nutzfahrzeugdivision-commercial-vehicle-solutions-30845\/","url":"https:\/\/www.krafthand.de\/truck\/artikel\/zf-startet-mit-neuer-nutzfahrzeugdivision-commercial-vehicle-solutions-30845\/","name":"ZF ist mit neuer Division Commercial Vehicle Solutions (CVS) gestartet","isPartOf":{"@id":"https:\/\/www.krafthand.de\/truck\/#website"},"primaryImageOfPage":{"@id":"https:\/\/www.krafthand.de\/truck\/artikel\/zf-startet-mit-neuer-nutzfahrzeugdivision-commercial-vehicle-solutions-30845\/#primaryimage"},"image":{"@id":"https:\/\/www.krafthand.de\/truck\/artikel\/zf-startet-mit-neuer-nutzfahrzeugdivision-commercial-vehicle-solutions-30845\/#primaryimage"},"thumbnailUrl":"https:\/\/static.krafthand-truck.de\/uploads\/2022\/01\/ZF_CVS-E-Mobility-Fokus-Zugmaschine.jpg","datePublished":"2022-01-17T09:05:42+00:00","dateModified":"2022-01-18T09:32:21+00:00","author":{"@id":"https:\/\/www.krafthand.de\/truck\/#\/schema\/person\/51fa80b1c57034c4bf63f9f988fc24ce"},"description":"ZF hat heute k\u00fcrzlich den Start seiner neuen Nutzfahrzeugdivision 'Commercial Vehicle Solutions' (CVS) mit Wirkung zum 1. Januar 2022 bekannt gegeben. Die neue Division soll das Know-how in der Nutzfahrzeugindustrie b\u00fcndeln und ma\u00dfgeblich L\u00f6sungen f\u00fcr einen sicheren, nachhaltigen und digitalisierten Transport vorantreiben.","breadcrumb":{"@id":"https:\/\/www.krafthand.de\/truck\/artikel\/zf-startet-mit-neuer-nutzfahrzeugdivision-commercial-vehicle-solutions-30845\/#breadcrumb"},"inLanguage":"de","potentialAction":[{"@type":"ReadAction","target":["https:\/\/www.krafthand.de\/truck\/artikel\/zf-startet-mit-neuer-nutzfahrzeugdivision-commercial-vehicle-solutions-30845\/"]}]},{"@type":"ImageObject","inLanguage":"de","@id":"https:\/\/www.krafthand.de\/truck\/artikel\/zf-startet-mit-neuer-nutzfahrzeugdivision-commercial-vehicle-solutions-30845\/#primaryimage","url":"https:\/\/static.krafthand-truck.de\/uploads\/2022\/01\/ZF_CVS-E-Mobility-Fokus-Zugmaschine.jpg","contentUrl":"https:\/\/static.krafthand-truck.de\/uploads\/2022\/01\/ZF_CVS-E-Mobility-Fokus-Zugmaschine.jpg","width":1200,"height":819},{"@type":"BreadcrumbList","@id":"https:\/\/www.krafthand.de\/truck\/artikel\/zf-startet-mit-neuer-nutzfahrzeugdivision-commercial-vehicle-solutions-30845\/#breadcrumb","itemListElement":[{"@type":"ListItem","position":1,"name":"Krafthand-Truck","item":"https:\/\/www.krafthand.de\/truck\/"},{"@type":"ListItem","position":2,"name":"Nfz-Branche","item":"https:\/\/www.krafthand.de\/truck\/kategorie\/branche\/"},{"@type":"ListItem","position":3,"name":"Unternehmen","item":"https:\/\/www.krafthand.de\/truck\/kategorie\/branche\/unternehmen\/"},{"@type":"ListItem","position":4,"name":"ZF startet mit neuer Nutzfahrzeugdivision &#8218;Commercial Vehicle Solutions&#8216;"}]},{"@type":"WebSite","@id":"https:\/\/www.krafthand.de\/truck\/#website","url":"https:\/\/www.krafthand.de\/truck\/","name":"Krafthand-Truck","description":"","potentialAction":[{"@type":"SearchAction","target":{"@type":"EntryPoint","urlTemplate":"https:\/\/www.krafthand.de\/truck\/?s={search_term_string}"},"query-input":{"@type":"PropertyValueSpecification","valueRequired":true,"valueName":"search_term_string"}}],"inLanguage":"de"},{"@type":"Person","@id":"https:\/\/www.krafthand.de\/truck\/#\/schema\/person\/51fa80b1c57034c4bf63f9f988fc24ce","name":"georg.blenk@krafthand-medien.de","image":{"@type":"ImageObject","inLanguage":"de","@id":"https:\/\/secure.gravatar.com\/avatar\/93713c30affe0aa95d3a4130e499bb1abee2eb31adbdd9ce2aa1543538490215?s=96&d=mm&r=g","url":"https:\/\/secure.gravatar.com\/avatar\/93713c30affe0aa95d3a4130e499bb1abee2eb31adbdd9ce2aa1543538490215?s=96&d=mm&r=g","contentUrl":"https:\/\/secure.gravatar.com\/avatar\/93713c30affe0aa95d3a4130e499bb1abee2eb31adbdd9ce2aa1543538490215?s=96&d=mm&r=g","caption":"georg.blenk@krafthand-medien.de"}}]}},"_links":{"self":[{"href":"https:\/\/www.krafthand.de\/truck\/wp-json\/wp\/v2\/posts\/30845","targetHints":{"allow":["GET"]}}],"collection":[{"href":"https:\/\/www.krafthand.de\/truck\/wp-json\/wp\/v2\/posts"}],"about":[{"href":"https:\/\/www.krafthand.de\/truck\/wp-json\/wp\/v2\/types\/post"}],"author":[{"embeddable":true,"href":"https:\/\/www.krafthand.de\/truck\/wp-json\/wp\/v2\/users\/9"}],"replies":[{"embeddable":true,"href":"https:\/\/www.krafthand.de\/truck\/wp-json\/wp\/v2\/comments?post=30845"}],"version-history":[{"count":3,"href":"https:\/\/www.krafthand.de\/truck\/wp-json\/wp\/v2\/posts\/30845\/revisions"}],"predecessor-version":[{"id":30849,"href":"https:\/\/www.krafthand.de\/truck\/wp-json\/wp\/v2\/posts\/30845\/revisions\/30849"}],"wp:featuredmedia":[{"embeddable":true,"href":"https:\/\/www.krafthand.de\/truck\/wp-json\/wp\/v2\/media\/30847"}],"wp:attachment":[{"href":"https:\/\/www.krafthand.de\/truck\/wp-json\/wp\/v2\/media?parent=30845"}],"wp:term":[{"taxonomy":"category","embeddable":true,"href":"https:\/\/www.krafthand.de\/truck\/wp-json\/wp\/v2\/categories?post=30845"},{"taxonomy":"post_tag","embeddable":true,"href":"https:\/\/www.krafthand.de\/truck\/wp-json\/wp\/v2\/tags?post=30845"},{"taxonomy":"settings","embeddable":true,"href":"https:\/\/www.krafthand.de\/truck\/wp-json\/wp\/v2\/settings?post=30845"}],"curies":[{"name":"wp","href":"https:\/\/api.w.org\/{rel}","templated":true}]}}