{"id":3082,"date":"2017-06-09T10:18:37","date_gmt":"2017-06-09T08:18:37","guid":{"rendered":"https:\/\/www.krafthand.de\/truck\/artikel\/mercedes-benz-vans-transporter-training-on-tour-geht-in-die-naechste-runde-3082\/"},"modified":"2021-04-09T10:32:32","modified_gmt":"2021-04-09T08:32:32","slug":"mercedes-benz-vans-transporter-training-on-tour-geht-in-die-naechste-runde","status":"publish","type":"post","link":"https:\/\/www.krafthand.de\/truck\/artikel\/mercedes-benz-vans-transporter-training-on-tour-geht-in-die-naechste-runde-3082\/","title":{"rendered":"Mercedes-Benz Vans: Transporter-Training on Tour  geht in die n\u00e4chste Runde"},"content":{"rendered":"<p class=\"text-colored\">Nach dem erfolgreichen Auftakt Ende M\u00e4rz setzt Mercedes-Benz Vans seine diesj\u00e4hrige Veranstaltungsreihe \u201eTransporter Training on Tour\u201c noch bis Anfang Dezember fort. Die ganzt\u00e4gigen Transportertrainings finden \u2013 mittlerweile in ihrem 15. Jahr \u2013 in speziellen Fahrtechnikzentren verteilt \u00fcber das gesamte Bundesgebiet statt und k\u00f6nnen \u00fcber den Mercedes-Benz Handel gegen eine Teilnehmergeb\u00fchr von 50 Euro gebucht werden.<\/p>\n<p>Vor der kurzen, dreiw\u00f6chigen Sommerpause finden an den s\u00fcddeutschen Standorten Augsburg (9. bis 11. Juni), Stei\u00dflingen (15. bis 18. Juni), M\u00fcnsingen (14. bis 16. Juli) und Kastellaun (20. bis 23. Juli) noch insgesamt 14 Veranstaltungen statt, bevor ab Mitte August die Reise wieder in den Westen, Norden und Osten der Bundesrepublik geht.<\/p>\n<p>Den Teilnehmern steht vor Ort die komplette Bandbreite aktueller Mercedes-Benz Transporter und Vans in unterschiedlichen Ausf\u00fchrungen zur Verf\u00fcgung. An vier Stationen haben sie unter Anleitung erfahrener Trainer die M\u00f6glichkeit, ihr Wissen und ihre Praxiserfahrung zu erweitern. Um die richtige situationsgerechte und sinnvolle Verwendung der Sicherheitstechnik im eigenen Transporter geht es etwa an der Station \u201eFahrassistenzsysteme\u201c. An der Station \u201eFahrtechnik\u201c wird die Reaktionsf\u00e4higkeit der Teilnehmer bei Bremsman\u00f6vern auf unterschiedlichen Fahrbahnzust\u00e4nden und vor Hindernissen gef\u00f6rdert. Anhand von praktischen Beispielen erlernen die Teilnehmer an der Station \u201eLadungssicherheit\u201c die Grundlagen der Ladungssicherung in kurzweiligen Seminaren. Die Station \u201eEco\u201c vermittelt spezielle Fahr\u00fcbungen und gibt Tipps, wie sich minimaler Spritverbrauch bei optimaler Beschleunigung erreichen l\u00e4sst.<\/p>\n<p>Erneut haben auch in diesem Jahr Unternehmen die M\u00f6glichkeit, ihre Fahrer im Rahmen eines Exklusivtermins schulen zu lassen. Dieser kann ab mindestens 50 Teilnehmern durchgef\u00fchrt werden. Die Kosten pro Person betragen dann 25 Euro. Seit 2003 wurden mehr als 50 000 Teilnehmer geschult.<br \/>\n\u201eDie Sicherheit der Kunden steht f\u00fcr Mercedes-Benz Vans im Mittelpunkt. Modernste Fahrwerks- und Assistenzsysteme machen unsere Transporter zu den sichersten ihrer Klasse. Mit dem Mercedes-Benz Transporter Training on Tour geben wir unseren Kunden zus\u00e4tzlich das Werkzeug an die Hand, ihre Fahrzeuge optimal einzusetzen\u201c, so Jochen Dimter, Gesch\u00e4ftsleiter Transporter und Vans im Mercedes-Benz Vertrieb Deutschland. Das Mercedes-Benz Transporter Training on Tour gibt es seit 2003. In dieser Zeit wurden mehr als 50 000 Transporterfahrer im Umgang mit den Fahrzeugen geschult. Allein im vergangenen Jahr waren es mehr als 4200 Teilnehmer, die der Veranstaltung am Ende die Schulnote 1,38 verliehen.<\/p>\n<p>Weitere Informationen zum Mercedes-Benz Transporter-Training on Tour und weitere Termine gibt es unter <a href=\"http:\/\/www.transporter-training-on-tour.de\" target=\"_blank\" rel=\"noopener\">www.transporter-training-on-tour.de<\/a><\/p>\n","protected":false},"excerpt":{"rendered":"<p>Nach dem erfolgreichen Auftakt Ende M\u00e4rz setzt Mercedes-Benz Vans seine diesj\u00e4hrige Veranstaltungsreihe \u201eTransporter Training on Tour\u201c noch bis Anfang Dezember fort. Die ganzt\u00e4gigen Transportertrainings finden \u2013 mittlerweile in ihrem 15. Jahr \u2013 in speziellen Fahrtechnikzentren verteilt \u00fcber das gesamte Bundesgebiet statt und k\u00f6nnen \u00fcber den Mercedes-Benz Handel gegen eine Teilnehmergeb\u00fchr von 50 Euro gebucht werden. <span class=\"excerpt-more__dots\">&#8230;<\/span> <a class=\"excerpt-more__link\" href=\"https:\/\/www.krafthand.de\/truck\/artikel\/mercedes-benz-vans-transporter-training-on-tour-geht-in-die-naechste-runde-3082\/\" >weiter<\/a><\/p>\n","protected":false},"author":3,"featured_media":3083,"comment_status":"closed","ping_status":"closed","sticky":false,"template":"","format":"standard","meta":{"footnotes":""},"categories":[4324],"tags":[3085,3082,3083,3086,2680,479,3084,3081,1182,3080,3079],"settings":[],"class_list":["post-3082","post","type-post","status-publish","format-standard","has-post-thumbnail","hentry","category-schulungen-bildung","tag-bremsmanoever","tag-fahrassistenzsystem","tag-fahrtechnik","tag-fahruebung","tag-ladungssicherheit","tag-mercedes-benz","tag-reaktionsfaehigkeit","tag-sicherheitstechnik","tag-teilnehmer","tag-transporter-training","tag-van"],"yoast_head":"<!-- This site is optimized with the Yoast SEO plugin v27.3 - https:\/\/yoast.com\/product\/yoast-seo-wordpress\/ -->\n<title>Mercedes-Benz Vans: Transporter-Training on Tour geht in die n\u00e4chste Runde - Krafthand-Truck<\/title>\n<meta name=\"robots\" content=\"index, follow, max-snippet:-1, max-image-preview:large, max-video-preview:-1\" \/>\n<link rel=\"canonical\" href=\"https:\/\/www.krafthand.de\/truck\/artikel\/mercedes-benz-vans-transporter-training-on-tour-geht-in-die-naechste-runde-3082\/\" \/>\n<meta property=\"og:locale\" content=\"de_DE\" \/>\n<meta property=\"og:type\" content=\"article\" \/>\n<meta property=\"og:title\" content=\"Mercedes-Benz Vans: Transporter-Training on Tour geht in die n\u00e4chste Runde - Krafthand-Truck\" \/>\n<meta property=\"og:description\" content=\"Nach dem erfolgreichen Auftakt Ende M\u00e4rz setzt Mercedes-Benz Vans seine diesj\u00e4hrige Veranstaltungsreihe \u201eTransporter Training on Tour\u201c noch bis Anfang Dezember fort. Die ganzt\u00e4gigen Transportertrainings finden \u2013 mittlerweile in ihrem 15. Jahr \u2013 in speziellen Fahrtechnikzentren verteilt \u00fcber das gesamte Bundesgebiet statt und k\u00f6nnen \u00fcber den Mercedes-Benz Handel gegen eine Teilnehmergeb\u00fchr von 50 Euro gebucht werden. ... weiter\" \/>\n<meta property=\"og:url\" content=\"https:\/\/www.krafthand-truck.de\/artikel\/mercedes-benz-vans-transporter-training-on-tour-geht-in-die-naechste-runde-3082\/\" \/>\n<meta property=\"og:site_name\" content=\"Krafthand-Truck\" \/>\n<meta property=\"article:published_time\" content=\"2017-06-09T08:18:37+00:00\" \/>\n<meta property=\"article:modified_time\" content=\"2021-04-09T08:32:32+00:00\" \/>\n<meta property=\"og:image\" content=\"https:\/\/www.krafthand.de\/truck\/wp-content\/uploads\/2017\/06\/Mercedes-Benz_Transportertraining_.jpg\" \/>\n\t<meta property=\"og:image:width\" content=\"820\" \/>\n\t<meta property=\"og:image:height\" content=\"615\" \/>\n\t<meta property=\"og:image:type\" content=\"image\/jpeg\" \/>\n<meta name=\"author\" content=\"katja.heid@krafthand.de\" \/>\n<meta name=\"twitter:card\" content=\"summary_large_image\" \/>\n<meta name=\"twitter:label1\" content=\"Verfasst von\" \/>\n\t<meta name=\"twitter:data1\" content=\"katja.heid@krafthand.de\" \/>\n\t<meta name=\"twitter:label2\" content=\"Gesch\u00e4tzte Lesezeit\" \/>\n\t<meta name=\"twitter:data2\" content=\"2\u00a0Minuten\" \/>\n<script type=\"application\/ld+json\" class=\"yoast-schema-graph\">{\"@context\":\"https:\\\/\\\/schema.org\",\"@graph\":[{\"@type\":\"Article\",\"@id\":\"https:\\\/\\\/www.krafthand.de\\\/truck\\\/artikel\\\/mercedes-benz-vans-transporter-training-on-tour-geht-in-die-naechste-runde-3082\\\/#article\",\"isPartOf\":{\"@id\":\"https:\\\/\\\/www.krafthand.de\\\/truck\\\/artikel\\\/mercedes-benz-vans-transporter-training-on-tour-geht-in-die-naechste-runde-3082\\\/\"},\"author\":{\"name\":\"katja.heid@krafthand.de\",\"@id\":\"https:\\\/\\\/www.krafthand.de\\\/truck\\\/#\\\/schema\\\/person\\\/8e290c6d425b72d176adc7767a251001\"},\"headline\":\"Mercedes-Benz Vans: Transporter-Training on Tour geht in die n\u00e4chste Runde\",\"datePublished\":\"2017-06-09T08:18:37+00:00\",\"dateModified\":\"2021-04-09T08:32:32+00:00\",\"mainEntityOfPage\":{\"@id\":\"https:\\\/\\\/www.krafthand.de\\\/truck\\\/artikel\\\/mercedes-benz-vans-transporter-training-on-tour-geht-in-die-naechste-runde-3082\\\/\"},\"wordCount\":386,\"image\":{\"@id\":\"https:\\\/\\\/www.krafthand.de\\\/truck\\\/artikel\\\/mercedes-benz-vans-transporter-training-on-tour-geht-in-die-naechste-runde-3082\\\/#primaryimage\"},\"thumbnailUrl\":\"https:\\\/\\\/static.krafthand-truck.de\\\/uploads\\\/2017\\\/06\\\/Mercedes-Benz_Transportertraining_.jpg\",\"keywords\":[\"Bremsman\u00f6ver\",\"Fahrassistenzsystem\",\"Fahrtechnik\",\"Fahr\u00fcbung\",\"Ladungssicherheit\",\"Mercedes-Benz\",\"Reaktionsf\u00e4higkeit\",\"Sicherheitstechnik\",\"Teilnehmer\",\"Transporter Training\",\"Van\"],\"articleSection\":[\"Schulungen\\\/Bildung\"],\"inLanguage\":\"de\"},{\"@type\":\"WebPage\",\"@id\":\"https:\\\/\\\/www.krafthand.de\\\/truck\\\/artikel\\\/mercedes-benz-vans-transporter-training-on-tour-geht-in-die-naechste-runde-3082\\\/\",\"url\":\"https:\\\/\\\/www.krafthand.de\\\/truck\\\/artikel\\\/mercedes-benz-vans-transporter-training-on-tour-geht-in-die-naechste-runde-3082\\\/\",\"name\":\"Mercedes-Benz Vans: Transporter-Training on Tour geht in die n\u00e4chste Runde - Krafthand-Truck\",\"isPartOf\":{\"@id\":\"https:\\\/\\\/www.krafthand.de\\\/truck\\\/#website\"},\"primaryImageOfPage\":{\"@id\":\"https:\\\/\\\/www.krafthand.de\\\/truck\\\/artikel\\\/mercedes-benz-vans-transporter-training-on-tour-geht-in-die-naechste-runde-3082\\\/#primaryimage\"},\"image\":{\"@id\":\"https:\\\/\\\/www.krafthand.de\\\/truck\\\/artikel\\\/mercedes-benz-vans-transporter-training-on-tour-geht-in-die-naechste-runde-3082\\\/#primaryimage\"},\"thumbnailUrl\":\"https:\\\/\\\/static.krafthand-truck.de\\\/uploads\\\/2017\\\/06\\\/Mercedes-Benz_Transportertraining_.jpg\",\"datePublished\":\"2017-06-09T08:18:37+00:00\",\"dateModified\":\"2021-04-09T08:32:32+00:00\",\"author\":{\"@id\":\"https:\\\/\\\/www.krafthand.de\\\/truck\\\/#\\\/schema\\\/person\\\/8e290c6d425b72d176adc7767a251001\"},\"breadcrumb\":{\"@id\":\"https:\\\/\\\/www.krafthand.de\\\/truck\\\/artikel\\\/mercedes-benz-vans-transporter-training-on-tour-geht-in-die-naechste-runde-3082\\\/#breadcrumb\"},\"inLanguage\":\"de\",\"potentialAction\":[{\"@type\":\"ReadAction\",\"target\":[\"https:\\\/\\\/www.krafthand.de\\\/truck\\\/artikel\\\/mercedes-benz-vans-transporter-training-on-tour-geht-in-die-naechste-runde-3082\\\/\"]}]},{\"@type\":\"ImageObject\",\"inLanguage\":\"de\",\"@id\":\"https:\\\/\\\/www.krafthand.de\\\/truck\\\/artikel\\\/mercedes-benz-vans-transporter-training-on-tour-geht-in-die-naechste-runde-3082\\\/#primaryimage\",\"url\":\"https:\\\/\\\/static.krafthand-truck.de\\\/uploads\\\/2017\\\/06\\\/Mercedes-Benz_Transportertraining_.jpg\",\"contentUrl\":\"https:\\\/\\\/static.krafthand-truck.de\\\/uploads\\\/2017\\\/06\\\/Mercedes-Benz_Transportertraining_.jpg\",\"width\":820,\"height\":615,\"caption\":\"Die ganzt\u00e4gigen Transportertrainings finden in speziellen Fahrtechnikzentren verteilt \u00fcber das gesamte Bundesgebiet statt. Bild: Mercedes-Benz\"},{\"@type\":\"BreadcrumbList\",\"@id\":\"https:\\\/\\\/www.krafthand.de\\\/truck\\\/artikel\\\/mercedes-benz-vans-transporter-training-on-tour-geht-in-die-naechste-runde-3082\\\/#breadcrumb\",\"itemListElement\":[{\"@type\":\"ListItem\",\"position\":1,\"name\":\"Krafthand-Truck\",\"item\":\"https:\\\/\\\/www.krafthand.de\\\/truck\\\/\"},{\"@type\":\"ListItem\",\"position\":2,\"name\":\"Nfz-Branche\",\"item\":\"https:\\\/\\\/www.krafthand.de\\\/truck\\\/kategorie\\\/branche\\\/\"},{\"@type\":\"ListItem\",\"position\":3,\"name\":\"Schulungen\\\/Bildung\",\"item\":\"https:\\\/\\\/www.krafthand.de\\\/truck\\\/kategorie\\\/branche\\\/schulungen-bildung\\\/\"},{\"@type\":\"ListItem\",\"position\":4,\"name\":\"Mercedes-Benz Vans: Transporter-Training on Tour geht in die n\u00e4chste Runde\"}]},{\"@type\":\"WebSite\",\"@id\":\"https:\\\/\\\/www.krafthand.de\\\/truck\\\/#website\",\"url\":\"https:\\\/\\\/www.krafthand.de\\\/truck\\\/\",\"name\":\"Krafthand-Truck\",\"description\":\"\",\"potentialAction\":[{\"@type\":\"SearchAction\",\"target\":{\"@type\":\"EntryPoint\",\"urlTemplate\":\"https:\\\/\\\/www.krafthand.de\\\/truck\\\/?s={search_term_string}\"},\"query-input\":{\"@type\":\"PropertyValueSpecification\",\"valueRequired\":true,\"valueName\":\"search_term_string\"}}],\"inLanguage\":\"de\"},{\"@type\":\"Person\",\"@id\":\"https:\\\/\\\/www.krafthand.de\\\/truck\\\/#\\\/schema\\\/person\\\/8e290c6d425b72d176adc7767a251001\",\"name\":\"katja.heid@krafthand.de\",\"image\":{\"@type\":\"ImageObject\",\"inLanguage\":\"de\",\"@id\":\"https:\\\/\\\/secure.gravatar.com\\\/avatar\\\/9a2930c54ede0e0a76c0f8abfb74704de273084f2aa0e3c6deb2c86704c7402b?s=96&d=mm&r=g\",\"url\":\"https:\\\/\\\/secure.gravatar.com\\\/avatar\\\/9a2930c54ede0e0a76c0f8abfb74704de273084f2aa0e3c6deb2c86704c7402b?s=96&d=mm&r=g\",\"contentUrl\":\"https:\\\/\\\/secure.gravatar.com\\\/avatar\\\/9a2930c54ede0e0a76c0f8abfb74704de273084f2aa0e3c6deb2c86704c7402b?s=96&d=mm&r=g\",\"caption\":\"katja.heid@krafthand.de\"}}]}<\/script>\n<!-- \/ Yoast SEO plugin. -->","yoast_head_json":{"title":"Mercedes-Benz Vans: Transporter-Training on Tour geht in die n\u00e4chste Runde - Krafthand-Truck","robots":{"index":"index","follow":"follow","max-snippet":"max-snippet:-1","max-image-preview":"max-image-preview:large","max-video-preview":"max-video-preview:-1"},"canonical":"https:\/\/www.krafthand.de\/truck\/artikel\/mercedes-benz-vans-transporter-training-on-tour-geht-in-die-naechste-runde-3082\/","og_locale":"de_DE","og_type":"article","og_title":"Mercedes-Benz Vans: Transporter-Training on Tour geht in die n\u00e4chste Runde - Krafthand-Truck","og_description":"Nach dem erfolgreichen Auftakt Ende M\u00e4rz setzt Mercedes-Benz Vans seine diesj\u00e4hrige Veranstaltungsreihe \u201eTransporter Training on Tour\u201c noch bis Anfang Dezember fort. Die ganzt\u00e4gigen Transportertrainings finden \u2013 mittlerweile in ihrem 15. Jahr \u2013 in speziellen Fahrtechnikzentren verteilt \u00fcber das gesamte Bundesgebiet statt und k\u00f6nnen \u00fcber den Mercedes-Benz Handel gegen eine Teilnehmergeb\u00fchr von 50 Euro gebucht werden. ... weiter","og_url":"https:\/\/www.krafthand-truck.de\/artikel\/mercedes-benz-vans-transporter-training-on-tour-geht-in-die-naechste-runde-3082\/","og_site_name":"Krafthand-Truck","article_published_time":"2017-06-09T08:18:37+00:00","article_modified_time":"2021-04-09T08:32:32+00:00","og_image":[{"width":820,"height":615,"url":"https:\/\/www.krafthand.de\/truck\/wp-content\/uploads\/2017\/06\/Mercedes-Benz_Transportertraining_.jpg","type":"image\/jpeg"}],"author":"katja.heid@krafthand.de","twitter_card":"summary_large_image","twitter_misc":{"Verfasst von":"katja.heid@krafthand.de","Gesch\u00e4tzte Lesezeit":"2\u00a0Minuten"},"schema":{"@context":"https:\/\/schema.org","@graph":[{"@type":"Article","@id":"https:\/\/www.krafthand.de\/truck\/artikel\/mercedes-benz-vans-transporter-training-on-tour-geht-in-die-naechste-runde-3082\/#article","isPartOf":{"@id":"https:\/\/www.krafthand.de\/truck\/artikel\/mercedes-benz-vans-transporter-training-on-tour-geht-in-die-naechste-runde-3082\/"},"author":{"name":"katja.heid@krafthand.de","@id":"https:\/\/www.krafthand.de\/truck\/#\/schema\/person\/8e290c6d425b72d176adc7767a251001"},"headline":"Mercedes-Benz Vans: Transporter-Training on Tour geht in die n\u00e4chste Runde","datePublished":"2017-06-09T08:18:37+00:00","dateModified":"2021-04-09T08:32:32+00:00","mainEntityOfPage":{"@id":"https:\/\/www.krafthand.de\/truck\/artikel\/mercedes-benz-vans-transporter-training-on-tour-geht-in-die-naechste-runde-3082\/"},"wordCount":386,"image":{"@id":"https:\/\/www.krafthand.de\/truck\/artikel\/mercedes-benz-vans-transporter-training-on-tour-geht-in-die-naechste-runde-3082\/#primaryimage"},"thumbnailUrl":"https:\/\/static.krafthand-truck.de\/uploads\/2017\/06\/Mercedes-Benz_Transportertraining_.jpg","keywords":["Bremsman\u00f6ver","Fahrassistenzsystem","Fahrtechnik","Fahr\u00fcbung","Ladungssicherheit","Mercedes-Benz","Reaktionsf\u00e4higkeit","Sicherheitstechnik","Teilnehmer","Transporter Training","Van"],"articleSection":["Schulungen\/Bildung"],"inLanguage":"de"},{"@type":"WebPage","@id":"https:\/\/www.krafthand.de\/truck\/artikel\/mercedes-benz-vans-transporter-training-on-tour-geht-in-die-naechste-runde-3082\/","url":"https:\/\/www.krafthand.de\/truck\/artikel\/mercedes-benz-vans-transporter-training-on-tour-geht-in-die-naechste-runde-3082\/","name":"Mercedes-Benz Vans: Transporter-Training on Tour geht in die n\u00e4chste Runde - Krafthand-Truck","isPartOf":{"@id":"https:\/\/www.krafthand.de\/truck\/#website"},"primaryImageOfPage":{"@id":"https:\/\/www.krafthand.de\/truck\/artikel\/mercedes-benz-vans-transporter-training-on-tour-geht-in-die-naechste-runde-3082\/#primaryimage"},"image":{"@id":"https:\/\/www.krafthand.de\/truck\/artikel\/mercedes-benz-vans-transporter-training-on-tour-geht-in-die-naechste-runde-3082\/#primaryimage"},"thumbnailUrl":"https:\/\/static.krafthand-truck.de\/uploads\/2017\/06\/Mercedes-Benz_Transportertraining_.jpg","datePublished":"2017-06-09T08:18:37+00:00","dateModified":"2021-04-09T08:32:32+00:00","author":{"@id":"https:\/\/www.krafthand.de\/truck\/#\/schema\/person\/8e290c6d425b72d176adc7767a251001"},"breadcrumb":{"@id":"https:\/\/www.krafthand.de\/truck\/artikel\/mercedes-benz-vans-transporter-training-on-tour-geht-in-die-naechste-runde-3082\/#breadcrumb"},"inLanguage":"de","potentialAction":[{"@type":"ReadAction","target":["https:\/\/www.krafthand.de\/truck\/artikel\/mercedes-benz-vans-transporter-training-on-tour-geht-in-die-naechste-runde-3082\/"]}]},{"@type":"ImageObject","inLanguage":"de","@id":"https:\/\/www.krafthand.de\/truck\/artikel\/mercedes-benz-vans-transporter-training-on-tour-geht-in-die-naechste-runde-3082\/#primaryimage","url":"https:\/\/static.krafthand-truck.de\/uploads\/2017\/06\/Mercedes-Benz_Transportertraining_.jpg","contentUrl":"https:\/\/static.krafthand-truck.de\/uploads\/2017\/06\/Mercedes-Benz_Transportertraining_.jpg","width":820,"height":615,"caption":"Die ganzt\u00e4gigen Transportertrainings finden in speziellen Fahrtechnikzentren verteilt \u00fcber das gesamte Bundesgebiet statt. Bild: Mercedes-Benz"},{"@type":"BreadcrumbList","@id":"https:\/\/www.krafthand.de\/truck\/artikel\/mercedes-benz-vans-transporter-training-on-tour-geht-in-die-naechste-runde-3082\/#breadcrumb","itemListElement":[{"@type":"ListItem","position":1,"name":"Krafthand-Truck","item":"https:\/\/www.krafthand.de\/truck\/"},{"@type":"ListItem","position":2,"name":"Nfz-Branche","item":"https:\/\/www.krafthand.de\/truck\/kategorie\/branche\/"},{"@type":"ListItem","position":3,"name":"Schulungen\/Bildung","item":"https:\/\/www.krafthand.de\/truck\/kategorie\/branche\/schulungen-bildung\/"},{"@type":"ListItem","position":4,"name":"Mercedes-Benz Vans: Transporter-Training on Tour geht in die n\u00e4chste Runde"}]},{"@type":"WebSite","@id":"https:\/\/www.krafthand.de\/truck\/#website","url":"https:\/\/www.krafthand.de\/truck\/","name":"Krafthand-Truck","description":"","potentialAction":[{"@type":"SearchAction","target":{"@type":"EntryPoint","urlTemplate":"https:\/\/www.krafthand.de\/truck\/?s={search_term_string}"},"query-input":{"@type":"PropertyValueSpecification","valueRequired":true,"valueName":"search_term_string"}}],"inLanguage":"de"},{"@type":"Person","@id":"https:\/\/www.krafthand.de\/truck\/#\/schema\/person\/8e290c6d425b72d176adc7767a251001","name":"katja.heid@krafthand.de","image":{"@type":"ImageObject","inLanguage":"de","@id":"https:\/\/secure.gravatar.com\/avatar\/9a2930c54ede0e0a76c0f8abfb74704de273084f2aa0e3c6deb2c86704c7402b?s=96&d=mm&r=g","url":"https:\/\/secure.gravatar.com\/avatar\/9a2930c54ede0e0a76c0f8abfb74704de273084f2aa0e3c6deb2c86704c7402b?s=96&d=mm&r=g","contentUrl":"https:\/\/secure.gravatar.com\/avatar\/9a2930c54ede0e0a76c0f8abfb74704de273084f2aa0e3c6deb2c86704c7402b?s=96&d=mm&r=g","caption":"katja.heid@krafthand.de"}}]}},"_links":{"self":[{"href":"https:\/\/www.krafthand.de\/truck\/wp-json\/wp\/v2\/posts\/3082","targetHints":{"allow":["GET"]}}],"collection":[{"href":"https:\/\/www.krafthand.de\/truck\/wp-json\/wp\/v2\/posts"}],"about":[{"href":"https:\/\/www.krafthand.de\/truck\/wp-json\/wp\/v2\/types\/post"}],"author":[{"embeddable":true,"href":"https:\/\/www.krafthand.de\/truck\/wp-json\/wp\/v2\/users\/3"}],"replies":[{"embeddable":true,"href":"https:\/\/www.krafthand.de\/truck\/wp-json\/wp\/v2\/comments?post=3082"}],"version-history":[{"count":1,"href":"https:\/\/www.krafthand.de\/truck\/wp-json\/wp\/v2\/posts\/3082\/revisions"}],"predecessor-version":[{"id":27336,"href":"https:\/\/www.krafthand.de\/truck\/wp-json\/wp\/v2\/posts\/3082\/revisions\/27336"}],"wp:featuredmedia":[{"embeddable":true,"href":"https:\/\/www.krafthand.de\/truck\/wp-json\/wp\/v2\/media\/3083"}],"wp:attachment":[{"href":"https:\/\/www.krafthand.de\/truck\/wp-json\/wp\/v2\/media?parent=3082"}],"wp:term":[{"taxonomy":"category","embeddable":true,"href":"https:\/\/www.krafthand.de\/truck\/wp-json\/wp\/v2\/categories?post=3082"},{"taxonomy":"post_tag","embeddable":true,"href":"https:\/\/www.krafthand.de\/truck\/wp-json\/wp\/v2\/tags?post=3082"},{"taxonomy":"settings","embeddable":true,"href":"https:\/\/www.krafthand.de\/truck\/wp-json\/wp\/v2\/settings?post=3082"}],"curies":[{"name":"wp","href":"https:\/\/api.w.org\/{rel}","templated":true}]}}