{"id":30746,"date":"2021-12-31T11:23:01","date_gmt":"2021-12-31T10:23:01","guid":{"rendered":"https:\/\/www.krafthand.de\/truck\/?p=30746"},"modified":"2021-12-31T11:23:01","modified_gmt":"2021-12-31T10:23:01","slug":"autonom-auf-dem-betriebshof-zf-und-embotech-beschliessen-partnerschaft","status":"publish","type":"post","link":"https:\/\/www.krafthand.de\/truck\/artikel\/autonom-auf-dem-betriebshof-zf-und-embotech-beschliessen-partnerschaft-30746\/","title":{"rendered":"Autonom auf dem Betriebshof: ZF und Embotech beschlie\u00dfen Partnerschaft"},"content":{"rendered":"<p>ZF geht eine strategische Partnerschaft mit der <a href=\"https:\/\/www.embotech.com\/\" target=\"_blank\" rel=\"noopener\">Embotech AG<\/a> ein. Die Software des Schweizer Unternehmens erm\u00f6glicht es Fahrzeugen, selbstst\u00e4ndig Entscheidungen zu treffen und unterst\u00fctzt so ein automatisiertes Fahren. Dadurch k\u00f6nnen laut <a href=\"https:\/\/www.zf.com\/products\/de\/cv\/home\/cv.html\" target=\"_blank\" rel=\"noopener\">ZF<\/a> ma\u00dfgeschneiderte, skalierbare und zuverl\u00e4ssige L\u00f6sungen f\u00fcr vielf\u00e4ltige Anwendungen im Bereich Transport-as-a-Service (TaaS) auf abgesperrten Arealen wie Betriebsh\u00f6fen realisiert werden. Ein weiteres gemeinsames Projekt ist ein intelligenter und vorausschauender Geschwindigkeitsassistent, der den Verkehrsfluss, Stra\u00dfenschilder und topografische Bedingungen ber\u00fccksichtigen soll.<\/p>\n<blockquote><p>\u201eUnsere Zusammenarbeit mit Embotech ist eine konsequente Weiterentwicklung der ZF-Strategie \u201aNext Generation Mobility\u2018\u201c, erkl\u00e4rt Philipp Helmich, Vice President of Vehicle Dynamics and Controls &amp; Autonomous Driving bei der ZF-Division Commercial Vehicle Control Systems. \u201eUnsere Vereinbarung basiert auf der gemeinsamen Vision, einander erg\u00e4nzende Produkte und Technologien zu entwickeln, um eine zuverl\u00e4ssige und weltweit verf\u00fcgbare Transport-as-a-Service-L\u00f6sung f\u00fcr den Nutzfahrzeugmarkt auf privaten Gel\u00e4nden aufzubauen.\u201c<\/p><\/blockquote>\n<p>Mit der Partnerschaft erh\u00e4lt ZF eigenen Angaben zufolge den Zugriff auf Embotechs Software, mit deren Hilfe Fahrzeuge selbstst\u00e4ndige Entscheidungen treffen k\u00f6nnen. Diese Software m\u00f6chte ZF mit seiner Systemkompetenz in den Bereichen Sensorik, elektronische Steuerung und Aktuatorik f\u00fcr <a href=\"https:\/\/www.zf.com\/mobile\/de\/stories_18368.html\" target=\"_blank\" rel=\"noopener\">selbstfahrende Nutzfahrzeuge<\/a> der Stufe 4, einschlie\u00dflich der Technologieplattform ADOPT (Autonomous-Driving-Open-Platform-Technology), kombinieren.<\/p>\n<p>Mit der Partnerschaft m\u00f6chte ZF die Entwicklung von automatisierten Rangierl\u00f6sungen vorantreiben \u2013 zun\u00e4chst f\u00fcr den europ\u00e4ischen Markt, dann weltweit. ZF und Embotech stellen ein komplettes \u00d6kosystem bereit, das kundenseitige Betriebsabl\u00e4ufe durch autonome, vernetzte und elektrifizierte Fahrzeuge, intelligente Interaktion mit der Infrastruktur sowie vernetzte Softwarel\u00f6sungen verbessert.<\/p>\n<h3>Automatisierung von Betriebsh\u00f6fen<\/h3>\n<p>Die Automatisierung von Betriebsh\u00f6fen nimmt eine Schl\u00fcsselposition in der Lieferkette ein. Sie ist pr\u00e4destiniert dazu, zentrale Probleme der Nutzfahrzeugbranche zu l\u00f6sen, denn sie tr\u00e4gt zur Senkung der Gesamtbetriebskosten (TCO) sowie zur Steigerung der betrieblichen Effizienz, Sicherheit und Nachhaltigkeit bei. Ein weiteres gemeinsames Projekt ist ein intelligenter und vorausschauender Geschwindigkeitsassistent, der w\u00e4hrend der Fahrt auf \u00f6ffentlichen Stra\u00dfen den Verkehrsfluss, Verkehrssignale sowie topografische Bedingungen ber\u00fccksichtigt.<\/p>\n<blockquote><p>\u201eWir freuen uns, unsere Zusammenarbeit mit ZF durch diese wichtige strategische Partnerschaft weiter auszubauen und gemeinsam modernste L\u00f6sungen f\u00fcr Depot-Automatisierung weltweit zu entwickeln\u201c, f\u00fcgt Andreas Kyrtatos, Chief Executive Officer der Embotech AG, hinzu. \u201eBereits jetzt bietet der Einsatz auf abgesperrten Arealen einen Mehrwert f\u00fcr verschiedene Anwendungen. Und das gilt f\u00fcr Endkunden vieler Branchen \u2013 sei es ein Fahrzeughersteller, ein Logistikunternehmen, das Container von einer Fabrik zu einem Binnenhafen transportiert, oder ein Bergbauunternehmen, das gro\u00dfe Strecken mit autonomen Kippern zur\u00fccklegt.\u201c<\/p><\/blockquote>\n<p>Im Rahmen der Kooperationsvereinbarung hat ZF 25 Prozent der Anteile der Embotech AG erworben und wird einen Sitz im Verwaltungsrat des Unternehmens einnehmen.<\/p>\n\r\n\t\t\t\t<div class=\"post-author\">\r\n\t\t\t\t\t<div class=\"khm-cp-author clearfix\">\r\n\t\t\t\t\t\t<div class=\"khm-cp-author__content\">\r\n\t\t\t\t\t\t\t\tKontakt zum Autor:<br \/>\r\n\t\t\t\t\t\t\t\t<strong>Georg Blenk<\/strong>, 08247 \/ 3007-45 |  <a href=\"mailto:georg.blenk@krafthand-medien.de\">georg.blenk@krafthand-medien.de<\/a>\r\n\t\t\t\t\t\t\t<div class=\"khm-cp-author__image\">\r\n\t\t\t\t\t\t<img src=\"https:\/\/static.krafthand-truck.de\/uploads\/2021\/01\/Blenk_6104-250x300-1-removebg-preview.png\" class=\"img-responsive\">\r\n\t\t\t\t\t<\/div>\r\n\t\t\t\t\t\t<\/div>\r\n\t\t\t\t\t<\/div>\r\n\t\t\t\t<\/div>\r\n\t\t\t\t","protected":false},"excerpt":{"rendered":"<p>ZF geht eine strategische Partnerschaft mit der Embotech AG ein. Die Software des Schweizer Unternehmens erm\u00f6glicht es Fahrzeugen, selbstst\u00e4ndig Entscheidungen zu treffen und unterst\u00fctzt so ein automatisiertes Fahren. Dadurch k\u00f6nnen L\u00f6sungen f\u00fcr vielf\u00e4ltige Anwendungen im Bereich Transport-as-a-Service (TaaS) auf abgesperrten Arealen wie Betriebsh\u00f6fen realisiert werden. <span class=\"excerpt-more__dots\">&#8230;<\/span> <a class=\"excerpt-more__link\" href=\"https:\/\/www.krafthand.de\/truck\/artikel\/autonom-auf-dem-betriebshof-zf-und-embotech-beschliessen-partnerschaft-30746\/\" >weiter<\/a><\/p>\n","protected":false},"author":9,"featured_media":30750,"comment_status":"closed","ping_status":"closed","sticky":false,"template":"","format":"standard","meta":{"footnotes":""},"categories":[4225,4235],"tags":[4986,4301,4985,4987,4984,187],"settings":[3524,4766,3523],"class_list":["post-30746","post","type-post","status-publish","format-standard","has-post-thumbnail","hentry","category-ssistenzsysteme","category-unternehmen","tag-adopt","tag-assistenzsysteme","tag-automomes-hahren","tag-betriebshof","tag-embotech","tag-zf"],"yoast_head":"<!-- This site is optimized with the Yoast SEO plugin v27.3 - https:\/\/yoast.com\/product\/yoast-seo-wordpress\/ -->\n<title>Autonomes Fahren auf dem Betriebshof: ZF kooperiert mit Embotech<\/title>\n<meta name=\"description\" content=\"ZF geht eine strategische Partnerschaft mit der Embotech AG ein. Die Software des Schweizer Unternehmens erm\u00f6glicht es Fahrzeugen, selbstst\u00e4ndig Entscheidungen zu treffen und unterst\u00fctzt so ein automatisiertes Fahren. Dadurch k\u00f6nnen L\u00f6sungen f\u00fcr vielf\u00e4ltige Anwendungen im Bereich Transport-as-a-Service (TaaS) auf abgesperrten Arealen wie Betriebsh\u00f6fen realisiert werden.\" \/>\n<meta name=\"robots\" content=\"index, follow, max-snippet:-1, max-image-preview:large, max-video-preview:-1\" \/>\n<link rel=\"canonical\" href=\"https:\/\/www.krafthand.de\/truck\/artikel\/autonom-auf-dem-betriebshof-zf-und-embotech-beschliessen-partnerschaft-30746\/\" \/>\n<meta property=\"og:locale\" content=\"de_DE\" \/>\n<meta property=\"og:type\" content=\"article\" \/>\n<meta property=\"og:title\" content=\"Autonomes Fahren auf dem Betriebshof: ZF kooperiert mit Embotech\" \/>\n<meta property=\"og:description\" content=\"ZF geht eine strategische Partnerschaft mit der Embotech AG ein. Die Software des Schweizer Unternehmens erm\u00f6glicht es Fahrzeugen, selbstst\u00e4ndig Entscheidungen zu treffen und unterst\u00fctzt so ein automatisiertes Fahren. Dadurch k\u00f6nnen L\u00f6sungen f\u00fcr vielf\u00e4ltige Anwendungen im Bereich Transport-as-a-Service (TaaS) auf abgesperrten Arealen wie Betriebsh\u00f6fen realisiert werden.\" \/>\n<meta property=\"og:url\" content=\"https:\/\/www.krafthand-truck.de\/artikel\/autonom-auf-dem-betriebshof-zf-und-embotech-beschliessen-partnerschaft-30746\/\" \/>\n<meta property=\"og:site_name\" content=\"Krafthand-Truck\" \/>\n<meta property=\"article:published_time\" content=\"2021-12-31T10:23:01+00:00\" \/>\n<meta property=\"og:image\" content=\"https:\/\/static.krafthand-truck.de\/uploads\/2021\/12\/ZF-Partnership-with-Embotech.jpg\" \/>\n\t<meta property=\"og:image:width\" content=\"1200\" \/>\n\t<meta property=\"og:image:height\" content=\"799\" \/>\n\t<meta property=\"og:image:type\" content=\"image\/jpeg\" \/>\n<meta name=\"author\" content=\"georg.blenk@krafthand-medien.de\" \/>\n<meta name=\"twitter:card\" content=\"summary_large_image\" \/>\n<meta name=\"twitter:label1\" content=\"Verfasst von\" \/>\n\t<meta name=\"twitter:data1\" content=\"georg.blenk@krafthand-medien.de\" \/>\n\t<meta name=\"twitter:label2\" content=\"Gesch\u00e4tzte Lesezeit\" \/>\n\t<meta name=\"twitter:data2\" content=\"2\u00a0Minuten\" \/>\n<script type=\"application\/ld+json\" class=\"yoast-schema-graph\">{\"@context\":\"https:\\\/\\\/schema.org\",\"@graph\":[{\"@type\":\"Article\",\"@id\":\"https:\\\/\\\/www.krafthand.de\\\/truck\\\/artikel\\\/autonom-auf-dem-betriebshof-zf-und-embotech-beschliessen-partnerschaft-30746\\\/#article\",\"isPartOf\":{\"@id\":\"https:\\\/\\\/www.krafthand.de\\\/truck\\\/artikel\\\/autonom-auf-dem-betriebshof-zf-und-embotech-beschliessen-partnerschaft-30746\\\/\"},\"author\":{\"name\":\"georg.blenk@krafthand-medien.de\",\"@id\":\"https:\\\/\\\/www.krafthand.de\\\/truck\\\/#\\\/schema\\\/person\\\/51fa80b1c57034c4bf63f9f988fc24ce\"},\"headline\":\"Autonom auf dem Betriebshof: ZF und Embotech beschlie\u00dfen Partnerschaft\",\"datePublished\":\"2021-12-31T10:23:01+00:00\",\"mainEntityOfPage\":{\"@id\":\"https:\\\/\\\/www.krafthand.de\\\/truck\\\/artikel\\\/autonom-auf-dem-betriebshof-zf-und-embotech-beschliessen-partnerschaft-30746\\\/\"},\"wordCount\":446,\"image\":{\"@id\":\"https:\\\/\\\/www.krafthand.de\\\/truck\\\/artikel\\\/autonom-auf-dem-betriebshof-zf-und-embotech-beschliessen-partnerschaft-30746\\\/#primaryimage\"},\"thumbnailUrl\":\"https:\\\/\\\/static.krafthand-truck.de\\\/uploads\\\/2021\\\/12\\\/ZF-Partnership-with-Embotech.jpg\",\"keywords\":[\"ADOPT\",\"Assistenzsysteme\",\"Automomes Hahren\",\"Betriebshof\",\"Embotech\",\"ZF\"],\"articleSection\":[\"Assistenzsysteme\",\"Unternehmen\"],\"inLanguage\":\"de\"},{\"@type\":\"WebPage\",\"@id\":\"https:\\\/\\\/www.krafthand.de\\\/truck\\\/artikel\\\/autonom-auf-dem-betriebshof-zf-und-embotech-beschliessen-partnerschaft-30746\\\/\",\"url\":\"https:\\\/\\\/www.krafthand.de\\\/truck\\\/artikel\\\/autonom-auf-dem-betriebshof-zf-und-embotech-beschliessen-partnerschaft-30746\\\/\",\"name\":\"Autonomes Fahren auf dem Betriebshof: ZF kooperiert mit Embotech\",\"isPartOf\":{\"@id\":\"https:\\\/\\\/www.krafthand.de\\\/truck\\\/#website\"},\"primaryImageOfPage\":{\"@id\":\"https:\\\/\\\/www.krafthand.de\\\/truck\\\/artikel\\\/autonom-auf-dem-betriebshof-zf-und-embotech-beschliessen-partnerschaft-30746\\\/#primaryimage\"},\"image\":{\"@id\":\"https:\\\/\\\/www.krafthand.de\\\/truck\\\/artikel\\\/autonom-auf-dem-betriebshof-zf-und-embotech-beschliessen-partnerschaft-30746\\\/#primaryimage\"},\"thumbnailUrl\":\"https:\\\/\\\/static.krafthand-truck.de\\\/uploads\\\/2021\\\/12\\\/ZF-Partnership-with-Embotech.jpg\",\"datePublished\":\"2021-12-31T10:23:01+00:00\",\"author\":{\"@id\":\"https:\\\/\\\/www.krafthand.de\\\/truck\\\/#\\\/schema\\\/person\\\/51fa80b1c57034c4bf63f9f988fc24ce\"},\"description\":\"ZF geht eine strategische Partnerschaft mit der Embotech AG ein. Die Software des Schweizer Unternehmens erm\u00f6glicht es Fahrzeugen, selbstst\u00e4ndig Entscheidungen zu treffen und unterst\u00fctzt so ein automatisiertes Fahren. Dadurch k\u00f6nnen L\u00f6sungen f\u00fcr vielf\u00e4ltige Anwendungen im Bereich Transport-as-a-Service (TaaS) auf abgesperrten Arealen wie Betriebsh\u00f6fen realisiert werden.\",\"breadcrumb\":{\"@id\":\"https:\\\/\\\/www.krafthand.de\\\/truck\\\/artikel\\\/autonom-auf-dem-betriebshof-zf-und-embotech-beschliessen-partnerschaft-30746\\\/#breadcrumb\"},\"inLanguage\":\"de\",\"potentialAction\":[{\"@type\":\"ReadAction\",\"target\":[\"https:\\\/\\\/www.krafthand.de\\\/truck\\\/artikel\\\/autonom-auf-dem-betriebshof-zf-und-embotech-beschliessen-partnerschaft-30746\\\/\"]}]},{\"@type\":\"ImageObject\",\"inLanguage\":\"de\",\"@id\":\"https:\\\/\\\/www.krafthand.de\\\/truck\\\/artikel\\\/autonom-auf-dem-betriebshof-zf-und-embotech-beschliessen-partnerschaft-30746\\\/#primaryimage\",\"url\":\"https:\\\/\\\/static.krafthand-truck.de\\\/uploads\\\/2021\\\/12\\\/ZF-Partnership-with-Embotech.jpg\",\"contentUrl\":\"https:\\\/\\\/static.krafthand-truck.de\\\/uploads\\\/2021\\\/12\\\/ZF-Partnership-with-Embotech.jpg\",\"width\":1200,\"height\":799},{\"@type\":\"BreadcrumbList\",\"@id\":\"https:\\\/\\\/www.krafthand.de\\\/truck\\\/artikel\\\/autonom-auf-dem-betriebshof-zf-und-embotech-beschliessen-partnerschaft-30746\\\/#breadcrumb\",\"itemListElement\":[{\"@type\":\"ListItem\",\"position\":1,\"name\":\"Krafthand-Truck\",\"item\":\"https:\\\/\\\/www.krafthand.de\\\/truck\\\/\"},{\"@type\":\"ListItem\",\"position\":2,\"name\":\"Nfz-Branche\",\"item\":\"https:\\\/\\\/www.krafthand.de\\\/truck\\\/kategorie\\\/branche\\\/\"},{\"@type\":\"ListItem\",\"position\":3,\"name\":\"Unternehmen\",\"item\":\"https:\\\/\\\/www.krafthand.de\\\/truck\\\/kategorie\\\/branche\\\/unternehmen\\\/\"},{\"@type\":\"ListItem\",\"position\":4,\"name\":\"Autonom auf dem Betriebshof: ZF und Embotech beschlie\u00dfen Partnerschaft\"}]},{\"@type\":\"WebSite\",\"@id\":\"https:\\\/\\\/www.krafthand.de\\\/truck\\\/#website\",\"url\":\"https:\\\/\\\/www.krafthand.de\\\/truck\\\/\",\"name\":\"Krafthand-Truck\",\"description\":\"\",\"potentialAction\":[{\"@type\":\"SearchAction\",\"target\":{\"@type\":\"EntryPoint\",\"urlTemplate\":\"https:\\\/\\\/www.krafthand.de\\\/truck\\\/?s={search_term_string}\"},\"query-input\":{\"@type\":\"PropertyValueSpecification\",\"valueRequired\":true,\"valueName\":\"search_term_string\"}}],\"inLanguage\":\"de\"},{\"@type\":\"Person\",\"@id\":\"https:\\\/\\\/www.krafthand.de\\\/truck\\\/#\\\/schema\\\/person\\\/51fa80b1c57034c4bf63f9f988fc24ce\",\"name\":\"georg.blenk@krafthand-medien.de\",\"image\":{\"@type\":\"ImageObject\",\"inLanguage\":\"de\",\"@id\":\"https:\\\/\\\/secure.gravatar.com\\\/avatar\\\/93713c30affe0aa95d3a4130e499bb1abee2eb31adbdd9ce2aa1543538490215?s=96&d=mm&r=g\",\"url\":\"https:\\\/\\\/secure.gravatar.com\\\/avatar\\\/93713c30affe0aa95d3a4130e499bb1abee2eb31adbdd9ce2aa1543538490215?s=96&d=mm&r=g\",\"contentUrl\":\"https:\\\/\\\/secure.gravatar.com\\\/avatar\\\/93713c30affe0aa95d3a4130e499bb1abee2eb31adbdd9ce2aa1543538490215?s=96&d=mm&r=g\",\"caption\":\"georg.blenk@krafthand-medien.de\"}}]}<\/script>\n<!-- \/ Yoast SEO plugin. -->","yoast_head_json":{"title":"Autonomes Fahren auf dem Betriebshof: ZF kooperiert mit Embotech","description":"ZF geht eine strategische Partnerschaft mit der Embotech AG ein. Die Software des Schweizer Unternehmens erm\u00f6glicht es Fahrzeugen, selbstst\u00e4ndig Entscheidungen zu treffen und unterst\u00fctzt so ein automatisiertes Fahren. Dadurch k\u00f6nnen L\u00f6sungen f\u00fcr vielf\u00e4ltige Anwendungen im Bereich Transport-as-a-Service (TaaS) auf abgesperrten Arealen wie Betriebsh\u00f6fen realisiert werden.","robots":{"index":"index","follow":"follow","max-snippet":"max-snippet:-1","max-image-preview":"max-image-preview:large","max-video-preview":"max-video-preview:-1"},"canonical":"https:\/\/www.krafthand.de\/truck\/artikel\/autonom-auf-dem-betriebshof-zf-und-embotech-beschliessen-partnerschaft-30746\/","og_locale":"de_DE","og_type":"article","og_title":"Autonomes Fahren auf dem Betriebshof: ZF kooperiert mit Embotech","og_description":"ZF geht eine strategische Partnerschaft mit der Embotech AG ein. Die Software des Schweizer Unternehmens erm\u00f6glicht es Fahrzeugen, selbstst\u00e4ndig Entscheidungen zu treffen und unterst\u00fctzt so ein automatisiertes Fahren. Dadurch k\u00f6nnen L\u00f6sungen f\u00fcr vielf\u00e4ltige Anwendungen im Bereich Transport-as-a-Service (TaaS) auf abgesperrten Arealen wie Betriebsh\u00f6fen realisiert werden.","og_url":"https:\/\/www.krafthand-truck.de\/artikel\/autonom-auf-dem-betriebshof-zf-und-embotech-beschliessen-partnerschaft-30746\/","og_site_name":"Krafthand-Truck","article_published_time":"2021-12-31T10:23:01+00:00","og_image":[{"width":1200,"height":799,"url":"https:\/\/static.krafthand-truck.de\/uploads\/2021\/12\/ZF-Partnership-with-Embotech.jpg","type":"image\/jpeg"}],"author":"georg.blenk@krafthand-medien.de","twitter_card":"summary_large_image","twitter_misc":{"Verfasst von":"georg.blenk@krafthand-medien.de","Gesch\u00e4tzte Lesezeit":"2\u00a0Minuten"},"schema":{"@context":"https:\/\/schema.org","@graph":[{"@type":"Article","@id":"https:\/\/www.krafthand.de\/truck\/artikel\/autonom-auf-dem-betriebshof-zf-und-embotech-beschliessen-partnerschaft-30746\/#article","isPartOf":{"@id":"https:\/\/www.krafthand.de\/truck\/artikel\/autonom-auf-dem-betriebshof-zf-und-embotech-beschliessen-partnerschaft-30746\/"},"author":{"name":"georg.blenk@krafthand-medien.de","@id":"https:\/\/www.krafthand.de\/truck\/#\/schema\/person\/51fa80b1c57034c4bf63f9f988fc24ce"},"headline":"Autonom auf dem Betriebshof: ZF und Embotech beschlie\u00dfen Partnerschaft","datePublished":"2021-12-31T10:23:01+00:00","mainEntityOfPage":{"@id":"https:\/\/www.krafthand.de\/truck\/artikel\/autonom-auf-dem-betriebshof-zf-und-embotech-beschliessen-partnerschaft-30746\/"},"wordCount":446,"image":{"@id":"https:\/\/www.krafthand.de\/truck\/artikel\/autonom-auf-dem-betriebshof-zf-und-embotech-beschliessen-partnerschaft-30746\/#primaryimage"},"thumbnailUrl":"https:\/\/static.krafthand-truck.de\/uploads\/2021\/12\/ZF-Partnership-with-Embotech.jpg","keywords":["ADOPT","Assistenzsysteme","Automomes Hahren","Betriebshof","Embotech","ZF"],"articleSection":["Assistenzsysteme","Unternehmen"],"inLanguage":"de"},{"@type":"WebPage","@id":"https:\/\/www.krafthand.de\/truck\/artikel\/autonom-auf-dem-betriebshof-zf-und-embotech-beschliessen-partnerschaft-30746\/","url":"https:\/\/www.krafthand.de\/truck\/artikel\/autonom-auf-dem-betriebshof-zf-und-embotech-beschliessen-partnerschaft-30746\/","name":"Autonomes Fahren auf dem Betriebshof: ZF kooperiert mit Embotech","isPartOf":{"@id":"https:\/\/www.krafthand.de\/truck\/#website"},"primaryImageOfPage":{"@id":"https:\/\/www.krafthand.de\/truck\/artikel\/autonom-auf-dem-betriebshof-zf-und-embotech-beschliessen-partnerschaft-30746\/#primaryimage"},"image":{"@id":"https:\/\/www.krafthand.de\/truck\/artikel\/autonom-auf-dem-betriebshof-zf-und-embotech-beschliessen-partnerschaft-30746\/#primaryimage"},"thumbnailUrl":"https:\/\/static.krafthand-truck.de\/uploads\/2021\/12\/ZF-Partnership-with-Embotech.jpg","datePublished":"2021-12-31T10:23:01+00:00","author":{"@id":"https:\/\/www.krafthand.de\/truck\/#\/schema\/person\/51fa80b1c57034c4bf63f9f988fc24ce"},"description":"ZF geht eine strategische Partnerschaft mit der Embotech AG ein. Die Software des Schweizer Unternehmens erm\u00f6glicht es Fahrzeugen, selbstst\u00e4ndig Entscheidungen zu treffen und unterst\u00fctzt so ein automatisiertes Fahren. Dadurch k\u00f6nnen L\u00f6sungen f\u00fcr vielf\u00e4ltige Anwendungen im Bereich Transport-as-a-Service (TaaS) auf abgesperrten Arealen wie Betriebsh\u00f6fen realisiert werden.","breadcrumb":{"@id":"https:\/\/www.krafthand.de\/truck\/artikel\/autonom-auf-dem-betriebshof-zf-und-embotech-beschliessen-partnerschaft-30746\/#breadcrumb"},"inLanguage":"de","potentialAction":[{"@type":"ReadAction","target":["https:\/\/www.krafthand.de\/truck\/artikel\/autonom-auf-dem-betriebshof-zf-und-embotech-beschliessen-partnerschaft-30746\/"]}]},{"@type":"ImageObject","inLanguage":"de","@id":"https:\/\/www.krafthand.de\/truck\/artikel\/autonom-auf-dem-betriebshof-zf-und-embotech-beschliessen-partnerschaft-30746\/#primaryimage","url":"https:\/\/static.krafthand-truck.de\/uploads\/2021\/12\/ZF-Partnership-with-Embotech.jpg","contentUrl":"https:\/\/static.krafthand-truck.de\/uploads\/2021\/12\/ZF-Partnership-with-Embotech.jpg","width":1200,"height":799},{"@type":"BreadcrumbList","@id":"https:\/\/www.krafthand.de\/truck\/artikel\/autonom-auf-dem-betriebshof-zf-und-embotech-beschliessen-partnerschaft-30746\/#breadcrumb","itemListElement":[{"@type":"ListItem","position":1,"name":"Krafthand-Truck","item":"https:\/\/www.krafthand.de\/truck\/"},{"@type":"ListItem","position":2,"name":"Nfz-Branche","item":"https:\/\/www.krafthand.de\/truck\/kategorie\/branche\/"},{"@type":"ListItem","position":3,"name":"Unternehmen","item":"https:\/\/www.krafthand.de\/truck\/kategorie\/branche\/unternehmen\/"},{"@type":"ListItem","position":4,"name":"Autonom auf dem Betriebshof: ZF und Embotech beschlie\u00dfen Partnerschaft"}]},{"@type":"WebSite","@id":"https:\/\/www.krafthand.de\/truck\/#website","url":"https:\/\/www.krafthand.de\/truck\/","name":"Krafthand-Truck","description":"","potentialAction":[{"@type":"SearchAction","target":{"@type":"EntryPoint","urlTemplate":"https:\/\/www.krafthand.de\/truck\/?s={search_term_string}"},"query-input":{"@type":"PropertyValueSpecification","valueRequired":true,"valueName":"search_term_string"}}],"inLanguage":"de"},{"@type":"Person","@id":"https:\/\/www.krafthand.de\/truck\/#\/schema\/person\/51fa80b1c57034c4bf63f9f988fc24ce","name":"georg.blenk@krafthand-medien.de","image":{"@type":"ImageObject","inLanguage":"de","@id":"https:\/\/secure.gravatar.com\/avatar\/93713c30affe0aa95d3a4130e499bb1abee2eb31adbdd9ce2aa1543538490215?s=96&d=mm&r=g","url":"https:\/\/secure.gravatar.com\/avatar\/93713c30affe0aa95d3a4130e499bb1abee2eb31adbdd9ce2aa1543538490215?s=96&d=mm&r=g","contentUrl":"https:\/\/secure.gravatar.com\/avatar\/93713c30affe0aa95d3a4130e499bb1abee2eb31adbdd9ce2aa1543538490215?s=96&d=mm&r=g","caption":"georg.blenk@krafthand-medien.de"}}]}},"_links":{"self":[{"href":"https:\/\/www.krafthand.de\/truck\/wp-json\/wp\/v2\/posts\/30746","targetHints":{"allow":["GET"]}}],"collection":[{"href":"https:\/\/www.krafthand.de\/truck\/wp-json\/wp\/v2\/posts"}],"about":[{"href":"https:\/\/www.krafthand.de\/truck\/wp-json\/wp\/v2\/types\/post"}],"author":[{"embeddable":true,"href":"https:\/\/www.krafthand.de\/truck\/wp-json\/wp\/v2\/users\/9"}],"replies":[{"embeddable":true,"href":"https:\/\/www.krafthand.de\/truck\/wp-json\/wp\/v2\/comments?post=30746"}],"version-history":[{"count":3,"href":"https:\/\/www.krafthand.de\/truck\/wp-json\/wp\/v2\/posts\/30746\/revisions"}],"predecessor-version":[{"id":30749,"href":"https:\/\/www.krafthand.de\/truck\/wp-json\/wp\/v2\/posts\/30746\/revisions\/30749"}],"wp:featuredmedia":[{"embeddable":true,"href":"https:\/\/www.krafthand.de\/truck\/wp-json\/wp\/v2\/media\/30750"}],"wp:attachment":[{"href":"https:\/\/www.krafthand.de\/truck\/wp-json\/wp\/v2\/media?parent=30746"}],"wp:term":[{"taxonomy":"category","embeddable":true,"href":"https:\/\/www.krafthand.de\/truck\/wp-json\/wp\/v2\/categories?post=30746"},{"taxonomy":"post_tag","embeddable":true,"href":"https:\/\/www.krafthand.de\/truck\/wp-json\/wp\/v2\/tags?post=30746"},{"taxonomy":"settings","embeddable":true,"href":"https:\/\/www.krafthand.de\/truck\/wp-json\/wp\/v2\/settings?post=30746"}],"curies":[{"name":"wp","href":"https:\/\/api.w.org\/{rel}","templated":true}]}}