{"id":30641,"date":"2021-12-14T15:57:36","date_gmt":"2021-12-14T14:57:36","guid":{"rendered":"https:\/\/www.krafthand.de\/truck\/?p=30641"},"modified":"2021-12-15T10:17:18","modified_gmt":"2021-12-15T09:17:18","slug":"volvo-e-trucks-im-wintertest-die-batterien-im-temperaturfenster-halten","status":"publish","type":"post","link":"https:\/\/www.krafthand.de\/truck\/artikel\/volvo-e-trucks-im-wintertest-die-batterien-im-temperaturfenster-halten-30641\/","title":{"rendered":"Volvo-E-Trucks im Wintertest: Die Batterien im Temperaturfenster halten"},"content":{"rendered":"<p>In der kalten Jahreszeit schw\u00e4cheln viele Akkus und vor allem Autobatterien und Batterieblocks von E-Fahrzeugen. Um dem vorzubeugen hat <a href=\"https:\/\/www.volvotrucks.de\/de-de\/trucks\/alternative-antriebe\/elektro-lkw.html\" target=\"_blank\" rel=\"noopener\">Volvo Trucks<\/a> k\u00fcrzlich seine Elektro-Lkw bei extremer K\u00e4lte in Nordschweden, in der N\u00e4he des Polarkreises, getestet. Eine sogenannte &#8218;Ready to Run&#8216;-Einrichtung soll je nach Bedarf das Fahrzeug auf den Arbeitstag vorbereiten, indem sie die Batterien und das Fahrerhaus vorheizt oder bei sehr warmen Wetter k\u00fchlt. Die Optimaltemperatur f\u00fcr Batterien liegt bei zirka <strong>25\u00b0C<\/strong>. Die Lkw-Fahrerin oder der Lkw-Fahrer kann das Vorw\u00e4rmen beziehungsweise das Vork\u00fchlen \u00fcber eine App per Fernzugriff starten. Das Ergebnis: Die Batterieleistung wird aufrechterhalten, auch bei Temperaturen weit unter dem Gefrierpunkt.<\/p>\n<figure id=\"attachment_30650\" aria-describedby=\"caption-attachment-30650\" style=\"width: 420px\" class=\"wp-caption alignright\"><a href=\"https:\/\/static.krafthand-truck.de\/uploads\/2021\/12\/Volvo_Trucks_vorwaerm_App.jpg\" target=\"_blank\" rel=\"noopener\"><img fetchpriority=\"high\" decoding=\"async\" class=\"wp-image-30650\" src=\"https:\/\/static.krafthand-truck.de\/uploads\/2021\/12\/Volvo_Trucks_vorwaerm_App-300x205.jpg\" alt=\"\" width=\"420\" height=\"287\" srcset=\"https:\/\/static.krafthand-truck.de\/uploads\/2021\/12\/Volvo_Trucks_vorwaerm_App-300x205.jpg 300w, https:\/\/static.krafthand-truck.de\/uploads\/2021\/12\/Volvo_Trucks_vorwaerm_App-1024x699.jpg 1024w, https:\/\/static.krafthand-truck.de\/uploads\/2021\/12\/Volvo_Trucks_vorwaerm_App-768x524.jpg 768w, https:\/\/static.krafthand-truck.de\/uploads\/2021\/12\/Volvo_Trucks_vorwaerm_App.jpg 1200w\" sizes=\"(max-width: 420px) 100vw, 420px\" \/><\/a><figcaption id=\"caption-attachment-30650\" class=\"wp-caption-text\">\u00dcber eine App kann das Vorw\u00e4rmen beziehungsweise das Vork\u00fchlen gestartet werden. Die Batteriepacks befinden sich so immer im richtigen Temperaturfenster.<\/figcaption><\/figure>\n<blockquote><p>\u201eBei der praktischen Erprobung unserer Lkw in der N\u00e4he des Polarkreises setzen wir die Fahrzeuge allen nur denkbaren Widrigkeiten der Natur aus. Der Wind l\u00e4sst das Fahrzeug von au\u00dfen zufrieren, wodurch wir uns sehr gut davon \u00fcberzeugen k\u00f6nnen, dass auch unter extremen Bedingungen alles ordnungsgem\u00e4\u00df funktioniert. Unsere Tests haben gezeigt, dass sich unsere elektrisch angetriebenen Lkw durchaus f\u00fcr den Betrieb bei extremer K\u00e4lte eignen\u201c, so Jessica Sandstr\u00f6m, SVP Product Management bei Volvo Trucks.<\/p><\/blockquote>\n<p>Die <strong>&#8218;Ready-to-Run&#8216;-Funktion<\/strong> wird laut Volvo Trucks f\u00fcr die Modelle FH, FM und FMX Electric, die f\u00fcr den regionalen G\u00fcterverkehr und leichte Bauarbeiten eingesetzt werden, verf\u00fcgbar sein.<\/p>\n<ul>\n<li>Volvo Trucks hat <strong>sechs<\/strong> vollelektrisch angetriebene Lkw im Angebot, die f\u00fcr eine Vielzahl unterschiedlicher Transportaufgaben ausgelegt sind.<\/li>\n<li>Die Modelle Volvo FH, FM und FMX Electric sind schwere Lkw mit einem zul\u00e4ssigen Gesamtzuggewicht von 44 Tonnen. Der Verkauf in Europa l\u00e4uft bereits und die Produktion startet 2022 in der zweiten Jahresh\u00e4lfte.<\/li>\n<li>Die Serienproduktion der Modelle Volvo FL und FE Electric f\u00fcr den st\u00e4dtischen Verteilerverkehr und die Abfallwirtschaft begann in Europa im Jahr 2019.<\/li>\n<li>Die Fertigung des Volvo VNR Electric f\u00fcr Nordamerika startete 2020.<\/li>\n<\/ul>\n\r\n\t\t\t\t<div class=\"post-author\">\r\n\t\t\t\t\t<div class=\"khm-cp-author clearfix\">\r\n\t\t\t\t\t\t<div class=\"khm-cp-author__content\">\r\n\t\t\t\t\t\t\t\tKontakt zum Autor:<br \/>\r\n\t\t\t\t\t\t\t\t<strong>Georg Blenk<\/strong>, 08247 \/ 3007-45 |  <a href=\"mailto:georg.blenk@krafthand-medien.de\">georg.blenk@krafthand-medien.de<\/a>\r\n\t\t\t\t\t\t\t<div class=\"khm-cp-author__image\">\r\n\t\t\t\t\t\t<img src=\"https:\/\/static.krafthand-truck.de\/uploads\/2021\/01\/Blenk_6104-250x300-1-removebg-preview.png\" class=\"img-responsive\">\r\n\t\t\t\t\t<\/div>\r\n\t\t\t\t\t\t<\/div>\r\n\t\t\t\t\t<\/div>\r\n\t\t\t\t<\/div>\r\n\t\t\t\t","protected":false},"excerpt":{"rendered":"<p>In der kalten Jahreszeit schw\u00e4cheln Batterieblocks von E-Fahrzeugen. Um dem vorzubeugen hat Volvo Trucks k\u00fcrzlich seine Elektro-Lkw bei extremer K\u00e4lte in Nordschweden, in der N\u00e4he des Polarkreises getestet. Eine sogenannte &#8218;Ready to Run&#8216;-Einrichtung soll je nach Bedarf das Fahrzeug auf den Arbeitstag vorbereiten, indem sie die Batterien vorheizt. <span class=\"excerpt-more__dots\">&#8230;<\/span> <a class=\"excerpt-more__link\" href=\"https:\/\/www.krafthand.de\/truck\/artikel\/volvo-e-trucks-im-wintertest-die-batterien-im-temperaturfenster-halten-30641\/\" >weiter<\/a><\/p>\n","protected":false},"author":9,"featured_media":30647,"comment_status":"closed","ping_status":"closed","sticky":false,"template":"","format":"standard","meta":{"footnotes":""},"categories":[4224,4915],"tags":[1502,4966,4967,4044,752,4965],"settings":[3524,4766,3523],"class_list":["post-30641","post","type-post","status-publish","format-standard","has-post-thumbnail","hentry","category-e-antrieb","category-neue-fahrzeuge","tag-batterie","tag-fh-electric","tag-ready-to-run","tag-standheizung","tag-volvo","tag-wintertest"],"yoast_head":"<!-- This site is optimized with the Yoast SEO plugin v27.3 - https:\/\/yoast.com\/product\/yoast-seo-wordpress\/ -->\n<title>Volvo Trucks testet unter Winterbedingungen Vorw\u00e4rmtechnik bei E-Trucks<\/title>\n<meta name=\"description\" content=\"In der kalten Jahreszeit schw\u00e4cheln Batterieblocks von E-Fahrzeugen. Um dem vorzubeugen hat Volvo Trucks k\u00fcrzlich seine Elektro-Lkw bei extremer K\u00e4lte in Nordschweden, in der N\u00e4he des Polarkreises, getestet. Eine sogenannte &#039;Ready to Run&#039;-Einrichtung soll je nach Bedarf das Fahrzeug auf den Arbeitstag vorbereiten, indem sie die Batterien vorheizt.\" \/>\n<meta name=\"robots\" content=\"index, follow, max-snippet:-1, max-image-preview:large, max-video-preview:-1\" \/>\n<link rel=\"canonical\" href=\"https:\/\/www.krafthand.de\/truck\/artikel\/volvo-e-trucks-im-wintertest-die-batterien-im-temperaturfenster-halten-30641\/\" \/>\n<meta property=\"og:locale\" content=\"de_DE\" \/>\n<meta property=\"og:type\" content=\"article\" \/>\n<meta property=\"og:title\" content=\"Volvo Trucks testet unter Winterbedingungen Vorw\u00e4rmtechnik bei E-Trucks\" \/>\n<meta property=\"og:description\" content=\"In der kalten Jahreszeit schw\u00e4cheln Batterieblocks von E-Fahrzeugen. Um dem vorzubeugen hat Volvo Trucks k\u00fcrzlich seine Elektro-Lkw bei extremer K\u00e4lte in Nordschweden, in der N\u00e4he des Polarkreises, getestet. Eine sogenannte &#039;Ready to Run&#039;-Einrichtung soll je nach Bedarf das Fahrzeug auf den Arbeitstag vorbereiten, indem sie die Batterien vorheizt.\" \/>\n<meta property=\"og:url\" content=\"https:\/\/www.krafthand-truck.de\/artikel\/volvo-e-trucks-im-wintertest-die-batterien-im-temperaturfenster-halten-30641\/\" \/>\n<meta property=\"og:site_name\" content=\"Krafthand-Truck\" \/>\n<meta property=\"article:published_time\" content=\"2021-12-14T14:57:36+00:00\" \/>\n<meta property=\"article:modified_time\" content=\"2021-12-15T09:17:18+00:00\" \/>\n<meta property=\"og:image\" content=\"https:\/\/static.krafthand-truck.de\/uploads\/2021\/12\/Volvo_Truck_Wintertest_FH_Elektrik.jpg\" \/>\n\t<meta property=\"og:image:width\" content=\"1200\" \/>\n\t<meta property=\"og:image:height\" content=\"711\" \/>\n\t<meta property=\"og:image:type\" content=\"image\/jpeg\" \/>\n<meta name=\"author\" content=\"georg.blenk@krafthand-medien.de\" \/>\n<meta name=\"twitter:card\" content=\"summary_large_image\" \/>\n<meta name=\"twitter:label1\" content=\"Verfasst von\" \/>\n\t<meta name=\"twitter:data1\" content=\"georg.blenk@krafthand-medien.de\" \/>\n\t<meta name=\"twitter:label2\" content=\"Gesch\u00e4tzte Lesezeit\" \/>\n\t<meta name=\"twitter:data2\" content=\"2\u00a0Minuten\" \/>\n<script type=\"application\/ld+json\" class=\"yoast-schema-graph\">{\"@context\":\"https:\\\/\\\/schema.org\",\"@graph\":[{\"@type\":\"Article\",\"@id\":\"https:\\\/\\\/www.krafthand.de\\\/truck\\\/artikel\\\/volvo-e-trucks-im-wintertest-die-batterien-im-temperaturfenster-halten-30641\\\/#article\",\"isPartOf\":{\"@id\":\"https:\\\/\\\/www.krafthand.de\\\/truck\\\/artikel\\\/volvo-e-trucks-im-wintertest-die-batterien-im-temperaturfenster-halten-30641\\\/\"},\"author\":{\"name\":\"georg.blenk@krafthand-medien.de\",\"@id\":\"https:\\\/\\\/www.krafthand.de\\\/truck\\\/#\\\/schema\\\/person\\\/51fa80b1c57034c4bf63f9f988fc24ce\"},\"headline\":\"Volvo-E-Trucks im Wintertest: Die Batterien im Temperaturfenster halten\",\"datePublished\":\"2021-12-14T14:57:36+00:00\",\"dateModified\":\"2021-12-15T09:17:18+00:00\",\"mainEntityOfPage\":{\"@id\":\"https:\\\/\\\/www.krafthand.de\\\/truck\\\/artikel\\\/volvo-e-trucks-im-wintertest-die-batterien-im-temperaturfenster-halten-30641\\\/\"},\"wordCount\":344,\"image\":{\"@id\":\"https:\\\/\\\/www.krafthand.de\\\/truck\\\/artikel\\\/volvo-e-trucks-im-wintertest-die-batterien-im-temperaturfenster-halten-30641\\\/#primaryimage\"},\"thumbnailUrl\":\"https:\\\/\\\/static.krafthand-truck.de\\\/uploads\\\/2021\\\/12\\\/Volvo_Truck_Wintertest_FH_Elektrik.jpg\",\"keywords\":[\"Batterie\",\"FH Electric\",\"Ready to run\",\"Standheizung\",\"Volvo\",\"Wintertest\"],\"articleSection\":[\"E-Antrieb (BEV\\\/FCEV)\",\"Neue Fahrzeuge\"],\"inLanguage\":\"de\"},{\"@type\":\"WebPage\",\"@id\":\"https:\\\/\\\/www.krafthand.de\\\/truck\\\/artikel\\\/volvo-e-trucks-im-wintertest-die-batterien-im-temperaturfenster-halten-30641\\\/\",\"url\":\"https:\\\/\\\/www.krafthand.de\\\/truck\\\/artikel\\\/volvo-e-trucks-im-wintertest-die-batterien-im-temperaturfenster-halten-30641\\\/\",\"name\":\"Volvo Trucks testet unter Winterbedingungen Vorw\u00e4rmtechnik bei E-Trucks\",\"isPartOf\":{\"@id\":\"https:\\\/\\\/www.krafthand.de\\\/truck\\\/#website\"},\"primaryImageOfPage\":{\"@id\":\"https:\\\/\\\/www.krafthand.de\\\/truck\\\/artikel\\\/volvo-e-trucks-im-wintertest-die-batterien-im-temperaturfenster-halten-30641\\\/#primaryimage\"},\"image\":{\"@id\":\"https:\\\/\\\/www.krafthand.de\\\/truck\\\/artikel\\\/volvo-e-trucks-im-wintertest-die-batterien-im-temperaturfenster-halten-30641\\\/#primaryimage\"},\"thumbnailUrl\":\"https:\\\/\\\/static.krafthand-truck.de\\\/uploads\\\/2021\\\/12\\\/Volvo_Truck_Wintertest_FH_Elektrik.jpg\",\"datePublished\":\"2021-12-14T14:57:36+00:00\",\"dateModified\":\"2021-12-15T09:17:18+00:00\",\"author\":{\"@id\":\"https:\\\/\\\/www.krafthand.de\\\/truck\\\/#\\\/schema\\\/person\\\/51fa80b1c57034c4bf63f9f988fc24ce\"},\"description\":\"In der kalten Jahreszeit schw\u00e4cheln Batterieblocks von E-Fahrzeugen. Um dem vorzubeugen hat Volvo Trucks k\u00fcrzlich seine Elektro-Lkw bei extremer K\u00e4lte in Nordschweden, in der N\u00e4he des Polarkreises, getestet. Eine sogenannte 'Ready to Run'-Einrichtung soll je nach Bedarf das Fahrzeug auf den Arbeitstag vorbereiten, indem sie die Batterien vorheizt.\",\"breadcrumb\":{\"@id\":\"https:\\\/\\\/www.krafthand.de\\\/truck\\\/artikel\\\/volvo-e-trucks-im-wintertest-die-batterien-im-temperaturfenster-halten-30641\\\/#breadcrumb\"},\"inLanguage\":\"de\",\"potentialAction\":[{\"@type\":\"ReadAction\",\"target\":[\"https:\\\/\\\/www.krafthand.de\\\/truck\\\/artikel\\\/volvo-e-trucks-im-wintertest-die-batterien-im-temperaturfenster-halten-30641\\\/\"]}]},{\"@type\":\"ImageObject\",\"inLanguage\":\"de\",\"@id\":\"https:\\\/\\\/www.krafthand.de\\\/truck\\\/artikel\\\/volvo-e-trucks-im-wintertest-die-batterien-im-temperaturfenster-halten-30641\\\/#primaryimage\",\"url\":\"https:\\\/\\\/static.krafthand-truck.de\\\/uploads\\\/2021\\\/12\\\/Volvo_Truck_Wintertest_FH_Elektrik.jpg\",\"contentUrl\":\"https:\\\/\\\/static.krafthand-truck.de\\\/uploads\\\/2021\\\/12\\\/Volvo_Truck_Wintertest_FH_Elektrik.jpg\",\"width\":1200,\"height\":711},{\"@type\":\"BreadcrumbList\",\"@id\":\"https:\\\/\\\/www.krafthand.de\\\/truck\\\/artikel\\\/volvo-e-trucks-im-wintertest-die-batterien-im-temperaturfenster-halten-30641\\\/#breadcrumb\",\"itemListElement\":[{\"@type\":\"ListItem\",\"position\":1,\"name\":\"Krafthand-Truck\",\"item\":\"https:\\\/\\\/www.krafthand.de\\\/truck\\\/\"},{\"@type\":\"ListItem\",\"position\":2,\"name\":\"IT+Fuhrpark\",\"item\":\"https:\\\/\\\/www.krafthand.de\\\/truck\\\/kategorie\\\/fuhrpark\\\/\"},{\"@type\":\"ListItem\",\"position\":3,\"name\":\"Neue Fahrzeuge\",\"item\":\"https:\\\/\\\/www.krafthand.de\\\/truck\\\/kategorie\\\/fuhrpark\\\/neue-fahrzeuge\\\/\"},{\"@type\":\"ListItem\",\"position\":4,\"name\":\"Volvo-E-Trucks im Wintertest: Die Batterien im Temperaturfenster halten\"}]},{\"@type\":\"WebSite\",\"@id\":\"https:\\\/\\\/www.krafthand.de\\\/truck\\\/#website\",\"url\":\"https:\\\/\\\/www.krafthand.de\\\/truck\\\/\",\"name\":\"Krafthand-Truck\",\"description\":\"\",\"potentialAction\":[{\"@type\":\"SearchAction\",\"target\":{\"@type\":\"EntryPoint\",\"urlTemplate\":\"https:\\\/\\\/www.krafthand.de\\\/truck\\\/?s={search_term_string}\"},\"query-input\":{\"@type\":\"PropertyValueSpecification\",\"valueRequired\":true,\"valueName\":\"search_term_string\"}}],\"inLanguage\":\"de\"},{\"@type\":\"Person\",\"@id\":\"https:\\\/\\\/www.krafthand.de\\\/truck\\\/#\\\/schema\\\/person\\\/51fa80b1c57034c4bf63f9f988fc24ce\",\"name\":\"georg.blenk@krafthand-medien.de\",\"image\":{\"@type\":\"ImageObject\",\"inLanguage\":\"de\",\"@id\":\"https:\\\/\\\/secure.gravatar.com\\\/avatar\\\/93713c30affe0aa95d3a4130e499bb1abee2eb31adbdd9ce2aa1543538490215?s=96&d=mm&r=g\",\"url\":\"https:\\\/\\\/secure.gravatar.com\\\/avatar\\\/93713c30affe0aa95d3a4130e499bb1abee2eb31adbdd9ce2aa1543538490215?s=96&d=mm&r=g\",\"contentUrl\":\"https:\\\/\\\/secure.gravatar.com\\\/avatar\\\/93713c30affe0aa95d3a4130e499bb1abee2eb31adbdd9ce2aa1543538490215?s=96&d=mm&r=g\",\"caption\":\"georg.blenk@krafthand-medien.de\"}}]}<\/script>\n<!-- \/ Yoast SEO plugin. -->","yoast_head_json":{"title":"Volvo Trucks testet unter Winterbedingungen Vorw\u00e4rmtechnik bei E-Trucks","description":"In der kalten Jahreszeit schw\u00e4cheln Batterieblocks von E-Fahrzeugen. Um dem vorzubeugen hat Volvo Trucks k\u00fcrzlich seine Elektro-Lkw bei extremer K\u00e4lte in Nordschweden, in der N\u00e4he des Polarkreises, getestet. Eine sogenannte 'Ready to Run'-Einrichtung soll je nach Bedarf das Fahrzeug auf den Arbeitstag vorbereiten, indem sie die Batterien vorheizt.","robots":{"index":"index","follow":"follow","max-snippet":"max-snippet:-1","max-image-preview":"max-image-preview:large","max-video-preview":"max-video-preview:-1"},"canonical":"https:\/\/www.krafthand.de\/truck\/artikel\/volvo-e-trucks-im-wintertest-die-batterien-im-temperaturfenster-halten-30641\/","og_locale":"de_DE","og_type":"article","og_title":"Volvo Trucks testet unter Winterbedingungen Vorw\u00e4rmtechnik bei E-Trucks","og_description":"In der kalten Jahreszeit schw\u00e4cheln Batterieblocks von E-Fahrzeugen. Um dem vorzubeugen hat Volvo Trucks k\u00fcrzlich seine Elektro-Lkw bei extremer K\u00e4lte in Nordschweden, in der N\u00e4he des Polarkreises, getestet. Eine sogenannte 'Ready to Run'-Einrichtung soll je nach Bedarf das Fahrzeug auf den Arbeitstag vorbereiten, indem sie die Batterien vorheizt.","og_url":"https:\/\/www.krafthand-truck.de\/artikel\/volvo-e-trucks-im-wintertest-die-batterien-im-temperaturfenster-halten-30641\/","og_site_name":"Krafthand-Truck","article_published_time":"2021-12-14T14:57:36+00:00","article_modified_time":"2021-12-15T09:17:18+00:00","og_image":[{"width":1200,"height":711,"url":"https:\/\/static.krafthand-truck.de\/uploads\/2021\/12\/Volvo_Truck_Wintertest_FH_Elektrik.jpg","type":"image\/jpeg"}],"author":"georg.blenk@krafthand-medien.de","twitter_card":"summary_large_image","twitter_misc":{"Verfasst von":"georg.blenk@krafthand-medien.de","Gesch\u00e4tzte Lesezeit":"2\u00a0Minuten"},"schema":{"@context":"https:\/\/schema.org","@graph":[{"@type":"Article","@id":"https:\/\/www.krafthand.de\/truck\/artikel\/volvo-e-trucks-im-wintertest-die-batterien-im-temperaturfenster-halten-30641\/#article","isPartOf":{"@id":"https:\/\/www.krafthand.de\/truck\/artikel\/volvo-e-trucks-im-wintertest-die-batterien-im-temperaturfenster-halten-30641\/"},"author":{"name":"georg.blenk@krafthand-medien.de","@id":"https:\/\/www.krafthand.de\/truck\/#\/schema\/person\/51fa80b1c57034c4bf63f9f988fc24ce"},"headline":"Volvo-E-Trucks im Wintertest: Die Batterien im Temperaturfenster halten","datePublished":"2021-12-14T14:57:36+00:00","dateModified":"2021-12-15T09:17:18+00:00","mainEntityOfPage":{"@id":"https:\/\/www.krafthand.de\/truck\/artikel\/volvo-e-trucks-im-wintertest-die-batterien-im-temperaturfenster-halten-30641\/"},"wordCount":344,"image":{"@id":"https:\/\/www.krafthand.de\/truck\/artikel\/volvo-e-trucks-im-wintertest-die-batterien-im-temperaturfenster-halten-30641\/#primaryimage"},"thumbnailUrl":"https:\/\/static.krafthand-truck.de\/uploads\/2021\/12\/Volvo_Truck_Wintertest_FH_Elektrik.jpg","keywords":["Batterie","FH Electric","Ready to run","Standheizung","Volvo","Wintertest"],"articleSection":["E-Antrieb (BEV\/FCEV)","Neue Fahrzeuge"],"inLanguage":"de"},{"@type":"WebPage","@id":"https:\/\/www.krafthand.de\/truck\/artikel\/volvo-e-trucks-im-wintertest-die-batterien-im-temperaturfenster-halten-30641\/","url":"https:\/\/www.krafthand.de\/truck\/artikel\/volvo-e-trucks-im-wintertest-die-batterien-im-temperaturfenster-halten-30641\/","name":"Volvo Trucks testet unter Winterbedingungen Vorw\u00e4rmtechnik bei E-Trucks","isPartOf":{"@id":"https:\/\/www.krafthand.de\/truck\/#website"},"primaryImageOfPage":{"@id":"https:\/\/www.krafthand.de\/truck\/artikel\/volvo-e-trucks-im-wintertest-die-batterien-im-temperaturfenster-halten-30641\/#primaryimage"},"image":{"@id":"https:\/\/www.krafthand.de\/truck\/artikel\/volvo-e-trucks-im-wintertest-die-batterien-im-temperaturfenster-halten-30641\/#primaryimage"},"thumbnailUrl":"https:\/\/static.krafthand-truck.de\/uploads\/2021\/12\/Volvo_Truck_Wintertest_FH_Elektrik.jpg","datePublished":"2021-12-14T14:57:36+00:00","dateModified":"2021-12-15T09:17:18+00:00","author":{"@id":"https:\/\/www.krafthand.de\/truck\/#\/schema\/person\/51fa80b1c57034c4bf63f9f988fc24ce"},"description":"In der kalten Jahreszeit schw\u00e4cheln Batterieblocks von E-Fahrzeugen. Um dem vorzubeugen hat Volvo Trucks k\u00fcrzlich seine Elektro-Lkw bei extremer K\u00e4lte in Nordschweden, in der N\u00e4he des Polarkreises, getestet. Eine sogenannte 'Ready to Run'-Einrichtung soll je nach Bedarf das Fahrzeug auf den Arbeitstag vorbereiten, indem sie die Batterien vorheizt.","breadcrumb":{"@id":"https:\/\/www.krafthand.de\/truck\/artikel\/volvo-e-trucks-im-wintertest-die-batterien-im-temperaturfenster-halten-30641\/#breadcrumb"},"inLanguage":"de","potentialAction":[{"@type":"ReadAction","target":["https:\/\/www.krafthand.de\/truck\/artikel\/volvo-e-trucks-im-wintertest-die-batterien-im-temperaturfenster-halten-30641\/"]}]},{"@type":"ImageObject","inLanguage":"de","@id":"https:\/\/www.krafthand.de\/truck\/artikel\/volvo-e-trucks-im-wintertest-die-batterien-im-temperaturfenster-halten-30641\/#primaryimage","url":"https:\/\/static.krafthand-truck.de\/uploads\/2021\/12\/Volvo_Truck_Wintertest_FH_Elektrik.jpg","contentUrl":"https:\/\/static.krafthand-truck.de\/uploads\/2021\/12\/Volvo_Truck_Wintertest_FH_Elektrik.jpg","width":1200,"height":711},{"@type":"BreadcrumbList","@id":"https:\/\/www.krafthand.de\/truck\/artikel\/volvo-e-trucks-im-wintertest-die-batterien-im-temperaturfenster-halten-30641\/#breadcrumb","itemListElement":[{"@type":"ListItem","position":1,"name":"Krafthand-Truck","item":"https:\/\/www.krafthand.de\/truck\/"},{"@type":"ListItem","position":2,"name":"IT+Fuhrpark","item":"https:\/\/www.krafthand.de\/truck\/kategorie\/fuhrpark\/"},{"@type":"ListItem","position":3,"name":"Neue Fahrzeuge","item":"https:\/\/www.krafthand.de\/truck\/kategorie\/fuhrpark\/neue-fahrzeuge\/"},{"@type":"ListItem","position":4,"name":"Volvo-E-Trucks im Wintertest: Die Batterien im Temperaturfenster halten"}]},{"@type":"WebSite","@id":"https:\/\/www.krafthand.de\/truck\/#website","url":"https:\/\/www.krafthand.de\/truck\/","name":"Krafthand-Truck","description":"","potentialAction":[{"@type":"SearchAction","target":{"@type":"EntryPoint","urlTemplate":"https:\/\/www.krafthand.de\/truck\/?s={search_term_string}"},"query-input":{"@type":"PropertyValueSpecification","valueRequired":true,"valueName":"search_term_string"}}],"inLanguage":"de"},{"@type":"Person","@id":"https:\/\/www.krafthand.de\/truck\/#\/schema\/person\/51fa80b1c57034c4bf63f9f988fc24ce","name":"georg.blenk@krafthand-medien.de","image":{"@type":"ImageObject","inLanguage":"de","@id":"https:\/\/secure.gravatar.com\/avatar\/93713c30affe0aa95d3a4130e499bb1abee2eb31adbdd9ce2aa1543538490215?s=96&d=mm&r=g","url":"https:\/\/secure.gravatar.com\/avatar\/93713c30affe0aa95d3a4130e499bb1abee2eb31adbdd9ce2aa1543538490215?s=96&d=mm&r=g","contentUrl":"https:\/\/secure.gravatar.com\/avatar\/93713c30affe0aa95d3a4130e499bb1abee2eb31adbdd9ce2aa1543538490215?s=96&d=mm&r=g","caption":"georg.blenk@krafthand-medien.de"}}]}},"_links":{"self":[{"href":"https:\/\/www.krafthand.de\/truck\/wp-json\/wp\/v2\/posts\/30641","targetHints":{"allow":["GET"]}}],"collection":[{"href":"https:\/\/www.krafthand.de\/truck\/wp-json\/wp\/v2\/posts"}],"about":[{"href":"https:\/\/www.krafthand.de\/truck\/wp-json\/wp\/v2\/types\/post"}],"author":[{"embeddable":true,"href":"https:\/\/www.krafthand.de\/truck\/wp-json\/wp\/v2\/users\/9"}],"replies":[{"embeddable":true,"href":"https:\/\/www.krafthand.de\/truck\/wp-json\/wp\/v2\/comments?post=30641"}],"version-history":[{"count":15,"href":"https:\/\/www.krafthand.de\/truck\/wp-json\/wp\/v2\/posts\/30641\/revisions"}],"predecessor-version":[{"id":30658,"href":"https:\/\/www.krafthand.de\/truck\/wp-json\/wp\/v2\/posts\/30641\/revisions\/30658"}],"wp:featuredmedia":[{"embeddable":true,"href":"https:\/\/www.krafthand.de\/truck\/wp-json\/wp\/v2\/media\/30647"}],"wp:attachment":[{"href":"https:\/\/www.krafthand.de\/truck\/wp-json\/wp\/v2\/media?parent=30641"}],"wp:term":[{"taxonomy":"category","embeddable":true,"href":"https:\/\/www.krafthand.de\/truck\/wp-json\/wp\/v2\/categories?post=30641"},{"taxonomy":"post_tag","embeddable":true,"href":"https:\/\/www.krafthand.de\/truck\/wp-json\/wp\/v2\/tags?post=30641"},{"taxonomy":"settings","embeddable":true,"href":"https:\/\/www.krafthand.de\/truck\/wp-json\/wp\/v2\/settings?post=30641"}],"curies":[{"name":"wp","href":"https:\/\/api.w.org\/{rel}","templated":true}]}}