{"id":30627,"date":"2021-12-13T12:47:28","date_gmt":"2021-12-13T11:47:28","guid":{"rendered":"https:\/\/www.krafthand.de\/truck\/?p=30627"},"modified":"2021-12-13T12:49:12","modified_gmt":"2021-12-13T11:49:12","slug":"deutscher-telematik-preis-idem-telematics-mehrfach-ausgezeichnet","status":"publish","type":"post","link":"https:\/\/www.krafthand.de\/truck\/artikel\/deutscher-telematik-preis-idem-telematics-mehrfach-ausgezeichnet-30627\/","title":{"rendered":"Deutscher Telematik-Preis: Idem Telematics mehrfach ausgezeichnet"},"content":{"rendered":"<p>Der Deutsche Telematik Preis gilt als begehrte Auszeichnung f\u00fcr Transport-Telematik-Systeme. Jetzt hat die BPW-Tochter Idem Telematics den 1. Platz in zwei Kategorien und einen 2. Platz einer weiteren Kategorie geholt.<\/p>\n<p>Im Grunde geht es darum, in wieweit eine Hardware inklusive Softwareanwendung den Disponenten bei seiner t\u00e4glichen Arbeit unterst\u00fctzt. Wieviele Mausklicks werden ben\u00f6tigt, um eine bestimmte Information \u00fcber ein Fahrzeug oder einen Transportauftrag abzurufen, wie nutzerfreundlich werden Funktionen und Informationen dargestellt? Heinz-Leo Dudek, Professor und Studiengangleiter der Universit\u00e4t Ravensburg hat gemeinsam mit einer Jury, zusammengesetzt aus Branchenexperten,\u00a0 entsprechende Telematiksysteme untersucht. Es galten dabei nicht nur die Angaben auf dem Papier, vielmehr mussten\u00a0 die Hersteller auch live demonstrieren, was sie versprechen. Aus Sicht von <a href=\"https:\/\/www.idemtelematics.com\/de\/\" target=\"_blank\" rel=\"noopener\">Idem Telematics<\/a> lief die Beurteilung mehr als gut. Man konnte in den Kategorien Trailer-\/Wechselbr\u00fcckentechnik sowie Fahrzeugtechnik den ersten Preis und in der Kategorie Ortung\/Tracking den 2. Preis gewinnen.<\/p>\n<h3>Das Produkt<\/h3>\n<p>Idem telematics liefert mit der TC Trailer Gateway-Produktfamilie eine Telematik-Hardware, die alle denkbaren Transportprozesse unterst\u00fctzt und dabei einfach zu installieren ist. Robuste Drahtlos-Standards ersetzen den Kabelsalat, eine App unterst\u00fctzt bei der Installation. Das dazugeh\u00f6rige Telematik-Portal Cargofleet3 wurde eigenen Angaben zufolge im Funktionsumfang erweitert und zugleich nutzerfreundlicher gestaltet. Als systemoffene Plattform integriert sie auch Dritt- und Konkurrenzsysteme.<\/p>\n<h3>KI und neuronale Netze<\/h3>\n<p>Die Entwickler von Idem telematicsbefassen sich bereits mit dem Einsatz K\u00fcnstlicher Intelligenz, Digitalen Zwillingen sowie neuronalen Netzen \u2013 etwa mit dem Ziel, starre Wartungsintervalle durch eine vorausschauende, zustandsorientierte Instandhaltung (\u201e<a href=\"https:\/\/www.krafthand.de\/truck\/artikel\/predictive-maintenance-reagieren-bevor-ein-fehler-auftritt-27881\/\" target=\"_blank\" rel=\"noopener\">predictive maintenance<\/a>\u201c) abzul\u00f6sen.<\/p>\n<blockquote><p>\u201eUnser Ziel ist es, Telematik f\u00fcr alle zug\u00e4nglich zu machen \u2013 f\u00fcr alle Unternehmensgr\u00f6\u00dfen, Gesch\u00e4ftsmodelle und f\u00fcr alle Fahrzeugtypen im Transport. Durch die neue Hardware-Generation und die konkurrenzlos einfache Bedienbarkeit haben wir auf diesem Weg einen gro\u00dfen Sprung nach vorn gemacht; dies spiegelt sich im Testergebnis des Deutschen Telematik Preises, aber gerade auch im Auftragseingang wieder. Besonders freut uns, dass idem telematics zunehmend auch als herstellerunabh\u00e4ngiger Partner f\u00fcr die Vernetzung von Trucks und Transportern anerkannt wird. F\u00fcr 2022 bereiten wir starke Innovationen vor, durch die wir unsere Position als europ\u00e4ischer Marktf\u00fchrer weiter ausbauen wollen&#8220;, so Jens Zeller, Gesch\u00e4ftsf\u00fchrer von Idem Telematics.<\/p><\/blockquote>\n<p><strong>Image-Video: Cargofleet3<\/strong><\/p>\n<div class=\"brlbs-cmpnt-container brlbs-cmpnt-content-blocker brlbs-cmpnt-with-individual-styles\" data-borlabs-cookie-content-blocker-id=\"youtube-content-blocker\" data-borlabs-cookie-content=\"PGlmcmFtZSB0aXRsZT0iaWRlbSB0ZWxlbWF0aWNzIGNhcmdvZmxlZXQgMyBQbGF0dGZvcm0iIHdpZHRoPSI2NjUiIGhlaWdodD0iMzc0IiBzcmM9Imh0dHBzOi8vd3d3LnlvdXR1YmUtbm9jb29raWUuY29tL2VtYmVkL25GUkk5cWZtV0xjP2ZlYXR1cmU9b2VtYmVkIiBmcmFtZWJvcmRlcj0iMCIgYWxsb3c9ImFjY2VsZXJvbWV0ZXI7IGF1dG9wbGF5OyBjbGlwYm9hcmQtd3JpdGU7IGVuY3J5cHRlZC1tZWRpYTsgZ3lyb3Njb3BlOyBwaWN0dXJlLWluLXBpY3R1cmU7IHdlYi1zaGFyZSIgcmVmZXJyZXJwb2xpY3k9InN0cmljdC1vcmlnaW4td2hlbi1jcm9zcy1vcmlnaW4iIGFsbG93ZnVsbHNjcmVlbj48L2lmcmFtZT4=\">\n<div class=\"brlbs-cmpnt-cb-preset-c brlbs-cmpnt-cb-youtube\">\n<div class=\"brlbs-cmpnt-cb-thumbnail\" style=\"background-image: url('https:\/\/static.krafthand-truck.de\/uploads\/borlabs-cookie\/1\/yt_nFRI9qfmWLc_hqdefault.jpg')\"><\/div>\n<div class=\"brlbs-cmpnt-cb-main\">\n<div class=\"brlbs-cmpnt-cb-play-button\"><\/div>\n<div class=\"brlbs-cmpnt-cb-content\">\n<p class=\"brlbs-cmpnt-cb-description\">Sie sehen gerade einen Platzhalterinhalt von <strong>YouTube<\/strong>. Um auf den eigentlichen Inhalt zuzugreifen, klicken Sie auf die Schaltfl\u00e4che unten. Bitte beachten Sie, dass dabei Daten an Drittanbieter weitergegeben werden.<\/p>\n<p> <a class=\"brlbs-cmpnt-cb-provider-toggle\" href=\"#\" data-borlabs-cookie-show-provider-information role=\"button\">Mehr Informationen<\/a> <\/div>\n<div class=\"brlbs-cmpnt-cb-buttons\"> <a class=\"brlbs-cmpnt-cb-btn\" href=\"#\" data-borlabs-cookie-unblock role=\"button\">Inhalt entsperren<\/a> <a class=\"brlbs-cmpnt-cb-btn\" href=\"#\" data-borlabs-cookie-accept-service role=\"button\" style=\"display: inherit\">Erforderlichen Service akzeptieren und Inhalte entsperren<\/a> <\/div>\n<\/p><\/div>\n<\/p><\/div>\n<\/div>\n<p>&nbsp;<\/p>\n","protected":false},"excerpt":{"rendered":"<p>Der Deutsche Telematik Preis gilt als begehrte Auszeichnung f\u00fcr Transport-Telematik-Systeme. Jetzt hat die BPW-Tochter Idem Telematics den 1. Platz in zwei Kategorien und einen 2. Platz einer weiteren Kategorie geholt. <span class=\"excerpt-more__dots\">&#8230;<\/span> <a class=\"excerpt-more__link\" href=\"https:\/\/www.krafthand.de\/truck\/artikel\/deutscher-telematik-preis-idem-telematics-mehrfach-ausgezeichnet-30627\/\" >weiter<\/a><\/p>\n","protected":false},"author":9,"featured_media":30636,"comment_status":"closed","ping_status":"closed","sticky":false,"template":"","format":"standard","meta":{"footnotes":""},"categories":[4230,4233],"tags":[173,4962,4963,4816,4964],"settings":[3523],"class_list":["post-30627","post","type-post","status-publish","format-standard","has-post-thumbnail","hentry","category-fuhrpark","category-navigation","tag-bpw","tag-deutscher-telematik-preis","tag-dtp","tag-idem-telematics","tag-jens-zeller"],"yoast_head":"<!-- This site is optimized with the Yoast SEO plugin v27.3 - https:\/\/yoast.com\/product\/yoast-seo-wordpress\/ -->\n<title>Idem Telematics wird mit Deutschem Telematik Preis ausgezweichnet<\/title>\n<meta name=\"description\" content=\"Der Deutsche Telematik Preis gilt als begehrte Auszeichnung f\u00fcr Transport-Telematik-Systeme. Jetzt hat die BPW-Tochter Idem Telematics den 1. Platz in zwei Kategorien und einen 2. Platz einer weiteren Kategorie geholt.\" \/>\n<meta name=\"robots\" content=\"index, follow, max-snippet:-1, max-image-preview:large, max-video-preview:-1\" \/>\n<link rel=\"canonical\" href=\"https:\/\/www.krafthand.de\/truck\/artikel\/deutscher-telematik-preis-idem-telematics-mehrfach-ausgezeichnet-30627\/\" \/>\n<meta property=\"og:locale\" content=\"de_DE\" \/>\n<meta property=\"og:type\" content=\"article\" \/>\n<meta property=\"og:title\" content=\"Idem Telematics wird mit Deutschem Telematik Preis ausgezweichnet\" \/>\n<meta property=\"og:description\" content=\"Der Deutsche Telematik Preis gilt als begehrte Auszeichnung f\u00fcr Transport-Telematik-Systeme. Jetzt hat die BPW-Tochter Idem Telematics den 1. Platz in zwei Kategorien und einen 2. Platz einer weiteren Kategorie geholt.\" \/>\n<meta property=\"og:url\" content=\"https:\/\/www.krafthand-truck.de\/artikel\/deutscher-telematik-preis-idem-telematics-mehrfach-ausgezeichnet-30627\/\" \/>\n<meta property=\"og:site_name\" content=\"Krafthand-Truck\" \/>\n<meta property=\"article:published_time\" content=\"2021-12-13T11:47:28+00:00\" \/>\n<meta property=\"article:modified_time\" content=\"2021-12-13T11:49:12+00:00\" \/>\n<meta property=\"og:image\" content=\"https:\/\/static.krafthand-truck.de\/uploads\/2021\/12\/idemtelematics_DTP_Gewinn_Krafthand_Truck_Jens_Zeller_BPW.jpg\" \/>\n\t<meta property=\"og:image:width\" content=\"1200\" \/>\n\t<meta property=\"og:image:height\" content=\"900\" \/>\n\t<meta property=\"og:image:type\" content=\"image\/jpeg\" \/>\n<meta name=\"author\" content=\"georg.blenk@krafthand-medien.de\" \/>\n<meta name=\"twitter:card\" content=\"summary_large_image\" \/>\n<meta name=\"twitter:label1\" content=\"Verfasst von\" \/>\n\t<meta name=\"twitter:data1\" content=\"georg.blenk@krafthand-medien.de\" \/>\n\t<meta name=\"twitter:label2\" content=\"Gesch\u00e4tzte Lesezeit\" \/>\n\t<meta name=\"twitter:data2\" content=\"2\u00a0Minuten\" \/>\n<script type=\"application\/ld+json\" class=\"yoast-schema-graph\">{\"@context\":\"https:\\\/\\\/schema.org\",\"@graph\":[{\"@type\":\"Article\",\"@id\":\"https:\\\/\\\/www.krafthand.de\\\/truck\\\/artikel\\\/deutscher-telematik-preis-idem-telematics-mehrfach-ausgezeichnet-30627\\\/#article\",\"isPartOf\":{\"@id\":\"https:\\\/\\\/www.krafthand.de\\\/truck\\\/artikel\\\/deutscher-telematik-preis-idem-telematics-mehrfach-ausgezeichnet-30627\\\/\"},\"author\":{\"name\":\"georg.blenk@krafthand-medien.de\",\"@id\":\"https:\\\/\\\/www.krafthand.de\\\/truck\\\/#\\\/schema\\\/person\\\/51fa80b1c57034c4bf63f9f988fc24ce\"},\"headline\":\"Deutscher Telematik-Preis: Idem Telematics mehrfach ausgezeichnet\",\"datePublished\":\"2021-12-13T11:47:28+00:00\",\"dateModified\":\"2021-12-13T11:49:12+00:00\",\"mainEntityOfPage\":{\"@id\":\"https:\\\/\\\/www.krafthand.de\\\/truck\\\/artikel\\\/deutscher-telematik-preis-idem-telematics-mehrfach-ausgezeichnet-30627\\\/\"},\"wordCount\":370,\"image\":{\"@id\":\"https:\\\/\\\/www.krafthand.de\\\/truck\\\/artikel\\\/deutscher-telematik-preis-idem-telematics-mehrfach-ausgezeichnet-30627\\\/#primaryimage\"},\"thumbnailUrl\":\"https:\\\/\\\/static.krafthand-truck.de\\\/uploads\\\/2021\\\/12\\\/idemtelematics_DTP_Gewinn_Krafthand_Truck_Jens_Zeller_BPW.jpg\",\"keywords\":[\"BPW\",\"Deutscher Telematik Preis\",\"DTP\",\"Idem Telematics\",\"Jens Zeller\"],\"articleSection\":[\"IT+Fuhrpark\",\"Telematik \\\/ Navigation\"],\"inLanguage\":\"de\"},{\"@type\":\"WebPage\",\"@id\":\"https:\\\/\\\/www.krafthand.de\\\/truck\\\/artikel\\\/deutscher-telematik-preis-idem-telematics-mehrfach-ausgezeichnet-30627\\\/\",\"url\":\"https:\\\/\\\/www.krafthand.de\\\/truck\\\/artikel\\\/deutscher-telematik-preis-idem-telematics-mehrfach-ausgezeichnet-30627\\\/\",\"name\":\"Idem Telematics wird mit Deutschem Telematik Preis ausgezweichnet\",\"isPartOf\":{\"@id\":\"https:\\\/\\\/www.krafthand.de\\\/truck\\\/#website\"},\"primaryImageOfPage\":{\"@id\":\"https:\\\/\\\/www.krafthand.de\\\/truck\\\/artikel\\\/deutscher-telematik-preis-idem-telematics-mehrfach-ausgezeichnet-30627\\\/#primaryimage\"},\"image\":{\"@id\":\"https:\\\/\\\/www.krafthand.de\\\/truck\\\/artikel\\\/deutscher-telematik-preis-idem-telematics-mehrfach-ausgezeichnet-30627\\\/#primaryimage\"},\"thumbnailUrl\":\"https:\\\/\\\/static.krafthand-truck.de\\\/uploads\\\/2021\\\/12\\\/idemtelematics_DTP_Gewinn_Krafthand_Truck_Jens_Zeller_BPW.jpg\",\"datePublished\":\"2021-12-13T11:47:28+00:00\",\"dateModified\":\"2021-12-13T11:49:12+00:00\",\"author\":{\"@id\":\"https:\\\/\\\/www.krafthand.de\\\/truck\\\/#\\\/schema\\\/person\\\/51fa80b1c57034c4bf63f9f988fc24ce\"},\"description\":\"Der Deutsche Telematik Preis gilt als begehrte Auszeichnung f\u00fcr Transport-Telematik-Systeme. Jetzt hat die BPW-Tochter Idem Telematics den 1. Platz in zwei Kategorien und einen 2. Platz einer weiteren Kategorie geholt.\",\"breadcrumb\":{\"@id\":\"https:\\\/\\\/www.krafthand.de\\\/truck\\\/artikel\\\/deutscher-telematik-preis-idem-telematics-mehrfach-ausgezeichnet-30627\\\/#breadcrumb\"},\"inLanguage\":\"de\",\"potentialAction\":[{\"@type\":\"ReadAction\",\"target\":[\"https:\\\/\\\/www.krafthand.de\\\/truck\\\/artikel\\\/deutscher-telematik-preis-idem-telematics-mehrfach-ausgezeichnet-30627\\\/\"]}]},{\"@type\":\"ImageObject\",\"inLanguage\":\"de\",\"@id\":\"https:\\\/\\\/www.krafthand.de\\\/truck\\\/artikel\\\/deutscher-telematik-preis-idem-telematics-mehrfach-ausgezeichnet-30627\\\/#primaryimage\",\"url\":\"https:\\\/\\\/static.krafthand-truck.de\\\/uploads\\\/2021\\\/12\\\/idemtelematics_DTP_Gewinn_Krafthand_Truck_Jens_Zeller_BPW.jpg\",\"contentUrl\":\"https:\\\/\\\/static.krafthand-truck.de\\\/uploads\\\/2021\\\/12\\\/idemtelematics_DTP_Gewinn_Krafthand_Truck_Jens_Zeller_BPW.jpg\",\"width\":1200,\"height\":900},{\"@type\":\"BreadcrumbList\",\"@id\":\"https:\\\/\\\/www.krafthand.de\\\/truck\\\/artikel\\\/deutscher-telematik-preis-idem-telematics-mehrfach-ausgezeichnet-30627\\\/#breadcrumb\",\"itemListElement\":[{\"@type\":\"ListItem\",\"position\":1,\"name\":\"Krafthand-Truck\",\"item\":\"https:\\\/\\\/www.krafthand.de\\\/truck\\\/\"},{\"@type\":\"ListItem\",\"position\":2,\"name\":\"IT+Fuhrpark\",\"item\":\"https:\\\/\\\/www.krafthand.de\\\/truck\\\/kategorie\\\/fuhrpark\\\/\"},{\"@type\":\"ListItem\",\"position\":3,\"name\":\"Telematik \\\/ Navigation\",\"item\":\"https:\\\/\\\/www.krafthand.de\\\/truck\\\/kategorie\\\/fuhrpark\\\/navigation\\\/\"},{\"@type\":\"ListItem\",\"position\":4,\"name\":\"Deutscher Telematik-Preis: Idem Telematics mehrfach ausgezeichnet\"}]},{\"@type\":\"WebSite\",\"@id\":\"https:\\\/\\\/www.krafthand.de\\\/truck\\\/#website\",\"url\":\"https:\\\/\\\/www.krafthand.de\\\/truck\\\/\",\"name\":\"Krafthand-Truck\",\"description\":\"\",\"potentialAction\":[{\"@type\":\"SearchAction\",\"target\":{\"@type\":\"EntryPoint\",\"urlTemplate\":\"https:\\\/\\\/www.krafthand.de\\\/truck\\\/?s={search_term_string}\"},\"query-input\":{\"@type\":\"PropertyValueSpecification\",\"valueRequired\":true,\"valueName\":\"search_term_string\"}}],\"inLanguage\":\"de\"},{\"@type\":\"Person\",\"@id\":\"https:\\\/\\\/www.krafthand.de\\\/truck\\\/#\\\/schema\\\/person\\\/51fa80b1c57034c4bf63f9f988fc24ce\",\"name\":\"georg.blenk@krafthand-medien.de\",\"image\":{\"@type\":\"ImageObject\",\"inLanguage\":\"de\",\"@id\":\"https:\\\/\\\/secure.gravatar.com\\\/avatar\\\/93713c30affe0aa95d3a4130e499bb1abee2eb31adbdd9ce2aa1543538490215?s=96&d=mm&r=g\",\"url\":\"https:\\\/\\\/secure.gravatar.com\\\/avatar\\\/93713c30affe0aa95d3a4130e499bb1abee2eb31adbdd9ce2aa1543538490215?s=96&d=mm&r=g\",\"contentUrl\":\"https:\\\/\\\/secure.gravatar.com\\\/avatar\\\/93713c30affe0aa95d3a4130e499bb1abee2eb31adbdd9ce2aa1543538490215?s=96&d=mm&r=g\",\"caption\":\"georg.blenk@krafthand-medien.de\"}}]}<\/script>\n<!-- \/ Yoast SEO plugin. -->","yoast_head_json":{"title":"Idem Telematics wird mit Deutschem Telematik Preis ausgezweichnet","description":"Der Deutsche Telematik Preis gilt als begehrte Auszeichnung f\u00fcr Transport-Telematik-Systeme. Jetzt hat die BPW-Tochter Idem Telematics den 1. Platz in zwei Kategorien und einen 2. Platz einer weiteren Kategorie geholt.","robots":{"index":"index","follow":"follow","max-snippet":"max-snippet:-1","max-image-preview":"max-image-preview:large","max-video-preview":"max-video-preview:-1"},"canonical":"https:\/\/www.krafthand.de\/truck\/artikel\/deutscher-telematik-preis-idem-telematics-mehrfach-ausgezeichnet-30627\/","og_locale":"de_DE","og_type":"article","og_title":"Idem Telematics wird mit Deutschem Telematik Preis ausgezweichnet","og_description":"Der Deutsche Telematik Preis gilt als begehrte Auszeichnung f\u00fcr Transport-Telematik-Systeme. Jetzt hat die BPW-Tochter Idem Telematics den 1. Platz in zwei Kategorien und einen 2. Platz einer weiteren Kategorie geholt.","og_url":"https:\/\/www.krafthand-truck.de\/artikel\/deutscher-telematik-preis-idem-telematics-mehrfach-ausgezeichnet-30627\/","og_site_name":"Krafthand-Truck","article_published_time":"2021-12-13T11:47:28+00:00","article_modified_time":"2021-12-13T11:49:12+00:00","og_image":[{"width":1200,"height":900,"url":"https:\/\/static.krafthand-truck.de\/uploads\/2021\/12\/idemtelematics_DTP_Gewinn_Krafthand_Truck_Jens_Zeller_BPW.jpg","type":"image\/jpeg"}],"author":"georg.blenk@krafthand-medien.de","twitter_card":"summary_large_image","twitter_misc":{"Verfasst von":"georg.blenk@krafthand-medien.de","Gesch\u00e4tzte Lesezeit":"2\u00a0Minuten"},"schema":{"@context":"https:\/\/schema.org","@graph":[{"@type":"Article","@id":"https:\/\/www.krafthand.de\/truck\/artikel\/deutscher-telematik-preis-idem-telematics-mehrfach-ausgezeichnet-30627\/#article","isPartOf":{"@id":"https:\/\/www.krafthand.de\/truck\/artikel\/deutscher-telematik-preis-idem-telematics-mehrfach-ausgezeichnet-30627\/"},"author":{"name":"georg.blenk@krafthand-medien.de","@id":"https:\/\/www.krafthand.de\/truck\/#\/schema\/person\/51fa80b1c57034c4bf63f9f988fc24ce"},"headline":"Deutscher Telematik-Preis: Idem Telematics mehrfach ausgezeichnet","datePublished":"2021-12-13T11:47:28+00:00","dateModified":"2021-12-13T11:49:12+00:00","mainEntityOfPage":{"@id":"https:\/\/www.krafthand.de\/truck\/artikel\/deutscher-telematik-preis-idem-telematics-mehrfach-ausgezeichnet-30627\/"},"wordCount":370,"image":{"@id":"https:\/\/www.krafthand.de\/truck\/artikel\/deutscher-telematik-preis-idem-telematics-mehrfach-ausgezeichnet-30627\/#primaryimage"},"thumbnailUrl":"https:\/\/static.krafthand-truck.de\/uploads\/2021\/12\/idemtelematics_DTP_Gewinn_Krafthand_Truck_Jens_Zeller_BPW.jpg","keywords":["BPW","Deutscher Telematik Preis","DTP","Idem Telematics","Jens Zeller"],"articleSection":["IT+Fuhrpark","Telematik \/ Navigation"],"inLanguage":"de"},{"@type":"WebPage","@id":"https:\/\/www.krafthand.de\/truck\/artikel\/deutscher-telematik-preis-idem-telematics-mehrfach-ausgezeichnet-30627\/","url":"https:\/\/www.krafthand.de\/truck\/artikel\/deutscher-telematik-preis-idem-telematics-mehrfach-ausgezeichnet-30627\/","name":"Idem Telematics wird mit Deutschem Telematik Preis ausgezweichnet","isPartOf":{"@id":"https:\/\/www.krafthand.de\/truck\/#website"},"primaryImageOfPage":{"@id":"https:\/\/www.krafthand.de\/truck\/artikel\/deutscher-telematik-preis-idem-telematics-mehrfach-ausgezeichnet-30627\/#primaryimage"},"image":{"@id":"https:\/\/www.krafthand.de\/truck\/artikel\/deutscher-telematik-preis-idem-telematics-mehrfach-ausgezeichnet-30627\/#primaryimage"},"thumbnailUrl":"https:\/\/static.krafthand-truck.de\/uploads\/2021\/12\/idemtelematics_DTP_Gewinn_Krafthand_Truck_Jens_Zeller_BPW.jpg","datePublished":"2021-12-13T11:47:28+00:00","dateModified":"2021-12-13T11:49:12+00:00","author":{"@id":"https:\/\/www.krafthand.de\/truck\/#\/schema\/person\/51fa80b1c57034c4bf63f9f988fc24ce"},"description":"Der Deutsche Telematik Preis gilt als begehrte Auszeichnung f\u00fcr Transport-Telematik-Systeme. Jetzt hat die BPW-Tochter Idem Telematics den 1. Platz in zwei Kategorien und einen 2. Platz einer weiteren Kategorie geholt.","breadcrumb":{"@id":"https:\/\/www.krafthand.de\/truck\/artikel\/deutscher-telematik-preis-idem-telematics-mehrfach-ausgezeichnet-30627\/#breadcrumb"},"inLanguage":"de","potentialAction":[{"@type":"ReadAction","target":["https:\/\/www.krafthand.de\/truck\/artikel\/deutscher-telematik-preis-idem-telematics-mehrfach-ausgezeichnet-30627\/"]}]},{"@type":"ImageObject","inLanguage":"de","@id":"https:\/\/www.krafthand.de\/truck\/artikel\/deutscher-telematik-preis-idem-telematics-mehrfach-ausgezeichnet-30627\/#primaryimage","url":"https:\/\/static.krafthand-truck.de\/uploads\/2021\/12\/idemtelematics_DTP_Gewinn_Krafthand_Truck_Jens_Zeller_BPW.jpg","contentUrl":"https:\/\/static.krafthand-truck.de\/uploads\/2021\/12\/idemtelematics_DTP_Gewinn_Krafthand_Truck_Jens_Zeller_BPW.jpg","width":1200,"height":900},{"@type":"BreadcrumbList","@id":"https:\/\/www.krafthand.de\/truck\/artikel\/deutscher-telematik-preis-idem-telematics-mehrfach-ausgezeichnet-30627\/#breadcrumb","itemListElement":[{"@type":"ListItem","position":1,"name":"Krafthand-Truck","item":"https:\/\/www.krafthand.de\/truck\/"},{"@type":"ListItem","position":2,"name":"IT+Fuhrpark","item":"https:\/\/www.krafthand.de\/truck\/kategorie\/fuhrpark\/"},{"@type":"ListItem","position":3,"name":"Telematik \/ Navigation","item":"https:\/\/www.krafthand.de\/truck\/kategorie\/fuhrpark\/navigation\/"},{"@type":"ListItem","position":4,"name":"Deutscher Telematik-Preis: Idem Telematics mehrfach ausgezeichnet"}]},{"@type":"WebSite","@id":"https:\/\/www.krafthand.de\/truck\/#website","url":"https:\/\/www.krafthand.de\/truck\/","name":"Krafthand-Truck","description":"","potentialAction":[{"@type":"SearchAction","target":{"@type":"EntryPoint","urlTemplate":"https:\/\/www.krafthand.de\/truck\/?s={search_term_string}"},"query-input":{"@type":"PropertyValueSpecification","valueRequired":true,"valueName":"search_term_string"}}],"inLanguage":"de"},{"@type":"Person","@id":"https:\/\/www.krafthand.de\/truck\/#\/schema\/person\/51fa80b1c57034c4bf63f9f988fc24ce","name":"georg.blenk@krafthand-medien.de","image":{"@type":"ImageObject","inLanguage":"de","@id":"https:\/\/secure.gravatar.com\/avatar\/93713c30affe0aa95d3a4130e499bb1abee2eb31adbdd9ce2aa1543538490215?s=96&d=mm&r=g","url":"https:\/\/secure.gravatar.com\/avatar\/93713c30affe0aa95d3a4130e499bb1abee2eb31adbdd9ce2aa1543538490215?s=96&d=mm&r=g","contentUrl":"https:\/\/secure.gravatar.com\/avatar\/93713c30affe0aa95d3a4130e499bb1abee2eb31adbdd9ce2aa1543538490215?s=96&d=mm&r=g","caption":"georg.blenk@krafthand-medien.de"}}]}},"_links":{"self":[{"href":"https:\/\/www.krafthand.de\/truck\/wp-json\/wp\/v2\/posts\/30627","targetHints":{"allow":["GET"]}}],"collection":[{"href":"https:\/\/www.krafthand.de\/truck\/wp-json\/wp\/v2\/posts"}],"about":[{"href":"https:\/\/www.krafthand.de\/truck\/wp-json\/wp\/v2\/types\/post"}],"author":[{"embeddable":true,"href":"https:\/\/www.krafthand.de\/truck\/wp-json\/wp\/v2\/users\/9"}],"replies":[{"embeddable":true,"href":"https:\/\/www.krafthand.de\/truck\/wp-json\/wp\/v2\/comments?post=30627"}],"version-history":[{"count":12,"href":"https:\/\/www.krafthand.de\/truck\/wp-json\/wp\/v2\/posts\/30627\/revisions"}],"predecessor-version":[{"id":30640,"href":"https:\/\/www.krafthand.de\/truck\/wp-json\/wp\/v2\/posts\/30627\/revisions\/30640"}],"wp:featuredmedia":[{"embeddable":true,"href":"https:\/\/www.krafthand.de\/truck\/wp-json\/wp\/v2\/media\/30636"}],"wp:attachment":[{"href":"https:\/\/www.krafthand.de\/truck\/wp-json\/wp\/v2\/media?parent=30627"}],"wp:term":[{"taxonomy":"category","embeddable":true,"href":"https:\/\/www.krafthand.de\/truck\/wp-json\/wp\/v2\/categories?post=30627"},{"taxonomy":"post_tag","embeddable":true,"href":"https:\/\/www.krafthand.de\/truck\/wp-json\/wp\/v2\/tags?post=30627"},{"taxonomy":"settings","embeddable":true,"href":"https:\/\/www.krafthand.de\/truck\/wp-json\/wp\/v2\/settings?post=30627"}],"curies":[{"name":"wp","href":"https:\/\/api.w.org\/{rel}","templated":true}]}}