{"id":30614,"date":"2021-12-09T09:12:20","date_gmt":"2021-12-09T08:12:20","guid":{"rendered":"https:\/\/www.krafthand.de\/truck\/?p=30614"},"modified":"2021-12-09T15:18:34","modified_gmt":"2021-12-09T14:18:34","slug":"luisa-kettling-unterwegs-mit-dem-actros-edition-2","status":"publish","type":"post","link":"https:\/\/www.krafthand.de\/truck\/artikel\/luisa-kettling-unterwegs-mit-dem-actros-edition-2-30614\/","title":{"rendered":"Luisa Kettling: Unterwegs mit dem Actros Edition 2"},"content":{"rendered":"<p>F\u00fcr Elmar List aus Drolshagen ist die Anerkennung der Fahrerleistung extrem wichtig. <em>\u201eAuf meine Fahrerinnen und Fahrer ist Verlass\u201c<\/em>, erz\u00e4hlt der Transportunternehmer. \u201eSie kommen bei den Kunden sehr gut an und halten ihre Fahrzeuge top in Ordnung\u201c. Mehr Spa\u00df macht es mit einem modernen Truck. Daher hat List auch einen Actros Edition 2 in den Fuhrpark aufgenommen &#8211; ein Sondermodell der <a href=\"https:\/\/www.daimlertruck.com\/de\/\" target=\"_blank\" rel=\"noopener\">Daimler Truck AG<\/a>, als Zeichen der Wertsch\u00e4tzung. Gro\u00df war die Freude bei Fahrerin Luisa Kettling, die den Actros selbst aus dem Werk W\u00f6rth abholen durfte. <em>\u201eDie Edition 2 ist ein extrem sch\u00f6ner Arbeitsplatz.\u201c<\/em><\/p>\n<h3>40 Zusatzfeatures<\/h3>\n<p>Zu den Sonderumf\u00e4ngen des Actros Edition 2 geh\u00f6ren Armaturenbrett und T\u00fcrgriffe in Nappaleder, Carbonoptik f\u00fcr diverse Teile oder auch die Dachluke mit Ambientebeleuchtung. Angepasst wurde das Startmen\u00fc im Display des Multimedia Cockpits, auf der Beifahrerseite ziert der Schriftzug \u201eEdition 2\u201c auf geb\u00fcrstetem Aluminium die Br\u00fcstung. Was das Exterieur betrifft, ist beispielsweise die Sonnenblende mit vier zus\u00e4tzlichen LED-Scheinwerfern ausgestattet. Sie tr\u00e4gt ebenfalls den Schriftzug \u201eEdition 2\u201c. Die Motorhaube ist in Mondsteingrau Metallic lackiert, der Mercedes-Stern ist beleuchtet auf schwarzer Blende. Die Ziergitterapplikationen sind in Darkchrome ausgef\u00fchrt, w\u00e4hrend der Scheinwerferkranz abgedunkelt ist. Das Fahrerhaus tr\u00e4gt an beiden Seiten eine Beklebung mit Sternepattern, und auch auf der R\u00fcckseite findet sich der \u201eActros\u201c-Schriftzug. Ins Fahrerhaus f\u00fchren Edelstahlstufen.<\/p>\n<figure id=\"attachment_30619\" aria-describedby=\"caption-attachment-30619\" style=\"width: 460px\" class=\"wp-caption alignright\"><a href=\"https:\/\/static.krafthand-truck.de\/uploads\/2021\/12\/Actros_Edition2_Kippereinsatz_List_Kettling.jpg\" target=\"_blank\" rel=\"noopener\"><img fetchpriority=\"high\" decoding=\"async\" class=\"wp-image-30619\" src=\"https:\/\/static.krafthand-truck.de\/uploads\/2021\/12\/Actros_Edition2_Kippereinsatz_List_Kettling-300x202.jpg\" alt=\"Actros Edition 2 im Kippereinsatz f\u00fcr die Stahlindustrie\" width=\"460\" height=\"309\" srcset=\"https:\/\/static.krafthand-truck.de\/uploads\/2021\/12\/Actros_Edition2_Kippereinsatz_List_Kettling-300x202.jpg 300w, https:\/\/static.krafthand-truck.de\/uploads\/2021\/12\/Actros_Edition2_Kippereinsatz_List_Kettling-1024x688.jpg 1024w, https:\/\/static.krafthand-truck.de\/uploads\/2021\/12\/Actros_Edition2_Kippereinsatz_List_Kettling-768x516.jpg 768w, https:\/\/static.krafthand-truck.de\/uploads\/2021\/12\/Actros_Edition2_Kippereinsatz_List_Kettling.jpg 1200w\" sizes=\"(max-width: 460px) 100vw, 460px\" \/><\/a><figcaption id=\"caption-attachment-30619\" class=\"wp-caption-text\">Actros Edition 2 im Kippereinsatz f\u00fcr die Stahlindustrie.<\/figcaption><\/figure>\n<h3>Seit f\u00fcnf Jahren dabei<\/h3>\n<p>Luisa Kettling arbeitet seit f\u00fcnf Jahren als Berufskraftfahrerin. Mit der Edition 2 ist sie f\u00fcr die Stahlindustrie unterwegs. Mehrmals t\u00e4glich liefert sie Schlacke und Gestein aus einem Edelstahlwerk in Witten und von Hoch\u00f6fen in Duisburg auf eine Deponie nach Siegen. Die Ladung f\u00fcr den R\u00fcckweg besteht aus Recyclingmaterial und Steinen. Ein typischer Arbeitstag beginnt um 3:30 Uhr morgens, um dem Berufsverkehr zuvorzukommen. Den Fahreralltag kennt sie aus erster Hand: Ihr Gro\u00dfvater und ihr Vater waren ebenfalls beide Berufskraftfahrer. Mit deren Lkw ist jedoch die Edition 2 nicht zu vergleichen. Besonders ein Feature m\u00f6chte Luisa Kettling keinen Tag mehr missen: die <a href=\"https:\/\/www.krafthand.de\/truck\/artikel\/das-kalibrieren-der-mirror-cam-und-des-active-sideguard-assist-30142\/\" target=\"_blank\" rel=\"noopener\">MirrorCam<\/a>. \u201eDamit sehe ich einfach besser. Gerade auch bei Regen.\u201c<\/p>\n<p>Das Sondermodell Actros Edition 2 konnte seit Januar 2021 f\u00fcr alle Zwei- und Dreiachser der j\u00fcngsten Actros-Generation mit GigaSpace- und BigSpace-Fahrerhaus bestellt werden. Die Nachfrage war laut Daimler Truck jedoch so hoch, dass alle Fahrzeuge bereits verkauft sind.<\/p>\n","protected":false},"excerpt":{"rendered":"<p>F\u00fcr Elmar List aus Drolshagen ist die Anerkennung der Fahrerleistung extrem wichtig. \u201eAuf meine Fahrerinnen und Fahrer ist Verlass\u201c, erz\u00e4hlt der Transportunternehmer. \u201eSie kommen bei den Kunden sehr gut an und halten ihre Fahrzeuge top in Ordnung\u201c. Mehr Spa\u00df macht es mit einem modernen Truck. List hat daher einen Actros Edition 2 in den Fuhrpark aufgenommen &#8211; ein Sondermodell der Daimler Truck AG. <span class=\"excerpt-more__dots\">&#8230;<\/span> <a class=\"excerpt-more__link\" href=\"https:\/\/www.krafthand.de\/truck\/artikel\/luisa-kettling-unterwegs-mit-dem-actros-edition-2-30614\/\" >weiter<\/a><\/p>\n","protected":false},"author":9,"featured_media":30618,"comment_status":"closed","ping_status":"closed","sticky":false,"template":"","format":"standard","meta":{"footnotes":""},"categories":[4915],"tags":[4959,4141,4960,4961],"settings":[3524,4766,3523],"class_list":["post-30614","post","type-post","status-publish","format-standard","has-post-thumbnail","hentry","category-neue-fahrzeuge","tag-actros-edition2","tag-daimler-truck-ag","tag-elmar-list","tag-luisa-kettling"],"yoast_head":"<!-- This site is optimized with the Yoast SEO plugin v27.3 - https:\/\/yoast.com\/product\/yoast-seo-wordpress\/ -->\n<title>Der Actros Edition im Einsatz<\/title>\n<meta name=\"description\" content=\"F\u00fcr Elmar List aus Drolshagen ist die Anerkennung der Fahrerleistung extrem wichtig. \u201eAuf meine Fahrerinnen und Fahrer ist Verlass\u201c, erz\u00e4hlt der Transportunternehmer. \u201eSie kommen bei den Kunden sehr gut an und halten ihre Fahrzeuge top in Ordnung\u201c. Mehr Spa\u00df macht es mit einem modernen Truck. List hat daher einen Actros Edition 2 in den Fuhrpark aufgenommen - ein Sondermodell der Daimler Truck AG.\" \/>\n<meta name=\"robots\" content=\"index, follow, max-snippet:-1, max-image-preview:large, max-video-preview:-1\" \/>\n<link rel=\"canonical\" href=\"https:\/\/www.krafthand.de\/truck\/artikel\/luisa-kettling-unterwegs-mit-dem-actros-edition-2-30614\/\" \/>\n<meta property=\"og:locale\" content=\"de_DE\" \/>\n<meta property=\"og:type\" content=\"article\" \/>\n<meta property=\"og:title\" content=\"Der Actros Edition im Einsatz\" \/>\n<meta property=\"og:description\" content=\"F\u00fcr Elmar List aus Drolshagen ist die Anerkennung der Fahrerleistung extrem wichtig. \u201eAuf meine Fahrerinnen und Fahrer ist Verlass\u201c, erz\u00e4hlt der Transportunternehmer. \u201eSie kommen bei den Kunden sehr gut an und halten ihre Fahrzeuge top in Ordnung\u201c. Mehr Spa\u00df macht es mit einem modernen Truck. List hat daher einen Actros Edition 2 in den Fuhrpark aufgenommen - ein Sondermodell der Daimler Truck AG.\" \/>\n<meta property=\"og:url\" content=\"https:\/\/www.krafthand-truck.de\/artikel\/luisa-kettling-unterwegs-mit-dem-actros-edition-2-30614\/\" \/>\n<meta property=\"og:site_name\" content=\"Krafthand-Truck\" \/>\n<meta property=\"article:published_time\" content=\"2021-12-09T08:12:20+00:00\" \/>\n<meta property=\"article:modified_time\" content=\"2021-12-09T14:18:34+00:00\" \/>\n<meta property=\"og:image\" content=\"https:\/\/static.krafthand-truck.de\/uploads\/2021\/12\/Daimler_Truck_Actros_Editions2_Luisa_Kettling_Elmar_List.jpg\" \/>\n\t<meta property=\"og:image:width\" content=\"1200\" \/>\n\t<meta property=\"og:image:height\" content=\"648\" \/>\n\t<meta property=\"og:image:type\" content=\"image\/jpeg\" \/>\n<meta name=\"author\" content=\"georg.blenk@krafthand-medien.de\" \/>\n<meta name=\"twitter:card\" content=\"summary_large_image\" \/>\n<meta name=\"twitter:label1\" content=\"Verfasst von\" \/>\n\t<meta name=\"twitter:data1\" content=\"georg.blenk@krafthand-medien.de\" \/>\n\t<meta name=\"twitter:label2\" content=\"Gesch\u00e4tzte Lesezeit\" \/>\n\t<meta name=\"twitter:data2\" content=\"2\u00a0Minuten\" \/>\n<script type=\"application\/ld+json\" class=\"yoast-schema-graph\">{\"@context\":\"https:\\\/\\\/schema.org\",\"@graph\":[{\"@type\":\"Article\",\"@id\":\"https:\\\/\\\/www.krafthand.de\\\/truck\\\/artikel\\\/luisa-kettling-unterwegs-mit-dem-actros-edition-2-30614\\\/#article\",\"isPartOf\":{\"@id\":\"https:\\\/\\\/www.krafthand.de\\\/truck\\\/artikel\\\/luisa-kettling-unterwegs-mit-dem-actros-edition-2-30614\\\/\"},\"author\":{\"name\":\"georg.blenk@krafthand-medien.de\",\"@id\":\"https:\\\/\\\/www.krafthand.de\\\/truck\\\/#\\\/schema\\\/person\\\/51fa80b1c57034c4bf63f9f988fc24ce\"},\"headline\":\"Luisa Kettling: Unterwegs mit dem Actros Edition 2\",\"datePublished\":\"2021-12-09T08:12:20+00:00\",\"dateModified\":\"2021-12-09T14:18:34+00:00\",\"mainEntityOfPage\":{\"@id\":\"https:\\\/\\\/www.krafthand.de\\\/truck\\\/artikel\\\/luisa-kettling-unterwegs-mit-dem-actros-edition-2-30614\\\/\"},\"wordCount\":402,\"image\":{\"@id\":\"https:\\\/\\\/www.krafthand.de\\\/truck\\\/artikel\\\/luisa-kettling-unterwegs-mit-dem-actros-edition-2-30614\\\/#primaryimage\"},\"thumbnailUrl\":\"https:\\\/\\\/static.krafthand-truck.de\\\/uploads\\\/2021\\\/12\\\/Daimler_Truck_Actros_Editions2_Luisa_Kettling_Elmar_List.jpg\",\"keywords\":[\"Actros Edition2\",\"Daimler Truck AG\",\"Elmar List\",\"Luisa Kettling\"],\"articleSection\":[\"Neue Fahrzeuge\"],\"inLanguage\":\"de\"},{\"@type\":\"WebPage\",\"@id\":\"https:\\\/\\\/www.krafthand.de\\\/truck\\\/artikel\\\/luisa-kettling-unterwegs-mit-dem-actros-edition-2-30614\\\/\",\"url\":\"https:\\\/\\\/www.krafthand.de\\\/truck\\\/artikel\\\/luisa-kettling-unterwegs-mit-dem-actros-edition-2-30614\\\/\",\"name\":\"Der Actros Edition im Einsatz\",\"isPartOf\":{\"@id\":\"https:\\\/\\\/www.krafthand.de\\\/truck\\\/#website\"},\"primaryImageOfPage\":{\"@id\":\"https:\\\/\\\/www.krafthand.de\\\/truck\\\/artikel\\\/luisa-kettling-unterwegs-mit-dem-actros-edition-2-30614\\\/#primaryimage\"},\"image\":{\"@id\":\"https:\\\/\\\/www.krafthand.de\\\/truck\\\/artikel\\\/luisa-kettling-unterwegs-mit-dem-actros-edition-2-30614\\\/#primaryimage\"},\"thumbnailUrl\":\"https:\\\/\\\/static.krafthand-truck.de\\\/uploads\\\/2021\\\/12\\\/Daimler_Truck_Actros_Editions2_Luisa_Kettling_Elmar_List.jpg\",\"datePublished\":\"2021-12-09T08:12:20+00:00\",\"dateModified\":\"2021-12-09T14:18:34+00:00\",\"author\":{\"@id\":\"https:\\\/\\\/www.krafthand.de\\\/truck\\\/#\\\/schema\\\/person\\\/51fa80b1c57034c4bf63f9f988fc24ce\"},\"description\":\"F\u00fcr Elmar List aus Drolshagen ist die Anerkennung der Fahrerleistung extrem wichtig. \u201eAuf meine Fahrerinnen und Fahrer ist Verlass\u201c, erz\u00e4hlt der Transportunternehmer. \u201eSie kommen bei den Kunden sehr gut an und halten ihre Fahrzeuge top in Ordnung\u201c. Mehr Spa\u00df macht es mit einem modernen Truck. List hat daher einen Actros Edition 2 in den Fuhrpark aufgenommen - ein Sondermodell der Daimler Truck AG.\",\"breadcrumb\":{\"@id\":\"https:\\\/\\\/www.krafthand.de\\\/truck\\\/artikel\\\/luisa-kettling-unterwegs-mit-dem-actros-edition-2-30614\\\/#breadcrumb\"},\"inLanguage\":\"de\",\"potentialAction\":[{\"@type\":\"ReadAction\",\"target\":[\"https:\\\/\\\/www.krafthand.de\\\/truck\\\/artikel\\\/luisa-kettling-unterwegs-mit-dem-actros-edition-2-30614\\\/\"]}]},{\"@type\":\"ImageObject\",\"inLanguage\":\"de\",\"@id\":\"https:\\\/\\\/www.krafthand.de\\\/truck\\\/artikel\\\/luisa-kettling-unterwegs-mit-dem-actros-edition-2-30614\\\/#primaryimage\",\"url\":\"https:\\\/\\\/static.krafthand-truck.de\\\/uploads\\\/2021\\\/12\\\/Daimler_Truck_Actros_Editions2_Luisa_Kettling_Elmar_List.jpg\",\"contentUrl\":\"https:\\\/\\\/static.krafthand-truck.de\\\/uploads\\\/2021\\\/12\\\/Daimler_Truck_Actros_Editions2_Luisa_Kettling_Elmar_List.jpg\",\"width\":1200,\"height\":648},{\"@type\":\"BreadcrumbList\",\"@id\":\"https:\\\/\\\/www.krafthand.de\\\/truck\\\/artikel\\\/luisa-kettling-unterwegs-mit-dem-actros-edition-2-30614\\\/#breadcrumb\",\"itemListElement\":[{\"@type\":\"ListItem\",\"position\":1,\"name\":\"Krafthand-Truck\",\"item\":\"https:\\\/\\\/www.krafthand.de\\\/truck\\\/\"},{\"@type\":\"ListItem\",\"position\":2,\"name\":\"IT+Fuhrpark\",\"item\":\"https:\\\/\\\/www.krafthand.de\\\/truck\\\/kategorie\\\/fuhrpark\\\/\"},{\"@type\":\"ListItem\",\"position\":3,\"name\":\"Neue Fahrzeuge\",\"item\":\"https:\\\/\\\/www.krafthand.de\\\/truck\\\/kategorie\\\/fuhrpark\\\/neue-fahrzeuge\\\/\"},{\"@type\":\"ListItem\",\"position\":4,\"name\":\"Luisa Kettling: Unterwegs mit dem Actros Edition 2\"}]},{\"@type\":\"WebSite\",\"@id\":\"https:\\\/\\\/www.krafthand.de\\\/truck\\\/#website\",\"url\":\"https:\\\/\\\/www.krafthand.de\\\/truck\\\/\",\"name\":\"Krafthand-Truck\",\"description\":\"\",\"potentialAction\":[{\"@type\":\"SearchAction\",\"target\":{\"@type\":\"EntryPoint\",\"urlTemplate\":\"https:\\\/\\\/www.krafthand.de\\\/truck\\\/?s={search_term_string}\"},\"query-input\":{\"@type\":\"PropertyValueSpecification\",\"valueRequired\":true,\"valueName\":\"search_term_string\"}}],\"inLanguage\":\"de\"},{\"@type\":\"Person\",\"@id\":\"https:\\\/\\\/www.krafthand.de\\\/truck\\\/#\\\/schema\\\/person\\\/51fa80b1c57034c4bf63f9f988fc24ce\",\"name\":\"georg.blenk@krafthand-medien.de\",\"image\":{\"@type\":\"ImageObject\",\"inLanguage\":\"de\",\"@id\":\"https:\\\/\\\/secure.gravatar.com\\\/avatar\\\/93713c30affe0aa95d3a4130e499bb1abee2eb31adbdd9ce2aa1543538490215?s=96&d=mm&r=g\",\"url\":\"https:\\\/\\\/secure.gravatar.com\\\/avatar\\\/93713c30affe0aa95d3a4130e499bb1abee2eb31adbdd9ce2aa1543538490215?s=96&d=mm&r=g\",\"contentUrl\":\"https:\\\/\\\/secure.gravatar.com\\\/avatar\\\/93713c30affe0aa95d3a4130e499bb1abee2eb31adbdd9ce2aa1543538490215?s=96&d=mm&r=g\",\"caption\":\"georg.blenk@krafthand-medien.de\"}}]}<\/script>\n<!-- \/ Yoast SEO plugin. -->","yoast_head_json":{"title":"Der Actros Edition im Einsatz","description":"F\u00fcr Elmar List aus Drolshagen ist die Anerkennung der Fahrerleistung extrem wichtig. \u201eAuf meine Fahrerinnen und Fahrer ist Verlass\u201c, erz\u00e4hlt der Transportunternehmer. \u201eSie kommen bei den Kunden sehr gut an und halten ihre Fahrzeuge top in Ordnung\u201c. Mehr Spa\u00df macht es mit einem modernen Truck. List hat daher einen Actros Edition 2 in den Fuhrpark aufgenommen - ein Sondermodell der Daimler Truck AG.","robots":{"index":"index","follow":"follow","max-snippet":"max-snippet:-1","max-image-preview":"max-image-preview:large","max-video-preview":"max-video-preview:-1"},"canonical":"https:\/\/www.krafthand.de\/truck\/artikel\/luisa-kettling-unterwegs-mit-dem-actros-edition-2-30614\/","og_locale":"de_DE","og_type":"article","og_title":"Der Actros Edition im Einsatz","og_description":"F\u00fcr Elmar List aus Drolshagen ist die Anerkennung der Fahrerleistung extrem wichtig. \u201eAuf meine Fahrerinnen und Fahrer ist Verlass\u201c, erz\u00e4hlt der Transportunternehmer. \u201eSie kommen bei den Kunden sehr gut an und halten ihre Fahrzeuge top in Ordnung\u201c. Mehr Spa\u00df macht es mit einem modernen Truck. List hat daher einen Actros Edition 2 in den Fuhrpark aufgenommen - ein Sondermodell der Daimler Truck AG.","og_url":"https:\/\/www.krafthand-truck.de\/artikel\/luisa-kettling-unterwegs-mit-dem-actros-edition-2-30614\/","og_site_name":"Krafthand-Truck","article_published_time":"2021-12-09T08:12:20+00:00","article_modified_time":"2021-12-09T14:18:34+00:00","og_image":[{"width":1200,"height":648,"url":"https:\/\/static.krafthand-truck.de\/uploads\/2021\/12\/Daimler_Truck_Actros_Editions2_Luisa_Kettling_Elmar_List.jpg","type":"image\/jpeg"}],"author":"georg.blenk@krafthand-medien.de","twitter_card":"summary_large_image","twitter_misc":{"Verfasst von":"georg.blenk@krafthand-medien.de","Gesch\u00e4tzte Lesezeit":"2\u00a0Minuten"},"schema":{"@context":"https:\/\/schema.org","@graph":[{"@type":"Article","@id":"https:\/\/www.krafthand.de\/truck\/artikel\/luisa-kettling-unterwegs-mit-dem-actros-edition-2-30614\/#article","isPartOf":{"@id":"https:\/\/www.krafthand.de\/truck\/artikel\/luisa-kettling-unterwegs-mit-dem-actros-edition-2-30614\/"},"author":{"name":"georg.blenk@krafthand-medien.de","@id":"https:\/\/www.krafthand.de\/truck\/#\/schema\/person\/51fa80b1c57034c4bf63f9f988fc24ce"},"headline":"Luisa Kettling: Unterwegs mit dem Actros Edition 2","datePublished":"2021-12-09T08:12:20+00:00","dateModified":"2021-12-09T14:18:34+00:00","mainEntityOfPage":{"@id":"https:\/\/www.krafthand.de\/truck\/artikel\/luisa-kettling-unterwegs-mit-dem-actros-edition-2-30614\/"},"wordCount":402,"image":{"@id":"https:\/\/www.krafthand.de\/truck\/artikel\/luisa-kettling-unterwegs-mit-dem-actros-edition-2-30614\/#primaryimage"},"thumbnailUrl":"https:\/\/static.krafthand-truck.de\/uploads\/2021\/12\/Daimler_Truck_Actros_Editions2_Luisa_Kettling_Elmar_List.jpg","keywords":["Actros Edition2","Daimler Truck AG","Elmar List","Luisa Kettling"],"articleSection":["Neue Fahrzeuge"],"inLanguage":"de"},{"@type":"WebPage","@id":"https:\/\/www.krafthand.de\/truck\/artikel\/luisa-kettling-unterwegs-mit-dem-actros-edition-2-30614\/","url":"https:\/\/www.krafthand.de\/truck\/artikel\/luisa-kettling-unterwegs-mit-dem-actros-edition-2-30614\/","name":"Der Actros Edition im Einsatz","isPartOf":{"@id":"https:\/\/www.krafthand.de\/truck\/#website"},"primaryImageOfPage":{"@id":"https:\/\/www.krafthand.de\/truck\/artikel\/luisa-kettling-unterwegs-mit-dem-actros-edition-2-30614\/#primaryimage"},"image":{"@id":"https:\/\/www.krafthand.de\/truck\/artikel\/luisa-kettling-unterwegs-mit-dem-actros-edition-2-30614\/#primaryimage"},"thumbnailUrl":"https:\/\/static.krafthand-truck.de\/uploads\/2021\/12\/Daimler_Truck_Actros_Editions2_Luisa_Kettling_Elmar_List.jpg","datePublished":"2021-12-09T08:12:20+00:00","dateModified":"2021-12-09T14:18:34+00:00","author":{"@id":"https:\/\/www.krafthand.de\/truck\/#\/schema\/person\/51fa80b1c57034c4bf63f9f988fc24ce"},"description":"F\u00fcr Elmar List aus Drolshagen ist die Anerkennung der Fahrerleistung extrem wichtig. \u201eAuf meine Fahrerinnen und Fahrer ist Verlass\u201c, erz\u00e4hlt der Transportunternehmer. \u201eSie kommen bei den Kunden sehr gut an und halten ihre Fahrzeuge top in Ordnung\u201c. Mehr Spa\u00df macht es mit einem modernen Truck. List hat daher einen Actros Edition 2 in den Fuhrpark aufgenommen - ein Sondermodell der Daimler Truck AG.","breadcrumb":{"@id":"https:\/\/www.krafthand.de\/truck\/artikel\/luisa-kettling-unterwegs-mit-dem-actros-edition-2-30614\/#breadcrumb"},"inLanguage":"de","potentialAction":[{"@type":"ReadAction","target":["https:\/\/www.krafthand.de\/truck\/artikel\/luisa-kettling-unterwegs-mit-dem-actros-edition-2-30614\/"]}]},{"@type":"ImageObject","inLanguage":"de","@id":"https:\/\/www.krafthand.de\/truck\/artikel\/luisa-kettling-unterwegs-mit-dem-actros-edition-2-30614\/#primaryimage","url":"https:\/\/static.krafthand-truck.de\/uploads\/2021\/12\/Daimler_Truck_Actros_Editions2_Luisa_Kettling_Elmar_List.jpg","contentUrl":"https:\/\/static.krafthand-truck.de\/uploads\/2021\/12\/Daimler_Truck_Actros_Editions2_Luisa_Kettling_Elmar_List.jpg","width":1200,"height":648},{"@type":"BreadcrumbList","@id":"https:\/\/www.krafthand.de\/truck\/artikel\/luisa-kettling-unterwegs-mit-dem-actros-edition-2-30614\/#breadcrumb","itemListElement":[{"@type":"ListItem","position":1,"name":"Krafthand-Truck","item":"https:\/\/www.krafthand.de\/truck\/"},{"@type":"ListItem","position":2,"name":"IT+Fuhrpark","item":"https:\/\/www.krafthand.de\/truck\/kategorie\/fuhrpark\/"},{"@type":"ListItem","position":3,"name":"Neue Fahrzeuge","item":"https:\/\/www.krafthand.de\/truck\/kategorie\/fuhrpark\/neue-fahrzeuge\/"},{"@type":"ListItem","position":4,"name":"Luisa Kettling: Unterwegs mit dem Actros Edition 2"}]},{"@type":"WebSite","@id":"https:\/\/www.krafthand.de\/truck\/#website","url":"https:\/\/www.krafthand.de\/truck\/","name":"Krafthand-Truck","description":"","potentialAction":[{"@type":"SearchAction","target":{"@type":"EntryPoint","urlTemplate":"https:\/\/www.krafthand.de\/truck\/?s={search_term_string}"},"query-input":{"@type":"PropertyValueSpecification","valueRequired":true,"valueName":"search_term_string"}}],"inLanguage":"de"},{"@type":"Person","@id":"https:\/\/www.krafthand.de\/truck\/#\/schema\/person\/51fa80b1c57034c4bf63f9f988fc24ce","name":"georg.blenk@krafthand-medien.de","image":{"@type":"ImageObject","inLanguage":"de","@id":"https:\/\/secure.gravatar.com\/avatar\/93713c30affe0aa95d3a4130e499bb1abee2eb31adbdd9ce2aa1543538490215?s=96&d=mm&r=g","url":"https:\/\/secure.gravatar.com\/avatar\/93713c30affe0aa95d3a4130e499bb1abee2eb31adbdd9ce2aa1543538490215?s=96&d=mm&r=g","contentUrl":"https:\/\/secure.gravatar.com\/avatar\/93713c30affe0aa95d3a4130e499bb1abee2eb31adbdd9ce2aa1543538490215?s=96&d=mm&r=g","caption":"georg.blenk@krafthand-medien.de"}}]}},"_links":{"self":[{"href":"https:\/\/www.krafthand.de\/truck\/wp-json\/wp\/v2\/posts\/30614","targetHints":{"allow":["GET"]}}],"collection":[{"href":"https:\/\/www.krafthand.de\/truck\/wp-json\/wp\/v2\/posts"}],"about":[{"href":"https:\/\/www.krafthand.de\/truck\/wp-json\/wp\/v2\/types\/post"}],"author":[{"embeddable":true,"href":"https:\/\/www.krafthand.de\/truck\/wp-json\/wp\/v2\/users\/9"}],"replies":[{"embeddable":true,"href":"https:\/\/www.krafthand.de\/truck\/wp-json\/wp\/v2\/comments?post=30614"}],"version-history":[{"count":9,"href":"https:\/\/www.krafthand.de\/truck\/wp-json\/wp\/v2\/posts\/30614\/revisions"}],"predecessor-version":[{"id":30625,"href":"https:\/\/www.krafthand.de\/truck\/wp-json\/wp\/v2\/posts\/30614\/revisions\/30625"}],"wp:featuredmedia":[{"embeddable":true,"href":"https:\/\/www.krafthand.de\/truck\/wp-json\/wp\/v2\/media\/30618"}],"wp:attachment":[{"href":"https:\/\/www.krafthand.de\/truck\/wp-json\/wp\/v2\/media?parent=30614"}],"wp:term":[{"taxonomy":"category","embeddable":true,"href":"https:\/\/www.krafthand.de\/truck\/wp-json\/wp\/v2\/categories?post=30614"},{"taxonomy":"post_tag","embeddable":true,"href":"https:\/\/www.krafthand.de\/truck\/wp-json\/wp\/v2\/tags?post=30614"},{"taxonomy":"settings","embeddable":true,"href":"https:\/\/www.krafthand.de\/truck\/wp-json\/wp\/v2\/settings?post=30614"}],"curies":[{"name":"wp","href":"https:\/\/api.w.org\/{rel}","templated":true}]}}