{"id":30594,"date":"2021-12-09T10:04:35","date_gmt":"2021-12-09T09:04:35","guid":{"rendered":"https:\/\/www.krafthand.de\/truck\/?p=30594"},"modified":"2021-12-09T15:10:26","modified_gmt":"2021-12-09T14:10:26","slug":"caravans-und-reisemobile-ein-zusaetzliches-geschaeftsfeld-fuer-nfz-werkstaetten","status":"publish","type":"post","link":"https:\/\/www.krafthand.de\/truck\/artikel\/caravans-und-reisemobile-ein-zusaetzliches-geschaeftsfeld-fuer-nfz-werkstaetten-30594\/","title":{"rendered":"Caravans und Reisemobile: Ein zus\u00e4tzliches Gesch\u00e4ftsfeld f\u00fcr Nfz-Werkst\u00e4tten!"},"content":{"rendered":"<p>Der Markt f\u00fcr Caravans und Reisemobile boomt. Allein zwischen Januar und Oktober 2021 wurden laut Caravaning Industrieverband (CIVD e.V.) 73.554 Reisemobile erstmals in den Verkehr gebracht. Das sind 7,3 Prozent mehr als in den ersten zehn Monaten des Rekordjahres 2020 und damit mehr als jemals zuvor in diesem Zeitraum. Fachleute rechnen damit, dass sich der Hype in den n\u00e4chsten Jahren fortsetzen wird. Grund genug, als Nutzfahrzeugwerkstatt dar\u00fcber nachzudenken, ob es sich lohnt ins Caravan-Reparaturgesch\u00e4ft einzusteigen. \u00dcber die Chancen, M\u00f6glichkeiten und die notwendigen Voraussetzungen sprachen wir mit Klaus K\u00f6nig, Marketingleiter bei der <a href=\"https:\/\/werbas.com\/\" target=\"_blank\" rel=\"noopener\">Werbas GmbH<\/a>. Das Software-Unternehmen ist nicht nur im Nutzfahrzeugbereich, sondern auch im Wohnmobilmarkt aktiv.<\/p>\n<figure id=\"attachment_30606\" aria-describedby=\"caption-attachment-30606\" style=\"width: 235px\" class=\"wp-caption alignright\"><a href=\"https:\/\/static.krafthand-truck.de\/uploads\/2021\/12\/Werbas_AG_Klaus_Koenig_KrafthandTruck.jpg\" target=\"_blank\" rel=\"noopener\"><img fetchpriority=\"high\" decoding=\"async\" class=\"wp-image-30606 size-medium\" src=\"https:\/\/static.krafthand-truck.de\/uploads\/2021\/12\/Werbas_AG_Klaus_Koenig_KrafthandTruck-235x300.jpg\" alt=\"\" width=\"235\" height=\"300\" srcset=\"https:\/\/static.krafthand-truck.de\/uploads\/2021\/12\/Werbas_AG_Klaus_Koenig_KrafthandTruck-235x300.jpg 235w, https:\/\/static.krafthand-truck.de\/uploads\/2021\/12\/Werbas_AG_Klaus_Koenig_KrafthandTruck-801x1024.jpg 801w, https:\/\/static.krafthand-truck.de\/uploads\/2021\/12\/Werbas_AG_Klaus_Koenig_KrafthandTruck-768x982.jpg 768w, https:\/\/static.krafthand-truck.de\/uploads\/2021\/12\/Werbas_AG_Klaus_Koenig_KrafthandTruck.jpg 1200w\" sizes=\"(max-width: 235px) 100vw, 235px\" \/><\/a><figcaption id=\"caption-attachment-30606\" class=\"wp-caption-text\">Klaus K\u00f6nig. Bild: Werbas GmbH<\/figcaption><\/figure>\n<p><strong>Herr K\u00f6nig, warum k\u00f6nnte es aus Ihrer Sicht f\u00fcr Nutzfahrzeugwerkst\u00e4tten interessant sein, das T\u00e4tigkeitsfeld um den Bereich der Reisemobile &amp; Co zu erweitern?<\/strong><\/p>\n<p>Zun\u00e4chst k\u00f6nnen wir festhalten, dass sich viele Reparaturen am Basisfahrzeug kaum vom Standard-Kastenwagen unterscheiden. Lediglich die Zug\u00e4nglichkeit zu bestimmten Bauteilen k\u00f6nnte etwas eingeschr\u00e4nkt sein. Hinzu kommt, dass Nfz-Werkst\u00e4tten mit der Durchfahrtsh\u00f6he ihrer Rolltore, der Arbeitsh\u00f6he in der Werkstatt und der notwendigen Tragf\u00e4higkeit der Hebeb\u00fchnen bereits bestens f\u00fcr die Zielgruppe vorbereitet sind. Und sofern selbst lackiert wird, d\u00fcrfte auch die Lackierkabine die richtige Gr\u00f6\u00dfe haben.<\/p>\n<blockquote><p>&#8222;Die Technologien der Freizeitfahrzeuge im Hinblick auf verbaute Materialien und F\u00fcgetechniken sind vielf\u00e4ltig&#8220;, so Klaus K\u00f6nig.<\/p><\/blockquote>\n<p><strong>In welchen Bereichen k\u00f6nnten sich Herausforderungen ergeben?<\/strong><\/p>\n<p>Hier gilt es, den Blick auf die Karosseriereparaturen zu richten, bei denen spezielle Reparaturmethoden zu ber\u00fccksichtigen sind. Mitarbeiter sollten f\u00fcr diesen Bereich entsprechend geschult werden. Hinzu kommt, dass die Technologien der Freizeitfahrzeuge im Hinblick auf verbaute Materialien und F\u00fcgetechniken vielf\u00e4ltig sind. Obwohl die Fahrzeuge in Serie gebaut werden, wird bei der Fertigung haupts\u00e4chlich auf Handarbeit gesetzt. Durch die verschiedenen Bauformen der Reisemobile, vom Kastenwagen bis zu den teil- und vollintegrierten Aufbauten, greifen die fahrzeug- und reisemobilspezifischen Systeme zudem teils ineinander.<\/p>\n<p><strong>Hinzu kommt die Ausstattung im Innenbereich?<\/strong><\/p>\n<p>Das ist richtig. Die Ausstattung der Reisemobile umfasst moderne Sicherheits- und Komfortsysteme ebenso wie Can-Bus-Technologien f\u00fcr das Bordnetzwerk. Hinzu kommen zahlreiche spezifische Systeme. Dazu z\u00e4hlen autarke Heizungs- und Bel\u00fcftungsanlagen, der automatische Niveauausgleich und die Sanit\u00e4ranlagen. In diesem Zusammenhang kann es sinnvoll sein, erg\u00e4nzend zu den eigenen M\u00f6glichkeiten, ein passendes Netzwerk mit anderen Handwerksbetrieben aufzubauen. Ein besonderes Augenmerk gilt es auf die in den Fahrzeugen verbauten Gasanlagen zu richten.<\/p>\n<blockquote><p>&#8222;Die Ausstattung der Reisemobile umfasst moderne Sicherheits- und Komfortsysteme ebenso wie Can-Bus-Technologien f\u00fcr das Bordnetzwerk.&#8220;<\/p><\/blockquote>\n<p><strong>Welche Voraussetzungen m\u00fcssen hier erf\u00fcllt sein?<\/strong><\/p>\n<p>Arbeiten an Fl\u00fcssiggasanlagen in Wohnwagen und Wohnmobilen mit Fl\u00fcssiggastank d\u00fcrfen nur durch zertifizierte Sachkundige vorgenommen werden. Neben Reparaturen muss auch alle zwei Jahre die Dichtigkeit der Gasanlage von einer Fachperson gepr\u00fcft werden. Druckregler und Schlauch sind nach zehn Jahren zu ersetzen. F\u00fcr die Gasanlage im Fahrzeug gelten besondere Vorschriften. Hier gilt es, rechtzeitig Mitarbeiter daf\u00fcr ausbilden zu lassen. Unter anderem bietet der ZKF und die TAK entsprechende Sachkundelehrg\u00e4nge an.<\/p>\n<blockquote><p>&#8222;F\u00fcr die Gasanlage in Caravans und Reisemobilen gelten besondere Vorschriften. Hier gilt es rechtzeitig Mitarbeiter ausbilden zu lassen.&#8220;<\/p><\/blockquote>\n<p><strong>Blicken wir in den Werkstattalltag. Welche Herausforderungen werden an eine Werkstatt-Managementsoftware gestellt?<\/strong><\/p>\n<p>Werkstatt-Managementsysteme sollten die M\u00f6glichkeit bieten, spezifische Stammdaten zu erfassen, die sich wesentlich von einem Nutzfahrzeug unterscheiden. Sinnvoll w\u00e4re deshalb eine eigene Datenseite f\u00fcr das Caravan-Segment. Ein weiterer wichtiger Punkt ist die Erfassung der einzelnen Arbeitszeiten als Ist-Zeit-Verbuchung. Reparaturen an Caravan und Reisemobilen werden vielfach nach dem geleisteten Arbeitsaufwand abgerechnet. Da ist es hilfreich, wenn die erfasste Ist-Zeit direkt per Tablet oder Handy auf die Arbeitsposition gestempelt werden kann. Zudem sollte die Integration moderner Kalkulationsprogramme ebenso selbstverst\u00e4ndlich sein wie die Erfassung von Versicherungsdaten.<br \/>\nEin weiterer wichtiger Punkt ist das Einlesen von Ersatzteilelisten (EXCEL\/CSV) der Teile- und Zubeh\u00f6rlieferanten. Eine Vielzahl von Zubeh\u00f6rlieferanten bieten ihren Kunden das aktuelle Liefersortiment per EXCEL oder CSV-Datei an. Diese sollten in das DMS-System vom Nutzer eigenst\u00e4ndig eingelesen werden k\u00f6nnen. So k\u00f6nnen die Teile per Tastendruck in den Auftrag \u00fcbernommen werden. Mit Blick auf das vorhin erw\u00e4hnte Netzwerk ist es zudem sinnvoll, wenn deren Dienstleistung mit der eigenen Rechnung weiterberechnet werden k\u00f6nnen.<\/p>\n<p><strong>Gibt es auch Unterst\u00fctzung im Bereich der Reparaturkostenkalkulationen?<\/strong><\/p>\n<p>Bei der Reparaturkostenkalkulation unterst\u00fctzt beispielsweise die <a href=\"https:\/\/www.dat.de\/\" target=\"_blank\" rel=\"noopener\">DAT<\/a> (Deutsche Automobil Treuhand). Als Partner des Caravaning-Industrie-Verbandes e. V. engagiert sie sich als Mitglied im Ausschuss \u201eCIVD Reparaturhandbuch\u201c. Die DAT bringt hier ihre Expertise in der Reparaturkostenkalkulation mit ein.<br \/>\nMit der SilverDAT ist es schon heute m\u00f6glich, Sch\u00e4den an Reisemobilen und Caravans gem\u00e4\u00df den <a href=\"https:\/\/www.civd.de\/\" target=\"_blank\" rel=\"noopener\">CIVD<\/a>-Empfehlungen zu kalkulieren, da zu vielen Basisfahrzeugen der Reisemobile umfangreiche Daten zur Verf\u00fcgung stehen.<\/p>\n<p><strong>Wie stellt sich die Versorgung mit Ersatzteilen dar?<\/strong><br \/>\nBei Reparaturen an den Basisfahrzeugen k\u00f6nnen die Nfz-Teilelieferanten schnelle Hilfe leisten. Die Geschwindigkeit der Teileversorgung durch die Aufbauhersteller ist nicht immer mit den gewohnten Lieferf\u00e4higkeiten der Nfz-Spezialisten zu vergleichen. So kann es sein, dass Fahrzeuge auch mehrere Tage stehen bleiben k\u00f6nnen.<\/p>\n<p><strong>Mit den Besitzern der Reisemobile kommt zudem eine andere Kundengruppe in die Werkstatt.<\/strong><\/p>\n<p>Es ist wichtig, sich bewusst zu machen, dass es sich bei dieser Zielgruppe nicht um robuste Trucker, sondern um Kunden handelt, die f\u00fcr ihr Fahrzeug teilweise sehr lange gespart und entsprechend viel Liebe ins Gef\u00e4hrt investiert haben. Daf\u00fcr ist die Klientel sehr dankbar und treu, wenn ihnen schnell geholfen wird und sie einen guten Service erfahren.<\/p>\n<p>Herr K\u00f6nig, haben Sie vielen Dank f\u00fcr das Gespr\u00e4ch!<\/p>\n<p>&nbsp;<\/p>\n<div class=\"infobox box-grey\"><\/p>\n<p><strong>Zus\u00e4tzliche Unterst\u00fctzung<\/strong><br \/>\nUnterst\u00fctzung bei der Erweiterung um die Caravan-Reparatur bietet unter anderem der Zentralverband Karosserie- und Fahrzeugtechnik e. V. (<a href=\"https:\/\/www.zkf.de\/\" target=\"_blank\" rel=\"noopener\">ZKF<\/a>) interessierten Werkst\u00e4tten an. Dazu geh\u00f6ren spezielle Kurse f\u00fcr Caravan-Reparaturen. Ziel ist dabei nach Angaben des ZKF die Zertifizierung zum \u201eCaravan Fachbetrieb\u201c. Der ZKF unterst\u00fctzt auch bei der Spezialisierung der Betriebe in diesem Bereich und erm\u00f6glicht einen einfacheren Zugang zu Caravan-Ersatzteilen. Weitere Informationen finden Sie hier: <a href=\"https:\/\/caravan-fachbetrieb.de\" target=\"_blank\" rel=\"noopener\">https:\/\/caravan-fachbetrieb.de<\/a><\/p>\n<p><\/div>\n\r\n\t\t\t\t<div class=\"post-author\">\r\n\t\t\t\t\t<div class=\"khm-cp-author clearfix\">\r\n\t\t\t\t\t\t<div class=\"khm-cp-author__content\">\r\n\t\t\t\t\t\t\t\tKontakt zum Autor:<br \/>\r\n\t\t\t\t\t\t\t\t<strong>Georg Blenk<\/strong>, 08247 \/ 3007-45 |  <a href=\"mailto:georg.blenk@krafthand-medien.de\">georg.blenk@krafthand-medien.de<\/a>\r\n\t\t\t\t\t\t\t<div class=\"khm-cp-author__image\">\r\n\t\t\t\t\t\t<img src=\"https:\/\/static.krafthand-truck.de\/uploads\/2021\/01\/Blenk_6104-250x300-1-removebg-preview.png\" class=\"img-responsive\">\r\n\t\t\t\t\t<\/div>\r\n\t\t\t\t\t\t<\/div>\r\n\t\t\t\t\t<\/div>\r\n\t\t\t\t<\/div>\r\n\t\t\t\t","protected":false},"excerpt":{"rendered":"<p>Der Markt f\u00fcr Caravans und Reisemobile boomt. Fachleute rechnen damit, dass sich der Hype in den n\u00e4chsten Jahren fortsetzen wird. Grund genug, als Nutzfahrzeugwerkstatt dar\u00fcber nachzudenken, ob es sich lohnt ins Caravan-Reparaturgesch\u00e4ft einzusteigen. \u00dcber die Chancen, M\u00f6glichkeiten und die notwendigen Voraussetzungen sprachen wir mit Klaus K\u00f6nig, Leiter Marketing bei der Werbas GmbH. Das Software-Unternehmen ist nicht nur im Nutzfahrzeugbereich, sondern auch im Wohnmobilmarkt aktiv. <span class=\"excerpt-more__dots\">&#8230;<\/span> <a class=\"excerpt-more__link\" href=\"https:\/\/www.krafthand.de\/truck\/artikel\/caravans-und-reisemobile-ein-zusaetzliches-geschaeftsfeld-fuer-nfz-werkstaetten-30594\/\" >weiter<\/a><\/p>\n","protected":false},"author":9,"featured_media":30601,"comment_status":"closed","ping_status":"closed","sticky":false,"template":"","format":"standard","meta":{"footnotes":""},"categories":[4238,4216,4231],"tags":[4954,4957,910,4955,3472,4928,4956,4958],"settings":[3524,4766,3523],"class_list":["post-30594","post","type-post","status-publish","format-standard","has-post-thumbnail","hentry","category-koepfe","category-nfz-service","category-werkstatt-it","tag-caravan","tag-klaus-koenig","tag-nfz-werkstatt","tag-reisemobil","tag-werbas","tag-werkstattsoftware","tag-wohnwagen","tag-zusatzgeschaeft"],"yoast_head":"<!-- This site is optimized with the Yoast SEO plugin v27.3 - https:\/\/yoast.com\/product\/yoast-seo-wordpress\/ -->\n<title>Caravans und Reisemobile als Zusatzgesch\u00e4ft f\u00fcr Nfz-Werkst\u00e4tten<\/title>\n<meta name=\"description\" content=\"Der Markt f\u00fcr Caravans und Reisemobile boomt. Fachleute rechnen damit, dass sich der Hype in den n\u00e4chsten Jahren fortsetzen wird. Grund genug, als Nutzfahrzeugwerkstatt dar\u00fcber nachzudenken, ob es sich lohnt ins Caravan-Reparaturgesch\u00e4ft einzusteigen. \u00dcber die Chancen, M\u00f6glichkeiten und die notwendigen Voraussetzungen sprachen wir mit Klaus K\u00f6nig, Leiter Marketing bei der Werbas GmbH. Das Software-Unternehmen ist nicht nur im Nutzfahrzeugbereich, sondern auch im Wohnmobilmarkt aktiv.\" \/>\n<meta name=\"robots\" content=\"index, follow, max-snippet:-1, max-image-preview:large, max-video-preview:-1\" \/>\n<link rel=\"canonical\" href=\"https:\/\/www.krafthand.de\/truck\/artikel\/caravans-und-reisemobile-ein-zusaetzliches-geschaeftsfeld-fuer-nfz-werkstaetten-30594\/\" \/>\n<meta property=\"og:locale\" content=\"de_DE\" \/>\n<meta property=\"og:type\" content=\"article\" \/>\n<meta property=\"og:title\" content=\"Caravans und Reisemobile als Zusatzgesch\u00e4ft f\u00fcr Nfz-Werkst\u00e4tten\" \/>\n<meta property=\"og:description\" content=\"Der Markt f\u00fcr Caravans und Reisemobile boomt. Fachleute rechnen damit, dass sich der Hype in den n\u00e4chsten Jahren fortsetzen wird. Grund genug, als Nutzfahrzeugwerkstatt dar\u00fcber nachzudenken, ob es sich lohnt ins Caravan-Reparaturgesch\u00e4ft einzusteigen. \u00dcber die Chancen, M\u00f6glichkeiten und die notwendigen Voraussetzungen sprachen wir mit Klaus K\u00f6nig, Leiter Marketing bei der Werbas GmbH. Das Software-Unternehmen ist nicht nur im Nutzfahrzeugbereich, sondern auch im Wohnmobilmarkt aktiv.\" \/>\n<meta property=\"og:url\" content=\"https:\/\/www.krafthand-truck.de\/artikel\/caravans-und-reisemobile-ein-zusaetzliches-geschaeftsfeld-fuer-nfz-werkstaetten-30594\/\" \/>\n<meta property=\"og:site_name\" content=\"Krafthand-Truck\" \/>\n<meta property=\"article:published_time\" content=\"2021-12-09T09:04:35+00:00\" \/>\n<meta property=\"article:modified_time\" content=\"2021-12-09T14:10:26+00:00\" \/>\n<meta property=\"og:image\" content=\"https:\/\/static.krafthand-truck.de\/uploads\/2021\/12\/Werbas_AG_Caravans_Reisemobile_AdobeStock_222483530.jpg\" \/>\n\t<meta property=\"og:image:width\" content=\"1400\" \/>\n\t<meta property=\"og:image:height\" content=\"934\" \/>\n\t<meta property=\"og:image:type\" content=\"image\/jpeg\" \/>\n<meta name=\"author\" content=\"georg.blenk@krafthand-medien.de\" \/>\n<meta name=\"twitter:card\" content=\"summary_large_image\" \/>\n<meta name=\"twitter:label1\" content=\"Verfasst von\" \/>\n\t<meta name=\"twitter:data1\" content=\"georg.blenk@krafthand-medien.de\" \/>\n\t<meta name=\"twitter:label2\" content=\"Gesch\u00e4tzte Lesezeit\" \/>\n\t<meta name=\"twitter:data2\" content=\"5\u00a0Minuten\" \/>\n<script type=\"application\/ld+json\" class=\"yoast-schema-graph\">{\"@context\":\"https:\\\/\\\/schema.org\",\"@graph\":[{\"@type\":\"Article\",\"@id\":\"https:\\\/\\\/www.krafthand.de\\\/truck\\\/artikel\\\/caravans-und-reisemobile-ein-zusaetzliches-geschaeftsfeld-fuer-nfz-werkstaetten-30594\\\/#article\",\"isPartOf\":{\"@id\":\"https:\\\/\\\/www.krafthand.de\\\/truck\\\/artikel\\\/caravans-und-reisemobile-ein-zusaetzliches-geschaeftsfeld-fuer-nfz-werkstaetten-30594\\\/\"},\"author\":{\"name\":\"georg.blenk@krafthand-medien.de\",\"@id\":\"https:\\\/\\\/www.krafthand.de\\\/truck\\\/#\\\/schema\\\/person\\\/51fa80b1c57034c4bf63f9f988fc24ce\"},\"headline\":\"Caravans und Reisemobile: Ein zus\u00e4tzliches Gesch\u00e4ftsfeld f\u00fcr Nfz-Werkst\u00e4tten!\",\"datePublished\":\"2021-12-09T09:04:35+00:00\",\"dateModified\":\"2021-12-09T14:10:26+00:00\",\"mainEntityOfPage\":{\"@id\":\"https:\\\/\\\/www.krafthand.de\\\/truck\\\/artikel\\\/caravans-und-reisemobile-ein-zusaetzliches-geschaeftsfeld-fuer-nfz-werkstaetten-30594\\\/\"},\"wordCount\":1020,\"image\":{\"@id\":\"https:\\\/\\\/www.krafthand.de\\\/truck\\\/artikel\\\/caravans-und-reisemobile-ein-zusaetzliches-geschaeftsfeld-fuer-nfz-werkstaetten-30594\\\/#primaryimage\"},\"thumbnailUrl\":\"https:\\\/\\\/static.krafthand-truck.de\\\/uploads\\\/2021\\\/12\\\/Werbas_AG_Caravans_Reisemobile_AdobeStock_222483530.jpg\",\"keywords\":[\"Caravan\",\"Klaus K\u00f6nig\",\"Nfz-Werkstatt\",\"Reisemobil\",\"Werbas\",\"Werkstattsoftware\",\"Wohnwagen\",\"Zusatzgesch\u00e4ft\"],\"articleSection\":[\"K\u00f6pfe\\\/Personen\",\"Nfz-Service\",\"Werkstatt-IT\"],\"inLanguage\":\"de\"},{\"@type\":\"WebPage\",\"@id\":\"https:\\\/\\\/www.krafthand.de\\\/truck\\\/artikel\\\/caravans-und-reisemobile-ein-zusaetzliches-geschaeftsfeld-fuer-nfz-werkstaetten-30594\\\/\",\"url\":\"https:\\\/\\\/www.krafthand.de\\\/truck\\\/artikel\\\/caravans-und-reisemobile-ein-zusaetzliches-geschaeftsfeld-fuer-nfz-werkstaetten-30594\\\/\",\"name\":\"Caravans und Reisemobile als Zusatzgesch\u00e4ft f\u00fcr Nfz-Werkst\u00e4tten\",\"isPartOf\":{\"@id\":\"https:\\\/\\\/www.krafthand.de\\\/truck\\\/#website\"},\"primaryImageOfPage\":{\"@id\":\"https:\\\/\\\/www.krafthand.de\\\/truck\\\/artikel\\\/caravans-und-reisemobile-ein-zusaetzliches-geschaeftsfeld-fuer-nfz-werkstaetten-30594\\\/#primaryimage\"},\"image\":{\"@id\":\"https:\\\/\\\/www.krafthand.de\\\/truck\\\/artikel\\\/caravans-und-reisemobile-ein-zusaetzliches-geschaeftsfeld-fuer-nfz-werkstaetten-30594\\\/#primaryimage\"},\"thumbnailUrl\":\"https:\\\/\\\/static.krafthand-truck.de\\\/uploads\\\/2021\\\/12\\\/Werbas_AG_Caravans_Reisemobile_AdobeStock_222483530.jpg\",\"datePublished\":\"2021-12-09T09:04:35+00:00\",\"dateModified\":\"2021-12-09T14:10:26+00:00\",\"author\":{\"@id\":\"https:\\\/\\\/www.krafthand.de\\\/truck\\\/#\\\/schema\\\/person\\\/51fa80b1c57034c4bf63f9f988fc24ce\"},\"description\":\"Der Markt f\u00fcr Caravans und Reisemobile boomt. Fachleute rechnen damit, dass sich der Hype in den n\u00e4chsten Jahren fortsetzen wird. Grund genug, als Nutzfahrzeugwerkstatt dar\u00fcber nachzudenken, ob es sich lohnt ins Caravan-Reparaturgesch\u00e4ft einzusteigen. \u00dcber die Chancen, M\u00f6glichkeiten und die notwendigen Voraussetzungen sprachen wir mit Klaus K\u00f6nig, Leiter Marketing bei der Werbas GmbH. Das Software-Unternehmen ist nicht nur im Nutzfahrzeugbereich, sondern auch im Wohnmobilmarkt aktiv.\",\"breadcrumb\":{\"@id\":\"https:\\\/\\\/www.krafthand.de\\\/truck\\\/artikel\\\/caravans-und-reisemobile-ein-zusaetzliches-geschaeftsfeld-fuer-nfz-werkstaetten-30594\\\/#breadcrumb\"},\"inLanguage\":\"de\",\"potentialAction\":[{\"@type\":\"ReadAction\",\"target\":[\"https:\\\/\\\/www.krafthand.de\\\/truck\\\/artikel\\\/caravans-und-reisemobile-ein-zusaetzliches-geschaeftsfeld-fuer-nfz-werkstaetten-30594\\\/\"]}]},{\"@type\":\"ImageObject\",\"inLanguage\":\"de\",\"@id\":\"https:\\\/\\\/www.krafthand.de\\\/truck\\\/artikel\\\/caravans-und-reisemobile-ein-zusaetzliches-geschaeftsfeld-fuer-nfz-werkstaetten-30594\\\/#primaryimage\",\"url\":\"https:\\\/\\\/static.krafthand-truck.de\\\/uploads\\\/2021\\\/12\\\/Werbas_AG_Caravans_Reisemobile_AdobeStock_222483530.jpg\",\"contentUrl\":\"https:\\\/\\\/static.krafthand-truck.de\\\/uploads\\\/2021\\\/12\\\/Werbas_AG_Caravans_Reisemobile_AdobeStock_222483530.jpg\",\"width\":1400,\"height\":934},{\"@type\":\"BreadcrumbList\",\"@id\":\"https:\\\/\\\/www.krafthand.de\\\/truck\\\/artikel\\\/caravans-und-reisemobile-ein-zusaetzliches-geschaeftsfeld-fuer-nfz-werkstaetten-30594\\\/#breadcrumb\",\"itemListElement\":[{\"@type\":\"ListItem\",\"position\":1,\"name\":\"Krafthand-Truck\",\"item\":\"https:\\\/\\\/www.krafthand.de\\\/truck\\\/\"},{\"@type\":\"ListItem\",\"position\":2,\"name\":\"IT+Fuhrpark\",\"item\":\"https:\\\/\\\/www.krafthand.de\\\/truck\\\/kategorie\\\/fuhrpark\\\/\"},{\"@type\":\"ListItem\",\"position\":3,\"name\":\"Werkstatt-IT\",\"item\":\"https:\\\/\\\/www.krafthand.de\\\/truck\\\/kategorie\\\/fuhrpark\\\/werkstatt-it\\\/\"},{\"@type\":\"ListItem\",\"position\":4,\"name\":\"Caravans und Reisemobile: Ein zus\u00e4tzliches Gesch\u00e4ftsfeld f\u00fcr Nfz-Werkst\u00e4tten!\"}]},{\"@type\":\"WebSite\",\"@id\":\"https:\\\/\\\/www.krafthand.de\\\/truck\\\/#website\",\"url\":\"https:\\\/\\\/www.krafthand.de\\\/truck\\\/\",\"name\":\"Krafthand-Truck\",\"description\":\"\",\"potentialAction\":[{\"@type\":\"SearchAction\",\"target\":{\"@type\":\"EntryPoint\",\"urlTemplate\":\"https:\\\/\\\/www.krafthand.de\\\/truck\\\/?s={search_term_string}\"},\"query-input\":{\"@type\":\"PropertyValueSpecification\",\"valueRequired\":true,\"valueName\":\"search_term_string\"}}],\"inLanguage\":\"de\"},{\"@type\":\"Person\",\"@id\":\"https:\\\/\\\/www.krafthand.de\\\/truck\\\/#\\\/schema\\\/person\\\/51fa80b1c57034c4bf63f9f988fc24ce\",\"name\":\"georg.blenk@krafthand-medien.de\",\"image\":{\"@type\":\"ImageObject\",\"inLanguage\":\"de\",\"@id\":\"https:\\\/\\\/secure.gravatar.com\\\/avatar\\\/93713c30affe0aa95d3a4130e499bb1abee2eb31adbdd9ce2aa1543538490215?s=96&d=mm&r=g\",\"url\":\"https:\\\/\\\/secure.gravatar.com\\\/avatar\\\/93713c30affe0aa95d3a4130e499bb1abee2eb31adbdd9ce2aa1543538490215?s=96&d=mm&r=g\",\"contentUrl\":\"https:\\\/\\\/secure.gravatar.com\\\/avatar\\\/93713c30affe0aa95d3a4130e499bb1abee2eb31adbdd9ce2aa1543538490215?s=96&d=mm&r=g\",\"caption\":\"georg.blenk@krafthand-medien.de\"}}]}<\/script>\n<!-- \/ Yoast SEO plugin. -->","yoast_head_json":{"title":"Caravans und Reisemobile als Zusatzgesch\u00e4ft f\u00fcr Nfz-Werkst\u00e4tten","description":"Der Markt f\u00fcr Caravans und Reisemobile boomt. Fachleute rechnen damit, dass sich der Hype in den n\u00e4chsten Jahren fortsetzen wird. Grund genug, als Nutzfahrzeugwerkstatt dar\u00fcber nachzudenken, ob es sich lohnt ins Caravan-Reparaturgesch\u00e4ft einzusteigen. \u00dcber die Chancen, M\u00f6glichkeiten und die notwendigen Voraussetzungen sprachen wir mit Klaus K\u00f6nig, Leiter Marketing bei der Werbas GmbH. Das Software-Unternehmen ist nicht nur im Nutzfahrzeugbereich, sondern auch im Wohnmobilmarkt aktiv.","robots":{"index":"index","follow":"follow","max-snippet":"max-snippet:-1","max-image-preview":"max-image-preview:large","max-video-preview":"max-video-preview:-1"},"canonical":"https:\/\/www.krafthand.de\/truck\/artikel\/caravans-und-reisemobile-ein-zusaetzliches-geschaeftsfeld-fuer-nfz-werkstaetten-30594\/","og_locale":"de_DE","og_type":"article","og_title":"Caravans und Reisemobile als Zusatzgesch\u00e4ft f\u00fcr Nfz-Werkst\u00e4tten","og_description":"Der Markt f\u00fcr Caravans und Reisemobile boomt. Fachleute rechnen damit, dass sich der Hype in den n\u00e4chsten Jahren fortsetzen wird. Grund genug, als Nutzfahrzeugwerkstatt dar\u00fcber nachzudenken, ob es sich lohnt ins Caravan-Reparaturgesch\u00e4ft einzusteigen. \u00dcber die Chancen, M\u00f6glichkeiten und die notwendigen Voraussetzungen sprachen wir mit Klaus K\u00f6nig, Leiter Marketing bei der Werbas GmbH. Das Software-Unternehmen ist nicht nur im Nutzfahrzeugbereich, sondern auch im Wohnmobilmarkt aktiv.","og_url":"https:\/\/www.krafthand-truck.de\/artikel\/caravans-und-reisemobile-ein-zusaetzliches-geschaeftsfeld-fuer-nfz-werkstaetten-30594\/","og_site_name":"Krafthand-Truck","article_published_time":"2021-12-09T09:04:35+00:00","article_modified_time":"2021-12-09T14:10:26+00:00","og_image":[{"width":1400,"height":934,"url":"https:\/\/static.krafthand-truck.de\/uploads\/2021\/12\/Werbas_AG_Caravans_Reisemobile_AdobeStock_222483530.jpg","type":"image\/jpeg"}],"author":"georg.blenk@krafthand-medien.de","twitter_card":"summary_large_image","twitter_misc":{"Verfasst von":"georg.blenk@krafthand-medien.de","Gesch\u00e4tzte Lesezeit":"5\u00a0Minuten"},"schema":{"@context":"https:\/\/schema.org","@graph":[{"@type":"Article","@id":"https:\/\/www.krafthand.de\/truck\/artikel\/caravans-und-reisemobile-ein-zusaetzliches-geschaeftsfeld-fuer-nfz-werkstaetten-30594\/#article","isPartOf":{"@id":"https:\/\/www.krafthand.de\/truck\/artikel\/caravans-und-reisemobile-ein-zusaetzliches-geschaeftsfeld-fuer-nfz-werkstaetten-30594\/"},"author":{"name":"georg.blenk@krafthand-medien.de","@id":"https:\/\/www.krafthand.de\/truck\/#\/schema\/person\/51fa80b1c57034c4bf63f9f988fc24ce"},"headline":"Caravans und Reisemobile: Ein zus\u00e4tzliches Gesch\u00e4ftsfeld f\u00fcr Nfz-Werkst\u00e4tten!","datePublished":"2021-12-09T09:04:35+00:00","dateModified":"2021-12-09T14:10:26+00:00","mainEntityOfPage":{"@id":"https:\/\/www.krafthand.de\/truck\/artikel\/caravans-und-reisemobile-ein-zusaetzliches-geschaeftsfeld-fuer-nfz-werkstaetten-30594\/"},"wordCount":1020,"image":{"@id":"https:\/\/www.krafthand.de\/truck\/artikel\/caravans-und-reisemobile-ein-zusaetzliches-geschaeftsfeld-fuer-nfz-werkstaetten-30594\/#primaryimage"},"thumbnailUrl":"https:\/\/static.krafthand-truck.de\/uploads\/2021\/12\/Werbas_AG_Caravans_Reisemobile_AdobeStock_222483530.jpg","keywords":["Caravan","Klaus K\u00f6nig","Nfz-Werkstatt","Reisemobil","Werbas","Werkstattsoftware","Wohnwagen","Zusatzgesch\u00e4ft"],"articleSection":["K\u00f6pfe\/Personen","Nfz-Service","Werkstatt-IT"],"inLanguage":"de"},{"@type":"WebPage","@id":"https:\/\/www.krafthand.de\/truck\/artikel\/caravans-und-reisemobile-ein-zusaetzliches-geschaeftsfeld-fuer-nfz-werkstaetten-30594\/","url":"https:\/\/www.krafthand.de\/truck\/artikel\/caravans-und-reisemobile-ein-zusaetzliches-geschaeftsfeld-fuer-nfz-werkstaetten-30594\/","name":"Caravans und Reisemobile als Zusatzgesch\u00e4ft f\u00fcr Nfz-Werkst\u00e4tten","isPartOf":{"@id":"https:\/\/www.krafthand.de\/truck\/#website"},"primaryImageOfPage":{"@id":"https:\/\/www.krafthand.de\/truck\/artikel\/caravans-und-reisemobile-ein-zusaetzliches-geschaeftsfeld-fuer-nfz-werkstaetten-30594\/#primaryimage"},"image":{"@id":"https:\/\/www.krafthand.de\/truck\/artikel\/caravans-und-reisemobile-ein-zusaetzliches-geschaeftsfeld-fuer-nfz-werkstaetten-30594\/#primaryimage"},"thumbnailUrl":"https:\/\/static.krafthand-truck.de\/uploads\/2021\/12\/Werbas_AG_Caravans_Reisemobile_AdobeStock_222483530.jpg","datePublished":"2021-12-09T09:04:35+00:00","dateModified":"2021-12-09T14:10:26+00:00","author":{"@id":"https:\/\/www.krafthand.de\/truck\/#\/schema\/person\/51fa80b1c57034c4bf63f9f988fc24ce"},"description":"Der Markt f\u00fcr Caravans und Reisemobile boomt. Fachleute rechnen damit, dass sich der Hype in den n\u00e4chsten Jahren fortsetzen wird. Grund genug, als Nutzfahrzeugwerkstatt dar\u00fcber nachzudenken, ob es sich lohnt ins Caravan-Reparaturgesch\u00e4ft einzusteigen. \u00dcber die Chancen, M\u00f6glichkeiten und die notwendigen Voraussetzungen sprachen wir mit Klaus K\u00f6nig, Leiter Marketing bei der Werbas GmbH. Das Software-Unternehmen ist nicht nur im Nutzfahrzeugbereich, sondern auch im Wohnmobilmarkt aktiv.","breadcrumb":{"@id":"https:\/\/www.krafthand.de\/truck\/artikel\/caravans-und-reisemobile-ein-zusaetzliches-geschaeftsfeld-fuer-nfz-werkstaetten-30594\/#breadcrumb"},"inLanguage":"de","potentialAction":[{"@type":"ReadAction","target":["https:\/\/www.krafthand.de\/truck\/artikel\/caravans-und-reisemobile-ein-zusaetzliches-geschaeftsfeld-fuer-nfz-werkstaetten-30594\/"]}]},{"@type":"ImageObject","inLanguage":"de","@id":"https:\/\/www.krafthand.de\/truck\/artikel\/caravans-und-reisemobile-ein-zusaetzliches-geschaeftsfeld-fuer-nfz-werkstaetten-30594\/#primaryimage","url":"https:\/\/static.krafthand-truck.de\/uploads\/2021\/12\/Werbas_AG_Caravans_Reisemobile_AdobeStock_222483530.jpg","contentUrl":"https:\/\/static.krafthand-truck.de\/uploads\/2021\/12\/Werbas_AG_Caravans_Reisemobile_AdobeStock_222483530.jpg","width":1400,"height":934},{"@type":"BreadcrumbList","@id":"https:\/\/www.krafthand.de\/truck\/artikel\/caravans-und-reisemobile-ein-zusaetzliches-geschaeftsfeld-fuer-nfz-werkstaetten-30594\/#breadcrumb","itemListElement":[{"@type":"ListItem","position":1,"name":"Krafthand-Truck","item":"https:\/\/www.krafthand.de\/truck\/"},{"@type":"ListItem","position":2,"name":"IT+Fuhrpark","item":"https:\/\/www.krafthand.de\/truck\/kategorie\/fuhrpark\/"},{"@type":"ListItem","position":3,"name":"Werkstatt-IT","item":"https:\/\/www.krafthand.de\/truck\/kategorie\/fuhrpark\/werkstatt-it\/"},{"@type":"ListItem","position":4,"name":"Caravans und Reisemobile: Ein zus\u00e4tzliches Gesch\u00e4ftsfeld f\u00fcr Nfz-Werkst\u00e4tten!"}]},{"@type":"WebSite","@id":"https:\/\/www.krafthand.de\/truck\/#website","url":"https:\/\/www.krafthand.de\/truck\/","name":"Krafthand-Truck","description":"","potentialAction":[{"@type":"SearchAction","target":{"@type":"EntryPoint","urlTemplate":"https:\/\/www.krafthand.de\/truck\/?s={search_term_string}"},"query-input":{"@type":"PropertyValueSpecification","valueRequired":true,"valueName":"search_term_string"}}],"inLanguage":"de"},{"@type":"Person","@id":"https:\/\/www.krafthand.de\/truck\/#\/schema\/person\/51fa80b1c57034c4bf63f9f988fc24ce","name":"georg.blenk@krafthand-medien.de","image":{"@type":"ImageObject","inLanguage":"de","@id":"https:\/\/secure.gravatar.com\/avatar\/93713c30affe0aa95d3a4130e499bb1abee2eb31adbdd9ce2aa1543538490215?s=96&d=mm&r=g","url":"https:\/\/secure.gravatar.com\/avatar\/93713c30affe0aa95d3a4130e499bb1abee2eb31adbdd9ce2aa1543538490215?s=96&d=mm&r=g","contentUrl":"https:\/\/secure.gravatar.com\/avatar\/93713c30affe0aa95d3a4130e499bb1abee2eb31adbdd9ce2aa1543538490215?s=96&d=mm&r=g","caption":"georg.blenk@krafthand-medien.de"}}]}},"_links":{"self":[{"href":"https:\/\/www.krafthand.de\/truck\/wp-json\/wp\/v2\/posts\/30594","targetHints":{"allow":["GET"]}}],"collection":[{"href":"https:\/\/www.krafthand.de\/truck\/wp-json\/wp\/v2\/posts"}],"about":[{"href":"https:\/\/www.krafthand.de\/truck\/wp-json\/wp\/v2\/types\/post"}],"author":[{"embeddable":true,"href":"https:\/\/www.krafthand.de\/truck\/wp-json\/wp\/v2\/users\/9"}],"replies":[{"embeddable":true,"href":"https:\/\/www.krafthand.de\/truck\/wp-json\/wp\/v2\/comments?post=30594"}],"version-history":[{"count":16,"href":"https:\/\/www.krafthand.de\/truck\/wp-json\/wp\/v2\/posts\/30594\/revisions"}],"predecessor-version":[{"id":30612,"href":"https:\/\/www.krafthand.de\/truck\/wp-json\/wp\/v2\/posts\/30594\/revisions\/30612"}],"wp:featuredmedia":[{"embeddable":true,"href":"https:\/\/www.krafthand.de\/truck\/wp-json\/wp\/v2\/media\/30601"}],"wp:attachment":[{"href":"https:\/\/www.krafthand.de\/truck\/wp-json\/wp\/v2\/media?parent=30594"}],"wp:term":[{"taxonomy":"category","embeddable":true,"href":"https:\/\/www.krafthand.de\/truck\/wp-json\/wp\/v2\/categories?post=30594"},{"taxonomy":"post_tag","embeddable":true,"href":"https:\/\/www.krafthand.de\/truck\/wp-json\/wp\/v2\/tags?post=30594"},{"taxonomy":"settings","embeddable":true,"href":"https:\/\/www.krafthand.de\/truck\/wp-json\/wp\/v2\/settings?post=30594"}],"curies":[{"name":"wp","href":"https:\/\/api.w.org\/{rel}","templated":true}]}}