{"id":30569,"date":"2021-12-07T15:44:13","date_gmt":"2021-12-07T14:44:13","guid":{"rendered":"https:\/\/www.krafthand.de\/truck\/?p=30569"},"modified":"2021-12-09T10:06:05","modified_gmt":"2021-12-09T09:06:05","slug":"allison-transmission-und-rallye-dakar-sieger-de-rooy-kooperieren-bei-entwicklung-von-e-renn-truck","status":"publish","type":"post","link":"https:\/\/www.krafthand.de\/truck\/artikel\/allison-transmission-und-rallye-dakar-sieger-de-rooy-kooperieren-bei-entwicklung-von-e-renn-truck-30569\/","title":{"rendered":"Allison Transmission und Rallye-Dakar-Sieger de Rooy kooperieren bei Entwicklung von E-Renn-Truck"},"content":{"rendered":"<p>Der Entwickler und Hersteller von konventionellen und elektrifizierten Fahrzeugantriebsl\u00f6sungen sowie weltweit gr\u00f6\u00dfte Produzent von schweren und mittelschweren Vollautomatikgetrieben f\u00fcr Nutzfahrzeuge, <a href=\"https:\/\/www.allisontransmission.com\/de-de\" target=\"_blank\" rel=\"noopener\">Allison Transmission<\/a>, hat eine dreij\u00e4hrige Kooperationsvereinbarung mit dem Team de Rooy abgeschlossen. Ziel dieser Vereinbarung mit dem mehrfachen Sieger der Rallye-Dakar ist die Entwicklung von elektrisch angetriebenen Trucks f\u00fcr die &#8218;Dakar&#8216; und f\u00fcr andere Rallyes.<\/p>\n<figure id=\"attachment_30578\" aria-describedby=\"caption-attachment-30578\" style=\"width: 420px\" class=\"wp-caption alignright\"><a href=\"https:\/\/static.krafthand-truck.de\/uploads\/2021\/12\/AllisonTransmission_Dakar_deRoy_3.jpg\" target=\"_blank\" rel=\"noopener\"><img fetchpriority=\"high\" decoding=\"async\" class=\"wp-image-30578\" src=\"https:\/\/static.krafthand-truck.de\/uploads\/2021\/12\/AllisonTransmission_Dakar_deRoy_3-300x200.jpg\" alt=\"\" width=\"420\" height=\"280\" srcset=\"https:\/\/static.krafthand-truck.de\/uploads\/2021\/12\/AllisonTransmission_Dakar_deRoy_3-300x200.jpg 300w, https:\/\/static.krafthand-truck.de\/uploads\/2021\/12\/AllisonTransmission_Dakar_deRoy_3-1024x683.jpg 1024w, https:\/\/static.krafthand-truck.de\/uploads\/2021\/12\/AllisonTransmission_Dakar_deRoy_3-768x512.jpg 768w, https:\/\/static.krafthand-truck.de\/uploads\/2021\/12\/AllisonTransmission_Dakar_deRoy_3.jpg 1200w\" sizes=\"(max-width: 420px) 100vw, 420px\" \/><\/a><figcaption id=\"caption-attachment-30578\" class=\"wp-caption-text\">Die ersten Tests mit einem elektrifizierten Lkw mit konventionellem Allison-Getriebe sollen Anfang 2022 anlaufen, bevor das Fahrzeug bei der Rallye-Dakar im Januar 2023 sein Deb\u00fct geben wird.<\/figcaption><\/figure>\n<h3>Erste Tests Anfang 2022<\/h3>\n<p>Die ersten Tests mit einem elektrifizierten Lkw mit herk\u00f6mmlichem Allison-Getriebe sollen Anfang 2022 beginnen, bevor das Fahrzeug im Januar 2023 bei der Rallye-Dakar sein Deb\u00fct geben soll. Das ambitionierte Projekt wurde heute auf dem Gel\u00e4nde des <a href=\"https:\/\/www.dakar-derooy.com\/\" target=\"_blank\" rel=\"noopener\">Team de Rooy<\/a> in Son en Breugel, in den Niederlanden nahe Eindhoven, vorgestellt. Sjoerd Vos, Director Marketing, Europe, Middle East and Africa, bei Allison Transmission und Gerard de Rooy, Gesch\u00e4ftsf\u00fchrer von De Rooy Transport und Besitzer des Truck-Rallye-Teams De Rooy unterzeichneten den Vertrag. Im \u00dcbrigen: In den Jahren 2012 und 2016 gewann De Rooy die Rallye Dakar sowohl als Teambesitzer als auch als Fahrer.<\/p>\n<blockquote><p>\u201eEs gro\u00dfartig, dass Allison uns bei unseren Pl\u00e4nen f\u00fcr einen Elektroantrieb unterst\u00fctzt, insbesondere da wir wissen, wie effektiv und robust die Allison-Getriebe sind\u201c, sagte de Rooy.<\/p><\/blockquote>\n<p>Beim der letzten Rallye-Dakar dominierten Fahrzeuge mit Allison-Getrieben die Top 10 in der Lkw-Wertung. Sjoerd Vos f\u00fcgte hinzu: <em>\u201eEine der besten M\u00f6glichkeiten, neue Technologien voranzubringen, besteht darin, sie unter schwierigsten Bedingungen an ihre Leistungs- und Belastungsgrenzen zu bringen \u2013 und es gibt weltweit keinen anspruchsvolleren Motorsportwettbewerb als die Rallye-Dakar.&#8220;<\/em><\/p>\n<p>Der neue <a href=\"https:\/\/www.iveco.com\/germany\/Pages\/Home-page.aspx\" target=\"_blank\" rel=\"noopener\">Iveco<\/a>-Elektro-Lkw des Team de Rooy wird mit einem Allison-Vollautomatikgetriebe der Serie 4000\u2122 mit Retarder ausgestattet. Dieses Getriebe eignet sich f\u00fcr alle mittelschweren und schweren Nutzfahrzeugmotoren sowie f\u00fcr alle Kraftstoffarten und Elektromotoren. Die 4.000er Serie ist eine bew\u00e4hrte Antriebsl\u00f6sung f\u00fcr Anwendungen wie Bau-, Entsorgungs- und Feuerwehrfahrzeuge und wird bereits in Verbindung mit einem Elektromotor im <a href=\"https:\/\/www.krafthand.de\/truck\/artikel\/hankook-unterwegs-mit-hyundai-xcient-fuel-cell-lkw-30494\/\" target=\"_blank\" rel=\"noopener\">Hyundai XCIENT<\/a> eingesetzt, dem weltweit ersten schweren Lkw mit Brennstoffzellen-Elektroantrieb, der seit 2020 produziert wird.<\/p>\n<figure id=\"attachment_30576\" aria-describedby=\"caption-attachment-30576\" style=\"width: 420px\" class=\"wp-caption alignleft\"><a href=\"https:\/\/static.krafthand-truck.de\/uploads\/2021\/12\/AllisonTransmission_Dakar_deRoy_2.jpg\" target=\"_blank\" rel=\"noopener\"><img decoding=\"async\" class=\"wp-image-30576\" src=\"https:\/\/static.krafthand-truck.de\/uploads\/2021\/12\/AllisonTransmission_Dakar_deRoy_2-300x200.jpg\" alt=\"\" width=\"420\" height=\"279\" srcset=\"https:\/\/static.krafthand-truck.de\/uploads\/2021\/12\/AllisonTransmission_Dakar_deRoy_2-300x200.jpg 300w, https:\/\/static.krafthand-truck.de\/uploads\/2021\/12\/AllisonTransmission_Dakar_deRoy_2-1024x681.jpg 1024w, https:\/\/static.krafthand-truck.de\/uploads\/2021\/12\/AllisonTransmission_Dakar_deRoy_2-768x511.jpg 768w, https:\/\/static.krafthand-truck.de\/uploads\/2021\/12\/AllisonTransmission_Dakar_deRoy_2.jpg 1200w\" sizes=\"(max-width: 420px) 100vw, 420px\" \/><\/a><figcaption id=\"caption-attachment-30576\" class=\"wp-caption-text\">Offizielle Unterzeichnung des Kooperationsver-trages in Son en Breugel: (v.l.n.r.) Sjoerd Vos, Director Marketing, EMEA, bei Allison Transmission, Gerard de Rooy, Gesch\u00e4ftsf\u00fchrer bei De Rooy Transport und Besitzer von Team De Rooy und Edgar Lips, Senior OEM Account Manager bei Allison Transmission.<\/figcaption><\/figure>\n<p>Zu den Vorteilen der Allison-Getriebe geh\u00f6rt den Angaben zufolge der patentierte Drehmomentwandler, der das Drehmoment beim Start nahtlos vervielfacht. Damit kann ein kleinerer und schw\u00e4cherer Antriebsmotor f\u00fcr den elektrischen Rallye-Truck des Team de Rooy eingesetzt werden, um die Reichweite und Effizienz zu verbessern und dennoch beim Erklimmen von Sandd\u00fcnen eine hohe Leistung zu bringen. Ein weiterer Vorteil ist der Schwingungsd\u00e4mpfer in der Wandler\u00fcberbr\u00fcckungskupplung des Drehmomentwandlers, der den Antriebsmotor des Lkw vor Sto\u00dfbelastungen durch Torsionskr\u00e4fte im Antriebsstrang sch\u00fctzt. Dar\u00fcber hinaus sorgt ein Lern-Algorithmus f\u00fcr eine kontinuierliche Optimierung von Motordrehzahl und Drehmoment. Dies tr\u00e4gt laut Allison zur Effizienzsteigerung und Energieeinsparung bei Elektromotoren bei.<\/p>\n<p>Bis zur Fertigstellung des neuen Elektro-Lkw wird das Team de Rooy bei der <a href=\"https:\/\/www.dakar.com\/en\/\" target=\"_blank\" rel=\"noopener\">Rallye-Dakar<\/a> in Saudi Arabien (Start ist am 1.1.2022 in Jeddah) Dieselfahrzeuge von Iveco mit vollautomatischen Allison-Getrieben einsetzen \u2013 geliefert und gewartet von Drive Line Systems (DLS), dem offiziellen Allison-Vertragsh\u00e4ndler f\u00fcr die Niederlande, Belgien, Luxemburg, Island und die T\u00fcrkei. Das Team De Rooy wird auch den Classic DAF-Lkw &#8222;Dubbelkop&#8220; (\u00fcbersetzt: Doppelkopf) einsetzen, der von Jan De Rooy, dem Vater von Gerard, gesteuert wird. Dieser Classic-Lkw ist ebenfalls mit Allison Vollautomatikgetrieben ausgestattet. Der &#8222;Dubbelkop&#8220; hat zwei komplette Antriebsaggregate mit zwei Allison-Getrieben an Bord.<\/p>\n","protected":false},"excerpt":{"rendered":"<p>Allison Transmission hat eine dreij\u00e4hrige Kooperationsvereinbarung mit dem Team de Rooy abgeschlossen. Ziel dieser Vereinbarung mit dem mehrfachen Sieger der Rallye-Dakar ist die Entwicklung von elektrisch angetriebenen Trucks f\u00fcr die &#8218;Dakar&#8216; und f\u00fcr andere Rallyes. <span class=\"excerpt-more__dots\">&#8230;<\/span> <a class=\"excerpt-more__link\" href=\"https:\/\/www.krafthand.de\/truck\/artikel\/allison-transmission-und-rallye-dakar-sieger-de-rooy-kooperieren-bei-entwicklung-von-e-renn-truck-30569\/\" >weiter<\/a><\/p>\n","protected":false},"author":9,"featured_media":30575,"comment_status":"closed","ping_status":"closed","sticky":false,"template":"","format":"standard","meta":{"footnotes":""},"categories":[4223,4224,4915],"tags":[4578,4948,4949,4177,1547,4950,4161],"settings":[3523],"class_list":["post-30569","post","type-post","status-publish","format-standard","has-post-thumbnail","hentry","category-antrieb","category-e-antrieb","category-neue-fahrzeuge","tag-allison-transmission","tag-dakar","tag-de-roy","tag-e-lkw","tag-getriebe","tag-lkw-wertung","tag-rally-dakar"],"yoast_head":"<!-- This site is optimized with the Yoast SEO plugin v27.3 - https:\/\/yoast.com\/product\/yoast-seo-wordpress\/ -->\n<title>Allison Transmission \/ Team De Roy: E-Lkw f\u00fcr die Rally-Dakar<\/title>\n<meta name=\"description\" content=\"Allison Transmission hat eine dreij\u00e4hrige Kooperationsvereinbarung mit dem Team de Rooy abgeschlossen. Ziel dieser Vereinbarung mit dem mehrfachen Sieger der Rallye-Dakar ist die Entwicklung von elektrisch angetriebenen Trucks f\u00fcr die &#039;Dakar&#039; und f\u00fcr andere Rallyes.\" \/>\n<meta name=\"robots\" content=\"index, follow, max-snippet:-1, max-image-preview:large, max-video-preview:-1\" \/>\n<link rel=\"canonical\" href=\"https:\/\/www.krafthand.de\/truck\/artikel\/allison-transmission-und-rallye-dakar-sieger-de-rooy-kooperieren-bei-entwicklung-von-e-renn-truck-30569\/\" \/>\n<meta property=\"og:locale\" content=\"de_DE\" \/>\n<meta property=\"og:type\" content=\"article\" \/>\n<meta property=\"og:title\" content=\"Allison Transmission \/ Team De Roy: E-Lkw f\u00fcr die Rally-Dakar\" \/>\n<meta property=\"og:description\" content=\"Allison Transmission hat eine dreij\u00e4hrige Kooperationsvereinbarung mit dem Team de Rooy abgeschlossen. Ziel dieser Vereinbarung mit dem mehrfachen Sieger der Rallye-Dakar ist die Entwicklung von elektrisch angetriebenen Trucks f\u00fcr die &#039;Dakar&#039; und f\u00fcr andere Rallyes.\" \/>\n<meta property=\"og:url\" content=\"https:\/\/www.krafthand-truck.de\/artikel\/allison-transmission-und-rallye-dakar-sieger-de-rooy-kooperieren-bei-entwicklung-von-e-renn-truck-30569\/\" \/>\n<meta property=\"og:site_name\" content=\"Krafthand-Truck\" \/>\n<meta property=\"article:published_time\" content=\"2021-12-07T14:44:13+00:00\" \/>\n<meta property=\"article:modified_time\" content=\"2021-12-09T09:06:05+00:00\" \/>\n<meta property=\"og:image\" content=\"https:\/\/static.krafthand-truck.de\/uploads\/2021\/12\/AllisonTransmission_Dakar_deRoy_1.jpg\" \/>\n\t<meta property=\"og:image:width\" content=\"1200\" \/>\n\t<meta property=\"og:image:height\" content=\"784\" \/>\n\t<meta property=\"og:image:type\" content=\"image\/jpeg\" \/>\n<meta name=\"author\" content=\"georg.blenk@krafthand-medien.de\" \/>\n<meta name=\"twitter:card\" content=\"summary_large_image\" \/>\n<meta name=\"twitter:label1\" content=\"Verfasst von\" \/>\n\t<meta name=\"twitter:data1\" content=\"georg.blenk@krafthand-medien.de\" \/>\n\t<meta name=\"twitter:label2\" content=\"Gesch\u00e4tzte Lesezeit\" \/>\n\t<meta name=\"twitter:data2\" content=\"3\u00a0Minuten\" \/>\n<script type=\"application\/ld+json\" class=\"yoast-schema-graph\">{\"@context\":\"https:\\\/\\\/schema.org\",\"@graph\":[{\"@type\":\"Article\",\"@id\":\"https:\\\/\\\/www.krafthand.de\\\/truck\\\/artikel\\\/allison-transmission-und-rallye-dakar-sieger-de-rooy-kooperieren-bei-entwicklung-von-e-renn-truck-30569\\\/#article\",\"isPartOf\":{\"@id\":\"https:\\\/\\\/www.krafthand.de\\\/truck\\\/artikel\\\/allison-transmission-und-rallye-dakar-sieger-de-rooy-kooperieren-bei-entwicklung-von-e-renn-truck-30569\\\/\"},\"author\":{\"name\":\"georg.blenk@krafthand-medien.de\",\"@id\":\"https:\\\/\\\/www.krafthand.de\\\/truck\\\/#\\\/schema\\\/person\\\/51fa80b1c57034c4bf63f9f988fc24ce\"},\"headline\":\"Allison Transmission und Rallye-Dakar-Sieger de Rooy kooperieren bei Entwicklung von E-Renn-Truck\",\"datePublished\":\"2021-12-07T14:44:13+00:00\",\"dateModified\":\"2021-12-09T09:06:05+00:00\",\"mainEntityOfPage\":{\"@id\":\"https:\\\/\\\/www.krafthand.de\\\/truck\\\/artikel\\\/allison-transmission-und-rallye-dakar-sieger-de-rooy-kooperieren-bei-entwicklung-von-e-renn-truck-30569\\\/\"},\"wordCount\":624,\"image\":{\"@id\":\"https:\\\/\\\/www.krafthand.de\\\/truck\\\/artikel\\\/allison-transmission-und-rallye-dakar-sieger-de-rooy-kooperieren-bei-entwicklung-von-e-renn-truck-30569\\\/#primaryimage\"},\"thumbnailUrl\":\"https:\\\/\\\/static.krafthand-truck.de\\\/uploads\\\/2021\\\/12\\\/AllisonTransmission_Dakar_deRoy_1.jpg\",\"keywords\":[\"Allison Transmission\",\"Dakar\",\"de Roy\",\"E-Lkw\",\"Getriebe\",\"Lkw-Wertung\",\"Rally Dakar\"],\"articleSection\":[\"Antrieb (Motor\\\/Getriebe)\",\"E-Antrieb (BEV\\\/FCEV)\",\"Neue Fahrzeuge\"],\"inLanguage\":\"de\"},{\"@type\":\"WebPage\",\"@id\":\"https:\\\/\\\/www.krafthand.de\\\/truck\\\/artikel\\\/allison-transmission-und-rallye-dakar-sieger-de-rooy-kooperieren-bei-entwicklung-von-e-renn-truck-30569\\\/\",\"url\":\"https:\\\/\\\/www.krafthand.de\\\/truck\\\/artikel\\\/allison-transmission-und-rallye-dakar-sieger-de-rooy-kooperieren-bei-entwicklung-von-e-renn-truck-30569\\\/\",\"name\":\"Allison Transmission \\\/ Team De Roy: E-Lkw f\u00fcr die Rally-Dakar\",\"isPartOf\":{\"@id\":\"https:\\\/\\\/www.krafthand.de\\\/truck\\\/#website\"},\"primaryImageOfPage\":{\"@id\":\"https:\\\/\\\/www.krafthand.de\\\/truck\\\/artikel\\\/allison-transmission-und-rallye-dakar-sieger-de-rooy-kooperieren-bei-entwicklung-von-e-renn-truck-30569\\\/#primaryimage\"},\"image\":{\"@id\":\"https:\\\/\\\/www.krafthand.de\\\/truck\\\/artikel\\\/allison-transmission-und-rallye-dakar-sieger-de-rooy-kooperieren-bei-entwicklung-von-e-renn-truck-30569\\\/#primaryimage\"},\"thumbnailUrl\":\"https:\\\/\\\/static.krafthand-truck.de\\\/uploads\\\/2021\\\/12\\\/AllisonTransmission_Dakar_deRoy_1.jpg\",\"datePublished\":\"2021-12-07T14:44:13+00:00\",\"dateModified\":\"2021-12-09T09:06:05+00:00\",\"author\":{\"@id\":\"https:\\\/\\\/www.krafthand.de\\\/truck\\\/#\\\/schema\\\/person\\\/51fa80b1c57034c4bf63f9f988fc24ce\"},\"description\":\"Allison Transmission hat eine dreij\u00e4hrige Kooperationsvereinbarung mit dem Team de Rooy abgeschlossen. Ziel dieser Vereinbarung mit dem mehrfachen Sieger der Rallye-Dakar ist die Entwicklung von elektrisch angetriebenen Trucks f\u00fcr die 'Dakar' und f\u00fcr andere Rallyes.\",\"breadcrumb\":{\"@id\":\"https:\\\/\\\/www.krafthand.de\\\/truck\\\/artikel\\\/allison-transmission-und-rallye-dakar-sieger-de-rooy-kooperieren-bei-entwicklung-von-e-renn-truck-30569\\\/#breadcrumb\"},\"inLanguage\":\"de\",\"potentialAction\":[{\"@type\":\"ReadAction\",\"target\":[\"https:\\\/\\\/www.krafthand.de\\\/truck\\\/artikel\\\/allison-transmission-und-rallye-dakar-sieger-de-rooy-kooperieren-bei-entwicklung-von-e-renn-truck-30569\\\/\"]}]},{\"@type\":\"ImageObject\",\"inLanguage\":\"de\",\"@id\":\"https:\\\/\\\/www.krafthand.de\\\/truck\\\/artikel\\\/allison-transmission-und-rallye-dakar-sieger-de-rooy-kooperieren-bei-entwicklung-von-e-renn-truck-30569\\\/#primaryimage\",\"url\":\"https:\\\/\\\/static.krafthand-truck.de\\\/uploads\\\/2021\\\/12\\\/AllisonTransmission_Dakar_deRoy_1.jpg\",\"contentUrl\":\"https:\\\/\\\/static.krafthand-truck.de\\\/uploads\\\/2021\\\/12\\\/AllisonTransmission_Dakar_deRoy_1.jpg\",\"width\":1200,\"height\":784},{\"@type\":\"BreadcrumbList\",\"@id\":\"https:\\\/\\\/www.krafthand.de\\\/truck\\\/artikel\\\/allison-transmission-und-rallye-dakar-sieger-de-rooy-kooperieren-bei-entwicklung-von-e-renn-truck-30569\\\/#breadcrumb\",\"itemListElement\":[{\"@type\":\"ListItem\",\"position\":1,\"name\":\"Krafthand-Truck\",\"item\":\"https:\\\/\\\/www.krafthand.de\\\/truck\\\/\"},{\"@type\":\"ListItem\",\"position\":2,\"name\":\"IT+Fuhrpark\",\"item\":\"https:\\\/\\\/www.krafthand.de\\\/truck\\\/kategorie\\\/fuhrpark\\\/\"},{\"@type\":\"ListItem\",\"position\":3,\"name\":\"Neue Fahrzeuge\",\"item\":\"https:\\\/\\\/www.krafthand.de\\\/truck\\\/kategorie\\\/fuhrpark\\\/neue-fahrzeuge\\\/\"},{\"@type\":\"ListItem\",\"position\":4,\"name\":\"Allison Transmission und Rallye-Dakar-Sieger de Rooy kooperieren bei Entwicklung von E-Renn-Truck\"}]},{\"@type\":\"WebSite\",\"@id\":\"https:\\\/\\\/www.krafthand.de\\\/truck\\\/#website\",\"url\":\"https:\\\/\\\/www.krafthand.de\\\/truck\\\/\",\"name\":\"Krafthand-Truck\",\"description\":\"\",\"potentialAction\":[{\"@type\":\"SearchAction\",\"target\":{\"@type\":\"EntryPoint\",\"urlTemplate\":\"https:\\\/\\\/www.krafthand.de\\\/truck\\\/?s={search_term_string}\"},\"query-input\":{\"@type\":\"PropertyValueSpecification\",\"valueRequired\":true,\"valueName\":\"search_term_string\"}}],\"inLanguage\":\"de\"},{\"@type\":\"Person\",\"@id\":\"https:\\\/\\\/www.krafthand.de\\\/truck\\\/#\\\/schema\\\/person\\\/51fa80b1c57034c4bf63f9f988fc24ce\",\"name\":\"georg.blenk@krafthand-medien.de\",\"image\":{\"@type\":\"ImageObject\",\"inLanguage\":\"de\",\"@id\":\"https:\\\/\\\/secure.gravatar.com\\\/avatar\\\/93713c30affe0aa95d3a4130e499bb1abee2eb31adbdd9ce2aa1543538490215?s=96&d=mm&r=g\",\"url\":\"https:\\\/\\\/secure.gravatar.com\\\/avatar\\\/93713c30affe0aa95d3a4130e499bb1abee2eb31adbdd9ce2aa1543538490215?s=96&d=mm&r=g\",\"contentUrl\":\"https:\\\/\\\/secure.gravatar.com\\\/avatar\\\/93713c30affe0aa95d3a4130e499bb1abee2eb31adbdd9ce2aa1543538490215?s=96&d=mm&r=g\",\"caption\":\"georg.blenk@krafthand-medien.de\"}}]}<\/script>\n<!-- \/ Yoast SEO plugin. -->","yoast_head_json":{"title":"Allison Transmission \/ Team De Roy: E-Lkw f\u00fcr die Rally-Dakar","description":"Allison Transmission hat eine dreij\u00e4hrige Kooperationsvereinbarung mit dem Team de Rooy abgeschlossen. Ziel dieser Vereinbarung mit dem mehrfachen Sieger der Rallye-Dakar ist die Entwicklung von elektrisch angetriebenen Trucks f\u00fcr die 'Dakar' und f\u00fcr andere Rallyes.","robots":{"index":"index","follow":"follow","max-snippet":"max-snippet:-1","max-image-preview":"max-image-preview:large","max-video-preview":"max-video-preview:-1"},"canonical":"https:\/\/www.krafthand.de\/truck\/artikel\/allison-transmission-und-rallye-dakar-sieger-de-rooy-kooperieren-bei-entwicklung-von-e-renn-truck-30569\/","og_locale":"de_DE","og_type":"article","og_title":"Allison Transmission \/ Team De Roy: E-Lkw f\u00fcr die Rally-Dakar","og_description":"Allison Transmission hat eine dreij\u00e4hrige Kooperationsvereinbarung mit dem Team de Rooy abgeschlossen. Ziel dieser Vereinbarung mit dem mehrfachen Sieger der Rallye-Dakar ist die Entwicklung von elektrisch angetriebenen Trucks f\u00fcr die 'Dakar' und f\u00fcr andere Rallyes.","og_url":"https:\/\/www.krafthand-truck.de\/artikel\/allison-transmission-und-rallye-dakar-sieger-de-rooy-kooperieren-bei-entwicklung-von-e-renn-truck-30569\/","og_site_name":"Krafthand-Truck","article_published_time":"2021-12-07T14:44:13+00:00","article_modified_time":"2021-12-09T09:06:05+00:00","og_image":[{"width":1200,"height":784,"url":"https:\/\/static.krafthand-truck.de\/uploads\/2021\/12\/AllisonTransmission_Dakar_deRoy_1.jpg","type":"image\/jpeg"}],"author":"georg.blenk@krafthand-medien.de","twitter_card":"summary_large_image","twitter_misc":{"Verfasst von":"georg.blenk@krafthand-medien.de","Gesch\u00e4tzte Lesezeit":"3\u00a0Minuten"},"schema":{"@context":"https:\/\/schema.org","@graph":[{"@type":"Article","@id":"https:\/\/www.krafthand.de\/truck\/artikel\/allison-transmission-und-rallye-dakar-sieger-de-rooy-kooperieren-bei-entwicklung-von-e-renn-truck-30569\/#article","isPartOf":{"@id":"https:\/\/www.krafthand.de\/truck\/artikel\/allison-transmission-und-rallye-dakar-sieger-de-rooy-kooperieren-bei-entwicklung-von-e-renn-truck-30569\/"},"author":{"name":"georg.blenk@krafthand-medien.de","@id":"https:\/\/www.krafthand.de\/truck\/#\/schema\/person\/51fa80b1c57034c4bf63f9f988fc24ce"},"headline":"Allison Transmission und Rallye-Dakar-Sieger de Rooy kooperieren bei Entwicklung von E-Renn-Truck","datePublished":"2021-12-07T14:44:13+00:00","dateModified":"2021-12-09T09:06:05+00:00","mainEntityOfPage":{"@id":"https:\/\/www.krafthand.de\/truck\/artikel\/allison-transmission-und-rallye-dakar-sieger-de-rooy-kooperieren-bei-entwicklung-von-e-renn-truck-30569\/"},"wordCount":624,"image":{"@id":"https:\/\/www.krafthand.de\/truck\/artikel\/allison-transmission-und-rallye-dakar-sieger-de-rooy-kooperieren-bei-entwicklung-von-e-renn-truck-30569\/#primaryimage"},"thumbnailUrl":"https:\/\/static.krafthand-truck.de\/uploads\/2021\/12\/AllisonTransmission_Dakar_deRoy_1.jpg","keywords":["Allison Transmission","Dakar","de Roy","E-Lkw","Getriebe","Lkw-Wertung","Rally Dakar"],"articleSection":["Antrieb (Motor\/Getriebe)","E-Antrieb (BEV\/FCEV)","Neue Fahrzeuge"],"inLanguage":"de"},{"@type":"WebPage","@id":"https:\/\/www.krafthand.de\/truck\/artikel\/allison-transmission-und-rallye-dakar-sieger-de-rooy-kooperieren-bei-entwicklung-von-e-renn-truck-30569\/","url":"https:\/\/www.krafthand.de\/truck\/artikel\/allison-transmission-und-rallye-dakar-sieger-de-rooy-kooperieren-bei-entwicklung-von-e-renn-truck-30569\/","name":"Allison Transmission \/ Team De Roy: E-Lkw f\u00fcr die Rally-Dakar","isPartOf":{"@id":"https:\/\/www.krafthand.de\/truck\/#website"},"primaryImageOfPage":{"@id":"https:\/\/www.krafthand.de\/truck\/artikel\/allison-transmission-und-rallye-dakar-sieger-de-rooy-kooperieren-bei-entwicklung-von-e-renn-truck-30569\/#primaryimage"},"image":{"@id":"https:\/\/www.krafthand.de\/truck\/artikel\/allison-transmission-und-rallye-dakar-sieger-de-rooy-kooperieren-bei-entwicklung-von-e-renn-truck-30569\/#primaryimage"},"thumbnailUrl":"https:\/\/static.krafthand-truck.de\/uploads\/2021\/12\/AllisonTransmission_Dakar_deRoy_1.jpg","datePublished":"2021-12-07T14:44:13+00:00","dateModified":"2021-12-09T09:06:05+00:00","author":{"@id":"https:\/\/www.krafthand.de\/truck\/#\/schema\/person\/51fa80b1c57034c4bf63f9f988fc24ce"},"description":"Allison Transmission hat eine dreij\u00e4hrige Kooperationsvereinbarung mit dem Team de Rooy abgeschlossen. Ziel dieser Vereinbarung mit dem mehrfachen Sieger der Rallye-Dakar ist die Entwicklung von elektrisch angetriebenen Trucks f\u00fcr die 'Dakar' und f\u00fcr andere Rallyes.","breadcrumb":{"@id":"https:\/\/www.krafthand.de\/truck\/artikel\/allison-transmission-und-rallye-dakar-sieger-de-rooy-kooperieren-bei-entwicklung-von-e-renn-truck-30569\/#breadcrumb"},"inLanguage":"de","potentialAction":[{"@type":"ReadAction","target":["https:\/\/www.krafthand.de\/truck\/artikel\/allison-transmission-und-rallye-dakar-sieger-de-rooy-kooperieren-bei-entwicklung-von-e-renn-truck-30569\/"]}]},{"@type":"ImageObject","inLanguage":"de","@id":"https:\/\/www.krafthand.de\/truck\/artikel\/allison-transmission-und-rallye-dakar-sieger-de-rooy-kooperieren-bei-entwicklung-von-e-renn-truck-30569\/#primaryimage","url":"https:\/\/static.krafthand-truck.de\/uploads\/2021\/12\/AllisonTransmission_Dakar_deRoy_1.jpg","contentUrl":"https:\/\/static.krafthand-truck.de\/uploads\/2021\/12\/AllisonTransmission_Dakar_deRoy_1.jpg","width":1200,"height":784},{"@type":"BreadcrumbList","@id":"https:\/\/www.krafthand.de\/truck\/artikel\/allison-transmission-und-rallye-dakar-sieger-de-rooy-kooperieren-bei-entwicklung-von-e-renn-truck-30569\/#breadcrumb","itemListElement":[{"@type":"ListItem","position":1,"name":"Krafthand-Truck","item":"https:\/\/www.krafthand.de\/truck\/"},{"@type":"ListItem","position":2,"name":"IT+Fuhrpark","item":"https:\/\/www.krafthand.de\/truck\/kategorie\/fuhrpark\/"},{"@type":"ListItem","position":3,"name":"Neue Fahrzeuge","item":"https:\/\/www.krafthand.de\/truck\/kategorie\/fuhrpark\/neue-fahrzeuge\/"},{"@type":"ListItem","position":4,"name":"Allison Transmission und Rallye-Dakar-Sieger de Rooy kooperieren bei Entwicklung von E-Renn-Truck"}]},{"@type":"WebSite","@id":"https:\/\/www.krafthand.de\/truck\/#website","url":"https:\/\/www.krafthand.de\/truck\/","name":"Krafthand-Truck","description":"","potentialAction":[{"@type":"SearchAction","target":{"@type":"EntryPoint","urlTemplate":"https:\/\/www.krafthand.de\/truck\/?s={search_term_string}"},"query-input":{"@type":"PropertyValueSpecification","valueRequired":true,"valueName":"search_term_string"}}],"inLanguage":"de"},{"@type":"Person","@id":"https:\/\/www.krafthand.de\/truck\/#\/schema\/person\/51fa80b1c57034c4bf63f9f988fc24ce","name":"georg.blenk@krafthand-medien.de","image":{"@type":"ImageObject","inLanguage":"de","@id":"https:\/\/secure.gravatar.com\/avatar\/93713c30affe0aa95d3a4130e499bb1abee2eb31adbdd9ce2aa1543538490215?s=96&d=mm&r=g","url":"https:\/\/secure.gravatar.com\/avatar\/93713c30affe0aa95d3a4130e499bb1abee2eb31adbdd9ce2aa1543538490215?s=96&d=mm&r=g","contentUrl":"https:\/\/secure.gravatar.com\/avatar\/93713c30affe0aa95d3a4130e499bb1abee2eb31adbdd9ce2aa1543538490215?s=96&d=mm&r=g","caption":"georg.blenk@krafthand-medien.de"}}]}},"_links":{"self":[{"href":"https:\/\/www.krafthand.de\/truck\/wp-json\/wp\/v2\/posts\/30569","targetHints":{"allow":["GET"]}}],"collection":[{"href":"https:\/\/www.krafthand.de\/truck\/wp-json\/wp\/v2\/posts"}],"about":[{"href":"https:\/\/www.krafthand.de\/truck\/wp-json\/wp\/v2\/types\/post"}],"author":[{"embeddable":true,"href":"https:\/\/www.krafthand.de\/truck\/wp-json\/wp\/v2\/users\/9"}],"replies":[{"embeddable":true,"href":"https:\/\/www.krafthand.de\/truck\/wp-json\/wp\/v2\/comments?post=30569"}],"version-history":[{"count":13,"href":"https:\/\/www.krafthand.de\/truck\/wp-json\/wp\/v2\/posts\/30569\/revisions"}],"predecessor-version":[{"id":30585,"href":"https:\/\/www.krafthand.de\/truck\/wp-json\/wp\/v2\/posts\/30569\/revisions\/30585"}],"wp:featuredmedia":[{"embeddable":true,"href":"https:\/\/www.krafthand.de\/truck\/wp-json\/wp\/v2\/media\/30575"}],"wp:attachment":[{"href":"https:\/\/www.krafthand.de\/truck\/wp-json\/wp\/v2\/media?parent=30569"}],"wp:term":[{"taxonomy":"category","embeddable":true,"href":"https:\/\/www.krafthand.de\/truck\/wp-json\/wp\/v2\/categories?post=30569"},{"taxonomy":"post_tag","embeddable":true,"href":"https:\/\/www.krafthand.de\/truck\/wp-json\/wp\/v2\/tags?post=30569"},{"taxonomy":"settings","embeddable":true,"href":"https:\/\/www.krafthand.de\/truck\/wp-json\/wp\/v2\/settings?post=30569"}],"curies":[{"name":"wp","href":"https:\/\/api.w.org\/{rel}","templated":true}]}}