{"id":30553,"date":"2021-12-06T08:35:49","date_gmt":"2021-12-06T07:35:49","guid":{"rendered":"https:\/\/www.krafthand.de\/truck\/?p=30553"},"modified":"2021-12-06T08:48:15","modified_gmt":"2021-12-06T07:48:15","slug":"zwei-neue-scherenhebebuehnen-fuer-transporter","status":"publish","type":"post","link":"https:\/\/www.krafthand.de\/truck\/artikel\/zwei-neue-scherenhebebuehnen-fuer-transporter-30553\/","title":{"rendered":"Zwei neue Scherenhebeb\u00fchnen f\u00fcr Transporter"},"content":{"rendered":"<p>Seit 2019 geh\u00f6rt der Spezialist f\u00fcr Hebetechnik, Autopstenhoj, zur italienischen <a href=\"https:\/\/www.nexion.it\/\" target=\"_blank\" rel=\"noopener\">Nexion-Gruppe<\/a>. Aus diesem Grund halten auch Produkte der konzerneigenen Fertigung Einzug in das Produktportfolio. So hat Autopstenhoj ab sofort auch die beiden Scherenhebeb\u00fchnen MagiX 43-46 (bis 4,3 t Tragf\u00e4higkeit) und MagiX 50-52 (bis 5,0 t Tragf\u00e4higkeit) im Programm.<\/p>\n<p>Die elektrohydraulischen Scherenhebeb\u00fchnen bestechen laut Angaben nicht nur durch eine stabile Scherenkonstruktion, sondern auch durch ihre variable Aufstellbreite mit einem Fahrbahnabstand von 800 mm bis 1020 mm. Das empfohlene Aufstellma\u00df liegt bei 900 mm. Die Fahrbahnen sind in verschiedenen Varianten erh\u00e4ltlich; von glatter Fahrbahn \u00fcber Combi mit Radfreiheber bis zur Fahrbahn f\u00fcr Achsvermessung k\u00f6nnen fast alle Kundenw\u00fcnsche bedient werden.<\/p>\n<p>OEM-Vorgaben entsprechend sind bei der MagiX 43-46 und 50-52 die Fahrbahnensandgestrahlt, was f\u00fcr eine deutliche bessere Lackhaftung sorgt. Der Achsheber, den <a href=\"https:\/\/www.autopstenhoj.com\/de\/\" target=\"_blank\" rel=\"noopener\">Autostenhoj<\/a> einsetzt bietet 2,6 t Tragf\u00e4higkeit.<\/p>\n<div class=\"infobox box-grey\"><\/p>\n<h4>Fachliteratur<\/h4>\n<p>Alles zum Thema Hebetechnik f\u00fcr Pkw und Lkw finden Sie in der Fachbrosch\u00fcre &#8218;Moderne Hebetechnik&#8216; von Dr. Marcel Schoch. Die Publikation ist \u00fcber den\u00a0 <a href=\"https:\/\/www.krafthand-shop.de\/Fachliteratur\/Kfz-Service-Diagnose\/Moderne-Hebetechnik.html\" target=\"_blank\" rel=\"noopener\">Krafthand-Shop<\/a> erh\u00e4ltlich.<\/p>\n<p><\/div>\n<p>&nbsp;<\/p>\n","protected":false},"excerpt":{"rendered":"<p>Seit 2019 geh\u00f6rt der Spezialist f\u00fcr Hebetechnik, Autopstenhoj, zur italienischen Nexion-Gruppe. Aus diesem Grund halten auch Produkte der konzerneigenen Fertigung Einzug in das Produktportfolio. So hat Autopstenhoj ab sofort auch die beiden Scherenhebeb\u00fchnen MagiX 43-46 (bis 4,3 t Tragf\u00e4higkeit) und MagiX 50-52 (bis 5,0 t Tragf\u00e4higkeit) im Programm. Die elektrohydraulischen Scherenhebeb\u00fchnen bestechen laut Angaben nicht <span class=\"excerpt-more__dots\">&#8230;<\/span> <a class=\"excerpt-more__link\" href=\"https:\/\/www.krafthand.de\/truck\/artikel\/zwei-neue-scherenhebebuehnen-fuer-transporter-30553\/\" >weiter<\/a><\/p>\n","protected":false},"author":9,"featured_media":30555,"comment_status":"closed","ping_status":"closed","sticky":false,"template":"","format":"standard","meta":{"footnotes":""},"categories":[4220],"tags":[4944,4945,4946,2267,281],"settings":[4766,3523],"class_list":["post-30553","post","type-post","status-publish","format-standard","has-post-thumbnail","hentry","category-werkstattausruestung","tag-autostenhoj","tag-magix","tag-radfreiheber","tag-scherenhebebuehne","tag-transporter"],"yoast_head":"<!-- This site is optimized with the Yoast SEO plugin v27.3 - https:\/\/yoast.com\/product\/yoast-seo-wordpress\/ -->\n<title>Autopstenhoj: Neue Scherenhebeb\u00fchnen f\u00fcr Transporter<\/title>\n<meta name=\"description\" content=\"Seit 2019 geh\u00f6rt der Spezialist f\u00fcr Hebetechnik, Autostenhoj, zur italienischen Nexion-Gruppe. Aus diesem Grund halten auch Produkte der konzerneigenen Fertigung Einzug in das Produktportfolio. So hat Autopstenhoj ab sofort auch die beiden Scherenhebeb\u00fchnen MagiX 43-46 (bis 4,3 t Tragf\u00e4higkeit) und MagiX 50-52 (bis 5,0 t Tragf\u00e4higkeit) im Programm.\" \/>\n<meta name=\"robots\" content=\"index, follow, max-snippet:-1, max-image-preview:large, max-video-preview:-1\" \/>\n<link rel=\"canonical\" href=\"https:\/\/www.krafthand.de\/truck\/artikel\/zwei-neue-scherenhebebuehnen-fuer-transporter-30553\/\" \/>\n<meta property=\"og:locale\" content=\"de_DE\" \/>\n<meta property=\"og:type\" content=\"article\" \/>\n<meta property=\"og:title\" content=\"Autopstenhoj: Neue Scherenhebeb\u00fchnen f\u00fcr Transporter\" \/>\n<meta property=\"og:description\" content=\"Seit 2019 geh\u00f6rt der Spezialist f\u00fcr Hebetechnik, Autostenhoj, zur italienischen Nexion-Gruppe. Aus diesem Grund halten auch Produkte der konzerneigenen Fertigung Einzug in das Produktportfolio. So hat Autopstenhoj ab sofort auch die beiden Scherenhebeb\u00fchnen MagiX 43-46 (bis 4,3 t Tragf\u00e4higkeit) und MagiX 50-52 (bis 5,0 t Tragf\u00e4higkeit) im Programm.\" \/>\n<meta property=\"og:url\" content=\"https:\/\/www.krafthand-truck.de\/artikel\/zwei-neue-scherenhebebuehnen-fuer-transporter-30553\/\" \/>\n<meta property=\"og:site_name\" content=\"Krafthand-Truck\" \/>\n<meta property=\"article:published_time\" content=\"2021-12-06T07:35:49+00:00\" \/>\n<meta property=\"article:modified_time\" content=\"2021-12-06T07:48:15+00:00\" \/>\n<meta property=\"og:image\" content=\"https:\/\/static.krafthand-truck.de\/uploads\/2021\/12\/Autopstenhoj_MagiX-43-46-50-52.jpg\" \/>\n\t<meta property=\"og:image:width\" content=\"1200\" \/>\n\t<meta property=\"og:image:height\" content=\"900\" \/>\n\t<meta property=\"og:image:type\" content=\"image\/jpeg\" \/>\n<meta name=\"author\" content=\"georg.blenk@krafthand-medien.de\" \/>\n<meta name=\"twitter:card\" content=\"summary_large_image\" \/>\n<meta name=\"twitter:label1\" content=\"Verfasst von\" \/>\n\t<meta name=\"twitter:data1\" content=\"georg.blenk@krafthand-medien.de\" \/>\n\t<meta name=\"twitter:label2\" content=\"Gesch\u00e4tzte Lesezeit\" \/>\n\t<meta name=\"twitter:data2\" content=\"1\u00a0Minute\" \/>\n<script type=\"application\/ld+json\" class=\"yoast-schema-graph\">{\"@context\":\"https:\\\/\\\/schema.org\",\"@graph\":[{\"@type\":\"Article\",\"@id\":\"https:\\\/\\\/www.krafthand.de\\\/truck\\\/artikel\\\/zwei-neue-scherenhebebuehnen-fuer-transporter-30553\\\/#article\",\"isPartOf\":{\"@id\":\"https:\\\/\\\/www.krafthand.de\\\/truck\\\/artikel\\\/zwei-neue-scherenhebebuehnen-fuer-transporter-30553\\\/\"},\"author\":{\"name\":\"georg.blenk@krafthand-medien.de\",\"@id\":\"https:\\\/\\\/www.krafthand.de\\\/truck\\\/#\\\/schema\\\/person\\\/51fa80b1c57034c4bf63f9f988fc24ce\"},\"headline\":\"Zwei neue Scherenhebeb\u00fchnen f\u00fcr Transporter\",\"datePublished\":\"2021-12-06T07:35:49+00:00\",\"dateModified\":\"2021-12-06T07:48:15+00:00\",\"mainEntityOfPage\":{\"@id\":\"https:\\\/\\\/www.krafthand.de\\\/truck\\\/artikel\\\/zwei-neue-scherenhebebuehnen-fuer-transporter-30553\\\/\"},\"wordCount\":179,\"image\":{\"@id\":\"https:\\\/\\\/www.krafthand.de\\\/truck\\\/artikel\\\/zwei-neue-scherenhebebuehnen-fuer-transporter-30553\\\/#primaryimage\"},\"thumbnailUrl\":\"https:\\\/\\\/static.krafthand-truck.de\\\/uploads\\\/2021\\\/12\\\/Autopstenhoj_MagiX-43-46-50-52.jpg\",\"keywords\":[\"Autostenhoj\",\"Magix\",\"Radfreiheber\",\"Scherenhebeb\u00fchne\",\"Transporter\"],\"articleSection\":[\"Werkstattausr\u00fcstung\"],\"inLanguage\":\"de\"},{\"@type\":\"WebPage\",\"@id\":\"https:\\\/\\\/www.krafthand.de\\\/truck\\\/artikel\\\/zwei-neue-scherenhebebuehnen-fuer-transporter-30553\\\/\",\"url\":\"https:\\\/\\\/www.krafthand.de\\\/truck\\\/artikel\\\/zwei-neue-scherenhebebuehnen-fuer-transporter-30553\\\/\",\"name\":\"Autopstenhoj: Neue Scherenhebeb\u00fchnen f\u00fcr Transporter\",\"isPartOf\":{\"@id\":\"https:\\\/\\\/www.krafthand.de\\\/truck\\\/#website\"},\"primaryImageOfPage\":{\"@id\":\"https:\\\/\\\/www.krafthand.de\\\/truck\\\/artikel\\\/zwei-neue-scherenhebebuehnen-fuer-transporter-30553\\\/#primaryimage\"},\"image\":{\"@id\":\"https:\\\/\\\/www.krafthand.de\\\/truck\\\/artikel\\\/zwei-neue-scherenhebebuehnen-fuer-transporter-30553\\\/#primaryimage\"},\"thumbnailUrl\":\"https:\\\/\\\/static.krafthand-truck.de\\\/uploads\\\/2021\\\/12\\\/Autopstenhoj_MagiX-43-46-50-52.jpg\",\"datePublished\":\"2021-12-06T07:35:49+00:00\",\"dateModified\":\"2021-12-06T07:48:15+00:00\",\"author\":{\"@id\":\"https:\\\/\\\/www.krafthand.de\\\/truck\\\/#\\\/schema\\\/person\\\/51fa80b1c57034c4bf63f9f988fc24ce\"},\"description\":\"Seit 2019 geh\u00f6rt der Spezialist f\u00fcr Hebetechnik, Autostenhoj, zur italienischen Nexion-Gruppe. Aus diesem Grund halten auch Produkte der konzerneigenen Fertigung Einzug in das Produktportfolio. So hat Autopstenhoj ab sofort auch die beiden Scherenhebeb\u00fchnen MagiX 43-46 (bis 4,3 t Tragf\u00e4higkeit) und MagiX 50-52 (bis 5,0 t Tragf\u00e4higkeit) im Programm.\",\"breadcrumb\":{\"@id\":\"https:\\\/\\\/www.krafthand.de\\\/truck\\\/artikel\\\/zwei-neue-scherenhebebuehnen-fuer-transporter-30553\\\/#breadcrumb\"},\"inLanguage\":\"de\",\"potentialAction\":[{\"@type\":\"ReadAction\",\"target\":[\"https:\\\/\\\/www.krafthand.de\\\/truck\\\/artikel\\\/zwei-neue-scherenhebebuehnen-fuer-transporter-30553\\\/\"]}]},{\"@type\":\"ImageObject\",\"inLanguage\":\"de\",\"@id\":\"https:\\\/\\\/www.krafthand.de\\\/truck\\\/artikel\\\/zwei-neue-scherenhebebuehnen-fuer-transporter-30553\\\/#primaryimage\",\"url\":\"https:\\\/\\\/static.krafthand-truck.de\\\/uploads\\\/2021\\\/12\\\/Autopstenhoj_MagiX-43-46-50-52.jpg\",\"contentUrl\":\"https:\\\/\\\/static.krafthand-truck.de\\\/uploads\\\/2021\\\/12\\\/Autopstenhoj_MagiX-43-46-50-52.jpg\",\"width\":1200,\"height\":900},{\"@type\":\"BreadcrumbList\",\"@id\":\"https:\\\/\\\/www.krafthand.de\\\/truck\\\/artikel\\\/zwei-neue-scherenhebebuehnen-fuer-transporter-30553\\\/#breadcrumb\",\"itemListElement\":[{\"@type\":\"ListItem\",\"position\":1,\"name\":\"Krafthand-Truck\",\"item\":\"https:\\\/\\\/www.krafthand.de\\\/truck\\\/\"},{\"@type\":\"ListItem\",\"position\":2,\"name\":\"Nfz-Service\",\"item\":\"https:\\\/\\\/www.krafthand.de\\\/truck\\\/kategorie\\\/nfz-service\\\/\"},{\"@type\":\"ListItem\",\"position\":3,\"name\":\"Werkstattausr\u00fcstung\",\"item\":\"https:\\\/\\\/www.krafthand.de\\\/truck\\\/kategorie\\\/nfz-service\\\/werkstattausruestung\\\/\"},{\"@type\":\"ListItem\",\"position\":4,\"name\":\"Zwei neue Scherenhebeb\u00fchnen f\u00fcr Transporter\"}]},{\"@type\":\"WebSite\",\"@id\":\"https:\\\/\\\/www.krafthand.de\\\/truck\\\/#website\",\"url\":\"https:\\\/\\\/www.krafthand.de\\\/truck\\\/\",\"name\":\"Krafthand-Truck\",\"description\":\"\",\"potentialAction\":[{\"@type\":\"SearchAction\",\"target\":{\"@type\":\"EntryPoint\",\"urlTemplate\":\"https:\\\/\\\/www.krafthand.de\\\/truck\\\/?s={search_term_string}\"},\"query-input\":{\"@type\":\"PropertyValueSpecification\",\"valueRequired\":true,\"valueName\":\"search_term_string\"}}],\"inLanguage\":\"de\"},{\"@type\":\"Person\",\"@id\":\"https:\\\/\\\/www.krafthand.de\\\/truck\\\/#\\\/schema\\\/person\\\/51fa80b1c57034c4bf63f9f988fc24ce\",\"name\":\"georg.blenk@krafthand-medien.de\",\"image\":{\"@type\":\"ImageObject\",\"inLanguage\":\"de\",\"@id\":\"https:\\\/\\\/secure.gravatar.com\\\/avatar\\\/93713c30affe0aa95d3a4130e499bb1abee2eb31adbdd9ce2aa1543538490215?s=96&d=mm&r=g\",\"url\":\"https:\\\/\\\/secure.gravatar.com\\\/avatar\\\/93713c30affe0aa95d3a4130e499bb1abee2eb31adbdd9ce2aa1543538490215?s=96&d=mm&r=g\",\"contentUrl\":\"https:\\\/\\\/secure.gravatar.com\\\/avatar\\\/93713c30affe0aa95d3a4130e499bb1abee2eb31adbdd9ce2aa1543538490215?s=96&d=mm&r=g\",\"caption\":\"georg.blenk@krafthand-medien.de\"}}]}<\/script>\n<!-- \/ Yoast SEO plugin. -->","yoast_head_json":{"title":"Autopstenhoj: Neue Scherenhebeb\u00fchnen f\u00fcr Transporter","description":"Seit 2019 geh\u00f6rt der Spezialist f\u00fcr Hebetechnik, Autostenhoj, zur italienischen Nexion-Gruppe. Aus diesem Grund halten auch Produkte der konzerneigenen Fertigung Einzug in das Produktportfolio. So hat Autopstenhoj ab sofort auch die beiden Scherenhebeb\u00fchnen MagiX 43-46 (bis 4,3 t Tragf\u00e4higkeit) und MagiX 50-52 (bis 5,0 t Tragf\u00e4higkeit) im Programm.","robots":{"index":"index","follow":"follow","max-snippet":"max-snippet:-1","max-image-preview":"max-image-preview:large","max-video-preview":"max-video-preview:-1"},"canonical":"https:\/\/www.krafthand.de\/truck\/artikel\/zwei-neue-scherenhebebuehnen-fuer-transporter-30553\/","og_locale":"de_DE","og_type":"article","og_title":"Autopstenhoj: Neue Scherenhebeb\u00fchnen f\u00fcr Transporter","og_description":"Seit 2019 geh\u00f6rt der Spezialist f\u00fcr Hebetechnik, Autostenhoj, zur italienischen Nexion-Gruppe. Aus diesem Grund halten auch Produkte der konzerneigenen Fertigung Einzug in das Produktportfolio. So hat Autopstenhoj ab sofort auch die beiden Scherenhebeb\u00fchnen MagiX 43-46 (bis 4,3 t Tragf\u00e4higkeit) und MagiX 50-52 (bis 5,0 t Tragf\u00e4higkeit) im Programm.","og_url":"https:\/\/www.krafthand-truck.de\/artikel\/zwei-neue-scherenhebebuehnen-fuer-transporter-30553\/","og_site_name":"Krafthand-Truck","article_published_time":"2021-12-06T07:35:49+00:00","article_modified_time":"2021-12-06T07:48:15+00:00","og_image":[{"width":1200,"height":900,"url":"https:\/\/static.krafthand-truck.de\/uploads\/2021\/12\/Autopstenhoj_MagiX-43-46-50-52.jpg","type":"image\/jpeg"}],"author":"georg.blenk@krafthand-medien.de","twitter_card":"summary_large_image","twitter_misc":{"Verfasst von":"georg.blenk@krafthand-medien.de","Gesch\u00e4tzte Lesezeit":"1\u00a0Minute"},"schema":{"@context":"https:\/\/schema.org","@graph":[{"@type":"Article","@id":"https:\/\/www.krafthand.de\/truck\/artikel\/zwei-neue-scherenhebebuehnen-fuer-transporter-30553\/#article","isPartOf":{"@id":"https:\/\/www.krafthand.de\/truck\/artikel\/zwei-neue-scherenhebebuehnen-fuer-transporter-30553\/"},"author":{"name":"georg.blenk@krafthand-medien.de","@id":"https:\/\/www.krafthand.de\/truck\/#\/schema\/person\/51fa80b1c57034c4bf63f9f988fc24ce"},"headline":"Zwei neue Scherenhebeb\u00fchnen f\u00fcr Transporter","datePublished":"2021-12-06T07:35:49+00:00","dateModified":"2021-12-06T07:48:15+00:00","mainEntityOfPage":{"@id":"https:\/\/www.krafthand.de\/truck\/artikel\/zwei-neue-scherenhebebuehnen-fuer-transporter-30553\/"},"wordCount":179,"image":{"@id":"https:\/\/www.krafthand.de\/truck\/artikel\/zwei-neue-scherenhebebuehnen-fuer-transporter-30553\/#primaryimage"},"thumbnailUrl":"https:\/\/static.krafthand-truck.de\/uploads\/2021\/12\/Autopstenhoj_MagiX-43-46-50-52.jpg","keywords":["Autostenhoj","Magix","Radfreiheber","Scherenhebeb\u00fchne","Transporter"],"articleSection":["Werkstattausr\u00fcstung"],"inLanguage":"de"},{"@type":"WebPage","@id":"https:\/\/www.krafthand.de\/truck\/artikel\/zwei-neue-scherenhebebuehnen-fuer-transporter-30553\/","url":"https:\/\/www.krafthand.de\/truck\/artikel\/zwei-neue-scherenhebebuehnen-fuer-transporter-30553\/","name":"Autopstenhoj: Neue Scherenhebeb\u00fchnen f\u00fcr Transporter","isPartOf":{"@id":"https:\/\/www.krafthand.de\/truck\/#website"},"primaryImageOfPage":{"@id":"https:\/\/www.krafthand.de\/truck\/artikel\/zwei-neue-scherenhebebuehnen-fuer-transporter-30553\/#primaryimage"},"image":{"@id":"https:\/\/www.krafthand.de\/truck\/artikel\/zwei-neue-scherenhebebuehnen-fuer-transporter-30553\/#primaryimage"},"thumbnailUrl":"https:\/\/static.krafthand-truck.de\/uploads\/2021\/12\/Autopstenhoj_MagiX-43-46-50-52.jpg","datePublished":"2021-12-06T07:35:49+00:00","dateModified":"2021-12-06T07:48:15+00:00","author":{"@id":"https:\/\/www.krafthand.de\/truck\/#\/schema\/person\/51fa80b1c57034c4bf63f9f988fc24ce"},"description":"Seit 2019 geh\u00f6rt der Spezialist f\u00fcr Hebetechnik, Autostenhoj, zur italienischen Nexion-Gruppe. Aus diesem Grund halten auch Produkte der konzerneigenen Fertigung Einzug in das Produktportfolio. So hat Autopstenhoj ab sofort auch die beiden Scherenhebeb\u00fchnen MagiX 43-46 (bis 4,3 t Tragf\u00e4higkeit) und MagiX 50-52 (bis 5,0 t Tragf\u00e4higkeit) im Programm.","breadcrumb":{"@id":"https:\/\/www.krafthand.de\/truck\/artikel\/zwei-neue-scherenhebebuehnen-fuer-transporter-30553\/#breadcrumb"},"inLanguage":"de","potentialAction":[{"@type":"ReadAction","target":["https:\/\/www.krafthand.de\/truck\/artikel\/zwei-neue-scherenhebebuehnen-fuer-transporter-30553\/"]}]},{"@type":"ImageObject","inLanguage":"de","@id":"https:\/\/www.krafthand.de\/truck\/artikel\/zwei-neue-scherenhebebuehnen-fuer-transporter-30553\/#primaryimage","url":"https:\/\/static.krafthand-truck.de\/uploads\/2021\/12\/Autopstenhoj_MagiX-43-46-50-52.jpg","contentUrl":"https:\/\/static.krafthand-truck.de\/uploads\/2021\/12\/Autopstenhoj_MagiX-43-46-50-52.jpg","width":1200,"height":900},{"@type":"BreadcrumbList","@id":"https:\/\/www.krafthand.de\/truck\/artikel\/zwei-neue-scherenhebebuehnen-fuer-transporter-30553\/#breadcrumb","itemListElement":[{"@type":"ListItem","position":1,"name":"Krafthand-Truck","item":"https:\/\/www.krafthand.de\/truck\/"},{"@type":"ListItem","position":2,"name":"Nfz-Service","item":"https:\/\/www.krafthand.de\/truck\/kategorie\/nfz-service\/"},{"@type":"ListItem","position":3,"name":"Werkstattausr\u00fcstung","item":"https:\/\/www.krafthand.de\/truck\/kategorie\/nfz-service\/werkstattausruestung\/"},{"@type":"ListItem","position":4,"name":"Zwei neue Scherenhebeb\u00fchnen f\u00fcr Transporter"}]},{"@type":"WebSite","@id":"https:\/\/www.krafthand.de\/truck\/#website","url":"https:\/\/www.krafthand.de\/truck\/","name":"Krafthand-Truck","description":"","potentialAction":[{"@type":"SearchAction","target":{"@type":"EntryPoint","urlTemplate":"https:\/\/www.krafthand.de\/truck\/?s={search_term_string}"},"query-input":{"@type":"PropertyValueSpecification","valueRequired":true,"valueName":"search_term_string"}}],"inLanguage":"de"},{"@type":"Person","@id":"https:\/\/www.krafthand.de\/truck\/#\/schema\/person\/51fa80b1c57034c4bf63f9f988fc24ce","name":"georg.blenk@krafthand-medien.de","image":{"@type":"ImageObject","inLanguage":"de","@id":"https:\/\/secure.gravatar.com\/avatar\/93713c30affe0aa95d3a4130e499bb1abee2eb31adbdd9ce2aa1543538490215?s=96&d=mm&r=g","url":"https:\/\/secure.gravatar.com\/avatar\/93713c30affe0aa95d3a4130e499bb1abee2eb31adbdd9ce2aa1543538490215?s=96&d=mm&r=g","contentUrl":"https:\/\/secure.gravatar.com\/avatar\/93713c30affe0aa95d3a4130e499bb1abee2eb31adbdd9ce2aa1543538490215?s=96&d=mm&r=g","caption":"georg.blenk@krafthand-medien.de"}}]}},"_links":{"self":[{"href":"https:\/\/www.krafthand.de\/truck\/wp-json\/wp\/v2\/posts\/30553","targetHints":{"allow":["GET"]}}],"collection":[{"href":"https:\/\/www.krafthand.de\/truck\/wp-json\/wp\/v2\/posts"}],"about":[{"href":"https:\/\/www.krafthand.de\/truck\/wp-json\/wp\/v2\/types\/post"}],"author":[{"embeddable":true,"href":"https:\/\/www.krafthand.de\/truck\/wp-json\/wp\/v2\/users\/9"}],"replies":[{"embeddable":true,"href":"https:\/\/www.krafthand.de\/truck\/wp-json\/wp\/v2\/comments?post=30553"}],"version-history":[{"count":7,"href":"https:\/\/www.krafthand.de\/truck\/wp-json\/wp\/v2\/posts\/30553\/revisions"}],"predecessor-version":[{"id":30561,"href":"https:\/\/www.krafthand.de\/truck\/wp-json\/wp\/v2\/posts\/30553\/revisions\/30561"}],"wp:featuredmedia":[{"embeddable":true,"href":"https:\/\/www.krafthand.de\/truck\/wp-json\/wp\/v2\/media\/30555"}],"wp:attachment":[{"href":"https:\/\/www.krafthand.de\/truck\/wp-json\/wp\/v2\/media?parent=30553"}],"wp:term":[{"taxonomy":"category","embeddable":true,"href":"https:\/\/www.krafthand.de\/truck\/wp-json\/wp\/v2\/categories?post=30553"},{"taxonomy":"post_tag","embeddable":true,"href":"https:\/\/www.krafthand.de\/truck\/wp-json\/wp\/v2\/tags?post=30553"},{"taxonomy":"settings","embeddable":true,"href":"https:\/\/www.krafthand.de\/truck\/wp-json\/wp\/v2\/settings?post=30553"}],"curies":[{"name":"wp","href":"https:\/\/api.w.org\/{rel}","templated":true}]}}