{"id":30532,"date":"2021-12-03T09:43:43","date_gmt":"2021-12-03T08:43:43","guid":{"rendered":"https:\/\/www.krafthand.de\/truck\/?p=30532"},"modified":"2021-12-06T07:54:17","modified_gmt":"2021-12-06T06:54:17","slug":"erster-e-lkw-25-p-in-limburg-unterwegs","status":"publish","type":"post","link":"https:\/\/www.krafthand.de\/truck\/artikel\/erster-e-lkw-25-p-in-limburg-unterwegs-30532\/","title":{"rendered":"Erster Scania E-Lkw 25 P in Limburg unterwegs"},"content":{"rendered":"<p>Ende November 2021 hat Bona Deutschland mit Sitz im hessischen Limburg a. d. Lahn den ersten in der Bundesrepublik betriebenen <strong>Scania Elektro-Lkw<\/strong> in seinen Fuhrpark \u00fcbernommen. Der Spezialist f\u00fcr Systeml\u00f6sungen rund um Fu\u00dfb\u00f6den will damit einen Beitrag f\u00fcr eine nachhaltige City-Logistik in der Domstadt leisten.<\/p>\n<h3>\u00dcbergabe des ersten 25 P in Limburg<\/h3>\n<p>W\u00e4hrend das St\u00fchler\u00fccken bei der <a href=\"https:\/\/www.scania.com\/de\/de\/home.html\" target=\"_blank\" rel=\"noopener\">Scania<\/a>-Schwester MAN munter weiter geht und man eher mit sich selbst besch\u00e4ftigt zu sein scheint (beide Unternehmen sind T\u00f6chter der <a href=\"https:\/\/traton.com\/de.html\" target=\"_blank\" rel=\"noopener\">Traton-Gruppe<\/a>, die zur Volkswagen AG geh\u00f6rt), konzentriert man sich bei Scania auf seine Produkte. So konnte k\u00fcrzlich das Limburger Unternehmen <a href=\"https:\/\/www1.bona.com\/de\/privatkunden\/\" target=\"_blank\" rel=\"noopener\">Bona<\/a> den ersten vollelektrischen Scania Lkw, mit der offiziellen Modellbezeichnung 25 P \u00fcbernehmen. \u201eScania hat uns bei der Wahl unseres Elektrofahrzeugs gut beraten und uns einen reibungslosen Einstieg in diese neue Technologie erm\u00f6glicht&#8220;, berichtet Dr. Thomas Brokamp, Gesch\u00e4ftsf\u00fchrer von Bona Deutschland. Gemeinsam mit dem Scania Verk\u00e4ufer Matthias Metzen wurde vorab der Bedarf und das Einsatzgebiet des Kunden Bona analysiert, und anschlie\u00dfend ein ma\u00dfgeschneidertes Fahrzeug konfiguriert. Dieser batterieelektrische Lkw soll als City-Shuttle auf vier bis f\u00fcnf Touren t\u00e4glich fertige Produkte von der Produktionsanlage im S\u00fcden der Stadt in das knapp sechs Kilometer entfernte Distributionszentrum im Norden transportieren. Exakt 21 Euro-Paletten finden laut Scania bei jeder Tour auf der Ladefl\u00e4che Platz.<\/p>\n<figure id=\"attachment_30545\" aria-describedby=\"caption-attachment-30545\" style=\"width: 460px\" class=\"wp-caption alignright\"><a href=\"https:\/\/static.krafthand-truck.de\/uploads\/2021\/12\/Scania_25P_BEV.jpg\" target=\"_blank\" rel=\"noopener\"><img fetchpriority=\"high\" decoding=\"async\" class=\"wp-image-30545\" src=\"https:\/\/static.krafthand-truck.de\/uploads\/2021\/12\/Scania_25P_BEV-300x198.jpg\" alt=\"\" width=\"460\" height=\"304\" srcset=\"https:\/\/static.krafthand-truck.de\/uploads\/2021\/12\/Scania_25P_BEV-300x198.jpg 300w, https:\/\/static.krafthand-truck.de\/uploads\/2021\/12\/Scania_25P_BEV-1024x676.jpg 1024w, https:\/\/static.krafthand-truck.de\/uploads\/2021\/12\/Scania_25P_BEV-768x507.jpg 768w, https:\/\/static.krafthand-truck.de\/uploads\/2021\/12\/Scania_25P_BEV.jpg 1200w\" sizes=\"(max-width: 460px) 100vw, 460px\" \/><\/a><figcaption id=\"caption-attachment-30545\" class=\"wp-caption-text\">Der neue batterieelektrische Scania 25 P wird als City-Shuttle in Limburg unterwegs sein. Bild: Scania<\/figcaption><\/figure>\n<h3><strong>Der Antrieb<\/strong><\/h3>\n<p>Das neue Modell der Scania Baureihe &#8218;P&#8216; zeichnet sich laut Scania durch einen komfortablen Einstieg in das Fahrerhaus aus, das eine ausgezeichneter Sicht auf das Verkehrsgeschehen erm\u00f6glicht und eigens f\u00fcr den innerst\u00e4dtischen Einsatz konzipiert wurde. Die Ziffer &#8217;25&#8216; in der Typenbezeichnung gibt die Leistung an, mit der der Lkw unterwegs ist \u2013 bis zu 230 kW (312 PS) Nennleistung stellt die E-Maschine zur Verf\u00fcgung. Das ist laut Scania genug Power, um das zul\u00e4ssige Fahrzeuggewicht des Dreiachsers von 26 Tonnen zu bewegen.<\/p>\n<blockquote><p>\u201eDer elektrische Antriebstrang gl\u00e4nzt gerade bei niedrigen Drehzahlen und bei Anfahrsituationen mit einer deutlichen besseren Beschleunigung und mehr Zugkraft im Vergleich zum Diesel\u201c, wei\u00df Christian Hottgenroth, Direktor Verkauf Lkw, Scania Deutschland \u00d6sterreich.<\/p><\/blockquote>\n<p>Die Energie f\u00fcr den Vortrieb speichert der Scania 25 P in f\u00fcnf Lithium-Ionen-Akkus, die jeweils mit einer Kapazit\u00e4t von 33 kW\/h aufwarten. <em>\u201eDie elektrische Reichweite h\u00e4ngt in erster Linie von den Faktoren Fahrstil, Beladung sowie Topographie ab\u201c<\/em>, erkl\u00e4rt Hottgenroth. Unter optimalen Bedingungen sind die Antriebsbatterien mit der Gesamtkapazit\u00e4t von 165 kW\/h f\u00fcr eine Reichweite bis zu 110 Kilometern ausgelegt, im realen Fahrbetrieb sind 70 bis 90 Kilometer zu erwarten. Da beim City-Shuttle in Limburg am Ende eines Arbeitstags in der Regel nur zwischen 50 und 60 Kilometer auf dem Tacho stehen, reicht die Leistung f\u00fcr das geplante Einsatzprofil v\u00f6llig aus.<\/p>\n<h3>Voll geladen<\/h3>\n<p>Den Weg zur Stromtankstelle kann sich der Scania 25 P sparen. Bona m\u00f6chte k\u00fcnftig eine Photovoltaikanlage auf dem Gel\u00e4nde des Distributionszentrums in Eigenregie betreiben. &#8218;Getankt&#8216; wird also &#8218;gr\u00fcner Strom&#8216;. Der vollelektrische Lkw von Scania wird mit Gleichstrom geladen. Daf\u00fcr haben die Schweden ihrem E-Lkw eine Ladeleistung von 130 kW spendiert, mit der sich die Akkus bei 20 Prozent Kapazit\u00e4t in einer guten Stunde vollst\u00e4ndig aufladen lassen. Ist mehr Reichweite gefragt, reicht ein Zwischenstopp von einer halben Stunde an der Lades\u00e4ule, um Energie f\u00fcr weitere 50 oder 60 Kilometer zu laden. Der Ladevorgang selbst geht laut Scania einfach von der Hand. F\u00fcr die Verbindung zwischen Lades\u00e4ule und Fahrzeug sorgen Ladekabel und Stecker der zweiten Generation des in Europa als Standard etablierten Combined Charging Systems (CCS2). Der Anschluss im Scania 25 P befindet sich hinter einer Abdeckung oberhalb des rechten Scheinwerfers, die sich mit einem Handgriff einfach zur Seite \u00f6ffnen l\u00e4sst. F\u00fcr Bona geht es in der ersten Betriebsphase vor allem darum, den neuen Elektro-Lkw unter realen Bedingungen kennenzulernen. Ein Fokus wird dabei auf der Leistungsf\u00e4higkeit der Batterien liegen \u2013 die Fahrer m\u00fcssten schlie\u00dflich erstmal ein Gef\u00fchl daf\u00fcr bekommen, wie sie das Potenzial ihres elektrischen Lkw bestm\u00f6glich nutzen k\u00f6nnen.<\/p>\n<p>&nbsp;<\/p>\n\r\n\t\t\t\t<div class=\"post-author\">\r\n\t\t\t\t\t<div class=\"khm-cp-author clearfix\">\r\n\t\t\t\t\t\t<div class=\"khm-cp-author__content\">\r\n\t\t\t\t\t\t\t\tKontakt zum Autor:<br \/>\r\n\t\t\t\t\t\t\t\t<strong>Georg Blenk<\/strong>, 08247 \/ 3007-45 |  <a href=\"mailto:georg.blenk@krafthand-medien.de\">georg.blenk@krafthand-medien.de<\/a>\r\n\t\t\t\t\t\t\t<div class=\"khm-cp-author__image\">\r\n\t\t\t\t\t\t<img src=\"https:\/\/static.krafthand-truck.de\/uploads\/2021\/01\/Blenk_6104-250x300-1-removebg-preview.png\" class=\"img-responsive\">\r\n\t\t\t\t\t<\/div>\r\n\t\t\t\t\t\t<\/div>\r\n\t\t\t\t\t<\/div>\r\n\t\t\t\t<\/div>\r\n\t\t\t\t","protected":false},"excerpt":{"rendered":"<p>Ende November 2021 hat Bona Deutschland mit Sitz im hessischen Limburg a. d. Lahn den ersten in der Bundesrepublik betriebenen Scania Elektro-Lkw mit der Modellbezeichnung 25P in seinen Fuhrpark \u00fcbernommen. Der Spezialist f\u00fcr Systeml\u00f6sungen rund um Fu\u00dfb\u00f6den will damit einen Beitrag f\u00fcr eine nachhaltige City-Logistik in der Domstadt leisten. <span class=\"excerpt-more__dots\">&#8230;<\/span> <a class=\"excerpt-more__link\" href=\"https:\/\/www.krafthand.de\/truck\/artikel\/erster-e-lkw-25-p-in-limburg-unterwegs-30532\/\" >weiter<\/a><\/p>\n","protected":false},"author":9,"featured_media":30547,"comment_status":"closed","ping_status":"closed","sticky":false,"template":"","format":"standard","meta":{"footnotes":""},"categories":[4224,4915],"tags":[4511,4942,4177,4943,4941],"settings":[3524,4766,3523],"class_list":["post-30532","post","type-post","status-publish","format-standard","has-post-thumbnail","hentry","category-e-antrieb","category-neue-fahrzeuge","tag-bev","tag-bona","tag-e-lkw","tag-limburg","tag-scania-25p"],"yoast_head":"<!-- This site is optimized with the Yoast SEO plugin v27.3 - https:\/\/yoast.com\/product\/yoast-seo-wordpress\/ -->\n<title>E-Lkw: Erster Scania 25P in Limburg bei Bona unterwegs<\/title>\n<meta name=\"description\" content=\"Ende November 2021 hat Bona Deutschland mit Sitz im hessischen Limburg a. d. Lahn den ersten in der Bundesrepublik betriebenen Scania Elektro-Lkw mit der Modellbezeichnung 25P in seinen Fuhrpark \u00fcbernommen. Der Spezialist f\u00fcr Systeml\u00f6sungen rund um Fu\u00dfb\u00f6den will damit einen Beitrag f\u00fcr eine nachhaltige City-Logistik in der Domstadt leisten.\" \/>\n<meta name=\"robots\" content=\"index, follow, max-snippet:-1, max-image-preview:large, max-video-preview:-1\" \/>\n<link rel=\"canonical\" href=\"https:\/\/www.krafthand.de\/truck\/artikel\/erster-e-lkw-25-p-in-limburg-unterwegs-30532\/\" \/>\n<meta property=\"og:locale\" content=\"de_DE\" \/>\n<meta property=\"og:type\" content=\"article\" \/>\n<meta property=\"og:title\" content=\"E-Lkw: Erster Scania 25P in Limburg bei Bona unterwegs\" \/>\n<meta property=\"og:description\" content=\"Ende November 2021 hat Bona Deutschland mit Sitz im hessischen Limburg a. d. Lahn den ersten in der Bundesrepublik betriebenen Scania Elektro-Lkw mit der Modellbezeichnung 25P in seinen Fuhrpark \u00fcbernommen. Der Spezialist f\u00fcr Systeml\u00f6sungen rund um Fu\u00dfb\u00f6den will damit einen Beitrag f\u00fcr eine nachhaltige City-Logistik in der Domstadt leisten.\" \/>\n<meta property=\"og:url\" content=\"https:\/\/www.krafthand-truck.de\/artikel\/erster-e-lkw-25-p-in-limburg-unterwegs-30532\/\" \/>\n<meta property=\"og:site_name\" content=\"Krafthand-Truck\" \/>\n<meta property=\"article:published_time\" content=\"2021-12-03T08:43:43+00:00\" \/>\n<meta property=\"article:modified_time\" content=\"2021-12-06T06:54:17+00:00\" \/>\n<meta property=\"og:image\" content=\"https:\/\/static.krafthand-truck.de\/uploads\/2021\/12\/Scania_BEV_25P_Uebergabe_Bona_limburg.jpg\" \/>\n\t<meta property=\"og:image:width\" content=\"1200\" \/>\n\t<meta property=\"og:image:height\" content=\"771\" \/>\n\t<meta property=\"og:image:type\" content=\"image\/jpeg\" \/>\n<meta name=\"author\" content=\"georg.blenk@krafthand-medien.de\" \/>\n<meta name=\"twitter:card\" content=\"summary_large_image\" \/>\n<meta name=\"twitter:label1\" content=\"Verfasst von\" \/>\n\t<meta name=\"twitter:data1\" content=\"georg.blenk@krafthand-medien.de\" \/>\n\t<meta name=\"twitter:label2\" content=\"Gesch\u00e4tzte Lesezeit\" \/>\n\t<meta name=\"twitter:data2\" content=\"3\u00a0Minuten\" \/>\n<script type=\"application\/ld+json\" class=\"yoast-schema-graph\">{\"@context\":\"https:\\\/\\\/schema.org\",\"@graph\":[{\"@type\":\"Article\",\"@id\":\"https:\\\/\\\/www.krafthand.de\\\/truck\\\/artikel\\\/erster-e-lkw-25-p-in-limburg-unterwegs-30532\\\/#article\",\"isPartOf\":{\"@id\":\"https:\\\/\\\/www.krafthand.de\\\/truck\\\/artikel\\\/erster-e-lkw-25-p-in-limburg-unterwegs-30532\\\/\"},\"author\":{\"name\":\"georg.blenk@krafthand-medien.de\",\"@id\":\"https:\\\/\\\/www.krafthand.de\\\/truck\\\/#\\\/schema\\\/person\\\/51fa80b1c57034c4bf63f9f988fc24ce\"},\"headline\":\"Erster Scania E-Lkw 25 P in Limburg unterwegs\",\"datePublished\":\"2021-12-03T08:43:43+00:00\",\"dateModified\":\"2021-12-06T06:54:17+00:00\",\"mainEntityOfPage\":{\"@id\":\"https:\\\/\\\/www.krafthand.de\\\/truck\\\/artikel\\\/erster-e-lkw-25-p-in-limburg-unterwegs-30532\\\/\"},\"wordCount\":684,\"image\":{\"@id\":\"https:\\\/\\\/www.krafthand.de\\\/truck\\\/artikel\\\/erster-e-lkw-25-p-in-limburg-unterwegs-30532\\\/#primaryimage\"},\"thumbnailUrl\":\"https:\\\/\\\/static.krafthand-truck.de\\\/uploads\\\/2021\\\/12\\\/Scania_BEV_25P_Uebergabe_Bona_limburg.jpg\",\"keywords\":[\"BEV\",\"Bona\",\"E-Lkw\",\"Limburg\",\"Scania 25P\"],\"articleSection\":[\"E-Antrieb (BEV\\\/FCEV)\",\"Neue Fahrzeuge\"],\"inLanguage\":\"de\"},{\"@type\":\"WebPage\",\"@id\":\"https:\\\/\\\/www.krafthand.de\\\/truck\\\/artikel\\\/erster-e-lkw-25-p-in-limburg-unterwegs-30532\\\/\",\"url\":\"https:\\\/\\\/www.krafthand.de\\\/truck\\\/artikel\\\/erster-e-lkw-25-p-in-limburg-unterwegs-30532\\\/\",\"name\":\"E-Lkw: Erster Scania 25P in Limburg bei Bona unterwegs\",\"isPartOf\":{\"@id\":\"https:\\\/\\\/www.krafthand.de\\\/truck\\\/#website\"},\"primaryImageOfPage\":{\"@id\":\"https:\\\/\\\/www.krafthand.de\\\/truck\\\/artikel\\\/erster-e-lkw-25-p-in-limburg-unterwegs-30532\\\/#primaryimage\"},\"image\":{\"@id\":\"https:\\\/\\\/www.krafthand.de\\\/truck\\\/artikel\\\/erster-e-lkw-25-p-in-limburg-unterwegs-30532\\\/#primaryimage\"},\"thumbnailUrl\":\"https:\\\/\\\/static.krafthand-truck.de\\\/uploads\\\/2021\\\/12\\\/Scania_BEV_25P_Uebergabe_Bona_limburg.jpg\",\"datePublished\":\"2021-12-03T08:43:43+00:00\",\"dateModified\":\"2021-12-06T06:54:17+00:00\",\"author\":{\"@id\":\"https:\\\/\\\/www.krafthand.de\\\/truck\\\/#\\\/schema\\\/person\\\/51fa80b1c57034c4bf63f9f988fc24ce\"},\"description\":\"Ende November 2021 hat Bona Deutschland mit Sitz im hessischen Limburg a. d. Lahn den ersten in der Bundesrepublik betriebenen Scania Elektro-Lkw mit der Modellbezeichnung 25P in seinen Fuhrpark \u00fcbernommen. Der Spezialist f\u00fcr Systeml\u00f6sungen rund um Fu\u00dfb\u00f6den will damit einen Beitrag f\u00fcr eine nachhaltige City-Logistik in der Domstadt leisten.\",\"breadcrumb\":{\"@id\":\"https:\\\/\\\/www.krafthand.de\\\/truck\\\/artikel\\\/erster-e-lkw-25-p-in-limburg-unterwegs-30532\\\/#breadcrumb\"},\"inLanguage\":\"de\",\"potentialAction\":[{\"@type\":\"ReadAction\",\"target\":[\"https:\\\/\\\/www.krafthand.de\\\/truck\\\/artikel\\\/erster-e-lkw-25-p-in-limburg-unterwegs-30532\\\/\"]}]},{\"@type\":\"ImageObject\",\"inLanguage\":\"de\",\"@id\":\"https:\\\/\\\/www.krafthand.de\\\/truck\\\/artikel\\\/erster-e-lkw-25-p-in-limburg-unterwegs-30532\\\/#primaryimage\",\"url\":\"https:\\\/\\\/static.krafthand-truck.de\\\/uploads\\\/2021\\\/12\\\/Scania_BEV_25P_Uebergabe_Bona_limburg.jpg\",\"contentUrl\":\"https:\\\/\\\/static.krafthand-truck.de\\\/uploads\\\/2021\\\/12\\\/Scania_BEV_25P_Uebergabe_Bona_limburg.jpg\",\"width\":1200,\"height\":771},{\"@type\":\"BreadcrumbList\",\"@id\":\"https:\\\/\\\/www.krafthand.de\\\/truck\\\/artikel\\\/erster-e-lkw-25-p-in-limburg-unterwegs-30532\\\/#breadcrumb\",\"itemListElement\":[{\"@type\":\"ListItem\",\"position\":1,\"name\":\"Krafthand-Truck\",\"item\":\"https:\\\/\\\/www.krafthand.de\\\/truck\\\/\"},{\"@type\":\"ListItem\",\"position\":2,\"name\":\"IT+Fuhrpark\",\"item\":\"https:\\\/\\\/www.krafthand.de\\\/truck\\\/kategorie\\\/fuhrpark\\\/\"},{\"@type\":\"ListItem\",\"position\":3,\"name\":\"Neue Fahrzeuge\",\"item\":\"https:\\\/\\\/www.krafthand.de\\\/truck\\\/kategorie\\\/fuhrpark\\\/neue-fahrzeuge\\\/\"},{\"@type\":\"ListItem\",\"position\":4,\"name\":\"Erster Scania E-Lkw 25 P in Limburg unterwegs\"}]},{\"@type\":\"WebSite\",\"@id\":\"https:\\\/\\\/www.krafthand.de\\\/truck\\\/#website\",\"url\":\"https:\\\/\\\/www.krafthand.de\\\/truck\\\/\",\"name\":\"Krafthand-Truck\",\"description\":\"\",\"potentialAction\":[{\"@type\":\"SearchAction\",\"target\":{\"@type\":\"EntryPoint\",\"urlTemplate\":\"https:\\\/\\\/www.krafthand.de\\\/truck\\\/?s={search_term_string}\"},\"query-input\":{\"@type\":\"PropertyValueSpecification\",\"valueRequired\":true,\"valueName\":\"search_term_string\"}}],\"inLanguage\":\"de\"},{\"@type\":\"Person\",\"@id\":\"https:\\\/\\\/www.krafthand.de\\\/truck\\\/#\\\/schema\\\/person\\\/51fa80b1c57034c4bf63f9f988fc24ce\",\"name\":\"georg.blenk@krafthand-medien.de\",\"image\":{\"@type\":\"ImageObject\",\"inLanguage\":\"de\",\"@id\":\"https:\\\/\\\/secure.gravatar.com\\\/avatar\\\/93713c30affe0aa95d3a4130e499bb1abee2eb31adbdd9ce2aa1543538490215?s=96&d=mm&r=g\",\"url\":\"https:\\\/\\\/secure.gravatar.com\\\/avatar\\\/93713c30affe0aa95d3a4130e499bb1abee2eb31adbdd9ce2aa1543538490215?s=96&d=mm&r=g\",\"contentUrl\":\"https:\\\/\\\/secure.gravatar.com\\\/avatar\\\/93713c30affe0aa95d3a4130e499bb1abee2eb31adbdd9ce2aa1543538490215?s=96&d=mm&r=g\",\"caption\":\"georg.blenk@krafthand-medien.de\"}}]}<\/script>\n<!-- \/ Yoast SEO plugin. -->","yoast_head_json":{"title":"E-Lkw: Erster Scania 25P in Limburg bei Bona unterwegs","description":"Ende November 2021 hat Bona Deutschland mit Sitz im hessischen Limburg a. d. Lahn den ersten in der Bundesrepublik betriebenen Scania Elektro-Lkw mit der Modellbezeichnung 25P in seinen Fuhrpark \u00fcbernommen. Der Spezialist f\u00fcr Systeml\u00f6sungen rund um Fu\u00dfb\u00f6den will damit einen Beitrag f\u00fcr eine nachhaltige City-Logistik in der Domstadt leisten.","robots":{"index":"index","follow":"follow","max-snippet":"max-snippet:-1","max-image-preview":"max-image-preview:large","max-video-preview":"max-video-preview:-1"},"canonical":"https:\/\/www.krafthand.de\/truck\/artikel\/erster-e-lkw-25-p-in-limburg-unterwegs-30532\/","og_locale":"de_DE","og_type":"article","og_title":"E-Lkw: Erster Scania 25P in Limburg bei Bona unterwegs","og_description":"Ende November 2021 hat Bona Deutschland mit Sitz im hessischen Limburg a. d. Lahn den ersten in der Bundesrepublik betriebenen Scania Elektro-Lkw mit der Modellbezeichnung 25P in seinen Fuhrpark \u00fcbernommen. Der Spezialist f\u00fcr Systeml\u00f6sungen rund um Fu\u00dfb\u00f6den will damit einen Beitrag f\u00fcr eine nachhaltige City-Logistik in der Domstadt leisten.","og_url":"https:\/\/www.krafthand-truck.de\/artikel\/erster-e-lkw-25-p-in-limburg-unterwegs-30532\/","og_site_name":"Krafthand-Truck","article_published_time":"2021-12-03T08:43:43+00:00","article_modified_time":"2021-12-06T06:54:17+00:00","og_image":[{"width":1200,"height":771,"url":"https:\/\/static.krafthand-truck.de\/uploads\/2021\/12\/Scania_BEV_25P_Uebergabe_Bona_limburg.jpg","type":"image\/jpeg"}],"author":"georg.blenk@krafthand-medien.de","twitter_card":"summary_large_image","twitter_misc":{"Verfasst von":"georg.blenk@krafthand-medien.de","Gesch\u00e4tzte Lesezeit":"3\u00a0Minuten"},"schema":{"@context":"https:\/\/schema.org","@graph":[{"@type":"Article","@id":"https:\/\/www.krafthand.de\/truck\/artikel\/erster-e-lkw-25-p-in-limburg-unterwegs-30532\/#article","isPartOf":{"@id":"https:\/\/www.krafthand.de\/truck\/artikel\/erster-e-lkw-25-p-in-limburg-unterwegs-30532\/"},"author":{"name":"georg.blenk@krafthand-medien.de","@id":"https:\/\/www.krafthand.de\/truck\/#\/schema\/person\/51fa80b1c57034c4bf63f9f988fc24ce"},"headline":"Erster Scania E-Lkw 25 P in Limburg unterwegs","datePublished":"2021-12-03T08:43:43+00:00","dateModified":"2021-12-06T06:54:17+00:00","mainEntityOfPage":{"@id":"https:\/\/www.krafthand.de\/truck\/artikel\/erster-e-lkw-25-p-in-limburg-unterwegs-30532\/"},"wordCount":684,"image":{"@id":"https:\/\/www.krafthand.de\/truck\/artikel\/erster-e-lkw-25-p-in-limburg-unterwegs-30532\/#primaryimage"},"thumbnailUrl":"https:\/\/static.krafthand-truck.de\/uploads\/2021\/12\/Scania_BEV_25P_Uebergabe_Bona_limburg.jpg","keywords":["BEV","Bona","E-Lkw","Limburg","Scania 25P"],"articleSection":["E-Antrieb (BEV\/FCEV)","Neue Fahrzeuge"],"inLanguage":"de"},{"@type":"WebPage","@id":"https:\/\/www.krafthand.de\/truck\/artikel\/erster-e-lkw-25-p-in-limburg-unterwegs-30532\/","url":"https:\/\/www.krafthand.de\/truck\/artikel\/erster-e-lkw-25-p-in-limburg-unterwegs-30532\/","name":"E-Lkw: Erster Scania 25P in Limburg bei Bona unterwegs","isPartOf":{"@id":"https:\/\/www.krafthand.de\/truck\/#website"},"primaryImageOfPage":{"@id":"https:\/\/www.krafthand.de\/truck\/artikel\/erster-e-lkw-25-p-in-limburg-unterwegs-30532\/#primaryimage"},"image":{"@id":"https:\/\/www.krafthand.de\/truck\/artikel\/erster-e-lkw-25-p-in-limburg-unterwegs-30532\/#primaryimage"},"thumbnailUrl":"https:\/\/static.krafthand-truck.de\/uploads\/2021\/12\/Scania_BEV_25P_Uebergabe_Bona_limburg.jpg","datePublished":"2021-12-03T08:43:43+00:00","dateModified":"2021-12-06T06:54:17+00:00","author":{"@id":"https:\/\/www.krafthand.de\/truck\/#\/schema\/person\/51fa80b1c57034c4bf63f9f988fc24ce"},"description":"Ende November 2021 hat Bona Deutschland mit Sitz im hessischen Limburg a. d. Lahn den ersten in der Bundesrepublik betriebenen Scania Elektro-Lkw mit der Modellbezeichnung 25P in seinen Fuhrpark \u00fcbernommen. Der Spezialist f\u00fcr Systeml\u00f6sungen rund um Fu\u00dfb\u00f6den will damit einen Beitrag f\u00fcr eine nachhaltige City-Logistik in der Domstadt leisten.","breadcrumb":{"@id":"https:\/\/www.krafthand.de\/truck\/artikel\/erster-e-lkw-25-p-in-limburg-unterwegs-30532\/#breadcrumb"},"inLanguage":"de","potentialAction":[{"@type":"ReadAction","target":["https:\/\/www.krafthand.de\/truck\/artikel\/erster-e-lkw-25-p-in-limburg-unterwegs-30532\/"]}]},{"@type":"ImageObject","inLanguage":"de","@id":"https:\/\/www.krafthand.de\/truck\/artikel\/erster-e-lkw-25-p-in-limburg-unterwegs-30532\/#primaryimage","url":"https:\/\/static.krafthand-truck.de\/uploads\/2021\/12\/Scania_BEV_25P_Uebergabe_Bona_limburg.jpg","contentUrl":"https:\/\/static.krafthand-truck.de\/uploads\/2021\/12\/Scania_BEV_25P_Uebergabe_Bona_limburg.jpg","width":1200,"height":771},{"@type":"BreadcrumbList","@id":"https:\/\/www.krafthand.de\/truck\/artikel\/erster-e-lkw-25-p-in-limburg-unterwegs-30532\/#breadcrumb","itemListElement":[{"@type":"ListItem","position":1,"name":"Krafthand-Truck","item":"https:\/\/www.krafthand.de\/truck\/"},{"@type":"ListItem","position":2,"name":"IT+Fuhrpark","item":"https:\/\/www.krafthand.de\/truck\/kategorie\/fuhrpark\/"},{"@type":"ListItem","position":3,"name":"Neue Fahrzeuge","item":"https:\/\/www.krafthand.de\/truck\/kategorie\/fuhrpark\/neue-fahrzeuge\/"},{"@type":"ListItem","position":4,"name":"Erster Scania E-Lkw 25 P in Limburg unterwegs"}]},{"@type":"WebSite","@id":"https:\/\/www.krafthand.de\/truck\/#website","url":"https:\/\/www.krafthand.de\/truck\/","name":"Krafthand-Truck","description":"","potentialAction":[{"@type":"SearchAction","target":{"@type":"EntryPoint","urlTemplate":"https:\/\/www.krafthand.de\/truck\/?s={search_term_string}"},"query-input":{"@type":"PropertyValueSpecification","valueRequired":true,"valueName":"search_term_string"}}],"inLanguage":"de"},{"@type":"Person","@id":"https:\/\/www.krafthand.de\/truck\/#\/schema\/person\/51fa80b1c57034c4bf63f9f988fc24ce","name":"georg.blenk@krafthand-medien.de","image":{"@type":"ImageObject","inLanguage":"de","@id":"https:\/\/secure.gravatar.com\/avatar\/93713c30affe0aa95d3a4130e499bb1abee2eb31adbdd9ce2aa1543538490215?s=96&d=mm&r=g","url":"https:\/\/secure.gravatar.com\/avatar\/93713c30affe0aa95d3a4130e499bb1abee2eb31adbdd9ce2aa1543538490215?s=96&d=mm&r=g","contentUrl":"https:\/\/secure.gravatar.com\/avatar\/93713c30affe0aa95d3a4130e499bb1abee2eb31adbdd9ce2aa1543538490215?s=96&d=mm&r=g","caption":"georg.blenk@krafthand-medien.de"}}]}},"_links":{"self":[{"href":"https:\/\/www.krafthand.de\/truck\/wp-json\/wp\/v2\/posts\/30532","targetHints":{"allow":["GET"]}}],"collection":[{"href":"https:\/\/www.krafthand.de\/truck\/wp-json\/wp\/v2\/posts"}],"about":[{"href":"https:\/\/www.krafthand.de\/truck\/wp-json\/wp\/v2\/types\/post"}],"author":[{"embeddable":true,"href":"https:\/\/www.krafthand.de\/truck\/wp-json\/wp\/v2\/users\/9"}],"replies":[{"embeddable":true,"href":"https:\/\/www.krafthand.de\/truck\/wp-json\/wp\/v2\/comments?post=30532"}],"version-history":[{"count":18,"href":"https:\/\/www.krafthand.de\/truck\/wp-json\/wp\/v2\/posts\/30532\/revisions"}],"predecessor-version":[{"id":30552,"href":"https:\/\/www.krafthand.de\/truck\/wp-json\/wp\/v2\/posts\/30532\/revisions\/30552"}],"wp:featuredmedia":[{"embeddable":true,"href":"https:\/\/www.krafthand.de\/truck\/wp-json\/wp\/v2\/media\/30547"}],"wp:attachment":[{"href":"https:\/\/www.krafthand.de\/truck\/wp-json\/wp\/v2\/media?parent=30532"}],"wp:term":[{"taxonomy":"category","embeddable":true,"href":"https:\/\/www.krafthand.de\/truck\/wp-json\/wp\/v2\/categories?post=30532"},{"taxonomy":"post_tag","embeddable":true,"href":"https:\/\/www.krafthand.de\/truck\/wp-json\/wp\/v2\/tags?post=30532"},{"taxonomy":"settings","embeddable":true,"href":"https:\/\/www.krafthand.de\/truck\/wp-json\/wp\/v2\/settings?post=30532"}],"curies":[{"name":"wp","href":"https:\/\/api.w.org\/{rel}","templated":true}]}}