{"id":30526,"date":"2021-12-03T08:30:14","date_gmt":"2021-12-03T07:30:14","guid":{"rendered":"https:\/\/www.krafthand.de\/truck\/?p=30526"},"modified":"2021-12-03T08:31:13","modified_gmt":"2021-12-03T07:31:13","slug":"christoph-fitz-ist-neuer-vertriebsdirektor-von-volvo-trucks-deutschland","status":"publish","type":"post","link":"https:\/\/www.krafthand.de\/truck\/artikel\/christoph-fitz-ist-neuer-vertriebsdirektor-von-volvo-trucks-deutschland-30526\/","title":{"rendered":"Christoph Fitz ist neuer Vertriebsdirektor von Volvo Trucks Deutschland"},"content":{"rendered":"<p>Christoph Fitz ist neuer Vertriebsdirektor von <a href=\"https:\/\/www.volvotrucks.de\" target=\"_blank\" rel=\"noopener\">Volvo Trucks<\/a> in Deutschland. Fitz ist seit dem 15.11.2021 am Hauptsitz von Volvo Group Trucks in Ismaning bei M\u00fcnchen t\u00e4tig. Er folgt damit auf Peter Str\u00f6m, Gesch\u00e4ftsf\u00fchrer und Vice President der Volvo Group Trucks Central Europe GmbH, der die Stelle seit seinem Antritt im Dezember 2020 zus\u00e4tzlich inne hatte.<\/p>\n<blockquote><p>&#8222;Wir hei\u00dfen Herrn Fitz ganz herzlich in der Volvo Welt willkommen, freuen uns auf eine angenehme Zusammenarbeit und w\u00fcnschen ihm einen guten Start sowie viel Erfolg und Spa\u00df in der neuen Aufgabe\u201d, so Peter Str\u00f6m.<\/p><\/blockquote>\n<p>Christoph Fitz kann auf mehr als 15 Jahre umfassende Erfahrungen in der Nutzfahrzeugindustrie zur\u00fcckblicken, die er in verschiedenen Stationen in der Daimler AG gesammelt hat. So war er unter anderem als Produkt Manager und Regional Sales Manager Mercedes-Benz Trucks t\u00e4tig, bevor er von 2010 an f\u00fcr f\u00fcnf Jahre f\u00fcr Daimler India Commercial Vehicles in Asien im Einsatz war. Fitz greift laut Volvo auf vielf\u00e4ltige Erfahrungen in Vertrieb, Entwicklung und Projektmanagement zur\u00fcck. Ab 2015 \u00fcbernahm er verschiedene F\u00fchrungsfunktionen im Vertrieb von Mitsubishi FUSO Trucks. Zuletzt war er als Regional Head Sales &amp; Service Europe, Russia &amp; Turkey t\u00e4tig.<\/p>\n<blockquote><p>\u201dIch freue mich, dass ich bei einem so vielseitig und zukunftsorientierten Unternehmen wie Volvo Trucks eine so wichtige Rolle \u00fcbernehmen darf. Es wird mein Ziel sein, den Wandel hin zu einer CO2 freieren Welt aktiv mit den Produkten von Volvo mitzugestalten\u201d, so der geb\u00fcrtige Schleswig-Holsteiner.<\/p><\/blockquote>\n<p>&nbsp;<\/p>\n","protected":false},"excerpt":{"rendered":"<p>Mit Wirkung vom 15. November 2021 verantwortet der 46-j\u00e4hrige Christoph Fitz, als neuer Director New Vehicle Sales Volvo Trucks, den Verkauf der neuen Lkw aus Schweden. Er folgt damit auf Peter Str\u00f6m selbst, der die Stelle seit seinem Antritt im Dezember 2020 zus\u00e4tzlich inne hatte. <span class=\"excerpt-more__dots\">&#8230;<\/span> <a class=\"excerpt-more__link\" href=\"https:\/\/www.krafthand.de\/truck\/artikel\/christoph-fitz-ist-neuer-vertriebsdirektor-von-volvo-trucks-deutschland-30526\/\" >weiter<\/a><\/p>\n","protected":false},"author":9,"featured_media":30529,"comment_status":"closed","ping_status":"closed","sticky":false,"template":"","format":"standard","meta":{"footnotes":""},"categories":[4238,4235],"tags":[4939,4940,241],"settings":[3523],"class_list":["post-30526","post","type-post","status-publish","format-standard","has-post-thumbnail","hentry","category-koepfe","category-unternehmen","tag-christoph-fitz","tag-peter-stroem","tag-volvo-trucks"],"yoast_head":"<!-- This site is optimized with the Yoast SEO plugin v27.3 - https:\/\/yoast.com\/product\/yoast-seo-wordpress\/ -->\n<title>Christoph Fitz ist neuer Vertriebsdirektor bei Volvo Trucks Deutschland<\/title>\n<meta name=\"description\" content=\"Mit Wirkung vom 15. November 2021 verantwortet der 46-j\u00e4hrige Christoph Fitz, als neuer Director New Vehicle Sales Volvo Trucks, den Verkauf der neuen Lkw aus Schweden. Er folgt damit auf Peter Str\u00f6m selbst, der die Stelle seit seinem Antritt im Dezember 2020 zus\u00e4tzlich inne hatte.\" \/>\n<meta name=\"robots\" content=\"index, follow, max-snippet:-1, max-image-preview:large, max-video-preview:-1\" \/>\n<link rel=\"canonical\" href=\"https:\/\/www.krafthand.de\/truck\/artikel\/christoph-fitz-ist-neuer-vertriebsdirektor-von-volvo-trucks-deutschland-30526\/\" \/>\n<meta property=\"og:locale\" content=\"de_DE\" \/>\n<meta property=\"og:type\" content=\"article\" \/>\n<meta property=\"og:title\" content=\"Christoph Fitz ist neuer Vertriebsdirektor bei Volvo Trucks Deutschland\" \/>\n<meta property=\"og:description\" content=\"Mit Wirkung vom 15. November 2021 verantwortet der 46-j\u00e4hrige Christoph Fitz, als neuer Director New Vehicle Sales Volvo Trucks, den Verkauf der neuen Lkw aus Schweden. Er folgt damit auf Peter Str\u00f6m selbst, der die Stelle seit seinem Antritt im Dezember 2020 zus\u00e4tzlich inne hatte.\" \/>\n<meta property=\"og:url\" content=\"https:\/\/www.krafthand-truck.de\/artikel\/christoph-fitz-ist-neuer-vertriebsdirektor-von-volvo-trucks-deutschland-30526\/\" \/>\n<meta property=\"og:site_name\" content=\"Krafthand-Truck\" \/>\n<meta property=\"article:published_time\" content=\"2021-12-03T07:30:14+00:00\" \/>\n<meta property=\"article:modified_time\" content=\"2021-12-03T07:31:13+00:00\" \/>\n<meta property=\"og:image\" content=\"https:\/\/static.krafthand-truck.de\/uploads\/2021\/12\/Christoph_Fitz_Volvo_Trucks_Krafthand_Truck.jpg\" \/>\n\t<meta property=\"og:image:width\" content=\"1227\" \/>\n\t<meta property=\"og:image:height\" content=\"780\" \/>\n\t<meta property=\"og:image:type\" content=\"image\/jpeg\" \/>\n<meta name=\"author\" content=\"georg.blenk@krafthand-medien.de\" \/>\n<meta name=\"twitter:card\" content=\"summary_large_image\" \/>\n<meta name=\"twitter:label1\" content=\"Verfasst von\" \/>\n\t<meta name=\"twitter:data1\" content=\"georg.blenk@krafthand-medien.de\" \/>\n\t<meta name=\"twitter:label2\" content=\"Gesch\u00e4tzte Lesezeit\" \/>\n\t<meta name=\"twitter:data2\" content=\"1\u00a0Minute\" \/>\n<script type=\"application\/ld+json\" class=\"yoast-schema-graph\">{\"@context\":\"https:\\\/\\\/schema.org\",\"@graph\":[{\"@type\":\"Article\",\"@id\":\"https:\\\/\\\/www.krafthand.de\\\/truck\\\/artikel\\\/christoph-fitz-ist-neuer-vertriebsdirektor-von-volvo-trucks-deutschland-30526\\\/#article\",\"isPartOf\":{\"@id\":\"https:\\\/\\\/www.krafthand.de\\\/truck\\\/artikel\\\/christoph-fitz-ist-neuer-vertriebsdirektor-von-volvo-trucks-deutschland-30526\\\/\"},\"author\":{\"name\":\"georg.blenk@krafthand-medien.de\",\"@id\":\"https:\\\/\\\/www.krafthand.de\\\/truck\\\/#\\\/schema\\\/person\\\/51fa80b1c57034c4bf63f9f988fc24ce\"},\"headline\":\"Christoph Fitz ist neuer Vertriebsdirektor von Volvo Trucks Deutschland\",\"datePublished\":\"2021-12-03T07:30:14+00:00\",\"dateModified\":\"2021-12-03T07:31:13+00:00\",\"mainEntityOfPage\":{\"@id\":\"https:\\\/\\\/www.krafthand.de\\\/truck\\\/artikel\\\/christoph-fitz-ist-neuer-vertriebsdirektor-von-volvo-trucks-deutschland-30526\\\/\"},\"wordCount\":256,\"image\":{\"@id\":\"https:\\\/\\\/www.krafthand.de\\\/truck\\\/artikel\\\/christoph-fitz-ist-neuer-vertriebsdirektor-von-volvo-trucks-deutschland-30526\\\/#primaryimage\"},\"thumbnailUrl\":\"https:\\\/\\\/static.krafthand-truck.de\\\/uploads\\\/2021\\\/12\\\/Christoph_Fitz_Volvo_Trucks_Krafthand_Truck.jpg\",\"keywords\":[\"Christoph Fitz\",\"Peter Str\u00f6m\",\"Volvo Trucks\"],\"articleSection\":[\"K\u00f6pfe\\\/Personen\",\"Unternehmen\"],\"inLanguage\":\"de\"},{\"@type\":\"WebPage\",\"@id\":\"https:\\\/\\\/www.krafthand.de\\\/truck\\\/artikel\\\/christoph-fitz-ist-neuer-vertriebsdirektor-von-volvo-trucks-deutschland-30526\\\/\",\"url\":\"https:\\\/\\\/www.krafthand.de\\\/truck\\\/artikel\\\/christoph-fitz-ist-neuer-vertriebsdirektor-von-volvo-trucks-deutschland-30526\\\/\",\"name\":\"Christoph Fitz ist neuer Vertriebsdirektor bei Volvo Trucks Deutschland\",\"isPartOf\":{\"@id\":\"https:\\\/\\\/www.krafthand.de\\\/truck\\\/#website\"},\"primaryImageOfPage\":{\"@id\":\"https:\\\/\\\/www.krafthand.de\\\/truck\\\/artikel\\\/christoph-fitz-ist-neuer-vertriebsdirektor-von-volvo-trucks-deutschland-30526\\\/#primaryimage\"},\"image\":{\"@id\":\"https:\\\/\\\/www.krafthand.de\\\/truck\\\/artikel\\\/christoph-fitz-ist-neuer-vertriebsdirektor-von-volvo-trucks-deutschland-30526\\\/#primaryimage\"},\"thumbnailUrl\":\"https:\\\/\\\/static.krafthand-truck.de\\\/uploads\\\/2021\\\/12\\\/Christoph_Fitz_Volvo_Trucks_Krafthand_Truck.jpg\",\"datePublished\":\"2021-12-03T07:30:14+00:00\",\"dateModified\":\"2021-12-03T07:31:13+00:00\",\"author\":{\"@id\":\"https:\\\/\\\/www.krafthand.de\\\/truck\\\/#\\\/schema\\\/person\\\/51fa80b1c57034c4bf63f9f988fc24ce\"},\"description\":\"Mit Wirkung vom 15. November 2021 verantwortet der 46-j\u00e4hrige Christoph Fitz, als neuer Director New Vehicle Sales Volvo Trucks, den Verkauf der neuen Lkw aus Schweden. Er folgt damit auf Peter Str\u00f6m selbst, der die Stelle seit seinem Antritt im Dezember 2020 zus\u00e4tzlich inne hatte.\",\"breadcrumb\":{\"@id\":\"https:\\\/\\\/www.krafthand.de\\\/truck\\\/artikel\\\/christoph-fitz-ist-neuer-vertriebsdirektor-von-volvo-trucks-deutschland-30526\\\/#breadcrumb\"},\"inLanguage\":\"de\",\"potentialAction\":[{\"@type\":\"ReadAction\",\"target\":[\"https:\\\/\\\/www.krafthand.de\\\/truck\\\/artikel\\\/christoph-fitz-ist-neuer-vertriebsdirektor-von-volvo-trucks-deutschland-30526\\\/\"]}]},{\"@type\":\"ImageObject\",\"inLanguage\":\"de\",\"@id\":\"https:\\\/\\\/www.krafthand.de\\\/truck\\\/artikel\\\/christoph-fitz-ist-neuer-vertriebsdirektor-von-volvo-trucks-deutschland-30526\\\/#primaryimage\",\"url\":\"https:\\\/\\\/static.krafthand-truck.de\\\/uploads\\\/2021\\\/12\\\/Christoph_Fitz_Volvo_Trucks_Krafthand_Truck.jpg\",\"contentUrl\":\"https:\\\/\\\/static.krafthand-truck.de\\\/uploads\\\/2021\\\/12\\\/Christoph_Fitz_Volvo_Trucks_Krafthand_Truck.jpg\",\"width\":1227,\"height\":780},{\"@type\":\"BreadcrumbList\",\"@id\":\"https:\\\/\\\/www.krafthand.de\\\/truck\\\/artikel\\\/christoph-fitz-ist-neuer-vertriebsdirektor-von-volvo-trucks-deutschland-30526\\\/#breadcrumb\",\"itemListElement\":[{\"@type\":\"ListItem\",\"position\":1,\"name\":\"Krafthand-Truck\",\"item\":\"https:\\\/\\\/www.krafthand.de\\\/truck\\\/\"},{\"@type\":\"ListItem\",\"position\":2,\"name\":\"Nfz-Branche\",\"item\":\"https:\\\/\\\/www.krafthand.de\\\/truck\\\/kategorie\\\/branche\\\/\"},{\"@type\":\"ListItem\",\"position\":3,\"name\":\"K\u00f6pfe\\\/Personen\",\"item\":\"https:\\\/\\\/www.krafthand.de\\\/truck\\\/kategorie\\\/branche\\\/koepfe\\\/\"},{\"@type\":\"ListItem\",\"position\":4,\"name\":\"Christoph Fitz ist neuer Vertriebsdirektor von Volvo Trucks Deutschland\"}]},{\"@type\":\"WebSite\",\"@id\":\"https:\\\/\\\/www.krafthand.de\\\/truck\\\/#website\",\"url\":\"https:\\\/\\\/www.krafthand.de\\\/truck\\\/\",\"name\":\"Krafthand-Truck\",\"description\":\"\",\"potentialAction\":[{\"@type\":\"SearchAction\",\"target\":{\"@type\":\"EntryPoint\",\"urlTemplate\":\"https:\\\/\\\/www.krafthand.de\\\/truck\\\/?s={search_term_string}\"},\"query-input\":{\"@type\":\"PropertyValueSpecification\",\"valueRequired\":true,\"valueName\":\"search_term_string\"}}],\"inLanguage\":\"de\"},{\"@type\":\"Person\",\"@id\":\"https:\\\/\\\/www.krafthand.de\\\/truck\\\/#\\\/schema\\\/person\\\/51fa80b1c57034c4bf63f9f988fc24ce\",\"name\":\"georg.blenk@krafthand-medien.de\",\"image\":{\"@type\":\"ImageObject\",\"inLanguage\":\"de\",\"@id\":\"https:\\\/\\\/secure.gravatar.com\\\/avatar\\\/93713c30affe0aa95d3a4130e499bb1abee2eb31adbdd9ce2aa1543538490215?s=96&d=mm&r=g\",\"url\":\"https:\\\/\\\/secure.gravatar.com\\\/avatar\\\/93713c30affe0aa95d3a4130e499bb1abee2eb31adbdd9ce2aa1543538490215?s=96&d=mm&r=g\",\"contentUrl\":\"https:\\\/\\\/secure.gravatar.com\\\/avatar\\\/93713c30affe0aa95d3a4130e499bb1abee2eb31adbdd9ce2aa1543538490215?s=96&d=mm&r=g\",\"caption\":\"georg.blenk@krafthand-medien.de\"}}]}<\/script>\n<!-- \/ Yoast SEO plugin. -->","yoast_head_json":{"title":"Christoph Fitz ist neuer Vertriebsdirektor bei Volvo Trucks Deutschland","description":"Mit Wirkung vom 15. November 2021 verantwortet der 46-j\u00e4hrige Christoph Fitz, als neuer Director New Vehicle Sales Volvo Trucks, den Verkauf der neuen Lkw aus Schweden. Er folgt damit auf Peter Str\u00f6m selbst, der die Stelle seit seinem Antritt im Dezember 2020 zus\u00e4tzlich inne hatte.","robots":{"index":"index","follow":"follow","max-snippet":"max-snippet:-1","max-image-preview":"max-image-preview:large","max-video-preview":"max-video-preview:-1"},"canonical":"https:\/\/www.krafthand.de\/truck\/artikel\/christoph-fitz-ist-neuer-vertriebsdirektor-von-volvo-trucks-deutschland-30526\/","og_locale":"de_DE","og_type":"article","og_title":"Christoph Fitz ist neuer Vertriebsdirektor bei Volvo Trucks Deutschland","og_description":"Mit Wirkung vom 15. November 2021 verantwortet der 46-j\u00e4hrige Christoph Fitz, als neuer Director New Vehicle Sales Volvo Trucks, den Verkauf der neuen Lkw aus Schweden. Er folgt damit auf Peter Str\u00f6m selbst, der die Stelle seit seinem Antritt im Dezember 2020 zus\u00e4tzlich inne hatte.","og_url":"https:\/\/www.krafthand-truck.de\/artikel\/christoph-fitz-ist-neuer-vertriebsdirektor-von-volvo-trucks-deutschland-30526\/","og_site_name":"Krafthand-Truck","article_published_time":"2021-12-03T07:30:14+00:00","article_modified_time":"2021-12-03T07:31:13+00:00","og_image":[{"width":1227,"height":780,"url":"https:\/\/static.krafthand-truck.de\/uploads\/2021\/12\/Christoph_Fitz_Volvo_Trucks_Krafthand_Truck.jpg","type":"image\/jpeg"}],"author":"georg.blenk@krafthand-medien.de","twitter_card":"summary_large_image","twitter_misc":{"Verfasst von":"georg.blenk@krafthand-medien.de","Gesch\u00e4tzte Lesezeit":"1\u00a0Minute"},"schema":{"@context":"https:\/\/schema.org","@graph":[{"@type":"Article","@id":"https:\/\/www.krafthand.de\/truck\/artikel\/christoph-fitz-ist-neuer-vertriebsdirektor-von-volvo-trucks-deutschland-30526\/#article","isPartOf":{"@id":"https:\/\/www.krafthand.de\/truck\/artikel\/christoph-fitz-ist-neuer-vertriebsdirektor-von-volvo-trucks-deutschland-30526\/"},"author":{"name":"georg.blenk@krafthand-medien.de","@id":"https:\/\/www.krafthand.de\/truck\/#\/schema\/person\/51fa80b1c57034c4bf63f9f988fc24ce"},"headline":"Christoph Fitz ist neuer Vertriebsdirektor von Volvo Trucks Deutschland","datePublished":"2021-12-03T07:30:14+00:00","dateModified":"2021-12-03T07:31:13+00:00","mainEntityOfPage":{"@id":"https:\/\/www.krafthand.de\/truck\/artikel\/christoph-fitz-ist-neuer-vertriebsdirektor-von-volvo-trucks-deutschland-30526\/"},"wordCount":256,"image":{"@id":"https:\/\/www.krafthand.de\/truck\/artikel\/christoph-fitz-ist-neuer-vertriebsdirektor-von-volvo-trucks-deutschland-30526\/#primaryimage"},"thumbnailUrl":"https:\/\/static.krafthand-truck.de\/uploads\/2021\/12\/Christoph_Fitz_Volvo_Trucks_Krafthand_Truck.jpg","keywords":["Christoph Fitz","Peter Str\u00f6m","Volvo Trucks"],"articleSection":["K\u00f6pfe\/Personen","Unternehmen"],"inLanguage":"de"},{"@type":"WebPage","@id":"https:\/\/www.krafthand.de\/truck\/artikel\/christoph-fitz-ist-neuer-vertriebsdirektor-von-volvo-trucks-deutschland-30526\/","url":"https:\/\/www.krafthand.de\/truck\/artikel\/christoph-fitz-ist-neuer-vertriebsdirektor-von-volvo-trucks-deutschland-30526\/","name":"Christoph Fitz ist neuer Vertriebsdirektor bei Volvo Trucks Deutschland","isPartOf":{"@id":"https:\/\/www.krafthand.de\/truck\/#website"},"primaryImageOfPage":{"@id":"https:\/\/www.krafthand.de\/truck\/artikel\/christoph-fitz-ist-neuer-vertriebsdirektor-von-volvo-trucks-deutschland-30526\/#primaryimage"},"image":{"@id":"https:\/\/www.krafthand.de\/truck\/artikel\/christoph-fitz-ist-neuer-vertriebsdirektor-von-volvo-trucks-deutschland-30526\/#primaryimage"},"thumbnailUrl":"https:\/\/static.krafthand-truck.de\/uploads\/2021\/12\/Christoph_Fitz_Volvo_Trucks_Krafthand_Truck.jpg","datePublished":"2021-12-03T07:30:14+00:00","dateModified":"2021-12-03T07:31:13+00:00","author":{"@id":"https:\/\/www.krafthand.de\/truck\/#\/schema\/person\/51fa80b1c57034c4bf63f9f988fc24ce"},"description":"Mit Wirkung vom 15. November 2021 verantwortet der 46-j\u00e4hrige Christoph Fitz, als neuer Director New Vehicle Sales Volvo Trucks, den Verkauf der neuen Lkw aus Schweden. Er folgt damit auf Peter Str\u00f6m selbst, der die Stelle seit seinem Antritt im Dezember 2020 zus\u00e4tzlich inne hatte.","breadcrumb":{"@id":"https:\/\/www.krafthand.de\/truck\/artikel\/christoph-fitz-ist-neuer-vertriebsdirektor-von-volvo-trucks-deutschland-30526\/#breadcrumb"},"inLanguage":"de","potentialAction":[{"@type":"ReadAction","target":["https:\/\/www.krafthand.de\/truck\/artikel\/christoph-fitz-ist-neuer-vertriebsdirektor-von-volvo-trucks-deutschland-30526\/"]}]},{"@type":"ImageObject","inLanguage":"de","@id":"https:\/\/www.krafthand.de\/truck\/artikel\/christoph-fitz-ist-neuer-vertriebsdirektor-von-volvo-trucks-deutschland-30526\/#primaryimage","url":"https:\/\/static.krafthand-truck.de\/uploads\/2021\/12\/Christoph_Fitz_Volvo_Trucks_Krafthand_Truck.jpg","contentUrl":"https:\/\/static.krafthand-truck.de\/uploads\/2021\/12\/Christoph_Fitz_Volvo_Trucks_Krafthand_Truck.jpg","width":1227,"height":780},{"@type":"BreadcrumbList","@id":"https:\/\/www.krafthand.de\/truck\/artikel\/christoph-fitz-ist-neuer-vertriebsdirektor-von-volvo-trucks-deutschland-30526\/#breadcrumb","itemListElement":[{"@type":"ListItem","position":1,"name":"Krafthand-Truck","item":"https:\/\/www.krafthand.de\/truck\/"},{"@type":"ListItem","position":2,"name":"Nfz-Branche","item":"https:\/\/www.krafthand.de\/truck\/kategorie\/branche\/"},{"@type":"ListItem","position":3,"name":"K\u00f6pfe\/Personen","item":"https:\/\/www.krafthand.de\/truck\/kategorie\/branche\/koepfe\/"},{"@type":"ListItem","position":4,"name":"Christoph Fitz ist neuer Vertriebsdirektor von Volvo Trucks Deutschland"}]},{"@type":"WebSite","@id":"https:\/\/www.krafthand.de\/truck\/#website","url":"https:\/\/www.krafthand.de\/truck\/","name":"Krafthand-Truck","description":"","potentialAction":[{"@type":"SearchAction","target":{"@type":"EntryPoint","urlTemplate":"https:\/\/www.krafthand.de\/truck\/?s={search_term_string}"},"query-input":{"@type":"PropertyValueSpecification","valueRequired":true,"valueName":"search_term_string"}}],"inLanguage":"de"},{"@type":"Person","@id":"https:\/\/www.krafthand.de\/truck\/#\/schema\/person\/51fa80b1c57034c4bf63f9f988fc24ce","name":"georg.blenk@krafthand-medien.de","image":{"@type":"ImageObject","inLanguage":"de","@id":"https:\/\/secure.gravatar.com\/avatar\/93713c30affe0aa95d3a4130e499bb1abee2eb31adbdd9ce2aa1543538490215?s=96&d=mm&r=g","url":"https:\/\/secure.gravatar.com\/avatar\/93713c30affe0aa95d3a4130e499bb1abee2eb31adbdd9ce2aa1543538490215?s=96&d=mm&r=g","contentUrl":"https:\/\/secure.gravatar.com\/avatar\/93713c30affe0aa95d3a4130e499bb1abee2eb31adbdd9ce2aa1543538490215?s=96&d=mm&r=g","caption":"georg.blenk@krafthand-medien.de"}}]}},"_links":{"self":[{"href":"https:\/\/www.krafthand.de\/truck\/wp-json\/wp\/v2\/posts\/30526","targetHints":{"allow":["GET"]}}],"collection":[{"href":"https:\/\/www.krafthand.de\/truck\/wp-json\/wp\/v2\/posts"}],"about":[{"href":"https:\/\/www.krafthand.de\/truck\/wp-json\/wp\/v2\/types\/post"}],"author":[{"embeddable":true,"href":"https:\/\/www.krafthand.de\/truck\/wp-json\/wp\/v2\/users\/9"}],"replies":[{"embeddable":true,"href":"https:\/\/www.krafthand.de\/truck\/wp-json\/wp\/v2\/comments?post=30526"}],"version-history":[{"count":3,"href":"https:\/\/www.krafthand.de\/truck\/wp-json\/wp\/v2\/posts\/30526\/revisions"}],"predecessor-version":[{"id":30530,"href":"https:\/\/www.krafthand.de\/truck\/wp-json\/wp\/v2\/posts\/30526\/revisions\/30530"}],"wp:featuredmedia":[{"embeddable":true,"href":"https:\/\/www.krafthand.de\/truck\/wp-json\/wp\/v2\/media\/30529"}],"wp:attachment":[{"href":"https:\/\/www.krafthand.de\/truck\/wp-json\/wp\/v2\/media?parent=30526"}],"wp:term":[{"taxonomy":"category","embeddable":true,"href":"https:\/\/www.krafthand.de\/truck\/wp-json\/wp\/v2\/categories?post=30526"},{"taxonomy":"post_tag","embeddable":true,"href":"https:\/\/www.krafthand.de\/truck\/wp-json\/wp\/v2\/tags?post=30526"},{"taxonomy":"settings","embeddable":true,"href":"https:\/\/www.krafthand.de\/truck\/wp-json\/wp\/v2\/settings?post=30526"}],"curies":[{"name":"wp","href":"https:\/\/api.w.org\/{rel}","templated":true}]}}