{"id":30450,"date":"2021-11-30T08:56:20","date_gmt":"2021-11-30T07:56:20","guid":{"rendered":"https:\/\/www.krafthand.de\/truck\/?p=30450"},"modified":"2021-11-30T10:09:21","modified_gmt":"2021-11-30T09:09:21","slug":"neuer-katalog-elektromobilitaet-von-ks-tools","status":"publish","type":"post","link":"https:\/\/www.krafthand.de\/truck\/artikel\/neuer-katalog-elektromobilitaet-von-ks-tools-30450\/","title":{"rendered":"Neuer Katalog &#8218;Elektromobilit\u00e4t&#8216; von KS Tools"},"content":{"rendered":"<p>Auch im Bereich der Nutzfahrzeuge nimmt die Elektromobilit\u00e4t Fahrt auf. Der Werkzeugspezialist <a href=\"https:\/\/www.kstools.com\/branchen\/nutzfahrzeuge-24v\/\" target=\"_blank\" rel=\"noopener\">KS Tools<\/a> aus dem hessischen Heusenstamm hat deshalb einen neuen Spezialkatalog &#8218;Elektromobilit\u00e4t&#8216; herausgebracht, der sich ausschlie\u00dflich mit dieser neuen Fahrzeug-Kategorie befasst. Er enth\u00e4lt rund 1.500 Artikel auf 188 Seiten. Die Bandbreite reicht vom Handwerkzeug bis zur kompletten Lades\u00e4ule.<\/p>\n<blockquote><p>\u201eDie Elektromobilit\u00e4t ist weit mehr als Trend und Lifestyle,\u201c so <strong>Orhan Altin<\/strong>, Gesch\u00e4ftsf\u00fchrer von KS Tools. \u201eElektrisch angetriebene Fahrzeuge sorgen nicht nur auf den Stra\u00dfen f\u00fcr die Mobilit\u00e4t von morgen. Sie k\u00f6nnen auch f\u00fcr mehr Unabh\u00e4ngigkeit im Alter oder die letzte Meile in der Stadt gewinnbringend sein.&#8220;<\/p><\/blockquote>\n<p>Der neue Katalog &#8218;Elektromobilit\u00e4t&#8216; ist in sechs Kapitel gegliedert. Sie reichen von pers\u00f6nlicher Schutzausstattung, Fl\u00e4chenisolation, Mess-Pr\u00fcfger\u00e4ten, isolierte Werkzeuge \u00fcber Werkzeugs\u00e4tze mit schutzisolierten Werkzeugen bis hin zur Ladeinfrastruktur der Marke efuturo. Werkstatt-Profis finden laut KS Tools die gesamte Bandbreite und sind ger\u00fcstet f\u00fcr die elektromobilen Kunden. Zus\u00e4tzlich bietet KS Tools Interessierten eine ganze Reihe von Anwendungsvideos seiner Produkte. Sie finden Sie unter <a href=\"https:\/\/www.toolchannel.de\" target=\"_blank\" rel=\"noopener\">www.toolchannel.de<\/a>.<\/p>\n<div class=\"gallery-container\"><div class=\"owl-carousel owl-theme\">\r\n        <div>\r\n        \t<img decoding=\"async\" src=\"https:\/\/static.krafthand-truck.de\/uploads\/2021\/11\/KS_Tools_E-Mobility_Krafthand_Truck02-1024x709.jpg\" alt=\"\" \/>\r\n          <a href=\"https:\/\/static.krafthand-truck.de\/uploads\/2021\/11\/KS_Tools_E-Mobility_Krafthand_Truck02-1024x709.jpg\" data-featherlight=\"gallery_69f558b52c218\" class=\"gallery-expand\" data-title=\"F\u00fcr E-Lkw sind entsprechend isolierte Spezialwerkzeuge sowie entsprechende Schutzeinrichtungen notwendig.\"><i class=\"fa fa-expand\" aria-hidden=\"true\"><\/i><\/a>\r\n        \t<div class=\"gallery-caption wp-caption-text\"><p>F\u00fcr E-Lkw sind entsprechend isolierte Spezialwerkzeuge sowie entsprechende Schutzeinrichtungen notwendig.<\/p>\n<\/div>\r\n        <\/div>\r\n        <div>\r\n        \t<img decoding=\"async\" src=\"https:\/\/static.krafthand-truck.de\/uploads\/2021\/11\/KS_Tools_E-Mobility_Krafthand_Truck03.jpg\" alt=\"\" \/>\r\n          <a href=\"https:\/\/static.krafthand-truck.de\/uploads\/2021\/11\/KS_Tools_E-Mobility_Krafthand_Truck03.jpg\" data-featherlight=\"gallery_69f558b52c218\" class=\"gallery-expand\" data-title=\"Die Arbeitssicherheit spielt bei Arbeiten an Hochvoltfahrzeugen eine besondere Rolle.\"><i class=\"fa fa-expand\" aria-hidden=\"true\"><\/i><\/a>\r\n        \t<div class=\"gallery-caption wp-caption-text\"><p>Die Arbeitssicherheit spielt bei Arbeiten an Hochvoltfahrzeugen eine besondere Rolle.<\/p>\n<\/div>\r\n        <\/div><\/div><\/div>\r\n\t<script>\r\n\t\tjQuery(document).ready(function($){\r\n      setTimeout(function(){\r\n  \t\t\t$(\".owl-carousel\").owlCarousel({\r\n  \t\t\t\tloop:true,\r\n    \t\t\tmargin:10,\r\n    \t\t\tresponsiveClass:true,\r\n    \t\t\titems:1,\r\n    \t\t\tautoHeight: true,\r\n          nav: true,\r\n          URLhashListener: true,\r\n          startPosition: \"URLHash\",\r\n          navText: [\r\n            \"<i class='fa fa-chevron-left'><\/i>\",\r\n            \"<i class='fa fa-chevron-right'><\/i>\"\r\n          ],\r\n  \t\t\t});\r\n      }, 2000);\r\n\t\t});\r\n\t<\/script>\r\n\t\n<div class=\"infobox box-grey\"><\/p>\n<h4>KS Tools: Das Unternehmen<\/h4>\n<p>Seit 1992 bietet KS Tools als Werkzeuglieferant Probleml\u00f6sungen und Werkzeuge f\u00fcr die st\u00e4ndig wachsenden Anforderungen im Werkstattalltag. J\u00e4hrlich stellt das Unternehmen den Angaben zufolge etwa 2.000 neue Produkte vor. Der Anspruch ist es f\u00fcr jedes Problem das passende Werkzeug zu liefern. Damit w\u00e4chst auch die Anzahl an Spezialwerkzeugen f\u00fcr Nutzfahrzeuge stetig. Im hessischen Heusenstamm sorgt ein 9.000 Quadratmeter gro\u00dfes Lager f\u00fcr die entsprechende Warenverf\u00fcgbarkeit. Am Standort sind rund 300 Mitarbeiter besch\u00e4ftigt.<\/p>\n<p><\/div>\n<p>&nbsp;<\/p>\n","protected":false},"excerpt":{"rendered":"<p>Im Bereich der Nutzfahrzeuge nimmt die Elektromobilit\u00e4t Fahrt auf. Der Werkzeugspezialist KS Tools aus dem hessischen Heusenstamm hat deshalb einen neuen Spezialkatalog &#8218;Elektromobilit\u00e4t&#8216; herausgebracht, der sich ausschlie\u00dflich mit dieser neuen Fahrzeug-Kategorie befasst. <span class=\"excerpt-more__dots\">&#8230;<\/span> <a class=\"excerpt-more__link\" href=\"https:\/\/www.krafthand.de\/truck\/artikel\/neuer-katalog-elektromobilitaet-von-ks-tools-30450\/\" >weiter<\/a><\/p>\n","protected":false},"author":9,"featured_media":30452,"comment_status":"closed","ping_status":"closed","sticky":false,"template":"","format":"standard","meta":{"footnotes":""},"categories":[4221],"tags":[4171,797,4930,1366],"settings":[4766],"class_list":["post-30450","post","type-post","status-publish","format-standard","has-post-thumbnail","hentry","category-werkzeuge","tag-elektromobilitaet","tag-ks-tools","tag-orhan-altin","tag-werkzeuge"],"yoast_head":"<!-- This site is optimized with the Yoast SEO plugin v27.3 - https:\/\/yoast.com\/product\/yoast-seo-wordpress\/ -->\n<title>KS Tools mit neuem Katalog f\u00fcr E-Fahrzeuge<\/title>\n<meta name=\"description\" content=\"Im Bereich der Nutzfahrzeuge nimmt die Elektromobilit\u00e4t Fahrt auf. Der Werkzeugspezialist KS Tools aus dem hessischen Heusenstamm hat deshalb einen neuen Spezialkatalog &#039;Elektromobilit\u00e4t&#039; herausgebracht, der sich ausschlie\u00dflich mit dieser neuen Fahrzeug-Kategorie befasst.\" \/>\n<meta name=\"robots\" content=\"index, follow, max-snippet:-1, max-image-preview:large, max-video-preview:-1\" \/>\n<link rel=\"canonical\" href=\"https:\/\/www.krafthand.de\/truck\/artikel\/neuer-katalog-elektromobilitaet-von-ks-tools-30450\/\" \/>\n<meta property=\"og:locale\" content=\"de_DE\" \/>\n<meta property=\"og:type\" content=\"article\" \/>\n<meta property=\"og:title\" content=\"KS Tools mit neuem Katalog f\u00fcr E-Fahrzeuge\" \/>\n<meta property=\"og:description\" content=\"Im Bereich der Nutzfahrzeuge nimmt die Elektromobilit\u00e4t Fahrt auf. Der Werkzeugspezialist KS Tools aus dem hessischen Heusenstamm hat deshalb einen neuen Spezialkatalog &#039;Elektromobilit\u00e4t&#039; herausgebracht, der sich ausschlie\u00dflich mit dieser neuen Fahrzeug-Kategorie befasst.\" \/>\n<meta property=\"og:url\" content=\"https:\/\/www.krafthand-truck.de\/artikel\/neuer-katalog-elektromobilitaet-von-ks-tools-30450\/\" \/>\n<meta property=\"og:site_name\" content=\"Krafthand-Truck\" \/>\n<meta property=\"article:published_time\" content=\"2021-11-30T07:56:20+00:00\" \/>\n<meta property=\"article:modified_time\" content=\"2021-11-30T09:09:21+00:00\" \/>\n<meta property=\"og:image\" content=\"https:\/\/www.krafthand.de\/truck\/wp-content\/uploads\/2021\/11\/KS_Tools_E-Mobility_Krafthand_Truck01.jpg\" \/>\n\t<meta property=\"og:image:width\" content=\"843\" \/>\n\t<meta property=\"og:image:height\" content=\"843\" \/>\n\t<meta property=\"og:image:type\" content=\"image\/jpeg\" \/>\n<meta name=\"author\" content=\"georg.blenk@krafthand-medien.de\" \/>\n<meta name=\"twitter:card\" content=\"summary_large_image\" \/>\n<meta name=\"twitter:label1\" content=\"Verfasst von\" \/>\n\t<meta name=\"twitter:data1\" content=\"georg.blenk@krafthand-medien.de\" \/>\n\t<meta name=\"twitter:label2\" content=\"Gesch\u00e4tzte Lesezeit\" \/>\n\t<meta name=\"twitter:data2\" content=\"2\u00a0Minuten\" \/>\n<script type=\"application\/ld+json\" class=\"yoast-schema-graph\">{\"@context\":\"https:\\\/\\\/schema.org\",\"@graph\":[{\"@type\":\"Article\",\"@id\":\"https:\\\/\\\/www.krafthand.de\\\/truck\\\/artikel\\\/neuer-katalog-elektromobilitaet-von-ks-tools-30450\\\/#article\",\"isPartOf\":{\"@id\":\"https:\\\/\\\/www.krafthand.de\\\/truck\\\/artikel\\\/neuer-katalog-elektromobilitaet-von-ks-tools-30450\\\/\"},\"author\":{\"name\":\"georg.blenk@krafthand-medien.de\",\"@id\":\"https:\\\/\\\/www.krafthand.de\\\/truck\\\/#\\\/schema\\\/person\\\/51fa80b1c57034c4bf63f9f988fc24ce\"},\"headline\":\"Neuer Katalog &#8218;Elektromobilit\u00e4t&#8216; von KS Tools\",\"datePublished\":\"2021-11-30T07:56:20+00:00\",\"dateModified\":\"2021-11-30T09:09:21+00:00\",\"mainEntityOfPage\":{\"@id\":\"https:\\\/\\\/www.krafthand.de\\\/truck\\\/artikel\\\/neuer-katalog-elektromobilitaet-von-ks-tools-30450\\\/\"},\"wordCount\":276,\"image\":{\"@id\":\"https:\\\/\\\/www.krafthand.de\\\/truck\\\/artikel\\\/neuer-katalog-elektromobilitaet-von-ks-tools-30450\\\/#primaryimage\"},\"thumbnailUrl\":\"https:\\\/\\\/static.krafthand-truck.de\\\/uploads\\\/2021\\\/11\\\/KS_Tools_E-Mobility_Krafthand_Truck01.jpg\",\"keywords\":[\"Elektromobilit\u00e4t\",\"KS Tools\",\"Orhan Altin\",\"Werkzeuge\"],\"articleSection\":[\"Werkzeuge\\\/Tools\"],\"inLanguage\":\"de\"},{\"@type\":\"WebPage\",\"@id\":\"https:\\\/\\\/www.krafthand.de\\\/truck\\\/artikel\\\/neuer-katalog-elektromobilitaet-von-ks-tools-30450\\\/\",\"url\":\"https:\\\/\\\/www.krafthand.de\\\/truck\\\/artikel\\\/neuer-katalog-elektromobilitaet-von-ks-tools-30450\\\/\",\"name\":\"KS Tools mit neuem Katalog f\u00fcr E-Fahrzeuge\",\"isPartOf\":{\"@id\":\"https:\\\/\\\/www.krafthand.de\\\/truck\\\/#website\"},\"primaryImageOfPage\":{\"@id\":\"https:\\\/\\\/www.krafthand.de\\\/truck\\\/artikel\\\/neuer-katalog-elektromobilitaet-von-ks-tools-30450\\\/#primaryimage\"},\"image\":{\"@id\":\"https:\\\/\\\/www.krafthand.de\\\/truck\\\/artikel\\\/neuer-katalog-elektromobilitaet-von-ks-tools-30450\\\/#primaryimage\"},\"thumbnailUrl\":\"https:\\\/\\\/static.krafthand-truck.de\\\/uploads\\\/2021\\\/11\\\/KS_Tools_E-Mobility_Krafthand_Truck01.jpg\",\"datePublished\":\"2021-11-30T07:56:20+00:00\",\"dateModified\":\"2021-11-30T09:09:21+00:00\",\"author\":{\"@id\":\"https:\\\/\\\/www.krafthand.de\\\/truck\\\/#\\\/schema\\\/person\\\/51fa80b1c57034c4bf63f9f988fc24ce\"},\"description\":\"Im Bereich der Nutzfahrzeuge nimmt die Elektromobilit\u00e4t Fahrt auf. Der Werkzeugspezialist KS Tools aus dem hessischen Heusenstamm hat deshalb einen neuen Spezialkatalog 'Elektromobilit\u00e4t' herausgebracht, der sich ausschlie\u00dflich mit dieser neuen Fahrzeug-Kategorie befasst.\",\"breadcrumb\":{\"@id\":\"https:\\\/\\\/www.krafthand.de\\\/truck\\\/artikel\\\/neuer-katalog-elektromobilitaet-von-ks-tools-30450\\\/#breadcrumb\"},\"inLanguage\":\"de\",\"potentialAction\":[{\"@type\":\"ReadAction\",\"target\":[\"https:\\\/\\\/www.krafthand.de\\\/truck\\\/artikel\\\/neuer-katalog-elektromobilitaet-von-ks-tools-30450\\\/\"]}]},{\"@type\":\"ImageObject\",\"inLanguage\":\"de\",\"@id\":\"https:\\\/\\\/www.krafthand.de\\\/truck\\\/artikel\\\/neuer-katalog-elektromobilitaet-von-ks-tools-30450\\\/#primaryimage\",\"url\":\"https:\\\/\\\/static.krafthand-truck.de\\\/uploads\\\/2021\\\/11\\\/KS_Tools_E-Mobility_Krafthand_Truck01.jpg\",\"contentUrl\":\"https:\\\/\\\/static.krafthand-truck.de\\\/uploads\\\/2021\\\/11\\\/KS_Tools_E-Mobility_Krafthand_Truck01.jpg\",\"width\":843,\"height\":843},{\"@type\":\"BreadcrumbList\",\"@id\":\"https:\\\/\\\/www.krafthand.de\\\/truck\\\/artikel\\\/neuer-katalog-elektromobilitaet-von-ks-tools-30450\\\/#breadcrumb\",\"itemListElement\":[{\"@type\":\"ListItem\",\"position\":1,\"name\":\"Krafthand-Truck\",\"item\":\"https:\\\/\\\/www.krafthand.de\\\/truck\\\/\"},{\"@type\":\"ListItem\",\"position\":2,\"name\":\"Nfz-Service\",\"item\":\"https:\\\/\\\/www.krafthand.de\\\/truck\\\/kategorie\\\/nfz-service\\\/\"},{\"@type\":\"ListItem\",\"position\":3,\"name\":\"Werkzeuge\\\/Tools\",\"item\":\"https:\\\/\\\/www.krafthand.de\\\/truck\\\/kategorie\\\/nfz-service\\\/werkzeuge\\\/\"},{\"@type\":\"ListItem\",\"position\":4,\"name\":\"Neuer Katalog &#8218;Elektromobilit\u00e4t&#8216; von KS Tools\"}]},{\"@type\":\"WebSite\",\"@id\":\"https:\\\/\\\/www.krafthand.de\\\/truck\\\/#website\",\"url\":\"https:\\\/\\\/www.krafthand.de\\\/truck\\\/\",\"name\":\"Krafthand-Truck\",\"description\":\"\",\"potentialAction\":[{\"@type\":\"SearchAction\",\"target\":{\"@type\":\"EntryPoint\",\"urlTemplate\":\"https:\\\/\\\/www.krafthand.de\\\/truck\\\/?s={search_term_string}\"},\"query-input\":{\"@type\":\"PropertyValueSpecification\",\"valueRequired\":true,\"valueName\":\"search_term_string\"}}],\"inLanguage\":\"de\"},{\"@type\":\"Person\",\"@id\":\"https:\\\/\\\/www.krafthand.de\\\/truck\\\/#\\\/schema\\\/person\\\/51fa80b1c57034c4bf63f9f988fc24ce\",\"name\":\"georg.blenk@krafthand-medien.de\",\"image\":{\"@type\":\"ImageObject\",\"inLanguage\":\"de\",\"@id\":\"https:\\\/\\\/secure.gravatar.com\\\/avatar\\\/93713c30affe0aa95d3a4130e499bb1abee2eb31adbdd9ce2aa1543538490215?s=96&d=mm&r=g\",\"url\":\"https:\\\/\\\/secure.gravatar.com\\\/avatar\\\/93713c30affe0aa95d3a4130e499bb1abee2eb31adbdd9ce2aa1543538490215?s=96&d=mm&r=g\",\"contentUrl\":\"https:\\\/\\\/secure.gravatar.com\\\/avatar\\\/93713c30affe0aa95d3a4130e499bb1abee2eb31adbdd9ce2aa1543538490215?s=96&d=mm&r=g\",\"caption\":\"georg.blenk@krafthand-medien.de\"}}]}<\/script>\n<!-- \/ Yoast SEO plugin. -->","yoast_head_json":{"title":"KS Tools mit neuem Katalog f\u00fcr E-Fahrzeuge","description":"Im Bereich der Nutzfahrzeuge nimmt die Elektromobilit\u00e4t Fahrt auf. Der Werkzeugspezialist KS Tools aus dem hessischen Heusenstamm hat deshalb einen neuen Spezialkatalog 'Elektromobilit\u00e4t' herausgebracht, der sich ausschlie\u00dflich mit dieser neuen Fahrzeug-Kategorie befasst.","robots":{"index":"index","follow":"follow","max-snippet":"max-snippet:-1","max-image-preview":"max-image-preview:large","max-video-preview":"max-video-preview:-1"},"canonical":"https:\/\/www.krafthand.de\/truck\/artikel\/neuer-katalog-elektromobilitaet-von-ks-tools-30450\/","og_locale":"de_DE","og_type":"article","og_title":"KS Tools mit neuem Katalog f\u00fcr E-Fahrzeuge","og_description":"Im Bereich der Nutzfahrzeuge nimmt die Elektromobilit\u00e4t Fahrt auf. Der Werkzeugspezialist KS Tools aus dem hessischen Heusenstamm hat deshalb einen neuen Spezialkatalog 'Elektromobilit\u00e4t' herausgebracht, der sich ausschlie\u00dflich mit dieser neuen Fahrzeug-Kategorie befasst.","og_url":"https:\/\/www.krafthand-truck.de\/artikel\/neuer-katalog-elektromobilitaet-von-ks-tools-30450\/","og_site_name":"Krafthand-Truck","article_published_time":"2021-11-30T07:56:20+00:00","article_modified_time":"2021-11-30T09:09:21+00:00","og_image":[{"width":843,"height":843,"url":"https:\/\/www.krafthand.de\/truck\/wp-content\/uploads\/2021\/11\/KS_Tools_E-Mobility_Krafthand_Truck01.jpg","type":"image\/jpeg"}],"author":"georg.blenk@krafthand-medien.de","twitter_card":"summary_large_image","twitter_misc":{"Verfasst von":"georg.blenk@krafthand-medien.de","Gesch\u00e4tzte Lesezeit":"2\u00a0Minuten"},"schema":{"@context":"https:\/\/schema.org","@graph":[{"@type":"Article","@id":"https:\/\/www.krafthand.de\/truck\/artikel\/neuer-katalog-elektromobilitaet-von-ks-tools-30450\/#article","isPartOf":{"@id":"https:\/\/www.krafthand.de\/truck\/artikel\/neuer-katalog-elektromobilitaet-von-ks-tools-30450\/"},"author":{"name":"georg.blenk@krafthand-medien.de","@id":"https:\/\/www.krafthand.de\/truck\/#\/schema\/person\/51fa80b1c57034c4bf63f9f988fc24ce"},"headline":"Neuer Katalog &#8218;Elektromobilit\u00e4t&#8216; von KS Tools","datePublished":"2021-11-30T07:56:20+00:00","dateModified":"2021-11-30T09:09:21+00:00","mainEntityOfPage":{"@id":"https:\/\/www.krafthand.de\/truck\/artikel\/neuer-katalog-elektromobilitaet-von-ks-tools-30450\/"},"wordCount":276,"image":{"@id":"https:\/\/www.krafthand.de\/truck\/artikel\/neuer-katalog-elektromobilitaet-von-ks-tools-30450\/#primaryimage"},"thumbnailUrl":"https:\/\/static.krafthand-truck.de\/uploads\/2021\/11\/KS_Tools_E-Mobility_Krafthand_Truck01.jpg","keywords":["Elektromobilit\u00e4t","KS Tools","Orhan Altin","Werkzeuge"],"articleSection":["Werkzeuge\/Tools"],"inLanguage":"de"},{"@type":"WebPage","@id":"https:\/\/www.krafthand.de\/truck\/artikel\/neuer-katalog-elektromobilitaet-von-ks-tools-30450\/","url":"https:\/\/www.krafthand.de\/truck\/artikel\/neuer-katalog-elektromobilitaet-von-ks-tools-30450\/","name":"KS Tools mit neuem Katalog f\u00fcr E-Fahrzeuge","isPartOf":{"@id":"https:\/\/www.krafthand.de\/truck\/#website"},"primaryImageOfPage":{"@id":"https:\/\/www.krafthand.de\/truck\/artikel\/neuer-katalog-elektromobilitaet-von-ks-tools-30450\/#primaryimage"},"image":{"@id":"https:\/\/www.krafthand.de\/truck\/artikel\/neuer-katalog-elektromobilitaet-von-ks-tools-30450\/#primaryimage"},"thumbnailUrl":"https:\/\/static.krafthand-truck.de\/uploads\/2021\/11\/KS_Tools_E-Mobility_Krafthand_Truck01.jpg","datePublished":"2021-11-30T07:56:20+00:00","dateModified":"2021-11-30T09:09:21+00:00","author":{"@id":"https:\/\/www.krafthand.de\/truck\/#\/schema\/person\/51fa80b1c57034c4bf63f9f988fc24ce"},"description":"Im Bereich der Nutzfahrzeuge nimmt die Elektromobilit\u00e4t Fahrt auf. Der Werkzeugspezialist KS Tools aus dem hessischen Heusenstamm hat deshalb einen neuen Spezialkatalog 'Elektromobilit\u00e4t' herausgebracht, der sich ausschlie\u00dflich mit dieser neuen Fahrzeug-Kategorie befasst.","breadcrumb":{"@id":"https:\/\/www.krafthand.de\/truck\/artikel\/neuer-katalog-elektromobilitaet-von-ks-tools-30450\/#breadcrumb"},"inLanguage":"de","potentialAction":[{"@type":"ReadAction","target":["https:\/\/www.krafthand.de\/truck\/artikel\/neuer-katalog-elektromobilitaet-von-ks-tools-30450\/"]}]},{"@type":"ImageObject","inLanguage":"de","@id":"https:\/\/www.krafthand.de\/truck\/artikel\/neuer-katalog-elektromobilitaet-von-ks-tools-30450\/#primaryimage","url":"https:\/\/static.krafthand-truck.de\/uploads\/2021\/11\/KS_Tools_E-Mobility_Krafthand_Truck01.jpg","contentUrl":"https:\/\/static.krafthand-truck.de\/uploads\/2021\/11\/KS_Tools_E-Mobility_Krafthand_Truck01.jpg","width":843,"height":843},{"@type":"BreadcrumbList","@id":"https:\/\/www.krafthand.de\/truck\/artikel\/neuer-katalog-elektromobilitaet-von-ks-tools-30450\/#breadcrumb","itemListElement":[{"@type":"ListItem","position":1,"name":"Krafthand-Truck","item":"https:\/\/www.krafthand.de\/truck\/"},{"@type":"ListItem","position":2,"name":"Nfz-Service","item":"https:\/\/www.krafthand.de\/truck\/kategorie\/nfz-service\/"},{"@type":"ListItem","position":3,"name":"Werkzeuge\/Tools","item":"https:\/\/www.krafthand.de\/truck\/kategorie\/nfz-service\/werkzeuge\/"},{"@type":"ListItem","position":4,"name":"Neuer Katalog &#8218;Elektromobilit\u00e4t&#8216; von KS Tools"}]},{"@type":"WebSite","@id":"https:\/\/www.krafthand.de\/truck\/#website","url":"https:\/\/www.krafthand.de\/truck\/","name":"Krafthand-Truck","description":"","potentialAction":[{"@type":"SearchAction","target":{"@type":"EntryPoint","urlTemplate":"https:\/\/www.krafthand.de\/truck\/?s={search_term_string}"},"query-input":{"@type":"PropertyValueSpecification","valueRequired":true,"valueName":"search_term_string"}}],"inLanguage":"de"},{"@type":"Person","@id":"https:\/\/www.krafthand.de\/truck\/#\/schema\/person\/51fa80b1c57034c4bf63f9f988fc24ce","name":"georg.blenk@krafthand-medien.de","image":{"@type":"ImageObject","inLanguage":"de","@id":"https:\/\/secure.gravatar.com\/avatar\/93713c30affe0aa95d3a4130e499bb1abee2eb31adbdd9ce2aa1543538490215?s=96&d=mm&r=g","url":"https:\/\/secure.gravatar.com\/avatar\/93713c30affe0aa95d3a4130e499bb1abee2eb31adbdd9ce2aa1543538490215?s=96&d=mm&r=g","contentUrl":"https:\/\/secure.gravatar.com\/avatar\/93713c30affe0aa95d3a4130e499bb1abee2eb31adbdd9ce2aa1543538490215?s=96&d=mm&r=g","caption":"georg.blenk@krafthand-medien.de"}}]}},"_links":{"self":[{"href":"https:\/\/www.krafthand.de\/truck\/wp-json\/wp\/v2\/posts\/30450","targetHints":{"allow":["GET"]}}],"collection":[{"href":"https:\/\/www.krafthand.de\/truck\/wp-json\/wp\/v2\/posts"}],"about":[{"href":"https:\/\/www.krafthand.de\/truck\/wp-json\/wp\/v2\/types\/post"}],"author":[{"embeddable":true,"href":"https:\/\/www.krafthand.de\/truck\/wp-json\/wp\/v2\/users\/9"}],"replies":[{"embeddable":true,"href":"https:\/\/www.krafthand.de\/truck\/wp-json\/wp\/v2\/comments?post=30450"}],"version-history":[{"count":12,"href":"https:\/\/www.krafthand.de\/truck\/wp-json\/wp\/v2\/posts\/30450\/revisions"}],"predecessor-version":[{"id":30465,"href":"https:\/\/www.krafthand.de\/truck\/wp-json\/wp\/v2\/posts\/30450\/revisions\/30465"}],"wp:featuredmedia":[{"embeddable":true,"href":"https:\/\/www.krafthand.de\/truck\/wp-json\/wp\/v2\/media\/30452"}],"wp:attachment":[{"href":"https:\/\/www.krafthand.de\/truck\/wp-json\/wp\/v2\/media?parent=30450"}],"wp:term":[{"taxonomy":"category","embeddable":true,"href":"https:\/\/www.krafthand.de\/truck\/wp-json\/wp\/v2\/categories?post=30450"},{"taxonomy":"post_tag","embeddable":true,"href":"https:\/\/www.krafthand.de\/truck\/wp-json\/wp\/v2\/tags?post=30450"},{"taxonomy":"settings","embeddable":true,"href":"https:\/\/www.krafthand.de\/truck\/wp-json\/wp\/v2\/settings?post=30450"}],"curies":[{"name":"wp","href":"https:\/\/api.w.org\/{rel}","templated":true}]}}