{"id":3030,"date":"2017-04-25T09:59:04","date_gmt":"2017-04-25T07:59:04","guid":{"rendered":"https:\/\/www.krafthand.de\/truck\/artikel\/autopromotec-nfz-werkstatt-im-fokus-3030\/"},"modified":"2017-04-25T09:59:04","modified_gmt":"2017-04-25T07:59:04","slug":"autopromotec-nfz-werkstatt-im-fokus","status":"publish","type":"post","link":"https:\/\/www.krafthand.de\/truck\/artikel\/autopromotec-nfz-werkstatt-im-fokus-3030\/","title":{"rendered":"Autopromotec: Nfz-Werkstatt im Fokus"},"content":{"rendered":"<p class=\"text-colored\">Wenn sich vom 24. bis 28. Mai 2017 die Tore der Autopromotec in Bologna \u00f6ffnen, wird mit der Initiative \u201eIndustrial Vehicle Service\u201c ein wichtiger Bereich in den Mittelpunkt ger\u00fcckt.<\/p>\n<p>Die alle zwei Jahre stattfindende Messe f\u00fcr Ausr\u00fcstungen und den Automobil-Aftermarkt bietet den Besucher zahlreiche Informationen rund um das Thema Nutzfahrzeuge. Zudem bieten die Organisatoren einen Leitfaden f\u00fcr Nfz-Werkst\u00e4tten an.&nbsp; Alle an der Initiative teilnehmenden rund 950 Aussteller \u2013 davon mehr als 300 ausl\u00e4ndische Teilnehmer \u2013 sind in dem Leitfaden aufgef\u00fchrt, der Interessierten w\u00e4hrend der Messe ausgeh\u00e4ndigt wird.<br \/>\nDer Fokus von Industrial Vehicle Service 2017 r\u00fcckt alle innovativen Technologien in den Mittelpunkt, die eine entscheidende Rolle bei der Begrenzung der Verwaltungskosten und der gesetzlich geforderten Schadstoffreduzierung spielen. Dar\u00fcber hinaus besteht in Bologna selbstverst\u00e4ndlich die M\u00f6glichkeit, die von namhaften Unternehmen der Branche angebotenen aktuellen Ausr\u00fcstungen, Komponenten und Ersatzteile f\u00fcr die Welt der Schwerlasttransporter genau unter die Lupe zu nehmen. Ein besonderes Augenmerk gilt der auf die Optimierung der Fahrzeugflotten-Verwaltung abzielende Instandhaltung und den entsprechenden Dienstleistungen.<br \/>\n<b>Tagungen und Diskussionsrunden rund um die Welt des Transports<br \/><\/b>Das Interesse an einem immer wettbewerbsst\u00e4rkeren und f\u00fcr den Handelsaustausch in Europa grundlegenden Bereich wie dem des Warentransports auf der Stra\u00dfe befindet sich in stetem Wachstum. Der Warentransport via Stra\u00dfe ist ein wichtiger Bestandteil in der sich aus verschiedenen Transportarten zusammensetzenden Logistikkette.<br \/>\nE-Commerce, Truck Platooning, Digitalisierung und der Beitrag der ITS (Intelligent Transportation Systems) zur Reduzierung der CO2-Emissionen und zum Anstieg des Sicherheitsniveaus von Nutzfahrzeugen sind nur einige der Themen, die die aktuelle Entwicklung der Branche kennzeichnen. Einer Branche, die sich der immer neuen technologischen und gesetzlich verlangten Herausforderungen stellt, zu denen nicht zuletzt auch die Effizienzsteigerung der Warenlogistik z\u00e4hlt.<br \/>\nDie Autopromotec bietet den Besuchern die M\u00f6glichkeit, an einer Reihe von Tagungen rund um die Welt des Transports teilzunehmen, in deren Mittelpunkt namhafte Unternehmen der Branche stehen. Neben Diskussionsrunden zur Kreislaufwirtschaft, die dem Reifenbereich gewidmet sind (Freitag, 26. Mai\/15:30 Uhr), wird zudem eine vom Verband der italienischen Autoindustrie ANFIA ausgerichtete Tagung den Fokus auf den Lkw-bezogenen Ersatzteilvertrieb richten.<br \/>\nEin besonderes Augenmerk gilt in diesem Zusammenhang der Entwicklung des Vertriebs und der Zukunft dieses Bereiches, nicht zuletzt in Anbetracht der j\u00fcngsten an die autonome Fahrt gebundenen Innovationen (Donnerstag, 25. Mai\/9:00 Uhr). Au\u00dferdem widmet sich Federmetano, der italienische Verband der H\u00e4ndler und Transporteure von Erdgas, zwei Themen. Das erste (Freitag, 26. Mai\/10:00 Uhr) betrifft die Analyse der Entwicklung des Vertriebsnetzes f\u00fcr Erdgas als Kraftstoff in Fl\u00fcssigform (LNG) sowie in komprimierter Form (CNG). Teilnehmer erhalten hier Informationen \u00fcber die Nutzung dieser Kraftstoffe f\u00fcr den Schwertransport und innerhalb der Logistikflotte. Das zweite Thema (Samstag, 27. Mai\/10:00 Uhr) behandelt die Erd- und Fl\u00fcssiggas-Transformationen im Aftermarket unter Bezugnahme auf technologische Neuheiten wie die Installation des Dual-Fuel-Systems in Leicht- und Schwerkraftwagen, die Verg\u00fcnstigungen und die Umqualifizierung der CNG-4-Tanks.<br \/>\nIm Rahmen der Autopromotec werden diese und weitere f\u00fcr die Branche aktuellen Themen in Tagungen und Diskussionsrunden vertieft. Laut der Messeinitiatoren unterstreicht die Initiative \u201eIndustrial Vehicle Service\u201c damit das Ziel der Autopromotec, Vorreiter zuk\u00fcnftiger Tendenzen im Fahrzeugservice-Bereich und eines der wichtigsten weltweiten Schaufenster der zur Optimierung der Reparaturkosten dienenden technologischen Neuheiten zu sein.<br \/>\nAlle Neuheiten und Termine zur Autopromotec und zum Truck-Bereich finden Interessierte im Internet unter  <a href=\"http:\/\/www.autopromotec.com\" target=\"_blank\">www.autopromotec.com<\/link> sowie auf Facebook (<link http:\/\/www.facebook.com\/Autopromotec)>www.facebook.com\/Autopromotec<\/a>) und Twitter (twitter.com\/Autopromotec):@Autopromotec und #Autopromotec.<\/p>\n","protected":false},"excerpt":{"rendered":"<p>Wenn sich vom 24. bis 28. Mai 2017 die Tore der Autopromotec in Bologna \u00f6ffnen, wird mit der Initiative \u201eIndustrial Vehicle Service\u201c ein wichtiger Bereich in den Mittelpunkt ger\u00fcckt. <span class=\"excerpt-more__dots\">&#8230;<\/span> <a class=\"excerpt-more__link\" href=\"https:\/\/www.krafthand.de\/truck\/artikel\/autopromotec-nfz-werkstatt-im-fokus-3030\/\" >weiter<\/a><\/p>\n","protected":false},"author":3,"featured_media":3031,"comment_status":"closed","ping_status":"closed","sticky":false,"template":"","format":"standard","meta":{"footnotes":""},"categories":[5],"tags":[2997,2998,2999,910],"settings":[],"class_list":["post-3030","post","type-post","status-publish","format-standard","has-post-thumbnail","hentry","category-branche","tag-autopromotec","tag-bologna","tag-industrial-vehicle-service","tag-nfz-werkstatt"],"yoast_head":"<!-- This site is optimized with the Yoast SEO plugin v27.3 - https:\/\/yoast.com\/product\/yoast-seo-wordpress\/ -->\n<title>Autopromotec: Nfz-Werkstatt im Fokus - Krafthand-Truck<\/title>\n<meta name=\"robots\" content=\"index, follow, max-snippet:-1, max-image-preview:large, max-video-preview:-1\" \/>\n<link rel=\"canonical\" href=\"https:\/\/www.krafthand.de\/truck\/artikel\/autopromotec-nfz-werkstatt-im-fokus-3030\/\" \/>\n<meta property=\"og:locale\" content=\"de_DE\" \/>\n<meta property=\"og:type\" content=\"article\" \/>\n<meta property=\"og:title\" content=\"Autopromotec: Nfz-Werkstatt im Fokus - Krafthand-Truck\" \/>\n<meta property=\"og:description\" content=\"Wenn sich vom 24. bis 28. Mai 2017 die Tore der Autopromotec in Bologna \u00f6ffnen, wird mit der Initiative \u201eIndustrial Vehicle Service\u201c ein wichtiger Bereich in den Mittelpunkt ger\u00fcckt. ... weiter\" \/>\n<meta property=\"og:url\" content=\"https:\/\/www.krafthand-truck.de\/artikel\/autopromotec-nfz-werkstatt-im-fokus-3030\/\" \/>\n<meta property=\"og:site_name\" content=\"Krafthand-Truck\" \/>\n<meta property=\"article:published_time\" content=\"2017-04-25T07:59:04+00:00\" \/>\n<meta property=\"og:image\" content=\"https:\/\/www.krafthand.de\/truck\/wp-content\/uploads\/2017\/04\/Autopromotec_.jpg\" \/>\n\t<meta property=\"og:image:width\" content=\"1200\" \/>\n\t<meta property=\"og:image:height\" content=\"843\" \/>\n\t<meta property=\"og:image:type\" content=\"image\/jpeg\" \/>\n<meta name=\"author\" content=\"katja.heid@krafthand.de\" \/>\n<meta name=\"twitter:card\" content=\"summary_large_image\" \/>\n<meta name=\"twitter:label1\" content=\"Verfasst von\" \/>\n\t<meta name=\"twitter:data1\" content=\"katja.heid@krafthand.de\" \/>\n\t<meta name=\"twitter:label2\" content=\"Gesch\u00e4tzte Lesezeit\" \/>\n\t<meta name=\"twitter:data2\" content=\"3\u00a0Minuten\" \/>\n<script type=\"application\/ld+json\" class=\"yoast-schema-graph\">{\"@context\":\"https:\\\/\\\/schema.org\",\"@graph\":[{\"@type\":\"Article\",\"@id\":\"https:\\\/\\\/www.krafthand.de\\\/truck\\\/artikel\\\/autopromotec-nfz-werkstatt-im-fokus-3030\\\/#article\",\"isPartOf\":{\"@id\":\"https:\\\/\\\/www.krafthand.de\\\/truck\\\/artikel\\\/autopromotec-nfz-werkstatt-im-fokus-3030\\\/\"},\"author\":{\"name\":\"katja.heid@krafthand.de\",\"@id\":\"https:\\\/\\\/www.krafthand.de\\\/truck\\\/#\\\/schema\\\/person\\\/8e290c6d425b72d176adc7767a251001\"},\"headline\":\"Autopromotec: Nfz-Werkstatt im Fokus\",\"datePublished\":\"2017-04-25T07:59:04+00:00\",\"mainEntityOfPage\":{\"@id\":\"https:\\\/\\\/www.krafthand.de\\\/truck\\\/artikel\\\/autopromotec-nfz-werkstatt-im-fokus-3030\\\/\"},\"wordCount\":566,\"image\":{\"@id\":\"https:\\\/\\\/www.krafthand.de\\\/truck\\\/artikel\\\/autopromotec-nfz-werkstatt-im-fokus-3030\\\/#primaryimage\"},\"thumbnailUrl\":\"https:\\\/\\\/static.krafthand-truck.de\\\/uploads\\\/2017\\\/04\\\/Autopromotec_.jpg\",\"keywords\":[\"Autopromotec\",\"Bologna\",\"Industrial Vehicle Service\",\"Nfz-Werkstatt\"],\"articleSection\":[\"Nfz-Branche\"],\"inLanguage\":\"de\"},{\"@type\":\"WebPage\",\"@id\":\"https:\\\/\\\/www.krafthand.de\\\/truck\\\/artikel\\\/autopromotec-nfz-werkstatt-im-fokus-3030\\\/\",\"url\":\"https:\\\/\\\/www.krafthand.de\\\/truck\\\/artikel\\\/autopromotec-nfz-werkstatt-im-fokus-3030\\\/\",\"name\":\"Autopromotec: Nfz-Werkstatt im Fokus - Krafthand-Truck\",\"isPartOf\":{\"@id\":\"https:\\\/\\\/www.krafthand.de\\\/truck\\\/#website\"},\"primaryImageOfPage\":{\"@id\":\"https:\\\/\\\/www.krafthand.de\\\/truck\\\/artikel\\\/autopromotec-nfz-werkstatt-im-fokus-3030\\\/#primaryimage\"},\"image\":{\"@id\":\"https:\\\/\\\/www.krafthand.de\\\/truck\\\/artikel\\\/autopromotec-nfz-werkstatt-im-fokus-3030\\\/#primaryimage\"},\"thumbnailUrl\":\"https:\\\/\\\/static.krafthand-truck.de\\\/uploads\\\/2017\\\/04\\\/Autopromotec_.jpg\",\"datePublished\":\"2017-04-25T07:59:04+00:00\",\"author\":{\"@id\":\"https:\\\/\\\/www.krafthand.de\\\/truck\\\/#\\\/schema\\\/person\\\/8e290c6d425b72d176adc7767a251001\"},\"breadcrumb\":{\"@id\":\"https:\\\/\\\/www.krafthand.de\\\/truck\\\/artikel\\\/autopromotec-nfz-werkstatt-im-fokus-3030\\\/#breadcrumb\"},\"inLanguage\":\"de\",\"potentialAction\":[{\"@type\":\"ReadAction\",\"target\":[\"https:\\\/\\\/www.krafthand.de\\\/truck\\\/artikel\\\/autopromotec-nfz-werkstatt-im-fokus-3030\\\/\"]}]},{\"@type\":\"ImageObject\",\"inLanguage\":\"de\",\"@id\":\"https:\\\/\\\/www.krafthand.de\\\/truck\\\/artikel\\\/autopromotec-nfz-werkstatt-im-fokus-3030\\\/#primaryimage\",\"url\":\"https:\\\/\\\/static.krafthand-truck.de\\\/uploads\\\/2017\\\/04\\\/Autopromotec_.jpg\",\"contentUrl\":\"https:\\\/\\\/static.krafthand-truck.de\\\/uploads\\\/2017\\\/04\\\/Autopromotec_.jpg\",\"width\":1200,\"height\":843,\"caption\":\"Die Autopromotec findet vom 24. bis 28. Mai 2017 in Bologna statt. Bild: Autopromotec\"},{\"@type\":\"BreadcrumbList\",\"@id\":\"https:\\\/\\\/www.krafthand.de\\\/truck\\\/artikel\\\/autopromotec-nfz-werkstatt-im-fokus-3030\\\/#breadcrumb\",\"itemListElement\":[{\"@type\":\"ListItem\",\"position\":1,\"name\":\"Krafthand-Truck\",\"item\":\"https:\\\/\\\/www.krafthand.de\\\/truck\\\/\"},{\"@type\":\"ListItem\",\"position\":2,\"name\":\"Nfz-Branche\",\"item\":\"https:\\\/\\\/www.krafthand.de\\\/truck\\\/kategorie\\\/branche\\\/\"},{\"@type\":\"ListItem\",\"position\":3,\"name\":\"Autopromotec: Nfz-Werkstatt im Fokus\"}]},{\"@type\":\"WebSite\",\"@id\":\"https:\\\/\\\/www.krafthand.de\\\/truck\\\/#website\",\"url\":\"https:\\\/\\\/www.krafthand.de\\\/truck\\\/\",\"name\":\"Krafthand-Truck\",\"description\":\"\",\"potentialAction\":[{\"@type\":\"SearchAction\",\"target\":{\"@type\":\"EntryPoint\",\"urlTemplate\":\"https:\\\/\\\/www.krafthand.de\\\/truck\\\/?s={search_term_string}\"},\"query-input\":{\"@type\":\"PropertyValueSpecification\",\"valueRequired\":true,\"valueName\":\"search_term_string\"}}],\"inLanguage\":\"de\"},{\"@type\":\"Person\",\"@id\":\"https:\\\/\\\/www.krafthand.de\\\/truck\\\/#\\\/schema\\\/person\\\/8e290c6d425b72d176adc7767a251001\",\"name\":\"katja.heid@krafthand.de\",\"image\":{\"@type\":\"ImageObject\",\"inLanguage\":\"de\",\"@id\":\"https:\\\/\\\/secure.gravatar.com\\\/avatar\\\/9a2930c54ede0e0a76c0f8abfb74704de273084f2aa0e3c6deb2c86704c7402b?s=96&d=mm&r=g\",\"url\":\"https:\\\/\\\/secure.gravatar.com\\\/avatar\\\/9a2930c54ede0e0a76c0f8abfb74704de273084f2aa0e3c6deb2c86704c7402b?s=96&d=mm&r=g\",\"contentUrl\":\"https:\\\/\\\/secure.gravatar.com\\\/avatar\\\/9a2930c54ede0e0a76c0f8abfb74704de273084f2aa0e3c6deb2c86704c7402b?s=96&d=mm&r=g\",\"caption\":\"katja.heid@krafthand.de\"}}]}<\/script>\n<!-- \/ Yoast SEO plugin. -->","yoast_head_json":{"title":"Autopromotec: Nfz-Werkstatt im Fokus - Krafthand-Truck","robots":{"index":"index","follow":"follow","max-snippet":"max-snippet:-1","max-image-preview":"max-image-preview:large","max-video-preview":"max-video-preview:-1"},"canonical":"https:\/\/www.krafthand.de\/truck\/artikel\/autopromotec-nfz-werkstatt-im-fokus-3030\/","og_locale":"de_DE","og_type":"article","og_title":"Autopromotec: Nfz-Werkstatt im Fokus - Krafthand-Truck","og_description":"Wenn sich vom 24. bis 28. Mai 2017 die Tore der Autopromotec in Bologna \u00f6ffnen, wird mit der Initiative \u201eIndustrial Vehicle Service\u201c ein wichtiger Bereich in den Mittelpunkt ger\u00fcckt. ... weiter","og_url":"https:\/\/www.krafthand-truck.de\/artikel\/autopromotec-nfz-werkstatt-im-fokus-3030\/","og_site_name":"Krafthand-Truck","article_published_time":"2017-04-25T07:59:04+00:00","og_image":[{"width":1200,"height":843,"url":"https:\/\/www.krafthand.de\/truck\/wp-content\/uploads\/2017\/04\/Autopromotec_.jpg","type":"image\/jpeg"}],"author":"katja.heid@krafthand.de","twitter_card":"summary_large_image","twitter_misc":{"Verfasst von":"katja.heid@krafthand.de","Gesch\u00e4tzte Lesezeit":"3\u00a0Minuten"},"schema":{"@context":"https:\/\/schema.org","@graph":[{"@type":"Article","@id":"https:\/\/www.krafthand.de\/truck\/artikel\/autopromotec-nfz-werkstatt-im-fokus-3030\/#article","isPartOf":{"@id":"https:\/\/www.krafthand.de\/truck\/artikel\/autopromotec-nfz-werkstatt-im-fokus-3030\/"},"author":{"name":"katja.heid@krafthand.de","@id":"https:\/\/www.krafthand.de\/truck\/#\/schema\/person\/8e290c6d425b72d176adc7767a251001"},"headline":"Autopromotec: Nfz-Werkstatt im Fokus","datePublished":"2017-04-25T07:59:04+00:00","mainEntityOfPage":{"@id":"https:\/\/www.krafthand.de\/truck\/artikel\/autopromotec-nfz-werkstatt-im-fokus-3030\/"},"wordCount":566,"image":{"@id":"https:\/\/www.krafthand.de\/truck\/artikel\/autopromotec-nfz-werkstatt-im-fokus-3030\/#primaryimage"},"thumbnailUrl":"https:\/\/static.krafthand-truck.de\/uploads\/2017\/04\/Autopromotec_.jpg","keywords":["Autopromotec","Bologna","Industrial Vehicle Service","Nfz-Werkstatt"],"articleSection":["Nfz-Branche"],"inLanguage":"de"},{"@type":"WebPage","@id":"https:\/\/www.krafthand.de\/truck\/artikel\/autopromotec-nfz-werkstatt-im-fokus-3030\/","url":"https:\/\/www.krafthand.de\/truck\/artikel\/autopromotec-nfz-werkstatt-im-fokus-3030\/","name":"Autopromotec: Nfz-Werkstatt im Fokus - Krafthand-Truck","isPartOf":{"@id":"https:\/\/www.krafthand.de\/truck\/#website"},"primaryImageOfPage":{"@id":"https:\/\/www.krafthand.de\/truck\/artikel\/autopromotec-nfz-werkstatt-im-fokus-3030\/#primaryimage"},"image":{"@id":"https:\/\/www.krafthand.de\/truck\/artikel\/autopromotec-nfz-werkstatt-im-fokus-3030\/#primaryimage"},"thumbnailUrl":"https:\/\/static.krafthand-truck.de\/uploads\/2017\/04\/Autopromotec_.jpg","datePublished":"2017-04-25T07:59:04+00:00","author":{"@id":"https:\/\/www.krafthand.de\/truck\/#\/schema\/person\/8e290c6d425b72d176adc7767a251001"},"breadcrumb":{"@id":"https:\/\/www.krafthand.de\/truck\/artikel\/autopromotec-nfz-werkstatt-im-fokus-3030\/#breadcrumb"},"inLanguage":"de","potentialAction":[{"@type":"ReadAction","target":["https:\/\/www.krafthand.de\/truck\/artikel\/autopromotec-nfz-werkstatt-im-fokus-3030\/"]}]},{"@type":"ImageObject","inLanguage":"de","@id":"https:\/\/www.krafthand.de\/truck\/artikel\/autopromotec-nfz-werkstatt-im-fokus-3030\/#primaryimage","url":"https:\/\/static.krafthand-truck.de\/uploads\/2017\/04\/Autopromotec_.jpg","contentUrl":"https:\/\/static.krafthand-truck.de\/uploads\/2017\/04\/Autopromotec_.jpg","width":1200,"height":843,"caption":"Die Autopromotec findet vom 24. bis 28. Mai 2017 in Bologna statt. Bild: Autopromotec"},{"@type":"BreadcrumbList","@id":"https:\/\/www.krafthand.de\/truck\/artikel\/autopromotec-nfz-werkstatt-im-fokus-3030\/#breadcrumb","itemListElement":[{"@type":"ListItem","position":1,"name":"Krafthand-Truck","item":"https:\/\/www.krafthand.de\/truck\/"},{"@type":"ListItem","position":2,"name":"Nfz-Branche","item":"https:\/\/www.krafthand.de\/truck\/kategorie\/branche\/"},{"@type":"ListItem","position":3,"name":"Autopromotec: Nfz-Werkstatt im Fokus"}]},{"@type":"WebSite","@id":"https:\/\/www.krafthand.de\/truck\/#website","url":"https:\/\/www.krafthand.de\/truck\/","name":"Krafthand-Truck","description":"","potentialAction":[{"@type":"SearchAction","target":{"@type":"EntryPoint","urlTemplate":"https:\/\/www.krafthand.de\/truck\/?s={search_term_string}"},"query-input":{"@type":"PropertyValueSpecification","valueRequired":true,"valueName":"search_term_string"}}],"inLanguage":"de"},{"@type":"Person","@id":"https:\/\/www.krafthand.de\/truck\/#\/schema\/person\/8e290c6d425b72d176adc7767a251001","name":"katja.heid@krafthand.de","image":{"@type":"ImageObject","inLanguage":"de","@id":"https:\/\/secure.gravatar.com\/avatar\/9a2930c54ede0e0a76c0f8abfb74704de273084f2aa0e3c6deb2c86704c7402b?s=96&d=mm&r=g","url":"https:\/\/secure.gravatar.com\/avatar\/9a2930c54ede0e0a76c0f8abfb74704de273084f2aa0e3c6deb2c86704c7402b?s=96&d=mm&r=g","contentUrl":"https:\/\/secure.gravatar.com\/avatar\/9a2930c54ede0e0a76c0f8abfb74704de273084f2aa0e3c6deb2c86704c7402b?s=96&d=mm&r=g","caption":"katja.heid@krafthand.de"}}]}},"_links":{"self":[{"href":"https:\/\/www.krafthand.de\/truck\/wp-json\/wp\/v2\/posts\/3030","targetHints":{"allow":["GET"]}}],"collection":[{"href":"https:\/\/www.krafthand.de\/truck\/wp-json\/wp\/v2\/posts"}],"about":[{"href":"https:\/\/www.krafthand.de\/truck\/wp-json\/wp\/v2\/types\/post"}],"author":[{"embeddable":true,"href":"https:\/\/www.krafthand.de\/truck\/wp-json\/wp\/v2\/users\/3"}],"replies":[{"embeddable":true,"href":"https:\/\/www.krafthand.de\/truck\/wp-json\/wp\/v2\/comments?post=3030"}],"version-history":[{"count":0,"href":"https:\/\/www.krafthand.de\/truck\/wp-json\/wp\/v2\/posts\/3030\/revisions"}],"wp:featuredmedia":[{"embeddable":true,"href":"https:\/\/www.krafthand.de\/truck\/wp-json\/wp\/v2\/media\/3031"}],"wp:attachment":[{"href":"https:\/\/www.krafthand.de\/truck\/wp-json\/wp\/v2\/media?parent=3030"}],"wp:term":[{"taxonomy":"category","embeddable":true,"href":"https:\/\/www.krafthand.de\/truck\/wp-json\/wp\/v2\/categories?post=3030"},{"taxonomy":"post_tag","embeddable":true,"href":"https:\/\/www.krafthand.de\/truck\/wp-json\/wp\/v2\/tags?post=3030"},{"taxonomy":"settings","embeddable":true,"href":"https:\/\/www.krafthand.de\/truck\/wp-json\/wp\/v2\/settings?post=3030"}],"curies":[{"name":"wp","href":"https:\/\/api.w.org\/{rel}","templated":true}]}}