{"id":30203,"date":"2021-11-22T11:24:40","date_gmt":"2021-11-22T10:24:40","guid":{"rendered":"https:\/\/www.krafthand.de\/truck\/?p=30203"},"modified":"2021-11-22T11:24:40","modified_gmt":"2021-11-22T10:24:40","slug":"autopromotec-ist-2022-internationaler-treffpunkt-des-automotive-aftermarket","status":"publish","type":"post","link":"https:\/\/www.krafthand.de\/truck\/artikel\/autopromotec-ist-2022-internationaler-treffpunkt-des-automotive-aftermarket-30203\/","title":{"rendered":"Autopromotec ist 2022 internationaler Treffpunkt des Automotive-Aftermarket"},"content":{"rendered":"<p>Die Veranstalter der internationalen Fachmesse f\u00fcr den Automotive-Aftermarket, <a href=\"https:\/\/www.autopromotec.com\/en\/index.php\" target=\"_blank\" rel=\"noopener\">Autopromotec<\/a>, haben ihre strategischen Ziele vorgestellt. Man m\u00f6chte mit einem innovativen Format und zahlreichen Workshops die Welt des Automobil-Aftermarkts auf globaler Ebene einzubeziehen. Die Messe findet vom 25. bis 28. Mai 2022 in Bologna statt.\u00a0Die Autopromotec gilt als eine der gr\u00f6\u00dften, internationalen Fachmessen f\u00fcr Werkstattausr\u00fcstung und den Kfz-\/Nfz-Aftermarket, die alle zwei Jahre auf dem Messegel\u00e4nde in Bologna stattfindet. Die 1965 ins Leben gerufene Veranstaltung wird von Promotec, dem Dienstleistungsunternehmen der <a href=\"https:\/\/www.asso-airp.it\/\" target=\"_blank\" rel=\"noopener\">AIRP<\/a> (Italienischer Verband der Reifenrunderneuerer) und von der <a href=\"https:\/\/www.asso-aica.it\/index_en.php\" target=\"_blank\" rel=\"noopener\">AICA<\/a> (Italienischer Verband der Automobilausr\u00fcster) organisiert.<\/p>\n<h3>International aufgestellt<\/h3>\n<p>Attraktivit\u00e4t und Business sind die Schl\u00fcsselbegriffe des strategischen und internationalen Werbeplans f\u00fcr die Autopromotec 2022. Die Organisatoren der haben eine Reihe gro\u00df angelegter Werbeaktivit\u00e4ten gestartet, um so die gr\u00f6\u00dftm\u00f6gliche Zahl an internationalen K\u00e4ufern, Entscheidungstr\u00e4gern und Interessengruppen mit anzuziehen.<br \/>\nEinerseits wird die Autopromotec &#8211; unter anderem mit Unterst\u00fctzung des Ministeriums f\u00fcr ausw\u00e4rtige Angelegenheiten und der italienischen Agentur f\u00fcr Au\u00dfenhandel &#8211; daran arbeiten, Unternehmen aus weit entfernten M\u00e4rkten mit hohem Wachstumspotenzial zu gewinnen. Andererseits st\u00fctzt sich die Messeorganisation auf ihr internationales Netzwerk, um Fachkr\u00e4fte und Entscheider aus zahlreichen M\u00e4rkten Mittel- und Osteuropas, Nordafrikas, des Nahen Ostens und S\u00fcdamerikas in Bologna willkommen hei\u00dfen zu k\u00f6nnen.<br \/>\nEin vorrangiges Ziel sei es, ausstellenden Unternehmen m\u00f6glichst viele Kontaktm\u00f6glichkeiten zu bieten. Gleichzeitig gelte es, K\u00e4uferinnen und K\u00e4ufer mit allen Produktneuheiten in Kontakt zu bringen, die nach der langen Zwangspause durch die Pandemie in vielen F\u00e4llen auf der Autopromotec 2022 , erstmals pr\u00e4sentiert werden.<\/p>\n<h3>Networking und Conferencing<\/h3>\n<p>Ein besonderes Augenmerk gilt auch den ausl\u00e4ndischen Verb\u00e4nden. Die Organisatoren der Messe erarbeiteten einen Workshop-Kalender zu den zentralen Themen und Herausforderungen des Automotive-Aftermarkets. Die Teilnehmerinnen und Teilnehmer der kommenden Messe d\u00fcrfen sich schon jetzt auf ein innovatives Format freuen, das ihnen die M\u00f6glichkeit gibt, sich \u00fcber Innovationen und neue Produkte zu informieren, an Konferenzen sowie Seminaren pers\u00f6nlich wie auch virtuell teilzunehmen, Stammlieferanten und m\u00f6gliche neue Partner zu treffen.<br \/>\nF\u00fcr den Fall, dass die pandemische Situation dies erforderlich machen sollte, ist man aber auch f\u00fcr eine Reihe an Aktivit\u00e4ten hybrider Natur gewappnet.<\/p>\n<h3>Internationale Akzeptanz<\/h3>\n<p>Die Ausgabe der Autopromotec 2019 besuchten 119.108 Besucher aus 136 L\u00e4ndern. Der prozentuale Anteil der Fachbesucher teilte sich wie folgt auf: Europa (mit 37 Prozent), Asien (24 Prozent), Amerika (18 Prozent) und Afrika (15 Prozent), gefolgt von Ozeanien (6 Prozent).<\/p>\n","protected":false},"excerpt":{"rendered":"<p>Die Veranstalter der internationalen Fachmesse f\u00fcr den Automotive-Aftermarket, Autopromotec, haben ihre strategischen Ziele vorgestellt. Man m\u00f6chte mit einem innovativen Format und zahlreichen Workshops die Welt des Automotive-Aftermarket auf globaler Ebene einzubeziehen. Die Messe findet vom 25. bis 28. Mai 2022 in Bologna statt.\u00a0 <span class=\"excerpt-more__dots\">&#8230;<\/span> <a class=\"excerpt-more__link\" href=\"https:\/\/www.krafthand.de\/truck\/artikel\/autopromotec-ist-2022-internationaler-treffpunkt-des-automotive-aftermarket-30203\/\" >weiter<\/a><\/p>\n","protected":false},"author":9,"featured_media":30209,"comment_status":"closed","ping_status":"closed","sticky":false,"template":"","format":"standard","meta":{"footnotes":""},"categories":[4236],"tags":[2997,2998,4888],"settings":[3523],"class_list":["post-30203","post","type-post","status-publish","format-standard","has-post-thumbnail","hentry","category-veranstaltungen","tag-autopromotec","tag-bologna","tag-nfz-aftermarket"],"yoast_head":"<!-- This site is optimized with the Yoast SEO plugin v27.3 - https:\/\/yoast.com\/product\/yoast-seo-wordpress\/ -->\n<title>Die Autopromotec in Bologna<\/title>\n<meta name=\"description\" content=\"Die Veranstalter der internationalen Fachmesse f\u00fcr den Automotive-Aftermarket, Autopromotec, haben ihre Ziele vorgestellt. Man m\u00f6chte mit einem innovativen Format und zahlreichen Workshops den Automotive-Aftermarket auf globaler Ebene einzubeziehen. Die Messe findet vom 25. bis 28. Mai 2022 in Bologna statt.\" \/>\n<meta name=\"robots\" content=\"index, follow, max-snippet:-1, max-image-preview:large, max-video-preview:-1\" \/>\n<link rel=\"canonical\" href=\"https:\/\/www.krafthand.de\/truck\/artikel\/autopromotec-ist-2022-internationaler-treffpunkt-des-automotive-aftermarket-30203\/\" \/>\n<meta property=\"og:locale\" content=\"de_DE\" \/>\n<meta property=\"og:type\" content=\"article\" \/>\n<meta property=\"og:title\" content=\"Die Autopromotec in Bologna\" \/>\n<meta property=\"og:description\" content=\"Die Veranstalter der internationalen Fachmesse f\u00fcr den Automotive-Aftermarket, Autopromotec, haben ihre Ziele vorgestellt. Man m\u00f6chte mit einem innovativen Format und zahlreichen Workshops den Automotive-Aftermarket auf globaler Ebene einzubeziehen. Die Messe findet vom 25. bis 28. Mai 2022 in Bologna statt.\" \/>\n<meta property=\"og:url\" content=\"https:\/\/www.krafthand-truck.de\/artikel\/autopromotec-ist-2022-internationaler-treffpunkt-des-automotive-aftermarket-30203\/\" \/>\n<meta property=\"og:site_name\" content=\"Krafthand-Truck\" \/>\n<meta property=\"article:published_time\" content=\"2021-11-22T10:24:40+00:00\" \/>\n<meta property=\"og:image\" content=\"https:\/\/www.krafthand.de\/truck\/wp-content\/uploads\/2021\/11\/Autopromotec_Bologna_2022_Krafthand_Truck.jpg\" \/>\n\t<meta property=\"og:image:width\" content=\"1200\" \/>\n\t<meta property=\"og:image:height\" content=\"800\" \/>\n\t<meta property=\"og:image:type\" content=\"image\/jpeg\" \/>\n<meta name=\"author\" content=\"georg.blenk@krafthand-medien.de\" \/>\n<meta name=\"twitter:card\" content=\"summary_large_image\" \/>\n<meta name=\"twitter:label1\" content=\"Verfasst von\" \/>\n\t<meta name=\"twitter:data1\" content=\"georg.blenk@krafthand-medien.de\" \/>\n\t<meta name=\"twitter:label2\" content=\"Gesch\u00e4tzte Lesezeit\" \/>\n\t<meta name=\"twitter:data2\" content=\"2\u00a0Minuten\" \/>\n<script type=\"application\/ld+json\" class=\"yoast-schema-graph\">{\"@context\":\"https:\\\/\\\/schema.org\",\"@graph\":[{\"@type\":\"Article\",\"@id\":\"https:\\\/\\\/www.krafthand.de\\\/truck\\\/artikel\\\/autopromotec-ist-2022-internationaler-treffpunkt-des-automotive-aftermarket-30203\\\/#article\",\"isPartOf\":{\"@id\":\"https:\\\/\\\/www.krafthand.de\\\/truck\\\/artikel\\\/autopromotec-ist-2022-internationaler-treffpunkt-des-automotive-aftermarket-30203\\\/\"},\"author\":{\"name\":\"georg.blenk@krafthand-medien.de\",\"@id\":\"https:\\\/\\\/www.krafthand.de\\\/truck\\\/#\\\/schema\\\/person\\\/51fa80b1c57034c4bf63f9f988fc24ce\"},\"headline\":\"Autopromotec ist 2022 internationaler Treffpunkt des Automotive-Aftermarket\",\"datePublished\":\"2021-11-22T10:24:40+00:00\",\"mainEntityOfPage\":{\"@id\":\"https:\\\/\\\/www.krafthand.de\\\/truck\\\/artikel\\\/autopromotec-ist-2022-internationaler-treffpunkt-des-automotive-aftermarket-30203\\\/\"},\"wordCount\":412,\"image\":{\"@id\":\"https:\\\/\\\/www.krafthand.de\\\/truck\\\/artikel\\\/autopromotec-ist-2022-internationaler-treffpunkt-des-automotive-aftermarket-30203\\\/#primaryimage\"},\"thumbnailUrl\":\"https:\\\/\\\/static.krafthand-truck.de\\\/uploads\\\/2021\\\/11\\\/Autopromotec_Bologna_2022_Krafthand_Truck.jpg\",\"keywords\":[\"Autopromotec\",\"Bologna\",\"Nfz-Aftermarket\"],\"articleSection\":[\"Veranstaltungen\\\/Messen\"],\"inLanguage\":\"de\"},{\"@type\":\"WebPage\",\"@id\":\"https:\\\/\\\/www.krafthand.de\\\/truck\\\/artikel\\\/autopromotec-ist-2022-internationaler-treffpunkt-des-automotive-aftermarket-30203\\\/\",\"url\":\"https:\\\/\\\/www.krafthand.de\\\/truck\\\/artikel\\\/autopromotec-ist-2022-internationaler-treffpunkt-des-automotive-aftermarket-30203\\\/\",\"name\":\"Die Autopromotec in Bologna\",\"isPartOf\":{\"@id\":\"https:\\\/\\\/www.krafthand.de\\\/truck\\\/#website\"},\"primaryImageOfPage\":{\"@id\":\"https:\\\/\\\/www.krafthand.de\\\/truck\\\/artikel\\\/autopromotec-ist-2022-internationaler-treffpunkt-des-automotive-aftermarket-30203\\\/#primaryimage\"},\"image\":{\"@id\":\"https:\\\/\\\/www.krafthand.de\\\/truck\\\/artikel\\\/autopromotec-ist-2022-internationaler-treffpunkt-des-automotive-aftermarket-30203\\\/#primaryimage\"},\"thumbnailUrl\":\"https:\\\/\\\/static.krafthand-truck.de\\\/uploads\\\/2021\\\/11\\\/Autopromotec_Bologna_2022_Krafthand_Truck.jpg\",\"datePublished\":\"2021-11-22T10:24:40+00:00\",\"author\":{\"@id\":\"https:\\\/\\\/www.krafthand.de\\\/truck\\\/#\\\/schema\\\/person\\\/51fa80b1c57034c4bf63f9f988fc24ce\"},\"description\":\"Die Veranstalter der internationalen Fachmesse f\u00fcr den Automotive-Aftermarket, Autopromotec, haben ihre Ziele vorgestellt. Man m\u00f6chte mit einem innovativen Format und zahlreichen Workshops den Automotive-Aftermarket auf globaler Ebene einzubeziehen. Die Messe findet vom 25. bis 28. Mai 2022 in Bologna statt.\",\"breadcrumb\":{\"@id\":\"https:\\\/\\\/www.krafthand.de\\\/truck\\\/artikel\\\/autopromotec-ist-2022-internationaler-treffpunkt-des-automotive-aftermarket-30203\\\/#breadcrumb\"},\"inLanguage\":\"de\",\"potentialAction\":[{\"@type\":\"ReadAction\",\"target\":[\"https:\\\/\\\/www.krafthand.de\\\/truck\\\/artikel\\\/autopromotec-ist-2022-internationaler-treffpunkt-des-automotive-aftermarket-30203\\\/\"]}]},{\"@type\":\"ImageObject\",\"inLanguage\":\"de\",\"@id\":\"https:\\\/\\\/www.krafthand.de\\\/truck\\\/artikel\\\/autopromotec-ist-2022-internationaler-treffpunkt-des-automotive-aftermarket-30203\\\/#primaryimage\",\"url\":\"https:\\\/\\\/static.krafthand-truck.de\\\/uploads\\\/2021\\\/11\\\/Autopromotec_Bologna_2022_Krafthand_Truck.jpg\",\"contentUrl\":\"https:\\\/\\\/static.krafthand-truck.de\\\/uploads\\\/2021\\\/11\\\/Autopromotec_Bologna_2022_Krafthand_Truck.jpg\",\"width\":1200,\"height\":800},{\"@type\":\"BreadcrumbList\",\"@id\":\"https:\\\/\\\/www.krafthand.de\\\/truck\\\/artikel\\\/autopromotec-ist-2022-internationaler-treffpunkt-des-automotive-aftermarket-30203\\\/#breadcrumb\",\"itemListElement\":[{\"@type\":\"ListItem\",\"position\":1,\"name\":\"Krafthand-Truck\",\"item\":\"https:\\\/\\\/www.krafthand.de\\\/truck\\\/\"},{\"@type\":\"ListItem\",\"position\":2,\"name\":\"Nfz-Branche\",\"item\":\"https:\\\/\\\/www.krafthand.de\\\/truck\\\/kategorie\\\/branche\\\/\"},{\"@type\":\"ListItem\",\"position\":3,\"name\":\"Veranstaltungen\\\/Messen\",\"item\":\"https:\\\/\\\/www.krafthand.de\\\/truck\\\/kategorie\\\/branche\\\/veranstaltungen\\\/\"},{\"@type\":\"ListItem\",\"position\":4,\"name\":\"Autopromotec ist 2022 internationaler Treffpunkt des Automotive-Aftermarket\"}]},{\"@type\":\"WebSite\",\"@id\":\"https:\\\/\\\/www.krafthand.de\\\/truck\\\/#website\",\"url\":\"https:\\\/\\\/www.krafthand.de\\\/truck\\\/\",\"name\":\"Krafthand-Truck\",\"description\":\"\",\"potentialAction\":[{\"@type\":\"SearchAction\",\"target\":{\"@type\":\"EntryPoint\",\"urlTemplate\":\"https:\\\/\\\/www.krafthand.de\\\/truck\\\/?s={search_term_string}\"},\"query-input\":{\"@type\":\"PropertyValueSpecification\",\"valueRequired\":true,\"valueName\":\"search_term_string\"}}],\"inLanguage\":\"de\"},{\"@type\":\"Person\",\"@id\":\"https:\\\/\\\/www.krafthand.de\\\/truck\\\/#\\\/schema\\\/person\\\/51fa80b1c57034c4bf63f9f988fc24ce\",\"name\":\"georg.blenk@krafthand-medien.de\",\"image\":{\"@type\":\"ImageObject\",\"inLanguage\":\"de\",\"@id\":\"https:\\\/\\\/secure.gravatar.com\\\/avatar\\\/93713c30affe0aa95d3a4130e499bb1abee2eb31adbdd9ce2aa1543538490215?s=96&d=mm&r=g\",\"url\":\"https:\\\/\\\/secure.gravatar.com\\\/avatar\\\/93713c30affe0aa95d3a4130e499bb1abee2eb31adbdd9ce2aa1543538490215?s=96&d=mm&r=g\",\"contentUrl\":\"https:\\\/\\\/secure.gravatar.com\\\/avatar\\\/93713c30affe0aa95d3a4130e499bb1abee2eb31adbdd9ce2aa1543538490215?s=96&d=mm&r=g\",\"caption\":\"georg.blenk@krafthand-medien.de\"}}]}<\/script>\n<!-- \/ Yoast SEO plugin. -->","yoast_head_json":{"title":"Die Autopromotec in Bologna","description":"Die Veranstalter der internationalen Fachmesse f\u00fcr den Automotive-Aftermarket, Autopromotec, haben ihre Ziele vorgestellt. Man m\u00f6chte mit einem innovativen Format und zahlreichen Workshops den Automotive-Aftermarket auf globaler Ebene einzubeziehen. Die Messe findet vom 25. bis 28. Mai 2022 in Bologna statt.","robots":{"index":"index","follow":"follow","max-snippet":"max-snippet:-1","max-image-preview":"max-image-preview:large","max-video-preview":"max-video-preview:-1"},"canonical":"https:\/\/www.krafthand.de\/truck\/artikel\/autopromotec-ist-2022-internationaler-treffpunkt-des-automotive-aftermarket-30203\/","og_locale":"de_DE","og_type":"article","og_title":"Die Autopromotec in Bologna","og_description":"Die Veranstalter der internationalen Fachmesse f\u00fcr den Automotive-Aftermarket, Autopromotec, haben ihre Ziele vorgestellt. Man m\u00f6chte mit einem innovativen Format und zahlreichen Workshops den Automotive-Aftermarket auf globaler Ebene einzubeziehen. Die Messe findet vom 25. bis 28. Mai 2022 in Bologna statt.","og_url":"https:\/\/www.krafthand-truck.de\/artikel\/autopromotec-ist-2022-internationaler-treffpunkt-des-automotive-aftermarket-30203\/","og_site_name":"Krafthand-Truck","article_published_time":"2021-11-22T10:24:40+00:00","og_image":[{"width":1200,"height":800,"url":"https:\/\/www.krafthand.de\/truck\/wp-content\/uploads\/2021\/11\/Autopromotec_Bologna_2022_Krafthand_Truck.jpg","type":"image\/jpeg"}],"author":"georg.blenk@krafthand-medien.de","twitter_card":"summary_large_image","twitter_misc":{"Verfasst von":"georg.blenk@krafthand-medien.de","Gesch\u00e4tzte Lesezeit":"2\u00a0Minuten"},"schema":{"@context":"https:\/\/schema.org","@graph":[{"@type":"Article","@id":"https:\/\/www.krafthand.de\/truck\/artikel\/autopromotec-ist-2022-internationaler-treffpunkt-des-automotive-aftermarket-30203\/#article","isPartOf":{"@id":"https:\/\/www.krafthand.de\/truck\/artikel\/autopromotec-ist-2022-internationaler-treffpunkt-des-automotive-aftermarket-30203\/"},"author":{"name":"georg.blenk@krafthand-medien.de","@id":"https:\/\/www.krafthand.de\/truck\/#\/schema\/person\/51fa80b1c57034c4bf63f9f988fc24ce"},"headline":"Autopromotec ist 2022 internationaler Treffpunkt des Automotive-Aftermarket","datePublished":"2021-11-22T10:24:40+00:00","mainEntityOfPage":{"@id":"https:\/\/www.krafthand.de\/truck\/artikel\/autopromotec-ist-2022-internationaler-treffpunkt-des-automotive-aftermarket-30203\/"},"wordCount":412,"image":{"@id":"https:\/\/www.krafthand.de\/truck\/artikel\/autopromotec-ist-2022-internationaler-treffpunkt-des-automotive-aftermarket-30203\/#primaryimage"},"thumbnailUrl":"https:\/\/static.krafthand-truck.de\/uploads\/2021\/11\/Autopromotec_Bologna_2022_Krafthand_Truck.jpg","keywords":["Autopromotec","Bologna","Nfz-Aftermarket"],"articleSection":["Veranstaltungen\/Messen"],"inLanguage":"de"},{"@type":"WebPage","@id":"https:\/\/www.krafthand.de\/truck\/artikel\/autopromotec-ist-2022-internationaler-treffpunkt-des-automotive-aftermarket-30203\/","url":"https:\/\/www.krafthand.de\/truck\/artikel\/autopromotec-ist-2022-internationaler-treffpunkt-des-automotive-aftermarket-30203\/","name":"Die Autopromotec in Bologna","isPartOf":{"@id":"https:\/\/www.krafthand.de\/truck\/#website"},"primaryImageOfPage":{"@id":"https:\/\/www.krafthand.de\/truck\/artikel\/autopromotec-ist-2022-internationaler-treffpunkt-des-automotive-aftermarket-30203\/#primaryimage"},"image":{"@id":"https:\/\/www.krafthand.de\/truck\/artikel\/autopromotec-ist-2022-internationaler-treffpunkt-des-automotive-aftermarket-30203\/#primaryimage"},"thumbnailUrl":"https:\/\/static.krafthand-truck.de\/uploads\/2021\/11\/Autopromotec_Bologna_2022_Krafthand_Truck.jpg","datePublished":"2021-11-22T10:24:40+00:00","author":{"@id":"https:\/\/www.krafthand.de\/truck\/#\/schema\/person\/51fa80b1c57034c4bf63f9f988fc24ce"},"description":"Die Veranstalter der internationalen Fachmesse f\u00fcr den Automotive-Aftermarket, Autopromotec, haben ihre Ziele vorgestellt. Man m\u00f6chte mit einem innovativen Format und zahlreichen Workshops den Automotive-Aftermarket auf globaler Ebene einzubeziehen. Die Messe findet vom 25. bis 28. Mai 2022 in Bologna statt.","breadcrumb":{"@id":"https:\/\/www.krafthand.de\/truck\/artikel\/autopromotec-ist-2022-internationaler-treffpunkt-des-automotive-aftermarket-30203\/#breadcrumb"},"inLanguage":"de","potentialAction":[{"@type":"ReadAction","target":["https:\/\/www.krafthand.de\/truck\/artikel\/autopromotec-ist-2022-internationaler-treffpunkt-des-automotive-aftermarket-30203\/"]}]},{"@type":"ImageObject","inLanguage":"de","@id":"https:\/\/www.krafthand.de\/truck\/artikel\/autopromotec-ist-2022-internationaler-treffpunkt-des-automotive-aftermarket-30203\/#primaryimage","url":"https:\/\/static.krafthand-truck.de\/uploads\/2021\/11\/Autopromotec_Bologna_2022_Krafthand_Truck.jpg","contentUrl":"https:\/\/static.krafthand-truck.de\/uploads\/2021\/11\/Autopromotec_Bologna_2022_Krafthand_Truck.jpg","width":1200,"height":800},{"@type":"BreadcrumbList","@id":"https:\/\/www.krafthand.de\/truck\/artikel\/autopromotec-ist-2022-internationaler-treffpunkt-des-automotive-aftermarket-30203\/#breadcrumb","itemListElement":[{"@type":"ListItem","position":1,"name":"Krafthand-Truck","item":"https:\/\/www.krafthand.de\/truck\/"},{"@type":"ListItem","position":2,"name":"Nfz-Branche","item":"https:\/\/www.krafthand.de\/truck\/kategorie\/branche\/"},{"@type":"ListItem","position":3,"name":"Veranstaltungen\/Messen","item":"https:\/\/www.krafthand.de\/truck\/kategorie\/branche\/veranstaltungen\/"},{"@type":"ListItem","position":4,"name":"Autopromotec ist 2022 internationaler Treffpunkt des Automotive-Aftermarket"}]},{"@type":"WebSite","@id":"https:\/\/www.krafthand.de\/truck\/#website","url":"https:\/\/www.krafthand.de\/truck\/","name":"Krafthand-Truck","description":"","potentialAction":[{"@type":"SearchAction","target":{"@type":"EntryPoint","urlTemplate":"https:\/\/www.krafthand.de\/truck\/?s={search_term_string}"},"query-input":{"@type":"PropertyValueSpecification","valueRequired":true,"valueName":"search_term_string"}}],"inLanguage":"de"},{"@type":"Person","@id":"https:\/\/www.krafthand.de\/truck\/#\/schema\/person\/51fa80b1c57034c4bf63f9f988fc24ce","name":"georg.blenk@krafthand-medien.de","image":{"@type":"ImageObject","inLanguage":"de","@id":"https:\/\/secure.gravatar.com\/avatar\/93713c30affe0aa95d3a4130e499bb1abee2eb31adbdd9ce2aa1543538490215?s=96&d=mm&r=g","url":"https:\/\/secure.gravatar.com\/avatar\/93713c30affe0aa95d3a4130e499bb1abee2eb31adbdd9ce2aa1543538490215?s=96&d=mm&r=g","contentUrl":"https:\/\/secure.gravatar.com\/avatar\/93713c30affe0aa95d3a4130e499bb1abee2eb31adbdd9ce2aa1543538490215?s=96&d=mm&r=g","caption":"georg.blenk@krafthand-medien.de"}}]}},"_links":{"self":[{"href":"https:\/\/www.krafthand.de\/truck\/wp-json\/wp\/v2\/posts\/30203","targetHints":{"allow":["GET"]}}],"collection":[{"href":"https:\/\/www.krafthand.de\/truck\/wp-json\/wp\/v2\/posts"}],"about":[{"href":"https:\/\/www.krafthand.de\/truck\/wp-json\/wp\/v2\/types\/post"}],"author":[{"embeddable":true,"href":"https:\/\/www.krafthand.de\/truck\/wp-json\/wp\/v2\/users\/9"}],"replies":[{"embeddable":true,"href":"https:\/\/www.krafthand.de\/truck\/wp-json\/wp\/v2\/comments?post=30203"}],"version-history":[{"count":11,"href":"https:\/\/www.krafthand.de\/truck\/wp-json\/wp\/v2\/posts\/30203\/revisions"}],"predecessor-version":[{"id":30215,"href":"https:\/\/www.krafthand.de\/truck\/wp-json\/wp\/v2\/posts\/30203\/revisions\/30215"}],"wp:featuredmedia":[{"embeddable":true,"href":"https:\/\/www.krafthand.de\/truck\/wp-json\/wp\/v2\/media\/30209"}],"wp:attachment":[{"href":"https:\/\/www.krafthand.de\/truck\/wp-json\/wp\/v2\/media?parent=30203"}],"wp:term":[{"taxonomy":"category","embeddable":true,"href":"https:\/\/www.krafthand.de\/truck\/wp-json\/wp\/v2\/categories?post=30203"},{"taxonomy":"post_tag","embeddable":true,"href":"https:\/\/www.krafthand.de\/truck\/wp-json\/wp\/v2\/tags?post=30203"},{"taxonomy":"settings","embeddable":true,"href":"https:\/\/www.krafthand.de\/truck\/wp-json\/wp\/v2\/settings?post=30203"}],"curies":[{"name":"wp","href":"https:\/\/api.w.org\/{rel}","templated":true}]}}