{"id":30187,"date":"2021-11-19T12:48:06","date_gmt":"2021-11-19T11:48:06","guid":{"rendered":"https:\/\/www.krafthand.de\/truck\/?p=30187"},"modified":"2021-11-26T15:00:48","modified_gmt":"2021-11-26T14:00:48","slug":"bpw-erhaelt-fuer-den-bax-7-5-den-europaeischen-transportpreis-fuer-nachhaltigkeit","status":"publish","type":"post","link":"https:\/\/www.krafthand.de\/truck\/artikel\/bpw-erhaelt-fuer-den-bax-7-5-den-europaeischen-transportpreis-fuer-nachhaltigkeit-30187\/","title":{"rendered":"BPW erh\u00e4lt f\u00fcr den BAX 7.5 den Europ\u00e4ischen Transportpreis f\u00fcr Nachhaltigkeit"},"content":{"rendered":"<p>Die neue Lkw-Marke BAX ist mit dem Europ\u00e4ischen Transportpreis f\u00fcr Nachhaltigkeit (ETPN) 2021 ausgezeichnet worden. Ausschlaggebend f\u00fcr die Auszeichnung sei laut BPW Bergische Achsen nicht allein der E-Antrieb, sondern das Gesamtkonzept des neuen Fahrzeugs gewesen.<\/p>\n<p>Mit dem <a href=\"https:\/\/www.krafthand.de\/truck\/artikel\/premiere-des-neuen-batterieelektrischen-lkw-bax-7-5-29758\/\" target=\"_blank\" rel=\"noopener\">BAX 7.5<\/a> hatte die BPW Bergische Achsen und Paul Nutzfahrzeuge Mitte Oktober einen v\u00f6llig neu entwickelten Lkw mit 7,5 Tonnen zul\u00e4ssigem Gesamtgewicht und drei Tonnen Zuladung erstmals der \u00d6ffentlichkeit vorgestellt. Dabei waren Spediteure, Fahrer, kommunale Fuhrparkmanager und Aufbauten-Spezialisten an der Fahrzeugentwicklung aktiv beteiligt \u2013 auch die Fachjury des Europ\u00e4ischen Transportpreises f\u00fcr Nachhaltigkeit (ERPN) wurde vorab eingeweiht. Sie bewertete die Neuentwicklung nach einem umfassenden Kriterienkatalog: Dazu z\u00e4hlen unter anderem die konkrete Schadstoff-Einsparung in Herstellung und Betrieb und die messbaren wirtschaftlichen Effekte. Dar\u00fcber hinaus wird aber auch das Engagement der beteiligten Unternehmen f\u00fcr den Umwelt- und Klimaschutz, Mitarbeiter und Gesellschaft in die Bewertung einbezogen. Resultat: Der <a href=\"https:\/\/www.bax.de\/de\/start\" target=\"_blank\" rel=\"noopener\">BAX 7.5<\/a> \u00fcberzeugt in allen Disziplinen.<\/p>\n<p>Das Fahrzeug wird laut BPW zu einem konkurrenzf\u00e4higen Preis angeboten und schlage in\u00a0 Kriterien wie Zuladung und Betriebskosten den konventionellen Diesel. Der Antrieb sitzt nicht, wie bei vielen E-Lkw \u00fcblich, im F\u00fchrerhaus unter dem Fahrer, sondern an der Hinterachse. Auf diese Weise sitzt der Fahrer auf Augenh\u00f6he mit Fahrradfahrern und Fu\u00dfg\u00e4ngern; auch der Ein- und Ausstieg f\u00e4llt so deutlich leichter. Der Achsantrieb von BPW erm\u00f6glicht neben Gewichts- und Sicherheitsvorteilen auch neue Freiheiten in der Ausgestaltung des Fahrzeuglayouts: Die vom Diesel-Lkw bekannten Aufbauten k\u00f6nnen ohne konstruktive \u00c4nderungen auch beim BAX 7.5 eingesetzt werden \u2013 vom Kofferaufbau bis zum kommunalen Entsorgungsfahrzeug.. Zwei verschiedene Fahrzeugl\u00e4ngen und Batteriereichweiten zwischen 130 und 200 Kilometern erweitern laut BPW die Gestaltungs- und Einsatzm\u00f6glichkeiten. Der BAX 7.5 ist zudem digital vernetzt und zeigt nicht nur dem Fahrer, sondern auch dem Disponenten und Fuhrparkleiter in Echtzeit alle Fahrzeug-, Batterie und Tourdaten online an \u2013 auch die Zuladung.<\/p>\n<blockquote><p>\u201eEin Elektroantrieb allein macht noch lange kein nachhaltiges Fahrzeug. Die Jury des ETNP bewertete deshalb auch seine messbaren wirtschaftlichen Effekte, etwa das Kosten-Nutzen-Verh\u00e4ltnis und Prozessoptimierungen. Aber auch das soziale Engagement der Unternehmen fl\u00f6\u00df in das Urteil ein. Wir sind deshalb sehr stolz, mit dem BAX 7.5 auf Anhieb diese wichtige Auszeichnung zu erhalten&#8220;, so Josha Felix Kneiber, Leiter Produktmanagement &amp; Strategischer Vertrieb Elektromobilit\u00e4t bei BPW.<\/p><\/blockquote>\n","protected":false},"excerpt":{"rendered":"<p>Die neue Lkw-Marke BAX ist mit dem Europ\u00e4ischen Transportpreis f\u00fcr Nachhaltigkeit (ETPN) 2021 ausgezeichnet worden. Ausschlaggebend f\u00fcr die Auszeichnung sei laut BPW Bergische Achsen nicht allein der E-Antrieb, sondern das Gesamtkonzept des neuen Fahrzeugs gewesen. <span class=\"excerpt-more__dots\">&#8230;<\/span> <a class=\"excerpt-more__link\" href=\"https:\/\/www.krafthand.de\/truck\/artikel\/bpw-erhaelt-fuer-den-bax-7-5-den-europaeischen-transportpreis-fuer-nachhaltigkeit-30187\/\" >weiter<\/a><\/p>\n","protected":false},"author":9,"featured_media":30191,"comment_status":"closed","ping_status":"closed","sticky":false,"template":"","format":"standard","meta":{"footnotes":""},"categories":[4224,4915,4235],"tags":[4815,173,4177,4879,4880],"settings":[],"class_list":["post-30187","post","type-post","status-publish","format-standard","has-post-thumbnail","hentry","category-e-antrieb","category-neue-fahrzeuge","category-unternehmen","tag-bax","tag-bpw","tag-e-lkw","tag-etpn","tag-katrin-koester"],"yoast_head":"<!-- This site is optimized with the Yoast SEO plugin v27.3 - https:\/\/yoast.com\/product\/yoast-seo-wordpress\/ -->\n<title>Europ\u00e4ischen Transportpreis f\u00fcr Nachhaltigkeit f\u00fcr E-Lkw BAX<\/title>\n<meta name=\"description\" content=\"Die neue Lkw-Marke BAX ist mit dem Europ\u00e4ischen Transportpreis f\u00fcr Nachhaltigkeit (ETPN) 2021 ausgezeichnet worden. Ausschlaggebend f\u00fcr die Auszeichnung sei laut BPW Bergische Achsen nicht allein der E-Antrieb, sondern das Gesamtkonzept des neuen Fahrzeugs gewesen.\" \/>\n<meta name=\"robots\" content=\"index, follow, max-snippet:-1, max-image-preview:large, max-video-preview:-1\" \/>\n<link rel=\"canonical\" href=\"https:\/\/www.krafthand.de\/truck\/artikel\/bpw-erhaelt-fuer-den-bax-7-5-den-europaeischen-transportpreis-fuer-nachhaltigkeit-30187\/\" \/>\n<meta property=\"og:locale\" content=\"de_DE\" \/>\n<meta property=\"og:type\" content=\"article\" \/>\n<meta property=\"og:title\" content=\"Europ\u00e4ischen Transportpreis f\u00fcr Nachhaltigkeit f\u00fcr E-Lkw BAX\" \/>\n<meta property=\"og:description\" content=\"Die neue Lkw-Marke BAX ist mit dem Europ\u00e4ischen Transportpreis f\u00fcr Nachhaltigkeit (ETPN) 2021 ausgezeichnet worden. Ausschlaggebend f\u00fcr die Auszeichnung sei laut BPW Bergische Achsen nicht allein der E-Antrieb, sondern das Gesamtkonzept des neuen Fahrzeugs gewesen.\" \/>\n<meta property=\"og:url\" content=\"https:\/\/www.krafthand-truck.de\/artikel\/bpw-erhaelt-fuer-den-bax-7-5-den-europaeischen-transportpreis-fuer-nachhaltigkeit-30187\/\" \/>\n<meta property=\"og:site_name\" content=\"Krafthand-Truck\" \/>\n<meta property=\"article:published_time\" content=\"2021-11-19T11:48:06+00:00\" \/>\n<meta property=\"article:modified_time\" content=\"2021-11-26T14:00:48+00:00\" \/>\n<meta property=\"og:image\" content=\"https:\/\/www.krafthand.de\/truck\/wp-content\/uploads\/2021\/11\/BPW_Katrin_Koester.jpg\" \/>\n\t<meta property=\"og:image:width\" content=\"1200\" \/>\n\t<meta property=\"og:image:height\" content=\"921\" \/>\n\t<meta property=\"og:image:type\" content=\"image\/jpeg\" \/>\n<meta name=\"author\" content=\"georg.blenk@krafthand-medien.de\" \/>\n<meta name=\"twitter:card\" content=\"summary_large_image\" \/>\n<meta name=\"twitter:label1\" content=\"Verfasst von\" \/>\n\t<meta name=\"twitter:data1\" content=\"georg.blenk@krafthand-medien.de\" \/>\n\t<meta name=\"twitter:label2\" content=\"Gesch\u00e4tzte Lesezeit\" \/>\n\t<meta name=\"twitter:data2\" content=\"2\u00a0Minuten\" \/>\n<script type=\"application\/ld+json\" class=\"yoast-schema-graph\">{\"@context\":\"https:\\\/\\\/schema.org\",\"@graph\":[{\"@type\":\"Article\",\"@id\":\"https:\\\/\\\/www.krafthand.de\\\/truck\\\/artikel\\\/bpw-erhaelt-fuer-den-bax-7-5-den-europaeischen-transportpreis-fuer-nachhaltigkeit-30187\\\/#article\",\"isPartOf\":{\"@id\":\"https:\\\/\\\/www.krafthand.de\\\/truck\\\/artikel\\\/bpw-erhaelt-fuer-den-bax-7-5-den-europaeischen-transportpreis-fuer-nachhaltigkeit-30187\\\/\"},\"author\":{\"name\":\"georg.blenk@krafthand-medien.de\",\"@id\":\"https:\\\/\\\/www.krafthand.de\\\/truck\\\/#\\\/schema\\\/person\\\/51fa80b1c57034c4bf63f9f988fc24ce\"},\"headline\":\"BPW erh\u00e4lt f\u00fcr den BAX 7.5 den Europ\u00e4ischen Transportpreis f\u00fcr Nachhaltigkeit\",\"datePublished\":\"2021-11-19T11:48:06+00:00\",\"dateModified\":\"2021-11-26T14:00:48+00:00\",\"mainEntityOfPage\":{\"@id\":\"https:\\\/\\\/www.krafthand.de\\\/truck\\\/artikel\\\/bpw-erhaelt-fuer-den-bax-7-5-den-europaeischen-transportpreis-fuer-nachhaltigkeit-30187\\\/\"},\"wordCount\":384,\"image\":{\"@id\":\"https:\\\/\\\/www.krafthand.de\\\/truck\\\/artikel\\\/bpw-erhaelt-fuer-den-bax-7-5-den-europaeischen-transportpreis-fuer-nachhaltigkeit-30187\\\/#primaryimage\"},\"thumbnailUrl\":\"https:\\\/\\\/static.krafthand-truck.de\\\/uploads\\\/2021\\\/11\\\/BPW_Katrin_Koester.jpg\",\"keywords\":[\"BAX\",\"BPW\",\"E-Lkw\",\"ETPN\",\"Katrin K\u00f6ster\"],\"articleSection\":[\"E-Antrieb (BEV\\\/FCEV)\",\"Neue Fahrzeuge\",\"Unternehmen\"],\"inLanguage\":\"de\"},{\"@type\":\"WebPage\",\"@id\":\"https:\\\/\\\/www.krafthand.de\\\/truck\\\/artikel\\\/bpw-erhaelt-fuer-den-bax-7-5-den-europaeischen-transportpreis-fuer-nachhaltigkeit-30187\\\/\",\"url\":\"https:\\\/\\\/www.krafthand.de\\\/truck\\\/artikel\\\/bpw-erhaelt-fuer-den-bax-7-5-den-europaeischen-transportpreis-fuer-nachhaltigkeit-30187\\\/\",\"name\":\"Europ\u00e4ischen Transportpreis f\u00fcr Nachhaltigkeit f\u00fcr E-Lkw BAX\",\"isPartOf\":{\"@id\":\"https:\\\/\\\/www.krafthand.de\\\/truck\\\/#website\"},\"primaryImageOfPage\":{\"@id\":\"https:\\\/\\\/www.krafthand.de\\\/truck\\\/artikel\\\/bpw-erhaelt-fuer-den-bax-7-5-den-europaeischen-transportpreis-fuer-nachhaltigkeit-30187\\\/#primaryimage\"},\"image\":{\"@id\":\"https:\\\/\\\/www.krafthand.de\\\/truck\\\/artikel\\\/bpw-erhaelt-fuer-den-bax-7-5-den-europaeischen-transportpreis-fuer-nachhaltigkeit-30187\\\/#primaryimage\"},\"thumbnailUrl\":\"https:\\\/\\\/static.krafthand-truck.de\\\/uploads\\\/2021\\\/11\\\/BPW_Katrin_Koester.jpg\",\"datePublished\":\"2021-11-19T11:48:06+00:00\",\"dateModified\":\"2021-11-26T14:00:48+00:00\",\"author\":{\"@id\":\"https:\\\/\\\/www.krafthand.de\\\/truck\\\/#\\\/schema\\\/person\\\/51fa80b1c57034c4bf63f9f988fc24ce\"},\"description\":\"Die neue Lkw-Marke BAX ist mit dem Europ\u00e4ischen Transportpreis f\u00fcr Nachhaltigkeit (ETPN) 2021 ausgezeichnet worden. Ausschlaggebend f\u00fcr die Auszeichnung sei laut BPW Bergische Achsen nicht allein der E-Antrieb, sondern das Gesamtkonzept des neuen Fahrzeugs gewesen.\",\"breadcrumb\":{\"@id\":\"https:\\\/\\\/www.krafthand.de\\\/truck\\\/artikel\\\/bpw-erhaelt-fuer-den-bax-7-5-den-europaeischen-transportpreis-fuer-nachhaltigkeit-30187\\\/#breadcrumb\"},\"inLanguage\":\"de\",\"potentialAction\":[{\"@type\":\"ReadAction\",\"target\":[\"https:\\\/\\\/www.krafthand.de\\\/truck\\\/artikel\\\/bpw-erhaelt-fuer-den-bax-7-5-den-europaeischen-transportpreis-fuer-nachhaltigkeit-30187\\\/\"]}]},{\"@type\":\"ImageObject\",\"inLanguage\":\"de\",\"@id\":\"https:\\\/\\\/www.krafthand.de\\\/truck\\\/artikel\\\/bpw-erhaelt-fuer-den-bax-7-5-den-europaeischen-transportpreis-fuer-nachhaltigkeit-30187\\\/#primaryimage\",\"url\":\"https:\\\/\\\/static.krafthand-truck.de\\\/uploads\\\/2021\\\/11\\\/BPW_Katrin_Koester.jpg\",\"contentUrl\":\"https:\\\/\\\/static.krafthand-truck.de\\\/uploads\\\/2021\\\/11\\\/BPW_Katrin_Koester.jpg\",\"width\":1200,\"height\":921,\"caption\":\"Katrin K\u00f6ster, Leiterin Unternehmenskommunikation bei BPW, mit der Troph\u00e4e des ETPN. Bild: BPW\"},{\"@type\":\"BreadcrumbList\",\"@id\":\"https:\\\/\\\/www.krafthand.de\\\/truck\\\/artikel\\\/bpw-erhaelt-fuer-den-bax-7-5-den-europaeischen-transportpreis-fuer-nachhaltigkeit-30187\\\/#breadcrumb\",\"itemListElement\":[{\"@type\":\"ListItem\",\"position\":1,\"name\":\"Krafthand-Truck\",\"item\":\"https:\\\/\\\/www.krafthand.de\\\/truck\\\/\"},{\"@type\":\"ListItem\",\"position\":2,\"name\":\"Nfz-Branche\",\"item\":\"https:\\\/\\\/www.krafthand.de\\\/truck\\\/kategorie\\\/branche\\\/\"},{\"@type\":\"ListItem\",\"position\":3,\"name\":\"Unternehmen\",\"item\":\"https:\\\/\\\/www.krafthand.de\\\/truck\\\/kategorie\\\/branche\\\/unternehmen\\\/\"},{\"@type\":\"ListItem\",\"position\":4,\"name\":\"BPW erh\u00e4lt f\u00fcr den BAX 7.5 den Europ\u00e4ischen Transportpreis f\u00fcr Nachhaltigkeit\"}]},{\"@type\":\"WebSite\",\"@id\":\"https:\\\/\\\/www.krafthand.de\\\/truck\\\/#website\",\"url\":\"https:\\\/\\\/www.krafthand.de\\\/truck\\\/\",\"name\":\"Krafthand-Truck\",\"description\":\"\",\"potentialAction\":[{\"@type\":\"SearchAction\",\"target\":{\"@type\":\"EntryPoint\",\"urlTemplate\":\"https:\\\/\\\/www.krafthand.de\\\/truck\\\/?s={search_term_string}\"},\"query-input\":{\"@type\":\"PropertyValueSpecification\",\"valueRequired\":true,\"valueName\":\"search_term_string\"}}],\"inLanguage\":\"de\"},{\"@type\":\"Person\",\"@id\":\"https:\\\/\\\/www.krafthand.de\\\/truck\\\/#\\\/schema\\\/person\\\/51fa80b1c57034c4bf63f9f988fc24ce\",\"name\":\"georg.blenk@krafthand-medien.de\",\"image\":{\"@type\":\"ImageObject\",\"inLanguage\":\"de\",\"@id\":\"https:\\\/\\\/secure.gravatar.com\\\/avatar\\\/93713c30affe0aa95d3a4130e499bb1abee2eb31adbdd9ce2aa1543538490215?s=96&d=mm&r=g\",\"url\":\"https:\\\/\\\/secure.gravatar.com\\\/avatar\\\/93713c30affe0aa95d3a4130e499bb1abee2eb31adbdd9ce2aa1543538490215?s=96&d=mm&r=g\",\"contentUrl\":\"https:\\\/\\\/secure.gravatar.com\\\/avatar\\\/93713c30affe0aa95d3a4130e499bb1abee2eb31adbdd9ce2aa1543538490215?s=96&d=mm&r=g\",\"caption\":\"georg.blenk@krafthand-medien.de\"}}]}<\/script>\n<!-- \/ Yoast SEO plugin. -->","yoast_head_json":{"title":"Europ\u00e4ischen Transportpreis f\u00fcr Nachhaltigkeit f\u00fcr E-Lkw BAX","description":"Die neue Lkw-Marke BAX ist mit dem Europ\u00e4ischen Transportpreis f\u00fcr Nachhaltigkeit (ETPN) 2021 ausgezeichnet worden. Ausschlaggebend f\u00fcr die Auszeichnung sei laut BPW Bergische Achsen nicht allein der E-Antrieb, sondern das Gesamtkonzept des neuen Fahrzeugs gewesen.","robots":{"index":"index","follow":"follow","max-snippet":"max-snippet:-1","max-image-preview":"max-image-preview:large","max-video-preview":"max-video-preview:-1"},"canonical":"https:\/\/www.krafthand.de\/truck\/artikel\/bpw-erhaelt-fuer-den-bax-7-5-den-europaeischen-transportpreis-fuer-nachhaltigkeit-30187\/","og_locale":"de_DE","og_type":"article","og_title":"Europ\u00e4ischen Transportpreis f\u00fcr Nachhaltigkeit f\u00fcr E-Lkw BAX","og_description":"Die neue Lkw-Marke BAX ist mit dem Europ\u00e4ischen Transportpreis f\u00fcr Nachhaltigkeit (ETPN) 2021 ausgezeichnet worden. Ausschlaggebend f\u00fcr die Auszeichnung sei laut BPW Bergische Achsen nicht allein der E-Antrieb, sondern das Gesamtkonzept des neuen Fahrzeugs gewesen.","og_url":"https:\/\/www.krafthand-truck.de\/artikel\/bpw-erhaelt-fuer-den-bax-7-5-den-europaeischen-transportpreis-fuer-nachhaltigkeit-30187\/","og_site_name":"Krafthand-Truck","article_published_time":"2021-11-19T11:48:06+00:00","article_modified_time":"2021-11-26T14:00:48+00:00","og_image":[{"width":1200,"height":921,"url":"https:\/\/www.krafthand.de\/truck\/wp-content\/uploads\/2021\/11\/BPW_Katrin_Koester.jpg","type":"image\/jpeg"}],"author":"georg.blenk@krafthand-medien.de","twitter_card":"summary_large_image","twitter_misc":{"Verfasst von":"georg.blenk@krafthand-medien.de","Gesch\u00e4tzte Lesezeit":"2\u00a0Minuten"},"schema":{"@context":"https:\/\/schema.org","@graph":[{"@type":"Article","@id":"https:\/\/www.krafthand.de\/truck\/artikel\/bpw-erhaelt-fuer-den-bax-7-5-den-europaeischen-transportpreis-fuer-nachhaltigkeit-30187\/#article","isPartOf":{"@id":"https:\/\/www.krafthand.de\/truck\/artikel\/bpw-erhaelt-fuer-den-bax-7-5-den-europaeischen-transportpreis-fuer-nachhaltigkeit-30187\/"},"author":{"name":"georg.blenk@krafthand-medien.de","@id":"https:\/\/www.krafthand.de\/truck\/#\/schema\/person\/51fa80b1c57034c4bf63f9f988fc24ce"},"headline":"BPW erh\u00e4lt f\u00fcr den BAX 7.5 den Europ\u00e4ischen Transportpreis f\u00fcr Nachhaltigkeit","datePublished":"2021-11-19T11:48:06+00:00","dateModified":"2021-11-26T14:00:48+00:00","mainEntityOfPage":{"@id":"https:\/\/www.krafthand.de\/truck\/artikel\/bpw-erhaelt-fuer-den-bax-7-5-den-europaeischen-transportpreis-fuer-nachhaltigkeit-30187\/"},"wordCount":384,"image":{"@id":"https:\/\/www.krafthand.de\/truck\/artikel\/bpw-erhaelt-fuer-den-bax-7-5-den-europaeischen-transportpreis-fuer-nachhaltigkeit-30187\/#primaryimage"},"thumbnailUrl":"https:\/\/static.krafthand-truck.de\/uploads\/2021\/11\/BPW_Katrin_Koester.jpg","keywords":["BAX","BPW","E-Lkw","ETPN","Katrin K\u00f6ster"],"articleSection":["E-Antrieb (BEV\/FCEV)","Neue Fahrzeuge","Unternehmen"],"inLanguage":"de"},{"@type":"WebPage","@id":"https:\/\/www.krafthand.de\/truck\/artikel\/bpw-erhaelt-fuer-den-bax-7-5-den-europaeischen-transportpreis-fuer-nachhaltigkeit-30187\/","url":"https:\/\/www.krafthand.de\/truck\/artikel\/bpw-erhaelt-fuer-den-bax-7-5-den-europaeischen-transportpreis-fuer-nachhaltigkeit-30187\/","name":"Europ\u00e4ischen Transportpreis f\u00fcr Nachhaltigkeit f\u00fcr E-Lkw BAX","isPartOf":{"@id":"https:\/\/www.krafthand.de\/truck\/#website"},"primaryImageOfPage":{"@id":"https:\/\/www.krafthand.de\/truck\/artikel\/bpw-erhaelt-fuer-den-bax-7-5-den-europaeischen-transportpreis-fuer-nachhaltigkeit-30187\/#primaryimage"},"image":{"@id":"https:\/\/www.krafthand.de\/truck\/artikel\/bpw-erhaelt-fuer-den-bax-7-5-den-europaeischen-transportpreis-fuer-nachhaltigkeit-30187\/#primaryimage"},"thumbnailUrl":"https:\/\/static.krafthand-truck.de\/uploads\/2021\/11\/BPW_Katrin_Koester.jpg","datePublished":"2021-11-19T11:48:06+00:00","dateModified":"2021-11-26T14:00:48+00:00","author":{"@id":"https:\/\/www.krafthand.de\/truck\/#\/schema\/person\/51fa80b1c57034c4bf63f9f988fc24ce"},"description":"Die neue Lkw-Marke BAX ist mit dem Europ\u00e4ischen Transportpreis f\u00fcr Nachhaltigkeit (ETPN) 2021 ausgezeichnet worden. Ausschlaggebend f\u00fcr die Auszeichnung sei laut BPW Bergische Achsen nicht allein der E-Antrieb, sondern das Gesamtkonzept des neuen Fahrzeugs gewesen.","breadcrumb":{"@id":"https:\/\/www.krafthand.de\/truck\/artikel\/bpw-erhaelt-fuer-den-bax-7-5-den-europaeischen-transportpreis-fuer-nachhaltigkeit-30187\/#breadcrumb"},"inLanguage":"de","potentialAction":[{"@type":"ReadAction","target":["https:\/\/www.krafthand.de\/truck\/artikel\/bpw-erhaelt-fuer-den-bax-7-5-den-europaeischen-transportpreis-fuer-nachhaltigkeit-30187\/"]}]},{"@type":"ImageObject","inLanguage":"de","@id":"https:\/\/www.krafthand.de\/truck\/artikel\/bpw-erhaelt-fuer-den-bax-7-5-den-europaeischen-transportpreis-fuer-nachhaltigkeit-30187\/#primaryimage","url":"https:\/\/static.krafthand-truck.de\/uploads\/2021\/11\/BPW_Katrin_Koester.jpg","contentUrl":"https:\/\/static.krafthand-truck.de\/uploads\/2021\/11\/BPW_Katrin_Koester.jpg","width":1200,"height":921,"caption":"Katrin K\u00f6ster, Leiterin Unternehmenskommunikation bei BPW, mit der Troph\u00e4e des ETPN. Bild: BPW"},{"@type":"BreadcrumbList","@id":"https:\/\/www.krafthand.de\/truck\/artikel\/bpw-erhaelt-fuer-den-bax-7-5-den-europaeischen-transportpreis-fuer-nachhaltigkeit-30187\/#breadcrumb","itemListElement":[{"@type":"ListItem","position":1,"name":"Krafthand-Truck","item":"https:\/\/www.krafthand.de\/truck\/"},{"@type":"ListItem","position":2,"name":"Nfz-Branche","item":"https:\/\/www.krafthand.de\/truck\/kategorie\/branche\/"},{"@type":"ListItem","position":3,"name":"Unternehmen","item":"https:\/\/www.krafthand.de\/truck\/kategorie\/branche\/unternehmen\/"},{"@type":"ListItem","position":4,"name":"BPW erh\u00e4lt f\u00fcr den BAX 7.5 den Europ\u00e4ischen Transportpreis f\u00fcr Nachhaltigkeit"}]},{"@type":"WebSite","@id":"https:\/\/www.krafthand.de\/truck\/#website","url":"https:\/\/www.krafthand.de\/truck\/","name":"Krafthand-Truck","description":"","potentialAction":[{"@type":"SearchAction","target":{"@type":"EntryPoint","urlTemplate":"https:\/\/www.krafthand.de\/truck\/?s={search_term_string}"},"query-input":{"@type":"PropertyValueSpecification","valueRequired":true,"valueName":"search_term_string"}}],"inLanguage":"de"},{"@type":"Person","@id":"https:\/\/www.krafthand.de\/truck\/#\/schema\/person\/51fa80b1c57034c4bf63f9f988fc24ce","name":"georg.blenk@krafthand-medien.de","image":{"@type":"ImageObject","inLanguage":"de","@id":"https:\/\/secure.gravatar.com\/avatar\/93713c30affe0aa95d3a4130e499bb1abee2eb31adbdd9ce2aa1543538490215?s=96&d=mm&r=g","url":"https:\/\/secure.gravatar.com\/avatar\/93713c30affe0aa95d3a4130e499bb1abee2eb31adbdd9ce2aa1543538490215?s=96&d=mm&r=g","contentUrl":"https:\/\/secure.gravatar.com\/avatar\/93713c30affe0aa95d3a4130e499bb1abee2eb31adbdd9ce2aa1543538490215?s=96&d=mm&r=g","caption":"georg.blenk@krafthand-medien.de"}}]}},"_links":{"self":[{"href":"https:\/\/www.krafthand.de\/truck\/wp-json\/wp\/v2\/posts\/30187","targetHints":{"allow":["GET"]}}],"collection":[{"href":"https:\/\/www.krafthand.de\/truck\/wp-json\/wp\/v2\/posts"}],"about":[{"href":"https:\/\/www.krafthand.de\/truck\/wp-json\/wp\/v2\/types\/post"}],"author":[{"embeddable":true,"href":"https:\/\/www.krafthand.de\/truck\/wp-json\/wp\/v2\/users\/9"}],"replies":[{"embeddable":true,"href":"https:\/\/www.krafthand.de\/truck\/wp-json\/wp\/v2\/comments?post=30187"}],"version-history":[{"count":6,"href":"https:\/\/www.krafthand.de\/truck\/wp-json\/wp\/v2\/posts\/30187\/revisions"}],"predecessor-version":[{"id":30194,"href":"https:\/\/www.krafthand.de\/truck\/wp-json\/wp\/v2\/posts\/30187\/revisions\/30194"}],"wp:featuredmedia":[{"embeddable":true,"href":"https:\/\/www.krafthand.de\/truck\/wp-json\/wp\/v2\/media\/30191"}],"wp:attachment":[{"href":"https:\/\/www.krafthand.de\/truck\/wp-json\/wp\/v2\/media?parent=30187"}],"wp:term":[{"taxonomy":"category","embeddable":true,"href":"https:\/\/www.krafthand.de\/truck\/wp-json\/wp\/v2\/categories?post=30187"},{"taxonomy":"post_tag","embeddable":true,"href":"https:\/\/www.krafthand.de\/truck\/wp-json\/wp\/v2\/tags?post=30187"},{"taxonomy":"settings","embeddable":true,"href":"https:\/\/www.krafthand.de\/truck\/wp-json\/wp\/v2\/settings?post=30187"}],"curies":[{"name":"wp","href":"https:\/\/api.w.org\/{rel}","templated":true}]}}