{"id":30130,"date":"2021-11-23T10:28:19","date_gmt":"2021-11-23T09:28:19","guid":{"rendered":"https:\/\/www.krafthand.de\/truck\/?p=30130"},"modified":"2021-11-23T10:27:29","modified_gmt":"2021-11-23T09:27:29","slug":"christian-loidolt-eine-aufrichtige-wertschaetzung-darf-nie-fehlen","status":"publish","type":"post","link":"https:\/\/www.krafthand.de\/truck\/artikel\/christian-loidolt-eine-aufrichtige-wertschaetzung-darf-nie-fehlen-30130\/","title":{"rendered":"Christian Loidolt: &#8222;Eine aufrichtige Wertsch\u00e4tzung darf nie fehlen&#8220;"},"content":{"rendered":"<p>Christian Loidolt hat am 01.02.2021 die Gesch\u00e4ftsf\u00fchrung sowie den Vorsitz der Gesch\u00e4ftsleitung der <a href=\"https:\/\/www.original-pe.com\/\" target=\"_blank\" rel=\"noopener\">PE Automotive GmbH &amp; Co. KG<\/a> in Wuppertal \u00fcbernommen. Er m\u00f6chte gemeinsam mit dem langj\u00e4hrigen Gesch\u00e4ftsf\u00fchrer Markus Seitz die Gesch\u00e4ftst\u00e4tigkeiten des Lkw-Teilegro\u00dfh\u00e4ndlers vorantreiben. Wir stellen Christian Loidolt vor und haken nach.<\/p>\n<p class=\"text-question\">Herr Loidolt, was war Ihre erste Amtshandlung in der neuen Position?<\/p><p class=\"text-answer\"><\/p>\n<p>Meine erste Handlung war das pers\u00f6nliche Kennenlernen unserer Mitarbeiter*innen.<\/p>\n<p class=\"text-question\">Wie w\u00fcrden Sie Ihren F\u00fchrungsstil beschreiben?<\/p><p class=\"text-answer\"><\/p>\n<figure id=\"attachment_30132\" aria-describedby=\"caption-attachment-30132\" style=\"width: 420px\" class=\"wp-caption alignright\"><a href=\"https:\/\/www.krafthand.de\/truck\/wp-content\/uploads\/2021\/11\/04_2021_001_2-e1637139478946.jpg\" target=\"_blank\" rel=\"noopener\"><img fetchpriority=\"high\" decoding=\"async\" class=\"wp-image-30132\" src=\"https:\/\/www.krafthand.de\/truck\/wp-content\/uploads\/2021\/11\/04_2021_001_2-e1637139478946.jpg\" alt=\"Christian Loidolt, CEO PE Automotive\" width=\"420\" height=\"275\" srcset=\"https:\/\/static.krafthand-truck.de\/uploads\/2021\/11\/04_2021_001_2-e1637139478946.jpg 600w, https:\/\/static.krafthand-truck.de\/uploads\/2021\/11\/04_2021_001_2-e1637139478946-300x197.jpg 300w\" sizes=\"(max-width: 420px) 100vw, 420px\" \/><\/a><figcaption id=\"caption-attachment-30132\" class=\"wp-caption-text\">Christian Loidolt, CEO PE Automotive<\/figcaption><\/figure>\n<p>Ich w\u00fcrde sagen, ein bewusst gew\u00e4hlter Mix \u2013 je nachdem, welche Situation gegeben ist. Was nie fehlen darf, ist eine aufrichtige Wertsch\u00e4tzung gegen\u00fcber Mitarbeiter*innen sowie eine positive Grundstimmung \u2013 wenn passend mit einem Schuss Humor.<\/p>\n<p class=\"text-question\">Wie schalten Sie nach einem stressigen Arbeitstag ab?<\/p><p class=\"text-answer\"><\/p>\n<p>Ganz unterschiedlich. Entweder mit ein wenig Sport, zum Beispiel Laufen. Aber auch bei einem gem\u00fctlichen Abendessen oder einem Getr\u00e4nk mit der Familie oder Freunden. Oder auch beim Spazierengehen. Je nach Situation und Gem\u00fctslage.<\/p>\n<p class=\"text-question\">Sind Sie ein politischer Mensch?<\/p><p class=\"text-answer\"><\/p>\n<p>Ja, auf jeden Fall. Am Ende des Tages haben wir als B\u00fcrger in unserer Gesellschaft die M\u00f6glichkeit, mit unserer Stimme mitzubestimmen wie unser zuk\u00fcnftiges Lebensmodell aussehen soll. Das n\u00fctze ich und bin deshalb auch politisch interessiert.<\/p>\n<blockquote class=\"khm-quote\"><p>\u201eWir haben als B\u00fcrger die M\u00f6glichkeit mitzubestimmen wie unser zuk\u00fcnftiges Lebensmodell aussehen soll.\u201c<\/p><\/blockquote>\n<p class=\"text-question\">Welchen Hobbies gehen Sie nach?<\/p><p class=\"text-answer\"><\/p>\n<p>Im Winter Skifahren und Snowboarden, im Sommer Laufen oder Radfahren, aber bevorzugt Ballsportarten wie Fu\u00dfball oder Volleyball, wenn es irgendwie m\u00f6glich ist.<\/p>\n<p class=\"text-question\">Vor welchen Herausforderungen steht aus Ihrer Sicht die Lkw-Service-Branche?<\/p><p class=\"text-answer\"><\/p>\n<p>Ich denke, die zuk\u00fcnftige Herausforderung der Lkw-Service-Branche ist, wie in vielen anderen Branchen auch, die rasant voranschreitende Digitalisierung und Vernetzung. Hinzu kommt noch, was nicht in jeder anderen Branche in dieser Form gegeben ist, die starke Abh\u00e4ngigkeit von den OEMs sowie die voranschreitenden Ver\u00e4nderungen im Antriebsbereich.<\/p>\n<p class=\"text-question\">Wie stehen Sie zu alternativen Antrieben, beispielsweise zu batterieelektrischen Lkw oder Lkw mit Brennstoffzelle?<\/p><p class=\"text-answer\"><\/p>\n<p>Ich denke f\u00fcr die Zukunft ist es wichtig, verschiedene Antriebsarten weiter zu forcieren und die Rahmenbedingungen f\u00fcr verschiedene umweltgerechte Antriebsarten offen zu halten. Je offener, desto eher sind Innovationen bei den unterschiedlichen Antrieben m\u00f6glich. Diese Innovationen und auch unterschiedliche Antriebe werden wir ben\u00f6tigen, da wir in Zukunft noch unterschiedlichere Anforderungen in der Logistik und im Umweltschutz haben werden als aktuell (<strong>Stichwort:<\/strong> Last Mile versus Fernverkehr). Unser Eigent\u00fcmer, die <a href=\"https:\/\/www.bpw.de\/\" target=\"_blank\" rel=\"noopener\">BPW Gruppe<\/a>, zeigt das eben sehr eindrucksvoll mit dem Launch eines eigenen E-Lkw.<\/p>\n<blockquote class=\"khm-quote\"><p>\u201eIch denke, f\u00fcr die Zukunft ist es wichtig, verschiedene Antriebsarten weiter zu forcieren und die Rahmenbedingungen f\u00fcr verschiedene umweltgerechte Antriebsarten offen zu halten.\u201c<\/p><\/blockquote>\n<p class=\"text-question\">Wie wird sich diesbez\u00fcglich der Bedarf an Lkw-Teilen entwickeln?<\/p><p class=\"text-answer\"><\/p>\n<p>Der Teilebedarf wird sich wie jeher am Markt orientieren, sprich an allen Fahrzeugen, die in Serie gehen. Was sich jetzt schon absch\u00e4tzen l\u00e4sst ist, dass sich der klassische Bedarf an Verschlei\u00dfteilen ver\u00e4ndern und es eine h\u00f6here Nachfrage an elektronischen Teilen geben wird.<\/p>\n<p class=\"text-question\">Der Teilemarkt ist preissensibel. Die Lkw-Hersteller bieten mitunter Originalteile zu ebenfalls interessanten Preisen an. Was halten Sie der Entwicklung entgegen?<\/p><p class=\"text-answer\"><\/p>\n<p>Am Ende des Tages ist der Lkw und jegliche damit verbundene Peripherie ein rein betriebswirtschaftliches Gut. Das ist der Unterschied zum Pkw-Markt. Das hei\u00dft, solange wir unseren Kunden nach dem ersten Zyklus eines Originalteils, ein Alternativteil (<strong>Stichwort:<\/strong> zeitwertgerechte Ersatzteill\u00f6sungen) zu einer gepr\u00fcften, sehr guten Qualit\u00e4t, einer hohen Verf\u00fcgbarkeit, einem sehr guten Rundum-Service unserer Mitarbeiter*innen und einem g\u00fcnstigeren Preis als das klassische Originalteil anbieten k\u00f6nnen, funktioniert unser Gesch\u00e4ftsmodell. Genau dieses Gesch\u00e4ftsmodell basiert auf unserer jahrzehntelangen Erfahrung in der Produktentwicklung, unserer belastbaren Beziehungen zu unseren Partnern, unserer sehr guten Logistik und nicht zuletzt durch unsere kompetenten, innovativen und einsatzfreudigen Mitarbeiter*innen \u2013 quer durch alle Unternehmensbereiche.<\/p>\n<p class=\"text-question\">Was unterscheidet PE Automotive vom Wettbewerb?<\/p><p class=\"text-answer\"><\/p>\n<p>Wie in der vorherigen Frage erw\u00e4hnt, eine ganze Menge und vor allem unsere kompetenten Mitarbeiter*innen.<\/p>\n<p class=\"text-question\">PE Automotive engagiert sich unter anderem beim Truck-Grand-Prix im Rahmen der FIA ETRC. Was beinhaltet Ihr Engagement?<\/p><p class=\"text-answer\"><\/p>\n<p>Wir engagieren uns beim Team T-Sport Bernau. Diese Beziehung existiert bereits seit Jahren und ist von gegenseitiger Wertsch\u00e4tzung gepr\u00e4gt. Unser Engagement ist ein Gesamtpaket. Das hei\u00dft, es beinhaltet insbesondere auch, dass das Team unsere Teile im Renneinsatz verwendet und somit die Teile unter extremen Bedingungen ihre Leistungsf\u00e4higkeit und Qualit\u00e4t unter Beweis stellen.<\/p>\n<p class=\"text-question\">Hand aufs Herz \u2013 \u00fcber was haben Sie sich k\u00fcrzlich am meisten ge\u00e4rgert und \u00fcber was haben Sie sich am meisten gefreut?<\/p><p class=\"text-answer\"><\/p>\n<p>Am meisten ge\u00e4rgert habe ich mich zuletzt \u00fcber die Qualifikationsspiele zur Fu\u00dfball WM 2022 des \u00f6sterreichischen Fu\u00dfballnationalteams. Am meisten gefreut habe ich mich zuletzt \u00fcber die bereichs\u00fcbergreifende und unkomplizierte Herangehensweise unseres F\u00fchrungsteams im Unternehmen beim L\u00f6sen einer speziellen Herausforderung.<\/p>\n<p>&nbsp;<\/p>\n<div class=\"infobox box-grey\"><strong><br \/>\nZur Person<\/strong><\/p>\n<p>Christian Loidolt (40) stammt aus der Steiermark in \u00d6sterreich und startete, nach dem kaufm\u00e4nnischen Abitur, seine Karriere im Verkaufsau\u00dfendienst bei W\u00fcrth \u00d6sterreich. In den Jahren darauf bekleidete er nationale F\u00fchrungsfunktionen bei W\u00fcrth \u00d6sterreich sowie auch internationale F\u00fchrungsfunktionen in der W\u00fcrth-Gruppe in Deutschland.<\/p>\n<p>Zuletzt verantwortete Loidolt als Gesch\u00e4ftsf\u00fchrer und Country Manager von RS Components, der Marke der Electrocomponents, die M\u00e4rkte \u00d6sterreich, Schweiz und Slowenien.<\/p>\n<p>Nach den ersten Berufsjahren absolvierte er ein berufsbegleitendes Bachelorstudium mit dem Schwerpunkt \u201eSales und Marketing\u201c, sowie ein berufsbegleitendes Masterstudium mit dem Schwerpunkt \u201eControlling\u201c. Christian Loidolt ist verheiratet und Vater zweier S\u00f6hne.<\/p>\n<p><\/div>\n<p>&nbsp;<\/p>\n<p><i>Den Beitrag finden Sie auch in der Print-Ausgabe 4\/21 der <a href=\"https:\/\/www.krafthand.de\/truck\/magazin\/\" title=\"Zum Magazin\">Krafthand-Truck<\/a>.<\/i><\/p>\r\n\t\t\t\t<div class=\"post-author\">\r\n\t\t\t\t\t<div class=\"khm-cp-author clearfix\">\r\n\t\t\t\t\t\t<div class=\"khm-cp-author__content\">\r\n\t\t\t\t\t\t\t\tKontakt zum Autor:<br \/>\r\n\t\t\t\t\t\t\t\t<strong>Georg Blenk<\/strong>, 08247 \/ 3007-45 |  <a href=\"mailto:georg.blenk@krafthand-medien.de\">georg.blenk@krafthand-medien.de<\/a>\r\n\t\t\t\t\t\t\t<div class=\"khm-cp-author__image\">\r\n\t\t\t\t\t\t<img src=\"https:\/\/static.krafthand-truck.de\/uploads\/2021\/01\/Blenk_6104-250x300-1-removebg-preview.png\" class=\"img-responsive\">\r\n\t\t\t\t\t<\/div>\r\n\t\t\t\t\t\t<\/div>\r\n\t\t\t\t\t<\/div>\r\n\t\t\t\t<\/div>\r\n\t\t\t\t","protected":false},"excerpt":{"rendered":"<p>Christian Loidolt hat am 01.02.2021 die Gesch\u00e4ftsf\u00fchrung sowie den Vorsitz der Gesch\u00e4ftsleitung der PE Automotive GmbH &#038; Co. KG in Wuppertal \u00fcbernommen. Im Gespr\u00e4ch mit Krafthand-Truck spricht Loidolt \u00fcber die Entwicklung der Nfz-\/Teile-Branche, aber auch \u00fcber Pers\u00f6nliches. <span class=\"excerpt-more__dots\">&#8230;<\/span> <a class=\"excerpt-more__link\" href=\"https:\/\/www.krafthand.de\/truck\/artikel\/christian-loidolt-eine-aufrichtige-wertschaetzung-darf-nie-fehlen-30130\/\" >weiter<\/a><\/p>\n","protected":false},"author":2,"featured_media":30131,"comment_status":"closed","ping_status":"closed","sticky":false,"template":"","format":"standard","meta":{"footnotes":""},"categories":[4238],"tags":[4190,1468,4847,2148],"settings":[3524,3523],"class_list":["post-30130","post","type-post","status-publish","format-standard","has-post-thumbnail","hentry","category-koepfe","tag-christian-loidolt","tag-geschaeftsfuehrung","tag-nfz-teile","tag-pe-automotive"],"yoast_head":"<!-- This site is optimized with the Yoast SEO plugin v27.3 - https:\/\/yoast.com\/product\/yoast-seo-wordpress\/ -->\n<title>PE Automotive - Christian Loidolt im Portrait<\/title>\n<meta name=\"description\" content=\"Christian Loidolt hat am 01.02.2021 die Gesch\u00e4ftsf\u00fchrung sowie den Vorsitz der Gesch\u00e4ftsleitung der PE Automotive GmbH &amp; Co. KG in Wuppertal \u00fcbernommen. Wir stellen Herrn Loidolt vor und haben ihm neben Fragen zur Nfz-Branche auch sehr pers\u00f6nliche gestellt.\" \/>\n<meta name=\"robots\" content=\"index, follow, max-snippet:-1, max-image-preview:large, max-video-preview:-1\" \/>\n<link rel=\"canonical\" href=\"https:\/\/www.krafthand.de\/truck\/artikel\/christian-loidolt-eine-aufrichtige-wertschaetzung-darf-nie-fehlen-30130\/\" \/>\n<meta property=\"og:locale\" content=\"de_DE\" \/>\n<meta property=\"og:type\" content=\"article\" \/>\n<meta property=\"og:title\" content=\"PE Automotive - Christian Loidolt im Portrait\" \/>\n<meta property=\"og:description\" content=\"Christian Loidolt hat am 01.02.2021 die Gesch\u00e4ftsf\u00fchrung sowie den Vorsitz der Gesch\u00e4ftsleitung der PE Automotive GmbH &amp; Co. KG in Wuppertal \u00fcbernommen. Wir stellen Herrn Loidolt vor und haben ihm neben Fragen zur Nfz-Branche auch sehr pers\u00f6nliche gestellt.\" \/>\n<meta property=\"og:url\" content=\"https:\/\/www.krafthand-truck.de\/artikel\/christian-loidolt-eine-aufrichtige-wertschaetzung-darf-nie-fehlen-30130\/\" \/>\n<meta property=\"og:site_name\" content=\"Krafthand-Truck\" \/>\n<meta property=\"article:published_time\" content=\"2021-11-23T09:28:19+00:00\" \/>\n<meta property=\"og:image\" content=\"https:\/\/www.krafthand.de\/truck\/wp-content\/uploads\/2021\/11\/04_2021_001_1.jpg\" \/>\n\t<meta property=\"og:image:width\" content=\"1400\" \/>\n\t<meta property=\"og:image:height\" content=\"736\" \/>\n\t<meta property=\"og:image:type\" content=\"image\/jpeg\" \/>\n<meta name=\"author\" content=\"simon.ledermann@krafthand.de\" \/>\n<meta name=\"twitter:card\" content=\"summary_large_image\" \/>\n<meta name=\"twitter:label1\" content=\"Verfasst von\" \/>\n\t<meta name=\"twitter:data1\" content=\"simon.ledermann@krafthand.de\" \/>\n\t<meta name=\"twitter:label2\" content=\"Gesch\u00e4tzte Lesezeit\" \/>\n\t<meta name=\"twitter:data2\" content=\"5\u00a0Minuten\" \/>\n<script type=\"application\/ld+json\" class=\"yoast-schema-graph\">{\"@context\":\"https:\\\/\\\/schema.org\",\"@graph\":[{\"@type\":\"Article\",\"@id\":\"https:\\\/\\\/www.krafthand.de\\\/truck\\\/artikel\\\/christian-loidolt-eine-aufrichtige-wertschaetzung-darf-nie-fehlen-30130\\\/#article\",\"isPartOf\":{\"@id\":\"https:\\\/\\\/www.krafthand.de\\\/truck\\\/artikel\\\/christian-loidolt-eine-aufrichtige-wertschaetzung-darf-nie-fehlen-30130\\\/\"},\"author\":{\"name\":\"simon.ledermann@krafthand.de\",\"@id\":\"https:\\\/\\\/www.krafthand.de\\\/truck\\\/#\\\/schema\\\/person\\\/4345ea5638843c82f43cd8697e593d93\"},\"headline\":\"Christian Loidolt: &#8222;Eine aufrichtige Wertsch\u00e4tzung darf nie fehlen&#8220;\",\"datePublished\":\"2021-11-23T09:28:19+00:00\",\"mainEntityOfPage\":{\"@id\":\"https:\\\/\\\/www.krafthand.de\\\/truck\\\/artikel\\\/christian-loidolt-eine-aufrichtige-wertschaetzung-darf-nie-fehlen-30130\\\/\"},\"wordCount\":952,\"image\":{\"@id\":\"https:\\\/\\\/www.krafthand.de\\\/truck\\\/artikel\\\/christian-loidolt-eine-aufrichtige-wertschaetzung-darf-nie-fehlen-30130\\\/#primaryimage\"},\"thumbnailUrl\":\"https:\\\/\\\/static.krafthand-truck.de\\\/uploads\\\/2021\\\/11\\\/04_2021_001_1.jpg\",\"keywords\":[\"Christian Loidolt\",\"Gesch\u00e4ftsf\u00fchrung\",\"Nfz-Teile\",\"PE Automotive\"],\"articleSection\":[\"K\u00f6pfe\\\/Personen\"],\"inLanguage\":\"de\"},{\"@type\":\"WebPage\",\"@id\":\"https:\\\/\\\/www.krafthand.de\\\/truck\\\/artikel\\\/christian-loidolt-eine-aufrichtige-wertschaetzung-darf-nie-fehlen-30130\\\/\",\"url\":\"https:\\\/\\\/www.krafthand.de\\\/truck\\\/artikel\\\/christian-loidolt-eine-aufrichtige-wertschaetzung-darf-nie-fehlen-30130\\\/\",\"name\":\"PE Automotive - Christian Loidolt im Portrait\",\"isPartOf\":{\"@id\":\"https:\\\/\\\/www.krafthand.de\\\/truck\\\/#website\"},\"primaryImageOfPage\":{\"@id\":\"https:\\\/\\\/www.krafthand.de\\\/truck\\\/artikel\\\/christian-loidolt-eine-aufrichtige-wertschaetzung-darf-nie-fehlen-30130\\\/#primaryimage\"},\"image\":{\"@id\":\"https:\\\/\\\/www.krafthand.de\\\/truck\\\/artikel\\\/christian-loidolt-eine-aufrichtige-wertschaetzung-darf-nie-fehlen-30130\\\/#primaryimage\"},\"thumbnailUrl\":\"https:\\\/\\\/static.krafthand-truck.de\\\/uploads\\\/2021\\\/11\\\/04_2021_001_1.jpg\",\"datePublished\":\"2021-11-23T09:28:19+00:00\",\"author\":{\"@id\":\"https:\\\/\\\/www.krafthand.de\\\/truck\\\/#\\\/schema\\\/person\\\/4345ea5638843c82f43cd8697e593d93\"},\"description\":\"Christian Loidolt hat am 01.02.2021 die Gesch\u00e4ftsf\u00fchrung sowie den Vorsitz der Gesch\u00e4ftsleitung der PE Automotive GmbH & Co. KG in Wuppertal \u00fcbernommen. Wir stellen Herrn Loidolt vor und haben ihm neben Fragen zur Nfz-Branche auch sehr pers\u00f6nliche gestellt.\",\"breadcrumb\":{\"@id\":\"https:\\\/\\\/www.krafthand.de\\\/truck\\\/artikel\\\/christian-loidolt-eine-aufrichtige-wertschaetzung-darf-nie-fehlen-30130\\\/#breadcrumb\"},\"inLanguage\":\"de\",\"potentialAction\":[{\"@type\":\"ReadAction\",\"target\":[\"https:\\\/\\\/www.krafthand.de\\\/truck\\\/artikel\\\/christian-loidolt-eine-aufrichtige-wertschaetzung-darf-nie-fehlen-30130\\\/\"]}]},{\"@type\":\"ImageObject\",\"inLanguage\":\"de\",\"@id\":\"https:\\\/\\\/www.krafthand.de\\\/truck\\\/artikel\\\/christian-loidolt-eine-aufrichtige-wertschaetzung-darf-nie-fehlen-30130\\\/#primaryimage\",\"url\":\"https:\\\/\\\/static.krafthand-truck.de\\\/uploads\\\/2021\\\/11\\\/04_2021_001_1.jpg\",\"contentUrl\":\"https:\\\/\\\/static.krafthand-truck.de\\\/uploads\\\/2021\\\/11\\\/04_2021_001_1.jpg\",\"width\":1400,\"height\":736,\"caption\":\"Das F\u00fchrungsteam der PE Automotive (v.l.n.r.): D. Guadagnino \u2013 Dispo, A. K\u00f6rner \u2013 Assistenz GF, M. Seitz \u2013 Vertrieb\\\/GF, S. Hanemann \u2013 Assistenz GF, T. Nuth \u2013 Logistik, K. Sch\u00e4fer \u2013 Personal, C. Salten \u2013 Produkt, T. Nelis \u2013 Marketing, E. M\u00f6ller \u2013 Finanzen, C. Loidolt \u2013 CEO. Bilder: PE Automotive\"},{\"@type\":\"BreadcrumbList\",\"@id\":\"https:\\\/\\\/www.krafthand.de\\\/truck\\\/artikel\\\/christian-loidolt-eine-aufrichtige-wertschaetzung-darf-nie-fehlen-30130\\\/#breadcrumb\",\"itemListElement\":[{\"@type\":\"ListItem\",\"position\":1,\"name\":\"Krafthand-Truck\",\"item\":\"https:\\\/\\\/www.krafthand.de\\\/truck\\\/\"},{\"@type\":\"ListItem\",\"position\":2,\"name\":\"Nfz-Branche\",\"item\":\"https:\\\/\\\/www.krafthand.de\\\/truck\\\/kategorie\\\/branche\\\/\"},{\"@type\":\"ListItem\",\"position\":3,\"name\":\"K\u00f6pfe\\\/Personen\",\"item\":\"https:\\\/\\\/www.krafthand.de\\\/truck\\\/kategorie\\\/branche\\\/koepfe\\\/\"},{\"@type\":\"ListItem\",\"position\":4,\"name\":\"Christian Loidolt: &#8222;Eine aufrichtige Wertsch\u00e4tzung darf nie fehlen&#8220;\"}]},{\"@type\":\"WebSite\",\"@id\":\"https:\\\/\\\/www.krafthand.de\\\/truck\\\/#website\",\"url\":\"https:\\\/\\\/www.krafthand.de\\\/truck\\\/\",\"name\":\"Krafthand-Truck\",\"description\":\"\",\"potentialAction\":[{\"@type\":\"SearchAction\",\"target\":{\"@type\":\"EntryPoint\",\"urlTemplate\":\"https:\\\/\\\/www.krafthand.de\\\/truck\\\/?s={search_term_string}\"},\"query-input\":{\"@type\":\"PropertyValueSpecification\",\"valueRequired\":true,\"valueName\":\"search_term_string\"}}],\"inLanguage\":\"de\"},{\"@type\":\"Person\",\"@id\":\"https:\\\/\\\/www.krafthand.de\\\/truck\\\/#\\\/schema\\\/person\\\/4345ea5638843c82f43cd8697e593d93\",\"name\":\"simon.ledermann@krafthand.de\",\"image\":{\"@type\":\"ImageObject\",\"inLanguage\":\"de\",\"@id\":\"https:\\\/\\\/secure.gravatar.com\\\/avatar\\\/8be6ae5173bc6d8780bff0bebfcce69a0fc777ef346f54f4ada99a71997646f4?s=96&d=mm&r=g\",\"url\":\"https:\\\/\\\/secure.gravatar.com\\\/avatar\\\/8be6ae5173bc6d8780bff0bebfcce69a0fc777ef346f54f4ada99a71997646f4?s=96&d=mm&r=g\",\"contentUrl\":\"https:\\\/\\\/secure.gravatar.com\\\/avatar\\\/8be6ae5173bc6d8780bff0bebfcce69a0fc777ef346f54f4ada99a71997646f4?s=96&d=mm&r=g\",\"caption\":\"simon.ledermann@krafthand.de\"}}]}<\/script>\n<!-- \/ Yoast SEO plugin. -->","yoast_head_json":{"title":"PE Automotive - Christian Loidolt im Portrait","description":"Christian Loidolt hat am 01.02.2021 die Gesch\u00e4ftsf\u00fchrung sowie den Vorsitz der Gesch\u00e4ftsleitung der PE Automotive GmbH & Co. KG in Wuppertal \u00fcbernommen. Wir stellen Herrn Loidolt vor und haben ihm neben Fragen zur Nfz-Branche auch sehr pers\u00f6nliche gestellt.","robots":{"index":"index","follow":"follow","max-snippet":"max-snippet:-1","max-image-preview":"max-image-preview:large","max-video-preview":"max-video-preview:-1"},"canonical":"https:\/\/www.krafthand.de\/truck\/artikel\/christian-loidolt-eine-aufrichtige-wertschaetzung-darf-nie-fehlen-30130\/","og_locale":"de_DE","og_type":"article","og_title":"PE Automotive - Christian Loidolt im Portrait","og_description":"Christian Loidolt hat am 01.02.2021 die Gesch\u00e4ftsf\u00fchrung sowie den Vorsitz der Gesch\u00e4ftsleitung der PE Automotive GmbH & Co. KG in Wuppertal \u00fcbernommen. Wir stellen Herrn Loidolt vor und haben ihm neben Fragen zur Nfz-Branche auch sehr pers\u00f6nliche gestellt.","og_url":"https:\/\/www.krafthand-truck.de\/artikel\/christian-loidolt-eine-aufrichtige-wertschaetzung-darf-nie-fehlen-30130\/","og_site_name":"Krafthand-Truck","article_published_time":"2021-11-23T09:28:19+00:00","og_image":[{"width":1400,"height":736,"url":"https:\/\/www.krafthand.de\/truck\/wp-content\/uploads\/2021\/11\/04_2021_001_1.jpg","type":"image\/jpeg"}],"author":"simon.ledermann@krafthand.de","twitter_card":"summary_large_image","twitter_misc":{"Verfasst von":"simon.ledermann@krafthand.de","Gesch\u00e4tzte Lesezeit":"5\u00a0Minuten"},"schema":{"@context":"https:\/\/schema.org","@graph":[{"@type":"Article","@id":"https:\/\/www.krafthand.de\/truck\/artikel\/christian-loidolt-eine-aufrichtige-wertschaetzung-darf-nie-fehlen-30130\/#article","isPartOf":{"@id":"https:\/\/www.krafthand.de\/truck\/artikel\/christian-loidolt-eine-aufrichtige-wertschaetzung-darf-nie-fehlen-30130\/"},"author":{"name":"simon.ledermann@krafthand.de","@id":"https:\/\/www.krafthand.de\/truck\/#\/schema\/person\/4345ea5638843c82f43cd8697e593d93"},"headline":"Christian Loidolt: &#8222;Eine aufrichtige Wertsch\u00e4tzung darf nie fehlen&#8220;","datePublished":"2021-11-23T09:28:19+00:00","mainEntityOfPage":{"@id":"https:\/\/www.krafthand.de\/truck\/artikel\/christian-loidolt-eine-aufrichtige-wertschaetzung-darf-nie-fehlen-30130\/"},"wordCount":952,"image":{"@id":"https:\/\/www.krafthand.de\/truck\/artikel\/christian-loidolt-eine-aufrichtige-wertschaetzung-darf-nie-fehlen-30130\/#primaryimage"},"thumbnailUrl":"https:\/\/static.krafthand-truck.de\/uploads\/2021\/11\/04_2021_001_1.jpg","keywords":["Christian Loidolt","Gesch\u00e4ftsf\u00fchrung","Nfz-Teile","PE Automotive"],"articleSection":["K\u00f6pfe\/Personen"],"inLanguage":"de"},{"@type":"WebPage","@id":"https:\/\/www.krafthand.de\/truck\/artikel\/christian-loidolt-eine-aufrichtige-wertschaetzung-darf-nie-fehlen-30130\/","url":"https:\/\/www.krafthand.de\/truck\/artikel\/christian-loidolt-eine-aufrichtige-wertschaetzung-darf-nie-fehlen-30130\/","name":"PE Automotive - Christian Loidolt im Portrait","isPartOf":{"@id":"https:\/\/www.krafthand.de\/truck\/#website"},"primaryImageOfPage":{"@id":"https:\/\/www.krafthand.de\/truck\/artikel\/christian-loidolt-eine-aufrichtige-wertschaetzung-darf-nie-fehlen-30130\/#primaryimage"},"image":{"@id":"https:\/\/www.krafthand.de\/truck\/artikel\/christian-loidolt-eine-aufrichtige-wertschaetzung-darf-nie-fehlen-30130\/#primaryimage"},"thumbnailUrl":"https:\/\/static.krafthand-truck.de\/uploads\/2021\/11\/04_2021_001_1.jpg","datePublished":"2021-11-23T09:28:19+00:00","author":{"@id":"https:\/\/www.krafthand.de\/truck\/#\/schema\/person\/4345ea5638843c82f43cd8697e593d93"},"description":"Christian Loidolt hat am 01.02.2021 die Gesch\u00e4ftsf\u00fchrung sowie den Vorsitz der Gesch\u00e4ftsleitung der PE Automotive GmbH & Co. KG in Wuppertal \u00fcbernommen. Wir stellen Herrn Loidolt vor und haben ihm neben Fragen zur Nfz-Branche auch sehr pers\u00f6nliche gestellt.","breadcrumb":{"@id":"https:\/\/www.krafthand.de\/truck\/artikel\/christian-loidolt-eine-aufrichtige-wertschaetzung-darf-nie-fehlen-30130\/#breadcrumb"},"inLanguage":"de","potentialAction":[{"@type":"ReadAction","target":["https:\/\/www.krafthand.de\/truck\/artikel\/christian-loidolt-eine-aufrichtige-wertschaetzung-darf-nie-fehlen-30130\/"]}]},{"@type":"ImageObject","inLanguage":"de","@id":"https:\/\/www.krafthand.de\/truck\/artikel\/christian-loidolt-eine-aufrichtige-wertschaetzung-darf-nie-fehlen-30130\/#primaryimage","url":"https:\/\/static.krafthand-truck.de\/uploads\/2021\/11\/04_2021_001_1.jpg","contentUrl":"https:\/\/static.krafthand-truck.de\/uploads\/2021\/11\/04_2021_001_1.jpg","width":1400,"height":736,"caption":"Das F\u00fchrungsteam der PE Automotive (v.l.n.r.): D. Guadagnino \u2013 Dispo, A. K\u00f6rner \u2013 Assistenz GF, M. Seitz \u2013 Vertrieb\/GF, S. Hanemann \u2013 Assistenz GF, T. Nuth \u2013 Logistik, K. Sch\u00e4fer \u2013 Personal, C. Salten \u2013 Produkt, T. Nelis \u2013 Marketing, E. M\u00f6ller \u2013 Finanzen, C. Loidolt \u2013 CEO. Bilder: PE Automotive"},{"@type":"BreadcrumbList","@id":"https:\/\/www.krafthand.de\/truck\/artikel\/christian-loidolt-eine-aufrichtige-wertschaetzung-darf-nie-fehlen-30130\/#breadcrumb","itemListElement":[{"@type":"ListItem","position":1,"name":"Krafthand-Truck","item":"https:\/\/www.krafthand.de\/truck\/"},{"@type":"ListItem","position":2,"name":"Nfz-Branche","item":"https:\/\/www.krafthand.de\/truck\/kategorie\/branche\/"},{"@type":"ListItem","position":3,"name":"K\u00f6pfe\/Personen","item":"https:\/\/www.krafthand.de\/truck\/kategorie\/branche\/koepfe\/"},{"@type":"ListItem","position":4,"name":"Christian Loidolt: &#8222;Eine aufrichtige Wertsch\u00e4tzung darf nie fehlen&#8220;"}]},{"@type":"WebSite","@id":"https:\/\/www.krafthand.de\/truck\/#website","url":"https:\/\/www.krafthand.de\/truck\/","name":"Krafthand-Truck","description":"","potentialAction":[{"@type":"SearchAction","target":{"@type":"EntryPoint","urlTemplate":"https:\/\/www.krafthand.de\/truck\/?s={search_term_string}"},"query-input":{"@type":"PropertyValueSpecification","valueRequired":true,"valueName":"search_term_string"}}],"inLanguage":"de"},{"@type":"Person","@id":"https:\/\/www.krafthand.de\/truck\/#\/schema\/person\/4345ea5638843c82f43cd8697e593d93","name":"simon.ledermann@krafthand.de","image":{"@type":"ImageObject","inLanguage":"de","@id":"https:\/\/secure.gravatar.com\/avatar\/8be6ae5173bc6d8780bff0bebfcce69a0fc777ef346f54f4ada99a71997646f4?s=96&d=mm&r=g","url":"https:\/\/secure.gravatar.com\/avatar\/8be6ae5173bc6d8780bff0bebfcce69a0fc777ef346f54f4ada99a71997646f4?s=96&d=mm&r=g","contentUrl":"https:\/\/secure.gravatar.com\/avatar\/8be6ae5173bc6d8780bff0bebfcce69a0fc777ef346f54f4ada99a71997646f4?s=96&d=mm&r=g","caption":"simon.ledermann@krafthand.de"}}]}},"_links":{"self":[{"href":"https:\/\/www.krafthand.de\/truck\/wp-json\/wp\/v2\/posts\/30130","targetHints":{"allow":["GET"]}}],"collection":[{"href":"https:\/\/www.krafthand.de\/truck\/wp-json\/wp\/v2\/posts"}],"about":[{"href":"https:\/\/www.krafthand.de\/truck\/wp-json\/wp\/v2\/types\/post"}],"author":[{"embeddable":true,"href":"https:\/\/www.krafthand.de\/truck\/wp-json\/wp\/v2\/users\/2"}],"replies":[{"embeddable":true,"href":"https:\/\/www.krafthand.de\/truck\/wp-json\/wp\/v2\/comments?post=30130"}],"version-history":[{"count":17,"href":"https:\/\/www.krafthand.de\/truck\/wp-json\/wp\/v2\/posts\/30130\/revisions"}],"predecessor-version":[{"id":30227,"href":"https:\/\/www.krafthand.de\/truck\/wp-json\/wp\/v2\/posts\/30130\/revisions\/30227"}],"wp:featuredmedia":[{"embeddable":true,"href":"https:\/\/www.krafthand.de\/truck\/wp-json\/wp\/v2\/media\/30131"}],"wp:attachment":[{"href":"https:\/\/www.krafthand.de\/truck\/wp-json\/wp\/v2\/media?parent=30130"}],"wp:term":[{"taxonomy":"category","embeddable":true,"href":"https:\/\/www.krafthand.de\/truck\/wp-json\/wp\/v2\/categories?post=30130"},{"taxonomy":"post_tag","embeddable":true,"href":"https:\/\/www.krafthand.de\/truck\/wp-json\/wp\/v2\/tags?post=30130"},{"taxonomy":"settings","embeddable":true,"href":"https:\/\/www.krafthand.de\/truck\/wp-json\/wp\/v2\/settings?post=30130"}],"curies":[{"name":"wp","href":"https:\/\/api.w.org\/{rel}","templated":true}]}}