{"id":30076,"date":"2021-11-16T17:47:42","date_gmt":"2021-11-16T16:47:42","guid":{"rendered":"https:\/\/www.krafthand.de\/truck\/?p=30076"},"modified":"2021-11-26T14:54:07","modified_gmt":"2021-11-26T13:54:07","slug":"der-nikola-tre-bev-steht-am-start-eine-fcev-version-folgt","status":"publish","type":"post","link":"https:\/\/www.krafthand.de\/truck\/artikel\/der-nikola-tre-bev-steht-am-start-eine-fcev-version-folgt-30076\/","title":{"rendered":"Der Nikola TRE BEV steht am Start, eine FCEV-Version folgt"},"content":{"rendered":"<p>Mitte September ist in Ulm das Produktionswerk f\u00fcr den batterieelektrischen Nikola TRE (BEV) und f\u00fcr den mit Brennstoffzellen betriebenen Nikola TRE (FCEV) er\u00f6ffnet worden. Dahinter steckt ein Joint-Venture des amerikanischen Unternehmens <a href=\"https:\/\/nikolamotor.com\/\" target=\"_blank\" rel=\"noopener\">Nikola<\/a> mit <a href=\"https:\/\/www.iveco.com\/germany\/pages\/home-page.aspx\" target=\"_blank\" rel=\"noopener\">IVECO<\/a>. Die Produktion des TRE BEV, auf der Basis des IVECO S-Way, soll bis Jahresende starten, die ersten Fahrzeuge gehen Anfang 2022 an Kunden in den USA. Bis die Homologation des Fahrzeugs f\u00fcr Europa abgeschlossen ist, dauert es noch bis Mitte n\u00e4chsten Jahres, dann soll im Nachgang die Auslieferung auch in Deutschland starten.<\/p>\n<figure id=\"attachment_30081\" aria-describedby=\"caption-attachment-30081\" style=\"width: 420px\" class=\"wp-caption alignleft\"><a href=\"https:\/\/www.krafthand.de\/truck\/wp-content\/uploads\/2021\/11\/04_2021_006_2.jpg\" target=\"_blank\" rel=\"noopener\"><img fetchpriority=\"high\" decoding=\"async\" class=\"wp-image-30081\" src=\"https:\/\/www.krafthand.de\/truck\/wp-content\/uploads\/2021\/11\/04_2021_006_2-300x200.jpg\" alt=\"Nikola Produktionslinie in Ulm nach WEC-Modell\" width=\"420\" height=\"280\" srcset=\"https:\/\/static.krafthand-truck.de\/uploads\/2021\/11\/04_2021_006_2-300x200.jpg 300w, https:\/\/static.krafthand-truck.de\/uploads\/2021\/11\/04_2021_006_2-1024x682.jpg 1024w, https:\/\/static.krafthand-truck.de\/uploads\/2021\/11\/04_2021_006_2-768x512.jpg 768w, https:\/\/static.krafthand-truck.de\/uploads\/2021\/11\/04_2021_006_2-1320x880.jpg 1320w, https:\/\/static.krafthand-truck.de\/uploads\/2021\/11\/04_2021_006_2.jpg 1400w\" sizes=\"(max-width: 420px) 100vw, 420px\" \/><\/a><figcaption id=\"caption-attachment-30081\" class=\"wp-caption-text\">Die Produktionslinie in Ulm ist nach dem WCM-Modell ausgelegt. Im Einschichtbetrieb sei man in der Lage bis zu 1.000 Einheiten pro Jahr zu fertigen. Die Fertigung soll in den kommenden Jahren schrittweise hochgefahren werden.<\/figcaption><\/figure>\n<h2>Der Produktionsstandort<\/h2>\n<p>Auf einer Fl\u00e4che von 50.000 Quadratmetern, von denen 25.000 \u00fcberdacht sind, verf\u00fcgt das Ulmer Werk \u00fcber einen Endmontageprozess, der speziell f\u00fcr elektrisch angetriebene Fahrzeuge konzipiert ist. IVECO und NIKOLA investierten gemeinsam in den Standort. Von Anfang bis Ende des Produktionsprozesses sind laut IVECO etwa 160 Zulieferer involviert. Das Werk in Ulm arbeitet zudem nach den Grunds\u00e4tzen des sogenannten World-Class-Manufacturing-Modells. Die Ziele dabei sind keine Abf\u00e4lle, keine Unf\u00e4lle, keine Ausf\u00e4lle und keine Lagerbest\u00e4nde zu generieren. Ein vollst\u00e4ndig digitales Werkstattmanagement sorgt f\u00fcr eine hundertprozentige R\u00fcckverfolgbarkeit und gew\u00e4hrleistet laut IVECO einen papierlosen Betrieb.<\/p>\n<blockquote class=\"khm-quote\"><p>\u201eDies ist ein weiterer wichtiger Meilenstein f\u00fcr Nikola bei der Umsetzung unserer Strategie ein weltweit f\u00fchrender Anbieter von emissionsfreien Transportl\u00f6sungen zu werden\u201c, erkl\u00e4rte Mark Russell, CEO von Nikola, im Rahmen der Er\u00f6ffnungsveranstaltung in Ulm.<\/p><\/blockquote>\n<p>Der Produktionsstandort bietet weitere Vorteile. Neben einer hauseigenen Teststrecke inklusive Steilkurven zur Simulation schneller und langer Konstantfahrten sowie einer Teststrecke in Markbronn mit Kopfsteinpflaster, \u201aBelgisch-Block\u2018 und einem Bremsanh\u00e4nger, kommt NIKOLA IVECO auch die N\u00e4he zur Technischen Hochschule und dem ZSW-Ulm zugute. Hinzu kommen zahlreiche Zulieferer, die sich ebenfalls in der Region befinden.<\/p>\n<h2>Die Technik des Nikola TRE BEV<\/h2>\n<figure id=\"attachment_30082\" aria-describedby=\"caption-attachment-30082\" style=\"width: 420px\" class=\"wp-caption alignright\"><a href=\"https:\/\/www.krafthand.de\/truck\/wp-content\/uploads\/2021\/11\/04_2021_006_3.jpg\" target=\"_blank\" rel=\"noopener\"><img decoding=\"async\" class=\"wp-image-30082\" src=\"https:\/\/www.krafthand.de\/truck\/wp-content\/uploads\/2021\/11\/04_2021_006_3-1024x683.jpg\" alt=\"Nikola TRE BEV auf einer Teststrecke\" width=\"420\" height=\"280\" srcset=\"https:\/\/static.krafthand-truck.de\/uploads\/2021\/11\/04_2021_006_3-1024x683.jpg 1024w, https:\/\/static.krafthand-truck.de\/uploads\/2021\/11\/04_2021_006_3-300x200.jpg 300w, https:\/\/static.krafthand-truck.de\/uploads\/2021\/11\/04_2021_006_3-768x512.jpg 768w, https:\/\/static.krafthand-truck.de\/uploads\/2021\/11\/04_2021_006_3-1320x881.jpg 1320w, https:\/\/static.krafthand-truck.de\/uploads\/2021\/11\/04_2021_006_3.jpg 1400w\" sizes=\"(max-width: 420px) 100vw, 420px\" \/><\/a><figcaption id=\"caption-attachment-30082\" class=\"wp-caption-text\">Fahrzeugerprobung: Auf zwei Teststrecken werden die Trucks auf Herz und Nieren gepr\u00fcft. Im Bild eine Testfahrt mit Bremsanh\u00e4nger in Markbronn.<\/figcaption><\/figure>\n<p>Der NIKOLA TRE BEV ist laut IVECO als sichere, zuverl\u00e4ssige, leistungsstarke sowie emissionsfreie Transportl\u00f6sung vorgesehen und soll den Wandel in der Branche vorantreiben. Als Basis dient der IVECO S-WAY mit einer von FPT Industrial entwickelten elektrischen Achse.<\/p>\n<p>Das Gesamtgewicht des Fahrzeugs liegt momentan bei der US-Variante bei etwas mehr als zehn Tonnen, inklusive einer doppelt bereiften Nachlaufachse. Die EU-Version wird entsprechend leichter, zumal man das Potenzial einer modular-erweiterbaren Batterieausstattung n\u00fctzen kann. Das Fahrzeuggesamtgewicht darf derzeit aber bis zu 42 Tonnen betragen.<\/p>\n<p>Die Leistung der Batterie-Packs liegt momentan bei maximal 750 kWh. Bei 350 kW Ladeleistung ist der Nikola TRE BEV bei v\u00f6lliger Entleerung in rund zwei Stunden wieder vollst\u00e4ndig geladen. Was die Bereifung angeht, so laufen bereits Abrollwiderstands-optimierte Pneus auf den klassischen schweren Lkw bei Iveco, die ebenfalls beim Nikola TRE BEV zum Einsatz kommen. Momentan setzt IVECO unter anderem auf Michelin.<\/p>\n<p>Auch das Cockpit des BEV ist komplett neugestaltet und beispielsweise mit einem On-time-System mit Informationen beispielsweise zum Fahrzeugzustand, zur Fahrweise, zum Gewicht sowie mit Hinweisen zu Updates \u201aOver-the-Air\u2018 ausger\u00fcstet, wie man es beispielsweise von Tesla kennt.<\/p>\n<h2>Die Servicestrategie<\/h2>\n<p>Was den Fahrzeugverkauf angeht, so wird es anf\u00e4nglich ein Projektgesch\u00e4ft sein, so ein Sprecher von Nikola IVECO. Es geht also um die verk\u00e4uferische Kompetenz zur Technik, aber auch was etwaige F\u00f6rderungen sowie die Einsatz- und Ladem\u00f6glichkeiten angeht. \u201eWir schulen bereits entsprechende Mitarbeiter*innen, auch was den Service betrifft.\u201c Neben der Qualifikation von Werkstattbetrieben in Sachen Hochvolt und BEV-Technik, sollten die Nfz-Betriebe auch Erfahrungen in Sachen LNG mitbringen. IVECO setzt bereits seit l\u00e4ngerem auf die verf\u00fcgbare Technik, um die Abgasemissionen drastisch zu reduzieren. Was die Verf\u00fcgbarkeit der Batteriepacks angeht, so wird es laut IVECO ein individuelles Leasing- und Austauschprogramm geben. Da ein BEV \u00fcber keine oszillierenden Massen wie Kolben oder Pleuel verf\u00fcgt, geht IVECO zudem von einer weitestgehenden Wartungsfreiheit (ausgenommen sind klassische Verschlei\u00dfteile wie Bremsen, Radlager oder Aufh\u00e4ngungsgelenke etc.) des NIKOLA TRE BEV aus. \u201eDer Umstand wird sich deutlich auf die TCOs auswirken\u201c, so ein Sprecher.<\/p>\n<div class=\"gallery-container\"><div class=\"owl-carousel owl-theme\">\r\n        <div>\r\n        \t<img decoding=\"async\" src=\"https:\/\/static.krafthand-truck.de\/uploads\/2021\/11\/04_2021_006_Bild07-1024x683.jpg\" alt=\"\" \/>\r\n          <a href=\"https:\/\/static.krafthand-truck.de\/uploads\/2021\/11\/04_2021_006_Bild07-1024x683.jpg\" data-featherlight=\"gallery_69f5698c0554a\" class=\"gallery-expand\" data-title=\"Der Nikola TRE FCEV bei der Pr\u00e4sentation im September in Ulm.\"><i class=\"fa fa-expand\" aria-hidden=\"true\"><\/i><\/a>\r\n        \t<div class=\"gallery-caption wp-caption-text\"><p>Der Nikola TRE FCEV bei der Pr\u00e4sentation im September in Ulm.<\/p>\n<\/div>\r\n        <\/div>\r\n        <div>\r\n        \t<img decoding=\"async\" src=\"https:\/\/static.krafthand-truck.de\/uploads\/2021\/11\/04_2021_006_5-1024x737.jpg\" alt=\"\" \/>\r\n          <a href=\"https:\/\/static.krafthand-truck.de\/uploads\/2021\/11\/04_2021_006_5-1024x737.jpg\" data-featherlight=\"gallery_69f5698c0554a\" class=\"gallery-expand\" data-title=\"Die elektrische Achse von FPT. Sie leistet je nach Konfiguration bis zu 1.200 PS. Bild: FPT Industrial\"><i class=\"fa fa-expand\" aria-hidden=\"true\"><\/i><\/a>\r\n        \t<div class=\"gallery-caption wp-caption-text\"><p>Die elektrische Achse von FPT. Sie leistet je nach Konfiguration bis zu 1.200 PS. Bild: FPT Industrial<\/p>\n<\/div>\r\n        <\/div>\r\n        <div>\r\n        \t<img decoding=\"async\" src=\"https:\/\/static.krafthand-truck.de\/uploads\/2021\/11\/04_2021_006_6-1024x576.jpg\" alt=\"\" \/>\r\n          <a href=\"https:\/\/static.krafthand-truck.de\/uploads\/2021\/11\/04_2021_006_6-1024x576.jpg\" data-featherlight=\"gallery_69f5698c0554a\" class=\"gallery-expand\" data-title=\"Das Cockpit des Nikola TRE BEV ist mit einem gro\u00dfen Display ausgestattet.\"><i class=\"fa fa-expand\" aria-hidden=\"true\"><\/i><\/a>\r\n        \t<div class=\"gallery-caption wp-caption-text\"><p>Das Cockpit des Nikola TRE BEV ist mit einem gro\u00dfen Display ausgestattet.<\/p>\n<\/div>\r\n        <\/div><\/div><\/div>\r\n\t<script>\r\n\t\tjQuery(document).ready(function($){\r\n      setTimeout(function(){\r\n  \t\t\t$(\".owl-carousel\").owlCarousel({\r\n  \t\t\t\tloop:true,\r\n    \t\t\tmargin:10,\r\n    \t\t\tresponsiveClass:true,\r\n    \t\t\titems:1,\r\n    \t\t\tautoHeight: true,\r\n          nav: true,\r\n          URLhashListener: true,\r\n          startPosition: \"URLHash\",\r\n          navText: [\r\n            \"<i class='fa fa-chevron-left'><\/i>\",\r\n            \"<i class='fa fa-chevron-right'><\/i>\"\r\n          ],\r\n  \t\t\t});\r\n      }, 2000);\r\n\t\t});\r\n\t<\/script>\r\n\t\n<h2>Stufe zwei: Der TRE FCEV<\/h2>\n<p>Nikola IVECO plant ebenfalls ein Brennstoffzellen-Truck auf Basis der modular-einsetzbaren Plattform des IVECO-S-Way, den Nikola TRE FCEV. Ein Prototyp wurde der \u00d6ffentlichkeit bereits im Rahmen der Er\u00f6ffnungsfeier des Werks in Ulm pr\u00e4sentiert. Der \u201aTRE FCEV\u2018 ist laut Nikola der n\u00e4chste Schritt in der Partnerschaft mit IVECO f\u00fcr emissionsfreie schwere Nutzfahrzeuge. Zum Einsatz kommt eine Brennstoffzelle von Bosch. Die FCEV-Variante wird den Angaben zufolge Ende 2023, ebenfalls in Ulm, in Produktion gehen. Damit verfolgt Nikola eine \u00e4hnliche \u201aDoppel-Strategie\u2018 was den Antrieb betrifft, wie die \u201aNachbarn\u2018 von Quantron in Augsburg oder beispielsweise Daimler-Trucks in Leinfelden-Echterdingen.<br \/>\nInteressant ist auch die Versorgungsstrategie: Nikola IVECO m\u00f6chte sich auch um die Wasserstoff-Infrastruktur k\u00fcmmern. Aus der LNG Erfahrung heraus konnte man schon viel Erfahrungen sammeln. \u201eAuch hier standen die Trucks zur Verf\u00fcgung, es gab eine Mautbefreiung, aber die Gastankstellen-Infrastruktur stimmte nicht. Wir wussten, dass wir hier mit \u201aanschieben\u2018 m\u00fcssen. Wir legen unseren Fokus auf Gr\u00fcnen Wasserstoff, der jedoch momentan noch ein knappes Gut ist.\u201c Nikola IVECO ist deshalb auch Konsortialpartner in etlichen lokalen Projekten. Das Ziel ist dezentrale Potenziale zu nutzen. Dazu geh\u00f6re auch Wasserstoff aus biogenen Quellen.<\/p>\n<p>&nbsp;<\/p>\n<blockquote>\n<figure id=\"attachment_30080\" aria-describedby=\"caption-attachment-30080\" style=\"width: 330px\" class=\"wp-caption alignleft\"><a href=\"https:\/\/www.krafthand.de\/truck\/wp-content\/uploads\/2021\/11\/04_2021_006_4-e1637080644604.jpg\" target=\"_blank\" rel=\"noopener\"><img decoding=\"async\" class=\"wp-image-30080\" src=\"https:\/\/www.krafthand.de\/truck\/wp-content\/uploads\/2021\/11\/04_2021_006_4-e1637080644604-244x300.jpg\" alt=\"Gerrit Marx, President Commercial Specialty Vehicles bei CNH Industrial und designierter CEO der IVECO-Gruppe\" width=\"330\" height=\"405\" srcset=\"https:\/\/static.krafthand-truck.de\/uploads\/2021\/11\/04_2021_006_4-e1637080644604-244x300.jpg 244w, https:\/\/static.krafthand-truck.de\/uploads\/2021\/11\/04_2021_006_4-e1637080644604-834x1024.jpg 834w, https:\/\/static.krafthand-truck.de\/uploads\/2021\/11\/04_2021_006_4-e1637080644604-768x943.jpg 768w, https:\/\/static.krafthand-truck.de\/uploads\/2021\/11\/04_2021_006_4-e1637080644604.jpg 977w\" sizes=\"(max-width: 330px) 100vw, 330px\" \/><\/a><figcaption id=\"caption-attachment-30080\" class=\"wp-caption-text\">Gerrit Marx, President Commercial Specialty Vehicles bei CNH Industrial und designierter CEO der (neuen) IVECO-Gruppe. Die Ausgliederung des Gesch\u00e4ftsbereichs von CNH Industrial N.V. soll voraussichtlich Anfang 2022 erfolgen. Bild: CNH Industrial<\/figcaption><\/figure>\n<blockquote class=\"khm-quote\"><p>\u201eTrotz aller Herausforderungen in der Branche und der globalen Pandemie, mit denen wir uns seit der Ank\u00fcndigung dieser Partnerschaft im September 2019 konfrontiert sahen, ist es \u00e4u\u00dferst erfreulich, heute hier als Team auf die p\u00fcnktliche und planm\u00e4\u00dfige Fertigstellung des Produktionswerks zur\u00fcckzublicken\u201c, so Gerrit Marx, in seiner Er\u00f6ffnungsrede zum Produktionswerk am 15.09.2021 in Ulm. <\/p><\/blockquote><\/blockquote>\n<p>&nbsp;<\/p>\n<blockquote><p>&nbsp;<\/p><\/blockquote>\n<p>&nbsp;<\/p>\n<p>&nbsp;<\/p>\n<div class=\"infobox box-grey\"><\/p>\n<h3>Hintergrund: Das WCM-Prinzip<\/h3>\n<p>Die Vision des WCM-Prinzips (World-Class-Manufacturing) ist es, eine Produktion in Sachen Qualit\u00e4t, Kosten und Zulieferung sowie was die Mitarbeiter angeht optimal \u2013 wenn man so will \u201aweltklasse\u2018 zu gestalten. Dies soll mit der Umsetzung von Produktions- und Qualit\u00e4tsrichtlinien wie JIT (Just-in-time), TPM (Total-Productive-Maintenance), TQC (Total-Quality-Control) sowie TIE (Total-Industrial-Engineering) erreicht werden. Zus\u00e4tzlich beinhaltet WCM die Themen Sicherheit, Umwelt und Kundenservice.<\/p>\n<p><\/div>\n<p>&nbsp;<\/p>\n<p><i>Den Beitrag finden Sie auch in der Print-Ausgabe 4\/21 der <a href=\"https:\/\/www.krafthand.de\/truck\/magazin\/\" title=\"Zum Magazin\">Krafthand-Truck<\/a>.<\/i><\/p>\r\n\t\t\t\t<div class=\"post-author\">\r\n\t\t\t\t\t<div class=\"khm-cp-author clearfix\">\r\n\t\t\t\t\t\t<div class=\"khm-cp-author__content\">\r\n\t\t\t\t\t\t\t\tKontakt zum Autor:<br \/>\r\n\t\t\t\t\t\t\t\t<strong>Georg Blenk<\/strong>, 08247 \/ 3007-45 |  <a href=\"mailto:georg.blenk@krafthand-medien.de\">georg.blenk@krafthand-medien.de<\/a>\r\n\t\t\t\t\t\t\t<div class=\"khm-cp-author__image\">\r\n\t\t\t\t\t\t<img src=\"https:\/\/static.krafthand-truck.de\/uploads\/2021\/01\/Blenk_6104-250x300-1-removebg-preview.png\" class=\"img-responsive\">\r\n\t\t\t\t\t<\/div>\r\n\t\t\t\t\t\t<\/div>\r\n\t\t\t\t\t<\/div>\r\n\t\t\t\t<\/div>\r\n\t\t\t\t","protected":false},"excerpt":{"rendered":"<p>Mitte September ist in Ulm das Produktionswerk f\u00fcr den batterieelektrischen Nikola TRE (BEV) und f\u00fcr den mit Brennstoffzellen betriebenen Nikola TRE (FCEV) er\u00f6ffnet worden. Dahinter steckt ein Joint-Venture des amerikanischen Unternehmens Nikola mit IVECO. Krafthand-Truck stellt die Technik der Fahrzeuge vor. <span class=\"excerpt-more__dots\">&#8230;<\/span> <a class=\"excerpt-more__link\" href=\"https:\/\/www.krafthand.de\/truck\/artikel\/der-nikola-tre-bev-steht-am-start-eine-fcev-version-folgt-30076\/\" >weiter<\/a><\/p>\n","protected":false},"author":2,"featured_media":30077,"comment_status":"closed","ping_status":"closed","sticky":false,"template":"","format":"standard","meta":{"footnotes":""},"categories":[4224,4915],"tags":[4209,4768,29,1401,4345,1348],"settings":[3524,3523],"class_list":["post-30076","post","type-post","status-publish","format-standard","has-post-thumbnail","hentry","category-e-antrieb","category-neue-fahrzeuge","tag-brennstoffzelle","tag-fpt-industrial","tag-iveco","tag-mahle","tag-nikola","tag-thermomanagement"],"yoast_head":"<!-- This site is optimized with the Yoast SEO plugin v27.3 - https:\/\/yoast.com\/product\/yoast-seo-wordpress\/ -->\n<title>E-Lkw: Der Nikola TRE (BEV) und der TRE (FCEV) I die Technik<\/title>\n<meta name=\"description\" content=\"Mitte September ist in Ulm das Produktionswerk f\u00fcr den batterieelektrischen Nikola TRE (BEV) und f\u00fcr den mit Brennstoffzellen betriebenen Nikola TRE (FCEV) er\u00f6ffnet worden. Dahinter steckt ein Joint-Venture des amerikanischen Unternehmens Nikola mit IVECO. Krafthand-Truck stellt die Technik der Fahrzeuge vor.\" \/>\n<meta name=\"robots\" content=\"index, follow, max-snippet:-1, max-image-preview:large, max-video-preview:-1\" \/>\n<link rel=\"canonical\" href=\"https:\/\/www.krafthand.de\/truck\/artikel\/der-nikola-tre-bev-steht-am-start-eine-fcev-version-folgt-30076\/\" \/>\n<meta property=\"og:locale\" content=\"de_DE\" \/>\n<meta property=\"og:type\" content=\"article\" \/>\n<meta property=\"og:title\" content=\"E-Lkw: Der Nikola TRE (BEV) und der TRE (FCEV) I die Technik\" \/>\n<meta property=\"og:description\" content=\"Mitte September ist in Ulm das Produktionswerk f\u00fcr den batterieelektrischen Nikola TRE (BEV) und f\u00fcr den mit Brennstoffzellen betriebenen Nikola TRE (FCEV) er\u00f6ffnet worden. Dahinter steckt ein Joint-Venture des amerikanischen Unternehmens Nikola mit IVECO. Krafthand-Truck stellt die Technik der Fahrzeuge vor.\" \/>\n<meta property=\"og:url\" content=\"https:\/\/www.krafthand-truck.de\/artikel\/der-nikola-tre-bev-steht-am-start-eine-fcev-version-folgt-30076\/\" \/>\n<meta property=\"og:site_name\" content=\"Krafthand-Truck\" \/>\n<meta property=\"article:published_time\" content=\"2021-11-16T16:47:42+00:00\" \/>\n<meta property=\"article:modified_time\" content=\"2021-11-26T13:54:07+00:00\" \/>\n<meta property=\"og:image\" content=\"https:\/\/www.krafthand.de\/truck\/wp-content\/uploads\/2021\/11\/04_2021_006_1.jpg\" \/>\n\t<meta property=\"og:image:width\" content=\"1400\" \/>\n\t<meta property=\"og:image:height\" content=\"788\" \/>\n\t<meta property=\"og:image:type\" content=\"image\/jpeg\" \/>\n<meta name=\"author\" content=\"simon.ledermann@krafthand.de\" \/>\n<meta name=\"twitter:card\" content=\"summary_large_image\" \/>\n<meta name=\"twitter:label1\" content=\"Verfasst von\" \/>\n\t<meta name=\"twitter:data1\" content=\"simon.ledermann@krafthand.de\" \/>\n\t<meta name=\"twitter:label2\" content=\"Gesch\u00e4tzte Lesezeit\" \/>\n\t<meta name=\"twitter:data2\" content=\"5\u00a0Minuten\" \/>\n<script type=\"application\/ld+json\" class=\"yoast-schema-graph\">{\"@context\":\"https:\\\/\\\/schema.org\",\"@graph\":[{\"@type\":\"Article\",\"@id\":\"https:\\\/\\\/www.krafthand.de\\\/truck\\\/artikel\\\/der-nikola-tre-bev-steht-am-start-eine-fcev-version-folgt-30076\\\/#article\",\"isPartOf\":{\"@id\":\"https:\\\/\\\/www.krafthand.de\\\/truck\\\/artikel\\\/der-nikola-tre-bev-steht-am-start-eine-fcev-version-folgt-30076\\\/\"},\"author\":{\"name\":\"simon.ledermann@krafthand.de\",\"@id\":\"https:\\\/\\\/www.krafthand.de\\\/truck\\\/#\\\/schema\\\/person\\\/4345ea5638843c82f43cd8697e593d93\"},\"headline\":\"Der Nikola TRE BEV steht am Start, eine FCEV-Version folgt\",\"datePublished\":\"2021-11-16T16:47:42+00:00\",\"dateModified\":\"2021-11-26T13:54:07+00:00\",\"mainEntityOfPage\":{\"@id\":\"https:\\\/\\\/www.krafthand.de\\\/truck\\\/artikel\\\/der-nikola-tre-bev-steht-am-start-eine-fcev-version-folgt-30076\\\/\"},\"wordCount\":1077,\"image\":{\"@id\":\"https:\\\/\\\/www.krafthand.de\\\/truck\\\/artikel\\\/der-nikola-tre-bev-steht-am-start-eine-fcev-version-folgt-30076\\\/#primaryimage\"},\"thumbnailUrl\":\"https:\\\/\\\/static.krafthand-truck.de\\\/uploads\\\/2021\\\/11\\\/04_2021_006_1.jpg\",\"keywords\":[\"Brennstoffzelle\",\"FPT Industrial\",\"Iveco\",\"Mahle\",\"Nikola\",\"Thermomanagement\"],\"articleSection\":[\"E-Antrieb (BEV\\\/FCEV)\",\"Neue Fahrzeuge\"],\"inLanguage\":\"de\"},{\"@type\":\"WebPage\",\"@id\":\"https:\\\/\\\/www.krafthand.de\\\/truck\\\/artikel\\\/der-nikola-tre-bev-steht-am-start-eine-fcev-version-folgt-30076\\\/\",\"url\":\"https:\\\/\\\/www.krafthand.de\\\/truck\\\/artikel\\\/der-nikola-tre-bev-steht-am-start-eine-fcev-version-folgt-30076\\\/\",\"name\":\"E-Lkw: Der Nikola TRE (BEV) und der TRE (FCEV) I die Technik\",\"isPartOf\":{\"@id\":\"https:\\\/\\\/www.krafthand.de\\\/truck\\\/#website\"},\"primaryImageOfPage\":{\"@id\":\"https:\\\/\\\/www.krafthand.de\\\/truck\\\/artikel\\\/der-nikola-tre-bev-steht-am-start-eine-fcev-version-folgt-30076\\\/#primaryimage\"},\"image\":{\"@id\":\"https:\\\/\\\/www.krafthand.de\\\/truck\\\/artikel\\\/der-nikola-tre-bev-steht-am-start-eine-fcev-version-folgt-30076\\\/#primaryimage\"},\"thumbnailUrl\":\"https:\\\/\\\/static.krafthand-truck.de\\\/uploads\\\/2021\\\/11\\\/04_2021_006_1.jpg\",\"datePublished\":\"2021-11-16T16:47:42+00:00\",\"dateModified\":\"2021-11-26T13:54:07+00:00\",\"author\":{\"@id\":\"https:\\\/\\\/www.krafthand.de\\\/truck\\\/#\\\/schema\\\/person\\\/4345ea5638843c82f43cd8697e593d93\"},\"description\":\"Mitte September ist in Ulm das Produktionswerk f\u00fcr den batterieelektrischen Nikola TRE (BEV) und f\u00fcr den mit Brennstoffzellen betriebenen Nikola TRE (FCEV) er\u00f6ffnet worden. Dahinter steckt ein Joint-Venture des amerikanischen Unternehmens Nikola mit IVECO. Krafthand-Truck stellt die Technik der Fahrzeuge vor.\",\"breadcrumb\":{\"@id\":\"https:\\\/\\\/www.krafthand.de\\\/truck\\\/artikel\\\/der-nikola-tre-bev-steht-am-start-eine-fcev-version-folgt-30076\\\/#breadcrumb\"},\"inLanguage\":\"de\",\"potentialAction\":[{\"@type\":\"ReadAction\",\"target\":[\"https:\\\/\\\/www.krafthand.de\\\/truck\\\/artikel\\\/der-nikola-tre-bev-steht-am-start-eine-fcev-version-folgt-30076\\\/\"]}]},{\"@type\":\"ImageObject\",\"inLanguage\":\"de\",\"@id\":\"https:\\\/\\\/www.krafthand.de\\\/truck\\\/artikel\\\/der-nikola-tre-bev-steht-am-start-eine-fcev-version-folgt-30076\\\/#primaryimage\",\"url\":\"https:\\\/\\\/static.krafthand-truck.de\\\/uploads\\\/2021\\\/11\\\/04_2021_006_1.jpg\",\"contentUrl\":\"https:\\\/\\\/static.krafthand-truck.de\\\/uploads\\\/2021\\\/11\\\/04_2021_006_1.jpg\",\"width\":1400,\"height\":788,\"caption\":\"Der neue Nikola TRE BEV verf\u00fcgt \u00fcber eine E-Achse aus dem Hause FPT Industrial, das Thermomanagement liefert Mahle, die Batteriepacks kommen ebenfalls von einem lokalen Zulieferer. Bilder: Nikola Iveco GmbH\"},{\"@type\":\"BreadcrumbList\",\"@id\":\"https:\\\/\\\/www.krafthand.de\\\/truck\\\/artikel\\\/der-nikola-tre-bev-steht-am-start-eine-fcev-version-folgt-30076\\\/#breadcrumb\",\"itemListElement\":[{\"@type\":\"ListItem\",\"position\":1,\"name\":\"Krafthand-Truck\",\"item\":\"https:\\\/\\\/www.krafthand.de\\\/truck\\\/\"},{\"@type\":\"ListItem\",\"position\":2,\"name\":\"Nfz-Technik\",\"item\":\"https:\\\/\\\/www.krafthand.de\\\/truck\\\/kategorie\\\/nfz-technik\\\/\"},{\"@type\":\"ListItem\",\"position\":3,\"name\":\"E-Antrieb (BEV\\\/FCEV)\",\"item\":\"https:\\\/\\\/www.krafthand.de\\\/truck\\\/kategorie\\\/nfz-technik\\\/e-antrieb\\\/\"},{\"@type\":\"ListItem\",\"position\":4,\"name\":\"Der Nikola TRE BEV steht am Start, eine FCEV-Version folgt\"}]},{\"@type\":\"WebSite\",\"@id\":\"https:\\\/\\\/www.krafthand.de\\\/truck\\\/#website\",\"url\":\"https:\\\/\\\/www.krafthand.de\\\/truck\\\/\",\"name\":\"Krafthand-Truck\",\"description\":\"\",\"potentialAction\":[{\"@type\":\"SearchAction\",\"target\":{\"@type\":\"EntryPoint\",\"urlTemplate\":\"https:\\\/\\\/www.krafthand.de\\\/truck\\\/?s={search_term_string}\"},\"query-input\":{\"@type\":\"PropertyValueSpecification\",\"valueRequired\":true,\"valueName\":\"search_term_string\"}}],\"inLanguage\":\"de\"},{\"@type\":\"Person\",\"@id\":\"https:\\\/\\\/www.krafthand.de\\\/truck\\\/#\\\/schema\\\/person\\\/4345ea5638843c82f43cd8697e593d93\",\"name\":\"simon.ledermann@krafthand.de\",\"image\":{\"@type\":\"ImageObject\",\"inLanguage\":\"de\",\"@id\":\"https:\\\/\\\/secure.gravatar.com\\\/avatar\\\/8be6ae5173bc6d8780bff0bebfcce69a0fc777ef346f54f4ada99a71997646f4?s=96&d=mm&r=g\",\"url\":\"https:\\\/\\\/secure.gravatar.com\\\/avatar\\\/8be6ae5173bc6d8780bff0bebfcce69a0fc777ef346f54f4ada99a71997646f4?s=96&d=mm&r=g\",\"contentUrl\":\"https:\\\/\\\/secure.gravatar.com\\\/avatar\\\/8be6ae5173bc6d8780bff0bebfcce69a0fc777ef346f54f4ada99a71997646f4?s=96&d=mm&r=g\",\"caption\":\"simon.ledermann@krafthand.de\"}}]}<\/script>\n<!-- \/ Yoast SEO plugin. -->","yoast_head_json":{"title":"E-Lkw: Der Nikola TRE (BEV) und der TRE (FCEV) I die Technik","description":"Mitte September ist in Ulm das Produktionswerk f\u00fcr den batterieelektrischen Nikola TRE (BEV) und f\u00fcr den mit Brennstoffzellen betriebenen Nikola TRE (FCEV) er\u00f6ffnet worden. Dahinter steckt ein Joint-Venture des amerikanischen Unternehmens Nikola mit IVECO. Krafthand-Truck stellt die Technik der Fahrzeuge vor.","robots":{"index":"index","follow":"follow","max-snippet":"max-snippet:-1","max-image-preview":"max-image-preview:large","max-video-preview":"max-video-preview:-1"},"canonical":"https:\/\/www.krafthand.de\/truck\/artikel\/der-nikola-tre-bev-steht-am-start-eine-fcev-version-folgt-30076\/","og_locale":"de_DE","og_type":"article","og_title":"E-Lkw: Der Nikola TRE (BEV) und der TRE (FCEV) I die Technik","og_description":"Mitte September ist in Ulm das Produktionswerk f\u00fcr den batterieelektrischen Nikola TRE (BEV) und f\u00fcr den mit Brennstoffzellen betriebenen Nikola TRE (FCEV) er\u00f6ffnet worden. Dahinter steckt ein Joint-Venture des amerikanischen Unternehmens Nikola mit IVECO. Krafthand-Truck stellt die Technik der Fahrzeuge vor.","og_url":"https:\/\/www.krafthand-truck.de\/artikel\/der-nikola-tre-bev-steht-am-start-eine-fcev-version-folgt-30076\/","og_site_name":"Krafthand-Truck","article_published_time":"2021-11-16T16:47:42+00:00","article_modified_time":"2021-11-26T13:54:07+00:00","og_image":[{"width":1400,"height":788,"url":"https:\/\/www.krafthand.de\/truck\/wp-content\/uploads\/2021\/11\/04_2021_006_1.jpg","type":"image\/jpeg"}],"author":"simon.ledermann@krafthand.de","twitter_card":"summary_large_image","twitter_misc":{"Verfasst von":"simon.ledermann@krafthand.de","Gesch\u00e4tzte Lesezeit":"5\u00a0Minuten"},"schema":{"@context":"https:\/\/schema.org","@graph":[{"@type":"Article","@id":"https:\/\/www.krafthand.de\/truck\/artikel\/der-nikola-tre-bev-steht-am-start-eine-fcev-version-folgt-30076\/#article","isPartOf":{"@id":"https:\/\/www.krafthand.de\/truck\/artikel\/der-nikola-tre-bev-steht-am-start-eine-fcev-version-folgt-30076\/"},"author":{"name":"simon.ledermann@krafthand.de","@id":"https:\/\/www.krafthand.de\/truck\/#\/schema\/person\/4345ea5638843c82f43cd8697e593d93"},"headline":"Der Nikola TRE BEV steht am Start, eine FCEV-Version folgt","datePublished":"2021-11-16T16:47:42+00:00","dateModified":"2021-11-26T13:54:07+00:00","mainEntityOfPage":{"@id":"https:\/\/www.krafthand.de\/truck\/artikel\/der-nikola-tre-bev-steht-am-start-eine-fcev-version-folgt-30076\/"},"wordCount":1077,"image":{"@id":"https:\/\/www.krafthand.de\/truck\/artikel\/der-nikola-tre-bev-steht-am-start-eine-fcev-version-folgt-30076\/#primaryimage"},"thumbnailUrl":"https:\/\/static.krafthand-truck.de\/uploads\/2021\/11\/04_2021_006_1.jpg","keywords":["Brennstoffzelle","FPT Industrial","Iveco","Mahle","Nikola","Thermomanagement"],"articleSection":["E-Antrieb (BEV\/FCEV)","Neue Fahrzeuge"],"inLanguage":"de"},{"@type":"WebPage","@id":"https:\/\/www.krafthand.de\/truck\/artikel\/der-nikola-tre-bev-steht-am-start-eine-fcev-version-folgt-30076\/","url":"https:\/\/www.krafthand.de\/truck\/artikel\/der-nikola-tre-bev-steht-am-start-eine-fcev-version-folgt-30076\/","name":"E-Lkw: Der Nikola TRE (BEV) und der TRE (FCEV) I die Technik","isPartOf":{"@id":"https:\/\/www.krafthand.de\/truck\/#website"},"primaryImageOfPage":{"@id":"https:\/\/www.krafthand.de\/truck\/artikel\/der-nikola-tre-bev-steht-am-start-eine-fcev-version-folgt-30076\/#primaryimage"},"image":{"@id":"https:\/\/www.krafthand.de\/truck\/artikel\/der-nikola-tre-bev-steht-am-start-eine-fcev-version-folgt-30076\/#primaryimage"},"thumbnailUrl":"https:\/\/static.krafthand-truck.de\/uploads\/2021\/11\/04_2021_006_1.jpg","datePublished":"2021-11-16T16:47:42+00:00","dateModified":"2021-11-26T13:54:07+00:00","author":{"@id":"https:\/\/www.krafthand.de\/truck\/#\/schema\/person\/4345ea5638843c82f43cd8697e593d93"},"description":"Mitte September ist in Ulm das Produktionswerk f\u00fcr den batterieelektrischen Nikola TRE (BEV) und f\u00fcr den mit Brennstoffzellen betriebenen Nikola TRE (FCEV) er\u00f6ffnet worden. Dahinter steckt ein Joint-Venture des amerikanischen Unternehmens Nikola mit IVECO. Krafthand-Truck stellt die Technik der Fahrzeuge vor.","breadcrumb":{"@id":"https:\/\/www.krafthand.de\/truck\/artikel\/der-nikola-tre-bev-steht-am-start-eine-fcev-version-folgt-30076\/#breadcrumb"},"inLanguage":"de","potentialAction":[{"@type":"ReadAction","target":["https:\/\/www.krafthand.de\/truck\/artikel\/der-nikola-tre-bev-steht-am-start-eine-fcev-version-folgt-30076\/"]}]},{"@type":"ImageObject","inLanguage":"de","@id":"https:\/\/www.krafthand.de\/truck\/artikel\/der-nikola-tre-bev-steht-am-start-eine-fcev-version-folgt-30076\/#primaryimage","url":"https:\/\/static.krafthand-truck.de\/uploads\/2021\/11\/04_2021_006_1.jpg","contentUrl":"https:\/\/static.krafthand-truck.de\/uploads\/2021\/11\/04_2021_006_1.jpg","width":1400,"height":788,"caption":"Der neue Nikola TRE BEV verf\u00fcgt \u00fcber eine E-Achse aus dem Hause FPT Industrial, das Thermomanagement liefert Mahle, die Batteriepacks kommen ebenfalls von einem lokalen Zulieferer. Bilder: Nikola Iveco GmbH"},{"@type":"BreadcrumbList","@id":"https:\/\/www.krafthand.de\/truck\/artikel\/der-nikola-tre-bev-steht-am-start-eine-fcev-version-folgt-30076\/#breadcrumb","itemListElement":[{"@type":"ListItem","position":1,"name":"Krafthand-Truck","item":"https:\/\/www.krafthand.de\/truck\/"},{"@type":"ListItem","position":2,"name":"Nfz-Technik","item":"https:\/\/www.krafthand.de\/truck\/kategorie\/nfz-technik\/"},{"@type":"ListItem","position":3,"name":"E-Antrieb (BEV\/FCEV)","item":"https:\/\/www.krafthand.de\/truck\/kategorie\/nfz-technik\/e-antrieb\/"},{"@type":"ListItem","position":4,"name":"Der Nikola TRE BEV steht am Start, eine FCEV-Version folgt"}]},{"@type":"WebSite","@id":"https:\/\/www.krafthand.de\/truck\/#website","url":"https:\/\/www.krafthand.de\/truck\/","name":"Krafthand-Truck","description":"","potentialAction":[{"@type":"SearchAction","target":{"@type":"EntryPoint","urlTemplate":"https:\/\/www.krafthand.de\/truck\/?s={search_term_string}"},"query-input":{"@type":"PropertyValueSpecification","valueRequired":true,"valueName":"search_term_string"}}],"inLanguage":"de"},{"@type":"Person","@id":"https:\/\/www.krafthand.de\/truck\/#\/schema\/person\/4345ea5638843c82f43cd8697e593d93","name":"simon.ledermann@krafthand.de","image":{"@type":"ImageObject","inLanguage":"de","@id":"https:\/\/secure.gravatar.com\/avatar\/8be6ae5173bc6d8780bff0bebfcce69a0fc777ef346f54f4ada99a71997646f4?s=96&d=mm&r=g","url":"https:\/\/secure.gravatar.com\/avatar\/8be6ae5173bc6d8780bff0bebfcce69a0fc777ef346f54f4ada99a71997646f4?s=96&d=mm&r=g","contentUrl":"https:\/\/secure.gravatar.com\/avatar\/8be6ae5173bc6d8780bff0bebfcce69a0fc777ef346f54f4ada99a71997646f4?s=96&d=mm&r=g","caption":"simon.ledermann@krafthand.de"}}]}},"_links":{"self":[{"href":"https:\/\/www.krafthand.de\/truck\/wp-json\/wp\/v2\/posts\/30076","targetHints":{"allow":["GET"]}}],"collection":[{"href":"https:\/\/www.krafthand.de\/truck\/wp-json\/wp\/v2\/posts"}],"about":[{"href":"https:\/\/www.krafthand.de\/truck\/wp-json\/wp\/v2\/types\/post"}],"author":[{"embeddable":true,"href":"https:\/\/www.krafthand.de\/truck\/wp-json\/wp\/v2\/users\/2"}],"replies":[{"embeddable":true,"href":"https:\/\/www.krafthand.de\/truck\/wp-json\/wp\/v2\/comments?post=30076"}],"version-history":[{"count":11,"href":"https:\/\/www.krafthand.de\/truck\/wp-json\/wp\/v2\/posts\/30076\/revisions"}],"predecessor-version":[{"id":30200,"href":"https:\/\/www.krafthand.de\/truck\/wp-json\/wp\/v2\/posts\/30076\/revisions\/30200"}],"wp:featuredmedia":[{"embeddable":true,"href":"https:\/\/www.krafthand.de\/truck\/wp-json\/wp\/v2\/media\/30077"}],"wp:attachment":[{"href":"https:\/\/www.krafthand.de\/truck\/wp-json\/wp\/v2\/media?parent=30076"}],"wp:term":[{"taxonomy":"category","embeddable":true,"href":"https:\/\/www.krafthand.de\/truck\/wp-json\/wp\/v2\/categories?post=30076"},{"taxonomy":"post_tag","embeddable":true,"href":"https:\/\/www.krafthand.de\/truck\/wp-json\/wp\/v2\/tags?post=30076"},{"taxonomy":"settings","embeddable":true,"href":"https:\/\/www.krafthand.de\/truck\/wp-json\/wp\/v2\/settings?post=30076"}],"curies":[{"name":"wp","href":"https:\/\/api.w.org\/{rel}","templated":true}]}}