{"id":30049,"date":"2021-11-16T10:51:52","date_gmt":"2021-11-16T09:51:52","guid":{"rendered":"https:\/\/www.krafthand.de\/truck\/?p=30049"},"modified":"2021-11-16T12:05:34","modified_gmt":"2021-11-16T11:05:34","slug":"bilstein-group-uebernimmt-den-turbolader-spezialisten-motair","status":"publish","type":"post","link":"https:\/\/www.krafthand.de\/truck\/artikel\/bilstein-group-uebernimmt-den-turbolader-spezialisten-motair-30049\/","title":{"rendered":"Bilstein-Group \u00fcbernimmt Motair"},"content":{"rendered":"<p>Die Bilstein-Group, Hersteller und Lieferant von Pkw- und Nkw-Ersatzteilen, vermeldet die \u00dcbernahme von Motair. Die K\u00f6lner Firma hat sich auf Turbolader spezialisiert und bietet sowohl Produkte bekannter OE-Hersteller als auch wiederaufbereitete Turbolader in Deutschland an. Dar\u00fcber hinaus hat das Unternehmen weitere Anbauprodukte im Programm, die weltweit vertrieben werden.<\/p>\n<blockquote><p>\u201eMit dem Investment machen wir einen weiteren wichtigen Schritt auf unserem Weg, den Bilstein-Group Kunden ein m\u00f6glichst umfassendes Programm an hochwertigen Reparaturl\u00f6sungen bieten zu k\u00f6nnen. Die Produkte von Motair sind eine ideale Erweiterung unseres bestehenden Sortiments von \u00fcber 62.000 verschiedenen Ersatzteilen\u201c, so Karsten Sch\u00fc\u00dfler-Bilstein, Gesch\u00e4ftsf\u00fchrer der <a href=\"https:\/\/www.bilsteingroup.com\/\" target=\"_blank\" rel=\"noopener\">Bilstein-Group<\/a>.<\/p><\/blockquote>\n<p>Die <a href=\"https:\/\/www.motair.de\/de\/\" target=\"_blank\" rel=\"noopener\">Motair Turbolader GmbH<\/a> wurde 1971 gegr\u00fcndet und hat sich als Vollsortimenter f\u00fcr alle Turboladermarken in Deutschland etabliert. Der Stammsitz des Unternehmens mit seinen 25 Mitarbeitenden bleibt erhalten und erg\u00e4nzt die bestehenden deutschen Bilstein Standorte in Ennepetal, Wuppertal, Gelsenkirchen und Durmersheim.<\/p>\n<blockquote>\n<figure id=\"attachment_30051\" aria-describedby=\"caption-attachment-30051\" style=\"width: 260px\" class=\"wp-caption alignright\"><a href=\"https:\/\/www.krafthand.de\/truck\/wp-content\/uploads\/2021\/11\/Motair_Andreas_Solibieda.jpg\" target=\"_blank\" rel=\"noopener\"><img fetchpriority=\"high\" decoding=\"async\" class=\"wp-image-30051\" src=\"https:\/\/www.krafthand.de\/truck\/wp-content\/uploads\/2021\/11\/Motair_Andreas_Solibieda-209x300.jpg\" alt=\"\" width=\"260\" height=\"373\" srcset=\"https:\/\/static.krafthand-truck.de\/uploads\/2021\/11\/Motair_Andreas_Solibieda-209x300.jpg 209w, https:\/\/static.krafthand-truck.de\/uploads\/2021\/11\/Motair_Andreas_Solibieda-714x1024.jpg 714w, https:\/\/static.krafthand-truck.de\/uploads\/2021\/11\/Motair_Andreas_Solibieda-768x1102.jpg 768w, https:\/\/static.krafthand-truck.de\/uploads\/2021\/11\/Motair_Andreas_Solibieda.jpg 978w\" sizes=\"(max-width: 260px) 100vw, 260px\" \/><\/a><figcaption id=\"caption-attachment-30051\" class=\"wp-caption-text\">Andreas Solibieda, Gesch\u00e4ftsf\u00fchrer von Motair. Bild: Motair<\/figcaption><\/figure>\n<p>\u201eWir freuen uns, mit der bilstein group k\u00fcnftig einen starken Partner an unserer Seite zu haben. Hier bieten sich uns hervorragende Perspektiven und Synergien zum Vorteil unserer Kunden\u201c, s0 Motair Gesch\u00e4ftsf\u00fchrer Andreas Solibieda. \u201eWir wollen am Standort K\u00f6ln weiter wachsen und sowohl unsere bestehenden Partnerschaften fortsetzen als auch neue Kunden von unseren St\u00e4rken \u00fcberzeugen \u2013 getreu unseres Mottos \u201aBoosting Your Turbo Business\u2018\u201c.<\/p><\/blockquote>\n<p>Bislang war Motair Teil der <a href=\"https:\/\/www.hess-automotive.de\/de\/\" target=\"_blank\" rel=\"noopener\">Hess-Unternehmensgruppe<\/a>. \u201eUnsere Gesellschafter haben sich im Rahmen der konsequenten Umsetzung der Wachstumsstrategie im Autoteile-Gro\u00dfhandel dazu entschieden, Motair an die Bilstein-Group zu ver\u00e4u\u00dfern. Mit der \u00dcbernahme durch das traditionsreiche Familienunternehmen kann Motair nach 50 erfolgreichen Jahren als f\u00fchrender Anbieter von werksneuen und wiederaufbereiteten Abgasturboladern, seine starke Marktstellung weiter festigen und ausbauen\u201c, so Philipp Hess, Gesch\u00e4ftsf\u00fchrer Hess Automotive.<\/p>\n","protected":false},"excerpt":{"rendered":"<p>Die Bilstein-Group, Hersteller und Lieferant von Pkw- und Nkw-Ersatzteilen, vermeldet die \u00dcbernahme von Motair. Die K\u00f6lner Firma hat sich auf Turbolader spezialisiert und bietet sowohl Produkte bekannter OE-Hersteller als auch wiederaufbereitete Turbolader in Deutschland an. <span class=\"excerpt-more__dots\">&#8230;<\/span> <a class=\"excerpt-more__link\" href=\"https:\/\/www.krafthand.de\/truck\/artikel\/bilstein-group-uebernimmt-den-turbolader-spezialisten-motair-30049\/\" >weiter<\/a><\/p>\n","protected":false},"author":9,"featured_media":30050,"comment_status":"closed","ping_status":"closed","sticky":false,"template":"","format":"standard","meta":{"footnotes":""},"categories":[4238,4235],"tags":[3124,4867,368,367,2149],"settings":[3523],"class_list":["post-30049","post","type-post","status-publish","format-standard","has-post-thumbnail","hentry","category-koepfe","category-unternehmen","tag-bilstein","tag-hess","tag-motair","tag-turbolader","tag-uebernahme"],"yoast_head":"<!-- This site is optimized with the Yoast SEO plugin v27.3 - https:\/\/yoast.com\/product\/yoast-seo-wordpress\/ -->\n<title>Bilstein \u00fcbernimmt Turboladerspezialisten Motair<\/title>\n<meta name=\"description\" content=\"Die Bilstein-Group, Hersteller und Lieferant von Pkw- und Nkw-Ersatzteilen, vermeldet die \u00dcbernahme von Motair. Die K\u00f6lner Firma hat sich auf Turbolader spezialisiert und bietet sowohl Produkte bekannter OE-Hersteller als auch wiederaufbereitete Turbolader in Deutschland an.\" \/>\n<meta name=\"robots\" content=\"index, follow, max-snippet:-1, max-image-preview:large, max-video-preview:-1\" \/>\n<link rel=\"canonical\" href=\"https:\/\/www.krafthand.de\/truck\/artikel\/bilstein-group-uebernimmt-den-turbolader-spezialisten-motair-30049\/\" \/>\n<meta property=\"og:locale\" content=\"de_DE\" \/>\n<meta property=\"og:type\" content=\"article\" \/>\n<meta property=\"og:title\" content=\"Bilstein \u00fcbernimmt Turboladerspezialisten Motair\" \/>\n<meta property=\"og:description\" content=\"Die Bilstein-Group, Hersteller und Lieferant von Pkw- und Nkw-Ersatzteilen, vermeldet die \u00dcbernahme von Motair. Die K\u00f6lner Firma hat sich auf Turbolader spezialisiert und bietet sowohl Produkte bekannter OE-Hersteller als auch wiederaufbereitete Turbolader in Deutschland an.\" \/>\n<meta property=\"og:url\" content=\"https:\/\/www.krafthand-truck.de\/artikel\/bilstein-group-uebernimmt-den-turbolader-spezialisten-motair-30049\/\" \/>\n<meta property=\"og:site_name\" content=\"Krafthand-Truck\" \/>\n<meta property=\"article:published_time\" content=\"2021-11-16T09:51:52+00:00\" \/>\n<meta property=\"article:modified_time\" content=\"2021-11-16T11:05:34+00:00\" \/>\n<meta property=\"og:image\" content=\"https:\/\/www.krafthand.de\/truck\/wp-content\/uploads\/2021\/11\/bilstein-group-Geschaeftsfuehrung.jpg\" \/>\n\t<meta property=\"og:image:width\" content=\"1200\" \/>\n\t<meta property=\"og:image:height\" content=\"798\" \/>\n\t<meta property=\"og:image:type\" content=\"image\/jpeg\" \/>\n<meta name=\"author\" content=\"georg.blenk@krafthand-medien.de\" \/>\n<meta name=\"twitter:card\" content=\"summary_large_image\" \/>\n<meta name=\"twitter:label1\" content=\"Verfasst von\" \/>\n\t<meta name=\"twitter:data1\" content=\"georg.blenk@krafthand-medien.de\" \/>\n\t<meta name=\"twitter:label2\" content=\"Gesch\u00e4tzte Lesezeit\" \/>\n\t<meta name=\"twitter:data2\" content=\"1\u00a0Minute\" \/>\n<script type=\"application\/ld+json\" class=\"yoast-schema-graph\">{\"@context\":\"https:\\\/\\\/schema.org\",\"@graph\":[{\"@type\":\"Article\",\"@id\":\"https:\\\/\\\/www.krafthand.de\\\/truck\\\/artikel\\\/bilstein-group-uebernimmt-den-turbolader-spezialisten-motair-30049\\\/#article\",\"isPartOf\":{\"@id\":\"https:\\\/\\\/www.krafthand.de\\\/truck\\\/artikel\\\/bilstein-group-uebernimmt-den-turbolader-spezialisten-motair-30049\\\/\"},\"author\":{\"name\":\"georg.blenk@krafthand-medien.de\",\"@id\":\"https:\\\/\\\/www.krafthand.de\\\/truck\\\/#\\\/schema\\\/person\\\/51fa80b1c57034c4bf63f9f988fc24ce\"},\"headline\":\"Bilstein-Group \u00fcbernimmt Motair\",\"datePublished\":\"2021-11-16T09:51:52+00:00\",\"dateModified\":\"2021-11-16T11:05:34+00:00\",\"mainEntityOfPage\":{\"@id\":\"https:\\\/\\\/www.krafthand.de\\\/truck\\\/artikel\\\/bilstein-group-uebernimmt-den-turbolader-spezialisten-motair-30049\\\/\"},\"wordCount\":295,\"image\":{\"@id\":\"https:\\\/\\\/www.krafthand.de\\\/truck\\\/artikel\\\/bilstein-group-uebernimmt-den-turbolader-spezialisten-motair-30049\\\/#primaryimage\"},\"thumbnailUrl\":\"https:\\\/\\\/static.krafthand-truck.de\\\/uploads\\\/2021\\\/11\\\/bilstein-group-Geschaeftsfuehrung.jpg\",\"keywords\":[\"Bilstein\",\"Hess\",\"Motair\",\"Turbolader\",\"\u00fcbernahme\"],\"articleSection\":[\"K\u00f6pfe\\\/Personen\",\"Unternehmen\"],\"inLanguage\":\"de\"},{\"@type\":\"WebPage\",\"@id\":\"https:\\\/\\\/www.krafthand.de\\\/truck\\\/artikel\\\/bilstein-group-uebernimmt-den-turbolader-spezialisten-motair-30049\\\/\",\"url\":\"https:\\\/\\\/www.krafthand.de\\\/truck\\\/artikel\\\/bilstein-group-uebernimmt-den-turbolader-spezialisten-motair-30049\\\/\",\"name\":\"Bilstein \u00fcbernimmt Turboladerspezialisten Motair\",\"isPartOf\":{\"@id\":\"https:\\\/\\\/www.krafthand.de\\\/truck\\\/#website\"},\"primaryImageOfPage\":{\"@id\":\"https:\\\/\\\/www.krafthand.de\\\/truck\\\/artikel\\\/bilstein-group-uebernimmt-den-turbolader-spezialisten-motair-30049\\\/#primaryimage\"},\"image\":{\"@id\":\"https:\\\/\\\/www.krafthand.de\\\/truck\\\/artikel\\\/bilstein-group-uebernimmt-den-turbolader-spezialisten-motair-30049\\\/#primaryimage\"},\"thumbnailUrl\":\"https:\\\/\\\/static.krafthand-truck.de\\\/uploads\\\/2021\\\/11\\\/bilstein-group-Geschaeftsfuehrung.jpg\",\"datePublished\":\"2021-11-16T09:51:52+00:00\",\"dateModified\":\"2021-11-16T11:05:34+00:00\",\"author\":{\"@id\":\"https:\\\/\\\/www.krafthand.de\\\/truck\\\/#\\\/schema\\\/person\\\/51fa80b1c57034c4bf63f9f988fc24ce\"},\"description\":\"Die Bilstein-Group, Hersteller und Lieferant von Pkw- und Nkw-Ersatzteilen, vermeldet die \u00dcbernahme von Motair. Die K\u00f6lner Firma hat sich auf Turbolader spezialisiert und bietet sowohl Produkte bekannter OE-Hersteller als auch wiederaufbereitete Turbolader in Deutschland an.\",\"breadcrumb\":{\"@id\":\"https:\\\/\\\/www.krafthand.de\\\/truck\\\/artikel\\\/bilstein-group-uebernimmt-den-turbolader-spezialisten-motair-30049\\\/#breadcrumb\"},\"inLanguage\":\"de\",\"potentialAction\":[{\"@type\":\"ReadAction\",\"target\":[\"https:\\\/\\\/www.krafthand.de\\\/truck\\\/artikel\\\/bilstein-group-uebernimmt-den-turbolader-spezialisten-motair-30049\\\/\"]}]},{\"@type\":\"ImageObject\",\"inLanguage\":\"de\",\"@id\":\"https:\\\/\\\/www.krafthand.de\\\/truck\\\/artikel\\\/bilstein-group-uebernimmt-den-turbolader-spezialisten-motair-30049\\\/#primaryimage\",\"url\":\"https:\\\/\\\/static.krafthand-truck.de\\\/uploads\\\/2021\\\/11\\\/bilstein-group-Geschaeftsfuehrung.jpg\",\"contentUrl\":\"https:\\\/\\\/static.krafthand-truck.de\\\/uploads\\\/2021\\\/11\\\/bilstein-group-Geschaeftsfuehrung.jpg\",\"width\":1200,\"height\":798},{\"@type\":\"BreadcrumbList\",\"@id\":\"https:\\\/\\\/www.krafthand.de\\\/truck\\\/artikel\\\/bilstein-group-uebernimmt-den-turbolader-spezialisten-motair-30049\\\/#breadcrumb\",\"itemListElement\":[{\"@type\":\"ListItem\",\"position\":1,\"name\":\"Krafthand-Truck\",\"item\":\"https:\\\/\\\/www.krafthand.de\\\/truck\\\/\"},{\"@type\":\"ListItem\",\"position\":2,\"name\":\"Nfz-Branche\",\"item\":\"https:\\\/\\\/www.krafthand.de\\\/truck\\\/kategorie\\\/branche\\\/\"},{\"@type\":\"ListItem\",\"position\":3,\"name\":\"Unternehmen\",\"item\":\"https:\\\/\\\/www.krafthand.de\\\/truck\\\/kategorie\\\/branche\\\/unternehmen\\\/\"},{\"@type\":\"ListItem\",\"position\":4,\"name\":\"Bilstein-Group \u00fcbernimmt Motair\"}]},{\"@type\":\"WebSite\",\"@id\":\"https:\\\/\\\/www.krafthand.de\\\/truck\\\/#website\",\"url\":\"https:\\\/\\\/www.krafthand.de\\\/truck\\\/\",\"name\":\"Krafthand-Truck\",\"description\":\"\",\"potentialAction\":[{\"@type\":\"SearchAction\",\"target\":{\"@type\":\"EntryPoint\",\"urlTemplate\":\"https:\\\/\\\/www.krafthand.de\\\/truck\\\/?s={search_term_string}\"},\"query-input\":{\"@type\":\"PropertyValueSpecification\",\"valueRequired\":true,\"valueName\":\"search_term_string\"}}],\"inLanguage\":\"de\"},{\"@type\":\"Person\",\"@id\":\"https:\\\/\\\/www.krafthand.de\\\/truck\\\/#\\\/schema\\\/person\\\/51fa80b1c57034c4bf63f9f988fc24ce\",\"name\":\"georg.blenk@krafthand-medien.de\",\"image\":{\"@type\":\"ImageObject\",\"inLanguage\":\"de\",\"@id\":\"https:\\\/\\\/secure.gravatar.com\\\/avatar\\\/93713c30affe0aa95d3a4130e499bb1abee2eb31adbdd9ce2aa1543538490215?s=96&d=mm&r=g\",\"url\":\"https:\\\/\\\/secure.gravatar.com\\\/avatar\\\/93713c30affe0aa95d3a4130e499bb1abee2eb31adbdd9ce2aa1543538490215?s=96&d=mm&r=g\",\"contentUrl\":\"https:\\\/\\\/secure.gravatar.com\\\/avatar\\\/93713c30affe0aa95d3a4130e499bb1abee2eb31adbdd9ce2aa1543538490215?s=96&d=mm&r=g\",\"caption\":\"georg.blenk@krafthand-medien.de\"}}]}<\/script>\n<!-- \/ Yoast SEO plugin. -->","yoast_head_json":{"title":"Bilstein \u00fcbernimmt Turboladerspezialisten Motair","description":"Die Bilstein-Group, Hersteller und Lieferant von Pkw- und Nkw-Ersatzteilen, vermeldet die \u00dcbernahme von Motair. Die K\u00f6lner Firma hat sich auf Turbolader spezialisiert und bietet sowohl Produkte bekannter OE-Hersteller als auch wiederaufbereitete Turbolader in Deutschland an.","robots":{"index":"index","follow":"follow","max-snippet":"max-snippet:-1","max-image-preview":"max-image-preview:large","max-video-preview":"max-video-preview:-1"},"canonical":"https:\/\/www.krafthand.de\/truck\/artikel\/bilstein-group-uebernimmt-den-turbolader-spezialisten-motair-30049\/","og_locale":"de_DE","og_type":"article","og_title":"Bilstein \u00fcbernimmt Turboladerspezialisten Motair","og_description":"Die Bilstein-Group, Hersteller und Lieferant von Pkw- und Nkw-Ersatzteilen, vermeldet die \u00dcbernahme von Motair. Die K\u00f6lner Firma hat sich auf Turbolader spezialisiert und bietet sowohl Produkte bekannter OE-Hersteller als auch wiederaufbereitete Turbolader in Deutschland an.","og_url":"https:\/\/www.krafthand-truck.de\/artikel\/bilstein-group-uebernimmt-den-turbolader-spezialisten-motair-30049\/","og_site_name":"Krafthand-Truck","article_published_time":"2021-11-16T09:51:52+00:00","article_modified_time":"2021-11-16T11:05:34+00:00","og_image":[{"width":1200,"height":798,"url":"https:\/\/www.krafthand.de\/truck\/wp-content\/uploads\/2021\/11\/bilstein-group-Geschaeftsfuehrung.jpg","type":"image\/jpeg"}],"author":"georg.blenk@krafthand-medien.de","twitter_card":"summary_large_image","twitter_misc":{"Verfasst von":"georg.blenk@krafthand-medien.de","Gesch\u00e4tzte Lesezeit":"1\u00a0Minute"},"schema":{"@context":"https:\/\/schema.org","@graph":[{"@type":"Article","@id":"https:\/\/www.krafthand.de\/truck\/artikel\/bilstein-group-uebernimmt-den-turbolader-spezialisten-motair-30049\/#article","isPartOf":{"@id":"https:\/\/www.krafthand.de\/truck\/artikel\/bilstein-group-uebernimmt-den-turbolader-spezialisten-motair-30049\/"},"author":{"name":"georg.blenk@krafthand-medien.de","@id":"https:\/\/www.krafthand.de\/truck\/#\/schema\/person\/51fa80b1c57034c4bf63f9f988fc24ce"},"headline":"Bilstein-Group \u00fcbernimmt Motair","datePublished":"2021-11-16T09:51:52+00:00","dateModified":"2021-11-16T11:05:34+00:00","mainEntityOfPage":{"@id":"https:\/\/www.krafthand.de\/truck\/artikel\/bilstein-group-uebernimmt-den-turbolader-spezialisten-motair-30049\/"},"wordCount":295,"image":{"@id":"https:\/\/www.krafthand.de\/truck\/artikel\/bilstein-group-uebernimmt-den-turbolader-spezialisten-motair-30049\/#primaryimage"},"thumbnailUrl":"https:\/\/static.krafthand-truck.de\/uploads\/2021\/11\/bilstein-group-Geschaeftsfuehrung.jpg","keywords":["Bilstein","Hess","Motair","Turbolader","\u00fcbernahme"],"articleSection":["K\u00f6pfe\/Personen","Unternehmen"],"inLanguage":"de"},{"@type":"WebPage","@id":"https:\/\/www.krafthand.de\/truck\/artikel\/bilstein-group-uebernimmt-den-turbolader-spezialisten-motair-30049\/","url":"https:\/\/www.krafthand.de\/truck\/artikel\/bilstein-group-uebernimmt-den-turbolader-spezialisten-motair-30049\/","name":"Bilstein \u00fcbernimmt Turboladerspezialisten Motair","isPartOf":{"@id":"https:\/\/www.krafthand.de\/truck\/#website"},"primaryImageOfPage":{"@id":"https:\/\/www.krafthand.de\/truck\/artikel\/bilstein-group-uebernimmt-den-turbolader-spezialisten-motair-30049\/#primaryimage"},"image":{"@id":"https:\/\/www.krafthand.de\/truck\/artikel\/bilstein-group-uebernimmt-den-turbolader-spezialisten-motair-30049\/#primaryimage"},"thumbnailUrl":"https:\/\/static.krafthand-truck.de\/uploads\/2021\/11\/bilstein-group-Geschaeftsfuehrung.jpg","datePublished":"2021-11-16T09:51:52+00:00","dateModified":"2021-11-16T11:05:34+00:00","author":{"@id":"https:\/\/www.krafthand.de\/truck\/#\/schema\/person\/51fa80b1c57034c4bf63f9f988fc24ce"},"description":"Die Bilstein-Group, Hersteller und Lieferant von Pkw- und Nkw-Ersatzteilen, vermeldet die \u00dcbernahme von Motair. Die K\u00f6lner Firma hat sich auf Turbolader spezialisiert und bietet sowohl Produkte bekannter OE-Hersteller als auch wiederaufbereitete Turbolader in Deutschland an.","breadcrumb":{"@id":"https:\/\/www.krafthand.de\/truck\/artikel\/bilstein-group-uebernimmt-den-turbolader-spezialisten-motair-30049\/#breadcrumb"},"inLanguage":"de","potentialAction":[{"@type":"ReadAction","target":["https:\/\/www.krafthand.de\/truck\/artikel\/bilstein-group-uebernimmt-den-turbolader-spezialisten-motair-30049\/"]}]},{"@type":"ImageObject","inLanguage":"de","@id":"https:\/\/www.krafthand.de\/truck\/artikel\/bilstein-group-uebernimmt-den-turbolader-spezialisten-motair-30049\/#primaryimage","url":"https:\/\/static.krafthand-truck.de\/uploads\/2021\/11\/bilstein-group-Geschaeftsfuehrung.jpg","contentUrl":"https:\/\/static.krafthand-truck.de\/uploads\/2021\/11\/bilstein-group-Geschaeftsfuehrung.jpg","width":1200,"height":798},{"@type":"BreadcrumbList","@id":"https:\/\/www.krafthand.de\/truck\/artikel\/bilstein-group-uebernimmt-den-turbolader-spezialisten-motair-30049\/#breadcrumb","itemListElement":[{"@type":"ListItem","position":1,"name":"Krafthand-Truck","item":"https:\/\/www.krafthand.de\/truck\/"},{"@type":"ListItem","position":2,"name":"Nfz-Branche","item":"https:\/\/www.krafthand.de\/truck\/kategorie\/branche\/"},{"@type":"ListItem","position":3,"name":"Unternehmen","item":"https:\/\/www.krafthand.de\/truck\/kategorie\/branche\/unternehmen\/"},{"@type":"ListItem","position":4,"name":"Bilstein-Group \u00fcbernimmt Motair"}]},{"@type":"WebSite","@id":"https:\/\/www.krafthand.de\/truck\/#website","url":"https:\/\/www.krafthand.de\/truck\/","name":"Krafthand-Truck","description":"","potentialAction":[{"@type":"SearchAction","target":{"@type":"EntryPoint","urlTemplate":"https:\/\/www.krafthand.de\/truck\/?s={search_term_string}"},"query-input":{"@type":"PropertyValueSpecification","valueRequired":true,"valueName":"search_term_string"}}],"inLanguage":"de"},{"@type":"Person","@id":"https:\/\/www.krafthand.de\/truck\/#\/schema\/person\/51fa80b1c57034c4bf63f9f988fc24ce","name":"georg.blenk@krafthand-medien.de","image":{"@type":"ImageObject","inLanguage":"de","@id":"https:\/\/secure.gravatar.com\/avatar\/93713c30affe0aa95d3a4130e499bb1abee2eb31adbdd9ce2aa1543538490215?s=96&d=mm&r=g","url":"https:\/\/secure.gravatar.com\/avatar\/93713c30affe0aa95d3a4130e499bb1abee2eb31adbdd9ce2aa1543538490215?s=96&d=mm&r=g","contentUrl":"https:\/\/secure.gravatar.com\/avatar\/93713c30affe0aa95d3a4130e499bb1abee2eb31adbdd9ce2aa1543538490215?s=96&d=mm&r=g","caption":"georg.blenk@krafthand-medien.de"}}]}},"_links":{"self":[{"href":"https:\/\/www.krafthand.de\/truck\/wp-json\/wp\/v2\/posts\/30049","targetHints":{"allow":["GET"]}}],"collection":[{"href":"https:\/\/www.krafthand.de\/truck\/wp-json\/wp\/v2\/posts"}],"about":[{"href":"https:\/\/www.krafthand.de\/truck\/wp-json\/wp\/v2\/types\/post"}],"author":[{"embeddable":true,"href":"https:\/\/www.krafthand.de\/truck\/wp-json\/wp\/v2\/users\/9"}],"replies":[{"embeddable":true,"href":"https:\/\/www.krafthand.de\/truck\/wp-json\/wp\/v2\/comments?post=30049"}],"version-history":[{"count":4,"href":"https:\/\/www.krafthand.de\/truck\/wp-json\/wp\/v2\/posts\/30049\/revisions"}],"predecessor-version":[{"id":30055,"href":"https:\/\/www.krafthand.de\/truck\/wp-json\/wp\/v2\/posts\/30049\/revisions\/30055"}],"wp:featuredmedia":[{"embeddable":true,"href":"https:\/\/www.krafthand.de\/truck\/wp-json\/wp\/v2\/media\/30050"}],"wp:attachment":[{"href":"https:\/\/www.krafthand.de\/truck\/wp-json\/wp\/v2\/media?parent=30049"}],"wp:term":[{"taxonomy":"category","embeddable":true,"href":"https:\/\/www.krafthand.de\/truck\/wp-json\/wp\/v2\/categories?post=30049"},{"taxonomy":"post_tag","embeddable":true,"href":"https:\/\/www.krafthand.de\/truck\/wp-json\/wp\/v2\/tags?post=30049"},{"taxonomy":"settings","embeddable":true,"href":"https:\/\/www.krafthand.de\/truck\/wp-json\/wp\/v2\/settings?post=30049"}],"curies":[{"name":"wp","href":"https:\/\/api.w.org\/{rel}","templated":true}]}}