{"id":30027,"date":"2021-11-15T09:17:43","date_gmt":"2021-11-15T08:17:43","guid":{"rendered":"https:\/\/www.krafthand.de\/truck\/?p=30027"},"modified":"2021-11-26T15:00:10","modified_gmt":"2021-11-26T14:00:10","slug":"300-fuso-ecanter-ausgeliefert","status":"publish","type":"post","link":"https:\/\/www.krafthand.de\/truck\/artikel\/300-fuso-ecanter-ausgeliefert-30027\/","title":{"rendered":"300 FUSO eCanter ausgeliefert"},"content":{"rendered":"<p>Die weltweiten Kundenauslieferungen des vollelektrischen Leicht-Lkw <a href=\"https:\/\/www.daimler-truck.com\/innovation-nachhaltigkeit\/effizient-emissionsfrei\/fuso-ecanter-in-kleinserie.html\" target=\"_blank\" rel=\"noopener\">FUSO eCanter<\/a> haben laut Daimler Truck die Marke von 300 Fahrzeugen aus der Kleinserienproduktion \u00fcberschritten. Kunden in sechzehn L\u00e4ndern und St\u00e4dten wie New York, Tokio, Berlin, London, Amsterdam, Paris, Dublin, Oslo, Kopenhagen, Helsinki und Auckland vertrauen demnach auf den e-Lkw f\u00fcr den urbanen Verteilerverkehr. Weitere Auslieferungen sollen laut Daimler Truck sukzessive folgen.<\/p>\n<p>Der FUSO eCanter 7,49 Tonner hat eine Reichweite von mehr als 100 Kilometern und eigne sich besonders f\u00fcr die lokal emissionsfreie und leise innerst\u00e4dtische Verteilung. Stand November 2021 wurden mehr als 40 Fahrzeuge in den Vereinigten Staaten, zirka 75 eTrucks in Japan und mehr als 190 FUSO eCanter in Europa ausgeliefert. Anfang 2021 wurde der vollelektrische Leicht-Lkw auch in Australien und Neuseeland eingef\u00fchrt.<\/p>\n<p>Daimler Truck strebt an, dass bis 2039 alle Neufahrzeuge in der Triade (Europa, Nordamerika und Japan) &#8222;Tank-to-wheel&#8220; CO2-neutral sind. Der eCanter soll dabei eine wichtige Rolle bei der Erreichung eines klimaneutralen Transports spielen.<\/p>\n","protected":false},"excerpt":{"rendered":"<p>Die weltweiten Kundenauslieferungen des vollelektrischen Leicht-Lkw FUSO eCanter haben laut Daimler Truck\u00a0 die Marke von 300 Fahrzeugen aus der Kleinserienproduktion \u00fcberschritten. Weitere Auslieferungen sollen laut Daimler Truck sukzessive folgen. <span class=\"excerpt-more__dots\">&#8230;<\/span> <a class=\"excerpt-more__link\" href=\"https:\/\/www.krafthand.de\/truck\/artikel\/300-fuso-ecanter-ausgeliefert-30027\/\" >weiter<\/a><\/p>\n","protected":false},"author":9,"featured_media":30031,"comment_status":"closed","ping_status":"closed","sticky":false,"template":"","format":"standard","meta":{"footnotes":""},"categories":[4224,4915],"tags":[4492,4476,4862],"settings":[4766],"class_list":["post-30027","post","type-post","status-publish","format-standard","has-post-thumbnail","hentry","category-e-antrieb","category-neue-fahrzeuge","tag-daimler-truck","tag-elkw","tag-fuso-ecanter"],"yoast_head":"<!-- This site is optimized with the Yoast SEO plugin v27.3 - https:\/\/yoast.com\/product\/yoast-seo-wordpress\/ -->\n<title>300 FUSO eCanter ausgeliefert - Krafthand-Truck<\/title>\n<meta name=\"robots\" content=\"index, follow, max-snippet:-1, max-image-preview:large, max-video-preview:-1\" \/>\n<link rel=\"canonical\" href=\"https:\/\/www.krafthand.de\/truck\/artikel\/300-fuso-ecanter-ausgeliefert-30027\/\" \/>\n<meta property=\"og:locale\" content=\"de_DE\" \/>\n<meta property=\"og:type\" content=\"article\" \/>\n<meta property=\"og:title\" content=\"300 FUSO eCanter ausgeliefert - Krafthand-Truck\" \/>\n<meta property=\"og:description\" content=\"Die weltweiten Kundenauslieferungen des vollelektrischen Leicht-Lkw FUSO eCanter haben laut Daimler Truck\u00a0 die Marke von 300 Fahrzeugen aus der Kleinserienproduktion \u00fcberschritten. Weitere Auslieferungen sollen laut Daimler Truck sukzessive folgen. ... weiter\" \/>\n<meta property=\"og:url\" content=\"https:\/\/www.krafthand-truck.de\/artikel\/300-fuso-ecanter-ausgeliefert-30027\/\" \/>\n<meta property=\"og:site_name\" content=\"Krafthand-Truck\" \/>\n<meta property=\"article:published_time\" content=\"2021-11-15T08:17:43+00:00\" \/>\n<meta property=\"article:modified_time\" content=\"2021-11-26T14:00:10+00:00\" \/>\n<meta property=\"og:image\" content=\"https:\/\/www.krafthand.de\/truck\/wp-content\/uploads\/2021\/11\/Fuso_eCanter_Daimler_Truck.jpg\" \/>\n\t<meta property=\"og:image:width\" content=\"1200\" \/>\n\t<meta property=\"og:image:height\" content=\"732\" \/>\n\t<meta property=\"og:image:type\" content=\"image\/jpeg\" \/>\n<meta name=\"author\" content=\"georg.blenk@krafthand-medien.de\" \/>\n<meta name=\"twitter:card\" content=\"summary_large_image\" \/>\n<meta name=\"twitter:label1\" content=\"Verfasst von\" \/>\n\t<meta name=\"twitter:data1\" content=\"georg.blenk@krafthand-medien.de\" \/>\n\t<meta name=\"twitter:label2\" content=\"Gesch\u00e4tzte Lesezeit\" \/>\n\t<meta name=\"twitter:data2\" content=\"1\u00a0Minute\" \/>\n<script type=\"application\/ld+json\" class=\"yoast-schema-graph\">{\"@context\":\"https:\\\/\\\/schema.org\",\"@graph\":[{\"@type\":\"Article\",\"@id\":\"https:\\\/\\\/www.krafthand.de\\\/truck\\\/artikel\\\/300-fuso-ecanter-ausgeliefert-30027\\\/#article\",\"isPartOf\":{\"@id\":\"https:\\\/\\\/www.krafthand.de\\\/truck\\\/artikel\\\/300-fuso-ecanter-ausgeliefert-30027\\\/\"},\"author\":{\"name\":\"georg.blenk@krafthand-medien.de\",\"@id\":\"https:\\\/\\\/www.krafthand.de\\\/truck\\\/#\\\/schema\\\/person\\\/51fa80b1c57034c4bf63f9f988fc24ce\"},\"headline\":\"300 FUSO eCanter ausgeliefert\",\"datePublished\":\"2021-11-15T08:17:43+00:00\",\"dateModified\":\"2021-11-26T14:00:10+00:00\",\"mainEntityOfPage\":{\"@id\":\"https:\\\/\\\/www.krafthand.de\\\/truck\\\/artikel\\\/300-fuso-ecanter-ausgeliefert-30027\\\/\"},\"wordCount\":155,\"image\":{\"@id\":\"https:\\\/\\\/www.krafthand.de\\\/truck\\\/artikel\\\/300-fuso-ecanter-ausgeliefert-30027\\\/#primaryimage\"},\"thumbnailUrl\":\"https:\\\/\\\/static.krafthand-truck.de\\\/uploads\\\/2021\\\/11\\\/Fuso_eCanter_Daimler_Truck.jpg\",\"keywords\":[\"Daimler Truck\",\"eLkw\",\"Fuso eCanter\"],\"articleSection\":[\"E-Antrieb (BEV\\\/FCEV)\",\"Neue Fahrzeuge\"],\"inLanguage\":\"de\"},{\"@type\":\"WebPage\",\"@id\":\"https:\\\/\\\/www.krafthand.de\\\/truck\\\/artikel\\\/300-fuso-ecanter-ausgeliefert-30027\\\/\",\"url\":\"https:\\\/\\\/www.krafthand.de\\\/truck\\\/artikel\\\/300-fuso-ecanter-ausgeliefert-30027\\\/\",\"name\":\"300 FUSO eCanter ausgeliefert - Krafthand-Truck\",\"isPartOf\":{\"@id\":\"https:\\\/\\\/www.krafthand.de\\\/truck\\\/#website\"},\"primaryImageOfPage\":{\"@id\":\"https:\\\/\\\/www.krafthand.de\\\/truck\\\/artikel\\\/300-fuso-ecanter-ausgeliefert-30027\\\/#primaryimage\"},\"image\":{\"@id\":\"https:\\\/\\\/www.krafthand.de\\\/truck\\\/artikel\\\/300-fuso-ecanter-ausgeliefert-30027\\\/#primaryimage\"},\"thumbnailUrl\":\"https:\\\/\\\/static.krafthand-truck.de\\\/uploads\\\/2021\\\/11\\\/Fuso_eCanter_Daimler_Truck.jpg\",\"datePublished\":\"2021-11-15T08:17:43+00:00\",\"dateModified\":\"2021-11-26T14:00:10+00:00\",\"author\":{\"@id\":\"https:\\\/\\\/www.krafthand.de\\\/truck\\\/#\\\/schema\\\/person\\\/51fa80b1c57034c4bf63f9f988fc24ce\"},\"breadcrumb\":{\"@id\":\"https:\\\/\\\/www.krafthand.de\\\/truck\\\/artikel\\\/300-fuso-ecanter-ausgeliefert-30027\\\/#breadcrumb\"},\"inLanguage\":\"de\",\"potentialAction\":[{\"@type\":\"ReadAction\",\"target\":[\"https:\\\/\\\/www.krafthand.de\\\/truck\\\/artikel\\\/300-fuso-ecanter-ausgeliefert-30027\\\/\"]}]},{\"@type\":\"ImageObject\",\"inLanguage\":\"de\",\"@id\":\"https:\\\/\\\/www.krafthand.de\\\/truck\\\/artikel\\\/300-fuso-ecanter-ausgeliefert-30027\\\/#primaryimage\",\"url\":\"https:\\\/\\\/static.krafthand-truck.de\\\/uploads\\\/2021\\\/11\\\/Fuso_eCanter_Daimler_Truck.jpg\",\"contentUrl\":\"https:\\\/\\\/static.krafthand-truck.de\\\/uploads\\\/2021\\\/11\\\/Fuso_eCanter_Daimler_Truck.jpg\",\"width\":1200,\"height\":732},{\"@type\":\"BreadcrumbList\",\"@id\":\"https:\\\/\\\/www.krafthand.de\\\/truck\\\/artikel\\\/300-fuso-ecanter-ausgeliefert-30027\\\/#breadcrumb\",\"itemListElement\":[{\"@type\":\"ListItem\",\"position\":1,\"name\":\"Krafthand-Truck\",\"item\":\"https:\\\/\\\/www.krafthand.de\\\/truck\\\/\"},{\"@type\":\"ListItem\",\"position\":2,\"name\":\"Nfz-Technik\",\"item\":\"https:\\\/\\\/www.krafthand.de\\\/truck\\\/kategorie\\\/nfz-technik\\\/\"},{\"@type\":\"ListItem\",\"position\":3,\"name\":\"E-Antrieb (BEV\\\/FCEV)\",\"item\":\"https:\\\/\\\/www.krafthand.de\\\/truck\\\/kategorie\\\/nfz-technik\\\/e-antrieb\\\/\"},{\"@type\":\"ListItem\",\"position\":4,\"name\":\"300 FUSO eCanter ausgeliefert\"}]},{\"@type\":\"WebSite\",\"@id\":\"https:\\\/\\\/www.krafthand.de\\\/truck\\\/#website\",\"url\":\"https:\\\/\\\/www.krafthand.de\\\/truck\\\/\",\"name\":\"Krafthand-Truck\",\"description\":\"\",\"potentialAction\":[{\"@type\":\"SearchAction\",\"target\":{\"@type\":\"EntryPoint\",\"urlTemplate\":\"https:\\\/\\\/www.krafthand.de\\\/truck\\\/?s={search_term_string}\"},\"query-input\":{\"@type\":\"PropertyValueSpecification\",\"valueRequired\":true,\"valueName\":\"search_term_string\"}}],\"inLanguage\":\"de\"},{\"@type\":\"Person\",\"@id\":\"https:\\\/\\\/www.krafthand.de\\\/truck\\\/#\\\/schema\\\/person\\\/51fa80b1c57034c4bf63f9f988fc24ce\",\"name\":\"georg.blenk@krafthand-medien.de\",\"image\":{\"@type\":\"ImageObject\",\"inLanguage\":\"de\",\"@id\":\"https:\\\/\\\/secure.gravatar.com\\\/avatar\\\/93713c30affe0aa95d3a4130e499bb1abee2eb31adbdd9ce2aa1543538490215?s=96&d=mm&r=g\",\"url\":\"https:\\\/\\\/secure.gravatar.com\\\/avatar\\\/93713c30affe0aa95d3a4130e499bb1abee2eb31adbdd9ce2aa1543538490215?s=96&d=mm&r=g\",\"contentUrl\":\"https:\\\/\\\/secure.gravatar.com\\\/avatar\\\/93713c30affe0aa95d3a4130e499bb1abee2eb31adbdd9ce2aa1543538490215?s=96&d=mm&r=g\",\"caption\":\"georg.blenk@krafthand-medien.de\"}}]}<\/script>\n<!-- \/ Yoast SEO plugin. -->","yoast_head_json":{"title":"300 FUSO eCanter ausgeliefert - Krafthand-Truck","robots":{"index":"index","follow":"follow","max-snippet":"max-snippet:-1","max-image-preview":"max-image-preview:large","max-video-preview":"max-video-preview:-1"},"canonical":"https:\/\/www.krafthand.de\/truck\/artikel\/300-fuso-ecanter-ausgeliefert-30027\/","og_locale":"de_DE","og_type":"article","og_title":"300 FUSO eCanter ausgeliefert - Krafthand-Truck","og_description":"Die weltweiten Kundenauslieferungen des vollelektrischen Leicht-Lkw FUSO eCanter haben laut Daimler Truck\u00a0 die Marke von 300 Fahrzeugen aus der Kleinserienproduktion \u00fcberschritten. Weitere Auslieferungen sollen laut Daimler Truck sukzessive folgen. ... weiter","og_url":"https:\/\/www.krafthand-truck.de\/artikel\/300-fuso-ecanter-ausgeliefert-30027\/","og_site_name":"Krafthand-Truck","article_published_time":"2021-11-15T08:17:43+00:00","article_modified_time":"2021-11-26T14:00:10+00:00","og_image":[{"width":1200,"height":732,"url":"https:\/\/www.krafthand.de\/truck\/wp-content\/uploads\/2021\/11\/Fuso_eCanter_Daimler_Truck.jpg","type":"image\/jpeg"}],"author":"georg.blenk@krafthand-medien.de","twitter_card":"summary_large_image","twitter_misc":{"Verfasst von":"georg.blenk@krafthand-medien.de","Gesch\u00e4tzte Lesezeit":"1\u00a0Minute"},"schema":{"@context":"https:\/\/schema.org","@graph":[{"@type":"Article","@id":"https:\/\/www.krafthand.de\/truck\/artikel\/300-fuso-ecanter-ausgeliefert-30027\/#article","isPartOf":{"@id":"https:\/\/www.krafthand.de\/truck\/artikel\/300-fuso-ecanter-ausgeliefert-30027\/"},"author":{"name":"georg.blenk@krafthand-medien.de","@id":"https:\/\/www.krafthand.de\/truck\/#\/schema\/person\/51fa80b1c57034c4bf63f9f988fc24ce"},"headline":"300 FUSO eCanter ausgeliefert","datePublished":"2021-11-15T08:17:43+00:00","dateModified":"2021-11-26T14:00:10+00:00","mainEntityOfPage":{"@id":"https:\/\/www.krafthand.de\/truck\/artikel\/300-fuso-ecanter-ausgeliefert-30027\/"},"wordCount":155,"image":{"@id":"https:\/\/www.krafthand.de\/truck\/artikel\/300-fuso-ecanter-ausgeliefert-30027\/#primaryimage"},"thumbnailUrl":"https:\/\/static.krafthand-truck.de\/uploads\/2021\/11\/Fuso_eCanter_Daimler_Truck.jpg","keywords":["Daimler Truck","eLkw","Fuso eCanter"],"articleSection":["E-Antrieb (BEV\/FCEV)","Neue Fahrzeuge"],"inLanguage":"de"},{"@type":"WebPage","@id":"https:\/\/www.krafthand.de\/truck\/artikel\/300-fuso-ecanter-ausgeliefert-30027\/","url":"https:\/\/www.krafthand.de\/truck\/artikel\/300-fuso-ecanter-ausgeliefert-30027\/","name":"300 FUSO eCanter ausgeliefert - Krafthand-Truck","isPartOf":{"@id":"https:\/\/www.krafthand.de\/truck\/#website"},"primaryImageOfPage":{"@id":"https:\/\/www.krafthand.de\/truck\/artikel\/300-fuso-ecanter-ausgeliefert-30027\/#primaryimage"},"image":{"@id":"https:\/\/www.krafthand.de\/truck\/artikel\/300-fuso-ecanter-ausgeliefert-30027\/#primaryimage"},"thumbnailUrl":"https:\/\/static.krafthand-truck.de\/uploads\/2021\/11\/Fuso_eCanter_Daimler_Truck.jpg","datePublished":"2021-11-15T08:17:43+00:00","dateModified":"2021-11-26T14:00:10+00:00","author":{"@id":"https:\/\/www.krafthand.de\/truck\/#\/schema\/person\/51fa80b1c57034c4bf63f9f988fc24ce"},"breadcrumb":{"@id":"https:\/\/www.krafthand.de\/truck\/artikel\/300-fuso-ecanter-ausgeliefert-30027\/#breadcrumb"},"inLanguage":"de","potentialAction":[{"@type":"ReadAction","target":["https:\/\/www.krafthand.de\/truck\/artikel\/300-fuso-ecanter-ausgeliefert-30027\/"]}]},{"@type":"ImageObject","inLanguage":"de","@id":"https:\/\/www.krafthand.de\/truck\/artikel\/300-fuso-ecanter-ausgeliefert-30027\/#primaryimage","url":"https:\/\/static.krafthand-truck.de\/uploads\/2021\/11\/Fuso_eCanter_Daimler_Truck.jpg","contentUrl":"https:\/\/static.krafthand-truck.de\/uploads\/2021\/11\/Fuso_eCanter_Daimler_Truck.jpg","width":1200,"height":732},{"@type":"BreadcrumbList","@id":"https:\/\/www.krafthand.de\/truck\/artikel\/300-fuso-ecanter-ausgeliefert-30027\/#breadcrumb","itemListElement":[{"@type":"ListItem","position":1,"name":"Krafthand-Truck","item":"https:\/\/www.krafthand.de\/truck\/"},{"@type":"ListItem","position":2,"name":"Nfz-Technik","item":"https:\/\/www.krafthand.de\/truck\/kategorie\/nfz-technik\/"},{"@type":"ListItem","position":3,"name":"E-Antrieb (BEV\/FCEV)","item":"https:\/\/www.krafthand.de\/truck\/kategorie\/nfz-technik\/e-antrieb\/"},{"@type":"ListItem","position":4,"name":"300 FUSO eCanter ausgeliefert"}]},{"@type":"WebSite","@id":"https:\/\/www.krafthand.de\/truck\/#website","url":"https:\/\/www.krafthand.de\/truck\/","name":"Krafthand-Truck","description":"","potentialAction":[{"@type":"SearchAction","target":{"@type":"EntryPoint","urlTemplate":"https:\/\/www.krafthand.de\/truck\/?s={search_term_string}"},"query-input":{"@type":"PropertyValueSpecification","valueRequired":true,"valueName":"search_term_string"}}],"inLanguage":"de"},{"@type":"Person","@id":"https:\/\/www.krafthand.de\/truck\/#\/schema\/person\/51fa80b1c57034c4bf63f9f988fc24ce","name":"georg.blenk@krafthand-medien.de","image":{"@type":"ImageObject","inLanguage":"de","@id":"https:\/\/secure.gravatar.com\/avatar\/93713c30affe0aa95d3a4130e499bb1abee2eb31adbdd9ce2aa1543538490215?s=96&d=mm&r=g","url":"https:\/\/secure.gravatar.com\/avatar\/93713c30affe0aa95d3a4130e499bb1abee2eb31adbdd9ce2aa1543538490215?s=96&d=mm&r=g","contentUrl":"https:\/\/secure.gravatar.com\/avatar\/93713c30affe0aa95d3a4130e499bb1abee2eb31adbdd9ce2aa1543538490215?s=96&d=mm&r=g","caption":"georg.blenk@krafthand-medien.de"}}]}},"_links":{"self":[{"href":"https:\/\/www.krafthand.de\/truck\/wp-json\/wp\/v2\/posts\/30027","targetHints":{"allow":["GET"]}}],"collection":[{"href":"https:\/\/www.krafthand.de\/truck\/wp-json\/wp\/v2\/posts"}],"about":[{"href":"https:\/\/www.krafthand.de\/truck\/wp-json\/wp\/v2\/types\/post"}],"author":[{"embeddable":true,"href":"https:\/\/www.krafthand.de\/truck\/wp-json\/wp\/v2\/users\/9"}],"replies":[{"embeddable":true,"href":"https:\/\/www.krafthand.de\/truck\/wp-json\/wp\/v2\/comments?post=30027"}],"version-history":[{"count":4,"href":"https:\/\/www.krafthand.de\/truck\/wp-json\/wp\/v2\/posts\/30027\/revisions"}],"predecessor-version":[{"id":30032,"href":"https:\/\/www.krafthand.de\/truck\/wp-json\/wp\/v2\/posts\/30027\/revisions\/30032"}],"wp:featuredmedia":[{"embeddable":true,"href":"https:\/\/www.krafthand.de\/truck\/wp-json\/wp\/v2\/media\/30031"}],"wp:attachment":[{"href":"https:\/\/www.krafthand.de\/truck\/wp-json\/wp\/v2\/media?parent=30027"}],"wp:term":[{"taxonomy":"category","embeddable":true,"href":"https:\/\/www.krafthand.de\/truck\/wp-json\/wp\/v2\/categories?post=30027"},{"taxonomy":"post_tag","embeddable":true,"href":"https:\/\/www.krafthand.de\/truck\/wp-json\/wp\/v2\/tags?post=30027"},{"taxonomy":"settings","embeddable":true,"href":"https:\/\/www.krafthand.de\/truck\/wp-json\/wp\/v2\/settings?post=30027"}],"curies":[{"name":"wp","href":"https:\/\/api.w.org\/{rel}","templated":true}]}}