{"id":30011,"date":"2021-11-12T14:37:58","date_gmt":"2021-11-12T13:37:58","guid":{"rendered":"https:\/\/www.krafthand.de\/truck\/?p=30011"},"modified":"2021-11-15T22:39:46","modified_gmt":"2021-11-15T21:39:46","slug":"studie-ist-der-umstieg-auf-e-lkw-schon-heute-machbar","status":"publish","type":"post","link":"https:\/\/www.krafthand.de\/truck\/artikel\/studie-ist-der-umstieg-auf-e-lkw-schon-heute-machbar-30011\/","title":{"rendered":"Studie: Ist der Umstieg auf E-Lkw schon heute sinnvoll?"},"content":{"rendered":"<p>Mit einer aktuellen Machbarkeitsstudie im Rahmen des Projekts &#8218;ZeroEmissionDeliveries \u2013 Berlin&#8216; hat das <a href=\"https:\/\/www.isi.fraunhofer.de\/\" target=\"_blank\" rel=\"noopener\">Fraunhofer ISI<\/a> zusammen mit Partnern aus Forschung und Entwicklung, Automobilbau, Logistik, Energie- und Ladeinfrastruktur insgesamt 9.500 reale Lkw-Touren in Berlin und Umland ausgewertet. Konkret untersuchte das Projekt, ob diese Touren auch mit Batterie-Lkw realisierbar sind. F\u00fcr jedes Fahrzeug wurde der Energiebedarf anhand seines Einsatzprofils simuliert.<\/p>\n<p>Batterie-elektrische Lkw k\u00f6nnen zur Senkung der Treibhausgas-Emissionen im Verkehr sowie zur Erreichung der Klimaneutralit\u00e4t Deutschlands bis 2045 einen wichtigen Beitrag leisten. Ihre Einsatzf\u00e4higkeit wird allerdings laut ISI aufgrund begrenzter elektrischer Reichweiten und hoher Anschaffungskosten in der Logistikbranche regelm\u00e4\u00dfig diskutiert. Dabei g\u00e4be es gerade im Hinblick auf die Wirtschaftlichkeit und technische Umsetzbarkeit noch hohe Unsicherheiten und wenig Alltagserfahrungen.<\/p>\n<h3>Reichweiten schon heute ausreichend<\/h3>\n<p>Um hier mehr Klarheit zu schaffen, hat <a href=\"https:\/\/www.transportenvironment.org\/\" target=\"_blank\" rel=\"noopener\">Transport &amp; Environment (T&amp;E)<\/a> Deutschland das Projekt &#8218;ZeroEmissionDeliveries \u2013 Berlin&#8216; mit der REWE Gruppe und weiteren Partnern gestartet und das Fraunhofer ISI mit der Durchf\u00fchrung einer Machbarkeitsstudie beauftragt. Darin wurden 9.500 reale Touren von 224 schweren Lkw \u00fcber 12 Tonnen zul\u00e4ssigen Gesamtgewichts zu 543 Rewe-Filialen ausgewertet. F\u00fcr jedes Fahrzeug wurde der Energiebedarf anhand seines Einsatzprofils und inklusive Nebenaggregate simuliert. Das Ergebnis: Aktuelle Reichweiten von Batterie-Lkw oftmals schon heute ausreichend.<\/p>\n<blockquote><p>&#8222;Nach der Auswertung aller 9.500 Lkw-Touren zu \u00fcber 540 Logistik-Punkten steht fest: Die aktuell verf\u00fcgbaren Reichweiten von Batterie-Lkw reichen oft heute schon aus, um alle in der Studie analysierten st\u00e4dtischen Lkw-Touren und fast die H\u00e4lfte der betrachteten regionalen Touren mit E-Lkw zu schaffen. Mit einer optimierten Routenplanung und zus\u00e4tzlichem Zwischenladen ist das Potenzial sogar noch gr\u00f6\u00dfer. Bei schweren Lkw \u00fcber 26 Tonnen mit sehr langen Tagestouren bleibt die Elektrifizierung nach Stand des heutigen Fahrzeugangebots allerdings noch eine Herausforderung&#8220;, so Priv.-Doz. Dr. Patrick Pl\u00f6tz, Leiter der Machbarkeitsstudie am Fraunhofer ISI.<\/p><\/blockquote>\n<p>Sven Wallisch, Leiter Transportlogistik Region Ost der REWE Group, betont: \u00bbUrspr\u00fcnglich war eine rein theoretische Begleitung des Projektes geplant, jetzt gehen wir bereits aktiv in die Umsetzung. Verantwortung beginnt mit \u201eTun\u201c.&#8220;<\/p>\n<blockquote><p>&#8222;Die Ergebnisse unseres Kooperationsprojektes sprechen f\u00fcr sich: Die Elektrifizierung des G\u00fcterverkehrs ist m\u00f6glich und verspricht wirtschaftliche Vorteile f\u00fcr Unternehmen. Die n\u00e4chste Bundesregierung darf sich von Pseudol\u00f6sungen wie Biokraftstoffe, E-Fuels oder Gas-Lkw nicht ablenken lassen, denn das w\u00e4re eine Verschwendung von Zeit und Geld. Ein ambitioniertes E-Lkw-Programm geh\u00f6rt in den Koalitionsvertrag&#8220;, ergn\u00e4nzte Jekaterina Boening, Bereichsleiterin Energie, Klima, Kraftstoffe bei T&amp;E Deutschland.<\/p><\/blockquote>\n<h3>MAN begr\u00fc\u00dft Studienergebnisse<\/h3>\n<p><a href=\"https:\/\/www.man.eu\/de\/de\/homepage.html\" target=\"_blank\" rel=\"noopener\">MAN Truck &amp; Bus<\/a> beispielsweise, hat die Ergebnisse der Studie mit gro\u00dfem Interesse aufgenommen, da sie die eigenen Erfahrungen und Analysen best\u00e4tigten. \u201eEine wichtige Ableitung der Studie f\u00fcr unsere Kunden ist aus meiner Sicht, dass Flottenbetreiber die technisch machbaren Routen zeitnah elektrifizieren k\u00f6nnen und zus\u00e4tzlich der Umstieg von Diesel auf BEV f\u00fcr sie sogar heute schon in vielen F\u00e4llen wirtschaftliche Vorteile mit sich bringt&#8220;, kommentierte Michael Treier, Sales Truck Alternative Drives bei MAN Truck &amp; Bus, die Studienergebnisse. Treier hat selbst der an der Studie mitgewirkt.<\/p>\n<h3>Die Umstellung der Lkw-Flotte kann schon heute sinnvoll sein<\/h3>\n<p>Aufgrund der hohen Ersetzbarkeit und m\u00f6glicher Kostenvorteile lautet eine der Empfehlungen der Studie, dass Lkw-Betreiber bereits heute die Umstellung Ihrer Lkw-Flotte im st\u00e4dtischen und regionalen Lieferverkehr pr\u00fcfen sollten. Mit der aktuellen F\u00f6rderung von 80 Prozent der Mehrkosten f\u00fcr Fahrzeuge und Infrastruktur sowie aufgrund der steigenden CO2-Bepreisung von Dieselkraftstoff beziehungsweise einer entsprechenden CO2-abh\u00e4ngigen Maut k\u00f6nnten Lkw-Betreiber nicht nur Kosten sparen, sondern auch wertvolle Erfahrungen bei der anstehenden Umstellung auf emissionsfreie Lkw-Antriebe sammeln. Damit h\u00e4tten sie gegen\u00fcber anderen Flottenbetreibern einen Wissensvorsprung, der ihnen in Zukunft einen wichtigen Wettbewerbsvorteil verschaffen k\u00f6nnte.<\/p>\n<p>Die vollst\u00e4ndigen Studienergbnisse des Fraunhofer ISI stehen\u00a0<a href=\"https:\/\/www.krafthand.de\/truck\/wp-content\/uploads\/2021\/11\/ISI_Machbarkeitsstudie_Lieferverkehr_mit_Batterie-Lkw_Machbarkeit_2021.pdf\" target=\"_blank\" rel=\"noopener\">hier<\/a> bereit.<\/p>\n\r\n\t\t\t\t<div class=\"post-author\">\r\n\t\t\t\t\t<div class=\"khm-cp-author clearfix\">\r\n\t\t\t\t\t\t<div class=\"khm-cp-author__content\">\r\n\t\t\t\t\t\t\t\tKontakt zum Autor:<br \/>\r\n\t\t\t\t\t\t\t\t<strong>Georg Blenk<\/strong>, 08247 \/ 3007-45 |  <a href=\"mailto:georg.blenk@krafthand-medien.de\">georg.blenk@krafthand-medien.de<\/a>\r\n\t\t\t\t\t\t\t<div class=\"khm-cp-author__image\">\r\n\t\t\t\t\t\t<img src=\"https:\/\/static.krafthand-truck.de\/uploads\/2021\/01\/Blenk_6104-250x300-1-removebg-preview.png\" class=\"img-responsive\">\r\n\t\t\t\t\t<\/div>\r\n\t\t\t\t\t\t<\/div>\r\n\t\t\t\t\t<\/div>\r\n\t\t\t\t<\/div>\r\n\t\t\t\t","protected":false},"excerpt":{"rendered":"<p>Mit einer aktuellen Machbarkeitsstudie im Rahmen des Projekts &#8218;ZeroEmissionDeliveries \u2013 Berlin&#8216; hat das Fraunhofer ISI zusammen mit Partnern aus Forschung und Entwicklung, Automobilbau, Logistik, Energie- und Ladeinfrastruktur insgesamt 9.500 reale Lkw-Touren in Berlin und Umland ausgewertet. Das Ergebnis: Eine Umstellung auf E-Lkw kann sich schon jetzt lohnen. <span class=\"excerpt-more__dots\">&#8230;<\/span> <a class=\"excerpt-more__link\" href=\"https:\/\/www.krafthand.de\/truck\/artikel\/studie-ist-der-umstieg-auf-e-lkw-schon-heute-machbar-30011\/\" >weiter<\/a><\/p>\n","protected":false},"author":9,"featured_media":30015,"comment_status":"closed","ping_status":"closed","sticky":false,"template":"","format":"standard","meta":{"footnotes":""},"categories":[4224,4237],"tags":[4177,4854,4853,4852,152,4855,4857,4856,4858],"settings":[3524,4766,3523],"class_list":["post-30011","post","type-post","status-publish","format-standard","has-post-thumbnail","hentry","category-e-antrieb","category-studien","tag-e-lkw","tag-fraunhofer","tag-isi","tag-machbarkeitsstudie","tag-man","tag-michael-treier","tag-patrick-ploetz","tag-rewe","tag-sven-wallisch"],"yoast_head":"<!-- This site is optimized with the Yoast SEO plugin v27.3 - https:\/\/yoast.com\/product\/yoast-seo-wordpress\/ -->\n<title>Studie belegt Nutzen von E-Lkws I Fraunhofer ISI<\/title>\n<meta name=\"description\" content=\"Mit einer aktuellen Machbarkeitsstudie im Rahmen des Projekts &#039;ZeroEmissionDeliveries \u2013 Berlin&#039; hat das Fraunhofer ISI zusammen mit Partnern aus Forschung und Entwicklung, Automobilbau, Logistik, Energie- und Ladeinfrastruktur insgesamt 9.500 reale Lkw-Touren in Berlin und Umland ausgewertet. Das Ergebnis: Eine Umstellung auf E-Lkw kann sich schon jetzt lohnen.\" \/>\n<meta name=\"robots\" content=\"index, follow, max-snippet:-1, max-image-preview:large, max-video-preview:-1\" \/>\n<link rel=\"canonical\" href=\"https:\/\/www.krafthand.de\/truck\/artikel\/studie-ist-der-umstieg-auf-e-lkw-schon-heute-machbar-30011\/\" \/>\n<meta property=\"og:locale\" content=\"de_DE\" \/>\n<meta property=\"og:type\" content=\"article\" \/>\n<meta property=\"og:title\" content=\"Studie belegt Nutzen von E-Lkws I Fraunhofer ISI\" \/>\n<meta property=\"og:description\" content=\"Mit einer aktuellen Machbarkeitsstudie im Rahmen des Projekts &#039;ZeroEmissionDeliveries \u2013 Berlin&#039; hat das Fraunhofer ISI zusammen mit Partnern aus Forschung und Entwicklung, Automobilbau, Logistik, Energie- und Ladeinfrastruktur insgesamt 9.500 reale Lkw-Touren in Berlin und Umland ausgewertet. Das Ergebnis: Eine Umstellung auf E-Lkw kann sich schon jetzt lohnen.\" \/>\n<meta property=\"og:url\" content=\"https:\/\/www.krafthand-truck.de\/artikel\/studie-ist-der-umstieg-auf-e-lkw-schon-heute-machbar-30011\/\" \/>\n<meta property=\"og:site_name\" content=\"Krafthand-Truck\" \/>\n<meta property=\"article:published_time\" content=\"2021-11-12T13:37:58+00:00\" \/>\n<meta property=\"article:modified_time\" content=\"2021-11-15T21:39:46+00:00\" \/>\n<meta property=\"og:image\" content=\"https:\/\/www.krafthand.de\/truck\/wp-content\/uploads\/2021\/11\/man-etgm-etruck-charging_studie_e_lkw.jpg\" \/>\n\t<meta property=\"og:image:width\" content=\"1200\" \/>\n\t<meta property=\"og:image:height\" content=\"678\" \/>\n\t<meta property=\"og:image:type\" content=\"image\/jpeg\" \/>\n<meta name=\"author\" content=\"georg.blenk@krafthand-medien.de\" \/>\n<meta name=\"twitter:card\" content=\"summary_large_image\" \/>\n<meta name=\"twitter:label1\" content=\"Verfasst von\" \/>\n\t<meta name=\"twitter:data1\" content=\"georg.blenk@krafthand-medien.de\" \/>\n\t<meta name=\"twitter:label2\" content=\"Gesch\u00e4tzte Lesezeit\" \/>\n\t<meta name=\"twitter:data2\" content=\"3\u00a0Minuten\" \/>\n<script type=\"application\/ld+json\" class=\"yoast-schema-graph\">{\"@context\":\"https:\\\/\\\/schema.org\",\"@graph\":[{\"@type\":\"Article\",\"@id\":\"https:\\\/\\\/www.krafthand.de\\\/truck\\\/artikel\\\/studie-ist-der-umstieg-auf-e-lkw-schon-heute-machbar-30011\\\/#article\",\"isPartOf\":{\"@id\":\"https:\\\/\\\/www.krafthand.de\\\/truck\\\/artikel\\\/studie-ist-der-umstieg-auf-e-lkw-schon-heute-machbar-30011\\\/\"},\"author\":{\"name\":\"georg.blenk@krafthand-medien.de\",\"@id\":\"https:\\\/\\\/www.krafthand.de\\\/truck\\\/#\\\/schema\\\/person\\\/51fa80b1c57034c4bf63f9f988fc24ce\"},\"headline\":\"Studie: Ist der Umstieg auf E-Lkw schon heute sinnvoll?\",\"datePublished\":\"2021-11-12T13:37:58+00:00\",\"dateModified\":\"2021-11-15T21:39:46+00:00\",\"mainEntityOfPage\":{\"@id\":\"https:\\\/\\\/www.krafthand.de\\\/truck\\\/artikel\\\/studie-ist-der-umstieg-auf-e-lkw-schon-heute-machbar-30011\\\/\"},\"wordCount\":618,\"image\":{\"@id\":\"https:\\\/\\\/www.krafthand.de\\\/truck\\\/artikel\\\/studie-ist-der-umstieg-auf-e-lkw-schon-heute-machbar-30011\\\/#primaryimage\"},\"thumbnailUrl\":\"https:\\\/\\\/static.krafthand-truck.de\\\/uploads\\\/2021\\\/11\\\/man-etgm-etruck-charging_studie_e_lkw.jpg\",\"keywords\":[\"E-Lkw\",\"Fraunhofer\",\"ISI\",\"Machbarkeitsstudie\",\"MAN\",\"Michael Treier\",\"Patrick Pl\u00f6tz\",\"REWE\",\"Sven Wallisch\"],\"articleSection\":[\"E-Antrieb (BEV\\\/FCEV)\",\"Studien\\\/F+E\"],\"inLanguage\":\"de\"},{\"@type\":\"WebPage\",\"@id\":\"https:\\\/\\\/www.krafthand.de\\\/truck\\\/artikel\\\/studie-ist-der-umstieg-auf-e-lkw-schon-heute-machbar-30011\\\/\",\"url\":\"https:\\\/\\\/www.krafthand.de\\\/truck\\\/artikel\\\/studie-ist-der-umstieg-auf-e-lkw-schon-heute-machbar-30011\\\/\",\"name\":\"Studie belegt Nutzen von E-Lkws I Fraunhofer ISI\",\"isPartOf\":{\"@id\":\"https:\\\/\\\/www.krafthand.de\\\/truck\\\/#website\"},\"primaryImageOfPage\":{\"@id\":\"https:\\\/\\\/www.krafthand.de\\\/truck\\\/artikel\\\/studie-ist-der-umstieg-auf-e-lkw-schon-heute-machbar-30011\\\/#primaryimage\"},\"image\":{\"@id\":\"https:\\\/\\\/www.krafthand.de\\\/truck\\\/artikel\\\/studie-ist-der-umstieg-auf-e-lkw-schon-heute-machbar-30011\\\/#primaryimage\"},\"thumbnailUrl\":\"https:\\\/\\\/static.krafthand-truck.de\\\/uploads\\\/2021\\\/11\\\/man-etgm-etruck-charging_studie_e_lkw.jpg\",\"datePublished\":\"2021-11-12T13:37:58+00:00\",\"dateModified\":\"2021-11-15T21:39:46+00:00\",\"author\":{\"@id\":\"https:\\\/\\\/www.krafthand.de\\\/truck\\\/#\\\/schema\\\/person\\\/51fa80b1c57034c4bf63f9f988fc24ce\"},\"description\":\"Mit einer aktuellen Machbarkeitsstudie im Rahmen des Projekts 'ZeroEmissionDeliveries \u2013 Berlin' hat das Fraunhofer ISI zusammen mit Partnern aus Forschung und Entwicklung, Automobilbau, Logistik, Energie- und Ladeinfrastruktur insgesamt 9.500 reale Lkw-Touren in Berlin und Umland ausgewertet. Das Ergebnis: Eine Umstellung auf E-Lkw kann sich schon jetzt lohnen.\",\"breadcrumb\":{\"@id\":\"https:\\\/\\\/www.krafthand.de\\\/truck\\\/artikel\\\/studie-ist-der-umstieg-auf-e-lkw-schon-heute-machbar-30011\\\/#breadcrumb\"},\"inLanguage\":\"de\",\"potentialAction\":[{\"@type\":\"ReadAction\",\"target\":[\"https:\\\/\\\/www.krafthand.de\\\/truck\\\/artikel\\\/studie-ist-der-umstieg-auf-e-lkw-schon-heute-machbar-30011\\\/\"]}]},{\"@type\":\"ImageObject\",\"inLanguage\":\"de\",\"@id\":\"https:\\\/\\\/www.krafthand.de\\\/truck\\\/artikel\\\/studie-ist-der-umstieg-auf-e-lkw-schon-heute-machbar-30011\\\/#primaryimage\",\"url\":\"https:\\\/\\\/static.krafthand-truck.de\\\/uploads\\\/2021\\\/11\\\/man-etgm-etruck-charging_studie_e_lkw.jpg\",\"contentUrl\":\"https:\\\/\\\/static.krafthand-truck.de\\\/uploads\\\/2021\\\/11\\\/man-etgm-etruck-charging_studie_e_lkw.jpg\",\"width\":1200,\"height\":678},{\"@type\":\"BreadcrumbList\",\"@id\":\"https:\\\/\\\/www.krafthand.de\\\/truck\\\/artikel\\\/studie-ist-der-umstieg-auf-e-lkw-schon-heute-machbar-30011\\\/#breadcrumb\",\"itemListElement\":[{\"@type\":\"ListItem\",\"position\":1,\"name\":\"Krafthand-Truck\",\"item\":\"https:\\\/\\\/www.krafthand.de\\\/truck\\\/\"},{\"@type\":\"ListItem\",\"position\":2,\"name\":\"Nfz-Branche\",\"item\":\"https:\\\/\\\/www.krafthand.de\\\/truck\\\/kategorie\\\/branche\\\/\"},{\"@type\":\"ListItem\",\"position\":3,\"name\":\"Studien\\\/F+E\",\"item\":\"https:\\\/\\\/www.krafthand.de\\\/truck\\\/kategorie\\\/branche\\\/studien\\\/\"},{\"@type\":\"ListItem\",\"position\":4,\"name\":\"Studie: Ist der Umstieg auf E-Lkw schon heute sinnvoll?\"}]},{\"@type\":\"WebSite\",\"@id\":\"https:\\\/\\\/www.krafthand.de\\\/truck\\\/#website\",\"url\":\"https:\\\/\\\/www.krafthand.de\\\/truck\\\/\",\"name\":\"Krafthand-Truck\",\"description\":\"\",\"potentialAction\":[{\"@type\":\"SearchAction\",\"target\":{\"@type\":\"EntryPoint\",\"urlTemplate\":\"https:\\\/\\\/www.krafthand.de\\\/truck\\\/?s={search_term_string}\"},\"query-input\":{\"@type\":\"PropertyValueSpecification\",\"valueRequired\":true,\"valueName\":\"search_term_string\"}}],\"inLanguage\":\"de\"},{\"@type\":\"Person\",\"@id\":\"https:\\\/\\\/www.krafthand.de\\\/truck\\\/#\\\/schema\\\/person\\\/51fa80b1c57034c4bf63f9f988fc24ce\",\"name\":\"georg.blenk@krafthand-medien.de\",\"image\":{\"@type\":\"ImageObject\",\"inLanguage\":\"de\",\"@id\":\"https:\\\/\\\/secure.gravatar.com\\\/avatar\\\/93713c30affe0aa95d3a4130e499bb1abee2eb31adbdd9ce2aa1543538490215?s=96&d=mm&r=g\",\"url\":\"https:\\\/\\\/secure.gravatar.com\\\/avatar\\\/93713c30affe0aa95d3a4130e499bb1abee2eb31adbdd9ce2aa1543538490215?s=96&d=mm&r=g\",\"contentUrl\":\"https:\\\/\\\/secure.gravatar.com\\\/avatar\\\/93713c30affe0aa95d3a4130e499bb1abee2eb31adbdd9ce2aa1543538490215?s=96&d=mm&r=g\",\"caption\":\"georg.blenk@krafthand-medien.de\"}}]}<\/script>\n<!-- \/ Yoast SEO plugin. -->","yoast_head_json":{"title":"Studie belegt Nutzen von E-Lkws I Fraunhofer ISI","description":"Mit einer aktuellen Machbarkeitsstudie im Rahmen des Projekts 'ZeroEmissionDeliveries \u2013 Berlin' hat das Fraunhofer ISI zusammen mit Partnern aus Forschung und Entwicklung, Automobilbau, Logistik, Energie- und Ladeinfrastruktur insgesamt 9.500 reale Lkw-Touren in Berlin und Umland ausgewertet. Das Ergebnis: Eine Umstellung auf E-Lkw kann sich schon jetzt lohnen.","robots":{"index":"index","follow":"follow","max-snippet":"max-snippet:-1","max-image-preview":"max-image-preview:large","max-video-preview":"max-video-preview:-1"},"canonical":"https:\/\/www.krafthand.de\/truck\/artikel\/studie-ist-der-umstieg-auf-e-lkw-schon-heute-machbar-30011\/","og_locale":"de_DE","og_type":"article","og_title":"Studie belegt Nutzen von E-Lkws I Fraunhofer ISI","og_description":"Mit einer aktuellen Machbarkeitsstudie im Rahmen des Projekts 'ZeroEmissionDeliveries \u2013 Berlin' hat das Fraunhofer ISI zusammen mit Partnern aus Forschung und Entwicklung, Automobilbau, Logistik, Energie- und Ladeinfrastruktur insgesamt 9.500 reale Lkw-Touren in Berlin und Umland ausgewertet. Das Ergebnis: Eine Umstellung auf E-Lkw kann sich schon jetzt lohnen.","og_url":"https:\/\/www.krafthand-truck.de\/artikel\/studie-ist-der-umstieg-auf-e-lkw-schon-heute-machbar-30011\/","og_site_name":"Krafthand-Truck","article_published_time":"2021-11-12T13:37:58+00:00","article_modified_time":"2021-11-15T21:39:46+00:00","og_image":[{"width":1200,"height":678,"url":"https:\/\/www.krafthand.de\/truck\/wp-content\/uploads\/2021\/11\/man-etgm-etruck-charging_studie_e_lkw.jpg","type":"image\/jpeg"}],"author":"georg.blenk@krafthand-medien.de","twitter_card":"summary_large_image","twitter_misc":{"Verfasst von":"georg.blenk@krafthand-medien.de","Gesch\u00e4tzte Lesezeit":"3\u00a0Minuten"},"schema":{"@context":"https:\/\/schema.org","@graph":[{"@type":"Article","@id":"https:\/\/www.krafthand.de\/truck\/artikel\/studie-ist-der-umstieg-auf-e-lkw-schon-heute-machbar-30011\/#article","isPartOf":{"@id":"https:\/\/www.krafthand.de\/truck\/artikel\/studie-ist-der-umstieg-auf-e-lkw-schon-heute-machbar-30011\/"},"author":{"name":"georg.blenk@krafthand-medien.de","@id":"https:\/\/www.krafthand.de\/truck\/#\/schema\/person\/51fa80b1c57034c4bf63f9f988fc24ce"},"headline":"Studie: Ist der Umstieg auf E-Lkw schon heute sinnvoll?","datePublished":"2021-11-12T13:37:58+00:00","dateModified":"2021-11-15T21:39:46+00:00","mainEntityOfPage":{"@id":"https:\/\/www.krafthand.de\/truck\/artikel\/studie-ist-der-umstieg-auf-e-lkw-schon-heute-machbar-30011\/"},"wordCount":618,"image":{"@id":"https:\/\/www.krafthand.de\/truck\/artikel\/studie-ist-der-umstieg-auf-e-lkw-schon-heute-machbar-30011\/#primaryimage"},"thumbnailUrl":"https:\/\/static.krafthand-truck.de\/uploads\/2021\/11\/man-etgm-etruck-charging_studie_e_lkw.jpg","keywords":["E-Lkw","Fraunhofer","ISI","Machbarkeitsstudie","MAN","Michael Treier","Patrick Pl\u00f6tz","REWE","Sven Wallisch"],"articleSection":["E-Antrieb (BEV\/FCEV)","Studien\/F+E"],"inLanguage":"de"},{"@type":"WebPage","@id":"https:\/\/www.krafthand.de\/truck\/artikel\/studie-ist-der-umstieg-auf-e-lkw-schon-heute-machbar-30011\/","url":"https:\/\/www.krafthand.de\/truck\/artikel\/studie-ist-der-umstieg-auf-e-lkw-schon-heute-machbar-30011\/","name":"Studie belegt Nutzen von E-Lkws I Fraunhofer ISI","isPartOf":{"@id":"https:\/\/www.krafthand.de\/truck\/#website"},"primaryImageOfPage":{"@id":"https:\/\/www.krafthand.de\/truck\/artikel\/studie-ist-der-umstieg-auf-e-lkw-schon-heute-machbar-30011\/#primaryimage"},"image":{"@id":"https:\/\/www.krafthand.de\/truck\/artikel\/studie-ist-der-umstieg-auf-e-lkw-schon-heute-machbar-30011\/#primaryimage"},"thumbnailUrl":"https:\/\/static.krafthand-truck.de\/uploads\/2021\/11\/man-etgm-etruck-charging_studie_e_lkw.jpg","datePublished":"2021-11-12T13:37:58+00:00","dateModified":"2021-11-15T21:39:46+00:00","author":{"@id":"https:\/\/www.krafthand.de\/truck\/#\/schema\/person\/51fa80b1c57034c4bf63f9f988fc24ce"},"description":"Mit einer aktuellen Machbarkeitsstudie im Rahmen des Projekts 'ZeroEmissionDeliveries \u2013 Berlin' hat das Fraunhofer ISI zusammen mit Partnern aus Forschung und Entwicklung, Automobilbau, Logistik, Energie- und Ladeinfrastruktur insgesamt 9.500 reale Lkw-Touren in Berlin und Umland ausgewertet. Das Ergebnis: Eine Umstellung auf E-Lkw kann sich schon jetzt lohnen.","breadcrumb":{"@id":"https:\/\/www.krafthand.de\/truck\/artikel\/studie-ist-der-umstieg-auf-e-lkw-schon-heute-machbar-30011\/#breadcrumb"},"inLanguage":"de","potentialAction":[{"@type":"ReadAction","target":["https:\/\/www.krafthand.de\/truck\/artikel\/studie-ist-der-umstieg-auf-e-lkw-schon-heute-machbar-30011\/"]}]},{"@type":"ImageObject","inLanguage":"de","@id":"https:\/\/www.krafthand.de\/truck\/artikel\/studie-ist-der-umstieg-auf-e-lkw-schon-heute-machbar-30011\/#primaryimage","url":"https:\/\/static.krafthand-truck.de\/uploads\/2021\/11\/man-etgm-etruck-charging_studie_e_lkw.jpg","contentUrl":"https:\/\/static.krafthand-truck.de\/uploads\/2021\/11\/man-etgm-etruck-charging_studie_e_lkw.jpg","width":1200,"height":678},{"@type":"BreadcrumbList","@id":"https:\/\/www.krafthand.de\/truck\/artikel\/studie-ist-der-umstieg-auf-e-lkw-schon-heute-machbar-30011\/#breadcrumb","itemListElement":[{"@type":"ListItem","position":1,"name":"Krafthand-Truck","item":"https:\/\/www.krafthand.de\/truck\/"},{"@type":"ListItem","position":2,"name":"Nfz-Branche","item":"https:\/\/www.krafthand.de\/truck\/kategorie\/branche\/"},{"@type":"ListItem","position":3,"name":"Studien\/F+E","item":"https:\/\/www.krafthand.de\/truck\/kategorie\/branche\/studien\/"},{"@type":"ListItem","position":4,"name":"Studie: Ist der Umstieg auf E-Lkw schon heute sinnvoll?"}]},{"@type":"WebSite","@id":"https:\/\/www.krafthand.de\/truck\/#website","url":"https:\/\/www.krafthand.de\/truck\/","name":"Krafthand-Truck","description":"","potentialAction":[{"@type":"SearchAction","target":{"@type":"EntryPoint","urlTemplate":"https:\/\/www.krafthand.de\/truck\/?s={search_term_string}"},"query-input":{"@type":"PropertyValueSpecification","valueRequired":true,"valueName":"search_term_string"}}],"inLanguage":"de"},{"@type":"Person","@id":"https:\/\/www.krafthand.de\/truck\/#\/schema\/person\/51fa80b1c57034c4bf63f9f988fc24ce","name":"georg.blenk@krafthand-medien.de","image":{"@type":"ImageObject","inLanguage":"de","@id":"https:\/\/secure.gravatar.com\/avatar\/93713c30affe0aa95d3a4130e499bb1abee2eb31adbdd9ce2aa1543538490215?s=96&d=mm&r=g","url":"https:\/\/secure.gravatar.com\/avatar\/93713c30affe0aa95d3a4130e499bb1abee2eb31adbdd9ce2aa1543538490215?s=96&d=mm&r=g","contentUrl":"https:\/\/secure.gravatar.com\/avatar\/93713c30affe0aa95d3a4130e499bb1abee2eb31adbdd9ce2aa1543538490215?s=96&d=mm&r=g","caption":"georg.blenk@krafthand-medien.de"}}]}},"_links":{"self":[{"href":"https:\/\/www.krafthand.de\/truck\/wp-json\/wp\/v2\/posts\/30011","targetHints":{"allow":["GET"]}}],"collection":[{"href":"https:\/\/www.krafthand.de\/truck\/wp-json\/wp\/v2\/posts"}],"about":[{"href":"https:\/\/www.krafthand.de\/truck\/wp-json\/wp\/v2\/types\/post"}],"author":[{"embeddable":true,"href":"https:\/\/www.krafthand.de\/truck\/wp-json\/wp\/v2\/users\/9"}],"replies":[{"embeddable":true,"href":"https:\/\/www.krafthand.de\/truck\/wp-json\/wp\/v2\/comments?post=30011"}],"version-history":[{"count":10,"href":"https:\/\/www.krafthand.de\/truck\/wp-json\/wp\/v2\/posts\/30011\/revisions"}],"predecessor-version":[{"id":30048,"href":"https:\/\/www.krafthand.de\/truck\/wp-json\/wp\/v2\/posts\/30011\/revisions\/30048"}],"wp:featuredmedia":[{"embeddable":true,"href":"https:\/\/www.krafthand.de\/truck\/wp-json\/wp\/v2\/media\/30015"}],"wp:attachment":[{"href":"https:\/\/www.krafthand.de\/truck\/wp-json\/wp\/v2\/media?parent=30011"}],"wp:term":[{"taxonomy":"category","embeddable":true,"href":"https:\/\/www.krafthand.de\/truck\/wp-json\/wp\/v2\/categories?post=30011"},{"taxonomy":"post_tag","embeddable":true,"href":"https:\/\/www.krafthand.de\/truck\/wp-json\/wp\/v2\/tags?post=30011"},{"taxonomy":"settings","embeddable":true,"href":"https:\/\/www.krafthand.de\/truck\/wp-json\/wp\/v2\/settings?post=30011"}],"curies":[{"name":"wp","href":"https:\/\/api.w.org\/{rel}","templated":true}]}}