{"id":30004,"date":"2021-11-12T13:18:09","date_gmt":"2021-11-12T12:18:09","guid":{"rendered":"https:\/\/www.krafthand.de\/truck\/?p=30004"},"modified":"2021-11-12T13:24:44","modified_gmt":"2021-11-12T12:24:44","slug":"koegel-und-geschaeftsfuehrer-massimo-dodoni-gehen-getrennte-wege","status":"publish","type":"post","link":"https:\/\/www.krafthand.de\/truck\/artikel\/koegel-und-geschaeftsfuehrer-massimo-dodoni-gehen-getrennte-wege-30004\/","title":{"rendered":"K\u00f6gel und Massimo Dodoni gehen getrennte Wege"},"content":{"rendered":"<p>Der Trailer-Hersteller <a href=\"https:\/\/www.koegel.com\/\" target=\"_blank\" rel=\"noopener\">K\u00f6gel<\/a> vermeldet das Ausscheiden von Massimo Dodoni. Dodoni hat zuletzt als Gesch\u00e4ftsf\u00fchrer Aftermarket, Gebrauchtfahrzeuge, Telematik, Finance-Full-Service, vor allem das Aftermarket-Gesch\u00e4ft von K\u00f6gel und das Angebot an Mehrwertdiensten verantwortet.<\/p>\n<blockquote><p>\u201eWir bedanken uns sehr herzlich bei Massimo Dodoni f\u00fcr seine loyale Mitarbeit w\u00e4hrend der vergangenen acht Jahre und w\u00fcnschen ihm f\u00fcr seinen weiteren Berufsweg alles erdenklich Gute und weiterhin viel Erfolg!\u201c, erkl\u00e4rt Ulrich Humbaur, Inhaber von K\u00f6gel.<\/p>\n<p>\u201eNach einer spannenden und erfolgreichen Zeit bei K\u00f6gel ist es f\u00fcr mich an der Zeit, beruflich neue Wege zu gehen. Daher stehe ich K\u00f6gel ab sofort nicht mehr als Gesch\u00e4ftsf\u00fchrer zur Verf\u00fcgung. Ich bedanke mich bei den Kunden, Partnern und Mitarbeitern von K\u00f6gel f\u00fcr das entgegengebrachte gro\u00dfe Vertrauen\u201c, sagt Massimo Dodoni.<\/p><\/blockquote>\n<p>Massimo Dodoni hat laut K\u00f6gel seine Expertise in der Trailerbranche und insbesondere im Bereich Service und Aftermarket zum Vorteil\u00a0 des Unternehmens eingesetzt und dazu beigetragen, dass das Unternehmen f\u00fcr die Zukunft sicher aufgestellt ist. So ist K\u00f6gel in vielen europ\u00e4ischen L\u00e4ndern mit einer leistungsf\u00e4higen Struktur vertreten. Ein breites Angebot an Mehrwertdiensten decke auch anspruchsvollste Kundenbed\u00fcrfnisse ab. Die Aufgaben von Massimo Dodoni gehen auf den Vorsitzenden der Gesch\u00e4ftsf\u00fchrung, Christian Renners \u00fcber.<\/p>\n","protected":false},"excerpt":{"rendered":"<p>Der Trailer-Hersteller K\u00f6gel vermeldet das Ausscheiden von Gesch\u00e4ftsf\u00fchrer Massimo Dodoni. Dodoni hat zuletzt als Gesch\u00e4ftsf\u00fchrer Aftermarket, Gebrauchtfahrzeuge, Telematik, Finance-Full-Service, vor allem das Aftermarket-Gesch\u00e4ft von K\u00f6gel und das Angebot an Mehrwertdiensten verantwortet. <span class=\"excerpt-more__dots\">&#8230;<\/span> <a class=\"excerpt-more__link\" href=\"https:\/\/www.krafthand.de\/truck\/artikel\/koegel-und-geschaeftsfuehrer-massimo-dodoni-gehen-getrennte-wege-30004\/\" >weiter<\/a><\/p>\n","protected":false},"author":9,"featured_media":30007,"comment_status":"closed","ping_status":"closed","sticky":false,"template":"","format":"standard","meta":{"footnotes":""},"categories":[4238],"tags":[4851,202,1195,4850],"settings":[4766],"class_list":["post-30004","post","type-post","status-publish","format-standard","has-post-thumbnail","hentry","category-koepfe","tag-christian-renners","tag-koegel","tag-massimo-dodoni","tag-ulrich-humbaur"],"yoast_head":"<!-- This site is optimized with the Yoast SEO plugin v27.3 - https:\/\/yoast.com\/product\/yoast-seo-wordpress\/ -->\n<title>Massimo Dodoni verl\u00e4sst K\u00f6gel<\/title>\n<meta name=\"description\" content=\"Der Trailer-Hersteller K\u00f6gel vermeldet das Ausscheiden von Gesch\u00e4ftsf\u00fchrer Massimo Dodoni. Dodoni hat zuletzt als Gesch\u00e4ftsf\u00fchrer Aftermarket, Gebrauchtfahrzeuge, Telematik, Finance-Full-Service, vor allem das Aftermarket-Gesch\u00e4ft von K\u00f6gel und das Angebot an Mehrwertdiensten verantwortet.\" \/>\n<meta name=\"robots\" content=\"index, follow, max-snippet:-1, max-image-preview:large, max-video-preview:-1\" \/>\n<link rel=\"canonical\" href=\"https:\/\/www.krafthand.de\/truck\/artikel\/koegel-und-geschaeftsfuehrer-massimo-dodoni-gehen-getrennte-wege-30004\/\" \/>\n<meta property=\"og:locale\" content=\"de_DE\" \/>\n<meta property=\"og:type\" content=\"article\" \/>\n<meta property=\"og:title\" content=\"Massimo Dodoni verl\u00e4sst K\u00f6gel\" \/>\n<meta property=\"og:description\" content=\"Der Trailer-Hersteller K\u00f6gel vermeldet das Ausscheiden von Gesch\u00e4ftsf\u00fchrer Massimo Dodoni. Dodoni hat zuletzt als Gesch\u00e4ftsf\u00fchrer Aftermarket, Gebrauchtfahrzeuge, Telematik, Finance-Full-Service, vor allem das Aftermarket-Gesch\u00e4ft von K\u00f6gel und das Angebot an Mehrwertdiensten verantwortet.\" \/>\n<meta property=\"og:url\" content=\"https:\/\/www.krafthand-truck.de\/artikel\/koegel-und-geschaeftsfuehrer-massimo-dodoni-gehen-getrennte-wege-30004\/\" \/>\n<meta property=\"og:site_name\" content=\"Krafthand-Truck\" \/>\n<meta property=\"article:published_time\" content=\"2021-11-12T12:18:09+00:00\" \/>\n<meta property=\"article:modified_time\" content=\"2021-11-12T12:24:44+00:00\" \/>\n<meta property=\"og:image\" content=\"https:\/\/www.krafthand.de\/truck\/wp-content\/uploads\/2021\/11\/Koegel_Dodoni_Massimo.jpg\" \/>\n\t<meta property=\"og:image:width\" content=\"635\" \/>\n\t<meta property=\"og:image:height\" content=\"850\" \/>\n\t<meta property=\"og:image:type\" content=\"image\/jpeg\" \/>\n<meta name=\"author\" content=\"georg.blenk@krafthand-medien.de\" \/>\n<meta name=\"twitter:card\" content=\"summary_large_image\" \/>\n<meta name=\"twitter:label1\" content=\"Verfasst von\" \/>\n\t<meta name=\"twitter:data1\" content=\"georg.blenk@krafthand-medien.de\" \/>\n\t<meta name=\"twitter:label2\" content=\"Gesch\u00e4tzte Lesezeit\" \/>\n\t<meta name=\"twitter:data2\" content=\"1\u00a0Minute\" \/>\n<script type=\"application\/ld+json\" class=\"yoast-schema-graph\">{\"@context\":\"https:\\\/\\\/schema.org\",\"@graph\":[{\"@type\":\"Article\",\"@id\":\"https:\\\/\\\/www.krafthand.de\\\/truck\\\/artikel\\\/koegel-und-geschaeftsfuehrer-massimo-dodoni-gehen-getrennte-wege-30004\\\/#article\",\"isPartOf\":{\"@id\":\"https:\\\/\\\/www.krafthand.de\\\/truck\\\/artikel\\\/koegel-und-geschaeftsfuehrer-massimo-dodoni-gehen-getrennte-wege-30004\\\/\"},\"author\":{\"name\":\"georg.blenk@krafthand-medien.de\",\"@id\":\"https:\\\/\\\/www.krafthand.de\\\/truck\\\/#\\\/schema\\\/person\\\/51fa80b1c57034c4bf63f9f988fc24ce\"},\"headline\":\"K\u00f6gel und Massimo Dodoni gehen getrennte Wege\",\"datePublished\":\"2021-11-12T12:18:09+00:00\",\"dateModified\":\"2021-11-12T12:24:44+00:00\",\"mainEntityOfPage\":{\"@id\":\"https:\\\/\\\/www.krafthand.de\\\/truck\\\/artikel\\\/koegel-und-geschaeftsfuehrer-massimo-dodoni-gehen-getrennte-wege-30004\\\/\"},\"wordCount\":225,\"image\":{\"@id\":\"https:\\\/\\\/www.krafthand.de\\\/truck\\\/artikel\\\/koegel-und-geschaeftsfuehrer-massimo-dodoni-gehen-getrennte-wege-30004\\\/#primaryimage\"},\"thumbnailUrl\":\"https:\\\/\\\/static.krafthand-truck.de\\\/uploads\\\/2021\\\/11\\\/Koegel_Dodoni_Massimo.jpg\",\"keywords\":[\"Christian Renners\",\"K\u00f6gel\",\"Massimo Dodoni\",\"Ulrich Humbaur\"],\"articleSection\":[\"K\u00f6pfe\\\/Personen\"],\"inLanguage\":\"de\"},{\"@type\":\"WebPage\",\"@id\":\"https:\\\/\\\/www.krafthand.de\\\/truck\\\/artikel\\\/koegel-und-geschaeftsfuehrer-massimo-dodoni-gehen-getrennte-wege-30004\\\/\",\"url\":\"https:\\\/\\\/www.krafthand.de\\\/truck\\\/artikel\\\/koegel-und-geschaeftsfuehrer-massimo-dodoni-gehen-getrennte-wege-30004\\\/\",\"name\":\"Massimo Dodoni verl\u00e4sst K\u00f6gel\",\"isPartOf\":{\"@id\":\"https:\\\/\\\/www.krafthand.de\\\/truck\\\/#website\"},\"primaryImageOfPage\":{\"@id\":\"https:\\\/\\\/www.krafthand.de\\\/truck\\\/artikel\\\/koegel-und-geschaeftsfuehrer-massimo-dodoni-gehen-getrennte-wege-30004\\\/#primaryimage\"},\"image\":{\"@id\":\"https:\\\/\\\/www.krafthand.de\\\/truck\\\/artikel\\\/koegel-und-geschaeftsfuehrer-massimo-dodoni-gehen-getrennte-wege-30004\\\/#primaryimage\"},\"thumbnailUrl\":\"https:\\\/\\\/static.krafthand-truck.de\\\/uploads\\\/2021\\\/11\\\/Koegel_Dodoni_Massimo.jpg\",\"datePublished\":\"2021-11-12T12:18:09+00:00\",\"dateModified\":\"2021-11-12T12:24:44+00:00\",\"author\":{\"@id\":\"https:\\\/\\\/www.krafthand.de\\\/truck\\\/#\\\/schema\\\/person\\\/51fa80b1c57034c4bf63f9f988fc24ce\"},\"description\":\"Der Trailer-Hersteller K\u00f6gel vermeldet das Ausscheiden von Gesch\u00e4ftsf\u00fchrer Massimo Dodoni. Dodoni hat zuletzt als Gesch\u00e4ftsf\u00fchrer Aftermarket, Gebrauchtfahrzeuge, Telematik, Finance-Full-Service, vor allem das Aftermarket-Gesch\u00e4ft von K\u00f6gel und das Angebot an Mehrwertdiensten verantwortet.\",\"breadcrumb\":{\"@id\":\"https:\\\/\\\/www.krafthand.de\\\/truck\\\/artikel\\\/koegel-und-geschaeftsfuehrer-massimo-dodoni-gehen-getrennte-wege-30004\\\/#breadcrumb\"},\"inLanguage\":\"de\",\"potentialAction\":[{\"@type\":\"ReadAction\",\"target\":[\"https:\\\/\\\/www.krafthand.de\\\/truck\\\/artikel\\\/koegel-und-geschaeftsfuehrer-massimo-dodoni-gehen-getrennte-wege-30004\\\/\"]}]},{\"@type\":\"ImageObject\",\"inLanguage\":\"de\",\"@id\":\"https:\\\/\\\/www.krafthand.de\\\/truck\\\/artikel\\\/koegel-und-geschaeftsfuehrer-massimo-dodoni-gehen-getrennte-wege-30004\\\/#primaryimage\",\"url\":\"https:\\\/\\\/static.krafthand-truck.de\\\/uploads\\\/2021\\\/11\\\/Koegel_Dodoni_Massimo.jpg\",\"contentUrl\":\"https:\\\/\\\/static.krafthand-truck.de\\\/uploads\\\/2021\\\/11\\\/Koegel_Dodoni_Massimo.jpg\",\"width\":635,\"height\":850},{\"@type\":\"BreadcrumbList\",\"@id\":\"https:\\\/\\\/www.krafthand.de\\\/truck\\\/artikel\\\/koegel-und-geschaeftsfuehrer-massimo-dodoni-gehen-getrennte-wege-30004\\\/#breadcrumb\",\"itemListElement\":[{\"@type\":\"ListItem\",\"position\":1,\"name\":\"Krafthand-Truck\",\"item\":\"https:\\\/\\\/www.krafthand.de\\\/truck\\\/\"},{\"@type\":\"ListItem\",\"position\":2,\"name\":\"Nfz-Branche\",\"item\":\"https:\\\/\\\/www.krafthand.de\\\/truck\\\/kategorie\\\/branche\\\/\"},{\"@type\":\"ListItem\",\"position\":3,\"name\":\"K\u00f6pfe\\\/Personen\",\"item\":\"https:\\\/\\\/www.krafthand.de\\\/truck\\\/kategorie\\\/branche\\\/koepfe\\\/\"},{\"@type\":\"ListItem\",\"position\":4,\"name\":\"K\u00f6gel und Massimo Dodoni gehen getrennte Wege\"}]},{\"@type\":\"WebSite\",\"@id\":\"https:\\\/\\\/www.krafthand.de\\\/truck\\\/#website\",\"url\":\"https:\\\/\\\/www.krafthand.de\\\/truck\\\/\",\"name\":\"Krafthand-Truck\",\"description\":\"\",\"potentialAction\":[{\"@type\":\"SearchAction\",\"target\":{\"@type\":\"EntryPoint\",\"urlTemplate\":\"https:\\\/\\\/www.krafthand.de\\\/truck\\\/?s={search_term_string}\"},\"query-input\":{\"@type\":\"PropertyValueSpecification\",\"valueRequired\":true,\"valueName\":\"search_term_string\"}}],\"inLanguage\":\"de\"},{\"@type\":\"Person\",\"@id\":\"https:\\\/\\\/www.krafthand.de\\\/truck\\\/#\\\/schema\\\/person\\\/51fa80b1c57034c4bf63f9f988fc24ce\",\"name\":\"georg.blenk@krafthand-medien.de\",\"image\":{\"@type\":\"ImageObject\",\"inLanguage\":\"de\",\"@id\":\"https:\\\/\\\/secure.gravatar.com\\\/avatar\\\/93713c30affe0aa95d3a4130e499bb1abee2eb31adbdd9ce2aa1543538490215?s=96&d=mm&r=g\",\"url\":\"https:\\\/\\\/secure.gravatar.com\\\/avatar\\\/93713c30affe0aa95d3a4130e499bb1abee2eb31adbdd9ce2aa1543538490215?s=96&d=mm&r=g\",\"contentUrl\":\"https:\\\/\\\/secure.gravatar.com\\\/avatar\\\/93713c30affe0aa95d3a4130e499bb1abee2eb31adbdd9ce2aa1543538490215?s=96&d=mm&r=g\",\"caption\":\"georg.blenk@krafthand-medien.de\"}}]}<\/script>\n<!-- \/ Yoast SEO plugin. -->","yoast_head_json":{"title":"Massimo Dodoni verl\u00e4sst K\u00f6gel","description":"Der Trailer-Hersteller K\u00f6gel vermeldet das Ausscheiden von Gesch\u00e4ftsf\u00fchrer Massimo Dodoni. Dodoni hat zuletzt als Gesch\u00e4ftsf\u00fchrer Aftermarket, Gebrauchtfahrzeuge, Telematik, Finance-Full-Service, vor allem das Aftermarket-Gesch\u00e4ft von K\u00f6gel und das Angebot an Mehrwertdiensten verantwortet.","robots":{"index":"index","follow":"follow","max-snippet":"max-snippet:-1","max-image-preview":"max-image-preview:large","max-video-preview":"max-video-preview:-1"},"canonical":"https:\/\/www.krafthand.de\/truck\/artikel\/koegel-und-geschaeftsfuehrer-massimo-dodoni-gehen-getrennte-wege-30004\/","og_locale":"de_DE","og_type":"article","og_title":"Massimo Dodoni verl\u00e4sst K\u00f6gel","og_description":"Der Trailer-Hersteller K\u00f6gel vermeldet das Ausscheiden von Gesch\u00e4ftsf\u00fchrer Massimo Dodoni. Dodoni hat zuletzt als Gesch\u00e4ftsf\u00fchrer Aftermarket, Gebrauchtfahrzeuge, Telematik, Finance-Full-Service, vor allem das Aftermarket-Gesch\u00e4ft von K\u00f6gel und das Angebot an Mehrwertdiensten verantwortet.","og_url":"https:\/\/www.krafthand-truck.de\/artikel\/koegel-und-geschaeftsfuehrer-massimo-dodoni-gehen-getrennte-wege-30004\/","og_site_name":"Krafthand-Truck","article_published_time":"2021-11-12T12:18:09+00:00","article_modified_time":"2021-11-12T12:24:44+00:00","og_image":[{"width":635,"height":850,"url":"https:\/\/www.krafthand.de\/truck\/wp-content\/uploads\/2021\/11\/Koegel_Dodoni_Massimo.jpg","type":"image\/jpeg"}],"author":"georg.blenk@krafthand-medien.de","twitter_card":"summary_large_image","twitter_misc":{"Verfasst von":"georg.blenk@krafthand-medien.de","Gesch\u00e4tzte Lesezeit":"1\u00a0Minute"},"schema":{"@context":"https:\/\/schema.org","@graph":[{"@type":"Article","@id":"https:\/\/www.krafthand.de\/truck\/artikel\/koegel-und-geschaeftsfuehrer-massimo-dodoni-gehen-getrennte-wege-30004\/#article","isPartOf":{"@id":"https:\/\/www.krafthand.de\/truck\/artikel\/koegel-und-geschaeftsfuehrer-massimo-dodoni-gehen-getrennte-wege-30004\/"},"author":{"name":"georg.blenk@krafthand-medien.de","@id":"https:\/\/www.krafthand.de\/truck\/#\/schema\/person\/51fa80b1c57034c4bf63f9f988fc24ce"},"headline":"K\u00f6gel und Massimo Dodoni gehen getrennte Wege","datePublished":"2021-11-12T12:18:09+00:00","dateModified":"2021-11-12T12:24:44+00:00","mainEntityOfPage":{"@id":"https:\/\/www.krafthand.de\/truck\/artikel\/koegel-und-geschaeftsfuehrer-massimo-dodoni-gehen-getrennte-wege-30004\/"},"wordCount":225,"image":{"@id":"https:\/\/www.krafthand.de\/truck\/artikel\/koegel-und-geschaeftsfuehrer-massimo-dodoni-gehen-getrennte-wege-30004\/#primaryimage"},"thumbnailUrl":"https:\/\/static.krafthand-truck.de\/uploads\/2021\/11\/Koegel_Dodoni_Massimo.jpg","keywords":["Christian Renners","K\u00f6gel","Massimo Dodoni","Ulrich Humbaur"],"articleSection":["K\u00f6pfe\/Personen"],"inLanguage":"de"},{"@type":"WebPage","@id":"https:\/\/www.krafthand.de\/truck\/artikel\/koegel-und-geschaeftsfuehrer-massimo-dodoni-gehen-getrennte-wege-30004\/","url":"https:\/\/www.krafthand.de\/truck\/artikel\/koegel-und-geschaeftsfuehrer-massimo-dodoni-gehen-getrennte-wege-30004\/","name":"Massimo Dodoni verl\u00e4sst K\u00f6gel","isPartOf":{"@id":"https:\/\/www.krafthand.de\/truck\/#website"},"primaryImageOfPage":{"@id":"https:\/\/www.krafthand.de\/truck\/artikel\/koegel-und-geschaeftsfuehrer-massimo-dodoni-gehen-getrennte-wege-30004\/#primaryimage"},"image":{"@id":"https:\/\/www.krafthand.de\/truck\/artikel\/koegel-und-geschaeftsfuehrer-massimo-dodoni-gehen-getrennte-wege-30004\/#primaryimage"},"thumbnailUrl":"https:\/\/static.krafthand-truck.de\/uploads\/2021\/11\/Koegel_Dodoni_Massimo.jpg","datePublished":"2021-11-12T12:18:09+00:00","dateModified":"2021-11-12T12:24:44+00:00","author":{"@id":"https:\/\/www.krafthand.de\/truck\/#\/schema\/person\/51fa80b1c57034c4bf63f9f988fc24ce"},"description":"Der Trailer-Hersteller K\u00f6gel vermeldet das Ausscheiden von Gesch\u00e4ftsf\u00fchrer Massimo Dodoni. Dodoni hat zuletzt als Gesch\u00e4ftsf\u00fchrer Aftermarket, Gebrauchtfahrzeuge, Telematik, Finance-Full-Service, vor allem das Aftermarket-Gesch\u00e4ft von K\u00f6gel und das Angebot an Mehrwertdiensten verantwortet.","breadcrumb":{"@id":"https:\/\/www.krafthand.de\/truck\/artikel\/koegel-und-geschaeftsfuehrer-massimo-dodoni-gehen-getrennte-wege-30004\/#breadcrumb"},"inLanguage":"de","potentialAction":[{"@type":"ReadAction","target":["https:\/\/www.krafthand.de\/truck\/artikel\/koegel-und-geschaeftsfuehrer-massimo-dodoni-gehen-getrennte-wege-30004\/"]}]},{"@type":"ImageObject","inLanguage":"de","@id":"https:\/\/www.krafthand.de\/truck\/artikel\/koegel-und-geschaeftsfuehrer-massimo-dodoni-gehen-getrennte-wege-30004\/#primaryimage","url":"https:\/\/static.krafthand-truck.de\/uploads\/2021\/11\/Koegel_Dodoni_Massimo.jpg","contentUrl":"https:\/\/static.krafthand-truck.de\/uploads\/2021\/11\/Koegel_Dodoni_Massimo.jpg","width":635,"height":850},{"@type":"BreadcrumbList","@id":"https:\/\/www.krafthand.de\/truck\/artikel\/koegel-und-geschaeftsfuehrer-massimo-dodoni-gehen-getrennte-wege-30004\/#breadcrumb","itemListElement":[{"@type":"ListItem","position":1,"name":"Krafthand-Truck","item":"https:\/\/www.krafthand.de\/truck\/"},{"@type":"ListItem","position":2,"name":"Nfz-Branche","item":"https:\/\/www.krafthand.de\/truck\/kategorie\/branche\/"},{"@type":"ListItem","position":3,"name":"K\u00f6pfe\/Personen","item":"https:\/\/www.krafthand.de\/truck\/kategorie\/branche\/koepfe\/"},{"@type":"ListItem","position":4,"name":"K\u00f6gel und Massimo Dodoni gehen getrennte Wege"}]},{"@type":"WebSite","@id":"https:\/\/www.krafthand.de\/truck\/#website","url":"https:\/\/www.krafthand.de\/truck\/","name":"Krafthand-Truck","description":"","potentialAction":[{"@type":"SearchAction","target":{"@type":"EntryPoint","urlTemplate":"https:\/\/www.krafthand.de\/truck\/?s={search_term_string}"},"query-input":{"@type":"PropertyValueSpecification","valueRequired":true,"valueName":"search_term_string"}}],"inLanguage":"de"},{"@type":"Person","@id":"https:\/\/www.krafthand.de\/truck\/#\/schema\/person\/51fa80b1c57034c4bf63f9f988fc24ce","name":"georg.blenk@krafthand-medien.de","image":{"@type":"ImageObject","inLanguage":"de","@id":"https:\/\/secure.gravatar.com\/avatar\/93713c30affe0aa95d3a4130e499bb1abee2eb31adbdd9ce2aa1543538490215?s=96&d=mm&r=g","url":"https:\/\/secure.gravatar.com\/avatar\/93713c30affe0aa95d3a4130e499bb1abee2eb31adbdd9ce2aa1543538490215?s=96&d=mm&r=g","contentUrl":"https:\/\/secure.gravatar.com\/avatar\/93713c30affe0aa95d3a4130e499bb1abee2eb31adbdd9ce2aa1543538490215?s=96&d=mm&r=g","caption":"georg.blenk@krafthand-medien.de"}}]}},"_links":{"self":[{"href":"https:\/\/www.krafthand.de\/truck\/wp-json\/wp\/v2\/posts\/30004","targetHints":{"allow":["GET"]}}],"collection":[{"href":"https:\/\/www.krafthand.de\/truck\/wp-json\/wp\/v2\/posts"}],"about":[{"href":"https:\/\/www.krafthand.de\/truck\/wp-json\/wp\/v2\/types\/post"}],"author":[{"embeddable":true,"href":"https:\/\/www.krafthand.de\/truck\/wp-json\/wp\/v2\/users\/9"}],"replies":[{"embeddable":true,"href":"https:\/\/www.krafthand.de\/truck\/wp-json\/wp\/v2\/comments?post=30004"}],"version-history":[{"count":5,"href":"https:\/\/www.krafthand.de\/truck\/wp-json\/wp\/v2\/posts\/30004\/revisions"}],"predecessor-version":[{"id":30010,"href":"https:\/\/www.krafthand.de\/truck\/wp-json\/wp\/v2\/posts\/30004\/revisions\/30010"}],"wp:featuredmedia":[{"embeddable":true,"href":"https:\/\/www.krafthand.de\/truck\/wp-json\/wp\/v2\/media\/30007"}],"wp:attachment":[{"href":"https:\/\/www.krafthand.de\/truck\/wp-json\/wp\/v2\/media?parent=30004"}],"wp:term":[{"taxonomy":"category","embeddable":true,"href":"https:\/\/www.krafthand.de\/truck\/wp-json\/wp\/v2\/categories?post=30004"},{"taxonomy":"post_tag","embeddable":true,"href":"https:\/\/www.krafthand.de\/truck\/wp-json\/wp\/v2\/tags?post=30004"},{"taxonomy":"settings","embeddable":true,"href":"https:\/\/www.krafthand.de\/truck\/wp-json\/wp\/v2\/settings?post=30004"}],"curies":[{"name":"wp","href":"https:\/\/api.w.org\/{rel}","templated":true}]}}