{"id":29932,"date":"2021-11-09T10:45:14","date_gmt":"2021-11-09T09:45:14","guid":{"rendered":"https:\/\/www.krafthand.de\/truck\/?p=29932"},"modified":"2021-11-26T15:05:01","modified_gmt":"2021-11-26T14:05:01","slug":"mobile-vertipad-richtig-abgehoben","status":"publish","type":"post","link":"https:\/\/www.krafthand.de\/truck\/artikel\/mobile-vertipad-richtig-abgehoben-29932\/","title":{"rendered":"Mobile-Vertipad: Richtig abgehoben!"},"content":{"rendered":"<p><a href=\"https:\/\/www.volocopter.com\/\" target=\"_blank\" rel=\"noopener\">Volocopter<\/a>, der Urban Air Mobility Pionier, mit Sitz in Bruchsal (Baden-W\u00fcrttemberg) und der \u00f6sterreichische Fahrzeugbauer <a href=\"https:\/\/www.schwarzmueller.com\/de\/home\" target=\"_blank\" rel=\"noopener\">Schwarzm\u00fcller<\/a> haben in einer Partnerschaft eine v\u00f6llig neue Anwendung f\u00fcr den klassischen Transporttrailer geschaffen. Unter der Bezeichnung \u201aMobile-Vertipad\u2018 wird ein Trailer zur mobilen Start- und Landeplattform f\u00fcr eine elektrisch angetriebene Schwerlastdrohne. Die Neuentwicklung wurde Mitte Oktober auf dem <a href=\"https:\/\/itsworldcongress.com\/\" target=\"_blank\" rel=\"noopener\">ITS World Congress<\/a> 2021 in Hamburg vorgestellt. Die Schwerlastdrohne Volo-Drone absolvierte k\u00fcrzlich den ersten \u00f6ffentlichen Testflug am in Hamburg. Schwarzm\u00fcller will Anfang 2023 mit seinem Plattform-Anh\u00e4nger zum ersten Testeinsatz bereit sein.<\/p>\n<p>F\u00fcr Schwarzm\u00fcller-CEO Roland Hartwig hat sein Unternehmen damit ein Tor aufgesto\u00dfen. \u201eWir sind nicht nur stolz auf die Partnerschaft, sondern wollen in dieses zukunftsorientierte Gesch\u00e4ftsfeld im Transportwesen expandieren.\u201c Das Mobile-Vertipad ist ein Anh\u00e4nger in den Gr\u00f6\u00dfenordnungen eines herk\u00f6mmlichen Fernverkehrstrailers, exakt zw\u00f6lf Meter lang, 2,4 Meter breit und 3,9 Meter hoch.<\/p>\n<figure id=\"attachment_29935\" aria-describedby=\"caption-attachment-29935\" style=\"width: 300px\" class=\"wp-caption alignleft\"><a href=\"https:\/\/www.krafthand.de\/truck\/wp-content\/uploads\/2021\/11\/Schwarzmueller_Volocopter_Mobile_Vertipad_02.jpg\" target=\"_blank\" rel=\"noopener\"><img fetchpriority=\"high\" decoding=\"async\" class=\"wp-image-29935 size-medium\" src=\"https:\/\/www.krafthand.de\/truck\/wp-content\/uploads\/2021\/11\/Schwarzmueller_Volocopter_Mobile_Vertipad_02-300x225.jpg\" alt=\"\" width=\"300\" height=\"225\" srcset=\"https:\/\/static.krafthand-truck.de\/uploads\/2021\/11\/Schwarzmueller_Volocopter_Mobile_Vertipad_02-300x225.jpg 300w, https:\/\/static.krafthand-truck.de\/uploads\/2021\/11\/Schwarzmueller_Volocopter_Mobile_Vertipad_02-1024x768.jpg 1024w, https:\/\/static.krafthand-truck.de\/uploads\/2021\/11\/Schwarzmueller_Volocopter_Mobile_Vertipad_02-768x576.jpg 768w, https:\/\/static.krafthand-truck.de\/uploads\/2021\/11\/Schwarzmueller_Volocopter_Mobile_Vertipad_02-200x150.jpg 200w, https:\/\/static.krafthand-truck.de\/uploads\/2021\/11\/Schwarzmueller_Volocopter_Mobile_Vertipad_02.jpg 1200w\" sizes=\"(max-width: 300px) 100vw, 300px\" \/><\/a><figcaption id=\"caption-attachment-29935\" class=\"wp-caption-text\">Der Trailer verwandelt sich auf Knopfdruck zu einer Landeplattform.<\/figcaption><\/figure>\n<p>Auf das Fahrwerk wird ein Ladecontainer gebaut, der die Volo-Drone aufnimmt. Damit daraus eine Start- und Ladefl\u00e4che wird, muss sich der Anh\u00e4nger auf Knopfdruck zu einer Plattform entfalten. Das geschieht in zwei Schritten: Zuerst f\u00e4hrt aus dem Fahrwerk eine Unterkonstruktion aus Metallprofilen aus, dann faltet der Container seine W\u00e4nde nach dem Origamiprinzip auf und es entsteht eine kreisf\u00f6rmige Plattform mit zwanzig Meter Durchmesser.<\/p>\n<p><i>Den Beitrag finden Sie auch in der Print-Ausgabe 4\/2021 der <a href=\"https:\/\/www.krafthand.de\/truck\/magazin\/\" title=\"Zum Magazin\">Krafthand-Truck<\/a>.<\/i><\/p>","protected":false},"excerpt":{"rendered":"<p>Volocopter und der Fahrzeugbauer Schwarzm\u00fcller haben in einer Partnerschaft eine v\u00f6llig neue Anwendung f\u00fcr den klassischen Transporttrailer geschaffen. Unter der Bezeichnung \u201aMobile-Vertipad\u2018 wird ein Trailer zur mobilen Start- und Landeplattform f\u00fcr eine elektrisch angetriebene Schwerlastdrohne. <span class=\"excerpt-more__dots\">&#8230;<\/span> <a class=\"excerpt-more__link\" href=\"https:\/\/www.krafthand.de\/truck\/artikel\/mobile-vertipad-richtig-abgehoben-29932\/\" >weiter<\/a><\/p>\n","protected":false},"author":9,"featured_media":29933,"comment_status":"closed","ping_status":"closed","sticky":false,"template":"","format":"standard","meta":{"footnotes":""},"categories":[4915,4914],"tags":[4842,4844,3881,4841,4843],"settings":[3523],"class_list":["post-29932","post","type-post","status-publish","format-standard","has-post-thumbnail","hentry","category-neue-fahrzeuge","category-trailer-aufbauten","tag-mobile-vertipad","tag-roland-hartwig","tag-schwarzmueller","tag-schwerlastdrohne","tag-volocopter"],"yoast_head":"<!-- This site is optimized with the Yoast SEO plugin v27.3 - https:\/\/yoast.com\/product\/yoast-seo-wordpress\/ -->\n<title>Mobile-Vertipad: Mobile Landeplattform f\u00fcr Schwerlastdrohnen - Krafthand-Truck<\/title>\n<meta name=\"description\" content=\"Volocopter und der Fahrzeugbauer Schwarzm\u00fcller haben in einer Partnerschaft eine v\u00f6llig neue Anwendung f\u00fcr den klassischen Transporttrailer geschaffen. Unter der Bezeichnung \u201aMobile-Vertipad\u2018 wird ein Trailer zur mobilen Start- und Landeplattform f\u00fcr eine elektrisch angetriebene Schwerlastdrohne.\" \/>\n<meta name=\"robots\" content=\"index, follow, max-snippet:-1, max-image-preview:large, max-video-preview:-1\" \/>\n<link rel=\"canonical\" href=\"https:\/\/www.krafthand.de\/truck\/artikel\/mobile-vertipad-richtig-abgehoben-29932\/\" \/>\n<meta property=\"og:locale\" content=\"de_DE\" \/>\n<meta property=\"og:type\" content=\"article\" \/>\n<meta property=\"og:title\" content=\"Mobile-Vertipad: Mobile Landeplattform f\u00fcr Schwerlastdrohnen - Krafthand-Truck\" \/>\n<meta property=\"og:description\" content=\"Volocopter und der Fahrzeugbauer Schwarzm\u00fcller haben in einer Partnerschaft eine v\u00f6llig neue Anwendung f\u00fcr den klassischen Transporttrailer geschaffen. Unter der Bezeichnung \u201aMobile-Vertipad\u2018 wird ein Trailer zur mobilen Start- und Landeplattform f\u00fcr eine elektrisch angetriebene Schwerlastdrohne.\" \/>\n<meta property=\"og:url\" content=\"https:\/\/www.krafthand-truck.de\/artikel\/mobile-vertipad-richtig-abgehoben-29932\/\" \/>\n<meta property=\"og:site_name\" content=\"Krafthand-Truck\" \/>\n<meta property=\"article:published_time\" content=\"2021-11-09T09:45:14+00:00\" \/>\n<meta property=\"article:modified_time\" content=\"2021-11-26T14:05:01+00:00\" \/>\n<meta property=\"og:image\" content=\"https:\/\/www.krafthand.de\/truck\/wp-content\/uploads\/2021\/11\/Schwarzmueller_Volocopter_Mobile_Vertipad_01.jpg\" \/>\n\t<meta property=\"og:image:width\" content=\"1200\" \/>\n\t<meta property=\"og:image:height\" content=\"900\" \/>\n\t<meta property=\"og:image:type\" content=\"image\/jpeg\" \/>\n<meta name=\"author\" content=\"georg.blenk@krafthand-medien.de\" \/>\n<meta name=\"twitter:card\" content=\"summary_large_image\" \/>\n<meta name=\"twitter:label1\" content=\"Verfasst von\" \/>\n\t<meta name=\"twitter:data1\" content=\"georg.blenk@krafthand-medien.de\" \/>\n\t<meta name=\"twitter:label2\" content=\"Gesch\u00e4tzte Lesezeit\" \/>\n\t<meta name=\"twitter:data2\" content=\"1\u00a0Minute\" \/>\n<script type=\"application\/ld+json\" class=\"yoast-schema-graph\">{\"@context\":\"https:\\\/\\\/schema.org\",\"@graph\":[{\"@type\":\"Article\",\"@id\":\"https:\\\/\\\/www.krafthand.de\\\/truck\\\/artikel\\\/mobile-vertipad-richtig-abgehoben-29932\\\/#article\",\"isPartOf\":{\"@id\":\"https:\\\/\\\/www.krafthand.de\\\/truck\\\/artikel\\\/mobile-vertipad-richtig-abgehoben-29932\\\/\"},\"author\":{\"name\":\"georg.blenk@krafthand-medien.de\",\"@id\":\"https:\\\/\\\/www.krafthand.de\\\/truck\\\/#\\\/schema\\\/person\\\/51fa80b1c57034c4bf63f9f988fc24ce\"},\"headline\":\"Mobile-Vertipad: Richtig abgehoben!\",\"datePublished\":\"2021-11-09T09:45:14+00:00\",\"dateModified\":\"2021-11-26T14:05:01+00:00\",\"mainEntityOfPage\":{\"@id\":\"https:\\\/\\\/www.krafthand.de\\\/truck\\\/artikel\\\/mobile-vertipad-richtig-abgehoben-29932\\\/\"},\"wordCount\":233,\"image\":{\"@id\":\"https:\\\/\\\/www.krafthand.de\\\/truck\\\/artikel\\\/mobile-vertipad-richtig-abgehoben-29932\\\/#primaryimage\"},\"thumbnailUrl\":\"https:\\\/\\\/static.krafthand-truck.de\\\/uploads\\\/2021\\\/11\\\/Schwarzmueller_Volocopter_Mobile_Vertipad_01.jpg\",\"keywords\":[\"Mobile-Vertipad\",\"Roland Hartwig\",\"Schwarzm\u00fcller\",\"Schwerlastdrohne\",\"Volocopter\"],\"articleSection\":[\"Neue Fahrzeuge\",\"Trailer\\\/Aufbauten\"],\"inLanguage\":\"de\"},{\"@type\":\"WebPage\",\"@id\":\"https:\\\/\\\/www.krafthand.de\\\/truck\\\/artikel\\\/mobile-vertipad-richtig-abgehoben-29932\\\/\",\"url\":\"https:\\\/\\\/www.krafthand.de\\\/truck\\\/artikel\\\/mobile-vertipad-richtig-abgehoben-29932\\\/\",\"name\":\"Mobile-Vertipad: Mobile Landeplattform f\u00fcr Schwerlastdrohnen - Krafthand-Truck\",\"isPartOf\":{\"@id\":\"https:\\\/\\\/www.krafthand.de\\\/truck\\\/#website\"},\"primaryImageOfPage\":{\"@id\":\"https:\\\/\\\/www.krafthand.de\\\/truck\\\/artikel\\\/mobile-vertipad-richtig-abgehoben-29932\\\/#primaryimage\"},\"image\":{\"@id\":\"https:\\\/\\\/www.krafthand.de\\\/truck\\\/artikel\\\/mobile-vertipad-richtig-abgehoben-29932\\\/#primaryimage\"},\"thumbnailUrl\":\"https:\\\/\\\/static.krafthand-truck.de\\\/uploads\\\/2021\\\/11\\\/Schwarzmueller_Volocopter_Mobile_Vertipad_01.jpg\",\"datePublished\":\"2021-11-09T09:45:14+00:00\",\"dateModified\":\"2021-11-26T14:05:01+00:00\",\"author\":{\"@id\":\"https:\\\/\\\/www.krafthand.de\\\/truck\\\/#\\\/schema\\\/person\\\/51fa80b1c57034c4bf63f9f988fc24ce\"},\"description\":\"Volocopter und der Fahrzeugbauer Schwarzm\u00fcller haben in einer Partnerschaft eine v\u00f6llig neue Anwendung f\u00fcr den klassischen Transporttrailer geschaffen. Unter der Bezeichnung \u201aMobile-Vertipad\u2018 wird ein Trailer zur mobilen Start- und Landeplattform f\u00fcr eine elektrisch angetriebene Schwerlastdrohne.\",\"breadcrumb\":{\"@id\":\"https:\\\/\\\/www.krafthand.de\\\/truck\\\/artikel\\\/mobile-vertipad-richtig-abgehoben-29932\\\/#breadcrumb\"},\"inLanguage\":\"de\",\"potentialAction\":[{\"@type\":\"ReadAction\",\"target\":[\"https:\\\/\\\/www.krafthand.de\\\/truck\\\/artikel\\\/mobile-vertipad-richtig-abgehoben-29932\\\/\"]}]},{\"@type\":\"ImageObject\",\"inLanguage\":\"de\",\"@id\":\"https:\\\/\\\/www.krafthand.de\\\/truck\\\/artikel\\\/mobile-vertipad-richtig-abgehoben-29932\\\/#primaryimage\",\"url\":\"https:\\\/\\\/static.krafthand-truck.de\\\/uploads\\\/2021\\\/11\\\/Schwarzmueller_Volocopter_Mobile_Vertipad_01.jpg\",\"contentUrl\":\"https:\\\/\\\/static.krafthand-truck.de\\\/uploads\\\/2021\\\/11\\\/Schwarzmueller_Volocopter_Mobile_Vertipad_01.jpg\",\"width\":1200,\"height\":900},{\"@type\":\"BreadcrumbList\",\"@id\":\"https:\\\/\\\/www.krafthand.de\\\/truck\\\/artikel\\\/mobile-vertipad-richtig-abgehoben-29932\\\/#breadcrumb\",\"itemListElement\":[{\"@type\":\"ListItem\",\"position\":1,\"name\":\"Krafthand-Truck\",\"item\":\"https:\\\/\\\/www.krafthand.de\\\/truck\\\/\"},{\"@type\":\"ListItem\",\"position\":2,\"name\":\"IT+Fuhrpark\",\"item\":\"https:\\\/\\\/www.krafthand.de\\\/truck\\\/kategorie\\\/fuhrpark\\\/\"},{\"@type\":\"ListItem\",\"position\":3,\"name\":\"Neue Fahrzeuge\",\"item\":\"https:\\\/\\\/www.krafthand.de\\\/truck\\\/kategorie\\\/fuhrpark\\\/neue-fahrzeuge\\\/\"},{\"@type\":\"ListItem\",\"position\":4,\"name\":\"Mobile-Vertipad: Richtig abgehoben!\"}]},{\"@type\":\"WebSite\",\"@id\":\"https:\\\/\\\/www.krafthand.de\\\/truck\\\/#website\",\"url\":\"https:\\\/\\\/www.krafthand.de\\\/truck\\\/\",\"name\":\"Krafthand-Truck\",\"description\":\"\",\"potentialAction\":[{\"@type\":\"SearchAction\",\"target\":{\"@type\":\"EntryPoint\",\"urlTemplate\":\"https:\\\/\\\/www.krafthand.de\\\/truck\\\/?s={search_term_string}\"},\"query-input\":{\"@type\":\"PropertyValueSpecification\",\"valueRequired\":true,\"valueName\":\"search_term_string\"}}],\"inLanguage\":\"de\"},{\"@type\":\"Person\",\"@id\":\"https:\\\/\\\/www.krafthand.de\\\/truck\\\/#\\\/schema\\\/person\\\/51fa80b1c57034c4bf63f9f988fc24ce\",\"name\":\"georg.blenk@krafthand-medien.de\",\"image\":{\"@type\":\"ImageObject\",\"inLanguage\":\"de\",\"@id\":\"https:\\\/\\\/secure.gravatar.com\\\/avatar\\\/93713c30affe0aa95d3a4130e499bb1abee2eb31adbdd9ce2aa1543538490215?s=96&d=mm&r=g\",\"url\":\"https:\\\/\\\/secure.gravatar.com\\\/avatar\\\/93713c30affe0aa95d3a4130e499bb1abee2eb31adbdd9ce2aa1543538490215?s=96&d=mm&r=g\",\"contentUrl\":\"https:\\\/\\\/secure.gravatar.com\\\/avatar\\\/93713c30affe0aa95d3a4130e499bb1abee2eb31adbdd9ce2aa1543538490215?s=96&d=mm&r=g\",\"caption\":\"georg.blenk@krafthand-medien.de\"}}]}<\/script>\n<!-- \/ Yoast SEO plugin. -->","yoast_head_json":{"title":"Mobile-Vertipad: Mobile Landeplattform f\u00fcr Schwerlastdrohnen - Krafthand-Truck","description":"Volocopter und der Fahrzeugbauer Schwarzm\u00fcller haben in einer Partnerschaft eine v\u00f6llig neue Anwendung f\u00fcr den klassischen Transporttrailer geschaffen. Unter der Bezeichnung \u201aMobile-Vertipad\u2018 wird ein Trailer zur mobilen Start- und Landeplattform f\u00fcr eine elektrisch angetriebene Schwerlastdrohne.","robots":{"index":"index","follow":"follow","max-snippet":"max-snippet:-1","max-image-preview":"max-image-preview:large","max-video-preview":"max-video-preview:-1"},"canonical":"https:\/\/www.krafthand.de\/truck\/artikel\/mobile-vertipad-richtig-abgehoben-29932\/","og_locale":"de_DE","og_type":"article","og_title":"Mobile-Vertipad: Mobile Landeplattform f\u00fcr Schwerlastdrohnen - Krafthand-Truck","og_description":"Volocopter und der Fahrzeugbauer Schwarzm\u00fcller haben in einer Partnerschaft eine v\u00f6llig neue Anwendung f\u00fcr den klassischen Transporttrailer geschaffen. Unter der Bezeichnung \u201aMobile-Vertipad\u2018 wird ein Trailer zur mobilen Start- und Landeplattform f\u00fcr eine elektrisch angetriebene Schwerlastdrohne.","og_url":"https:\/\/www.krafthand-truck.de\/artikel\/mobile-vertipad-richtig-abgehoben-29932\/","og_site_name":"Krafthand-Truck","article_published_time":"2021-11-09T09:45:14+00:00","article_modified_time":"2021-11-26T14:05:01+00:00","og_image":[{"width":1200,"height":900,"url":"https:\/\/www.krafthand.de\/truck\/wp-content\/uploads\/2021\/11\/Schwarzmueller_Volocopter_Mobile_Vertipad_01.jpg","type":"image\/jpeg"}],"author":"georg.blenk@krafthand-medien.de","twitter_card":"summary_large_image","twitter_misc":{"Verfasst von":"georg.blenk@krafthand-medien.de","Gesch\u00e4tzte Lesezeit":"1\u00a0Minute"},"schema":{"@context":"https:\/\/schema.org","@graph":[{"@type":"Article","@id":"https:\/\/www.krafthand.de\/truck\/artikel\/mobile-vertipad-richtig-abgehoben-29932\/#article","isPartOf":{"@id":"https:\/\/www.krafthand.de\/truck\/artikel\/mobile-vertipad-richtig-abgehoben-29932\/"},"author":{"name":"georg.blenk@krafthand-medien.de","@id":"https:\/\/www.krafthand.de\/truck\/#\/schema\/person\/51fa80b1c57034c4bf63f9f988fc24ce"},"headline":"Mobile-Vertipad: Richtig abgehoben!","datePublished":"2021-11-09T09:45:14+00:00","dateModified":"2021-11-26T14:05:01+00:00","mainEntityOfPage":{"@id":"https:\/\/www.krafthand.de\/truck\/artikel\/mobile-vertipad-richtig-abgehoben-29932\/"},"wordCount":233,"image":{"@id":"https:\/\/www.krafthand.de\/truck\/artikel\/mobile-vertipad-richtig-abgehoben-29932\/#primaryimage"},"thumbnailUrl":"https:\/\/static.krafthand-truck.de\/uploads\/2021\/11\/Schwarzmueller_Volocopter_Mobile_Vertipad_01.jpg","keywords":["Mobile-Vertipad","Roland Hartwig","Schwarzm\u00fcller","Schwerlastdrohne","Volocopter"],"articleSection":["Neue Fahrzeuge","Trailer\/Aufbauten"],"inLanguage":"de"},{"@type":"WebPage","@id":"https:\/\/www.krafthand.de\/truck\/artikel\/mobile-vertipad-richtig-abgehoben-29932\/","url":"https:\/\/www.krafthand.de\/truck\/artikel\/mobile-vertipad-richtig-abgehoben-29932\/","name":"Mobile-Vertipad: Mobile Landeplattform f\u00fcr Schwerlastdrohnen - Krafthand-Truck","isPartOf":{"@id":"https:\/\/www.krafthand.de\/truck\/#website"},"primaryImageOfPage":{"@id":"https:\/\/www.krafthand.de\/truck\/artikel\/mobile-vertipad-richtig-abgehoben-29932\/#primaryimage"},"image":{"@id":"https:\/\/www.krafthand.de\/truck\/artikel\/mobile-vertipad-richtig-abgehoben-29932\/#primaryimage"},"thumbnailUrl":"https:\/\/static.krafthand-truck.de\/uploads\/2021\/11\/Schwarzmueller_Volocopter_Mobile_Vertipad_01.jpg","datePublished":"2021-11-09T09:45:14+00:00","dateModified":"2021-11-26T14:05:01+00:00","author":{"@id":"https:\/\/www.krafthand.de\/truck\/#\/schema\/person\/51fa80b1c57034c4bf63f9f988fc24ce"},"description":"Volocopter und der Fahrzeugbauer Schwarzm\u00fcller haben in einer Partnerschaft eine v\u00f6llig neue Anwendung f\u00fcr den klassischen Transporttrailer geschaffen. Unter der Bezeichnung \u201aMobile-Vertipad\u2018 wird ein Trailer zur mobilen Start- und Landeplattform f\u00fcr eine elektrisch angetriebene Schwerlastdrohne.","breadcrumb":{"@id":"https:\/\/www.krafthand.de\/truck\/artikel\/mobile-vertipad-richtig-abgehoben-29932\/#breadcrumb"},"inLanguage":"de","potentialAction":[{"@type":"ReadAction","target":["https:\/\/www.krafthand.de\/truck\/artikel\/mobile-vertipad-richtig-abgehoben-29932\/"]}]},{"@type":"ImageObject","inLanguage":"de","@id":"https:\/\/www.krafthand.de\/truck\/artikel\/mobile-vertipad-richtig-abgehoben-29932\/#primaryimage","url":"https:\/\/static.krafthand-truck.de\/uploads\/2021\/11\/Schwarzmueller_Volocopter_Mobile_Vertipad_01.jpg","contentUrl":"https:\/\/static.krafthand-truck.de\/uploads\/2021\/11\/Schwarzmueller_Volocopter_Mobile_Vertipad_01.jpg","width":1200,"height":900},{"@type":"BreadcrumbList","@id":"https:\/\/www.krafthand.de\/truck\/artikel\/mobile-vertipad-richtig-abgehoben-29932\/#breadcrumb","itemListElement":[{"@type":"ListItem","position":1,"name":"Krafthand-Truck","item":"https:\/\/www.krafthand.de\/truck\/"},{"@type":"ListItem","position":2,"name":"IT+Fuhrpark","item":"https:\/\/www.krafthand.de\/truck\/kategorie\/fuhrpark\/"},{"@type":"ListItem","position":3,"name":"Neue Fahrzeuge","item":"https:\/\/www.krafthand.de\/truck\/kategorie\/fuhrpark\/neue-fahrzeuge\/"},{"@type":"ListItem","position":4,"name":"Mobile-Vertipad: Richtig abgehoben!"}]},{"@type":"WebSite","@id":"https:\/\/www.krafthand.de\/truck\/#website","url":"https:\/\/www.krafthand.de\/truck\/","name":"Krafthand-Truck","description":"","potentialAction":[{"@type":"SearchAction","target":{"@type":"EntryPoint","urlTemplate":"https:\/\/www.krafthand.de\/truck\/?s={search_term_string}"},"query-input":{"@type":"PropertyValueSpecification","valueRequired":true,"valueName":"search_term_string"}}],"inLanguage":"de"},{"@type":"Person","@id":"https:\/\/www.krafthand.de\/truck\/#\/schema\/person\/51fa80b1c57034c4bf63f9f988fc24ce","name":"georg.blenk@krafthand-medien.de","image":{"@type":"ImageObject","inLanguage":"de","@id":"https:\/\/secure.gravatar.com\/avatar\/93713c30affe0aa95d3a4130e499bb1abee2eb31adbdd9ce2aa1543538490215?s=96&d=mm&r=g","url":"https:\/\/secure.gravatar.com\/avatar\/93713c30affe0aa95d3a4130e499bb1abee2eb31adbdd9ce2aa1543538490215?s=96&d=mm&r=g","contentUrl":"https:\/\/secure.gravatar.com\/avatar\/93713c30affe0aa95d3a4130e499bb1abee2eb31adbdd9ce2aa1543538490215?s=96&d=mm&r=g","caption":"georg.blenk@krafthand-medien.de"}}]}},"_links":{"self":[{"href":"https:\/\/www.krafthand.de\/truck\/wp-json\/wp\/v2\/posts\/29932","targetHints":{"allow":["GET"]}}],"collection":[{"href":"https:\/\/www.krafthand.de\/truck\/wp-json\/wp\/v2\/posts"}],"about":[{"href":"https:\/\/www.krafthand.de\/truck\/wp-json\/wp\/v2\/types\/post"}],"author":[{"embeddable":true,"href":"https:\/\/www.krafthand.de\/truck\/wp-json\/wp\/v2\/users\/9"}],"replies":[{"embeddable":true,"href":"https:\/\/www.krafthand.de\/truck\/wp-json\/wp\/v2\/comments?post=29932"}],"version-history":[{"count":4,"href":"https:\/\/www.krafthand.de\/truck\/wp-json\/wp\/v2\/posts\/29932\/revisions"}],"predecessor-version":[{"id":29938,"href":"https:\/\/www.krafthand.de\/truck\/wp-json\/wp\/v2\/posts\/29932\/revisions\/29938"}],"wp:featuredmedia":[{"embeddable":true,"href":"https:\/\/www.krafthand.de\/truck\/wp-json\/wp\/v2\/media\/29933"}],"wp:attachment":[{"href":"https:\/\/www.krafthand.de\/truck\/wp-json\/wp\/v2\/media?parent=29932"}],"wp:term":[{"taxonomy":"category","embeddable":true,"href":"https:\/\/www.krafthand.de\/truck\/wp-json\/wp\/v2\/categories?post=29932"},{"taxonomy":"post_tag","embeddable":true,"href":"https:\/\/www.krafthand.de\/truck\/wp-json\/wp\/v2\/tags?post=29932"},{"taxonomy":"settings","embeddable":true,"href":"https:\/\/www.krafthand.de\/truck\/wp-json\/wp\/v2\/settings?post=29932"}],"curies":[{"name":"wp","href":"https:\/\/api.w.org\/{rel}","templated":true}]}}