{"id":29882,"date":"2021-11-03T11:04:19","date_gmt":"2021-11-03T10:04:19","guid":{"rendered":"https:\/\/www.krafthand.de\/truck\/?p=29882"},"modified":"2021-11-08T14:40:35","modified_gmt":"2021-11-08T13:40:35","slug":"bgl-hat-5-punkte-plan-zu-koalitions-verhandlungen-erarbeitet","status":"publish","type":"post","link":"https:\/\/www.krafthand.de\/truck\/artikel\/bgl-hat-5-punkte-plan-zu-koalitions-verhandlungen-erarbeitet-29882\/","title":{"rendered":"BGL hat 5-Punkte-Plan zu Koalitions-Verhandlungen erarbeitet"},"content":{"rendered":"<p>Der Bundesverband G\u00fcterkraftverkehr Logistik und Entsorgung (<a href=\"https:\/\/www.bgl-ev.de\/web\/home\/index.htm\" target=\"_blank\" rel=\"noopener\">BGL<\/a>) e.V. hat anl\u00e4sslich des Beginns der fachlichen Arbeit der Koalitionsverhandlungen im Rahmen der Arbeitsgruppe Mobilit\u00e4t k\u00fcrzlich einen 5-Punkteplan erarbeitet (<a href=\"https:\/\/www.krafthand.de\/truck\/wp-content\/uploads\/2021\/11\/BGL_5_Punkte_Plan_Koalitionsverhandlungen_2021.pdf\" target=\"_blank\" rel=\"noopener\">vollst\u00e4ndiges Dokument<\/a>).<\/p>\n<h4>Darin fordert die Transport- und Logistikbranche unter anderem:<\/h4>\n<ol>\n<li>Die Bek\u00e4mpfung des Sozialdumpings durch wirksame Kontrolle des EU-Mobilit\u00e4tspaketes, Einf\u00fchrung von Parkgeb\u00fchren auf Lkw-Rastpl\u00e4tzen f\u00fcr Langzeitparker und ein \u00dcbernachtungsverbot im Lkw f\u00fcr Kleintransporter.<\/li>\n<li>Die Bek\u00e4mpfung des Fahrermangels und damit Sicherstellung der Versorgung von Bev\u00f6lkerung und Wirtschaft durch den aus Verkehrssicherheitsgr\u00fcnden l\u00e4ngst \u00fcberf\u00e4lligen Zubau von Lkw-Parkpl\u00e4tzen, B\u00fcrokratieabbau beim F\u00fchrerscheinerwerb und die Ausstattungsm\u00f6glichkeit von Fahrerh\u00e4usern mit sanit\u00e4ren Einrichtungen.<\/li>\n<li>Klimaschutzma\u00dfnahmen, die ausl\u00e4ndische Lkw nicht au\u00dfen vorlassen, alle momentan schon verf\u00fcgbaren kurzfristig wirkende L\u00f6sungen einbeziehen sowie eine F\u00f6rderung der enormen Mehrkosten f\u00fcr alternative Antriebe, die den Unternehmen der Transportbranche (fast alles Familienbetriebe) Investitions- und Planungssicherheit gew\u00e4hrleistet.<\/li>\n<li>Die Erh\u00f6hung der Lkw-Verkehrssicherheit durch verpflichtende EU-weite Einf\u00fchrung von Abstandsregeltempomaten, Versch\u00e4rfung der Anforderungen an Notbremsassistenten und hinreichende F\u00f6rderung von Abbiegeassistenten.<\/li>\n<li>Die Unterst\u00fctzung der Digitalisierung im Logistiksektor durch digitale Verkehrslenkung zur Stauvermeidung, Schaffung von Rechtssicherheit f\u00fcr den elektronischen Frachtbrief sowie digitale vereinheitlichte und beschleunigte Verfahren im Bereich der Gro\u00dfraum- und Schwertransporte.<\/li>\n<\/ol>\n<blockquote><p>\u201eDie mittelst\u00e4ndische Transportwirtschaft ist angesichts des akuten Fahrermangels, des Dumpingwettbewerbs im Stra\u00dfeng\u00fcterverkehr sowie der Notwendigkeit zum Klimaschutz mit enormen Herausforderungen konfrontiert. Wir setzen darauf, dass die sog. Fortschrittskoalition aus SPD, Gr\u00fcnen und FDP unsere Branche und ihre mittelst\u00e4ndischen Unternehmer bei der Bew\u00e4ltigung dieser Aufgaben nicht allein l\u00e4sst!\u201c, so BGL-Vorstandssprecher Prof. Dr. Dirk Engelhardt.<\/p><\/blockquote>\n","protected":false},"excerpt":{"rendered":"<p>Der Bundesverband G\u00fcterkraftverkehr Logistik und Entsorgung (BGL) e.V. hat anl\u00e4sslich des Beginns der fachlichen Arbeit der Koalitionsverhandlungen im Rahmen der Arbeitsgruppe Mobilit\u00e4t k\u00fcrzlich einen 5-Punkteplan erarbeitet. Krafthand-Truck stellt das vollst\u00e4ndige Dokument zur Verf\u00fcgung. <span class=\"excerpt-more__dots\">&#8230;<\/span> <a class=\"excerpt-more__link\" href=\"https:\/\/www.krafthand.de\/truck\/artikel\/bgl-hat-5-punkte-plan-zu-koalitions-verhandlungen-erarbeitet-29882\/\" >weiter<\/a><\/p>\n","protected":false},"author":9,"featured_media":28860,"comment_status":"closed","ping_status":"closed","sticky":false,"template":"","format":"standard","meta":{"footnotes":""},"categories":[4245],"tags":[],"settings":[4766,3523],"class_list":["post-29882","post","type-post","status-publish","format-standard","has-post-thumbnail","hentry","category-verbaende"],"yoast_head":"<!-- This site is optimized with the Yoast SEO plugin v27.3 - https:\/\/yoast.com\/product\/yoast-seo-wordpress\/ -->\n<title>BGL: 5-Punkte-Plan I Koalitionsverhandlungen<\/title>\n<meta name=\"description\" content=\"Der Bundesverband G\u00fcterkraftverkehr Logistik und Entsorgung (BGL) e.V. hat anl\u00e4sslich des Beginns der fachlichen Arbeit der Koalitionsverhandlungen im Rahmen der Arbeitsgruppe Mobilit\u00e4t k\u00fcrzlich einen 5-Punkteplan erarbeitet. Krafthand-Truck stellt das vollst\u00e4ndige Dokument zur Verf\u00fcgung.\" \/>\n<meta name=\"robots\" content=\"index, follow, max-snippet:-1, max-image-preview:large, max-video-preview:-1\" \/>\n<link rel=\"canonical\" href=\"https:\/\/www.krafthand.de\/truck\/artikel\/bgl-hat-5-punkte-plan-zu-koalitions-verhandlungen-erarbeitet-29882\/\" \/>\n<meta property=\"og:locale\" content=\"de_DE\" \/>\n<meta property=\"og:type\" content=\"article\" \/>\n<meta property=\"og:title\" content=\"BGL: 5-Punkte-Plan I Koalitionsverhandlungen\" \/>\n<meta property=\"og:description\" content=\"Der Bundesverband G\u00fcterkraftverkehr Logistik und Entsorgung (BGL) e.V. hat anl\u00e4sslich des Beginns der fachlichen Arbeit der Koalitionsverhandlungen im Rahmen der Arbeitsgruppe Mobilit\u00e4t k\u00fcrzlich einen 5-Punkteplan erarbeitet. Krafthand-Truck stellt das vollst\u00e4ndige Dokument zur Verf\u00fcgung.\" \/>\n<meta property=\"og:url\" content=\"https:\/\/www.krafthand-truck.de\/artikel\/bgl-hat-5-punkte-plan-zu-koalitions-verhandlungen-erarbeitet-29882\/\" \/>\n<meta property=\"og:site_name\" content=\"Krafthand-Truck\" \/>\n<meta property=\"article:published_time\" content=\"2021-11-03T10:04:19+00:00\" \/>\n<meta property=\"article:modified_time\" content=\"2021-11-08T13:40:35+00:00\" \/>\n<meta property=\"og:image\" content=\"https:\/\/www.krafthand.de\/truck\/wp-content\/uploads\/2021\/07\/Logo_BGL_01.jpeg\" \/>\n\t<meta property=\"og:image:width\" content=\"660\" \/>\n\t<meta property=\"og:image:height\" content=\"440\" \/>\n\t<meta property=\"og:image:type\" content=\"image\/jpeg\" \/>\n<meta name=\"author\" content=\"georg.blenk@krafthand-medien.de\" \/>\n<meta name=\"twitter:card\" content=\"summary_large_image\" \/>\n<meta name=\"twitter:label1\" content=\"Verfasst von\" \/>\n\t<meta name=\"twitter:data1\" content=\"georg.blenk@krafthand-medien.de\" \/>\n\t<meta name=\"twitter:label2\" content=\"Gesch\u00e4tzte Lesezeit\" \/>\n\t<meta name=\"twitter:data2\" content=\"1\u00a0Minute\" \/>\n<script type=\"application\/ld+json\" class=\"yoast-schema-graph\">{\"@context\":\"https:\\\/\\\/schema.org\",\"@graph\":[{\"@type\":\"Article\",\"@id\":\"https:\\\/\\\/www.krafthand.de\\\/truck\\\/artikel\\\/bgl-hat-5-punkte-plan-zu-koalitions-verhandlungen-erarbeitet-29882\\\/#article\",\"isPartOf\":{\"@id\":\"https:\\\/\\\/www.krafthand.de\\\/truck\\\/artikel\\\/bgl-hat-5-punkte-plan-zu-koalitions-verhandlungen-erarbeitet-29882\\\/\"},\"author\":{\"name\":\"georg.blenk@krafthand-medien.de\",\"@id\":\"https:\\\/\\\/www.krafthand.de\\\/truck\\\/#\\\/schema\\\/person\\\/51fa80b1c57034c4bf63f9f988fc24ce\"},\"headline\":\"BGL hat 5-Punkte-Plan zu Koalitions-Verhandlungen erarbeitet\",\"datePublished\":\"2021-11-03T10:04:19+00:00\",\"dateModified\":\"2021-11-08T13:40:35+00:00\",\"mainEntityOfPage\":{\"@id\":\"https:\\\/\\\/www.krafthand.de\\\/truck\\\/artikel\\\/bgl-hat-5-punkte-plan-zu-koalitions-verhandlungen-erarbeitet-29882\\\/\"},\"wordCount\":283,\"image\":{\"@id\":\"https:\\\/\\\/www.krafthand.de\\\/truck\\\/artikel\\\/bgl-hat-5-punkte-plan-zu-koalitions-verhandlungen-erarbeitet-29882\\\/#primaryimage\"},\"thumbnailUrl\":\"https:\\\/\\\/static.krafthand-truck.de\\\/uploads\\\/2021\\\/07\\\/Logo_BGL_01.jpeg\",\"articleSection\":[\"Verb\u00e4nde\\\/Politik\\\/Recht\"],\"inLanguage\":\"de\"},{\"@type\":\"WebPage\",\"@id\":\"https:\\\/\\\/www.krafthand.de\\\/truck\\\/artikel\\\/bgl-hat-5-punkte-plan-zu-koalitions-verhandlungen-erarbeitet-29882\\\/\",\"url\":\"https:\\\/\\\/www.krafthand.de\\\/truck\\\/artikel\\\/bgl-hat-5-punkte-plan-zu-koalitions-verhandlungen-erarbeitet-29882\\\/\",\"name\":\"BGL: 5-Punkte-Plan I Koalitionsverhandlungen\",\"isPartOf\":{\"@id\":\"https:\\\/\\\/www.krafthand.de\\\/truck\\\/#website\"},\"primaryImageOfPage\":{\"@id\":\"https:\\\/\\\/www.krafthand.de\\\/truck\\\/artikel\\\/bgl-hat-5-punkte-plan-zu-koalitions-verhandlungen-erarbeitet-29882\\\/#primaryimage\"},\"image\":{\"@id\":\"https:\\\/\\\/www.krafthand.de\\\/truck\\\/artikel\\\/bgl-hat-5-punkte-plan-zu-koalitions-verhandlungen-erarbeitet-29882\\\/#primaryimage\"},\"thumbnailUrl\":\"https:\\\/\\\/static.krafthand-truck.de\\\/uploads\\\/2021\\\/07\\\/Logo_BGL_01.jpeg\",\"datePublished\":\"2021-11-03T10:04:19+00:00\",\"dateModified\":\"2021-11-08T13:40:35+00:00\",\"author\":{\"@id\":\"https:\\\/\\\/www.krafthand.de\\\/truck\\\/#\\\/schema\\\/person\\\/51fa80b1c57034c4bf63f9f988fc24ce\"},\"description\":\"Der Bundesverband G\u00fcterkraftverkehr Logistik und Entsorgung (BGL) e.V. hat anl\u00e4sslich des Beginns der fachlichen Arbeit der Koalitionsverhandlungen im Rahmen der Arbeitsgruppe Mobilit\u00e4t k\u00fcrzlich einen 5-Punkteplan erarbeitet. Krafthand-Truck stellt das vollst\u00e4ndige Dokument zur Verf\u00fcgung.\",\"breadcrumb\":{\"@id\":\"https:\\\/\\\/www.krafthand.de\\\/truck\\\/artikel\\\/bgl-hat-5-punkte-plan-zu-koalitions-verhandlungen-erarbeitet-29882\\\/#breadcrumb\"},\"inLanguage\":\"de\",\"potentialAction\":[{\"@type\":\"ReadAction\",\"target\":[\"https:\\\/\\\/www.krafthand.de\\\/truck\\\/artikel\\\/bgl-hat-5-punkte-plan-zu-koalitions-verhandlungen-erarbeitet-29882\\\/\"]}]},{\"@type\":\"ImageObject\",\"inLanguage\":\"de\",\"@id\":\"https:\\\/\\\/www.krafthand.de\\\/truck\\\/artikel\\\/bgl-hat-5-punkte-plan-zu-koalitions-verhandlungen-erarbeitet-29882\\\/#primaryimage\",\"url\":\"https:\\\/\\\/static.krafthand-truck.de\\\/uploads\\\/2021\\\/07\\\/Logo_BGL_01.jpeg\",\"contentUrl\":\"https:\\\/\\\/static.krafthand-truck.de\\\/uploads\\\/2021\\\/07\\\/Logo_BGL_01.jpeg\",\"width\":660,\"height\":440},{\"@type\":\"BreadcrumbList\",\"@id\":\"https:\\\/\\\/www.krafthand.de\\\/truck\\\/artikel\\\/bgl-hat-5-punkte-plan-zu-koalitions-verhandlungen-erarbeitet-29882\\\/#breadcrumb\",\"itemListElement\":[{\"@type\":\"ListItem\",\"position\":1,\"name\":\"Krafthand-Truck\",\"item\":\"https:\\\/\\\/www.krafthand.de\\\/truck\\\/\"},{\"@type\":\"ListItem\",\"position\":2,\"name\":\"Nfz-Branche\",\"item\":\"https:\\\/\\\/www.krafthand.de\\\/truck\\\/kategorie\\\/branche\\\/\"},{\"@type\":\"ListItem\",\"position\":3,\"name\":\"Verb\u00e4nde\\\/Politik\\\/Recht\",\"item\":\"https:\\\/\\\/www.krafthand.de\\\/truck\\\/kategorie\\\/branche\\\/verbaende\\\/\"},{\"@type\":\"ListItem\",\"position\":4,\"name\":\"BGL hat 5-Punkte-Plan zu Koalitions-Verhandlungen erarbeitet\"}]},{\"@type\":\"WebSite\",\"@id\":\"https:\\\/\\\/www.krafthand.de\\\/truck\\\/#website\",\"url\":\"https:\\\/\\\/www.krafthand.de\\\/truck\\\/\",\"name\":\"Krafthand-Truck\",\"description\":\"\",\"potentialAction\":[{\"@type\":\"SearchAction\",\"target\":{\"@type\":\"EntryPoint\",\"urlTemplate\":\"https:\\\/\\\/www.krafthand.de\\\/truck\\\/?s={search_term_string}\"},\"query-input\":{\"@type\":\"PropertyValueSpecification\",\"valueRequired\":true,\"valueName\":\"search_term_string\"}}],\"inLanguage\":\"de\"},{\"@type\":\"Person\",\"@id\":\"https:\\\/\\\/www.krafthand.de\\\/truck\\\/#\\\/schema\\\/person\\\/51fa80b1c57034c4bf63f9f988fc24ce\",\"name\":\"georg.blenk@krafthand-medien.de\",\"image\":{\"@type\":\"ImageObject\",\"inLanguage\":\"de\",\"@id\":\"https:\\\/\\\/secure.gravatar.com\\\/avatar\\\/93713c30affe0aa95d3a4130e499bb1abee2eb31adbdd9ce2aa1543538490215?s=96&d=mm&r=g\",\"url\":\"https:\\\/\\\/secure.gravatar.com\\\/avatar\\\/93713c30affe0aa95d3a4130e499bb1abee2eb31adbdd9ce2aa1543538490215?s=96&d=mm&r=g\",\"contentUrl\":\"https:\\\/\\\/secure.gravatar.com\\\/avatar\\\/93713c30affe0aa95d3a4130e499bb1abee2eb31adbdd9ce2aa1543538490215?s=96&d=mm&r=g\",\"caption\":\"georg.blenk@krafthand-medien.de\"}}]}<\/script>\n<!-- \/ Yoast SEO plugin. -->","yoast_head_json":{"title":"BGL: 5-Punkte-Plan I Koalitionsverhandlungen","description":"Der Bundesverband G\u00fcterkraftverkehr Logistik und Entsorgung (BGL) e.V. hat anl\u00e4sslich des Beginns der fachlichen Arbeit der Koalitionsverhandlungen im Rahmen der Arbeitsgruppe Mobilit\u00e4t k\u00fcrzlich einen 5-Punkteplan erarbeitet. Krafthand-Truck stellt das vollst\u00e4ndige Dokument zur Verf\u00fcgung.","robots":{"index":"index","follow":"follow","max-snippet":"max-snippet:-1","max-image-preview":"max-image-preview:large","max-video-preview":"max-video-preview:-1"},"canonical":"https:\/\/www.krafthand.de\/truck\/artikel\/bgl-hat-5-punkte-plan-zu-koalitions-verhandlungen-erarbeitet-29882\/","og_locale":"de_DE","og_type":"article","og_title":"BGL: 5-Punkte-Plan I Koalitionsverhandlungen","og_description":"Der Bundesverband G\u00fcterkraftverkehr Logistik und Entsorgung (BGL) e.V. hat anl\u00e4sslich des Beginns der fachlichen Arbeit der Koalitionsverhandlungen im Rahmen der Arbeitsgruppe Mobilit\u00e4t k\u00fcrzlich einen 5-Punkteplan erarbeitet. Krafthand-Truck stellt das vollst\u00e4ndige Dokument zur Verf\u00fcgung.","og_url":"https:\/\/www.krafthand-truck.de\/artikel\/bgl-hat-5-punkte-plan-zu-koalitions-verhandlungen-erarbeitet-29882\/","og_site_name":"Krafthand-Truck","article_published_time":"2021-11-03T10:04:19+00:00","article_modified_time":"2021-11-08T13:40:35+00:00","og_image":[{"width":660,"height":440,"url":"https:\/\/www.krafthand.de\/truck\/wp-content\/uploads\/2021\/07\/Logo_BGL_01.jpeg","type":"image\/jpeg"}],"author":"georg.blenk@krafthand-medien.de","twitter_card":"summary_large_image","twitter_misc":{"Verfasst von":"georg.blenk@krafthand-medien.de","Gesch\u00e4tzte Lesezeit":"1\u00a0Minute"},"schema":{"@context":"https:\/\/schema.org","@graph":[{"@type":"Article","@id":"https:\/\/www.krafthand.de\/truck\/artikel\/bgl-hat-5-punkte-plan-zu-koalitions-verhandlungen-erarbeitet-29882\/#article","isPartOf":{"@id":"https:\/\/www.krafthand.de\/truck\/artikel\/bgl-hat-5-punkte-plan-zu-koalitions-verhandlungen-erarbeitet-29882\/"},"author":{"name":"georg.blenk@krafthand-medien.de","@id":"https:\/\/www.krafthand.de\/truck\/#\/schema\/person\/51fa80b1c57034c4bf63f9f988fc24ce"},"headline":"BGL hat 5-Punkte-Plan zu Koalitions-Verhandlungen erarbeitet","datePublished":"2021-11-03T10:04:19+00:00","dateModified":"2021-11-08T13:40:35+00:00","mainEntityOfPage":{"@id":"https:\/\/www.krafthand.de\/truck\/artikel\/bgl-hat-5-punkte-plan-zu-koalitions-verhandlungen-erarbeitet-29882\/"},"wordCount":283,"image":{"@id":"https:\/\/www.krafthand.de\/truck\/artikel\/bgl-hat-5-punkte-plan-zu-koalitions-verhandlungen-erarbeitet-29882\/#primaryimage"},"thumbnailUrl":"https:\/\/static.krafthand-truck.de\/uploads\/2021\/07\/Logo_BGL_01.jpeg","articleSection":["Verb\u00e4nde\/Politik\/Recht"],"inLanguage":"de"},{"@type":"WebPage","@id":"https:\/\/www.krafthand.de\/truck\/artikel\/bgl-hat-5-punkte-plan-zu-koalitions-verhandlungen-erarbeitet-29882\/","url":"https:\/\/www.krafthand.de\/truck\/artikel\/bgl-hat-5-punkte-plan-zu-koalitions-verhandlungen-erarbeitet-29882\/","name":"BGL: 5-Punkte-Plan I Koalitionsverhandlungen","isPartOf":{"@id":"https:\/\/www.krafthand.de\/truck\/#website"},"primaryImageOfPage":{"@id":"https:\/\/www.krafthand.de\/truck\/artikel\/bgl-hat-5-punkte-plan-zu-koalitions-verhandlungen-erarbeitet-29882\/#primaryimage"},"image":{"@id":"https:\/\/www.krafthand.de\/truck\/artikel\/bgl-hat-5-punkte-plan-zu-koalitions-verhandlungen-erarbeitet-29882\/#primaryimage"},"thumbnailUrl":"https:\/\/static.krafthand-truck.de\/uploads\/2021\/07\/Logo_BGL_01.jpeg","datePublished":"2021-11-03T10:04:19+00:00","dateModified":"2021-11-08T13:40:35+00:00","author":{"@id":"https:\/\/www.krafthand.de\/truck\/#\/schema\/person\/51fa80b1c57034c4bf63f9f988fc24ce"},"description":"Der Bundesverband G\u00fcterkraftverkehr Logistik und Entsorgung (BGL) e.V. hat anl\u00e4sslich des Beginns der fachlichen Arbeit der Koalitionsverhandlungen im Rahmen der Arbeitsgruppe Mobilit\u00e4t k\u00fcrzlich einen 5-Punkteplan erarbeitet. Krafthand-Truck stellt das vollst\u00e4ndige Dokument zur Verf\u00fcgung.","breadcrumb":{"@id":"https:\/\/www.krafthand.de\/truck\/artikel\/bgl-hat-5-punkte-plan-zu-koalitions-verhandlungen-erarbeitet-29882\/#breadcrumb"},"inLanguage":"de","potentialAction":[{"@type":"ReadAction","target":["https:\/\/www.krafthand.de\/truck\/artikel\/bgl-hat-5-punkte-plan-zu-koalitions-verhandlungen-erarbeitet-29882\/"]}]},{"@type":"ImageObject","inLanguage":"de","@id":"https:\/\/www.krafthand.de\/truck\/artikel\/bgl-hat-5-punkte-plan-zu-koalitions-verhandlungen-erarbeitet-29882\/#primaryimage","url":"https:\/\/static.krafthand-truck.de\/uploads\/2021\/07\/Logo_BGL_01.jpeg","contentUrl":"https:\/\/static.krafthand-truck.de\/uploads\/2021\/07\/Logo_BGL_01.jpeg","width":660,"height":440},{"@type":"BreadcrumbList","@id":"https:\/\/www.krafthand.de\/truck\/artikel\/bgl-hat-5-punkte-plan-zu-koalitions-verhandlungen-erarbeitet-29882\/#breadcrumb","itemListElement":[{"@type":"ListItem","position":1,"name":"Krafthand-Truck","item":"https:\/\/www.krafthand.de\/truck\/"},{"@type":"ListItem","position":2,"name":"Nfz-Branche","item":"https:\/\/www.krafthand.de\/truck\/kategorie\/branche\/"},{"@type":"ListItem","position":3,"name":"Verb\u00e4nde\/Politik\/Recht","item":"https:\/\/www.krafthand.de\/truck\/kategorie\/branche\/verbaende\/"},{"@type":"ListItem","position":4,"name":"BGL hat 5-Punkte-Plan zu Koalitions-Verhandlungen erarbeitet"}]},{"@type":"WebSite","@id":"https:\/\/www.krafthand.de\/truck\/#website","url":"https:\/\/www.krafthand.de\/truck\/","name":"Krafthand-Truck","description":"","potentialAction":[{"@type":"SearchAction","target":{"@type":"EntryPoint","urlTemplate":"https:\/\/www.krafthand.de\/truck\/?s={search_term_string}"},"query-input":{"@type":"PropertyValueSpecification","valueRequired":true,"valueName":"search_term_string"}}],"inLanguage":"de"},{"@type":"Person","@id":"https:\/\/www.krafthand.de\/truck\/#\/schema\/person\/51fa80b1c57034c4bf63f9f988fc24ce","name":"georg.blenk@krafthand-medien.de","image":{"@type":"ImageObject","inLanguage":"de","@id":"https:\/\/secure.gravatar.com\/avatar\/93713c30affe0aa95d3a4130e499bb1abee2eb31adbdd9ce2aa1543538490215?s=96&d=mm&r=g","url":"https:\/\/secure.gravatar.com\/avatar\/93713c30affe0aa95d3a4130e499bb1abee2eb31adbdd9ce2aa1543538490215?s=96&d=mm&r=g","contentUrl":"https:\/\/secure.gravatar.com\/avatar\/93713c30affe0aa95d3a4130e499bb1abee2eb31adbdd9ce2aa1543538490215?s=96&d=mm&r=g","caption":"georg.blenk@krafthand-medien.de"}}]}},"_links":{"self":[{"href":"https:\/\/www.krafthand.de\/truck\/wp-json\/wp\/v2\/posts\/29882","targetHints":{"allow":["GET"]}}],"collection":[{"href":"https:\/\/www.krafthand.de\/truck\/wp-json\/wp\/v2\/posts"}],"about":[{"href":"https:\/\/www.krafthand.de\/truck\/wp-json\/wp\/v2\/types\/post"}],"author":[{"embeddable":true,"href":"https:\/\/www.krafthand.de\/truck\/wp-json\/wp\/v2\/users\/9"}],"replies":[{"embeddable":true,"href":"https:\/\/www.krafthand.de\/truck\/wp-json\/wp\/v2\/comments?post=29882"}],"version-history":[{"count":9,"href":"https:\/\/www.krafthand.de\/truck\/wp-json\/wp\/v2\/posts\/29882\/revisions"}],"predecessor-version":[{"id":29892,"href":"https:\/\/www.krafthand.de\/truck\/wp-json\/wp\/v2\/posts\/29882\/revisions\/29892"}],"wp:featuredmedia":[{"embeddable":true,"href":"https:\/\/www.krafthand.de\/truck\/wp-json\/wp\/v2\/media\/28860"}],"wp:attachment":[{"href":"https:\/\/www.krafthand.de\/truck\/wp-json\/wp\/v2\/media?parent=29882"}],"wp:term":[{"taxonomy":"category","embeddable":true,"href":"https:\/\/www.krafthand.de\/truck\/wp-json\/wp\/v2\/categories?post=29882"},{"taxonomy":"post_tag","embeddable":true,"href":"https:\/\/www.krafthand.de\/truck\/wp-json\/wp\/v2\/tags?post=29882"},{"taxonomy":"settings","embeddable":true,"href":"https:\/\/www.krafthand.de\/truck\/wp-json\/wp\/v2\/settings?post=29882"}],"curies":[{"name":"wp","href":"https:\/\/api.w.org\/{rel}","templated":true}]}}