{"id":29859,"date":"2021-10-28T14:59:22","date_gmt":"2021-10-28T12:59:22","guid":{"rendered":"https:\/\/www.krafthand.de\/truck\/?p=29859"},"modified":"2021-11-08T14:41:24","modified_gmt":"2021-11-08T13:41:24","slug":"zwei-feinstaub-partikelfilter-fuer-sustaineer","status":"publish","type":"post","link":"https:\/\/www.krafthand.de\/truck\/artikel\/zwei-feinstaub-partikelfilter-fuer-sustaineer-29859\/","title":{"rendered":"Zwei Feinstaub-Partikelfilter f\u00fcr Sustaineer"},"content":{"rendered":"<p>Im Rahmen eines Nachhaltigkeitsprojekts von Mercedes-Benz hat der Spezialist f\u00fcr Filtersysteme <a href=\"https:\/\/www.mann-hummel.com\/de.html\" target=\"_blank\" rel=\"noopener\">Mann+Hummel<\/a> gemeinsam mit dem Automobilbauer zwei Feinstaub-Partikelfilter entwickelt, die die Feinstaubemissionen eines Vans um mehr als 50 Prozent kompensieren sollen. Testtr\u00e4ger der Filter ist der sogenannte Sustaineer (Sustainability-Pioneer), auf Basis eines Mercedes-Benz eSprinter.<\/p>\n<p>Ein Unterboden-Feinstaubfilter sitzt im Bereich der Hinterachse des Versuchsfahrzeugs. Hier finden sich die h\u00f6chsten Feinstaubkonzentrationen im Fahrzeugumfeld. Der passive Filter f\u00e4ngt die vom fahrenden Lieferwagen und von anderen Fahrzeugen aufgewirbelten Feinstaubpartikel auf. Eine optimierte Luftf\u00fchrung sorgt f\u00fcr einen bestm\u00f6glichen Reinigungseffekt. Der Filterwechsel erfolgt einmal im Jahr.<\/p>\n<p>Der zweite Filter ist in das Frontmodul integriert und filtert in Kombination mit dem bereits im Fahrzeug vorhandenen Saugl\u00fcfter Feinstaub aus der Luft. Dadurch reinigt er laut Mann+Hummel nicht nur mit Hilfe des Fahrtwinds die Luft. Er filtert auch bei niedrigen Fahrgeschwindigkeiten und w\u00e4hrend des Ladevorgangs Feinstaub aus der Umgebungsluft heraus. Zudem ist das Fahrzeug mit einem Feinstaubsensor ausgestattet. Dieser kann die Feinstaubkonzentration in der Luft messen und im Zielzustand entsprechend die Filtrationsleistung steuern. So l\u00e4sst sich das Fahrzeug auch als mobile Messstation nutzen. Die Filterelemente k\u00f6nnen beim j\u00e4hrlichen Service einfach entnommen und ersetzt werden.<\/p>\n<div class=\"brlbs-cmpnt-container brlbs-cmpnt-content-blocker brlbs-cmpnt-with-individual-styles\" data-borlabs-cookie-content-blocker-id=\"youtube-content-blocker\" data-borlabs-cookie-content=\"PGlmcmFtZSB0aXRsZT0iTWVyY2VkZXMtQmVueiBTVVNUQUlORUVSIHdpdGggTUFOTitIVU1NRUwgRmluZSBEdXN0IFBhcnRpY2xlIEZpbHRlcnMiIHdpZHRoPSI2NjUiIGhlaWdodD0iMzc0IiBzcmM9Imh0dHBzOi8vd3d3LnlvdXR1YmUtbm9jb29raWUuY29tL2VtYmVkL0s2amF6Snk0MjVvP2ZlYXR1cmU9b2VtYmVkIiBmcmFtZWJvcmRlcj0iMCIgYWxsb3c9ImFjY2VsZXJvbWV0ZXI7IGF1dG9wbGF5OyBjbGlwYm9hcmQtd3JpdGU7IGVuY3J5cHRlZC1tZWRpYTsgZ3lyb3Njb3BlOyBwaWN0dXJlLWluLXBpY3R1cmU7IHdlYi1zaGFyZSIgcmVmZXJyZXJwb2xpY3k9InN0cmljdC1vcmlnaW4td2hlbi1jcm9zcy1vcmlnaW4iIGFsbG93ZnVsbHNjcmVlbj48L2lmcmFtZT4=\">\n<div class=\"brlbs-cmpnt-cb-preset-c brlbs-cmpnt-cb-youtube\">\n<div class=\"brlbs-cmpnt-cb-thumbnail\" style=\"background-image: url('https:\/\/static.krafthand-truck.de\/uploads\/borlabs-cookie\/1\/yt_K6jazJy425o_hqdefault.jpg')\"><\/div>\n<div class=\"brlbs-cmpnt-cb-main\">\n<div class=\"brlbs-cmpnt-cb-play-button\"><\/div>\n<div class=\"brlbs-cmpnt-cb-content\">\n<p class=\"brlbs-cmpnt-cb-description\">Sie sehen gerade einen Platzhalterinhalt von <strong>YouTube<\/strong>. Um auf den eigentlichen Inhalt zuzugreifen, klicken Sie auf die Schaltfl\u00e4che unten. Bitte beachten Sie, dass dabei Daten an Drittanbieter weitergegeben werden.<\/p>\n<p> <a class=\"brlbs-cmpnt-cb-provider-toggle\" href=\"#\" data-borlabs-cookie-show-provider-information role=\"button\">Mehr Informationen<\/a> <\/div>\n<div class=\"brlbs-cmpnt-cb-buttons\"> <a class=\"brlbs-cmpnt-cb-btn\" href=\"#\" data-borlabs-cookie-unblock role=\"button\">Inhalt entsperren<\/a> <a class=\"brlbs-cmpnt-cb-btn\" href=\"#\" data-borlabs-cookie-accept-service role=\"button\" style=\"display: inherit\">Erforderlichen Service akzeptieren und Inhalte entsperren<\/a> <\/div>\n<\/p><\/div>\n<\/p><\/div>\n<\/div>\n<p>Frontmodul- und Unterbodenfilter zusammen reduzieren die Feinstaubemissionen im direkten Fahrzeugumfeld bis zu einer Partikelgr\u00f6\u00dfe von zehn Mikrometern (PM10) um \u00fcber 50 Prozent \u2013 35 Prozent beim Ladevorgang und 15 Prozent im Fahrbetrieb. Die Effektivit\u00e4t der Filtration steigt durch eine h\u00f6here Feinstaubbelastung in der Umgebung weiter an. Das bedeutet, dass in urbanen Gebieten mit schlechterer Luftqualit\u00e4t noch weit gr\u00f6\u00dfere Mengen an Feinstaub gefiltert werden k\u00f6nnen.<\/p>\n<p><i>Den Beitrag finden Sie auch in der Print-Ausgabe 4\/2021 der <a href=\"https:\/\/www.krafthand.de\/truck\/magazin\/\" title=\"Zum Magazin\">Krafthand-Truck<\/a>.<\/i><\/p>","protected":false},"excerpt":{"rendered":"<p>Im Rahmen eines Nachhaltigkeitsprojekts von Mercedes-Benz hat der Spezialist f\u00fcr Filtersysteme Mann+Hummel gemeinsam mit dem Automobilbauer zwei Feinstaub-Partikelfilter entwickelt, die die Feinstaubemissionen eines Vans um mehr als 50 Prozent kompensieren sollen. Testtr\u00e4ger der Filter ist der sogenannte Sustaineer. <span class=\"excerpt-more__dots\">&#8230;<\/span> <a class=\"excerpt-more__link\" href=\"https:\/\/www.krafthand.de\/truck\/artikel\/zwei-feinstaub-partikelfilter-fuer-sustaineer-29859\/\" >weiter<\/a><\/p>\n","protected":false},"author":9,"featured_media":29860,"comment_status":"closed","ping_status":"closed","sticky":false,"template":"","format":"standard","meta":{"footnotes":""},"categories":[4229],"tags":[4826,4828,4827,4825,4824],"settings":[4766,3523],"class_list":["post-29859","post","type-post","status-publish","format-standard","has-post-thumbnail","hentry","category-nfz-teile-systeme","tag-esprinter","tag-feinstaubfilter","tag-mammhummel","tag-mercedes_benz","tag-sustaineer"],"yoast_head":"<!-- This site is optimized with the Yoast SEO plugin v27.3 - https:\/\/yoast.com\/product\/yoast-seo-wordpress\/ -->\n<title>Zwei Feinstaubpartikelfilter reduzieren die Emissionenum bis zu 50 %<\/title>\n<meta name=\"description\" content=\"Im Rahmen eines Nachhaltigkeitsprojekts von Mercedes-Benz hat der Spezialist f\u00fcr Filtersysteme Mann+Hummel gemeinsam mit dem Automobilbauer zwei Feinstaub-Partikelfilter entwickelt, die die Feinstaubemissionen eines Vans um mehr als 50 Prozent kompensieren sollen. Testtr\u00e4ger der Filter ist der sogenannte Sustaineer.\" \/>\n<meta name=\"robots\" content=\"index, follow, max-snippet:-1, max-image-preview:large, max-video-preview:-1\" \/>\n<link rel=\"canonical\" href=\"https:\/\/www.krafthand.de\/truck\/artikel\/zwei-feinstaub-partikelfilter-fuer-sustaineer-29859\/\" \/>\n<meta property=\"og:locale\" content=\"de_DE\" \/>\n<meta property=\"og:type\" content=\"article\" \/>\n<meta property=\"og:title\" content=\"Zwei Feinstaubpartikelfilter reduzieren die Emissionenum bis zu 50 %\" \/>\n<meta property=\"og:description\" content=\"Im Rahmen eines Nachhaltigkeitsprojekts von Mercedes-Benz hat der Spezialist f\u00fcr Filtersysteme Mann+Hummel gemeinsam mit dem Automobilbauer zwei Feinstaub-Partikelfilter entwickelt, die die Feinstaubemissionen eines Vans um mehr als 50 Prozent kompensieren sollen. Testtr\u00e4ger der Filter ist der sogenannte Sustaineer.\" \/>\n<meta property=\"og:url\" content=\"https:\/\/www.krafthand-truck.de\/artikel\/zwei-feinstaub-partikelfilter-fuer-sustaineer-29859\/\" \/>\n<meta property=\"og:site_name\" content=\"Krafthand-Truck\" \/>\n<meta property=\"article:published_time\" content=\"2021-10-28T12:59:22+00:00\" \/>\n<meta property=\"article:modified_time\" content=\"2021-11-08T13:41:24+00:00\" \/>\n<meta property=\"og:image\" content=\"https:\/\/www.krafthand.de\/truck\/wp-content\/uploads\/2021\/10\/04_2021_033_Bild01.jpg\" \/>\n\t<meta property=\"og:image:width\" content=\"1280\" \/>\n\t<meta property=\"og:image:height\" content=\"853\" \/>\n\t<meta property=\"og:image:type\" content=\"image\/jpeg\" \/>\n<meta name=\"author\" content=\"georg.blenk@krafthand-medien.de\" \/>\n<meta name=\"twitter:card\" content=\"summary_large_image\" \/>\n<meta name=\"twitter:label1\" content=\"Verfasst von\" \/>\n\t<meta name=\"twitter:data1\" content=\"georg.blenk@krafthand-medien.de\" \/>\n\t<meta name=\"twitter:label2\" content=\"Gesch\u00e4tzte Lesezeit\" \/>\n\t<meta name=\"twitter:data2\" content=\"1\u00a0Minute\" \/>\n<script type=\"application\/ld+json\" class=\"yoast-schema-graph\">{\"@context\":\"https:\\\/\\\/schema.org\",\"@graph\":[{\"@type\":\"Article\",\"@id\":\"https:\\\/\\\/www.krafthand.de\\\/truck\\\/artikel\\\/zwei-feinstaub-partikelfilter-fuer-sustaineer-29859\\\/#article\",\"isPartOf\":{\"@id\":\"https:\\\/\\\/www.krafthand.de\\\/truck\\\/artikel\\\/zwei-feinstaub-partikelfilter-fuer-sustaineer-29859\\\/\"},\"author\":{\"name\":\"georg.blenk@krafthand-medien.de\",\"@id\":\"https:\\\/\\\/www.krafthand.de\\\/truck\\\/#\\\/schema\\\/person\\\/51fa80b1c57034c4bf63f9f988fc24ce\"},\"headline\":\"Zwei Feinstaub-Partikelfilter f\u00fcr Sustaineer\",\"datePublished\":\"2021-10-28T12:59:22+00:00\",\"dateModified\":\"2021-11-08T13:41:24+00:00\",\"mainEntityOfPage\":{\"@id\":\"https:\\\/\\\/www.krafthand.de\\\/truck\\\/artikel\\\/zwei-feinstaub-partikelfilter-fuer-sustaineer-29859\\\/\"},\"wordCount\":278,\"image\":{\"@id\":\"https:\\\/\\\/www.krafthand.de\\\/truck\\\/artikel\\\/zwei-feinstaub-partikelfilter-fuer-sustaineer-29859\\\/#primaryimage\"},\"thumbnailUrl\":\"https:\\\/\\\/static.krafthand-truck.de\\\/uploads\\\/2021\\\/10\\\/04_2021_033_Bild01.jpg\",\"keywords\":[\"eSprinter\",\"Feinstaubfilter\",\"Mamm+Hummel\",\"Mercedes_benz\",\"Sustaineer\"],\"articleSection\":[\"Nfz-Teile\\\/Systeme\"],\"inLanguage\":\"de\"},{\"@type\":\"WebPage\",\"@id\":\"https:\\\/\\\/www.krafthand.de\\\/truck\\\/artikel\\\/zwei-feinstaub-partikelfilter-fuer-sustaineer-29859\\\/\",\"url\":\"https:\\\/\\\/www.krafthand.de\\\/truck\\\/artikel\\\/zwei-feinstaub-partikelfilter-fuer-sustaineer-29859\\\/\",\"name\":\"Zwei Feinstaubpartikelfilter reduzieren die Emissionenum bis zu 50 %\",\"isPartOf\":{\"@id\":\"https:\\\/\\\/www.krafthand.de\\\/truck\\\/#website\"},\"primaryImageOfPage\":{\"@id\":\"https:\\\/\\\/www.krafthand.de\\\/truck\\\/artikel\\\/zwei-feinstaub-partikelfilter-fuer-sustaineer-29859\\\/#primaryimage\"},\"image\":{\"@id\":\"https:\\\/\\\/www.krafthand.de\\\/truck\\\/artikel\\\/zwei-feinstaub-partikelfilter-fuer-sustaineer-29859\\\/#primaryimage\"},\"thumbnailUrl\":\"https:\\\/\\\/static.krafthand-truck.de\\\/uploads\\\/2021\\\/10\\\/04_2021_033_Bild01.jpg\",\"datePublished\":\"2021-10-28T12:59:22+00:00\",\"dateModified\":\"2021-11-08T13:41:24+00:00\",\"author\":{\"@id\":\"https:\\\/\\\/www.krafthand.de\\\/truck\\\/#\\\/schema\\\/person\\\/51fa80b1c57034c4bf63f9f988fc24ce\"},\"description\":\"Im Rahmen eines Nachhaltigkeitsprojekts von Mercedes-Benz hat der Spezialist f\u00fcr Filtersysteme Mann+Hummel gemeinsam mit dem Automobilbauer zwei Feinstaub-Partikelfilter entwickelt, die die Feinstaubemissionen eines Vans um mehr als 50 Prozent kompensieren sollen. Testtr\u00e4ger der Filter ist der sogenannte Sustaineer.\",\"breadcrumb\":{\"@id\":\"https:\\\/\\\/www.krafthand.de\\\/truck\\\/artikel\\\/zwei-feinstaub-partikelfilter-fuer-sustaineer-29859\\\/#breadcrumb\"},\"inLanguage\":\"de\",\"potentialAction\":[{\"@type\":\"ReadAction\",\"target\":[\"https:\\\/\\\/www.krafthand.de\\\/truck\\\/artikel\\\/zwei-feinstaub-partikelfilter-fuer-sustaineer-29859\\\/\"]}]},{\"@type\":\"ImageObject\",\"inLanguage\":\"de\",\"@id\":\"https:\\\/\\\/www.krafthand.de\\\/truck\\\/artikel\\\/zwei-feinstaub-partikelfilter-fuer-sustaineer-29859\\\/#primaryimage\",\"url\":\"https:\\\/\\\/static.krafthand-truck.de\\\/uploads\\\/2021\\\/10\\\/04_2021_033_Bild01.jpg\",\"contentUrl\":\"https:\\\/\\\/static.krafthand-truck.de\\\/uploads\\\/2021\\\/10\\\/04_2021_033_Bild01.jpg\",\"width\":1280,\"height\":853},{\"@type\":\"BreadcrumbList\",\"@id\":\"https:\\\/\\\/www.krafthand.de\\\/truck\\\/artikel\\\/zwei-feinstaub-partikelfilter-fuer-sustaineer-29859\\\/#breadcrumb\",\"itemListElement\":[{\"@type\":\"ListItem\",\"position\":1,\"name\":\"Krafthand-Truck\",\"item\":\"https:\\\/\\\/www.krafthand.de\\\/truck\\\/\"},{\"@type\":\"ListItem\",\"position\":2,\"name\":\"Nfz-Technik\",\"item\":\"https:\\\/\\\/www.krafthand.de\\\/truck\\\/kategorie\\\/nfz-technik\\\/\"},{\"@type\":\"ListItem\",\"position\":3,\"name\":\"Nfz-Teile\\\/Systeme\",\"item\":\"https:\\\/\\\/www.krafthand.de\\\/truck\\\/kategorie\\\/nfz-technik\\\/nfz-teile-systeme\\\/\"},{\"@type\":\"ListItem\",\"position\":4,\"name\":\"Zwei Feinstaub-Partikelfilter f\u00fcr Sustaineer\"}]},{\"@type\":\"WebSite\",\"@id\":\"https:\\\/\\\/www.krafthand.de\\\/truck\\\/#website\",\"url\":\"https:\\\/\\\/www.krafthand.de\\\/truck\\\/\",\"name\":\"Krafthand-Truck\",\"description\":\"\",\"potentialAction\":[{\"@type\":\"SearchAction\",\"target\":{\"@type\":\"EntryPoint\",\"urlTemplate\":\"https:\\\/\\\/www.krafthand.de\\\/truck\\\/?s={search_term_string}\"},\"query-input\":{\"@type\":\"PropertyValueSpecification\",\"valueRequired\":true,\"valueName\":\"search_term_string\"}}],\"inLanguage\":\"de\"},{\"@type\":\"Person\",\"@id\":\"https:\\\/\\\/www.krafthand.de\\\/truck\\\/#\\\/schema\\\/person\\\/51fa80b1c57034c4bf63f9f988fc24ce\",\"name\":\"georg.blenk@krafthand-medien.de\",\"image\":{\"@type\":\"ImageObject\",\"inLanguage\":\"de\",\"@id\":\"https:\\\/\\\/secure.gravatar.com\\\/avatar\\\/93713c30affe0aa95d3a4130e499bb1abee2eb31adbdd9ce2aa1543538490215?s=96&d=mm&r=g\",\"url\":\"https:\\\/\\\/secure.gravatar.com\\\/avatar\\\/93713c30affe0aa95d3a4130e499bb1abee2eb31adbdd9ce2aa1543538490215?s=96&d=mm&r=g\",\"contentUrl\":\"https:\\\/\\\/secure.gravatar.com\\\/avatar\\\/93713c30affe0aa95d3a4130e499bb1abee2eb31adbdd9ce2aa1543538490215?s=96&d=mm&r=g\",\"caption\":\"georg.blenk@krafthand-medien.de\"}}]}<\/script>\n<!-- \/ Yoast SEO plugin. -->","yoast_head_json":{"title":"Zwei Feinstaubpartikelfilter reduzieren die Emissionenum bis zu 50 %","description":"Im Rahmen eines Nachhaltigkeitsprojekts von Mercedes-Benz hat der Spezialist f\u00fcr Filtersysteme Mann+Hummel gemeinsam mit dem Automobilbauer zwei Feinstaub-Partikelfilter entwickelt, die die Feinstaubemissionen eines Vans um mehr als 50 Prozent kompensieren sollen. Testtr\u00e4ger der Filter ist der sogenannte Sustaineer.","robots":{"index":"index","follow":"follow","max-snippet":"max-snippet:-1","max-image-preview":"max-image-preview:large","max-video-preview":"max-video-preview:-1"},"canonical":"https:\/\/www.krafthand.de\/truck\/artikel\/zwei-feinstaub-partikelfilter-fuer-sustaineer-29859\/","og_locale":"de_DE","og_type":"article","og_title":"Zwei Feinstaubpartikelfilter reduzieren die Emissionenum bis zu 50 %","og_description":"Im Rahmen eines Nachhaltigkeitsprojekts von Mercedes-Benz hat der Spezialist f\u00fcr Filtersysteme Mann+Hummel gemeinsam mit dem Automobilbauer zwei Feinstaub-Partikelfilter entwickelt, die die Feinstaubemissionen eines Vans um mehr als 50 Prozent kompensieren sollen. Testtr\u00e4ger der Filter ist der sogenannte Sustaineer.","og_url":"https:\/\/www.krafthand-truck.de\/artikel\/zwei-feinstaub-partikelfilter-fuer-sustaineer-29859\/","og_site_name":"Krafthand-Truck","article_published_time":"2021-10-28T12:59:22+00:00","article_modified_time":"2021-11-08T13:41:24+00:00","og_image":[{"width":1280,"height":853,"url":"https:\/\/www.krafthand.de\/truck\/wp-content\/uploads\/2021\/10\/04_2021_033_Bild01.jpg","type":"image\/jpeg"}],"author":"georg.blenk@krafthand-medien.de","twitter_card":"summary_large_image","twitter_misc":{"Verfasst von":"georg.blenk@krafthand-medien.de","Gesch\u00e4tzte Lesezeit":"1\u00a0Minute"},"schema":{"@context":"https:\/\/schema.org","@graph":[{"@type":"Article","@id":"https:\/\/www.krafthand.de\/truck\/artikel\/zwei-feinstaub-partikelfilter-fuer-sustaineer-29859\/#article","isPartOf":{"@id":"https:\/\/www.krafthand.de\/truck\/artikel\/zwei-feinstaub-partikelfilter-fuer-sustaineer-29859\/"},"author":{"name":"georg.blenk@krafthand-medien.de","@id":"https:\/\/www.krafthand.de\/truck\/#\/schema\/person\/51fa80b1c57034c4bf63f9f988fc24ce"},"headline":"Zwei Feinstaub-Partikelfilter f\u00fcr Sustaineer","datePublished":"2021-10-28T12:59:22+00:00","dateModified":"2021-11-08T13:41:24+00:00","mainEntityOfPage":{"@id":"https:\/\/www.krafthand.de\/truck\/artikel\/zwei-feinstaub-partikelfilter-fuer-sustaineer-29859\/"},"wordCount":278,"image":{"@id":"https:\/\/www.krafthand.de\/truck\/artikel\/zwei-feinstaub-partikelfilter-fuer-sustaineer-29859\/#primaryimage"},"thumbnailUrl":"https:\/\/static.krafthand-truck.de\/uploads\/2021\/10\/04_2021_033_Bild01.jpg","keywords":["eSprinter","Feinstaubfilter","Mamm+Hummel","Mercedes_benz","Sustaineer"],"articleSection":["Nfz-Teile\/Systeme"],"inLanguage":"de"},{"@type":"WebPage","@id":"https:\/\/www.krafthand.de\/truck\/artikel\/zwei-feinstaub-partikelfilter-fuer-sustaineer-29859\/","url":"https:\/\/www.krafthand.de\/truck\/artikel\/zwei-feinstaub-partikelfilter-fuer-sustaineer-29859\/","name":"Zwei Feinstaubpartikelfilter reduzieren die Emissionenum bis zu 50 %","isPartOf":{"@id":"https:\/\/www.krafthand.de\/truck\/#website"},"primaryImageOfPage":{"@id":"https:\/\/www.krafthand.de\/truck\/artikel\/zwei-feinstaub-partikelfilter-fuer-sustaineer-29859\/#primaryimage"},"image":{"@id":"https:\/\/www.krafthand.de\/truck\/artikel\/zwei-feinstaub-partikelfilter-fuer-sustaineer-29859\/#primaryimage"},"thumbnailUrl":"https:\/\/static.krafthand-truck.de\/uploads\/2021\/10\/04_2021_033_Bild01.jpg","datePublished":"2021-10-28T12:59:22+00:00","dateModified":"2021-11-08T13:41:24+00:00","author":{"@id":"https:\/\/www.krafthand.de\/truck\/#\/schema\/person\/51fa80b1c57034c4bf63f9f988fc24ce"},"description":"Im Rahmen eines Nachhaltigkeitsprojekts von Mercedes-Benz hat der Spezialist f\u00fcr Filtersysteme Mann+Hummel gemeinsam mit dem Automobilbauer zwei Feinstaub-Partikelfilter entwickelt, die die Feinstaubemissionen eines Vans um mehr als 50 Prozent kompensieren sollen. Testtr\u00e4ger der Filter ist der sogenannte Sustaineer.","breadcrumb":{"@id":"https:\/\/www.krafthand.de\/truck\/artikel\/zwei-feinstaub-partikelfilter-fuer-sustaineer-29859\/#breadcrumb"},"inLanguage":"de","potentialAction":[{"@type":"ReadAction","target":["https:\/\/www.krafthand.de\/truck\/artikel\/zwei-feinstaub-partikelfilter-fuer-sustaineer-29859\/"]}]},{"@type":"ImageObject","inLanguage":"de","@id":"https:\/\/www.krafthand.de\/truck\/artikel\/zwei-feinstaub-partikelfilter-fuer-sustaineer-29859\/#primaryimage","url":"https:\/\/static.krafthand-truck.de\/uploads\/2021\/10\/04_2021_033_Bild01.jpg","contentUrl":"https:\/\/static.krafthand-truck.de\/uploads\/2021\/10\/04_2021_033_Bild01.jpg","width":1280,"height":853},{"@type":"BreadcrumbList","@id":"https:\/\/www.krafthand.de\/truck\/artikel\/zwei-feinstaub-partikelfilter-fuer-sustaineer-29859\/#breadcrumb","itemListElement":[{"@type":"ListItem","position":1,"name":"Krafthand-Truck","item":"https:\/\/www.krafthand.de\/truck\/"},{"@type":"ListItem","position":2,"name":"Nfz-Technik","item":"https:\/\/www.krafthand.de\/truck\/kategorie\/nfz-technik\/"},{"@type":"ListItem","position":3,"name":"Nfz-Teile\/Systeme","item":"https:\/\/www.krafthand.de\/truck\/kategorie\/nfz-technik\/nfz-teile-systeme\/"},{"@type":"ListItem","position":4,"name":"Zwei Feinstaub-Partikelfilter f\u00fcr Sustaineer"}]},{"@type":"WebSite","@id":"https:\/\/www.krafthand.de\/truck\/#website","url":"https:\/\/www.krafthand.de\/truck\/","name":"Krafthand-Truck","description":"","potentialAction":[{"@type":"SearchAction","target":{"@type":"EntryPoint","urlTemplate":"https:\/\/www.krafthand.de\/truck\/?s={search_term_string}"},"query-input":{"@type":"PropertyValueSpecification","valueRequired":true,"valueName":"search_term_string"}}],"inLanguage":"de"},{"@type":"Person","@id":"https:\/\/www.krafthand.de\/truck\/#\/schema\/person\/51fa80b1c57034c4bf63f9f988fc24ce","name":"georg.blenk@krafthand-medien.de","image":{"@type":"ImageObject","inLanguage":"de","@id":"https:\/\/secure.gravatar.com\/avatar\/93713c30affe0aa95d3a4130e499bb1abee2eb31adbdd9ce2aa1543538490215?s=96&d=mm&r=g","url":"https:\/\/secure.gravatar.com\/avatar\/93713c30affe0aa95d3a4130e499bb1abee2eb31adbdd9ce2aa1543538490215?s=96&d=mm&r=g","contentUrl":"https:\/\/secure.gravatar.com\/avatar\/93713c30affe0aa95d3a4130e499bb1abee2eb31adbdd9ce2aa1543538490215?s=96&d=mm&r=g","caption":"georg.blenk@krafthand-medien.de"}}]}},"_links":{"self":[{"href":"https:\/\/www.krafthand.de\/truck\/wp-json\/wp\/v2\/posts\/29859","targetHints":{"allow":["GET"]}}],"collection":[{"href":"https:\/\/www.krafthand.de\/truck\/wp-json\/wp\/v2\/posts"}],"about":[{"href":"https:\/\/www.krafthand.de\/truck\/wp-json\/wp\/v2\/types\/post"}],"author":[{"embeddable":true,"href":"https:\/\/www.krafthand.de\/truck\/wp-json\/wp\/v2\/users\/9"}],"replies":[{"embeddable":true,"href":"https:\/\/www.krafthand.de\/truck\/wp-json\/wp\/v2\/comments?post=29859"}],"version-history":[{"count":7,"href":"https:\/\/www.krafthand.de\/truck\/wp-json\/wp\/v2\/posts\/29859\/revisions"}],"predecessor-version":[{"id":29867,"href":"https:\/\/www.krafthand.de\/truck\/wp-json\/wp\/v2\/posts\/29859\/revisions\/29867"}],"wp:featuredmedia":[{"embeddable":true,"href":"https:\/\/www.krafthand.de\/truck\/wp-json\/wp\/v2\/media\/29860"}],"wp:attachment":[{"href":"https:\/\/www.krafthand.de\/truck\/wp-json\/wp\/v2\/media?parent=29859"}],"wp:term":[{"taxonomy":"category","embeddable":true,"href":"https:\/\/www.krafthand.de\/truck\/wp-json\/wp\/v2\/categories?post=29859"},{"taxonomy":"post_tag","embeddable":true,"href":"https:\/\/www.krafthand.de\/truck\/wp-json\/wp\/v2\/tags?post=29859"},{"taxonomy":"settings","embeddable":true,"href":"https:\/\/www.krafthand.de\/truck\/wp-json\/wp\/v2\/settings?post=29859"}],"curies":[{"name":"wp","href":"https:\/\/api.w.org\/{rel}","templated":true}]}}