{"id":2984,"date":"2017-03-15T09:07:57","date_gmt":"2017-03-15T08:07:57","guid":{"rendered":"https:\/\/www.krafthand.de\/truck\/artikel\/nutzfahrzeugmesse-karlsruhe-expandiert-vierte-halle-geplant-2984\/"},"modified":"2017-03-15T09:07:57","modified_gmt":"2017-03-15T08:07:57","slug":"nutzfahrzeugmesse-karlsruhe-expandiert-vierte-halle-geplant","status":"publish","type":"post","link":"https:\/\/www.krafthand.de\/truck\/artikel\/nutzfahrzeugmesse-karlsruhe-expandiert-vierte-halle-geplant-2984\/","title":{"rendered":"Nutzfahrzeugmesse Karlsruhe expandiert: Vierte Halle geplant"},"content":{"rendered":"<p class=\"text-colored\">Auch 2017 f\u00e4hrt die Nufam nach eigenen Angaben wieder Erfolge ein: Die drei geplanten Messehallen sind in gro\u00dfen Teilen bereits belegt und optioniert. Deshalb \u00f6ffnet die Karlsruher Messe- und Kongress GmbH ab sofort die vierte Halle des Messegel\u00e4ndes.<\/p>\n<p>Diese erm\u00f6glicht eine Erweiterung der Fachmesse um bis zu 12 500 Quadratmeter. Mit rund 350 Ausstellern und 25 000 Besuchern wird die Messe Karlsruhe vom 28. September bis 1. Oktober 2017 zum Treffpunkt der Nutzfahrzeugbranche.<\/p>\n<p>Britta Wirtz, Gesch\u00e4ftsf\u00fchrerin der Karlsruher Messe- und Kongress GmbH: \u201eDie Aussteller haben die Qualit\u00e4t der Nufam erkannt und quittieren dies mit einem fr\u00fchzeitigen Buchungsverhalten. Um dem Wachstum der Nufam gerecht zu werden, haben wir uns dazu entschlossen, die vierte Halle zu \u00f6ffnen.\u201c<br \/>\nZugelegt hat die Nufam vor allem durch weitere Anbieter im Bereich Werkstatt, Teile, Zubeh\u00f6r, ebenso durch neue Aussteller im leichten Nutzfahrzeugsegment sowie durch gr\u00f6\u00dfere Ausstellungsfl\u00e4chen der Bestandsaussteller. Marken wie Bridgestone, Kempf Fahrzeugbau, Langendorf, Palfinger, Reisch Fahrzeugbau, Schwarzm\u00fcller, Suer Nutzfahrzeugtechnik und TSE haben ihre Standfl\u00e4che vergr\u00f6\u00dfert.<\/p>\n<p><b>Leichte Nutzfahrzeugmarken<br \/><\/b>Die leichten Nutzfahrzeugmarken, vertreten durch Hersteller oder H\u00e4ndler der Region, zeigen bei der Nufam 2017 mehr Pr\u00e4senz: die Mercedes-Benz Transportersparte, Volkswagen Nutzfahrzeuge, Fiat Professional, Citroen und ISUZU. Weitere Marken sind in Option. StreetScooter, ein Unternehmen von Deutsche Post DHL Group, wird seine Elektrofahrzeuge f\u00fcr den Kurzstreckeneinsatz sowie Fahrzeugl\u00f6sungen f\u00fcr die sogenannte letzte Meile zum ersten Mal auf der Nufam pr\u00e4sentieren.<\/p>\n<p>Das hersteller\u00fcbergreifende Portal Van-Select, mit dem sich Auf- und Umbauten f\u00fcr leichte Nutzfahrzeuge im optimalen Preis-Leistungs-Verh\u00e4ltnis konfigurieren lassen, pr\u00e4sentiert seinen Service&nbsp; auf einem Gemeinschaftsstand mit weiteren Unternehmen: Abt Sportsline, Entwickler von Tuningkomponenten, AL-KO Kober SE, Hersteller von hochwertigen Chassis- und Fahrwerkskomponenten f\u00fcr Anh\u00e4nger und leichte Nutzfahrzeuge, Goliath Trans-Lining, Spezialist f\u00fcr den robusten und hygienischen Transporter-Laderaumausbau sowie Ladefl\u00e4chenbeschichtungen, Rapid Leichtbau, Spezialist f\u00fcr die Herstellung von gewichtsreduzierten Kofferaufbauten, und TBZ, Hersteller von Berge- und Abschlepp- sowie Transportaufbauten.<\/p>\n<p>Im Bereich Werkstatt, Teile, Zubeh\u00f6r haben sich unter anderem der Werkzeughersteller Hazet-Werk, Hunter Deutschland \u2013 Weltmarktf\u00fchrer f\u00fcr Achsvermessung und Reifenauswuchtung, Tilburgs Truck Parts \u2013 Marktf\u00fchrer f\u00fcr Aufbau- und Unterbauk\u00e4sten f\u00fcr die Automobilbranche&nbsp; sowie Walter Finkbeiner, ein Hersteller auf dem Gebiet der Hebetechnik, erstmals angemeldet. Zum wiederholten Male auf der Nufam sind Haweka, Hella, Josam Richttechnik, KS-Tools, Saxon Pr\u00fcftechnik, Werbas und Winkler Fahrzeugteile.<\/p>\n<p>Bereits auf dem 32. Internationalen ADAC Truck-Grand-Prix (30. Juni bis 2. Juli 2017 auf dem N\u00fcrburgring) geht die Nufam mit zwei Promotion-Trucks auf dem Speditionen-Korso ins Rennen und l\u00e4uft sich so schon f\u00fcr die Messe im Herbst warm. Weitere Informationen sind unter  <a href=\"http:\/\/www.nufam.de>www.nufam.de<\/link>&#8220; target=&#8220;_blank&#8220;>www.facebook.com\/nufam.karlsruhe<\/a><\/p>\n","protected":false},"excerpt":{"rendered":"<p>Auch 2017 f\u00e4hrt die Nufam nach eigenen Angaben wieder Erfolge ein: Die drei geplanten Messehallen sind in gro\u00dfen Teilen bereits belegt und optioniert. Deshalb \u00f6ffnet die Karlsruher Messe- und Kongress GmbH ab sofort die vierte Halle des Messegel\u00e4ndes. <span class=\"excerpt-more__dots\">&#8230;<\/span> <a class=\"excerpt-more__link\" href=\"https:\/\/www.krafthand.de\/truck\/artikel\/nutzfahrzeugmesse-karlsruhe-expandiert-vierte-halle-geplant-2984\/\" >weiter<\/a><\/p>\n","protected":false},"author":3,"featured_media":2985,"comment_status":"closed","ping_status":"closed","sticky":false,"template":"","format":"standard","meta":{"footnotes":""},"categories":[5],"tags":[447,407,446],"settings":[],"class_list":["post-2984","post","type-post","status-publish","format-standard","has-post-thumbnail","hentry","category-branche","tag-karlsruhe","tag-nufam","tag-nutzfahrzeugmesse"],"yoast_head":"<!-- This site is optimized with the Yoast SEO plugin v27.3 - https:\/\/yoast.com\/product\/yoast-seo-wordpress\/ -->\n<title>Nutzfahrzeugmesse Karlsruhe expandiert: Vierte Halle geplant - Krafthand-Truck<\/title>\n<meta name=\"robots\" content=\"index, follow, max-snippet:-1, max-image-preview:large, max-video-preview:-1\" \/>\n<link rel=\"canonical\" href=\"https:\/\/www.krafthand.de\/truck\/artikel\/nutzfahrzeugmesse-karlsruhe-expandiert-vierte-halle-geplant-2984\/\" \/>\n<meta property=\"og:locale\" content=\"de_DE\" \/>\n<meta property=\"og:type\" content=\"article\" \/>\n<meta property=\"og:title\" content=\"Nutzfahrzeugmesse Karlsruhe expandiert: Vierte Halle geplant - Krafthand-Truck\" \/>\n<meta property=\"og:description\" content=\"Auch 2017 f\u00e4hrt die Nufam nach eigenen Angaben wieder Erfolge ein: Die drei geplanten Messehallen sind in gro\u00dfen Teilen bereits belegt und optioniert. Deshalb \u00f6ffnet die Karlsruher Messe- und Kongress GmbH ab sofort die vierte Halle des Messegel\u00e4ndes. ... weiter\" \/>\n<meta property=\"og:url\" content=\"https:\/\/www.krafthand-truck.de\/artikel\/nutzfahrzeugmesse-karlsruhe-expandiert-vierte-halle-geplant-2984\/\" \/>\n<meta property=\"og:site_name\" content=\"Krafthand-Truck\" \/>\n<meta property=\"article:published_time\" content=\"2017-03-15T08:07:57+00:00\" \/>\n<meta property=\"og:image\" content=\"https:\/\/www.krafthand.de\/truck\/wp-content\/uploads\/2017\/03\/Nufam_Karlsruhe___.jpg\" \/>\n\t<meta property=\"og:image:width\" content=\"1300\" \/>\n\t<meta property=\"og:image:height\" content=\"939\" \/>\n\t<meta property=\"og:image:type\" content=\"image\/jpeg\" \/>\n<meta name=\"author\" content=\"katja.heid@krafthand.de\" \/>\n<meta name=\"twitter:card\" content=\"summary_large_image\" \/>\n<meta name=\"twitter:label1\" content=\"Verfasst von\" \/>\n\t<meta name=\"twitter:data1\" content=\"katja.heid@krafthand.de\" \/>\n\t<meta name=\"twitter:label2\" content=\"Gesch\u00e4tzte Lesezeit\" \/>\n\t<meta name=\"twitter:data2\" content=\"2\u00a0Minuten\" \/>\n<script type=\"application\/ld+json\" class=\"yoast-schema-graph\">{\"@context\":\"https:\\\/\\\/schema.org\",\"@graph\":[{\"@type\":\"Article\",\"@id\":\"https:\\\/\\\/www.krafthand.de\\\/truck\\\/artikel\\\/nutzfahrzeugmesse-karlsruhe-expandiert-vierte-halle-geplant-2984\\\/#article\",\"isPartOf\":{\"@id\":\"https:\\\/\\\/www.krafthand.de\\\/truck\\\/artikel\\\/nutzfahrzeugmesse-karlsruhe-expandiert-vierte-halle-geplant-2984\\\/\"},\"author\":{\"name\":\"katja.heid@krafthand.de\",\"@id\":\"https:\\\/\\\/www.krafthand.de\\\/truck\\\/#\\\/schema\\\/person\\\/8e290c6d425b72d176adc7767a251001\"},\"headline\":\"Nutzfahrzeugmesse Karlsruhe expandiert: Vierte Halle geplant\",\"datePublished\":\"2017-03-15T08:07:57+00:00\",\"mainEntityOfPage\":{\"@id\":\"https:\\\/\\\/www.krafthand.de\\\/truck\\\/artikel\\\/nutzfahrzeugmesse-karlsruhe-expandiert-vierte-halle-geplant-2984\\\/\"},\"wordCount\":440,\"image\":{\"@id\":\"https:\\\/\\\/www.krafthand.de\\\/truck\\\/artikel\\\/nutzfahrzeugmesse-karlsruhe-expandiert-vierte-halle-geplant-2984\\\/#primaryimage\"},\"thumbnailUrl\":\"https:\\\/\\\/static.krafthand-truck.de\\\/uploads\\\/2017\\\/03\\\/Nufam_Karlsruhe___.jpg\",\"keywords\":[\"Karlsruhe\",\"Nufam\",\"Nutzfahrzeugmesse\"],\"articleSection\":[\"Nfz-Branche\"],\"inLanguage\":\"de\"},{\"@type\":\"WebPage\",\"@id\":\"https:\\\/\\\/www.krafthand.de\\\/truck\\\/artikel\\\/nutzfahrzeugmesse-karlsruhe-expandiert-vierte-halle-geplant-2984\\\/\",\"url\":\"https:\\\/\\\/www.krafthand.de\\\/truck\\\/artikel\\\/nutzfahrzeugmesse-karlsruhe-expandiert-vierte-halle-geplant-2984\\\/\",\"name\":\"Nutzfahrzeugmesse Karlsruhe expandiert: Vierte Halle geplant - Krafthand-Truck\",\"isPartOf\":{\"@id\":\"https:\\\/\\\/www.krafthand.de\\\/truck\\\/#website\"},\"primaryImageOfPage\":{\"@id\":\"https:\\\/\\\/www.krafthand.de\\\/truck\\\/artikel\\\/nutzfahrzeugmesse-karlsruhe-expandiert-vierte-halle-geplant-2984\\\/#primaryimage\"},\"image\":{\"@id\":\"https:\\\/\\\/www.krafthand.de\\\/truck\\\/artikel\\\/nutzfahrzeugmesse-karlsruhe-expandiert-vierte-halle-geplant-2984\\\/#primaryimage\"},\"thumbnailUrl\":\"https:\\\/\\\/static.krafthand-truck.de\\\/uploads\\\/2017\\\/03\\\/Nufam_Karlsruhe___.jpg\",\"datePublished\":\"2017-03-15T08:07:57+00:00\",\"author\":{\"@id\":\"https:\\\/\\\/www.krafthand.de\\\/truck\\\/#\\\/schema\\\/person\\\/8e290c6d425b72d176adc7767a251001\"},\"breadcrumb\":{\"@id\":\"https:\\\/\\\/www.krafthand.de\\\/truck\\\/artikel\\\/nutzfahrzeugmesse-karlsruhe-expandiert-vierte-halle-geplant-2984\\\/#breadcrumb\"},\"inLanguage\":\"de\",\"potentialAction\":[{\"@type\":\"ReadAction\",\"target\":[\"https:\\\/\\\/www.krafthand.de\\\/truck\\\/artikel\\\/nutzfahrzeugmesse-karlsruhe-expandiert-vierte-halle-geplant-2984\\\/\"]}]},{\"@type\":\"ImageObject\",\"inLanguage\":\"de\",\"@id\":\"https:\\\/\\\/www.krafthand.de\\\/truck\\\/artikel\\\/nutzfahrzeugmesse-karlsruhe-expandiert-vierte-halle-geplant-2984\\\/#primaryimage\",\"url\":\"https:\\\/\\\/static.krafthand-truck.de\\\/uploads\\\/2017\\\/03\\\/Nufam_Karlsruhe___.jpg\",\"contentUrl\":\"https:\\\/\\\/static.krafthand-truck.de\\\/uploads\\\/2017\\\/03\\\/Nufam_Karlsruhe___.jpg\",\"width\":1300,\"height\":939,\"caption\":\"W\u00e4hrend der Nufam sind auch vor der Messegeb\u00e4ude Karlsruhe einige Nutzfahrzeuge zu sehen. Bild: Nufam\"},{\"@type\":\"BreadcrumbList\",\"@id\":\"https:\\\/\\\/www.krafthand.de\\\/truck\\\/artikel\\\/nutzfahrzeugmesse-karlsruhe-expandiert-vierte-halle-geplant-2984\\\/#breadcrumb\",\"itemListElement\":[{\"@type\":\"ListItem\",\"position\":1,\"name\":\"Krafthand-Truck\",\"item\":\"https:\\\/\\\/www.krafthand.de\\\/truck\\\/\"},{\"@type\":\"ListItem\",\"position\":2,\"name\":\"Nfz-Branche\",\"item\":\"https:\\\/\\\/www.krafthand.de\\\/truck\\\/kategorie\\\/branche\\\/\"},{\"@type\":\"ListItem\",\"position\":3,\"name\":\"Nutzfahrzeugmesse Karlsruhe expandiert: Vierte Halle geplant\"}]},{\"@type\":\"WebSite\",\"@id\":\"https:\\\/\\\/www.krafthand.de\\\/truck\\\/#website\",\"url\":\"https:\\\/\\\/www.krafthand.de\\\/truck\\\/\",\"name\":\"Krafthand-Truck\",\"description\":\"\",\"potentialAction\":[{\"@type\":\"SearchAction\",\"target\":{\"@type\":\"EntryPoint\",\"urlTemplate\":\"https:\\\/\\\/www.krafthand.de\\\/truck\\\/?s={search_term_string}\"},\"query-input\":{\"@type\":\"PropertyValueSpecification\",\"valueRequired\":true,\"valueName\":\"search_term_string\"}}],\"inLanguage\":\"de\"},{\"@type\":\"Person\",\"@id\":\"https:\\\/\\\/www.krafthand.de\\\/truck\\\/#\\\/schema\\\/person\\\/8e290c6d425b72d176adc7767a251001\",\"name\":\"katja.heid@krafthand.de\",\"image\":{\"@type\":\"ImageObject\",\"inLanguage\":\"de\",\"@id\":\"https:\\\/\\\/secure.gravatar.com\\\/avatar\\\/9a2930c54ede0e0a76c0f8abfb74704de273084f2aa0e3c6deb2c86704c7402b?s=96&d=mm&r=g\",\"url\":\"https:\\\/\\\/secure.gravatar.com\\\/avatar\\\/9a2930c54ede0e0a76c0f8abfb74704de273084f2aa0e3c6deb2c86704c7402b?s=96&d=mm&r=g\",\"contentUrl\":\"https:\\\/\\\/secure.gravatar.com\\\/avatar\\\/9a2930c54ede0e0a76c0f8abfb74704de273084f2aa0e3c6deb2c86704c7402b?s=96&d=mm&r=g\",\"caption\":\"katja.heid@krafthand.de\"}}]}<\/script>\n<!-- \/ Yoast SEO plugin. -->","yoast_head_json":{"title":"Nutzfahrzeugmesse Karlsruhe expandiert: Vierte Halle geplant - Krafthand-Truck","robots":{"index":"index","follow":"follow","max-snippet":"max-snippet:-1","max-image-preview":"max-image-preview:large","max-video-preview":"max-video-preview:-1"},"canonical":"https:\/\/www.krafthand.de\/truck\/artikel\/nutzfahrzeugmesse-karlsruhe-expandiert-vierte-halle-geplant-2984\/","og_locale":"de_DE","og_type":"article","og_title":"Nutzfahrzeugmesse Karlsruhe expandiert: Vierte Halle geplant - Krafthand-Truck","og_description":"Auch 2017 f\u00e4hrt die Nufam nach eigenen Angaben wieder Erfolge ein: Die drei geplanten Messehallen sind in gro\u00dfen Teilen bereits belegt und optioniert. Deshalb \u00f6ffnet die Karlsruher Messe- und Kongress GmbH ab sofort die vierte Halle des Messegel\u00e4ndes. ... weiter","og_url":"https:\/\/www.krafthand-truck.de\/artikel\/nutzfahrzeugmesse-karlsruhe-expandiert-vierte-halle-geplant-2984\/","og_site_name":"Krafthand-Truck","article_published_time":"2017-03-15T08:07:57+00:00","og_image":[{"width":1300,"height":939,"url":"https:\/\/www.krafthand.de\/truck\/wp-content\/uploads\/2017\/03\/Nufam_Karlsruhe___.jpg","type":"image\/jpeg"}],"author":"katja.heid@krafthand.de","twitter_card":"summary_large_image","twitter_misc":{"Verfasst von":"katja.heid@krafthand.de","Gesch\u00e4tzte Lesezeit":"2\u00a0Minuten"},"schema":{"@context":"https:\/\/schema.org","@graph":[{"@type":"Article","@id":"https:\/\/www.krafthand.de\/truck\/artikel\/nutzfahrzeugmesse-karlsruhe-expandiert-vierte-halle-geplant-2984\/#article","isPartOf":{"@id":"https:\/\/www.krafthand.de\/truck\/artikel\/nutzfahrzeugmesse-karlsruhe-expandiert-vierte-halle-geplant-2984\/"},"author":{"name":"katja.heid@krafthand.de","@id":"https:\/\/www.krafthand.de\/truck\/#\/schema\/person\/8e290c6d425b72d176adc7767a251001"},"headline":"Nutzfahrzeugmesse Karlsruhe expandiert: Vierte Halle geplant","datePublished":"2017-03-15T08:07:57+00:00","mainEntityOfPage":{"@id":"https:\/\/www.krafthand.de\/truck\/artikel\/nutzfahrzeugmesse-karlsruhe-expandiert-vierte-halle-geplant-2984\/"},"wordCount":440,"image":{"@id":"https:\/\/www.krafthand.de\/truck\/artikel\/nutzfahrzeugmesse-karlsruhe-expandiert-vierte-halle-geplant-2984\/#primaryimage"},"thumbnailUrl":"https:\/\/static.krafthand-truck.de\/uploads\/2017\/03\/Nufam_Karlsruhe___.jpg","keywords":["Karlsruhe","Nufam","Nutzfahrzeugmesse"],"articleSection":["Nfz-Branche"],"inLanguage":"de"},{"@type":"WebPage","@id":"https:\/\/www.krafthand.de\/truck\/artikel\/nutzfahrzeugmesse-karlsruhe-expandiert-vierte-halle-geplant-2984\/","url":"https:\/\/www.krafthand.de\/truck\/artikel\/nutzfahrzeugmesse-karlsruhe-expandiert-vierte-halle-geplant-2984\/","name":"Nutzfahrzeugmesse Karlsruhe expandiert: Vierte Halle geplant - Krafthand-Truck","isPartOf":{"@id":"https:\/\/www.krafthand.de\/truck\/#website"},"primaryImageOfPage":{"@id":"https:\/\/www.krafthand.de\/truck\/artikel\/nutzfahrzeugmesse-karlsruhe-expandiert-vierte-halle-geplant-2984\/#primaryimage"},"image":{"@id":"https:\/\/www.krafthand.de\/truck\/artikel\/nutzfahrzeugmesse-karlsruhe-expandiert-vierte-halle-geplant-2984\/#primaryimage"},"thumbnailUrl":"https:\/\/static.krafthand-truck.de\/uploads\/2017\/03\/Nufam_Karlsruhe___.jpg","datePublished":"2017-03-15T08:07:57+00:00","author":{"@id":"https:\/\/www.krafthand.de\/truck\/#\/schema\/person\/8e290c6d425b72d176adc7767a251001"},"breadcrumb":{"@id":"https:\/\/www.krafthand.de\/truck\/artikel\/nutzfahrzeugmesse-karlsruhe-expandiert-vierte-halle-geplant-2984\/#breadcrumb"},"inLanguage":"de","potentialAction":[{"@type":"ReadAction","target":["https:\/\/www.krafthand.de\/truck\/artikel\/nutzfahrzeugmesse-karlsruhe-expandiert-vierte-halle-geplant-2984\/"]}]},{"@type":"ImageObject","inLanguage":"de","@id":"https:\/\/www.krafthand.de\/truck\/artikel\/nutzfahrzeugmesse-karlsruhe-expandiert-vierte-halle-geplant-2984\/#primaryimage","url":"https:\/\/static.krafthand-truck.de\/uploads\/2017\/03\/Nufam_Karlsruhe___.jpg","contentUrl":"https:\/\/static.krafthand-truck.de\/uploads\/2017\/03\/Nufam_Karlsruhe___.jpg","width":1300,"height":939,"caption":"W\u00e4hrend der Nufam sind auch vor der Messegeb\u00e4ude Karlsruhe einige Nutzfahrzeuge zu sehen. Bild: Nufam"},{"@type":"BreadcrumbList","@id":"https:\/\/www.krafthand.de\/truck\/artikel\/nutzfahrzeugmesse-karlsruhe-expandiert-vierte-halle-geplant-2984\/#breadcrumb","itemListElement":[{"@type":"ListItem","position":1,"name":"Krafthand-Truck","item":"https:\/\/www.krafthand.de\/truck\/"},{"@type":"ListItem","position":2,"name":"Nfz-Branche","item":"https:\/\/www.krafthand.de\/truck\/kategorie\/branche\/"},{"@type":"ListItem","position":3,"name":"Nutzfahrzeugmesse Karlsruhe expandiert: Vierte Halle geplant"}]},{"@type":"WebSite","@id":"https:\/\/www.krafthand.de\/truck\/#website","url":"https:\/\/www.krafthand.de\/truck\/","name":"Krafthand-Truck","description":"","potentialAction":[{"@type":"SearchAction","target":{"@type":"EntryPoint","urlTemplate":"https:\/\/www.krafthand.de\/truck\/?s={search_term_string}"},"query-input":{"@type":"PropertyValueSpecification","valueRequired":true,"valueName":"search_term_string"}}],"inLanguage":"de"},{"@type":"Person","@id":"https:\/\/www.krafthand.de\/truck\/#\/schema\/person\/8e290c6d425b72d176adc7767a251001","name":"katja.heid@krafthand.de","image":{"@type":"ImageObject","inLanguage":"de","@id":"https:\/\/secure.gravatar.com\/avatar\/9a2930c54ede0e0a76c0f8abfb74704de273084f2aa0e3c6deb2c86704c7402b?s=96&d=mm&r=g","url":"https:\/\/secure.gravatar.com\/avatar\/9a2930c54ede0e0a76c0f8abfb74704de273084f2aa0e3c6deb2c86704c7402b?s=96&d=mm&r=g","contentUrl":"https:\/\/secure.gravatar.com\/avatar\/9a2930c54ede0e0a76c0f8abfb74704de273084f2aa0e3c6deb2c86704c7402b?s=96&d=mm&r=g","caption":"katja.heid@krafthand.de"}}]}},"_links":{"self":[{"href":"https:\/\/www.krafthand.de\/truck\/wp-json\/wp\/v2\/posts\/2984","targetHints":{"allow":["GET"]}}],"collection":[{"href":"https:\/\/www.krafthand.de\/truck\/wp-json\/wp\/v2\/posts"}],"about":[{"href":"https:\/\/www.krafthand.de\/truck\/wp-json\/wp\/v2\/types\/post"}],"author":[{"embeddable":true,"href":"https:\/\/www.krafthand.de\/truck\/wp-json\/wp\/v2\/users\/3"}],"replies":[{"embeddable":true,"href":"https:\/\/www.krafthand.de\/truck\/wp-json\/wp\/v2\/comments?post=2984"}],"version-history":[{"count":0,"href":"https:\/\/www.krafthand.de\/truck\/wp-json\/wp\/v2\/posts\/2984\/revisions"}],"wp:featuredmedia":[{"embeddable":true,"href":"https:\/\/www.krafthand.de\/truck\/wp-json\/wp\/v2\/media\/2985"}],"wp:attachment":[{"href":"https:\/\/www.krafthand.de\/truck\/wp-json\/wp\/v2\/media?parent=2984"}],"wp:term":[{"taxonomy":"category","embeddable":true,"href":"https:\/\/www.krafthand.de\/truck\/wp-json\/wp\/v2\/categories?post=2984"},{"taxonomy":"post_tag","embeddable":true,"href":"https:\/\/www.krafthand.de\/truck\/wp-json\/wp\/v2\/tags?post=2984"},{"taxonomy":"settings","embeddable":true,"href":"https:\/\/www.krafthand.de\/truck\/wp-json\/wp\/v2\/settings?post=2984"}],"curies":[{"name":"wp","href":"https:\/\/api.w.org\/{rel}","templated":true}]}}