{"id":29825,"date":"2021-10-25T10:35:02","date_gmt":"2021-10-25T08:35:02","guid":{"rendered":"https:\/\/www.krafthand.de\/truck\/?p=29825"},"modified":"2021-11-26T15:29:41","modified_gmt":"2021-11-26T14:29:41","slug":"daimler-truck-bekommt-strassenzulassung-fuer-brennstoffzellen-lkw","status":"publish","type":"post","link":"https:\/\/www.krafthand.de\/truck\/artikel\/daimler-truck-bekommt-strassenzulassung-fuer-brennstoffzellen-lkw-29825\/","title":{"rendered":"Daimler-Truck bekommt Stra\u00dfenzulassung f\u00fcr Brennstoffzellen-Lkw"},"content":{"rendered":"<p>Daimler-Truck verfolgt die Technologiestrategie bei der Elektrifizierung der Lkw-Flotte weiter und hat nun den Angaben zufolge den n\u00e4chsten Meilenstein erreicht. So erhielt der weiterentwickelte Prototyp des wasserstoffbasierten Brennstoffzellen-Lkw Mercedes-Benz-GenH2-Truck k\u00fcrzlich die Stra\u00dfenzulassung von den zust\u00e4ndigen deutschen Beh\u00f6rden.<\/p>\n<h3>Erprobung auch auf \u00f6ffentlichen Stra\u00dfen<\/h3>\n<p>Daimler-Truck hatte bereits im April begonnen, den weiterentwickelten Prototyp seines 2020 vorgestellten Mercedes-Benz GenH2 Truck auf abgesperrten Teststrecken des Unternehmens zu erproben. Dort konnte der Brennstoffzellen-Lkw (FCEV), der in der Serienvariante f\u00fcr Reichweiten von bis zu 1.000 Kilometer und mehr ohne Tank-Zwischenstopp konzipiert ist, bereits mehrere tausend Test-Kilometer absolvieren. Nun soll die Erprobung auf \u00f6ffentliche Stra\u00dfen ausgeweitet werden. Dies geschieht unter anderem auf der B462 bei Rastatt, wo im Rahmen des Projekts eWayBW der Warentransport mit dem Betrieb von Oberleitungs-Lkw testweise elektrifiziert werden soll. Hierbei finden auch Vergleichstests des rein batterieelektrischen Mercedes-Benz eActros mit den Oberleitungs-Lkw beziehungsweise Brennstoffzellen-Lkw anderer Fahrzeughersteller statt. Daimler Truck selbst plant ausdr\u00fccklich keine Oberleitungs-Lkw. Bereits seit Juli 2019 bew\u00e4hrt sich der eActros bei der Firma <a href=\"https:\/\/www.logistik-schmitt.de\/\" target=\"_blank\" rel=\"noopener\">Logistik Schmitt<\/a> in der Region um Rastatt im Praxistest (<a href=\"https:\/\/www.krafthand.de\/truck\/artikel\/stiller-begleiter-der-eactros-im-praxistest-bei-logistik-schmitt-27866\/\" target=\"_blank\" rel=\"noopener\">siehe Beitrag<\/a>).<\/p>\n<blockquote><p>&#8222;Je leichter die Ladung und je k\u00fcrzer die Distanz, desto eher wird die Batterie zum Einsatz kommen. Je schwerer die Ladung und je l\u00e4nger die Distanz, desto eher wird die Brennstoffzelle das Mittel der Wahl sein&#8220;, so ein Sprecher der Daimler Truck AG.<\/p><\/blockquote>\n<p>Ab 2027 m\u00f6chte Daimler-Truck die ersten Serienfahrzeuge an Kunden \u00fcbergeben und hat \u00fcberdies die Ambition, bis zum Jahr 2039 in Europa, Japan und Nordamerika nur noch Neufahrzeuge anzubieten, die im Fahrbetrieb (&#8218;tank-to-wheel&#8216;) CO2-neutral sind. Hierf\u00fcr setzt der Lkw-Hersteller auf die Elektrifizierung seiner Fahrzeuge und verfolgt mit dem Einsatz batterieelektrischer Antriebe oder auf Basis von Wasserstoff eine Doppelstrategie (&#8218;dual-track strategy&#8216;). Mit dieser Technologiekombination will Daimler-Truck seinen Kunden je nach Anwendungsfall zuk\u00fcnftig die besten Fahrzeug-Optionen anbieten.<\/p>\n<p><i>Den Beitrag finden Sie auch in der Print-Ausgabe 4\/2021 der <a href=\"https:\/\/www.krafthand.de\/truck\/magazin\/\" title=\"Zum Magazin\">Krafthand-Truck<\/a>.<\/i><\/p>\r\n\t\t\t\t<div class=\"post-author\">\r\n\t\t\t\t\t<div class=\"khm-cp-author clearfix\">\r\n\t\t\t\t\t\t<div class=\"khm-cp-author__content\">\r\n\t\t\t\t\t\t\t\tKontakt zum Autor:<br \/>\r\n\t\t\t\t\t\t\t\t<strong>Georg Blenk<\/strong>, 08247 \/ 3007-45 |  <a href=\"mailto:georg.blenk@krafthand-medien.de\">georg.blenk@krafthand-medien.de<\/a>\r\n\t\t\t\t\t\t\t<div class=\"khm-cp-author__image\">\r\n\t\t\t\t\t\t<img src=\"https:\/\/static.krafthand-truck.de\/uploads\/2021\/01\/Blenk_6104-250x300-1-removebg-preview.png\" class=\"img-responsive\">\r\n\t\t\t\t\t<\/div>\r\n\t\t\t\t\t\t<\/div>\r\n\t\t\t\t\t<\/div>\r\n\t\t\t\t<\/div>\r\n\t\t\t\t","protected":false},"excerpt":{"rendered":"<p>Daimler-Truck verfolgt die Technologiestrategie bei der Elektrifizierung der Lkw-Flotte weiter und hat nun den Angaben zufolge den n\u00e4chsten Meilenstein erreicht. So erhielt der weiterentwickelte Prototyp des wasserstoffbasierten Brennstoffzellen-Lkw Mercedes-Benz GenH2 Truck k\u00fcrzlich die Stra\u00dfenzulassung von den zust\u00e4ndigen deutschen Beh\u00f6rden. <span class=\"excerpt-more__dots\">&#8230;<\/span> <a class=\"excerpt-more__link\" href=\"https:\/\/www.krafthand.de\/truck\/artikel\/daimler-truck-bekommt-strassenzulassung-fuer-brennstoffzellen-lkw-29825\/\" >weiter<\/a><\/p>\n","protected":false},"author":9,"featured_media":29831,"comment_status":"closed","ping_status":"closed","sticky":false,"template":"","format":"standard","meta":{"footnotes":""},"categories":[4224,4915],"tags":[4209,4492,4820,4450,4819,4181],"settings":[3524,3523],"class_list":["post-29825","post","type-post","status-publish","format-standard","has-post-thumbnail","hentry","category-e-antrieb","category-neue-fahrzeuge","tag-brennstoffzelle","tag-daimler-truck","tag-dual-track-strategy","tag-eactros","tag-genh2-truck","tag-wasserstoff"],"yoast_head":"<!-- This site is optimized with the Yoast SEO plugin v27.3 - https:\/\/yoast.com\/product\/yoast-seo-wordpress\/ -->\n<title>Daimler-Truck: Stra\u00dfenzulassung f\u00fcr Brennstoffzellen-Lkw, GenH2-Truck<\/title>\n<meta name=\"description\" content=\"Daimler-Truck: Der Prototyp des wasserstoffbasierten Brennstoffzellen-Lkw Mercedes-Benz GenH2 hat die Stra\u00dfenzulassung von den zust\u00e4ndigen deutschen Beh\u00f6rden erhalten.\" \/>\n<meta name=\"robots\" content=\"index, follow, max-snippet:-1, max-image-preview:large, max-video-preview:-1\" \/>\n<link rel=\"canonical\" href=\"https:\/\/www.krafthand.de\/truck\/artikel\/daimler-truck-bekommt-strassenzulassung-fuer-brennstoffzellen-lkw-29825\/\" \/>\n<meta property=\"og:locale\" content=\"de_DE\" \/>\n<meta property=\"og:type\" content=\"article\" \/>\n<meta property=\"og:title\" content=\"Daimler-Truck: Stra\u00dfenzulassung f\u00fcr Brennstoffzellen-Lkw, GenH2-Truck\" \/>\n<meta property=\"og:description\" content=\"Daimler-Truck: Der Prototyp des wasserstoffbasierten Brennstoffzellen-Lkw Mercedes-Benz GenH2 hat die Stra\u00dfenzulassung von den zust\u00e4ndigen deutschen Beh\u00f6rden erhalten.\" \/>\n<meta property=\"og:url\" content=\"https:\/\/www.krafthand-truck.de\/artikel\/daimler-truck-bekommt-strassenzulassung-fuer-brennstoffzellen-lkw-29825\/\" \/>\n<meta property=\"og:site_name\" content=\"Krafthand-Truck\" \/>\n<meta property=\"article:published_time\" content=\"2021-10-25T08:35:02+00:00\" \/>\n<meta property=\"article:modified_time\" content=\"2021-11-26T14:29:41+00:00\" \/>\n<meta property=\"og:image\" content=\"https:\/\/www.krafthand.de\/truck\/wp-content\/uploads\/2021\/10\/Daimler_Truck_Mercedes-Benz_GenH2_Truck_Krafthand-.jpg\" \/>\n\t<meta property=\"og:image:width\" content=\"1200\" \/>\n\t<meta property=\"og:image:height\" content=\"704\" \/>\n\t<meta property=\"og:image:type\" content=\"image\/jpeg\" \/>\n<meta name=\"author\" content=\"georg.blenk@krafthand-medien.de\" \/>\n<meta name=\"twitter:card\" content=\"summary_large_image\" \/>\n<meta name=\"twitter:label1\" content=\"Verfasst von\" \/>\n\t<meta name=\"twitter:data1\" content=\"georg.blenk@krafthand-medien.de\" \/>\n\t<meta name=\"twitter:label2\" content=\"Gesch\u00e4tzte Lesezeit\" \/>\n\t<meta name=\"twitter:data2\" content=\"2\u00a0Minuten\" \/>\n<script type=\"application\/ld+json\" class=\"yoast-schema-graph\">{\"@context\":\"https:\\\/\\\/schema.org\",\"@graph\":[{\"@type\":\"Article\",\"@id\":\"https:\\\/\\\/www.krafthand.de\\\/truck\\\/artikel\\\/daimler-truck-bekommt-strassenzulassung-fuer-brennstoffzellen-lkw-29825\\\/#article\",\"isPartOf\":{\"@id\":\"https:\\\/\\\/www.krafthand.de\\\/truck\\\/artikel\\\/daimler-truck-bekommt-strassenzulassung-fuer-brennstoffzellen-lkw-29825\\\/\"},\"author\":{\"name\":\"georg.blenk@krafthand-medien.de\",\"@id\":\"https:\\\/\\\/www.krafthand.de\\\/truck\\\/#\\\/schema\\\/person\\\/51fa80b1c57034c4bf63f9f988fc24ce\"},\"headline\":\"Daimler-Truck bekommt Stra\u00dfenzulassung f\u00fcr Brennstoffzellen-Lkw\",\"datePublished\":\"2021-10-25T08:35:02+00:00\",\"dateModified\":\"2021-11-26T14:29:41+00:00\",\"mainEntityOfPage\":{\"@id\":\"https:\\\/\\\/www.krafthand.de\\\/truck\\\/artikel\\\/daimler-truck-bekommt-strassenzulassung-fuer-brennstoffzellen-lkw-29825\\\/\"},\"wordCount\":308,\"image\":{\"@id\":\"https:\\\/\\\/www.krafthand.de\\\/truck\\\/artikel\\\/daimler-truck-bekommt-strassenzulassung-fuer-brennstoffzellen-lkw-29825\\\/#primaryimage\"},\"thumbnailUrl\":\"https:\\\/\\\/static.krafthand-truck.de\\\/uploads\\\/2021\\\/10\\\/Daimler_Truck_Mercedes-Benz_GenH2_Truck_Krafthand-.jpg\",\"keywords\":[\"Brennstoffzelle\",\"Daimler Truck\",\"dual-track strategy\",\"eActros\",\"GenH2 Truck\",\"Wasserstoff\"],\"articleSection\":[\"E-Antrieb (BEV\\\/FCEV)\",\"Neue Fahrzeuge\"],\"inLanguage\":\"de\"},{\"@type\":\"WebPage\",\"@id\":\"https:\\\/\\\/www.krafthand.de\\\/truck\\\/artikel\\\/daimler-truck-bekommt-strassenzulassung-fuer-brennstoffzellen-lkw-29825\\\/\",\"url\":\"https:\\\/\\\/www.krafthand.de\\\/truck\\\/artikel\\\/daimler-truck-bekommt-strassenzulassung-fuer-brennstoffzellen-lkw-29825\\\/\",\"name\":\"Daimler-Truck: Stra\u00dfenzulassung f\u00fcr Brennstoffzellen-Lkw, GenH2-Truck\",\"isPartOf\":{\"@id\":\"https:\\\/\\\/www.krafthand.de\\\/truck\\\/#website\"},\"primaryImageOfPage\":{\"@id\":\"https:\\\/\\\/www.krafthand.de\\\/truck\\\/artikel\\\/daimler-truck-bekommt-strassenzulassung-fuer-brennstoffzellen-lkw-29825\\\/#primaryimage\"},\"image\":{\"@id\":\"https:\\\/\\\/www.krafthand.de\\\/truck\\\/artikel\\\/daimler-truck-bekommt-strassenzulassung-fuer-brennstoffzellen-lkw-29825\\\/#primaryimage\"},\"thumbnailUrl\":\"https:\\\/\\\/static.krafthand-truck.de\\\/uploads\\\/2021\\\/10\\\/Daimler_Truck_Mercedes-Benz_GenH2_Truck_Krafthand-.jpg\",\"datePublished\":\"2021-10-25T08:35:02+00:00\",\"dateModified\":\"2021-11-26T14:29:41+00:00\",\"author\":{\"@id\":\"https:\\\/\\\/www.krafthand.de\\\/truck\\\/#\\\/schema\\\/person\\\/51fa80b1c57034c4bf63f9f988fc24ce\"},\"description\":\"Daimler-Truck: Der Prototyp des wasserstoffbasierten Brennstoffzellen-Lkw Mercedes-Benz GenH2 hat die Stra\u00dfenzulassung von den zust\u00e4ndigen deutschen Beh\u00f6rden erhalten.\",\"breadcrumb\":{\"@id\":\"https:\\\/\\\/www.krafthand.de\\\/truck\\\/artikel\\\/daimler-truck-bekommt-strassenzulassung-fuer-brennstoffzellen-lkw-29825\\\/#breadcrumb\"},\"inLanguage\":\"de\",\"potentialAction\":[{\"@type\":\"ReadAction\",\"target\":[\"https:\\\/\\\/www.krafthand.de\\\/truck\\\/artikel\\\/daimler-truck-bekommt-strassenzulassung-fuer-brennstoffzellen-lkw-29825\\\/\"]}]},{\"@type\":\"ImageObject\",\"inLanguage\":\"de\",\"@id\":\"https:\\\/\\\/www.krafthand.de\\\/truck\\\/artikel\\\/daimler-truck-bekommt-strassenzulassung-fuer-brennstoffzellen-lkw-29825\\\/#primaryimage\",\"url\":\"https:\\\/\\\/static.krafthand-truck.de\\\/uploads\\\/2021\\\/10\\\/Daimler_Truck_Mercedes-Benz_GenH2_Truck_Krafthand-.jpg\",\"contentUrl\":\"https:\\\/\\\/static.krafthand-truck.de\\\/uploads\\\/2021\\\/10\\\/Daimler_Truck_Mercedes-Benz_GenH2_Truck_Krafthand-.jpg\",\"width\":1200,\"height\":704},{\"@type\":\"BreadcrumbList\",\"@id\":\"https:\\\/\\\/www.krafthand.de\\\/truck\\\/artikel\\\/daimler-truck-bekommt-strassenzulassung-fuer-brennstoffzellen-lkw-29825\\\/#breadcrumb\",\"itemListElement\":[{\"@type\":\"ListItem\",\"position\":1,\"name\":\"Krafthand-Truck\",\"item\":\"https:\\\/\\\/www.krafthand.de\\\/truck\\\/\"},{\"@type\":\"ListItem\",\"position\":2,\"name\":\"Nfz-Technik\",\"item\":\"https:\\\/\\\/www.krafthand.de\\\/truck\\\/kategorie\\\/nfz-technik\\\/\"},{\"@type\":\"ListItem\",\"position\":3,\"name\":\"E-Antrieb (BEV\\\/FCEV)\",\"item\":\"https:\\\/\\\/www.krafthand.de\\\/truck\\\/kategorie\\\/nfz-technik\\\/e-antrieb\\\/\"},{\"@type\":\"ListItem\",\"position\":4,\"name\":\"Daimler-Truck bekommt Stra\u00dfenzulassung f\u00fcr Brennstoffzellen-Lkw\"}]},{\"@type\":\"WebSite\",\"@id\":\"https:\\\/\\\/www.krafthand.de\\\/truck\\\/#website\",\"url\":\"https:\\\/\\\/www.krafthand.de\\\/truck\\\/\",\"name\":\"Krafthand-Truck\",\"description\":\"\",\"potentialAction\":[{\"@type\":\"SearchAction\",\"target\":{\"@type\":\"EntryPoint\",\"urlTemplate\":\"https:\\\/\\\/www.krafthand.de\\\/truck\\\/?s={search_term_string}\"},\"query-input\":{\"@type\":\"PropertyValueSpecification\",\"valueRequired\":true,\"valueName\":\"search_term_string\"}}],\"inLanguage\":\"de\"},{\"@type\":\"Person\",\"@id\":\"https:\\\/\\\/www.krafthand.de\\\/truck\\\/#\\\/schema\\\/person\\\/51fa80b1c57034c4bf63f9f988fc24ce\",\"name\":\"georg.blenk@krafthand-medien.de\",\"image\":{\"@type\":\"ImageObject\",\"inLanguage\":\"de\",\"@id\":\"https:\\\/\\\/secure.gravatar.com\\\/avatar\\\/93713c30affe0aa95d3a4130e499bb1abee2eb31adbdd9ce2aa1543538490215?s=96&d=mm&r=g\",\"url\":\"https:\\\/\\\/secure.gravatar.com\\\/avatar\\\/93713c30affe0aa95d3a4130e499bb1abee2eb31adbdd9ce2aa1543538490215?s=96&d=mm&r=g\",\"contentUrl\":\"https:\\\/\\\/secure.gravatar.com\\\/avatar\\\/93713c30affe0aa95d3a4130e499bb1abee2eb31adbdd9ce2aa1543538490215?s=96&d=mm&r=g\",\"caption\":\"georg.blenk@krafthand-medien.de\"}}]}<\/script>\n<!-- \/ Yoast SEO plugin. -->","yoast_head_json":{"title":"Daimler-Truck: Stra\u00dfenzulassung f\u00fcr Brennstoffzellen-Lkw, GenH2-Truck","description":"Daimler-Truck: Der Prototyp des wasserstoffbasierten Brennstoffzellen-Lkw Mercedes-Benz GenH2 hat die Stra\u00dfenzulassung von den zust\u00e4ndigen deutschen Beh\u00f6rden erhalten.","robots":{"index":"index","follow":"follow","max-snippet":"max-snippet:-1","max-image-preview":"max-image-preview:large","max-video-preview":"max-video-preview:-1"},"canonical":"https:\/\/www.krafthand.de\/truck\/artikel\/daimler-truck-bekommt-strassenzulassung-fuer-brennstoffzellen-lkw-29825\/","og_locale":"de_DE","og_type":"article","og_title":"Daimler-Truck: Stra\u00dfenzulassung f\u00fcr Brennstoffzellen-Lkw, GenH2-Truck","og_description":"Daimler-Truck: Der Prototyp des wasserstoffbasierten Brennstoffzellen-Lkw Mercedes-Benz GenH2 hat die Stra\u00dfenzulassung von den zust\u00e4ndigen deutschen Beh\u00f6rden erhalten.","og_url":"https:\/\/www.krafthand-truck.de\/artikel\/daimler-truck-bekommt-strassenzulassung-fuer-brennstoffzellen-lkw-29825\/","og_site_name":"Krafthand-Truck","article_published_time":"2021-10-25T08:35:02+00:00","article_modified_time":"2021-11-26T14:29:41+00:00","og_image":[{"width":1200,"height":704,"url":"https:\/\/www.krafthand.de\/truck\/wp-content\/uploads\/2021\/10\/Daimler_Truck_Mercedes-Benz_GenH2_Truck_Krafthand-.jpg","type":"image\/jpeg"}],"author":"georg.blenk@krafthand-medien.de","twitter_card":"summary_large_image","twitter_misc":{"Verfasst von":"georg.blenk@krafthand-medien.de","Gesch\u00e4tzte Lesezeit":"2\u00a0Minuten"},"schema":{"@context":"https:\/\/schema.org","@graph":[{"@type":"Article","@id":"https:\/\/www.krafthand.de\/truck\/artikel\/daimler-truck-bekommt-strassenzulassung-fuer-brennstoffzellen-lkw-29825\/#article","isPartOf":{"@id":"https:\/\/www.krafthand.de\/truck\/artikel\/daimler-truck-bekommt-strassenzulassung-fuer-brennstoffzellen-lkw-29825\/"},"author":{"name":"georg.blenk@krafthand-medien.de","@id":"https:\/\/www.krafthand.de\/truck\/#\/schema\/person\/51fa80b1c57034c4bf63f9f988fc24ce"},"headline":"Daimler-Truck bekommt Stra\u00dfenzulassung f\u00fcr Brennstoffzellen-Lkw","datePublished":"2021-10-25T08:35:02+00:00","dateModified":"2021-11-26T14:29:41+00:00","mainEntityOfPage":{"@id":"https:\/\/www.krafthand.de\/truck\/artikel\/daimler-truck-bekommt-strassenzulassung-fuer-brennstoffzellen-lkw-29825\/"},"wordCount":308,"image":{"@id":"https:\/\/www.krafthand.de\/truck\/artikel\/daimler-truck-bekommt-strassenzulassung-fuer-brennstoffzellen-lkw-29825\/#primaryimage"},"thumbnailUrl":"https:\/\/static.krafthand-truck.de\/uploads\/2021\/10\/Daimler_Truck_Mercedes-Benz_GenH2_Truck_Krafthand-.jpg","keywords":["Brennstoffzelle","Daimler Truck","dual-track strategy","eActros","GenH2 Truck","Wasserstoff"],"articleSection":["E-Antrieb (BEV\/FCEV)","Neue Fahrzeuge"],"inLanguage":"de"},{"@type":"WebPage","@id":"https:\/\/www.krafthand.de\/truck\/artikel\/daimler-truck-bekommt-strassenzulassung-fuer-brennstoffzellen-lkw-29825\/","url":"https:\/\/www.krafthand.de\/truck\/artikel\/daimler-truck-bekommt-strassenzulassung-fuer-brennstoffzellen-lkw-29825\/","name":"Daimler-Truck: Stra\u00dfenzulassung f\u00fcr Brennstoffzellen-Lkw, GenH2-Truck","isPartOf":{"@id":"https:\/\/www.krafthand.de\/truck\/#website"},"primaryImageOfPage":{"@id":"https:\/\/www.krafthand.de\/truck\/artikel\/daimler-truck-bekommt-strassenzulassung-fuer-brennstoffzellen-lkw-29825\/#primaryimage"},"image":{"@id":"https:\/\/www.krafthand.de\/truck\/artikel\/daimler-truck-bekommt-strassenzulassung-fuer-brennstoffzellen-lkw-29825\/#primaryimage"},"thumbnailUrl":"https:\/\/static.krafthand-truck.de\/uploads\/2021\/10\/Daimler_Truck_Mercedes-Benz_GenH2_Truck_Krafthand-.jpg","datePublished":"2021-10-25T08:35:02+00:00","dateModified":"2021-11-26T14:29:41+00:00","author":{"@id":"https:\/\/www.krafthand.de\/truck\/#\/schema\/person\/51fa80b1c57034c4bf63f9f988fc24ce"},"description":"Daimler-Truck: Der Prototyp des wasserstoffbasierten Brennstoffzellen-Lkw Mercedes-Benz GenH2 hat die Stra\u00dfenzulassung von den zust\u00e4ndigen deutschen Beh\u00f6rden erhalten.","breadcrumb":{"@id":"https:\/\/www.krafthand.de\/truck\/artikel\/daimler-truck-bekommt-strassenzulassung-fuer-brennstoffzellen-lkw-29825\/#breadcrumb"},"inLanguage":"de","potentialAction":[{"@type":"ReadAction","target":["https:\/\/www.krafthand.de\/truck\/artikel\/daimler-truck-bekommt-strassenzulassung-fuer-brennstoffzellen-lkw-29825\/"]}]},{"@type":"ImageObject","inLanguage":"de","@id":"https:\/\/www.krafthand.de\/truck\/artikel\/daimler-truck-bekommt-strassenzulassung-fuer-brennstoffzellen-lkw-29825\/#primaryimage","url":"https:\/\/static.krafthand-truck.de\/uploads\/2021\/10\/Daimler_Truck_Mercedes-Benz_GenH2_Truck_Krafthand-.jpg","contentUrl":"https:\/\/static.krafthand-truck.de\/uploads\/2021\/10\/Daimler_Truck_Mercedes-Benz_GenH2_Truck_Krafthand-.jpg","width":1200,"height":704},{"@type":"BreadcrumbList","@id":"https:\/\/www.krafthand.de\/truck\/artikel\/daimler-truck-bekommt-strassenzulassung-fuer-brennstoffzellen-lkw-29825\/#breadcrumb","itemListElement":[{"@type":"ListItem","position":1,"name":"Krafthand-Truck","item":"https:\/\/www.krafthand.de\/truck\/"},{"@type":"ListItem","position":2,"name":"Nfz-Technik","item":"https:\/\/www.krafthand.de\/truck\/kategorie\/nfz-technik\/"},{"@type":"ListItem","position":3,"name":"E-Antrieb (BEV\/FCEV)","item":"https:\/\/www.krafthand.de\/truck\/kategorie\/nfz-technik\/e-antrieb\/"},{"@type":"ListItem","position":4,"name":"Daimler-Truck bekommt Stra\u00dfenzulassung f\u00fcr Brennstoffzellen-Lkw"}]},{"@type":"WebSite","@id":"https:\/\/www.krafthand.de\/truck\/#website","url":"https:\/\/www.krafthand.de\/truck\/","name":"Krafthand-Truck","description":"","potentialAction":[{"@type":"SearchAction","target":{"@type":"EntryPoint","urlTemplate":"https:\/\/www.krafthand.de\/truck\/?s={search_term_string}"},"query-input":{"@type":"PropertyValueSpecification","valueRequired":true,"valueName":"search_term_string"}}],"inLanguage":"de"},{"@type":"Person","@id":"https:\/\/www.krafthand.de\/truck\/#\/schema\/person\/51fa80b1c57034c4bf63f9f988fc24ce","name":"georg.blenk@krafthand-medien.de","image":{"@type":"ImageObject","inLanguage":"de","@id":"https:\/\/secure.gravatar.com\/avatar\/93713c30affe0aa95d3a4130e499bb1abee2eb31adbdd9ce2aa1543538490215?s=96&d=mm&r=g","url":"https:\/\/secure.gravatar.com\/avatar\/93713c30affe0aa95d3a4130e499bb1abee2eb31adbdd9ce2aa1543538490215?s=96&d=mm&r=g","contentUrl":"https:\/\/secure.gravatar.com\/avatar\/93713c30affe0aa95d3a4130e499bb1abee2eb31adbdd9ce2aa1543538490215?s=96&d=mm&r=g","caption":"georg.blenk@krafthand-medien.de"}}]}},"_links":{"self":[{"href":"https:\/\/www.krafthand.de\/truck\/wp-json\/wp\/v2\/posts\/29825","targetHints":{"allow":["GET"]}}],"collection":[{"href":"https:\/\/www.krafthand.de\/truck\/wp-json\/wp\/v2\/posts"}],"about":[{"href":"https:\/\/www.krafthand.de\/truck\/wp-json\/wp\/v2\/types\/post"}],"author":[{"embeddable":true,"href":"https:\/\/www.krafthand.de\/truck\/wp-json\/wp\/v2\/users\/9"}],"replies":[{"embeddable":true,"href":"https:\/\/www.krafthand.de\/truck\/wp-json\/wp\/v2\/comments?post=29825"}],"version-history":[{"count":12,"href":"https:\/\/www.krafthand.de\/truck\/wp-json\/wp\/v2\/posts\/29825\/revisions"}],"predecessor-version":[{"id":29838,"href":"https:\/\/www.krafthand.de\/truck\/wp-json\/wp\/v2\/posts\/29825\/revisions\/29838"}],"wp:featuredmedia":[{"embeddable":true,"href":"https:\/\/www.krafthand.de\/truck\/wp-json\/wp\/v2\/media\/29831"}],"wp:attachment":[{"href":"https:\/\/www.krafthand.de\/truck\/wp-json\/wp\/v2\/media?parent=29825"}],"wp:term":[{"taxonomy":"category","embeddable":true,"href":"https:\/\/www.krafthand.de\/truck\/wp-json\/wp\/v2\/categories?post=29825"},{"taxonomy":"post_tag","embeddable":true,"href":"https:\/\/www.krafthand.de\/truck\/wp-json\/wp\/v2\/tags?post=29825"},{"taxonomy":"settings","embeddable":true,"href":"https:\/\/www.krafthand.de\/truck\/wp-json\/wp\/v2\/settings?post=29825"}],"curies":[{"name":"wp","href":"https:\/\/api.w.org\/{rel}","templated":true}]}}