{"id":2980,"date":"2017-03-07T12:47:21","date_gmt":"2017-03-07T11:47:21","guid":{"rendered":"https:\/\/www.krafthand.de\/truck\/artikel\/absatzplus-in-brasilien-actros-lkw-von-daimler-fahren-rekordernte-ein-2980\/"},"modified":"2017-03-07T12:47:21","modified_gmt":"2017-03-07T11:47:21","slug":"absatzplus-in-brasilien-actros-lkw-von-daimler-fahren-rekordernte-ein","status":"publish","type":"post","link":"https:\/\/www.krafthand.de\/truck\/artikel\/absatzplus-in-brasilien-actros-lkw-von-daimler-fahren-rekordernte-ein-2980\/","title":{"rendered":"Absatzplus in Brasilien: &#8222;Actros&#8220;-Lkw von Daimler fahren Rekordernte ein"},"content":{"rendered":"<p class=\"text-colored\">Um die diesj\u00e4hrige Rekordernte von \u00fcber 200 Millionen Tonnen Soja, Mais und Bohnen einfahren zu k\u00f6nnen, vertrauen laut Daimler immer mehr Kunden auf den 2016 vorgestellten brasilianischen Schwerlast-Lkw Mercedes-Benz Actros. So auch die Cereal Group, eines der f\u00fchrenden brasilianischen Agrarunternehmen, die ihre Flotte im vergangenen Jahr um 15 Actros Lkw verst\u00e4rkt hat.<\/p>\n<p>Mit \u00fcber 900 Einheiten verzeichnete der Actros 2016 ein Absatzplus von mehr als 75 Prozent in Brasilien. Sein Fahrwerk und die Kabine sind speziell f\u00fcr die teils widrigsten Stra\u00dfenbedingungen im lateinamerikanischen Markt konzipiert.<br \/>\nMit einem um bis zu f\u00fcnf Prozent niedrigeren Kraftstoffverbrauch, einem zul\u00e4ssigen Gesamtgewicht von bis zu 74 Tonnen und noch geringeren Ausfallzeiten senkt er die Betriebskosten verglichen mit dem Vorg\u00e4ngermodell, betont Daimler. Mercedes-Benz do Brasil war in 2016 mit einem Marktanteil von 29,8 Prozent Marktf\u00fchrer im Lkw-Segment.<\/p>\n","protected":false},"excerpt":{"rendered":"<p>Um die diesj\u00e4hrige Rekordernte von \u00fcber 200 Millionen Tonnen Soja, Mais und Bohnen einfahren zu k\u00f6nnen, vertrauen laut Daimler immer mehr Kunden auf den 2016 vorgestellten brasilianischen Schwerlast-Lkw Mercedes-Benz Actros. So auch die Cereal Group, eines der f\u00fchrenden brasilianischen Agrarunternehmen, die ihre Flotte im vergangenen Jahr um 15 Actros Lkw verst\u00e4rkt hat. <span class=\"excerpt-more__dots\">&#8230;<\/span> <a class=\"excerpt-more__link\" href=\"https:\/\/www.krafthand.de\/truck\/artikel\/absatzplus-in-brasilien-actros-lkw-von-daimler-fahren-rekordernte-ein-2980\/\" >weiter<\/a><\/p>\n","protected":false},"author":3,"featured_media":2981,"comment_status":"closed","ping_status":"closed","sticky":false,"template":"","format":"standard","meta":{"footnotes":""},"categories":[5],"tags":[481,56],"settings":[],"class_list":["post-2980","post","type-post","status-publish","format-standard","has-post-thumbnail","hentry","category-branche","tag-actros","tag-lkw"],"yoast_head":"<!-- This site is optimized with the Yoast SEO plugin v27.3 - https:\/\/yoast.com\/product\/yoast-seo-wordpress\/ -->\n<title>Absatzplus in Brasilien: &quot;Actros&quot;-Lkw von Daimler fahren Rekordernte ein - Krafthand-Truck<\/title>\n<meta name=\"robots\" content=\"index, follow, max-snippet:-1, max-image-preview:large, max-video-preview:-1\" \/>\n<link rel=\"canonical\" href=\"https:\/\/www.krafthand.de\/truck\/artikel\/absatzplus-in-brasilien-actros-lkw-von-daimler-fahren-rekordernte-ein-2980\/\" \/>\n<meta property=\"og:locale\" content=\"de_DE\" \/>\n<meta property=\"og:type\" content=\"article\" \/>\n<meta property=\"og:title\" content=\"Absatzplus in Brasilien: &quot;Actros&quot;-Lkw von Daimler fahren Rekordernte ein - Krafthand-Truck\" \/>\n<meta property=\"og:description\" content=\"Um die diesj\u00e4hrige Rekordernte von \u00fcber 200 Millionen Tonnen Soja, Mais und Bohnen einfahren zu k\u00f6nnen, vertrauen laut Daimler immer mehr Kunden auf den 2016 vorgestellten brasilianischen Schwerlast-Lkw Mercedes-Benz Actros. So auch die Cereal Group, eines der f\u00fchrenden brasilianischen Agrarunternehmen, die ihre Flotte im vergangenen Jahr um 15 Actros Lkw verst\u00e4rkt hat. ... weiter\" \/>\n<meta property=\"og:url\" content=\"https:\/\/www.krafthand-truck.de\/artikel\/absatzplus-in-brasilien-actros-lkw-von-daimler-fahren-rekordernte-ein-2980\/\" \/>\n<meta property=\"og:site_name\" content=\"Krafthand-Truck\" \/>\n<meta property=\"article:published_time\" content=\"2017-03-07T11:47:21+00:00\" \/>\n<meta property=\"og:image\" content=\"https:\/\/www.krafthand.de\/truck\/wp-content\/uploads\/2017\/03\/Actros_Lkw.jpg\" \/>\n\t<meta property=\"og:image:width\" content=\"1024\" \/>\n\t<meta property=\"og:image:height\" content=\"683\" \/>\n\t<meta property=\"og:image:type\" content=\"image\/jpeg\" \/>\n<meta name=\"author\" content=\"katja.heid@krafthand.de\" \/>\n<meta name=\"twitter:card\" content=\"summary_large_image\" \/>\n<meta name=\"twitter:label1\" content=\"Verfasst von\" \/>\n\t<meta name=\"twitter:data1\" content=\"katja.heid@krafthand.de\" \/>\n\t<meta name=\"twitter:label2\" content=\"Gesch\u00e4tzte Lesezeit\" \/>\n\t<meta name=\"twitter:data2\" content=\"1\u00a0Minute\" \/>\n<script type=\"application\/ld+json\" class=\"yoast-schema-graph\">{\"@context\":\"https:\\\/\\\/schema.org\",\"@graph\":[{\"@type\":\"Article\",\"@id\":\"https:\\\/\\\/www.krafthand.de\\\/truck\\\/artikel\\\/absatzplus-in-brasilien-actros-lkw-von-daimler-fahren-rekordernte-ein-2980\\\/#article\",\"isPartOf\":{\"@id\":\"https:\\\/\\\/www.krafthand.de\\\/truck\\\/artikel\\\/absatzplus-in-brasilien-actros-lkw-von-daimler-fahren-rekordernte-ein-2980\\\/\"},\"author\":{\"name\":\"katja.heid@krafthand.de\",\"@id\":\"https:\\\/\\\/www.krafthand.de\\\/truck\\\/#\\\/schema\\\/person\\\/8e290c6d425b72d176adc7767a251001\"},\"headline\":\"Absatzplus in Brasilien: &#8222;Actros&#8220;-Lkw von Daimler fahren Rekordernte ein\",\"datePublished\":\"2017-03-07T11:47:21+00:00\",\"mainEntityOfPage\":{\"@id\":\"https:\\\/\\\/www.krafthand.de\\\/truck\\\/artikel\\\/absatzplus-in-brasilien-actros-lkw-von-daimler-fahren-rekordernte-ein-2980\\\/\"},\"wordCount\":144,\"image\":{\"@id\":\"https:\\\/\\\/www.krafthand.de\\\/truck\\\/artikel\\\/absatzplus-in-brasilien-actros-lkw-von-daimler-fahren-rekordernte-ein-2980\\\/#primaryimage\"},\"thumbnailUrl\":\"https:\\\/\\\/static.krafthand-truck.de\\\/uploads\\\/2017\\\/03\\\/Actros_Lkw.jpg\",\"keywords\":[\"Actros\",\"Lkw\"],\"articleSection\":[\"Nfz-Branche\"],\"inLanguage\":\"de\"},{\"@type\":\"WebPage\",\"@id\":\"https:\\\/\\\/www.krafthand.de\\\/truck\\\/artikel\\\/absatzplus-in-brasilien-actros-lkw-von-daimler-fahren-rekordernte-ein-2980\\\/\",\"url\":\"https:\\\/\\\/www.krafthand.de\\\/truck\\\/artikel\\\/absatzplus-in-brasilien-actros-lkw-von-daimler-fahren-rekordernte-ein-2980\\\/\",\"name\":\"Absatzplus in Brasilien: \\\"Actros\\\"-Lkw von Daimler fahren Rekordernte ein - Krafthand-Truck\",\"isPartOf\":{\"@id\":\"https:\\\/\\\/www.krafthand.de\\\/truck\\\/#website\"},\"primaryImageOfPage\":{\"@id\":\"https:\\\/\\\/www.krafthand.de\\\/truck\\\/artikel\\\/absatzplus-in-brasilien-actros-lkw-von-daimler-fahren-rekordernte-ein-2980\\\/#primaryimage\"},\"image\":{\"@id\":\"https:\\\/\\\/www.krafthand.de\\\/truck\\\/artikel\\\/absatzplus-in-brasilien-actros-lkw-von-daimler-fahren-rekordernte-ein-2980\\\/#primaryimage\"},\"thumbnailUrl\":\"https:\\\/\\\/static.krafthand-truck.de\\\/uploads\\\/2017\\\/03\\\/Actros_Lkw.jpg\",\"datePublished\":\"2017-03-07T11:47:21+00:00\",\"author\":{\"@id\":\"https:\\\/\\\/www.krafthand.de\\\/truck\\\/#\\\/schema\\\/person\\\/8e290c6d425b72d176adc7767a251001\"},\"breadcrumb\":{\"@id\":\"https:\\\/\\\/www.krafthand.de\\\/truck\\\/artikel\\\/absatzplus-in-brasilien-actros-lkw-von-daimler-fahren-rekordernte-ein-2980\\\/#breadcrumb\"},\"inLanguage\":\"de\",\"potentialAction\":[{\"@type\":\"ReadAction\",\"target\":[\"https:\\\/\\\/www.krafthand.de\\\/truck\\\/artikel\\\/absatzplus-in-brasilien-actros-lkw-von-daimler-fahren-rekordernte-ein-2980\\\/\"]}]},{\"@type\":\"ImageObject\",\"inLanguage\":\"de\",\"@id\":\"https:\\\/\\\/www.krafthand.de\\\/truck\\\/artikel\\\/absatzplus-in-brasilien-actros-lkw-von-daimler-fahren-rekordernte-ein-2980\\\/#primaryimage\",\"url\":\"https:\\\/\\\/static.krafthand-truck.de\\\/uploads\\\/2017\\\/03\\\/Actros_Lkw.jpg\",\"contentUrl\":\"https:\\\/\\\/static.krafthand-truck.de\\\/uploads\\\/2017\\\/03\\\/Actros_Lkw.jpg\",\"width\":1024,\"height\":683,\"caption\":\"Ein \\\"Actros\\\"-Lkw von Mercedes-Benz f\u00e4hrt die brasilianische Ernte ein. Bild: Mercedes-Benz\"},{\"@type\":\"BreadcrumbList\",\"@id\":\"https:\\\/\\\/www.krafthand.de\\\/truck\\\/artikel\\\/absatzplus-in-brasilien-actros-lkw-von-daimler-fahren-rekordernte-ein-2980\\\/#breadcrumb\",\"itemListElement\":[{\"@type\":\"ListItem\",\"position\":1,\"name\":\"Krafthand-Truck\",\"item\":\"https:\\\/\\\/www.krafthand.de\\\/truck\\\/\"},{\"@type\":\"ListItem\",\"position\":2,\"name\":\"Nfz-Branche\",\"item\":\"https:\\\/\\\/www.krafthand.de\\\/truck\\\/kategorie\\\/branche\\\/\"},{\"@type\":\"ListItem\",\"position\":3,\"name\":\"Absatzplus in Brasilien: &#8222;Actros&#8220;-Lkw von Daimler fahren Rekordernte ein\"}]},{\"@type\":\"WebSite\",\"@id\":\"https:\\\/\\\/www.krafthand.de\\\/truck\\\/#website\",\"url\":\"https:\\\/\\\/www.krafthand.de\\\/truck\\\/\",\"name\":\"Krafthand-Truck\",\"description\":\"\",\"potentialAction\":[{\"@type\":\"SearchAction\",\"target\":{\"@type\":\"EntryPoint\",\"urlTemplate\":\"https:\\\/\\\/www.krafthand.de\\\/truck\\\/?s={search_term_string}\"},\"query-input\":{\"@type\":\"PropertyValueSpecification\",\"valueRequired\":true,\"valueName\":\"search_term_string\"}}],\"inLanguage\":\"de\"},{\"@type\":\"Person\",\"@id\":\"https:\\\/\\\/www.krafthand.de\\\/truck\\\/#\\\/schema\\\/person\\\/8e290c6d425b72d176adc7767a251001\",\"name\":\"katja.heid@krafthand.de\",\"image\":{\"@type\":\"ImageObject\",\"inLanguage\":\"de\",\"@id\":\"https:\\\/\\\/secure.gravatar.com\\\/avatar\\\/9a2930c54ede0e0a76c0f8abfb74704de273084f2aa0e3c6deb2c86704c7402b?s=96&d=mm&r=g\",\"url\":\"https:\\\/\\\/secure.gravatar.com\\\/avatar\\\/9a2930c54ede0e0a76c0f8abfb74704de273084f2aa0e3c6deb2c86704c7402b?s=96&d=mm&r=g\",\"contentUrl\":\"https:\\\/\\\/secure.gravatar.com\\\/avatar\\\/9a2930c54ede0e0a76c0f8abfb74704de273084f2aa0e3c6deb2c86704c7402b?s=96&d=mm&r=g\",\"caption\":\"katja.heid@krafthand.de\"}}]}<\/script>\n<!-- \/ Yoast SEO plugin. -->","yoast_head_json":{"title":"Absatzplus in Brasilien: \"Actros\"-Lkw von Daimler fahren Rekordernte ein - Krafthand-Truck","robots":{"index":"index","follow":"follow","max-snippet":"max-snippet:-1","max-image-preview":"max-image-preview:large","max-video-preview":"max-video-preview:-1"},"canonical":"https:\/\/www.krafthand.de\/truck\/artikel\/absatzplus-in-brasilien-actros-lkw-von-daimler-fahren-rekordernte-ein-2980\/","og_locale":"de_DE","og_type":"article","og_title":"Absatzplus in Brasilien: \"Actros\"-Lkw von Daimler fahren Rekordernte ein - Krafthand-Truck","og_description":"Um die diesj\u00e4hrige Rekordernte von \u00fcber 200 Millionen Tonnen Soja, Mais und Bohnen einfahren zu k\u00f6nnen, vertrauen laut Daimler immer mehr Kunden auf den 2016 vorgestellten brasilianischen Schwerlast-Lkw Mercedes-Benz Actros. So auch die Cereal Group, eines der f\u00fchrenden brasilianischen Agrarunternehmen, die ihre Flotte im vergangenen Jahr um 15 Actros Lkw verst\u00e4rkt hat. ... weiter","og_url":"https:\/\/www.krafthand-truck.de\/artikel\/absatzplus-in-brasilien-actros-lkw-von-daimler-fahren-rekordernte-ein-2980\/","og_site_name":"Krafthand-Truck","article_published_time":"2017-03-07T11:47:21+00:00","og_image":[{"width":1024,"height":683,"url":"https:\/\/www.krafthand.de\/truck\/wp-content\/uploads\/2017\/03\/Actros_Lkw.jpg","type":"image\/jpeg"}],"author":"katja.heid@krafthand.de","twitter_card":"summary_large_image","twitter_misc":{"Verfasst von":"katja.heid@krafthand.de","Gesch\u00e4tzte Lesezeit":"1\u00a0Minute"},"schema":{"@context":"https:\/\/schema.org","@graph":[{"@type":"Article","@id":"https:\/\/www.krafthand.de\/truck\/artikel\/absatzplus-in-brasilien-actros-lkw-von-daimler-fahren-rekordernte-ein-2980\/#article","isPartOf":{"@id":"https:\/\/www.krafthand.de\/truck\/artikel\/absatzplus-in-brasilien-actros-lkw-von-daimler-fahren-rekordernte-ein-2980\/"},"author":{"name":"katja.heid@krafthand.de","@id":"https:\/\/www.krafthand.de\/truck\/#\/schema\/person\/8e290c6d425b72d176adc7767a251001"},"headline":"Absatzplus in Brasilien: &#8222;Actros&#8220;-Lkw von Daimler fahren Rekordernte ein","datePublished":"2017-03-07T11:47:21+00:00","mainEntityOfPage":{"@id":"https:\/\/www.krafthand.de\/truck\/artikel\/absatzplus-in-brasilien-actros-lkw-von-daimler-fahren-rekordernte-ein-2980\/"},"wordCount":144,"image":{"@id":"https:\/\/www.krafthand.de\/truck\/artikel\/absatzplus-in-brasilien-actros-lkw-von-daimler-fahren-rekordernte-ein-2980\/#primaryimage"},"thumbnailUrl":"https:\/\/static.krafthand-truck.de\/uploads\/2017\/03\/Actros_Lkw.jpg","keywords":["Actros","Lkw"],"articleSection":["Nfz-Branche"],"inLanguage":"de"},{"@type":"WebPage","@id":"https:\/\/www.krafthand.de\/truck\/artikel\/absatzplus-in-brasilien-actros-lkw-von-daimler-fahren-rekordernte-ein-2980\/","url":"https:\/\/www.krafthand.de\/truck\/artikel\/absatzplus-in-brasilien-actros-lkw-von-daimler-fahren-rekordernte-ein-2980\/","name":"Absatzplus in Brasilien: \"Actros\"-Lkw von Daimler fahren Rekordernte ein - Krafthand-Truck","isPartOf":{"@id":"https:\/\/www.krafthand.de\/truck\/#website"},"primaryImageOfPage":{"@id":"https:\/\/www.krafthand.de\/truck\/artikel\/absatzplus-in-brasilien-actros-lkw-von-daimler-fahren-rekordernte-ein-2980\/#primaryimage"},"image":{"@id":"https:\/\/www.krafthand.de\/truck\/artikel\/absatzplus-in-brasilien-actros-lkw-von-daimler-fahren-rekordernte-ein-2980\/#primaryimage"},"thumbnailUrl":"https:\/\/static.krafthand-truck.de\/uploads\/2017\/03\/Actros_Lkw.jpg","datePublished":"2017-03-07T11:47:21+00:00","author":{"@id":"https:\/\/www.krafthand.de\/truck\/#\/schema\/person\/8e290c6d425b72d176adc7767a251001"},"breadcrumb":{"@id":"https:\/\/www.krafthand.de\/truck\/artikel\/absatzplus-in-brasilien-actros-lkw-von-daimler-fahren-rekordernte-ein-2980\/#breadcrumb"},"inLanguage":"de","potentialAction":[{"@type":"ReadAction","target":["https:\/\/www.krafthand.de\/truck\/artikel\/absatzplus-in-brasilien-actros-lkw-von-daimler-fahren-rekordernte-ein-2980\/"]}]},{"@type":"ImageObject","inLanguage":"de","@id":"https:\/\/www.krafthand.de\/truck\/artikel\/absatzplus-in-brasilien-actros-lkw-von-daimler-fahren-rekordernte-ein-2980\/#primaryimage","url":"https:\/\/static.krafthand-truck.de\/uploads\/2017\/03\/Actros_Lkw.jpg","contentUrl":"https:\/\/static.krafthand-truck.de\/uploads\/2017\/03\/Actros_Lkw.jpg","width":1024,"height":683,"caption":"Ein \"Actros\"-Lkw von Mercedes-Benz f\u00e4hrt die brasilianische Ernte ein. Bild: Mercedes-Benz"},{"@type":"BreadcrumbList","@id":"https:\/\/www.krafthand.de\/truck\/artikel\/absatzplus-in-brasilien-actros-lkw-von-daimler-fahren-rekordernte-ein-2980\/#breadcrumb","itemListElement":[{"@type":"ListItem","position":1,"name":"Krafthand-Truck","item":"https:\/\/www.krafthand.de\/truck\/"},{"@type":"ListItem","position":2,"name":"Nfz-Branche","item":"https:\/\/www.krafthand.de\/truck\/kategorie\/branche\/"},{"@type":"ListItem","position":3,"name":"Absatzplus in Brasilien: &#8222;Actros&#8220;-Lkw von Daimler fahren Rekordernte ein"}]},{"@type":"WebSite","@id":"https:\/\/www.krafthand.de\/truck\/#website","url":"https:\/\/www.krafthand.de\/truck\/","name":"Krafthand-Truck","description":"","potentialAction":[{"@type":"SearchAction","target":{"@type":"EntryPoint","urlTemplate":"https:\/\/www.krafthand.de\/truck\/?s={search_term_string}"},"query-input":{"@type":"PropertyValueSpecification","valueRequired":true,"valueName":"search_term_string"}}],"inLanguage":"de"},{"@type":"Person","@id":"https:\/\/www.krafthand.de\/truck\/#\/schema\/person\/8e290c6d425b72d176adc7767a251001","name":"katja.heid@krafthand.de","image":{"@type":"ImageObject","inLanguage":"de","@id":"https:\/\/secure.gravatar.com\/avatar\/9a2930c54ede0e0a76c0f8abfb74704de273084f2aa0e3c6deb2c86704c7402b?s=96&d=mm&r=g","url":"https:\/\/secure.gravatar.com\/avatar\/9a2930c54ede0e0a76c0f8abfb74704de273084f2aa0e3c6deb2c86704c7402b?s=96&d=mm&r=g","contentUrl":"https:\/\/secure.gravatar.com\/avatar\/9a2930c54ede0e0a76c0f8abfb74704de273084f2aa0e3c6deb2c86704c7402b?s=96&d=mm&r=g","caption":"katja.heid@krafthand.de"}}]}},"_links":{"self":[{"href":"https:\/\/www.krafthand.de\/truck\/wp-json\/wp\/v2\/posts\/2980","targetHints":{"allow":["GET"]}}],"collection":[{"href":"https:\/\/www.krafthand.de\/truck\/wp-json\/wp\/v2\/posts"}],"about":[{"href":"https:\/\/www.krafthand.de\/truck\/wp-json\/wp\/v2\/types\/post"}],"author":[{"embeddable":true,"href":"https:\/\/www.krafthand.de\/truck\/wp-json\/wp\/v2\/users\/3"}],"replies":[{"embeddable":true,"href":"https:\/\/www.krafthand.de\/truck\/wp-json\/wp\/v2\/comments?post=2980"}],"version-history":[{"count":0,"href":"https:\/\/www.krafthand.de\/truck\/wp-json\/wp\/v2\/posts\/2980\/revisions"}],"wp:featuredmedia":[{"embeddable":true,"href":"https:\/\/www.krafthand.de\/truck\/wp-json\/wp\/v2\/media\/2981"}],"wp:attachment":[{"href":"https:\/\/www.krafthand.de\/truck\/wp-json\/wp\/v2\/media?parent=2980"}],"wp:term":[{"taxonomy":"category","embeddable":true,"href":"https:\/\/www.krafthand.de\/truck\/wp-json\/wp\/v2\/categories?post=2980"},{"taxonomy":"post_tag","embeddable":true,"href":"https:\/\/www.krafthand.de\/truck\/wp-json\/wp\/v2\/tags?post=2980"},{"taxonomy":"settings","embeddable":true,"href":"https:\/\/www.krafthand.de\/truck\/wp-json\/wp\/v2\/settings?post=2980"}],"curies":[{"name":"wp","href":"https:\/\/api.w.org\/{rel}","templated":true}]}}