{"id":29729,"date":"2021-10-15T10:45:45","date_gmt":"2021-10-15T08:45:45","guid":{"rendered":"https:\/\/www.krafthand.de\/truck\/?p=29729"},"modified":"2021-10-18T17:42:35","modified_gmt":"2021-10-18T15:42:35","slug":"steigerung-der-produktionskapazitaeten","status":"publish","type":"post","link":"https:\/\/www.krafthand.de\/truck\/artikel\/steigerung-der-produktionskapazitaeten-29729\/","title":{"rendered":"Steigerung der Kapazit\u00e4ten in der Produktion"},"content":{"rendered":"<p>Vor dem Hintergrund der Weiterentwicklung des Unternehmens und der\u00a0 Erschlie\u00dfung neuer internationaler M\u00e4rkte, hat der Trailerhersteller Wielton im Jahr 2020 seine Produktionsanlagen in Wielu\u0144 weitreichend modernisiert. Diese Ma\u00dfnahmen haben angesichts der steigenden Nachfrage nach Anh\u00e4ngern und Sattelaufliegern in Europa, einschlie\u00dflich dem deutschen Markt, den Angaben zufolge f\u00fcr <a href=\"https:\/\/wielton.de\/#\" target=\"_blank\" rel=\"noopener\">Wielton<\/a> einen sehr hohen Stellenwert. Denn die Produktionsst\u00e4tten in Wielu\u0144 spielen eine Schl\u00fcsselrolle f\u00fcr die Wielton Group. Sie versorgen die einzelnen Unternehmen der Gruppe mit Einzelteilen sowie kompletten Produkten \u2013 und das zunehmend in internationalen M\u00e4rkten.<\/p>\n<p>Nach dem Abschluss der Modernisierungsma\u00dfnahmen gab der Hersteller nun eine Steigerung des t\u00e4glichen Produktionsvolumens um fast 50 Prozent bekannt (im Vergleich zum Jahr 2019). Dabei konnte die durchschnittliche Produktionszeit durch Optimierung der Fertigungsprozesse und durch die Modernisierung von Produktionslinien um bis zu 40 Prozent reduziert werden. Aufgrunddessen k\u00f6nnen heute schon 75 Einheiten pro Tag produziert werden \u2013 bis Ende 2021 werden es laut Wielton voraussichtlich 83 Einheiten sein.<\/p>\n<p><em>\u201eWir wollen uns nicht auf den erfolgreichen ersten sechs Monaten ausruhen, sondern unser Gesch\u00e4ft weiter entwickeln. Wir sehen nach wie vor fantastische Wachstumsm\u00f6glichkeiten in Deutschland. Da ist eine z\u00fcgige Lieferung der bestellten Fahrzeuge ein elementarer Baustein \u2013 und im Zweifelsfall ein deutlicher Wettbewerbsvorteil\u201c<\/em>, so Piotr Ku\u015b, Vorstandsmitglied und Vizepr\u00e4sident von Wielton S.A.<\/p>\n<blockquote><p>\u201eIch freue mich sehr \u00fcber die umfassende Erh\u00f6hung des Produktionsvolumens und blicke ganz optimistisch auf die fortlaufende, organische Erweiterung der Kapazit\u00e4ten. Um unsere ehrgeizigen Verkaufsziele auf dem deutschen Markt zu erreichen, werden wir au\u00dferdem das Vertriebsteam der Wielton GmbH ab Oktober verst\u00e4rken\u201c, verk\u00fcndet Holger Kauer, Gesch\u00e4ftsf\u00fchrer der Wielton GmbH.<\/p><\/blockquote>\n<p>Produktseitig verzeichnet Wielton in Deutschland dem Vernehmen nach aktuell eine stark zunehmende Nachfrage nach dem Universalmodell Curtain Master und dem Strong Master mit Hardox-Stahlmulde in der Spezifikation mit 30 m\u00b3 Ladevolumen.<\/p>\n","protected":false},"excerpt":{"rendered":"<p>Der Trailer-Hersteller Wielton gab k\u00fcrzlich eine Steigerung des t\u00e4glichen Produktionsvolumens um fast 50 Prozent bekannt. Die durchschnittliche Produktionszeit konnte dabei  durch Optimierung der Fertigungsprozesse und durch die Modernisierung von Produktionslinien um bis zu 40 Prozent reduziert werden. <span class=\"excerpt-more__dots\">&#8230;<\/span> <a class=\"excerpt-more__link\" href=\"https:\/\/www.krafthand.de\/truck\/artikel\/steigerung-der-produktionskapazitaeten-29729\/\" >weiter<\/a><\/p>\n","protected":false},"author":9,"featured_media":29731,"comment_status":"closed","ping_status":"closed","sticky":false,"template":"","format":"standard","meta":{"footnotes":""},"categories":[4235],"tags":[4810,599,2295],"settings":[],"class_list":["post-29729","post","type-post","status-publish","format-standard","has-post-thumbnail","hentry","category-unternehmen","tag-holger-kauer","tag-trailer","tag-wielton"],"yoast_head":"<!-- This site is optimized with the Yoast SEO plugin v27.3 - https:\/\/yoast.com\/product\/yoast-seo-wordpress\/ -->\n<title>Trailerhersteller Wielton steigert produktion um knapp 50 Prozent<\/title>\n<meta name=\"description\" content=\"Der Trailer-Hersteller Wielton gab k\u00fcrzlich eine Steigerung des t\u00e4glichen Produktionsvolumens um fast 50 Prozent bekannt. Die durchschnittliche Produktionszeit konnte dabei durch Optimierung der Fertigungsprozesse und durch die Modernisierung von Produktionslinien um bis zu 40 Prozent reduziert werden.\" \/>\n<meta name=\"robots\" content=\"index, follow, max-snippet:-1, max-image-preview:large, max-video-preview:-1\" \/>\n<link rel=\"canonical\" href=\"https:\/\/www.krafthand.de\/truck\/artikel\/steigerung-der-produktionskapazitaeten-29729\/\" \/>\n<meta property=\"og:locale\" content=\"de_DE\" \/>\n<meta property=\"og:type\" content=\"article\" \/>\n<meta property=\"og:title\" content=\"Trailerhersteller Wielton steigert produktion um knapp 50 Prozent\" \/>\n<meta property=\"og:description\" content=\"Der Trailer-Hersteller Wielton gab k\u00fcrzlich eine Steigerung des t\u00e4glichen Produktionsvolumens um fast 50 Prozent bekannt. Die durchschnittliche Produktionszeit konnte dabei durch Optimierung der Fertigungsprozesse und durch die Modernisierung von Produktionslinien um bis zu 40 Prozent reduziert werden.\" \/>\n<meta property=\"og:url\" content=\"https:\/\/www.krafthand-truck.de\/artikel\/steigerung-der-produktionskapazitaeten-29729\/\" \/>\n<meta property=\"og:site_name\" content=\"Krafthand-Truck\" \/>\n<meta property=\"article:published_time\" content=\"2021-10-15T08:45:45+00:00\" \/>\n<meta property=\"article:modified_time\" content=\"2021-10-18T15:42:35+00:00\" \/>\n<meta property=\"og:image\" content=\"https:\/\/www.krafthand.de\/truck\/wp-content\/uploads\/2021\/10\/Wielton_Produktion_Wielun.jpg\" \/>\n\t<meta property=\"og:image:width\" content=\"1200\" \/>\n\t<meta property=\"og:image:height\" content=\"801\" \/>\n\t<meta property=\"og:image:type\" content=\"image\/jpeg\" \/>\n<meta name=\"author\" content=\"georg.blenk@krafthand-medien.de\" \/>\n<meta name=\"twitter:card\" content=\"summary_large_image\" \/>\n<meta name=\"twitter:label1\" content=\"Verfasst von\" \/>\n\t<meta name=\"twitter:data1\" content=\"georg.blenk@krafthand-medien.de\" \/>\n\t<meta name=\"twitter:label2\" content=\"Gesch\u00e4tzte Lesezeit\" \/>\n\t<meta name=\"twitter:data2\" content=\"1\u00a0Minute\" \/>\n<script type=\"application\/ld+json\" class=\"yoast-schema-graph\">{\"@context\":\"https:\\\/\\\/schema.org\",\"@graph\":[{\"@type\":\"Article\",\"@id\":\"https:\\\/\\\/www.krafthand.de\\\/truck\\\/artikel\\\/steigerung-der-produktionskapazitaeten-29729\\\/#article\",\"isPartOf\":{\"@id\":\"https:\\\/\\\/www.krafthand.de\\\/truck\\\/artikel\\\/steigerung-der-produktionskapazitaeten-29729\\\/\"},\"author\":{\"name\":\"georg.blenk@krafthand-medien.de\",\"@id\":\"https:\\\/\\\/www.krafthand.de\\\/truck\\\/#\\\/schema\\\/person\\\/51fa80b1c57034c4bf63f9f988fc24ce\"},\"headline\":\"Steigerung der Kapazit\u00e4ten in der Produktion\",\"datePublished\":\"2021-10-15T08:45:45+00:00\",\"dateModified\":\"2021-10-18T15:42:35+00:00\",\"mainEntityOfPage\":{\"@id\":\"https:\\\/\\\/www.krafthand.de\\\/truck\\\/artikel\\\/steigerung-der-produktionskapazitaeten-29729\\\/\"},\"wordCount\":304,\"image\":{\"@id\":\"https:\\\/\\\/www.krafthand.de\\\/truck\\\/artikel\\\/steigerung-der-produktionskapazitaeten-29729\\\/#primaryimage\"},\"thumbnailUrl\":\"https:\\\/\\\/static.krafthand-truck.de\\\/uploads\\\/2021\\\/10\\\/Wielton_Produktion_Wielun.jpg\",\"keywords\":[\"Holger Kauer\",\"Trailer\",\"Wielton\"],\"articleSection\":[\"Unternehmen\"],\"inLanguage\":\"de\"},{\"@type\":\"WebPage\",\"@id\":\"https:\\\/\\\/www.krafthand.de\\\/truck\\\/artikel\\\/steigerung-der-produktionskapazitaeten-29729\\\/\",\"url\":\"https:\\\/\\\/www.krafthand.de\\\/truck\\\/artikel\\\/steigerung-der-produktionskapazitaeten-29729\\\/\",\"name\":\"Trailerhersteller Wielton steigert produktion um knapp 50 Prozent\",\"isPartOf\":{\"@id\":\"https:\\\/\\\/www.krafthand.de\\\/truck\\\/#website\"},\"primaryImageOfPage\":{\"@id\":\"https:\\\/\\\/www.krafthand.de\\\/truck\\\/artikel\\\/steigerung-der-produktionskapazitaeten-29729\\\/#primaryimage\"},\"image\":{\"@id\":\"https:\\\/\\\/www.krafthand.de\\\/truck\\\/artikel\\\/steigerung-der-produktionskapazitaeten-29729\\\/#primaryimage\"},\"thumbnailUrl\":\"https:\\\/\\\/static.krafthand-truck.de\\\/uploads\\\/2021\\\/10\\\/Wielton_Produktion_Wielun.jpg\",\"datePublished\":\"2021-10-15T08:45:45+00:00\",\"dateModified\":\"2021-10-18T15:42:35+00:00\",\"author\":{\"@id\":\"https:\\\/\\\/www.krafthand.de\\\/truck\\\/#\\\/schema\\\/person\\\/51fa80b1c57034c4bf63f9f988fc24ce\"},\"description\":\"Der Trailer-Hersteller Wielton gab k\u00fcrzlich eine Steigerung des t\u00e4glichen Produktionsvolumens um fast 50 Prozent bekannt. Die durchschnittliche Produktionszeit konnte dabei durch Optimierung der Fertigungsprozesse und durch die Modernisierung von Produktionslinien um bis zu 40 Prozent reduziert werden.\",\"breadcrumb\":{\"@id\":\"https:\\\/\\\/www.krafthand.de\\\/truck\\\/artikel\\\/steigerung-der-produktionskapazitaeten-29729\\\/#breadcrumb\"},\"inLanguage\":\"de\",\"potentialAction\":[{\"@type\":\"ReadAction\",\"target\":[\"https:\\\/\\\/www.krafthand.de\\\/truck\\\/artikel\\\/steigerung-der-produktionskapazitaeten-29729\\\/\"]}]},{\"@type\":\"ImageObject\",\"inLanguage\":\"de\",\"@id\":\"https:\\\/\\\/www.krafthand.de\\\/truck\\\/artikel\\\/steigerung-der-produktionskapazitaeten-29729\\\/#primaryimage\",\"url\":\"https:\\\/\\\/static.krafthand-truck.de\\\/uploads\\\/2021\\\/10\\\/Wielton_Produktion_Wielun.jpg\",\"contentUrl\":\"https:\\\/\\\/static.krafthand-truck.de\\\/uploads\\\/2021\\\/10\\\/Wielton_Produktion_Wielun.jpg\",\"width\":1200,\"height\":801},{\"@type\":\"BreadcrumbList\",\"@id\":\"https:\\\/\\\/www.krafthand.de\\\/truck\\\/artikel\\\/steigerung-der-produktionskapazitaeten-29729\\\/#breadcrumb\",\"itemListElement\":[{\"@type\":\"ListItem\",\"position\":1,\"name\":\"Krafthand-Truck\",\"item\":\"https:\\\/\\\/www.krafthand.de\\\/truck\\\/\"},{\"@type\":\"ListItem\",\"position\":2,\"name\":\"Nfz-Branche\",\"item\":\"https:\\\/\\\/www.krafthand.de\\\/truck\\\/kategorie\\\/branche\\\/\"},{\"@type\":\"ListItem\",\"position\":3,\"name\":\"Unternehmen\",\"item\":\"https:\\\/\\\/www.krafthand.de\\\/truck\\\/kategorie\\\/branche\\\/unternehmen\\\/\"},{\"@type\":\"ListItem\",\"position\":4,\"name\":\"Steigerung der Kapazit\u00e4ten in der Produktion\"}]},{\"@type\":\"WebSite\",\"@id\":\"https:\\\/\\\/www.krafthand.de\\\/truck\\\/#website\",\"url\":\"https:\\\/\\\/www.krafthand.de\\\/truck\\\/\",\"name\":\"Krafthand-Truck\",\"description\":\"\",\"potentialAction\":[{\"@type\":\"SearchAction\",\"target\":{\"@type\":\"EntryPoint\",\"urlTemplate\":\"https:\\\/\\\/www.krafthand.de\\\/truck\\\/?s={search_term_string}\"},\"query-input\":{\"@type\":\"PropertyValueSpecification\",\"valueRequired\":true,\"valueName\":\"search_term_string\"}}],\"inLanguage\":\"de\"},{\"@type\":\"Person\",\"@id\":\"https:\\\/\\\/www.krafthand.de\\\/truck\\\/#\\\/schema\\\/person\\\/51fa80b1c57034c4bf63f9f988fc24ce\",\"name\":\"georg.blenk@krafthand-medien.de\",\"image\":{\"@type\":\"ImageObject\",\"inLanguage\":\"de\",\"@id\":\"https:\\\/\\\/secure.gravatar.com\\\/avatar\\\/93713c30affe0aa95d3a4130e499bb1abee2eb31adbdd9ce2aa1543538490215?s=96&d=mm&r=g\",\"url\":\"https:\\\/\\\/secure.gravatar.com\\\/avatar\\\/93713c30affe0aa95d3a4130e499bb1abee2eb31adbdd9ce2aa1543538490215?s=96&d=mm&r=g\",\"contentUrl\":\"https:\\\/\\\/secure.gravatar.com\\\/avatar\\\/93713c30affe0aa95d3a4130e499bb1abee2eb31adbdd9ce2aa1543538490215?s=96&d=mm&r=g\",\"caption\":\"georg.blenk@krafthand-medien.de\"}}]}<\/script>\n<!-- \/ Yoast SEO plugin. -->","yoast_head_json":{"title":"Trailerhersteller Wielton steigert produktion um knapp 50 Prozent","description":"Der Trailer-Hersteller Wielton gab k\u00fcrzlich eine Steigerung des t\u00e4glichen Produktionsvolumens um fast 50 Prozent bekannt. Die durchschnittliche Produktionszeit konnte dabei durch Optimierung der Fertigungsprozesse und durch die Modernisierung von Produktionslinien um bis zu 40 Prozent reduziert werden.","robots":{"index":"index","follow":"follow","max-snippet":"max-snippet:-1","max-image-preview":"max-image-preview:large","max-video-preview":"max-video-preview:-1"},"canonical":"https:\/\/www.krafthand.de\/truck\/artikel\/steigerung-der-produktionskapazitaeten-29729\/","og_locale":"de_DE","og_type":"article","og_title":"Trailerhersteller Wielton steigert produktion um knapp 50 Prozent","og_description":"Der Trailer-Hersteller Wielton gab k\u00fcrzlich eine Steigerung des t\u00e4glichen Produktionsvolumens um fast 50 Prozent bekannt. Die durchschnittliche Produktionszeit konnte dabei durch Optimierung der Fertigungsprozesse und durch die Modernisierung von Produktionslinien um bis zu 40 Prozent reduziert werden.","og_url":"https:\/\/www.krafthand-truck.de\/artikel\/steigerung-der-produktionskapazitaeten-29729\/","og_site_name":"Krafthand-Truck","article_published_time":"2021-10-15T08:45:45+00:00","article_modified_time":"2021-10-18T15:42:35+00:00","og_image":[{"width":1200,"height":801,"url":"https:\/\/www.krafthand.de\/truck\/wp-content\/uploads\/2021\/10\/Wielton_Produktion_Wielun.jpg","type":"image\/jpeg"}],"author":"georg.blenk@krafthand-medien.de","twitter_card":"summary_large_image","twitter_misc":{"Verfasst von":"georg.blenk@krafthand-medien.de","Gesch\u00e4tzte Lesezeit":"1\u00a0Minute"},"schema":{"@context":"https:\/\/schema.org","@graph":[{"@type":"Article","@id":"https:\/\/www.krafthand.de\/truck\/artikel\/steigerung-der-produktionskapazitaeten-29729\/#article","isPartOf":{"@id":"https:\/\/www.krafthand.de\/truck\/artikel\/steigerung-der-produktionskapazitaeten-29729\/"},"author":{"name":"georg.blenk@krafthand-medien.de","@id":"https:\/\/www.krafthand.de\/truck\/#\/schema\/person\/51fa80b1c57034c4bf63f9f988fc24ce"},"headline":"Steigerung der Kapazit\u00e4ten in der Produktion","datePublished":"2021-10-15T08:45:45+00:00","dateModified":"2021-10-18T15:42:35+00:00","mainEntityOfPage":{"@id":"https:\/\/www.krafthand.de\/truck\/artikel\/steigerung-der-produktionskapazitaeten-29729\/"},"wordCount":304,"image":{"@id":"https:\/\/www.krafthand.de\/truck\/artikel\/steigerung-der-produktionskapazitaeten-29729\/#primaryimage"},"thumbnailUrl":"https:\/\/static.krafthand-truck.de\/uploads\/2021\/10\/Wielton_Produktion_Wielun.jpg","keywords":["Holger Kauer","Trailer","Wielton"],"articleSection":["Unternehmen"],"inLanguage":"de"},{"@type":"WebPage","@id":"https:\/\/www.krafthand.de\/truck\/artikel\/steigerung-der-produktionskapazitaeten-29729\/","url":"https:\/\/www.krafthand.de\/truck\/artikel\/steigerung-der-produktionskapazitaeten-29729\/","name":"Trailerhersteller Wielton steigert produktion um knapp 50 Prozent","isPartOf":{"@id":"https:\/\/www.krafthand.de\/truck\/#website"},"primaryImageOfPage":{"@id":"https:\/\/www.krafthand.de\/truck\/artikel\/steigerung-der-produktionskapazitaeten-29729\/#primaryimage"},"image":{"@id":"https:\/\/www.krafthand.de\/truck\/artikel\/steigerung-der-produktionskapazitaeten-29729\/#primaryimage"},"thumbnailUrl":"https:\/\/static.krafthand-truck.de\/uploads\/2021\/10\/Wielton_Produktion_Wielun.jpg","datePublished":"2021-10-15T08:45:45+00:00","dateModified":"2021-10-18T15:42:35+00:00","author":{"@id":"https:\/\/www.krafthand.de\/truck\/#\/schema\/person\/51fa80b1c57034c4bf63f9f988fc24ce"},"description":"Der Trailer-Hersteller Wielton gab k\u00fcrzlich eine Steigerung des t\u00e4glichen Produktionsvolumens um fast 50 Prozent bekannt. Die durchschnittliche Produktionszeit konnte dabei durch Optimierung der Fertigungsprozesse und durch die Modernisierung von Produktionslinien um bis zu 40 Prozent reduziert werden.","breadcrumb":{"@id":"https:\/\/www.krafthand.de\/truck\/artikel\/steigerung-der-produktionskapazitaeten-29729\/#breadcrumb"},"inLanguage":"de","potentialAction":[{"@type":"ReadAction","target":["https:\/\/www.krafthand.de\/truck\/artikel\/steigerung-der-produktionskapazitaeten-29729\/"]}]},{"@type":"ImageObject","inLanguage":"de","@id":"https:\/\/www.krafthand.de\/truck\/artikel\/steigerung-der-produktionskapazitaeten-29729\/#primaryimage","url":"https:\/\/static.krafthand-truck.de\/uploads\/2021\/10\/Wielton_Produktion_Wielun.jpg","contentUrl":"https:\/\/static.krafthand-truck.de\/uploads\/2021\/10\/Wielton_Produktion_Wielun.jpg","width":1200,"height":801},{"@type":"BreadcrumbList","@id":"https:\/\/www.krafthand.de\/truck\/artikel\/steigerung-der-produktionskapazitaeten-29729\/#breadcrumb","itemListElement":[{"@type":"ListItem","position":1,"name":"Krafthand-Truck","item":"https:\/\/www.krafthand.de\/truck\/"},{"@type":"ListItem","position":2,"name":"Nfz-Branche","item":"https:\/\/www.krafthand.de\/truck\/kategorie\/branche\/"},{"@type":"ListItem","position":3,"name":"Unternehmen","item":"https:\/\/www.krafthand.de\/truck\/kategorie\/branche\/unternehmen\/"},{"@type":"ListItem","position":4,"name":"Steigerung der Kapazit\u00e4ten in der Produktion"}]},{"@type":"WebSite","@id":"https:\/\/www.krafthand.de\/truck\/#website","url":"https:\/\/www.krafthand.de\/truck\/","name":"Krafthand-Truck","description":"","potentialAction":[{"@type":"SearchAction","target":{"@type":"EntryPoint","urlTemplate":"https:\/\/www.krafthand.de\/truck\/?s={search_term_string}"},"query-input":{"@type":"PropertyValueSpecification","valueRequired":true,"valueName":"search_term_string"}}],"inLanguage":"de"},{"@type":"Person","@id":"https:\/\/www.krafthand.de\/truck\/#\/schema\/person\/51fa80b1c57034c4bf63f9f988fc24ce","name":"georg.blenk@krafthand-medien.de","image":{"@type":"ImageObject","inLanguage":"de","@id":"https:\/\/secure.gravatar.com\/avatar\/93713c30affe0aa95d3a4130e499bb1abee2eb31adbdd9ce2aa1543538490215?s=96&d=mm&r=g","url":"https:\/\/secure.gravatar.com\/avatar\/93713c30affe0aa95d3a4130e499bb1abee2eb31adbdd9ce2aa1543538490215?s=96&d=mm&r=g","contentUrl":"https:\/\/secure.gravatar.com\/avatar\/93713c30affe0aa95d3a4130e499bb1abee2eb31adbdd9ce2aa1543538490215?s=96&d=mm&r=g","caption":"georg.blenk@krafthand-medien.de"}}]}},"_links":{"self":[{"href":"https:\/\/www.krafthand.de\/truck\/wp-json\/wp\/v2\/posts\/29729","targetHints":{"allow":["GET"]}}],"collection":[{"href":"https:\/\/www.krafthand.de\/truck\/wp-json\/wp\/v2\/posts"}],"about":[{"href":"https:\/\/www.krafthand.de\/truck\/wp-json\/wp\/v2\/types\/post"}],"author":[{"embeddable":true,"href":"https:\/\/www.krafthand.de\/truck\/wp-json\/wp\/v2\/users\/9"}],"replies":[{"embeddable":true,"href":"https:\/\/www.krafthand.de\/truck\/wp-json\/wp\/v2\/comments?post=29729"}],"version-history":[{"count":6,"href":"https:\/\/www.krafthand.de\/truck\/wp-json\/wp\/v2\/posts\/29729\/revisions"}],"predecessor-version":[{"id":29736,"href":"https:\/\/www.krafthand.de\/truck\/wp-json\/wp\/v2\/posts\/29729\/revisions\/29736"}],"wp:featuredmedia":[{"embeddable":true,"href":"https:\/\/www.krafthand.de\/truck\/wp-json\/wp\/v2\/media\/29731"}],"wp:attachment":[{"href":"https:\/\/www.krafthand.de\/truck\/wp-json\/wp\/v2\/media?parent=29729"}],"wp:term":[{"taxonomy":"category","embeddable":true,"href":"https:\/\/www.krafthand.de\/truck\/wp-json\/wp\/v2\/categories?post=29729"},{"taxonomy":"post_tag","embeddable":true,"href":"https:\/\/www.krafthand.de\/truck\/wp-json\/wp\/v2\/tags?post=29729"},{"taxonomy":"settings","embeddable":true,"href":"https:\/\/www.krafthand.de\/truck\/wp-json\/wp\/v2\/settings?post=29729"}],"curies":[{"name":"wp","href":"https:\/\/api.w.org\/{rel}","templated":true}]}}