{"id":29678,"date":"2021-10-08T12:45:23","date_gmt":"2021-10-08T10:45:23","guid":{"rendered":"https:\/\/www.krafthand.de\/truck\/?p=29678"},"modified":"2021-11-26T15:32:09","modified_gmt":"2021-11-26T14:32:09","slug":"produktionsstart-eactros-im-mercedes-benz-werk-woerth","status":"publish","type":"post","link":"https:\/\/www.krafthand.de\/truck\/artikel\/produktionsstart-eactros-im-mercedes-benz-werk-woerth-29678\/","title":{"rendered":"Produktionsstart  des eActros im Mercedes-Benz Werk W\u00f6rth"},"content":{"rendered":"<p>Ende Juni fand die Weltpremiere des Mercedes-Benz eActros statt, gestern lief das erste Serienfahrzeug im neuen Future Truck Center des Werks W\u00f6rth vom Band. Die offizielle Er\u00f6ffnung der Produktionslinie und den Produktionsstart im gr\u00f6\u00dften Montagewerk von Mercedes-Benz Lkw \u00fcbernahmen Daniela Schmitt, Wirtschaftsministerin des Landes Rheinland-Pfalz, und Karin R\u00e5dstr\u00f6m, Mitglied des Vorstands der Daimler Truck AG, verantwortlich f\u00fcr Mercedes-Benz Trucks, gemeinsam mit Sven Gr\u00e4ble, Leiter Mercedes-Benz Trucks Operations, Dr. Andreas Bachhofer, Leiter Standort &amp; Produktion W\u00f6rth sowie Thomas Zwick, Betriebsratsvorsitzender Werk W\u00f6rth.<\/p>\n<p>Herzst\u00fcck der eActros-Serienfertigung ist das Future Truck Center, die Produktionshalle in Geb\u00e4ude 75, die mit dem Start der heutigen Serienproduktion offiziell in Betrieb genommen wurde. Hier wird k\u00fcnftig auch die Elektrifizierung weiterer CO2-neutraler Mercedes-Benz Lkw stattfinden. Die Serienfertigung des f\u00fcr den Kommunaleinsatz entwickelten eEconic soll in der zweiten Jahresh\u00e4lfte 2022 starten. Die Serienreife des batterieelektrischen eActros LongHaul f\u00fcr den Fernverkehr ist f\u00fcr das Jahr 2024 geplant.<\/p>\n<blockquote><p>\u201eDer heutige Start der Serienproduktion des eActros ist ein handfester Beweis daf\u00fcr, dass wir es mit dem emissionsfreien Transport ernst meinen\u201c, sagt Karin R\u00e5dstr\u00f6m, Vorstandsmitglied der <a href=\"https:\/\/www.daimler-truck.com\/de\/\" target=\"_blank\" rel=\"noopener\">Daimler Truck AG<\/a>, verantwortlich f\u00fcr Mercedes-Benz Lkw. \u201eDer eActros, Mercedes-Benz\u2018 erster batterieelektrisch angetriebener Serien-Lkw, und die dazugeh\u00f6rigen Services sind f\u00fcr uns und unsere Kunden ein gro\u00dfer Schritt in Richtung CO2-neutraler Stra\u00dfeng\u00fcterverkehr. Und auch f\u00fcr das Werk W\u00f6rth und seine zuk\u00fcnftige Ausrichtung hat das Fahrzeug eine ganz besondere Bedeutung: Wir starten heute mit der Zukunft der Lkw-Produktion von Mercedes-Benz und wollen k\u00fcnftig hier die Serienfertigung unserer elektrischen Lkw stark ausweiten.\u201c<\/p>\n<p>Die rheinland-pf\u00e4lzische Wirtschafts- und Verkehrsministerin Daniela Schmitt betont: \u201eMit der Serienproduktion des eActros am Standort W\u00f6rth macht unser Bundesland einen weiteren wichtigen Schritt hin zur Mobilit\u00e4t von Menschen und G\u00fctern von morgen. Der eActros \u201aMade in Rheinland-Pfalz\u2018 sichert zudem die industrielle Wertsch\u00f6pfung in Rheinland-Pfalz und ist ein wichtiges Zeichen daf\u00fcr, dass wir die Transformation in der Fahrzeugindustrie erfolgreich meistern k\u00f6nnen.\u201c<\/p>\n<p>Thomas Zwick, Betriebsratsvorsitzender Mercedes-Benz Werk W\u00f6rth: \u201eDies ist ein historischer Moment f\u00fcr unseren Standort, aber auch f\u00fcr die Region. Von unserem Werk in der S\u00fcdpfalz wird die Zukunft des Transports ausgehen. Es werden neue Arbeitspl\u00e4tze und neue Berufsbilder f\u00fcr die Kolleginnen und Kollegen entstehen und damit Weiterbildungs- und Qualifizierungschancen. Unser Werk ist im Wandel und den gestalten wir zusammen!\u201c<\/p><\/blockquote>\n<figure id=\"attachment_29682\" aria-describedby=\"caption-attachment-29682\" style=\"width: 420px\" class=\"wp-caption alignleft\"><a href=\"https:\/\/www.krafthand.de\/truck\/wp-content\/uploads\/2021\/10\/Daimler_Truck_AG_eActros_Produktionsstart_Woerth_Krafthand_Truck_02.jpg\" target=\"_blank\" rel=\"noopener\"><img fetchpriority=\"high\" decoding=\"async\" class=\"wp-image-29682\" src=\"https:\/\/www.krafthand.de\/truck\/wp-content\/uploads\/2021\/10\/Daimler_Truck_AG_eActros_Produktionsstart_Woerth_Krafthand_Truck_02-300x200.jpg\" alt=\"\" width=\"420\" height=\"280\" srcset=\"https:\/\/static.krafthand-truck.de\/uploads\/2021\/10\/Daimler_Truck_AG_eActros_Produktionsstart_Woerth_Krafthand_Truck_02-300x200.jpg 300w, https:\/\/static.krafthand-truck.de\/uploads\/2021\/10\/Daimler_Truck_AG_eActros_Produktionsstart_Woerth_Krafthand_Truck_02-1024x683.jpg 1024w, https:\/\/static.krafthand-truck.de\/uploads\/2021\/10\/Daimler_Truck_AG_eActros_Produktionsstart_Woerth_Krafthand_Truck_02-768x512.jpg 768w, https:\/\/static.krafthand-truck.de\/uploads\/2021\/10\/Daimler_Truck_AG_eActros_Produktionsstart_Woerth_Krafthand_Truck_02.jpg 1200w\" sizes=\"(max-width: 420px) 100vw, 420px\" \/><\/a><figcaption id=\"caption-attachment-29682\" class=\"wp-caption-text\">Future Truck Center im Mercedes-Benz Werk W\u00f6rth: Serienfertigung des batterieelektrisch angetriebenen eActros beginnt. Bild: Daimler Truck AG<\/figcaption><\/figure>\n<h3>Der Future Truck Center<\/h3>\n<blockquote><p>\u201eDer Technologiewandel unserer Branche hin zu lokal CO2-neutralen Lkw bedeutet auch f\u00fcr unsere Standorte und die Fertigung eine immense Ver\u00e4nderung. Der Beginn der eActros-Serienfertigung ist kein allt\u00e4glicher Anlauf f\u00fcr uns, sondern ein echter Neustart\u201c, sagt Sven Gr\u00e4ble, Leiter Mercedes-Benz Trucks Operations. \u201eUnser sogenanntes Fullflex-Konzept erm\u00f6glicht es, die E-Lkw in die bestehende Produktion zu integrieren. Auf diese Weise ist das Werk in der Lage, sich effizient und noch schneller auf die jeweilige Marktnachfrage einzustellen und zuverl\u00e4ssig die anspruchsvollen Qualit\u00e4tsstandards von Mercedes-Benz zu erf\u00fcllen.\u201c<\/p><\/blockquote>\n<p>Bevor der eActros f\u00fcr seine Elektrifizierung ins Future Truck Center kommt, wird er auf der bestehenden Montagelinie flexibel neben Lkw mit konventionellen Antrieben gefertigt. Grunds\u00e4tzlich soll der Aufbau verschiedener Fahrzeugtypen so weit wie m\u00f6glich integriert stattfinden und die Grundstruktur des Fahrzeugs auf einem Band gebaut werden \u2013 unabh\u00e4ngig davon, ob ein konventioneller Verbrennungsmotor oder ein elektrischer Antriebsstrang eingebaut wird.<\/p>\n<p>Anschlie\u00dfend geht es f\u00fcr den eActros in das Future Truck Center, in dem die Elektrifizierung des Fahrzeugs erfolgt. Dort sind f\u00fcr die neuen Produktionsprozesse in den letzten Monaten intensive Vorbereitungen getroffen worden. Hierzu geh\u00f6rt unter anderem die Errichtung einer neuen Montagelinie. Schritt f\u00fcr Schritt wird der eActros hier weiter aufgebaut. Neben den Hochvoltbatterien werden in verschiedenen Produktionsschritten weitere Hochvoltkomponenten montiert, unter anderem die Ladeeinheit. Sie bildet die Schnittstelle, durch die das Fahrzeug bzw. die Batterie mit der Ladestation verbunden wird. Im Future Truck Center wird, nachdem s\u00e4mtliche Komponenten montiert sind, auch das Gesamtsystem in Betrieb genommen. Anschlie\u00dfend ist der Lkw fahrbereit. Das Fahrzeug wird zum Finish und f\u00fcr die Endabnahme wieder in den regul\u00e4ren Produktionsablauf eingegliedert.<\/p>\n<p>Aus den neuen Produktionsprozessen ergeben sich auch neue Anforderungen an die Qualifizierung und Weiterentwicklung der Belegschaft. Gestartet in 2018, haben sich am standorteigenen Aus- und Weiterbildungszentrum in W\u00f6rth bis heute \u00fcber 2.500 Mitarbeiterinnen und Mitarbeiter im Umgang mit Hochvolt-Fahrzeugen und -Komponenten weiterqualifiziert \u2013 und sich unverzichtbare Kompetenzen f\u00fcr die Montage elektrisch angetriebener Lkw angeeignet.<\/p>\n<h3>Das Werk W\u00f6rth<\/h3>\n<p>Der eActros macht den Anfang, weitere Modelle werden folgen: Mitte Juli haben Unternehmensleitung und Betriebsrat ein Zukunftspaket vereinbart, das die nachhaltige Serienproduktion von batterieelektrischen und Wasserstoff-Brennstoffzellen-Lkw im Mercedes-Benz Werk W\u00f6rth, die Weiterentwicklung und Qualifizierung der Belegschaft innerhalb dieser Transformation sowie den weiteren Ausbau der Digitalisierung am Standort umfasst. Daimler Truck bekennt sich damit klar zum Standort W\u00f6rth, der mit Blick auf die Transformation hin zum CO2-neutralen Transport langfristig eine wichtige Rolle im Unternehmen \u00fcbernimmt. Mit der Entscheidung, Zero Emission Trucks in W\u00f6rth zu fertigen, sichert das Unternehmen die langfristige Auslastung des Werks und eine stabile Besch\u00e4ftigung am Standort.<\/p>\n<blockquote><p>Dr. Andreas Bachhofer, Leiter Standort &amp; Produktion W\u00f6rth: \u201eUnsere hoch flexible Produktion sichert die effiziente Herstellung sowohl von herk\u00f6mmlichen als auch von lokal CO2-neutralen Lkw im Mercedes-Benz Werk W\u00f6rth in den kommenden Jahren \u2013 und damit die Wettbewerbsf\u00e4higkeit des gesamten Standortes. W\u00f6rth wird zum Dreh- und Angelpunkt f\u00fcr den Transport der Zukunft im Produktionsnetzwerk von Mercedes-Benz Lkw. Wir b\u00fcndeln unser technologisches Know-how mit einer voll flexiblen und effizienten Produktion, und das Ganze in einer CO2-neutralen, digitalisierten Fabrik mit entsprechender Logistik und Infrastruktur.\u201c<\/p><\/blockquote>\n<h3>Gr\u00fcne Fabrik<\/h3>\n<p>Neben den Produkten soll laut Daimler Truck der gesamte Standort W\u00f6rth inklusive Produktion ab 2022 CO2-neutral werden, genau wie alle anderen europ\u00e4ischen Werke. M\u00f6glich wird das unter anderem durch ein Gr\u00fcnstromkonzept bei Daimler: Der CO2-freie Strombezug aus regenerativen Energiequellen bildet die Basis f\u00fcr die CO2-neutrale Produktion. Dabei bezieht der Standort ab 2022 Strom aus Wind- und Solarparks sowie Wasserkraftwerken. Auf dem Weg zu einer gr\u00fcnen Fabrik soll das Mercedes-Benz Werk W\u00f6rth dar\u00fcber hinaus langfristig CO2-frei arbeiten, indem ein vollst\u00e4ndig erneuerbares Energiesystem sukzessive in den n\u00e4chsten Jahren aufgebaut wird. Eine wichtige Rolle spielt dabei ebenso die konstante Verbesserung der Energieeffizienz im Werk. Ein Beispiel: Perspektivisch ersetzt eine zentrale Absorptionsk\u00e4lteanlage hunderte dezentrale Klimager\u00e4te am Standort, wobei bereits vorhandene W\u00e4rme statt Strom zur Klimatisierung genutzt wird. Bestehende Geb\u00e4ude samt Infrastruktur werden zus\u00e4tzlich von Grund auf energetisch saniert und neue klimaschonendere Technologien in der Produktion eingesetzt, wie beispielsweise der sogenannte \u201eEco Paint\u201c Prozess in der Lackierung.<\/p>\n<h3>Der Mercedes-Benz eActros<\/h3>\n<p>Nachdem Mercedes-Benz Trucks bereits auf der Nutzfahrzeug IAA 2016 in Hannover das Konzeptfahrzeug eines schweren Verteiler-Lkw f\u00fcr den urbanen Raum vorgestellt hatte, gingen ab 2018 zehn Prototypen des eActros in die Praxis-Erprobung bei Kunden in Deutschland und weiteren europ\u00e4ischen L\u00e4ndern. Ziel der \u201eeActros Innovationsflotte\u201c war es, mit den Kunden gemeinsam f\u00fcr den serienreifen eActros zu lernen. Das Serienmodell ist laut Daimler Truck im Vergleich zu den Prototypen in einigen Punkten wie Reichweite, Antriebsleistung und Sicherheit nochmals deutlich verbessert worden.<\/p>\n<p>Technologisches Herzst\u00fcck des eActros ist die Antriebseinheit mit zwei integrierten Elektromotoren samt Zwei-Gang-Getriebe. Die beiden Motoren sorgen f\u00fcr einen eindrucksvollen Fahrkomfort und eine hohe Fahrdynamik, zugleich erlaubt der leise und emissionsfreie elektrische Antrieb auch Nachtanlieferungen sowie die Einfahrt in Innenst\u00e4dte, in denen es Dieselfahrverbote gibt. Seine Energie sch\u00f6pft der eActros je nach Ausf\u00fchrung aus drei oder vier Batteriepaketen und kann damit eine Reichweite von bis zu 400 Kilometern erreichen. Der eActros kann mit bis zu 160 kW geladen werden: Die drei Batteriepakete ben\u00f6tigen an einer \u00fcblichen DC-Schnelllades\u00e4ule mit 400A Ladestrom etwas mehr als eine Stunde, um von 20 auf 80 Prozent geladen zu werden. Damit ist der eActros laut Daimler Truck mit Blick auf Verf\u00fcgbarkeit und Leistungserbringung f\u00fcr den t\u00e4glichen Einsatz im Verteilerverkehr bestens ger\u00fcstet.<\/p>\n<p>&nbsp;<\/p>\n","protected":false},"excerpt":{"rendered":"<p>Ende Juni fand die Weltpremiere des Mercedes-Benz eActros statt, gestern lief das erste Serienfahrzeug im neuen Future Truck Center des Werks W\u00f6rth vom Band. Die offizielle Er\u00f6ffnung der Produktionslinie und den Produktionsstart im gr\u00f6\u00dften Montagewerk von Mercedes-Benz Lkw \u00fcbernahmen Daniela Schmitt, Wirtschaftsministerin des Landes Rheinland-Pfalz, und Karin R\u00e5dstr\u00f6m, Mitglied des Vorstands der Daimler Truck AG <span class=\"excerpt-more__dots\">&#8230;<\/span> <a class=\"excerpt-more__link\" href=\"https:\/\/www.krafthand.de\/truck\/artikel\/produktionsstart-eactros-im-mercedes-benz-werk-woerth-29678\/\" >weiter<\/a><\/p>\n","protected":false},"author":9,"featured_media":29684,"comment_status":"closed","ping_status":"closed","sticky":false,"template":"","format":"standard","meta":{"footnotes":""},"categories":[4224,4915],"tags":[4141,4450,3210,2069],"settings":[3524,3523],"class_list":["post-29678","post","type-post","status-publish","format-standard","has-post-thumbnail","hentry","category-e-antrieb","category-neue-fahrzeuge","tag-daimler-truck-ag","tag-eactros","tag-produktion","tag-woerth"],"yoast_head":"<!-- This site is optimized with the Yoast SEO plugin v27.3 - https:\/\/yoast.com\/product\/yoast-seo-wordpress\/ -->\n<title>eActros I Produktionsstart I Werk W\u00f6rth I Daimler Truck AG<\/title>\n<meta name=\"description\" content=\"Ende Juni fand die Weltpremiere des Mercedes-Benz eActros statt, gestern lief das erste Serienfahrzeug im neuen Future Truck Center des Werks W\u00f6rth vom Band. Die offizielle Er\u00f6ffnung der Produktionslinie und den Produktionsstart im gr\u00f6\u00dften Montagewerk von Mercedes-Benz Lkw \u00fcbernahmen Daniela Schmitt, Wirtschaftsministerin des Landes Rheinland-Pfalz, und Karin R\u00e5dstr\u00f6m, Mitglied des Vorstands der Daimler Truck AG\" \/>\n<meta name=\"robots\" content=\"index, follow, max-snippet:-1, max-image-preview:large, max-video-preview:-1\" \/>\n<link rel=\"canonical\" href=\"https:\/\/www.krafthand.de\/truck\/artikel\/produktionsstart-eactros-im-mercedes-benz-werk-woerth-29678\/\" \/>\n<meta property=\"og:locale\" content=\"de_DE\" \/>\n<meta property=\"og:type\" content=\"article\" \/>\n<meta property=\"og:title\" content=\"eActros I Produktionsstart I Werk W\u00f6rth I Daimler Truck AG\" \/>\n<meta property=\"og:description\" content=\"Ende Juni fand die Weltpremiere des Mercedes-Benz eActros statt, gestern lief das erste Serienfahrzeug im neuen Future Truck Center des Werks W\u00f6rth vom Band. Die offizielle Er\u00f6ffnung der Produktionslinie und den Produktionsstart im gr\u00f6\u00dften Montagewerk von Mercedes-Benz Lkw \u00fcbernahmen Daniela Schmitt, Wirtschaftsministerin des Landes Rheinland-Pfalz, und Karin R\u00e5dstr\u00f6m, Mitglied des Vorstands der Daimler Truck AG\" \/>\n<meta property=\"og:url\" content=\"https:\/\/www.krafthand-truck.de\/artikel\/produktionsstart-eactros-im-mercedes-benz-werk-woerth-29678\/\" \/>\n<meta property=\"og:site_name\" content=\"Krafthand-Truck\" \/>\n<meta property=\"article:published_time\" content=\"2021-10-08T10:45:23+00:00\" \/>\n<meta property=\"article:modified_time\" content=\"2021-11-26T14:32:09+00:00\" \/>\n<meta property=\"og:image\" content=\"https:\/\/www.krafthand.de\/truck\/wp-content\/uploads\/2021\/10\/Daimler_Truck_AG_eActros_Produktionsstart_Woerth_Krafthand_Truck_01.jpg\" \/>\n\t<meta property=\"og:image:width\" content=\"1200\" \/>\n\t<meta property=\"og:image:height\" content=\"800\" \/>\n\t<meta property=\"og:image:type\" content=\"image\/jpeg\" \/>\n<meta name=\"author\" content=\"georg.blenk@krafthand-medien.de\" \/>\n<meta name=\"twitter:card\" content=\"summary_large_image\" \/>\n<meta name=\"twitter:label1\" content=\"Verfasst von\" \/>\n\t<meta name=\"twitter:data1\" content=\"georg.blenk@krafthand-medien.de\" \/>\n\t<meta name=\"twitter:label2\" content=\"Gesch\u00e4tzte Lesezeit\" \/>\n\t<meta name=\"twitter:data2\" content=\"7\u00a0Minuten\" \/>\n<script type=\"application\/ld+json\" class=\"yoast-schema-graph\">{\"@context\":\"https:\\\/\\\/schema.org\",\"@graph\":[{\"@type\":\"Article\",\"@id\":\"https:\\\/\\\/www.krafthand.de\\\/truck\\\/artikel\\\/produktionsstart-eactros-im-mercedes-benz-werk-woerth-29678\\\/#article\",\"isPartOf\":{\"@id\":\"https:\\\/\\\/www.krafthand.de\\\/truck\\\/artikel\\\/produktionsstart-eactros-im-mercedes-benz-werk-woerth-29678\\\/\"},\"author\":{\"name\":\"georg.blenk@krafthand-medien.de\",\"@id\":\"https:\\\/\\\/www.krafthand.de\\\/truck\\\/#\\\/schema\\\/person\\\/51fa80b1c57034c4bf63f9f988fc24ce\"},\"headline\":\"Produktionsstart des eActros im Mercedes-Benz Werk W\u00f6rth\",\"datePublished\":\"2021-10-08T10:45:23+00:00\",\"dateModified\":\"2021-11-26T14:32:09+00:00\",\"mainEntityOfPage\":{\"@id\":\"https:\\\/\\\/www.krafthand.de\\\/truck\\\/artikel\\\/produktionsstart-eactros-im-mercedes-benz-werk-woerth-29678\\\/\"},\"wordCount\":1357,\"image\":{\"@id\":\"https:\\\/\\\/www.krafthand.de\\\/truck\\\/artikel\\\/produktionsstart-eactros-im-mercedes-benz-werk-woerth-29678\\\/#primaryimage\"},\"thumbnailUrl\":\"https:\\\/\\\/static.krafthand-truck.de\\\/uploads\\\/2021\\\/10\\\/Daimler_Truck_AG_eActros_Produktionsstart_Woerth_Krafthand_Truck_01.jpg\",\"keywords\":[\"Daimler Truck AG\",\"eActros\",\"Produktion\",\"W\u00f6rth\"],\"articleSection\":[\"E-Antrieb (BEV\\\/FCEV)\",\"Neue Fahrzeuge\"],\"inLanguage\":\"de\"},{\"@type\":\"WebPage\",\"@id\":\"https:\\\/\\\/www.krafthand.de\\\/truck\\\/artikel\\\/produktionsstart-eactros-im-mercedes-benz-werk-woerth-29678\\\/\",\"url\":\"https:\\\/\\\/www.krafthand.de\\\/truck\\\/artikel\\\/produktionsstart-eactros-im-mercedes-benz-werk-woerth-29678\\\/\",\"name\":\"eActros I Produktionsstart I Werk W\u00f6rth I Daimler Truck AG\",\"isPartOf\":{\"@id\":\"https:\\\/\\\/www.krafthand.de\\\/truck\\\/#website\"},\"primaryImageOfPage\":{\"@id\":\"https:\\\/\\\/www.krafthand.de\\\/truck\\\/artikel\\\/produktionsstart-eactros-im-mercedes-benz-werk-woerth-29678\\\/#primaryimage\"},\"image\":{\"@id\":\"https:\\\/\\\/www.krafthand.de\\\/truck\\\/artikel\\\/produktionsstart-eactros-im-mercedes-benz-werk-woerth-29678\\\/#primaryimage\"},\"thumbnailUrl\":\"https:\\\/\\\/static.krafthand-truck.de\\\/uploads\\\/2021\\\/10\\\/Daimler_Truck_AG_eActros_Produktionsstart_Woerth_Krafthand_Truck_01.jpg\",\"datePublished\":\"2021-10-08T10:45:23+00:00\",\"dateModified\":\"2021-11-26T14:32:09+00:00\",\"author\":{\"@id\":\"https:\\\/\\\/www.krafthand.de\\\/truck\\\/#\\\/schema\\\/person\\\/51fa80b1c57034c4bf63f9f988fc24ce\"},\"description\":\"Ende Juni fand die Weltpremiere des Mercedes-Benz eActros statt, gestern lief das erste Serienfahrzeug im neuen Future Truck Center des Werks W\u00f6rth vom Band. Die offizielle Er\u00f6ffnung der Produktionslinie und den Produktionsstart im gr\u00f6\u00dften Montagewerk von Mercedes-Benz Lkw \u00fcbernahmen Daniela Schmitt, Wirtschaftsministerin des Landes Rheinland-Pfalz, und Karin R\u00e5dstr\u00f6m, Mitglied des Vorstands der Daimler Truck AG\",\"breadcrumb\":{\"@id\":\"https:\\\/\\\/www.krafthand.de\\\/truck\\\/artikel\\\/produktionsstart-eactros-im-mercedes-benz-werk-woerth-29678\\\/#breadcrumb\"},\"inLanguage\":\"de\",\"potentialAction\":[{\"@type\":\"ReadAction\",\"target\":[\"https:\\\/\\\/www.krafthand.de\\\/truck\\\/artikel\\\/produktionsstart-eactros-im-mercedes-benz-werk-woerth-29678\\\/\"]}]},{\"@type\":\"ImageObject\",\"inLanguage\":\"de\",\"@id\":\"https:\\\/\\\/www.krafthand.de\\\/truck\\\/artikel\\\/produktionsstart-eactros-im-mercedes-benz-werk-woerth-29678\\\/#primaryimage\",\"url\":\"https:\\\/\\\/static.krafthand-truck.de\\\/uploads\\\/2021\\\/10\\\/Daimler_Truck_AG_eActros_Produktionsstart_Woerth_Krafthand_Truck_01.jpg\",\"contentUrl\":\"https:\\\/\\\/static.krafthand-truck.de\\\/uploads\\\/2021\\\/10\\\/Daimler_Truck_AG_eActros_Produktionsstart_Woerth_Krafthand_Truck_01.jpg\",\"width\":1200,\"height\":800},{\"@type\":\"BreadcrumbList\",\"@id\":\"https:\\\/\\\/www.krafthand.de\\\/truck\\\/artikel\\\/produktionsstart-eactros-im-mercedes-benz-werk-woerth-29678\\\/#breadcrumb\",\"itemListElement\":[{\"@type\":\"ListItem\",\"position\":1,\"name\":\"Krafthand-Truck\",\"item\":\"https:\\\/\\\/www.krafthand.de\\\/truck\\\/\"},{\"@type\":\"ListItem\",\"position\":2,\"name\":\"Nfz-Technik\",\"item\":\"https:\\\/\\\/www.krafthand.de\\\/truck\\\/kategorie\\\/nfz-technik\\\/\"},{\"@type\":\"ListItem\",\"position\":3,\"name\":\"E-Antrieb (BEV\\\/FCEV)\",\"item\":\"https:\\\/\\\/www.krafthand.de\\\/truck\\\/kategorie\\\/nfz-technik\\\/e-antrieb\\\/\"},{\"@type\":\"ListItem\",\"position\":4,\"name\":\"Produktionsstart des eActros im Mercedes-Benz Werk W\u00f6rth\"}]},{\"@type\":\"WebSite\",\"@id\":\"https:\\\/\\\/www.krafthand.de\\\/truck\\\/#website\",\"url\":\"https:\\\/\\\/www.krafthand.de\\\/truck\\\/\",\"name\":\"Krafthand-Truck\",\"description\":\"\",\"potentialAction\":[{\"@type\":\"SearchAction\",\"target\":{\"@type\":\"EntryPoint\",\"urlTemplate\":\"https:\\\/\\\/www.krafthand.de\\\/truck\\\/?s={search_term_string}\"},\"query-input\":{\"@type\":\"PropertyValueSpecification\",\"valueRequired\":true,\"valueName\":\"search_term_string\"}}],\"inLanguage\":\"de\"},{\"@type\":\"Person\",\"@id\":\"https:\\\/\\\/www.krafthand.de\\\/truck\\\/#\\\/schema\\\/person\\\/51fa80b1c57034c4bf63f9f988fc24ce\",\"name\":\"georg.blenk@krafthand-medien.de\",\"image\":{\"@type\":\"ImageObject\",\"inLanguage\":\"de\",\"@id\":\"https:\\\/\\\/secure.gravatar.com\\\/avatar\\\/93713c30affe0aa95d3a4130e499bb1abee2eb31adbdd9ce2aa1543538490215?s=96&d=mm&r=g\",\"url\":\"https:\\\/\\\/secure.gravatar.com\\\/avatar\\\/93713c30affe0aa95d3a4130e499bb1abee2eb31adbdd9ce2aa1543538490215?s=96&d=mm&r=g\",\"contentUrl\":\"https:\\\/\\\/secure.gravatar.com\\\/avatar\\\/93713c30affe0aa95d3a4130e499bb1abee2eb31adbdd9ce2aa1543538490215?s=96&d=mm&r=g\",\"caption\":\"georg.blenk@krafthand-medien.de\"}}]}<\/script>\n<!-- \/ Yoast SEO plugin. -->","yoast_head_json":{"title":"eActros I Produktionsstart I Werk W\u00f6rth I Daimler Truck AG","description":"Ende Juni fand die Weltpremiere des Mercedes-Benz eActros statt, gestern lief das erste Serienfahrzeug im neuen Future Truck Center des Werks W\u00f6rth vom Band. Die offizielle Er\u00f6ffnung der Produktionslinie und den Produktionsstart im gr\u00f6\u00dften Montagewerk von Mercedes-Benz Lkw \u00fcbernahmen Daniela Schmitt, Wirtschaftsministerin des Landes Rheinland-Pfalz, und Karin R\u00e5dstr\u00f6m, Mitglied des Vorstands der Daimler Truck AG","robots":{"index":"index","follow":"follow","max-snippet":"max-snippet:-1","max-image-preview":"max-image-preview:large","max-video-preview":"max-video-preview:-1"},"canonical":"https:\/\/www.krafthand.de\/truck\/artikel\/produktionsstart-eactros-im-mercedes-benz-werk-woerth-29678\/","og_locale":"de_DE","og_type":"article","og_title":"eActros I Produktionsstart I Werk W\u00f6rth I Daimler Truck AG","og_description":"Ende Juni fand die Weltpremiere des Mercedes-Benz eActros statt, gestern lief das erste Serienfahrzeug im neuen Future Truck Center des Werks W\u00f6rth vom Band. Die offizielle Er\u00f6ffnung der Produktionslinie und den Produktionsstart im gr\u00f6\u00dften Montagewerk von Mercedes-Benz Lkw \u00fcbernahmen Daniela Schmitt, Wirtschaftsministerin des Landes Rheinland-Pfalz, und Karin R\u00e5dstr\u00f6m, Mitglied des Vorstands der Daimler Truck AG","og_url":"https:\/\/www.krafthand-truck.de\/artikel\/produktionsstart-eactros-im-mercedes-benz-werk-woerth-29678\/","og_site_name":"Krafthand-Truck","article_published_time":"2021-10-08T10:45:23+00:00","article_modified_time":"2021-11-26T14:32:09+00:00","og_image":[{"width":1200,"height":800,"url":"https:\/\/www.krafthand.de\/truck\/wp-content\/uploads\/2021\/10\/Daimler_Truck_AG_eActros_Produktionsstart_Woerth_Krafthand_Truck_01.jpg","type":"image\/jpeg"}],"author":"georg.blenk@krafthand-medien.de","twitter_card":"summary_large_image","twitter_misc":{"Verfasst von":"georg.blenk@krafthand-medien.de","Gesch\u00e4tzte Lesezeit":"7\u00a0Minuten"},"schema":{"@context":"https:\/\/schema.org","@graph":[{"@type":"Article","@id":"https:\/\/www.krafthand.de\/truck\/artikel\/produktionsstart-eactros-im-mercedes-benz-werk-woerth-29678\/#article","isPartOf":{"@id":"https:\/\/www.krafthand.de\/truck\/artikel\/produktionsstart-eactros-im-mercedes-benz-werk-woerth-29678\/"},"author":{"name":"georg.blenk@krafthand-medien.de","@id":"https:\/\/www.krafthand.de\/truck\/#\/schema\/person\/51fa80b1c57034c4bf63f9f988fc24ce"},"headline":"Produktionsstart des eActros im Mercedes-Benz Werk W\u00f6rth","datePublished":"2021-10-08T10:45:23+00:00","dateModified":"2021-11-26T14:32:09+00:00","mainEntityOfPage":{"@id":"https:\/\/www.krafthand.de\/truck\/artikel\/produktionsstart-eactros-im-mercedes-benz-werk-woerth-29678\/"},"wordCount":1357,"image":{"@id":"https:\/\/www.krafthand.de\/truck\/artikel\/produktionsstart-eactros-im-mercedes-benz-werk-woerth-29678\/#primaryimage"},"thumbnailUrl":"https:\/\/static.krafthand-truck.de\/uploads\/2021\/10\/Daimler_Truck_AG_eActros_Produktionsstart_Woerth_Krafthand_Truck_01.jpg","keywords":["Daimler Truck AG","eActros","Produktion","W\u00f6rth"],"articleSection":["E-Antrieb (BEV\/FCEV)","Neue Fahrzeuge"],"inLanguage":"de"},{"@type":"WebPage","@id":"https:\/\/www.krafthand.de\/truck\/artikel\/produktionsstart-eactros-im-mercedes-benz-werk-woerth-29678\/","url":"https:\/\/www.krafthand.de\/truck\/artikel\/produktionsstart-eactros-im-mercedes-benz-werk-woerth-29678\/","name":"eActros I Produktionsstart I Werk W\u00f6rth I Daimler Truck AG","isPartOf":{"@id":"https:\/\/www.krafthand.de\/truck\/#website"},"primaryImageOfPage":{"@id":"https:\/\/www.krafthand.de\/truck\/artikel\/produktionsstart-eactros-im-mercedes-benz-werk-woerth-29678\/#primaryimage"},"image":{"@id":"https:\/\/www.krafthand.de\/truck\/artikel\/produktionsstart-eactros-im-mercedes-benz-werk-woerth-29678\/#primaryimage"},"thumbnailUrl":"https:\/\/static.krafthand-truck.de\/uploads\/2021\/10\/Daimler_Truck_AG_eActros_Produktionsstart_Woerth_Krafthand_Truck_01.jpg","datePublished":"2021-10-08T10:45:23+00:00","dateModified":"2021-11-26T14:32:09+00:00","author":{"@id":"https:\/\/www.krafthand.de\/truck\/#\/schema\/person\/51fa80b1c57034c4bf63f9f988fc24ce"},"description":"Ende Juni fand die Weltpremiere des Mercedes-Benz eActros statt, gestern lief das erste Serienfahrzeug im neuen Future Truck Center des Werks W\u00f6rth vom Band. Die offizielle Er\u00f6ffnung der Produktionslinie und den Produktionsstart im gr\u00f6\u00dften Montagewerk von Mercedes-Benz Lkw \u00fcbernahmen Daniela Schmitt, Wirtschaftsministerin des Landes Rheinland-Pfalz, und Karin R\u00e5dstr\u00f6m, Mitglied des Vorstands der Daimler Truck AG","breadcrumb":{"@id":"https:\/\/www.krafthand.de\/truck\/artikel\/produktionsstart-eactros-im-mercedes-benz-werk-woerth-29678\/#breadcrumb"},"inLanguage":"de","potentialAction":[{"@type":"ReadAction","target":["https:\/\/www.krafthand.de\/truck\/artikel\/produktionsstart-eactros-im-mercedes-benz-werk-woerth-29678\/"]}]},{"@type":"ImageObject","inLanguage":"de","@id":"https:\/\/www.krafthand.de\/truck\/artikel\/produktionsstart-eactros-im-mercedes-benz-werk-woerth-29678\/#primaryimage","url":"https:\/\/static.krafthand-truck.de\/uploads\/2021\/10\/Daimler_Truck_AG_eActros_Produktionsstart_Woerth_Krafthand_Truck_01.jpg","contentUrl":"https:\/\/static.krafthand-truck.de\/uploads\/2021\/10\/Daimler_Truck_AG_eActros_Produktionsstart_Woerth_Krafthand_Truck_01.jpg","width":1200,"height":800},{"@type":"BreadcrumbList","@id":"https:\/\/www.krafthand.de\/truck\/artikel\/produktionsstart-eactros-im-mercedes-benz-werk-woerth-29678\/#breadcrumb","itemListElement":[{"@type":"ListItem","position":1,"name":"Krafthand-Truck","item":"https:\/\/www.krafthand.de\/truck\/"},{"@type":"ListItem","position":2,"name":"Nfz-Technik","item":"https:\/\/www.krafthand.de\/truck\/kategorie\/nfz-technik\/"},{"@type":"ListItem","position":3,"name":"E-Antrieb (BEV\/FCEV)","item":"https:\/\/www.krafthand.de\/truck\/kategorie\/nfz-technik\/e-antrieb\/"},{"@type":"ListItem","position":4,"name":"Produktionsstart des eActros im Mercedes-Benz Werk W\u00f6rth"}]},{"@type":"WebSite","@id":"https:\/\/www.krafthand.de\/truck\/#website","url":"https:\/\/www.krafthand.de\/truck\/","name":"Krafthand-Truck","description":"","potentialAction":[{"@type":"SearchAction","target":{"@type":"EntryPoint","urlTemplate":"https:\/\/www.krafthand.de\/truck\/?s={search_term_string}"},"query-input":{"@type":"PropertyValueSpecification","valueRequired":true,"valueName":"search_term_string"}}],"inLanguage":"de"},{"@type":"Person","@id":"https:\/\/www.krafthand.de\/truck\/#\/schema\/person\/51fa80b1c57034c4bf63f9f988fc24ce","name":"georg.blenk@krafthand-medien.de","image":{"@type":"ImageObject","inLanguage":"de","@id":"https:\/\/secure.gravatar.com\/avatar\/93713c30affe0aa95d3a4130e499bb1abee2eb31adbdd9ce2aa1543538490215?s=96&d=mm&r=g","url":"https:\/\/secure.gravatar.com\/avatar\/93713c30affe0aa95d3a4130e499bb1abee2eb31adbdd9ce2aa1543538490215?s=96&d=mm&r=g","contentUrl":"https:\/\/secure.gravatar.com\/avatar\/93713c30affe0aa95d3a4130e499bb1abee2eb31adbdd9ce2aa1543538490215?s=96&d=mm&r=g","caption":"georg.blenk@krafthand-medien.de"}}]}},"_links":{"self":[{"href":"https:\/\/www.krafthand.de\/truck\/wp-json\/wp\/v2\/posts\/29678","targetHints":{"allow":["GET"]}}],"collection":[{"href":"https:\/\/www.krafthand.de\/truck\/wp-json\/wp\/v2\/posts"}],"about":[{"href":"https:\/\/www.krafthand.de\/truck\/wp-json\/wp\/v2\/types\/post"}],"author":[{"embeddable":true,"href":"https:\/\/www.krafthand.de\/truck\/wp-json\/wp\/v2\/users\/9"}],"replies":[{"embeddable":true,"href":"https:\/\/www.krafthand.de\/truck\/wp-json\/wp\/v2\/comments?post=29678"}],"version-history":[{"count":6,"href":"https:\/\/www.krafthand.de\/truck\/wp-json\/wp\/v2\/posts\/29678\/revisions"}],"predecessor-version":[{"id":29686,"href":"https:\/\/www.krafthand.de\/truck\/wp-json\/wp\/v2\/posts\/29678\/revisions\/29686"}],"wp:featuredmedia":[{"embeddable":true,"href":"https:\/\/www.krafthand.de\/truck\/wp-json\/wp\/v2\/media\/29684"}],"wp:attachment":[{"href":"https:\/\/www.krafthand.de\/truck\/wp-json\/wp\/v2\/media?parent=29678"}],"wp:term":[{"taxonomy":"category","embeddable":true,"href":"https:\/\/www.krafthand.de\/truck\/wp-json\/wp\/v2\/categories?post=29678"},{"taxonomy":"post_tag","embeddable":true,"href":"https:\/\/www.krafthand.de\/truck\/wp-json\/wp\/v2\/tags?post=29678"},{"taxonomy":"settings","embeddable":true,"href":"https:\/\/www.krafthand.de\/truck\/wp-json\/wp\/v2\/settings?post=29678"}],"curies":[{"name":"wp","href":"https:\/\/api.w.org\/{rel}","templated":true}]}}