{"id":2965,"date":"2017-02-17T08:36:55","date_gmt":"2017-02-17T07:36:55","guid":{"rendered":"https:\/\/www.krafthand.de\/truck\/artikel\/kleinserie-mercedes-benz-urban-etruck-mit-elektroantrieb-startet-2017-2965\/"},"modified":"2017-02-17T08:36:55","modified_gmt":"2017-02-17T07:36:55","slug":"kleinserie-mercedes-benz-urban-etruck-mit-elektroantrieb-startet-2017","status":"publish","type":"post","link":"https:\/\/www.krafthand.de\/truck\/artikel\/kleinserie-mercedes-benz-urban-etruck-mit-elektroantrieb-startet-2017-2965\/","title":{"rendered":"Kleinserie Mercedes-Benz Urban eTruck mit Elektroantrieb startet 2017"},"content":{"rendered":"<p class=\"text-colored\">Mercedes-Benz Trucks bringt den weltweit ersten vollelektrischen, schweren Verteiler-Lkw noch dieses Jahr in Kleinserie auf den Markt. Nach der Vorstellung des Urban eTruck mit 25 t zul\u00e4ssigem Gesamtgewicht und bis zu 200 km Reichweite auf der IAA 2016 gehen bereits dieses Jahr die ersten Fahrzeuge in Kundenhand.<\/p>\n<p>Stefan Buchner, Leiter Mercedes-Benz Lkw weltweit: \u201eNach der Weltpremiere im September 2016 auf der IAA war die Kundenresonanz hervorragend. Wir sprechen derzeit mit rund 20 potenziellen Kunden aus der Entsorgungs-, Lebensmittel- und Logistikbranche. Mit der Kleinserie machen wir jetzt z\u00fcgig den n\u00e4chsten Schritt in Richtung Serienprodukt. Bis 2020 wollen wir mit der Seriengeneration am Markt sein.\u201c<\/p>\n<p>Null Emissionen, fl\u00fcsterleise und 12,8 t Zuladung: Der Urban eTruck wird zun\u00e4chst in einer niedrigen zweistelligen St\u00fcckzahl an Kunden in Deutschland \u2013 sp\u00e4ter aber auch in Europa &#8211; gehen. Dort wird er im realen Transporteinsatz unterwegs sein. Ziel ist es, anhand realer Einsatzszenarien und Anforderungsprofilen gemeinsam mit dem Kunden das Fahrzeugkonzept und die Systemauslegungen des Elektro-Lkw weiter zu optimieren. Getestet werden sollen beispielsweise der Einsatz im Schichtbetrieb, Ladezeiten sowie Batterie- und Reichweitenmanagement. <\/p>\n<p><b>Umsetzungsjahr<br \/><\/b>Stefan Buchner weiter: \u201eWir haben bei technologischen Zukunftsthemen die Ma\u00dfst\u00e4be in der Branche gesetzt, etwa beim elektrischen und autonomen Fahren sowie bei Konnektivit\u00e4t. 2017 wird nun unser Umsetzungsjahr: Wir entwickeln die Fahrzeuge und Systeme Schritt f\u00fcr Schritt zur Marktreife.\u201c<\/p>\n<p>Um die verschiedenen Einsatzm\u00f6glichkeiten abbilden zu k\u00f6nnen, werden 18- und 25-Tonner mit K\u00fchlaufbau, als Trockenkoffer und als Pritschenfahrzeug aufgebaut. Die Fahrzeuge werden den Kunden, zusammen mit einem speziel\u00adlen Ladeger\u00e4t, das die erh\u00f6hten Anforderungen eines Lkw ber\u00fccksichtigt, f\u00fcr einen Zeitraum von zw\u00f6lf Monaten zur Nutzung \u00fcberlassen und durch den Mercedes-Benz Trucks Fahrversuch betreut. W\u00e4hrend dieser Zeit werden Daten \u00fcber die Nutzungsprofile und Einsatzbereiche gesammelt und die gewonnenen Erkenntnisse und Erwartungen abgeglichen.<\/p>\n<p>Der Urban eTruck ist Teil einer umfassenden Elektro-Offensive von Daimler Trucks. Der leichte Elektro-Lkw Fuso eCanter wird 2017 in einer global angelegten Kleinserie zum Einsatz kommen. Rund 150 Fahrzeuge werden an ausgew\u00e4hlte Kunden in Europa, Japan und den USA \u00fcbergeben. Damit deckt Daimler Trucks ein breites Einsatzportfolio an Elektro-Lkw weltweit ab. <\/p>\n<p><b>Urbanisierung und bessere Wirtschaftlichkeit der Batterietechnik<br \/><\/b>Bessere Luftqualit\u00e4t, geringerer L\u00e4rmpegel und Einfahrrestriktionen sind inzwischen wichtige Schlagworte in den gro\u00dfen Metropolen weltweit. In Zukunft gilt es, f\u00fcr immer mehr Menschen G\u00fcter in urbanen R\u00e4umen zu transportieren \u2013 und dies m\u00f6glichst emissionsfrei und leise. Daher werden k\u00fcnftig in vielen Ballungsr\u00e4umen vollelektrische Lkw die Versorgung der Menschen mit Lebensmitteln oder anderen G\u00fctern des t\u00e4glichen Bedarfs sicherstellen.<\/p>\n<p>Die rasante technische Entwicklung unterst\u00fctzt diesen Trend: Daimler Trucks erwartet, dass die Kosten f\u00fcr die Batterien eines vollelektrischen Lkw von 1997 bis 2025 um den Faktor 2,5 sinken werden \u2013 von 500 Euro\/kWh auf 200 Euro\/kWh. Gleichzeitig steigt die Energiedichte der verf\u00fcgbaren Batterien in diesem Zeitraum um den gleichen Faktor von 80 Wh\/kg auf 200 Wh\/kg.<\/p>\n","protected":false},"excerpt":{"rendered":"<p>Mercedes-Benz Trucks bringt den weltweit ersten vollelektrischen, schweren Verteiler-Lkw noch dieses Jahr in Kleinserie auf den Markt. Nach der Vorstellung des Urban eTruck mit 25 t zul\u00e4ssigem Gesamtgewicht und bis zu 200 km Reichweite auf der IAA 2016 gehen bereits dieses Jahr die ersten Fahrzeuge in Kundenhand. <span class=\"excerpt-more__dots\">&#8230;<\/span> <a class=\"excerpt-more__link\" href=\"https:\/\/www.krafthand.de\/truck\/artikel\/kleinserie-mercedes-benz-urban-etruck-mit-elektroantrieb-startet-2017-2965\/\" >weiter<\/a><\/p>\n","protected":false},"author":3,"featured_media":2966,"comment_status":"closed","ping_status":"closed","sticky":false,"template":"","format":"standard","meta":{"footnotes":""},"categories":[5],"tags":[2880,2882,2881,479],"settings":[],"class_list":["post-2965","post","type-post","status-publish","format-standard","has-post-thumbnail","hentry","category-branche","tag-elektro-lkw","tag-elektroantrieb","tag-kleinserie","tag-mercedes-benz"],"yoast_head":"<!-- This site is optimized with the Yoast SEO plugin v27.3 - https:\/\/yoast.com\/product\/yoast-seo-wordpress\/ -->\n<title>Kleinserie Mercedes-Benz Urban eTruck mit Elektroantrieb startet 2017 - Krafthand-Truck<\/title>\n<meta name=\"robots\" content=\"index, follow, max-snippet:-1, max-image-preview:large, max-video-preview:-1\" \/>\n<link rel=\"canonical\" href=\"https:\/\/www.krafthand.de\/truck\/artikel\/kleinserie-mercedes-benz-urban-etruck-mit-elektroantrieb-startet-2017-2965\/\" \/>\n<meta property=\"og:locale\" content=\"de_DE\" \/>\n<meta property=\"og:type\" content=\"article\" \/>\n<meta property=\"og:title\" content=\"Kleinserie Mercedes-Benz Urban eTruck mit Elektroantrieb startet 2017 - Krafthand-Truck\" \/>\n<meta property=\"og:description\" content=\"Mercedes-Benz Trucks bringt den weltweit ersten vollelektrischen, schweren Verteiler-Lkw noch dieses Jahr in Kleinserie auf den Markt. Nach der Vorstellung des Urban eTruck mit 25 t zul\u00e4ssigem Gesamtgewicht und bis zu 200 km Reichweite auf der IAA 2016 gehen bereits dieses Jahr die ersten Fahrzeuge in Kundenhand. ... weiter\" \/>\n<meta property=\"og:url\" content=\"https:\/\/www.krafthand-truck.de\/artikel\/kleinserie-mercedes-benz-urban-etruck-mit-elektroantrieb-startet-2017-2965\/\" \/>\n<meta property=\"og:site_name\" content=\"Krafthand-Truck\" \/>\n<meta property=\"article:published_time\" content=\"2017-02-17T07:36:55+00:00\" \/>\n<meta property=\"og:image\" content=\"https:\/\/www.krafthand.de\/truck\/wp-content\/uploads\/2017\/02\/Urban_Mercedes_Benz_E_Truck__.jpg\" \/>\n\t<meta property=\"og:image:width\" content=\"800\" \/>\n\t<meta property=\"og:image:height\" content=\"534\" \/>\n\t<meta property=\"og:image:type\" content=\"image\/jpeg\" \/>\n<meta name=\"author\" content=\"katja.heid@krafthand.de\" \/>\n<meta name=\"twitter:card\" content=\"summary_large_image\" \/>\n<meta name=\"twitter:label1\" content=\"Verfasst von\" \/>\n\t<meta name=\"twitter:data1\" content=\"katja.heid@krafthand.de\" \/>\n\t<meta name=\"twitter:label2\" content=\"Gesch\u00e4tzte Lesezeit\" \/>\n\t<meta name=\"twitter:data2\" content=\"2\u00a0Minuten\" \/>\n<script type=\"application\/ld+json\" class=\"yoast-schema-graph\">{\"@context\":\"https:\\\/\\\/schema.org\",\"@graph\":[{\"@type\":\"Article\",\"@id\":\"https:\\\/\\\/www.krafthand.de\\\/truck\\\/artikel\\\/kleinserie-mercedes-benz-urban-etruck-mit-elektroantrieb-startet-2017-2965\\\/#article\",\"isPartOf\":{\"@id\":\"https:\\\/\\\/www.krafthand.de\\\/truck\\\/artikel\\\/kleinserie-mercedes-benz-urban-etruck-mit-elektroantrieb-startet-2017-2965\\\/\"},\"author\":{\"name\":\"katja.heid@krafthand.de\",\"@id\":\"https:\\\/\\\/www.krafthand.de\\\/truck\\\/#\\\/schema\\\/person\\\/8e290c6d425b72d176adc7767a251001\"},\"headline\":\"Kleinserie Mercedes-Benz Urban eTruck mit Elektroantrieb startet 2017\",\"datePublished\":\"2017-02-17T07:36:55+00:00\",\"mainEntityOfPage\":{\"@id\":\"https:\\\/\\\/www.krafthand.de\\\/truck\\\/artikel\\\/kleinserie-mercedes-benz-urban-etruck-mit-elektroantrieb-startet-2017-2965\\\/\"},\"wordCount\":484,\"image\":{\"@id\":\"https:\\\/\\\/www.krafthand.de\\\/truck\\\/artikel\\\/kleinserie-mercedes-benz-urban-etruck-mit-elektroantrieb-startet-2017-2965\\\/#primaryimage\"},\"thumbnailUrl\":\"https:\\\/\\\/static.krafthand-truck.de\\\/uploads\\\/2017\\\/02\\\/Urban_Mercedes_Benz_E_Truck__.jpg\",\"keywords\":[\"Elektro-Lkw\",\"Elektroantrieb\",\"Kleinserie\",\"Mercedes-Benz\"],\"articleSection\":[\"Nfz-Branche\"],\"inLanguage\":\"de\"},{\"@type\":\"WebPage\",\"@id\":\"https:\\\/\\\/www.krafthand.de\\\/truck\\\/artikel\\\/kleinserie-mercedes-benz-urban-etruck-mit-elektroantrieb-startet-2017-2965\\\/\",\"url\":\"https:\\\/\\\/www.krafthand.de\\\/truck\\\/artikel\\\/kleinserie-mercedes-benz-urban-etruck-mit-elektroantrieb-startet-2017-2965\\\/\",\"name\":\"Kleinserie Mercedes-Benz Urban eTruck mit Elektroantrieb startet 2017 - Krafthand-Truck\",\"isPartOf\":{\"@id\":\"https:\\\/\\\/www.krafthand.de\\\/truck\\\/#website\"},\"primaryImageOfPage\":{\"@id\":\"https:\\\/\\\/www.krafthand.de\\\/truck\\\/artikel\\\/kleinserie-mercedes-benz-urban-etruck-mit-elektroantrieb-startet-2017-2965\\\/#primaryimage\"},\"image\":{\"@id\":\"https:\\\/\\\/www.krafthand.de\\\/truck\\\/artikel\\\/kleinserie-mercedes-benz-urban-etruck-mit-elektroantrieb-startet-2017-2965\\\/#primaryimage\"},\"thumbnailUrl\":\"https:\\\/\\\/static.krafthand-truck.de\\\/uploads\\\/2017\\\/02\\\/Urban_Mercedes_Benz_E_Truck__.jpg\",\"datePublished\":\"2017-02-17T07:36:55+00:00\",\"author\":{\"@id\":\"https:\\\/\\\/www.krafthand.de\\\/truck\\\/#\\\/schema\\\/person\\\/8e290c6d425b72d176adc7767a251001\"},\"breadcrumb\":{\"@id\":\"https:\\\/\\\/www.krafthand.de\\\/truck\\\/artikel\\\/kleinserie-mercedes-benz-urban-etruck-mit-elektroantrieb-startet-2017-2965\\\/#breadcrumb\"},\"inLanguage\":\"de\",\"potentialAction\":[{\"@type\":\"ReadAction\",\"target\":[\"https:\\\/\\\/www.krafthand.de\\\/truck\\\/artikel\\\/kleinserie-mercedes-benz-urban-etruck-mit-elektroantrieb-startet-2017-2965\\\/\"]}]},{\"@type\":\"ImageObject\",\"inLanguage\":\"de\",\"@id\":\"https:\\\/\\\/www.krafthand.de\\\/truck\\\/artikel\\\/kleinserie-mercedes-benz-urban-etruck-mit-elektroantrieb-startet-2017-2965\\\/#primaryimage\",\"url\":\"https:\\\/\\\/static.krafthand-truck.de\\\/uploads\\\/2017\\\/02\\\/Urban_Mercedes_Benz_E_Truck__.jpg\",\"contentUrl\":\"https:\\\/\\\/static.krafthand-truck.de\\\/uploads\\\/2017\\\/02\\\/Urban_Mercedes_Benz_E_Truck__.jpg\",\"width\":800,\"height\":534,\"caption\":\"Kleinserie 2017: der vollelektrische Mercedes-Benz Urban eTruck im Kundeneinsatz. Bild: Daimler Trucks\"},{\"@type\":\"BreadcrumbList\",\"@id\":\"https:\\\/\\\/www.krafthand.de\\\/truck\\\/artikel\\\/kleinserie-mercedes-benz-urban-etruck-mit-elektroantrieb-startet-2017-2965\\\/#breadcrumb\",\"itemListElement\":[{\"@type\":\"ListItem\",\"position\":1,\"name\":\"Krafthand-Truck\",\"item\":\"https:\\\/\\\/www.krafthand.de\\\/truck\\\/\"},{\"@type\":\"ListItem\",\"position\":2,\"name\":\"Nfz-Branche\",\"item\":\"https:\\\/\\\/www.krafthand.de\\\/truck\\\/kategorie\\\/branche\\\/\"},{\"@type\":\"ListItem\",\"position\":3,\"name\":\"Kleinserie Mercedes-Benz Urban eTruck mit Elektroantrieb startet 2017\"}]},{\"@type\":\"WebSite\",\"@id\":\"https:\\\/\\\/www.krafthand.de\\\/truck\\\/#website\",\"url\":\"https:\\\/\\\/www.krafthand.de\\\/truck\\\/\",\"name\":\"Krafthand-Truck\",\"description\":\"\",\"potentialAction\":[{\"@type\":\"SearchAction\",\"target\":{\"@type\":\"EntryPoint\",\"urlTemplate\":\"https:\\\/\\\/www.krafthand.de\\\/truck\\\/?s={search_term_string}\"},\"query-input\":{\"@type\":\"PropertyValueSpecification\",\"valueRequired\":true,\"valueName\":\"search_term_string\"}}],\"inLanguage\":\"de\"},{\"@type\":\"Person\",\"@id\":\"https:\\\/\\\/www.krafthand.de\\\/truck\\\/#\\\/schema\\\/person\\\/8e290c6d425b72d176adc7767a251001\",\"name\":\"katja.heid@krafthand.de\",\"image\":{\"@type\":\"ImageObject\",\"inLanguage\":\"de\",\"@id\":\"https:\\\/\\\/secure.gravatar.com\\\/avatar\\\/9a2930c54ede0e0a76c0f8abfb74704de273084f2aa0e3c6deb2c86704c7402b?s=96&d=mm&r=g\",\"url\":\"https:\\\/\\\/secure.gravatar.com\\\/avatar\\\/9a2930c54ede0e0a76c0f8abfb74704de273084f2aa0e3c6deb2c86704c7402b?s=96&d=mm&r=g\",\"contentUrl\":\"https:\\\/\\\/secure.gravatar.com\\\/avatar\\\/9a2930c54ede0e0a76c0f8abfb74704de273084f2aa0e3c6deb2c86704c7402b?s=96&d=mm&r=g\",\"caption\":\"katja.heid@krafthand.de\"}}]}<\/script>\n<!-- \/ Yoast SEO plugin. -->","yoast_head_json":{"title":"Kleinserie Mercedes-Benz Urban eTruck mit Elektroantrieb startet 2017 - Krafthand-Truck","robots":{"index":"index","follow":"follow","max-snippet":"max-snippet:-1","max-image-preview":"max-image-preview:large","max-video-preview":"max-video-preview:-1"},"canonical":"https:\/\/www.krafthand.de\/truck\/artikel\/kleinserie-mercedes-benz-urban-etruck-mit-elektroantrieb-startet-2017-2965\/","og_locale":"de_DE","og_type":"article","og_title":"Kleinserie Mercedes-Benz Urban eTruck mit Elektroantrieb startet 2017 - Krafthand-Truck","og_description":"Mercedes-Benz Trucks bringt den weltweit ersten vollelektrischen, schweren Verteiler-Lkw noch dieses Jahr in Kleinserie auf den Markt. Nach der Vorstellung des Urban eTruck mit 25 t zul\u00e4ssigem Gesamtgewicht und bis zu 200 km Reichweite auf der IAA 2016 gehen bereits dieses Jahr die ersten Fahrzeuge in Kundenhand. ... weiter","og_url":"https:\/\/www.krafthand-truck.de\/artikel\/kleinserie-mercedes-benz-urban-etruck-mit-elektroantrieb-startet-2017-2965\/","og_site_name":"Krafthand-Truck","article_published_time":"2017-02-17T07:36:55+00:00","og_image":[{"width":800,"height":534,"url":"https:\/\/www.krafthand.de\/truck\/wp-content\/uploads\/2017\/02\/Urban_Mercedes_Benz_E_Truck__.jpg","type":"image\/jpeg"}],"author":"katja.heid@krafthand.de","twitter_card":"summary_large_image","twitter_misc":{"Verfasst von":"katja.heid@krafthand.de","Gesch\u00e4tzte Lesezeit":"2\u00a0Minuten"},"schema":{"@context":"https:\/\/schema.org","@graph":[{"@type":"Article","@id":"https:\/\/www.krafthand.de\/truck\/artikel\/kleinserie-mercedes-benz-urban-etruck-mit-elektroantrieb-startet-2017-2965\/#article","isPartOf":{"@id":"https:\/\/www.krafthand.de\/truck\/artikel\/kleinserie-mercedes-benz-urban-etruck-mit-elektroantrieb-startet-2017-2965\/"},"author":{"name":"katja.heid@krafthand.de","@id":"https:\/\/www.krafthand.de\/truck\/#\/schema\/person\/8e290c6d425b72d176adc7767a251001"},"headline":"Kleinserie Mercedes-Benz Urban eTruck mit Elektroantrieb startet 2017","datePublished":"2017-02-17T07:36:55+00:00","mainEntityOfPage":{"@id":"https:\/\/www.krafthand.de\/truck\/artikel\/kleinserie-mercedes-benz-urban-etruck-mit-elektroantrieb-startet-2017-2965\/"},"wordCount":484,"image":{"@id":"https:\/\/www.krafthand.de\/truck\/artikel\/kleinserie-mercedes-benz-urban-etruck-mit-elektroantrieb-startet-2017-2965\/#primaryimage"},"thumbnailUrl":"https:\/\/static.krafthand-truck.de\/uploads\/2017\/02\/Urban_Mercedes_Benz_E_Truck__.jpg","keywords":["Elektro-Lkw","Elektroantrieb","Kleinserie","Mercedes-Benz"],"articleSection":["Nfz-Branche"],"inLanguage":"de"},{"@type":"WebPage","@id":"https:\/\/www.krafthand.de\/truck\/artikel\/kleinserie-mercedes-benz-urban-etruck-mit-elektroantrieb-startet-2017-2965\/","url":"https:\/\/www.krafthand.de\/truck\/artikel\/kleinserie-mercedes-benz-urban-etruck-mit-elektroantrieb-startet-2017-2965\/","name":"Kleinserie Mercedes-Benz Urban eTruck mit Elektroantrieb startet 2017 - Krafthand-Truck","isPartOf":{"@id":"https:\/\/www.krafthand.de\/truck\/#website"},"primaryImageOfPage":{"@id":"https:\/\/www.krafthand.de\/truck\/artikel\/kleinserie-mercedes-benz-urban-etruck-mit-elektroantrieb-startet-2017-2965\/#primaryimage"},"image":{"@id":"https:\/\/www.krafthand.de\/truck\/artikel\/kleinserie-mercedes-benz-urban-etruck-mit-elektroantrieb-startet-2017-2965\/#primaryimage"},"thumbnailUrl":"https:\/\/static.krafthand-truck.de\/uploads\/2017\/02\/Urban_Mercedes_Benz_E_Truck__.jpg","datePublished":"2017-02-17T07:36:55+00:00","author":{"@id":"https:\/\/www.krafthand.de\/truck\/#\/schema\/person\/8e290c6d425b72d176adc7767a251001"},"breadcrumb":{"@id":"https:\/\/www.krafthand.de\/truck\/artikel\/kleinserie-mercedes-benz-urban-etruck-mit-elektroantrieb-startet-2017-2965\/#breadcrumb"},"inLanguage":"de","potentialAction":[{"@type":"ReadAction","target":["https:\/\/www.krafthand.de\/truck\/artikel\/kleinserie-mercedes-benz-urban-etruck-mit-elektroantrieb-startet-2017-2965\/"]}]},{"@type":"ImageObject","inLanguage":"de","@id":"https:\/\/www.krafthand.de\/truck\/artikel\/kleinserie-mercedes-benz-urban-etruck-mit-elektroantrieb-startet-2017-2965\/#primaryimage","url":"https:\/\/static.krafthand-truck.de\/uploads\/2017\/02\/Urban_Mercedes_Benz_E_Truck__.jpg","contentUrl":"https:\/\/static.krafthand-truck.de\/uploads\/2017\/02\/Urban_Mercedes_Benz_E_Truck__.jpg","width":800,"height":534,"caption":"Kleinserie 2017: der vollelektrische Mercedes-Benz Urban eTruck im Kundeneinsatz. Bild: Daimler Trucks"},{"@type":"BreadcrumbList","@id":"https:\/\/www.krafthand.de\/truck\/artikel\/kleinserie-mercedes-benz-urban-etruck-mit-elektroantrieb-startet-2017-2965\/#breadcrumb","itemListElement":[{"@type":"ListItem","position":1,"name":"Krafthand-Truck","item":"https:\/\/www.krafthand.de\/truck\/"},{"@type":"ListItem","position":2,"name":"Nfz-Branche","item":"https:\/\/www.krafthand.de\/truck\/kategorie\/branche\/"},{"@type":"ListItem","position":3,"name":"Kleinserie Mercedes-Benz Urban eTruck mit Elektroantrieb startet 2017"}]},{"@type":"WebSite","@id":"https:\/\/www.krafthand.de\/truck\/#website","url":"https:\/\/www.krafthand.de\/truck\/","name":"Krafthand-Truck","description":"","potentialAction":[{"@type":"SearchAction","target":{"@type":"EntryPoint","urlTemplate":"https:\/\/www.krafthand.de\/truck\/?s={search_term_string}"},"query-input":{"@type":"PropertyValueSpecification","valueRequired":true,"valueName":"search_term_string"}}],"inLanguage":"de"},{"@type":"Person","@id":"https:\/\/www.krafthand.de\/truck\/#\/schema\/person\/8e290c6d425b72d176adc7767a251001","name":"katja.heid@krafthand.de","image":{"@type":"ImageObject","inLanguage":"de","@id":"https:\/\/secure.gravatar.com\/avatar\/9a2930c54ede0e0a76c0f8abfb74704de273084f2aa0e3c6deb2c86704c7402b?s=96&d=mm&r=g","url":"https:\/\/secure.gravatar.com\/avatar\/9a2930c54ede0e0a76c0f8abfb74704de273084f2aa0e3c6deb2c86704c7402b?s=96&d=mm&r=g","contentUrl":"https:\/\/secure.gravatar.com\/avatar\/9a2930c54ede0e0a76c0f8abfb74704de273084f2aa0e3c6deb2c86704c7402b?s=96&d=mm&r=g","caption":"katja.heid@krafthand.de"}}]}},"_links":{"self":[{"href":"https:\/\/www.krafthand.de\/truck\/wp-json\/wp\/v2\/posts\/2965","targetHints":{"allow":["GET"]}}],"collection":[{"href":"https:\/\/www.krafthand.de\/truck\/wp-json\/wp\/v2\/posts"}],"about":[{"href":"https:\/\/www.krafthand.de\/truck\/wp-json\/wp\/v2\/types\/post"}],"author":[{"embeddable":true,"href":"https:\/\/www.krafthand.de\/truck\/wp-json\/wp\/v2\/users\/3"}],"replies":[{"embeddable":true,"href":"https:\/\/www.krafthand.de\/truck\/wp-json\/wp\/v2\/comments?post=2965"}],"version-history":[{"count":0,"href":"https:\/\/www.krafthand.de\/truck\/wp-json\/wp\/v2\/posts\/2965\/revisions"}],"wp:featuredmedia":[{"embeddable":true,"href":"https:\/\/www.krafthand.de\/truck\/wp-json\/wp\/v2\/media\/2966"}],"wp:attachment":[{"href":"https:\/\/www.krafthand.de\/truck\/wp-json\/wp\/v2\/media?parent=2965"}],"wp:term":[{"taxonomy":"category","embeddable":true,"href":"https:\/\/www.krafthand.de\/truck\/wp-json\/wp\/v2\/categories?post=2965"},{"taxonomy":"post_tag","embeddable":true,"href":"https:\/\/www.krafthand.de\/truck\/wp-json\/wp\/v2\/tags?post=2965"},{"taxonomy":"settings","embeddable":true,"href":"https:\/\/www.krafthand.de\/truck\/wp-json\/wp\/v2\/settings?post=2965"}],"curies":[{"name":"wp","href":"https:\/\/api.w.org\/{rel}","templated":true}]}}