{"id":29644,"date":"2021-10-05T15:46:46","date_gmt":"2021-10-05T13:46:46","guid":{"rendered":"https:\/\/www.krafthand.de\/truck\/?p=29644"},"modified":"2021-10-05T15:46:46","modified_gmt":"2021-10-05T13:46:46","slug":"generator-elektrischer-antrieb-im-leichten-nfz-verteilerverkehr","status":"publish","type":"post","link":"https:\/\/www.krafthand.de\/truck\/artikel\/generator-elektrischer-antrieb-im-leichten-nfz-verteilerverkehr-29644\/","title":{"rendered":"Generator-elektrischer Antrieb im leichten Nfz-Verteilerverkehr"},"content":{"rendered":"<p>Ab 2025 m\u00fcssen die in der Europ\u00e4ischen Union neu zugelassenen Nutzfahrzeuge spezifische Emissionsziele erreichen. Bei zu hohen Emissionen werden Strafzahlungen von bis zu 65.000 Euro pro verkauftem Fahrzeug f\u00e4llig. Als Alternative bietet sich, speziell f\u00fcr Fahrzeuge des leichten Verteilerverkehrs, das im Fraunhofer-Institut f\u00fcr Betriebsfestigkeit und Systemzuverl\u00e4ssigkeit LBF patentierte Konzept des generator-elektrischen Antriebs an.<\/p>\n<p>In einem Forschungsprojekt zum &#8218;Hocheffizienten Antriebsstrang f\u00fcr Nutzfahrzeuge&#8216; unter Ber\u00fccksichtigung der nationalen Mobilit\u00e4ts- und Wasserstoffstrategie\u00ab (HANNAe) standen <strong>biogene Kraftstoffe<\/strong>, eine <strong>W\u00e4rmekraftmaschine<\/strong> im <strong>Station\u00e4rbetrieb<\/strong> sowie der <strong>Energiespeicher<\/strong> zur vollst\u00e4ndigen Integration der Rekuperationsenergie im Fokus. Gemeinsam mit dem Produktbereich &#8218;Neue Antriebssysteme&#8216; des Fraunhofer ICT sowie den Instituten Fraunhofer IMM und ISE haben die Forschenden des <a href=\"https:\/\/www.lbf.fraunhofer.de\/\" target=\"_blank\" rel=\"noopener\">Fraunhofer LBF<\/a> einen speziellen, f\u00fcr die Anforderungen des leichten Nfz-Verteilerverkehrs optimierten <strong>generator-elektrischen Antriebsstrang<\/strong> ausgelegt. Er verbindet den Angaben zufolge in besonderer Weise Energieeffizienz und Wirtschaftlichkeit. (N\u00e4heres vermittelt ein Online-Workshop des Fraunhofer LBF am 20. Oktober 2021 von 9.00 &#8211; 12.00 Uhr).<\/p>\n<p>In Deutschland werden mehr als 70 Prozent des gesamten G\u00fcterverkehrs auf der Stra\u00dfe abgewickelt. Es sind gerade die mittleren Lkw im leichten Verteilerverkehr, die ihre Nutzlastkapazit\u00e4t unterdurchschnittlich ausnutzen und deshalb besonders hohe Emissionen je Tonnenkilometer aufweisen. Batterieelektrische Lkw f\u00fcr diese Transportaufgaben sind emissionsfrei, allerdings auch schwer und teuer: Im Verteilerverkehr ben\u00f6tigen sie f\u00fcr eine Fahrstrecke von 200 Kilometern eine Batteriekapazit\u00e4t von deutlich mehr als 200 Kilowattstunden (kWh), was einer Zusatzmasse von rund 2,5 Tonnen entspricht und die Fahrzeugkosten mehr als verdoppelt.<\/p>\n<p>&nbsp;<\/p>\n<figure id=\"attachment_29646\" aria-describedby=\"caption-attachment-29646\" style=\"width: 800px\" class=\"wp-caption aligncenter\"><a href=\"https:\/\/www.krafthand.de\/truck\/wp-content\/uploads\/2021\/10\/Fraunhofer_LBF_leichter_verteilerverkehr_generator_elektrisch.jpg\" target=\"_blank\" rel=\"noopener\"><img fetchpriority=\"high\" decoding=\"async\" class=\"wp-image-29646\" src=\"https:\/\/www.krafthand.de\/truck\/wp-content\/uploads\/2021\/10\/Fraunhofer_LBF_leichter_verteilerverkehr_generator_elektrisch-300x180.jpg\" alt=\"\" width=\"800\" height=\"480\" srcset=\"https:\/\/static.krafthand-truck.de\/uploads\/2021\/10\/Fraunhofer_LBF_leichter_verteilerverkehr_generator_elektrisch-300x180.jpg 300w, https:\/\/static.krafthand-truck.de\/uploads\/2021\/10\/Fraunhofer_LBF_leichter_verteilerverkehr_generator_elektrisch-768x461.jpg 768w, https:\/\/static.krafthand-truck.de\/uploads\/2021\/10\/Fraunhofer_LBF_leichter_verteilerverkehr_generator_elektrisch.jpg 960w\" sizes=\"(max-width: 800px) 100vw, 800px\" \/><\/a><figcaption id=\"caption-attachment-29646\" class=\"wp-caption-text\">Relative positive Beschleunigung als ein Ma\u00dfstab zur Bewertung von Lkw-Fahrprofilen. Grafik: Fraunhofer LBF<\/figcaption><\/figure>\n<h3><\/h3>\n<h3><\/h3>\n<h3>Generator-elektrischer Antrieb f\u00fcr 12-Tonnen-Lkw<\/h3>\n<p>Ein wirtschaftlicher und sofort verf\u00fcgbarer Weg zur emissionseffizienten Traktionsenergie ist die Nutzung <strong>generatorisch produzierter elektrischer Energie<\/strong>. Dazu dienen effiziente, station\u00e4r betriebene W\u00e4rmekraftmaschinen f\u00fcr die mittlere Traktionsleistung sowie elektrische Maschinen zur Umwandlung der kinetischen Energie bei der Fahrzeugverz\u00f6gerung. Im Rahmen des Forschungsprojektes zum &#8218;Hocheffizienten Antriebsstrang f\u00fcr Nutzfahrzeuge&#8216; unter Ber\u00fccksichtigung der nationalen Mobilit\u00e4ts- und Wasserstoffstrategie\u00ab (HANNAe) haben Forschende des Fraunhofer LBF gemeinsam mit dem Produktbereich \u00bbNeue Antriebssysteme\u00ab des Fraunhofer ICT sowie Wissenschaftler*innen von Fraunhofer IMM und ISE einen speziellen, f\u00fcr die Anforderungen des leichten Nfz-Verteilerverkehrs optimierten generator-elektrischen Antriebsstrang ausgelegt. Dessen zentrale Komponenten sind ein f\u00fcr den Betrieb mit biogenen gasf\u00f6rmigen Brennstoffen ausgelegter 3-Zylinder Motor mit einer konstanten Leistung von 50 kW sowie ein 32 kWh gro\u00dfer Energiespeicher mit Lithium-Eisenphosphat-Hochleistungszellen. Die damit f\u00fcr den Antrieb des generator-elektrischen Fahrzeugs (GEV) zur Verf\u00fcgung stehende Leistung und Energie reichen f\u00fcr typische Tagesfahrstrecken von bis zu 300 Kilometer vollkommen aus und bedeuten keine Einschr\u00e4nkungen gegen\u00fcber konventionellen Diesel-Lkw.<\/p>\n<h3>Perspektiven der GEV-Technologie<\/h3>\n<blockquote><p>&#8222;Mit der auf die durchschnittliche Leistungsanforderung im leichten Verteilerverkehr ausgelegten station\u00e4ren W\u00e4rmekraftmaschine sowie dem besonders kompakten Hochleistungsenergiespeicher f\u00fcr Spitzenleistungen bis 250 kW sind die Komponenten der GEV-Technologie besonders masse- und kosteneffizient. Aufgrund der deutlich reduzierten Kraftstoffkosten w\u00fcrde sich der Mehrpreis des generator-elektrischen Lkw innerhalb von zwei Jahren amortisieren und die CO2-Emissionen deutlich reduziert&#8220;, erkl\u00e4rt R\u00fcdiger Zinke, der das Projekt gemeinsam mit Artur Sch\u00f6nemann am Fraunhofer LBF betreut.<\/p><\/blockquote>\n<p>Wesentlich f\u00fcr die Gesamteffizienz schwerer Stra\u00dfenfahrzeuge ist die m\u00f6glichst vollst\u00e4ndige Integration der generatorisch erzeugten Bremsenergie. <em>&#8222;Das wird in unserem Konzept durch besonders leistungsf\u00e4hige und alterungsbest\u00e4ndige Zellen gew\u00e4hrleistet, die den Aufbau eines verh\u00e4ltnism\u00e4\u00dfig kleinen und kompakten Speichers erm\u00f6glichen. Dies ist eine der besonderen Kompetenzen des Fraunhofer LBF&#8220;<\/em>, erg\u00e4nzt Artur Sch\u00f6nemann.<\/p>\n<p>&nbsp;<\/p>\n<div class=\"infobox box-grey\"><br \/>\n<strong>Der generator-elektrische Antrieb<\/strong><br \/>\nFahrzeuge mit generatorelektrischem Antrieb fahren immer elektrisch. Dabei ist der Elektromotor in Drehmoment und Leistung bedarfsgerecht und optimal abgestimmt. Typische Kurzstrecken k\u00f6nnen ausnahmslos mit der Batterie bew\u00e4ltigt werden.<\/p>\n<p>Das Besondere am generator-elektrischen Powerpack ist die gro\u00dfe Reichweite. F\u00fcr lange Strecken wird das Batteriesystem st\u00e4ndig im Fahren geladen. Dazu dient ein monovalenter Gasmotor, der \u00fcber einen elektrischen Generator Strom erzeugt, den die Batterie fortlaufend zwischenspeichert. Der Motor l\u00e4uft mit konstanter Drehzahl und immer in seinem Wirkungsgrad-Optimum. Da die Klopffestigkeit von Methangas zudem h\u00f6her ist als die der normalen Ottokraftstoffe, verdichtet der Motor st\u00e4rker. Damit ist die Energieeffizienz des Gasmotors gegen\u00fcber Benzinmotoren deutlich besser.<\/p>\n<p>Im Gegensatz zu reinen Elektrofahrzeugen besitzen generator-elektrische Fahrzeuge eine W\u00e4rmequelle, die im Winter den Fahrgastraum w\u00e4rmt und im Sommer die Klimaanlage mit Energie versorgt. Die Ger\u00e4uschentwicklung ist dezent, da der Motor mit konstanter Drehzahl l\u00e4uft. Generatorelektrische Antriebe vereinen so die Reichweiten- und Infrastrukturvorteile von Verbrennungsmotoren mit den Effizienzvorteilen von Elektroantrieben. Sie sind f\u00fcr Pkw, Lkw und Nutzfahrzeuge geeignet.\u00a0 <a href=\"https:\/\/www.youtube.com\/watch?v=WQBnCB_GdCY\" target=\"_blank\" rel=\"noopener\">Dieses Video<\/a> erkl\u00e4rt das Prinzip.<br \/>\n<\/div>\n\r\n\t\t\t\t<div class=\"post-author\">\r\n\t\t\t\t\t<div class=\"khm-cp-author clearfix\">\r\n\t\t\t\t\t\t<div class=\"khm-cp-author__content\">\r\n\t\t\t\t\t\t\t\tKontakt zum Autor:<br \/>\r\n\t\t\t\t\t\t\t\t<strong>Georg Blenk<\/strong>, 08247 \/ 3007-45 |  <a href=\"mailto:georg.blenk@krafthand-medien.de\">georg.blenk@krafthand-medien.de<\/a>\r\n\t\t\t\t\t\t\t<div class=\"khm-cp-author__image\">\r\n\t\t\t\t\t\t<img src=\"https:\/\/static.krafthand-truck.de\/uploads\/2021\/01\/Blenk_6104-250x300-1-removebg-preview.png\" class=\"img-responsive\">\r\n\t\t\t\t\t<\/div>\r\n\t\t\t\t\t\t<\/div>\r\n\t\t\t\t\t<\/div>\r\n\t\t\t\t<\/div>\r\n\t\t\t\t","protected":false},"excerpt":{"rendered":"<p>Ab 2025 m\u00fcssen die in der Europ\u00e4ischen Union neu zugelassenen Nutzfahrzeuge spezifische Emissionsziele erreichen. Bei zu hohen Emissionen werden Strafzahlungen von bis zu 65.000 Euro pro verkauftem Fahrzeug f\u00e4llig. Als Alternative bietet sich, speziell f\u00fcr Fahrzeuge des leichten Verteilerverkehrs, das im Fraunhofer-Institut f\u00fcr Betriebsfestigkeit und Systemzuverl\u00e4ssigkeit LBF patentierte Konzept des generator-elektrischen Antriebs an. <span class=\"excerpt-more__dots\">&#8230;<\/span> <a class=\"excerpt-more__link\" href=\"https:\/\/www.krafthand.de\/truck\/artikel\/generator-elektrischer-antrieb-im-leichten-nfz-verteilerverkehr-29644\/\" >weiter<\/a><\/p>\n","protected":false},"author":9,"featured_media":29649,"comment_status":"closed","ping_status":"closed","sticky":false,"template":"","format":"standard","meta":{"footnotes":""},"categories":[4224],"tags":[4795,4796,4797],"settings":[3524,3523],"class_list":["post-29644","post","type-post","status-publish","format-standard","has-post-thumbnail","hentry","category-e-antrieb","tag-fraunhofer-lbf","tag-generator-elektrischer-antrieb","tag-gev"],"yoast_head":"<!-- This site is optimized with the Yoast SEO plugin v27.3 - https:\/\/yoast.com\/product\/yoast-seo-wordpress\/ -->\n<title>Fraunhofer LBF I Generator-elektrischer Antrieb I GEV<\/title>\n<meta name=\"description\" content=\"Ab 2025 m\u00fcssen die in der Europ\u00e4ischen Union neu zugelassenen Nutzfahrzeuge spezifische Emissionsziele erreichen. Bei zu hohen Emissionen werden Strafzahlungen von bis zu 65.000 Euro pro verkauftem Fahrzeug f\u00e4llig. Als Alternative bietet sich, speziell f\u00fcr Fahrzeuge des leichten Verteilerverkehrs, das im Fraunhofer-Institut f\u00fcr Betriebsfestigkeit und Systemzuverl\u00e4ssigkeit LBF patentierte Konzept des generator-elektrischen Antriebs an.\" \/>\n<meta name=\"robots\" content=\"index, follow, max-snippet:-1, max-image-preview:large, max-video-preview:-1\" \/>\n<link rel=\"canonical\" href=\"https:\/\/www.krafthand.de\/truck\/artikel\/generator-elektrischer-antrieb-im-leichten-nfz-verteilerverkehr-29644\/\" \/>\n<meta property=\"og:locale\" content=\"de_DE\" \/>\n<meta property=\"og:type\" content=\"article\" \/>\n<meta property=\"og:title\" content=\"Fraunhofer LBF I Generator-elektrischer Antrieb I GEV\" \/>\n<meta property=\"og:description\" content=\"Ab 2025 m\u00fcssen die in der Europ\u00e4ischen Union neu zugelassenen Nutzfahrzeuge spezifische Emissionsziele erreichen. Bei zu hohen Emissionen werden Strafzahlungen von bis zu 65.000 Euro pro verkauftem Fahrzeug f\u00e4llig. Als Alternative bietet sich, speziell f\u00fcr Fahrzeuge des leichten Verteilerverkehrs, das im Fraunhofer-Institut f\u00fcr Betriebsfestigkeit und Systemzuverl\u00e4ssigkeit LBF patentierte Konzept des generator-elektrischen Antriebs an.\" \/>\n<meta property=\"og:url\" content=\"https:\/\/www.krafthand-truck.de\/artikel\/generator-elektrischer-antrieb-im-leichten-nfz-verteilerverkehr-29644\/\" \/>\n<meta property=\"og:site_name\" content=\"Krafthand-Truck\" \/>\n<meta property=\"article:published_time\" content=\"2021-10-05T13:46:46+00:00\" \/>\n<meta property=\"og:image\" content=\"https:\/\/www.krafthand.de\/truck\/wp-content\/uploads\/2021\/10\/Fraunhofer_LBF_generator-elektrischer_Antrieb_verteilerverkehr_01.jpg\" \/>\n\t<meta property=\"og:image:width\" content=\"1200\" \/>\n\t<meta property=\"og:image:height\" content=\"672\" \/>\n\t<meta property=\"og:image:type\" content=\"image\/jpeg\" \/>\n<meta name=\"author\" content=\"georg.blenk@krafthand-medien.de\" \/>\n<meta name=\"twitter:card\" content=\"summary_large_image\" \/>\n<meta name=\"twitter:label1\" content=\"Verfasst von\" \/>\n\t<meta name=\"twitter:data1\" content=\"georg.blenk@krafthand-medien.de\" \/>\n\t<meta name=\"twitter:label2\" content=\"Gesch\u00e4tzte Lesezeit\" \/>\n\t<meta name=\"twitter:data2\" content=\"4\u00a0Minuten\" \/>\n<script type=\"application\/ld+json\" class=\"yoast-schema-graph\">{\"@context\":\"https:\\\/\\\/schema.org\",\"@graph\":[{\"@type\":\"Article\",\"@id\":\"https:\\\/\\\/www.krafthand.de\\\/truck\\\/artikel\\\/generator-elektrischer-antrieb-im-leichten-nfz-verteilerverkehr-29644\\\/#article\",\"isPartOf\":{\"@id\":\"https:\\\/\\\/www.krafthand.de\\\/truck\\\/artikel\\\/generator-elektrischer-antrieb-im-leichten-nfz-verteilerverkehr-29644\\\/\"},\"author\":{\"name\":\"georg.blenk@krafthand-medien.de\",\"@id\":\"https:\\\/\\\/www.krafthand.de\\\/truck\\\/#\\\/schema\\\/person\\\/51fa80b1c57034c4bf63f9f988fc24ce\"},\"headline\":\"Generator-elektrischer Antrieb im leichten Nfz-Verteilerverkehr\",\"datePublished\":\"2021-10-05T13:46:46+00:00\",\"mainEntityOfPage\":{\"@id\":\"https:\\\/\\\/www.krafthand.de\\\/truck\\\/artikel\\\/generator-elektrischer-antrieb-im-leichten-nfz-verteilerverkehr-29644\\\/\"},\"wordCount\":760,\"image\":{\"@id\":\"https:\\\/\\\/www.krafthand.de\\\/truck\\\/artikel\\\/generator-elektrischer-antrieb-im-leichten-nfz-verteilerverkehr-29644\\\/#primaryimage\"},\"thumbnailUrl\":\"https:\\\/\\\/static.krafthand-truck.de\\\/uploads\\\/2021\\\/10\\\/Fraunhofer_LBF_generator-elektrischer_Antrieb_verteilerverkehr_01.jpg\",\"keywords\":[\"Fraunhofer LBF\",\"generator-elektrischer Antrieb\",\"GEV\"],\"articleSection\":[\"E-Antrieb (BEV\\\/FCEV)\"],\"inLanguage\":\"de\"},{\"@type\":\"WebPage\",\"@id\":\"https:\\\/\\\/www.krafthand.de\\\/truck\\\/artikel\\\/generator-elektrischer-antrieb-im-leichten-nfz-verteilerverkehr-29644\\\/\",\"url\":\"https:\\\/\\\/www.krafthand.de\\\/truck\\\/artikel\\\/generator-elektrischer-antrieb-im-leichten-nfz-verteilerverkehr-29644\\\/\",\"name\":\"Fraunhofer LBF I Generator-elektrischer Antrieb I GEV\",\"isPartOf\":{\"@id\":\"https:\\\/\\\/www.krafthand.de\\\/truck\\\/#website\"},\"primaryImageOfPage\":{\"@id\":\"https:\\\/\\\/www.krafthand.de\\\/truck\\\/artikel\\\/generator-elektrischer-antrieb-im-leichten-nfz-verteilerverkehr-29644\\\/#primaryimage\"},\"image\":{\"@id\":\"https:\\\/\\\/www.krafthand.de\\\/truck\\\/artikel\\\/generator-elektrischer-antrieb-im-leichten-nfz-verteilerverkehr-29644\\\/#primaryimage\"},\"thumbnailUrl\":\"https:\\\/\\\/static.krafthand-truck.de\\\/uploads\\\/2021\\\/10\\\/Fraunhofer_LBF_generator-elektrischer_Antrieb_verteilerverkehr_01.jpg\",\"datePublished\":\"2021-10-05T13:46:46+00:00\",\"author\":{\"@id\":\"https:\\\/\\\/www.krafthand.de\\\/truck\\\/#\\\/schema\\\/person\\\/51fa80b1c57034c4bf63f9f988fc24ce\"},\"description\":\"Ab 2025 m\u00fcssen die in der Europ\u00e4ischen Union neu zugelassenen Nutzfahrzeuge spezifische Emissionsziele erreichen. Bei zu hohen Emissionen werden Strafzahlungen von bis zu 65.000 Euro pro verkauftem Fahrzeug f\u00e4llig. Als Alternative bietet sich, speziell f\u00fcr Fahrzeuge des leichten Verteilerverkehrs, das im Fraunhofer-Institut f\u00fcr Betriebsfestigkeit und Systemzuverl\u00e4ssigkeit LBF patentierte Konzept des generator-elektrischen Antriebs an.\",\"breadcrumb\":{\"@id\":\"https:\\\/\\\/www.krafthand.de\\\/truck\\\/artikel\\\/generator-elektrischer-antrieb-im-leichten-nfz-verteilerverkehr-29644\\\/#breadcrumb\"},\"inLanguage\":\"de\",\"potentialAction\":[{\"@type\":\"ReadAction\",\"target\":[\"https:\\\/\\\/www.krafthand.de\\\/truck\\\/artikel\\\/generator-elektrischer-antrieb-im-leichten-nfz-verteilerverkehr-29644\\\/\"]}]},{\"@type\":\"ImageObject\",\"inLanguage\":\"de\",\"@id\":\"https:\\\/\\\/www.krafthand.de\\\/truck\\\/artikel\\\/generator-elektrischer-antrieb-im-leichten-nfz-verteilerverkehr-29644\\\/#primaryimage\",\"url\":\"https:\\\/\\\/static.krafthand-truck.de\\\/uploads\\\/2021\\\/10\\\/Fraunhofer_LBF_generator-elektrischer_Antrieb_verteilerverkehr_01.jpg\",\"contentUrl\":\"https:\\\/\\\/static.krafthand-truck.de\\\/uploads\\\/2021\\\/10\\\/Fraunhofer_LBF_generator-elektrischer_Antrieb_verteilerverkehr_01.jpg\",\"width\":1200,\"height\":672},{\"@type\":\"BreadcrumbList\",\"@id\":\"https:\\\/\\\/www.krafthand.de\\\/truck\\\/artikel\\\/generator-elektrischer-antrieb-im-leichten-nfz-verteilerverkehr-29644\\\/#breadcrumb\",\"itemListElement\":[{\"@type\":\"ListItem\",\"position\":1,\"name\":\"Krafthand-Truck\",\"item\":\"https:\\\/\\\/www.krafthand.de\\\/truck\\\/\"},{\"@type\":\"ListItem\",\"position\":2,\"name\":\"Nfz-Technik\",\"item\":\"https:\\\/\\\/www.krafthand.de\\\/truck\\\/kategorie\\\/nfz-technik\\\/\"},{\"@type\":\"ListItem\",\"position\":3,\"name\":\"E-Antrieb (BEV\\\/FCEV)\",\"item\":\"https:\\\/\\\/www.krafthand.de\\\/truck\\\/kategorie\\\/nfz-technik\\\/e-antrieb\\\/\"},{\"@type\":\"ListItem\",\"position\":4,\"name\":\"Generator-elektrischer Antrieb im leichten Nfz-Verteilerverkehr\"}]},{\"@type\":\"WebSite\",\"@id\":\"https:\\\/\\\/www.krafthand.de\\\/truck\\\/#website\",\"url\":\"https:\\\/\\\/www.krafthand.de\\\/truck\\\/\",\"name\":\"Krafthand-Truck\",\"description\":\"\",\"potentialAction\":[{\"@type\":\"SearchAction\",\"target\":{\"@type\":\"EntryPoint\",\"urlTemplate\":\"https:\\\/\\\/www.krafthand.de\\\/truck\\\/?s={search_term_string}\"},\"query-input\":{\"@type\":\"PropertyValueSpecification\",\"valueRequired\":true,\"valueName\":\"search_term_string\"}}],\"inLanguage\":\"de\"},{\"@type\":\"Person\",\"@id\":\"https:\\\/\\\/www.krafthand.de\\\/truck\\\/#\\\/schema\\\/person\\\/51fa80b1c57034c4bf63f9f988fc24ce\",\"name\":\"georg.blenk@krafthand-medien.de\",\"image\":{\"@type\":\"ImageObject\",\"inLanguage\":\"de\",\"@id\":\"https:\\\/\\\/secure.gravatar.com\\\/avatar\\\/93713c30affe0aa95d3a4130e499bb1abee2eb31adbdd9ce2aa1543538490215?s=96&d=mm&r=g\",\"url\":\"https:\\\/\\\/secure.gravatar.com\\\/avatar\\\/93713c30affe0aa95d3a4130e499bb1abee2eb31adbdd9ce2aa1543538490215?s=96&d=mm&r=g\",\"contentUrl\":\"https:\\\/\\\/secure.gravatar.com\\\/avatar\\\/93713c30affe0aa95d3a4130e499bb1abee2eb31adbdd9ce2aa1543538490215?s=96&d=mm&r=g\",\"caption\":\"georg.blenk@krafthand-medien.de\"}}]}<\/script>\n<!-- \/ Yoast SEO plugin. -->","yoast_head_json":{"title":"Fraunhofer LBF I Generator-elektrischer Antrieb I GEV","description":"Ab 2025 m\u00fcssen die in der Europ\u00e4ischen Union neu zugelassenen Nutzfahrzeuge spezifische Emissionsziele erreichen. Bei zu hohen Emissionen werden Strafzahlungen von bis zu 65.000 Euro pro verkauftem Fahrzeug f\u00e4llig. Als Alternative bietet sich, speziell f\u00fcr Fahrzeuge des leichten Verteilerverkehrs, das im Fraunhofer-Institut f\u00fcr Betriebsfestigkeit und Systemzuverl\u00e4ssigkeit LBF patentierte Konzept des generator-elektrischen Antriebs an.","robots":{"index":"index","follow":"follow","max-snippet":"max-snippet:-1","max-image-preview":"max-image-preview:large","max-video-preview":"max-video-preview:-1"},"canonical":"https:\/\/www.krafthand.de\/truck\/artikel\/generator-elektrischer-antrieb-im-leichten-nfz-verteilerverkehr-29644\/","og_locale":"de_DE","og_type":"article","og_title":"Fraunhofer LBF I Generator-elektrischer Antrieb I GEV","og_description":"Ab 2025 m\u00fcssen die in der Europ\u00e4ischen Union neu zugelassenen Nutzfahrzeuge spezifische Emissionsziele erreichen. Bei zu hohen Emissionen werden Strafzahlungen von bis zu 65.000 Euro pro verkauftem Fahrzeug f\u00e4llig. Als Alternative bietet sich, speziell f\u00fcr Fahrzeuge des leichten Verteilerverkehrs, das im Fraunhofer-Institut f\u00fcr Betriebsfestigkeit und Systemzuverl\u00e4ssigkeit LBF patentierte Konzept des generator-elektrischen Antriebs an.","og_url":"https:\/\/www.krafthand-truck.de\/artikel\/generator-elektrischer-antrieb-im-leichten-nfz-verteilerverkehr-29644\/","og_site_name":"Krafthand-Truck","article_published_time":"2021-10-05T13:46:46+00:00","og_image":[{"width":1200,"height":672,"url":"https:\/\/www.krafthand.de\/truck\/wp-content\/uploads\/2021\/10\/Fraunhofer_LBF_generator-elektrischer_Antrieb_verteilerverkehr_01.jpg","type":"image\/jpeg"}],"author":"georg.blenk@krafthand-medien.de","twitter_card":"summary_large_image","twitter_misc":{"Verfasst von":"georg.blenk@krafthand-medien.de","Gesch\u00e4tzte Lesezeit":"4\u00a0Minuten"},"schema":{"@context":"https:\/\/schema.org","@graph":[{"@type":"Article","@id":"https:\/\/www.krafthand.de\/truck\/artikel\/generator-elektrischer-antrieb-im-leichten-nfz-verteilerverkehr-29644\/#article","isPartOf":{"@id":"https:\/\/www.krafthand.de\/truck\/artikel\/generator-elektrischer-antrieb-im-leichten-nfz-verteilerverkehr-29644\/"},"author":{"name":"georg.blenk@krafthand-medien.de","@id":"https:\/\/www.krafthand.de\/truck\/#\/schema\/person\/51fa80b1c57034c4bf63f9f988fc24ce"},"headline":"Generator-elektrischer Antrieb im leichten Nfz-Verteilerverkehr","datePublished":"2021-10-05T13:46:46+00:00","mainEntityOfPage":{"@id":"https:\/\/www.krafthand.de\/truck\/artikel\/generator-elektrischer-antrieb-im-leichten-nfz-verteilerverkehr-29644\/"},"wordCount":760,"image":{"@id":"https:\/\/www.krafthand.de\/truck\/artikel\/generator-elektrischer-antrieb-im-leichten-nfz-verteilerverkehr-29644\/#primaryimage"},"thumbnailUrl":"https:\/\/static.krafthand-truck.de\/uploads\/2021\/10\/Fraunhofer_LBF_generator-elektrischer_Antrieb_verteilerverkehr_01.jpg","keywords":["Fraunhofer LBF","generator-elektrischer Antrieb","GEV"],"articleSection":["E-Antrieb (BEV\/FCEV)"],"inLanguage":"de"},{"@type":"WebPage","@id":"https:\/\/www.krafthand.de\/truck\/artikel\/generator-elektrischer-antrieb-im-leichten-nfz-verteilerverkehr-29644\/","url":"https:\/\/www.krafthand.de\/truck\/artikel\/generator-elektrischer-antrieb-im-leichten-nfz-verteilerverkehr-29644\/","name":"Fraunhofer LBF I Generator-elektrischer Antrieb I GEV","isPartOf":{"@id":"https:\/\/www.krafthand.de\/truck\/#website"},"primaryImageOfPage":{"@id":"https:\/\/www.krafthand.de\/truck\/artikel\/generator-elektrischer-antrieb-im-leichten-nfz-verteilerverkehr-29644\/#primaryimage"},"image":{"@id":"https:\/\/www.krafthand.de\/truck\/artikel\/generator-elektrischer-antrieb-im-leichten-nfz-verteilerverkehr-29644\/#primaryimage"},"thumbnailUrl":"https:\/\/static.krafthand-truck.de\/uploads\/2021\/10\/Fraunhofer_LBF_generator-elektrischer_Antrieb_verteilerverkehr_01.jpg","datePublished":"2021-10-05T13:46:46+00:00","author":{"@id":"https:\/\/www.krafthand.de\/truck\/#\/schema\/person\/51fa80b1c57034c4bf63f9f988fc24ce"},"description":"Ab 2025 m\u00fcssen die in der Europ\u00e4ischen Union neu zugelassenen Nutzfahrzeuge spezifische Emissionsziele erreichen. Bei zu hohen Emissionen werden Strafzahlungen von bis zu 65.000 Euro pro verkauftem Fahrzeug f\u00e4llig. Als Alternative bietet sich, speziell f\u00fcr Fahrzeuge des leichten Verteilerverkehrs, das im Fraunhofer-Institut f\u00fcr Betriebsfestigkeit und Systemzuverl\u00e4ssigkeit LBF patentierte Konzept des generator-elektrischen Antriebs an.","breadcrumb":{"@id":"https:\/\/www.krafthand.de\/truck\/artikel\/generator-elektrischer-antrieb-im-leichten-nfz-verteilerverkehr-29644\/#breadcrumb"},"inLanguage":"de","potentialAction":[{"@type":"ReadAction","target":["https:\/\/www.krafthand.de\/truck\/artikel\/generator-elektrischer-antrieb-im-leichten-nfz-verteilerverkehr-29644\/"]}]},{"@type":"ImageObject","inLanguage":"de","@id":"https:\/\/www.krafthand.de\/truck\/artikel\/generator-elektrischer-antrieb-im-leichten-nfz-verteilerverkehr-29644\/#primaryimage","url":"https:\/\/static.krafthand-truck.de\/uploads\/2021\/10\/Fraunhofer_LBF_generator-elektrischer_Antrieb_verteilerverkehr_01.jpg","contentUrl":"https:\/\/static.krafthand-truck.de\/uploads\/2021\/10\/Fraunhofer_LBF_generator-elektrischer_Antrieb_verteilerverkehr_01.jpg","width":1200,"height":672},{"@type":"BreadcrumbList","@id":"https:\/\/www.krafthand.de\/truck\/artikel\/generator-elektrischer-antrieb-im-leichten-nfz-verteilerverkehr-29644\/#breadcrumb","itemListElement":[{"@type":"ListItem","position":1,"name":"Krafthand-Truck","item":"https:\/\/www.krafthand.de\/truck\/"},{"@type":"ListItem","position":2,"name":"Nfz-Technik","item":"https:\/\/www.krafthand.de\/truck\/kategorie\/nfz-technik\/"},{"@type":"ListItem","position":3,"name":"E-Antrieb (BEV\/FCEV)","item":"https:\/\/www.krafthand.de\/truck\/kategorie\/nfz-technik\/e-antrieb\/"},{"@type":"ListItem","position":4,"name":"Generator-elektrischer Antrieb im leichten Nfz-Verteilerverkehr"}]},{"@type":"WebSite","@id":"https:\/\/www.krafthand.de\/truck\/#website","url":"https:\/\/www.krafthand.de\/truck\/","name":"Krafthand-Truck","description":"","potentialAction":[{"@type":"SearchAction","target":{"@type":"EntryPoint","urlTemplate":"https:\/\/www.krafthand.de\/truck\/?s={search_term_string}"},"query-input":{"@type":"PropertyValueSpecification","valueRequired":true,"valueName":"search_term_string"}}],"inLanguage":"de"},{"@type":"Person","@id":"https:\/\/www.krafthand.de\/truck\/#\/schema\/person\/51fa80b1c57034c4bf63f9f988fc24ce","name":"georg.blenk@krafthand-medien.de","image":{"@type":"ImageObject","inLanguage":"de","@id":"https:\/\/secure.gravatar.com\/avatar\/93713c30affe0aa95d3a4130e499bb1abee2eb31adbdd9ce2aa1543538490215?s=96&d=mm&r=g","url":"https:\/\/secure.gravatar.com\/avatar\/93713c30affe0aa95d3a4130e499bb1abee2eb31adbdd9ce2aa1543538490215?s=96&d=mm&r=g","contentUrl":"https:\/\/secure.gravatar.com\/avatar\/93713c30affe0aa95d3a4130e499bb1abee2eb31adbdd9ce2aa1543538490215?s=96&d=mm&r=g","caption":"georg.blenk@krafthand-medien.de"}}]}},"_links":{"self":[{"href":"https:\/\/www.krafthand.de\/truck\/wp-json\/wp\/v2\/posts\/29644","targetHints":{"allow":["GET"]}}],"collection":[{"href":"https:\/\/www.krafthand.de\/truck\/wp-json\/wp\/v2\/posts"}],"about":[{"href":"https:\/\/www.krafthand.de\/truck\/wp-json\/wp\/v2\/types\/post"}],"author":[{"embeddable":true,"href":"https:\/\/www.krafthand.de\/truck\/wp-json\/wp\/v2\/users\/9"}],"replies":[{"embeddable":true,"href":"https:\/\/www.krafthand.de\/truck\/wp-json\/wp\/v2\/comments?post=29644"}],"version-history":[{"count":7,"href":"https:\/\/www.krafthand.de\/truck\/wp-json\/wp\/v2\/posts\/29644\/revisions"}],"predecessor-version":[{"id":29653,"href":"https:\/\/www.krafthand.de\/truck\/wp-json\/wp\/v2\/posts\/29644\/revisions\/29653"}],"wp:featuredmedia":[{"embeddable":true,"href":"https:\/\/www.krafthand.de\/truck\/wp-json\/wp\/v2\/media\/29649"}],"wp:attachment":[{"href":"https:\/\/www.krafthand.de\/truck\/wp-json\/wp\/v2\/media?parent=29644"}],"wp:term":[{"taxonomy":"category","embeddable":true,"href":"https:\/\/www.krafthand.de\/truck\/wp-json\/wp\/v2\/categories?post=29644"},{"taxonomy":"post_tag","embeddable":true,"href":"https:\/\/www.krafthand.de\/truck\/wp-json\/wp\/v2\/tags?post=29644"},{"taxonomy":"settings","embeddable":true,"href":"https:\/\/www.krafthand.de\/truck\/wp-json\/wp\/v2\/settings?post=29644"}],"curies":[{"name":"wp","href":"https:\/\/api.w.org\/{rel}","templated":true}]}}