{"id":2961,"date":"2017-02-13T10:23:08","date_gmt":"2017-02-13T09:23:08","guid":{"rendered":"https:\/\/www.krafthand.de\/truck\/artikel\/koegel-ersatzteilbereich-waechst-umzug-in-ein-neues-logistikzentrum-2961\/"},"modified":"2017-02-13T10:23:08","modified_gmt":"2017-02-13T09:23:08","slug":"koegel-ersatzteilbereich-waechst-umzug-in-ein-neues-logistikzentrum","status":"publish","type":"post","link":"https:\/\/www.krafthand.de\/truck\/artikel\/koegel-ersatzteilbereich-waechst-umzug-in-ein-neues-logistikzentrum-2961\/","title":{"rendered":"K\u00f6gel Ersatzteilbereich w\u00e4chst: Umzug in ein neues Logistikzentrum"},"content":{"rendered":"<p class=\"text-colored\">Die K\u00f6gel Trailer GmbH &#038; Co. KG verzeichnet im Bereich Ersatzteile ein kontinuierliches Wachstum. F\u00fcr die letzten beiden Jahre bedeutet das eine Steigerung des Ersatzteilumsatzes im mittleren zweistelligen Prozentbereich.<\/p>\n<p>Um dieser Entwicklung Rechnung zu tragen und ein weiteres Wachstum zu sichern, ist das Ersatzteillager samt den K\u00f6gel-Abteilungen Ersatzteilvertrieb, Preisgestaltung und Teiledisposition zum 1. Januar 2017 umgezogen.<br \/>\nVom bayerischen Standort Neu-Ulm ging es in das baden-w\u00fcrttembergische Ulm, genauer gesagt in die Boschstra\u00dfe 25. Dort sorgt die C. E. Noerpel GmbH, ein Logistikdienstleister, f\u00fcr eine professionelle Lagerlogistik der K\u00f6gel-Verschlei\u00df- und Ersatzteile. Damit sollen K\u00f6gel-Kunden und die \u00fcber 700 K\u00f6gel-Servicepartner sowie die Ersatzteilh\u00e4ndler in Europa von einer schnelleren Ersatzteillieferung profitieren.<br \/>\n<b>Ersatzteilshop \u201eK\u00f6gel Parts\u201c am neuen Standort<\/b><br \/>Ganz neu ist der Ersatzteilshop \u201eK\u00f6gel Parts\u201c direkt beim K\u00f6gel Logistikzentrum. Damit haben die Kunden ab sofort die M\u00f6glichkeit, von Montag bis Freitag von 8 Uhr bis 18 Uhr ben\u00f6tigte Waren direkt vor Ort zu kaufen oder bestellte Waren abzuholen. Hier sind nicht nur K\u00f6gel spezifische Teile erh\u00e4ltlich, sondern auch g\u00e4ngiges Zubeh\u00f6r wie Achs- und Bremsverschlei\u00dfteile sowie Landungssicherungsmaterialien.<\/p>\n<p>Anton Bigelmaier, Leiter After Market bei K\u00f6gel: \u201eDer alte Standort ist einfach zu klein geworden. Gerade die Abholer von Komplettladungen mussten oftmals Wartezeiten in Kauf nehmen, bis die Lkw fertig verladen waren. Dies geh\u00f6rt jetzt gl\u00fccklicherweise der Vergangenheit an.\u201c <\/p>\n<p><b>K\u00f6gel Parts Shop: der 24-Stunden-Online-Berater<\/b><br \/>Nat\u00fcrlich ist auch weiterhin der Online Parts Shop auf der K\u00f6gel Website in der Navigationsleiste unter dem Reiter \u201eErsatzteilshop\u201c zu finden. F\u00fcr eine schnelle Bestellung stehen dort zwei M\u00f6glichkeiten zur Wahl. Entweder die Eingabe einer bekannten Artikelnummer und direkte \u00dcbernahme in den Warenkorb. Oder die Bestellung \u00fcber die Fahrzeugidentnummer: Hier zeigt der Parts Shop im Browser alle Ersatzteile sowie deren Verf\u00fcgbarkeit f\u00fcr die einzelnen Baugruppen des Fahrzeugs an. Zeichnungen der Ersatzteilproduktgruppen helfen zudem, das richtige Teil zu finden. Sind die Ersatzteile \u00fcber einen dieser Wege ausgew\u00e4hlt, erfolgt nach Eingabe der gew\u00fcnschten Versandmethode die Bestellung im Warenkorb. Der Warenkorb zeigt nochmals eine \u00fcbersichtliche Zusammenfassung der ausgew\u00e4hlten Ersatzteile mit Verf\u00fcgbarkeit.<\/p>\n","protected":false},"excerpt":{"rendered":"<p>Die K\u00f6gel Trailer GmbH &#038; Co. KG verzeichnet im Bereich Ersatzteile ein kontinuierliches Wachstum. F\u00fcr die letzten beiden Jahre bedeutet das eine Steigerung des Ersatzteilumsatzes im mittleren zweistelligen Prozentbereich. <span class=\"excerpt-more__dots\">&#8230;<\/span> <a class=\"excerpt-more__link\" href=\"https:\/\/www.krafthand.de\/truck\/artikel\/koegel-ersatzteilbereich-waechst-umzug-in-ein-neues-logistikzentrum-2961\/\" >weiter<\/a><\/p>\n","protected":false},"author":3,"featured_media":2962,"comment_status":"closed","ping_status":"closed","sticky":false,"template":"","format":"standard","meta":{"footnotes":""},"categories":[5],"tags":[2876,2879,2878,2877],"settings":[],"class_list":["post-2961","post","type-post","status-publish","format-standard","has-post-thumbnail","hentry","category-branche","tag-koegel-ersatzteilbereich","tag-koegel-trailer-gmbh-co-kg","tag-logistikzentrum","tag-umzug"],"yoast_head":"<!-- This site is optimized with the Yoast SEO plugin v27.3 - https:\/\/yoast.com\/product\/yoast-seo-wordpress\/ -->\n<title>K\u00f6gel Ersatzteilbereich w\u00e4chst: Umzug in ein neues Logistikzentrum - Krafthand-Truck<\/title>\n<meta name=\"robots\" content=\"index, follow, max-snippet:-1, max-image-preview:large, max-video-preview:-1\" \/>\n<link rel=\"canonical\" href=\"https:\/\/www.krafthand.de\/truck\/artikel\/koegel-ersatzteilbereich-waechst-umzug-in-ein-neues-logistikzentrum-2961\/\" \/>\n<meta property=\"og:locale\" content=\"de_DE\" \/>\n<meta property=\"og:type\" content=\"article\" \/>\n<meta property=\"og:title\" content=\"K\u00f6gel Ersatzteilbereich w\u00e4chst: Umzug in ein neues Logistikzentrum - Krafthand-Truck\" \/>\n<meta property=\"og:description\" content=\"Die K\u00f6gel Trailer GmbH &amp; Co. KG verzeichnet im Bereich Ersatzteile ein kontinuierliches Wachstum. F\u00fcr die letzten beiden Jahre bedeutet das eine Steigerung des Ersatzteilumsatzes im mittleren zweistelligen Prozentbereich. ... weiter\" \/>\n<meta property=\"og:url\" content=\"https:\/\/www.krafthand-truck.de\/artikel\/koegel-ersatzteilbereich-waechst-umzug-in-ein-neues-logistikzentrum-2961\/\" \/>\n<meta property=\"og:site_name\" content=\"Krafthand-Truck\" \/>\n<meta property=\"article:published_time\" content=\"2017-02-13T09:23:08+00:00\" \/>\n<meta property=\"og:image\" content=\"https:\/\/www.krafthand.de\/truck\/wp-content\/uploads\/2017\/02\/Koegel_.jpg\" \/>\n\t<meta property=\"og:image:width\" content=\"1200\" \/>\n\t<meta property=\"og:image:height\" content=\"814\" \/>\n\t<meta property=\"og:image:type\" content=\"image\/jpeg\" \/>\n<meta name=\"author\" content=\"katja.heid@krafthand.de\" \/>\n<meta name=\"twitter:card\" content=\"summary_large_image\" \/>\n<meta name=\"twitter:label1\" content=\"Verfasst von\" \/>\n\t<meta name=\"twitter:data1\" content=\"katja.heid@krafthand.de\" \/>\n\t<meta name=\"twitter:label2\" content=\"Gesch\u00e4tzte Lesezeit\" \/>\n\t<meta name=\"twitter:data2\" content=\"2\u00a0Minuten\" \/>\n<script type=\"application\/ld+json\" class=\"yoast-schema-graph\">{\"@context\":\"https:\\\/\\\/schema.org\",\"@graph\":[{\"@type\":\"Article\",\"@id\":\"https:\\\/\\\/www.krafthand.de\\\/truck\\\/artikel\\\/koegel-ersatzteilbereich-waechst-umzug-in-ein-neues-logistikzentrum-2961\\\/#article\",\"isPartOf\":{\"@id\":\"https:\\\/\\\/www.krafthand.de\\\/truck\\\/artikel\\\/koegel-ersatzteilbereich-waechst-umzug-in-ein-neues-logistikzentrum-2961\\\/\"},\"author\":{\"name\":\"katja.heid@krafthand.de\",\"@id\":\"https:\\\/\\\/www.krafthand.de\\\/truck\\\/#\\\/schema\\\/person\\\/8e290c6d425b72d176adc7767a251001\"},\"headline\":\"K\u00f6gel Ersatzteilbereich w\u00e4chst: Umzug in ein neues Logistikzentrum\",\"datePublished\":\"2017-02-13T09:23:08+00:00\",\"mainEntityOfPage\":{\"@id\":\"https:\\\/\\\/www.krafthand.de\\\/truck\\\/artikel\\\/koegel-ersatzteilbereich-waechst-umzug-in-ein-neues-logistikzentrum-2961\\\/\"},\"wordCount\":363,\"image\":{\"@id\":\"https:\\\/\\\/www.krafthand.de\\\/truck\\\/artikel\\\/koegel-ersatzteilbereich-waechst-umzug-in-ein-neues-logistikzentrum-2961\\\/#primaryimage\"},\"thumbnailUrl\":\"https:\\\/\\\/static.krafthand-truck.de\\\/uploads\\\/2017\\\/02\\\/Koegel_.jpg\",\"keywords\":[\"K\u00f6gel Ersatzteilbereich\",\"K\u00f6gel Trailer GmbH &amp; Co. KG\",\"Logistikzentrum\",\"Umzug\"],\"articleSection\":[\"Nfz-Branche\"],\"inLanguage\":\"de\"},{\"@type\":\"WebPage\",\"@id\":\"https:\\\/\\\/www.krafthand.de\\\/truck\\\/artikel\\\/koegel-ersatzteilbereich-waechst-umzug-in-ein-neues-logistikzentrum-2961\\\/\",\"url\":\"https:\\\/\\\/www.krafthand.de\\\/truck\\\/artikel\\\/koegel-ersatzteilbereich-waechst-umzug-in-ein-neues-logistikzentrum-2961\\\/\",\"name\":\"K\u00f6gel Ersatzteilbereich w\u00e4chst: Umzug in ein neues Logistikzentrum - Krafthand-Truck\",\"isPartOf\":{\"@id\":\"https:\\\/\\\/www.krafthand.de\\\/truck\\\/#website\"},\"primaryImageOfPage\":{\"@id\":\"https:\\\/\\\/www.krafthand.de\\\/truck\\\/artikel\\\/koegel-ersatzteilbereich-waechst-umzug-in-ein-neues-logistikzentrum-2961\\\/#primaryimage\"},\"image\":{\"@id\":\"https:\\\/\\\/www.krafthand.de\\\/truck\\\/artikel\\\/koegel-ersatzteilbereich-waechst-umzug-in-ein-neues-logistikzentrum-2961\\\/#primaryimage\"},\"thumbnailUrl\":\"https:\\\/\\\/static.krafthand-truck.de\\\/uploads\\\/2017\\\/02\\\/Koegel_.jpg\",\"datePublished\":\"2017-02-13T09:23:08+00:00\",\"author\":{\"@id\":\"https:\\\/\\\/www.krafthand.de\\\/truck\\\/#\\\/schema\\\/person\\\/8e290c6d425b72d176adc7767a251001\"},\"breadcrumb\":{\"@id\":\"https:\\\/\\\/www.krafthand.de\\\/truck\\\/artikel\\\/koegel-ersatzteilbereich-waechst-umzug-in-ein-neues-logistikzentrum-2961\\\/#breadcrumb\"},\"inLanguage\":\"de\",\"potentialAction\":[{\"@type\":\"ReadAction\",\"target\":[\"https:\\\/\\\/www.krafthand.de\\\/truck\\\/artikel\\\/koegel-ersatzteilbereich-waechst-umzug-in-ein-neues-logistikzentrum-2961\\\/\"]}]},{\"@type\":\"ImageObject\",\"inLanguage\":\"de\",\"@id\":\"https:\\\/\\\/www.krafthand.de\\\/truck\\\/artikel\\\/koegel-ersatzteilbereich-waechst-umzug-in-ein-neues-logistikzentrum-2961\\\/#primaryimage\",\"url\":\"https:\\\/\\\/static.krafthand-truck.de\\\/uploads\\\/2017\\\/02\\\/Koegel_.jpg\",\"contentUrl\":\"https:\\\/\\\/static.krafthand-truck.de\\\/uploads\\\/2017\\\/02\\\/Koegel_.jpg\",\"width\":1200,\"height\":814,\"caption\":\"Von links nach rechts: Anton Bigelmaier, Leiter After Market bei K\u00f6gel und Frank Rudat, Leiter Vertrieb bei Noerpel. Quelle\\\/Foto: Ingo Kramer\\\/K\u00f6gel Trailer GmbH & Co. KG\"},{\"@type\":\"BreadcrumbList\",\"@id\":\"https:\\\/\\\/www.krafthand.de\\\/truck\\\/artikel\\\/koegel-ersatzteilbereich-waechst-umzug-in-ein-neues-logistikzentrum-2961\\\/#breadcrumb\",\"itemListElement\":[{\"@type\":\"ListItem\",\"position\":1,\"name\":\"Krafthand-Truck\",\"item\":\"https:\\\/\\\/www.krafthand.de\\\/truck\\\/\"},{\"@type\":\"ListItem\",\"position\":2,\"name\":\"Nfz-Branche\",\"item\":\"https:\\\/\\\/www.krafthand.de\\\/truck\\\/kategorie\\\/branche\\\/\"},{\"@type\":\"ListItem\",\"position\":3,\"name\":\"K\u00f6gel Ersatzteilbereich w\u00e4chst: Umzug in ein neues Logistikzentrum\"}]},{\"@type\":\"WebSite\",\"@id\":\"https:\\\/\\\/www.krafthand.de\\\/truck\\\/#website\",\"url\":\"https:\\\/\\\/www.krafthand.de\\\/truck\\\/\",\"name\":\"Krafthand-Truck\",\"description\":\"\",\"potentialAction\":[{\"@type\":\"SearchAction\",\"target\":{\"@type\":\"EntryPoint\",\"urlTemplate\":\"https:\\\/\\\/www.krafthand.de\\\/truck\\\/?s={search_term_string}\"},\"query-input\":{\"@type\":\"PropertyValueSpecification\",\"valueRequired\":true,\"valueName\":\"search_term_string\"}}],\"inLanguage\":\"de\"},{\"@type\":\"Person\",\"@id\":\"https:\\\/\\\/www.krafthand.de\\\/truck\\\/#\\\/schema\\\/person\\\/8e290c6d425b72d176adc7767a251001\",\"name\":\"katja.heid@krafthand.de\",\"image\":{\"@type\":\"ImageObject\",\"inLanguage\":\"de\",\"@id\":\"https:\\\/\\\/secure.gravatar.com\\\/avatar\\\/9a2930c54ede0e0a76c0f8abfb74704de273084f2aa0e3c6deb2c86704c7402b?s=96&d=mm&r=g\",\"url\":\"https:\\\/\\\/secure.gravatar.com\\\/avatar\\\/9a2930c54ede0e0a76c0f8abfb74704de273084f2aa0e3c6deb2c86704c7402b?s=96&d=mm&r=g\",\"contentUrl\":\"https:\\\/\\\/secure.gravatar.com\\\/avatar\\\/9a2930c54ede0e0a76c0f8abfb74704de273084f2aa0e3c6deb2c86704c7402b?s=96&d=mm&r=g\",\"caption\":\"katja.heid@krafthand.de\"}}]}<\/script>\n<!-- \/ Yoast SEO plugin. -->","yoast_head_json":{"title":"K\u00f6gel Ersatzteilbereich w\u00e4chst: Umzug in ein neues Logistikzentrum - Krafthand-Truck","robots":{"index":"index","follow":"follow","max-snippet":"max-snippet:-1","max-image-preview":"max-image-preview:large","max-video-preview":"max-video-preview:-1"},"canonical":"https:\/\/www.krafthand.de\/truck\/artikel\/koegel-ersatzteilbereich-waechst-umzug-in-ein-neues-logistikzentrum-2961\/","og_locale":"de_DE","og_type":"article","og_title":"K\u00f6gel Ersatzteilbereich w\u00e4chst: Umzug in ein neues Logistikzentrum - Krafthand-Truck","og_description":"Die K\u00f6gel Trailer GmbH & Co. KG verzeichnet im Bereich Ersatzteile ein kontinuierliches Wachstum. F\u00fcr die letzten beiden Jahre bedeutet das eine Steigerung des Ersatzteilumsatzes im mittleren zweistelligen Prozentbereich. ... weiter","og_url":"https:\/\/www.krafthand-truck.de\/artikel\/koegel-ersatzteilbereich-waechst-umzug-in-ein-neues-logistikzentrum-2961\/","og_site_name":"Krafthand-Truck","article_published_time":"2017-02-13T09:23:08+00:00","og_image":[{"width":1200,"height":814,"url":"https:\/\/www.krafthand.de\/truck\/wp-content\/uploads\/2017\/02\/Koegel_.jpg","type":"image\/jpeg"}],"author":"katja.heid@krafthand.de","twitter_card":"summary_large_image","twitter_misc":{"Verfasst von":"katja.heid@krafthand.de","Gesch\u00e4tzte Lesezeit":"2\u00a0Minuten"},"schema":{"@context":"https:\/\/schema.org","@graph":[{"@type":"Article","@id":"https:\/\/www.krafthand.de\/truck\/artikel\/koegel-ersatzteilbereich-waechst-umzug-in-ein-neues-logistikzentrum-2961\/#article","isPartOf":{"@id":"https:\/\/www.krafthand.de\/truck\/artikel\/koegel-ersatzteilbereich-waechst-umzug-in-ein-neues-logistikzentrum-2961\/"},"author":{"name":"katja.heid@krafthand.de","@id":"https:\/\/www.krafthand.de\/truck\/#\/schema\/person\/8e290c6d425b72d176adc7767a251001"},"headline":"K\u00f6gel Ersatzteilbereich w\u00e4chst: Umzug in ein neues Logistikzentrum","datePublished":"2017-02-13T09:23:08+00:00","mainEntityOfPage":{"@id":"https:\/\/www.krafthand.de\/truck\/artikel\/koegel-ersatzteilbereich-waechst-umzug-in-ein-neues-logistikzentrum-2961\/"},"wordCount":363,"image":{"@id":"https:\/\/www.krafthand.de\/truck\/artikel\/koegel-ersatzteilbereich-waechst-umzug-in-ein-neues-logistikzentrum-2961\/#primaryimage"},"thumbnailUrl":"https:\/\/static.krafthand-truck.de\/uploads\/2017\/02\/Koegel_.jpg","keywords":["K\u00f6gel Ersatzteilbereich","K\u00f6gel Trailer GmbH &amp; Co. KG","Logistikzentrum","Umzug"],"articleSection":["Nfz-Branche"],"inLanguage":"de"},{"@type":"WebPage","@id":"https:\/\/www.krafthand.de\/truck\/artikel\/koegel-ersatzteilbereich-waechst-umzug-in-ein-neues-logistikzentrum-2961\/","url":"https:\/\/www.krafthand.de\/truck\/artikel\/koegel-ersatzteilbereich-waechst-umzug-in-ein-neues-logistikzentrum-2961\/","name":"K\u00f6gel Ersatzteilbereich w\u00e4chst: Umzug in ein neues Logistikzentrum - Krafthand-Truck","isPartOf":{"@id":"https:\/\/www.krafthand.de\/truck\/#website"},"primaryImageOfPage":{"@id":"https:\/\/www.krafthand.de\/truck\/artikel\/koegel-ersatzteilbereich-waechst-umzug-in-ein-neues-logistikzentrum-2961\/#primaryimage"},"image":{"@id":"https:\/\/www.krafthand.de\/truck\/artikel\/koegel-ersatzteilbereich-waechst-umzug-in-ein-neues-logistikzentrum-2961\/#primaryimage"},"thumbnailUrl":"https:\/\/static.krafthand-truck.de\/uploads\/2017\/02\/Koegel_.jpg","datePublished":"2017-02-13T09:23:08+00:00","author":{"@id":"https:\/\/www.krafthand.de\/truck\/#\/schema\/person\/8e290c6d425b72d176adc7767a251001"},"breadcrumb":{"@id":"https:\/\/www.krafthand.de\/truck\/artikel\/koegel-ersatzteilbereich-waechst-umzug-in-ein-neues-logistikzentrum-2961\/#breadcrumb"},"inLanguage":"de","potentialAction":[{"@type":"ReadAction","target":["https:\/\/www.krafthand.de\/truck\/artikel\/koegel-ersatzteilbereich-waechst-umzug-in-ein-neues-logistikzentrum-2961\/"]}]},{"@type":"ImageObject","inLanguage":"de","@id":"https:\/\/www.krafthand.de\/truck\/artikel\/koegel-ersatzteilbereich-waechst-umzug-in-ein-neues-logistikzentrum-2961\/#primaryimage","url":"https:\/\/static.krafthand-truck.de\/uploads\/2017\/02\/Koegel_.jpg","contentUrl":"https:\/\/static.krafthand-truck.de\/uploads\/2017\/02\/Koegel_.jpg","width":1200,"height":814,"caption":"Von links nach rechts: Anton Bigelmaier, Leiter After Market bei K\u00f6gel und Frank Rudat, Leiter Vertrieb bei Noerpel. Quelle\/Foto: Ingo Kramer\/K\u00f6gel Trailer GmbH & Co. KG"},{"@type":"BreadcrumbList","@id":"https:\/\/www.krafthand.de\/truck\/artikel\/koegel-ersatzteilbereich-waechst-umzug-in-ein-neues-logistikzentrum-2961\/#breadcrumb","itemListElement":[{"@type":"ListItem","position":1,"name":"Krafthand-Truck","item":"https:\/\/www.krafthand.de\/truck\/"},{"@type":"ListItem","position":2,"name":"Nfz-Branche","item":"https:\/\/www.krafthand.de\/truck\/kategorie\/branche\/"},{"@type":"ListItem","position":3,"name":"K\u00f6gel Ersatzteilbereich w\u00e4chst: Umzug in ein neues Logistikzentrum"}]},{"@type":"WebSite","@id":"https:\/\/www.krafthand.de\/truck\/#website","url":"https:\/\/www.krafthand.de\/truck\/","name":"Krafthand-Truck","description":"","potentialAction":[{"@type":"SearchAction","target":{"@type":"EntryPoint","urlTemplate":"https:\/\/www.krafthand.de\/truck\/?s={search_term_string}"},"query-input":{"@type":"PropertyValueSpecification","valueRequired":true,"valueName":"search_term_string"}}],"inLanguage":"de"},{"@type":"Person","@id":"https:\/\/www.krafthand.de\/truck\/#\/schema\/person\/8e290c6d425b72d176adc7767a251001","name":"katja.heid@krafthand.de","image":{"@type":"ImageObject","inLanguage":"de","@id":"https:\/\/secure.gravatar.com\/avatar\/9a2930c54ede0e0a76c0f8abfb74704de273084f2aa0e3c6deb2c86704c7402b?s=96&d=mm&r=g","url":"https:\/\/secure.gravatar.com\/avatar\/9a2930c54ede0e0a76c0f8abfb74704de273084f2aa0e3c6deb2c86704c7402b?s=96&d=mm&r=g","contentUrl":"https:\/\/secure.gravatar.com\/avatar\/9a2930c54ede0e0a76c0f8abfb74704de273084f2aa0e3c6deb2c86704c7402b?s=96&d=mm&r=g","caption":"katja.heid@krafthand.de"}}]}},"_links":{"self":[{"href":"https:\/\/www.krafthand.de\/truck\/wp-json\/wp\/v2\/posts\/2961","targetHints":{"allow":["GET"]}}],"collection":[{"href":"https:\/\/www.krafthand.de\/truck\/wp-json\/wp\/v2\/posts"}],"about":[{"href":"https:\/\/www.krafthand.de\/truck\/wp-json\/wp\/v2\/types\/post"}],"author":[{"embeddable":true,"href":"https:\/\/www.krafthand.de\/truck\/wp-json\/wp\/v2\/users\/3"}],"replies":[{"embeddable":true,"href":"https:\/\/www.krafthand.de\/truck\/wp-json\/wp\/v2\/comments?post=2961"}],"version-history":[{"count":0,"href":"https:\/\/www.krafthand.de\/truck\/wp-json\/wp\/v2\/posts\/2961\/revisions"}],"wp:featuredmedia":[{"embeddable":true,"href":"https:\/\/www.krafthand.de\/truck\/wp-json\/wp\/v2\/media\/2962"}],"wp:attachment":[{"href":"https:\/\/www.krafthand.de\/truck\/wp-json\/wp\/v2\/media?parent=2961"}],"wp:term":[{"taxonomy":"category","embeddable":true,"href":"https:\/\/www.krafthand.de\/truck\/wp-json\/wp\/v2\/categories?post=2961"},{"taxonomy":"post_tag","embeddable":true,"href":"https:\/\/www.krafthand.de\/truck\/wp-json\/wp\/v2\/tags?post=2961"},{"taxonomy":"settings","embeddable":true,"href":"https:\/\/www.krafthand.de\/truck\/wp-json\/wp\/v2\/settings?post=2961"}],"curies":[{"name":"wp","href":"https:\/\/api.w.org\/{rel}","templated":true}]}}