{"id":29585,"date":"2021-09-28T09:47:01","date_gmt":"2021-09-28T07:47:01","guid":{"rendered":"https:\/\/www.krafthand.de\/truck\/?p=29585"},"modified":"2021-09-28T10:38:27","modified_gmt":"2021-09-28T08:38:27","slug":"weiterer-schritt-in-richtung-eigenstaendigkeit-daimler-truck-besetzt-schluesselstellen-im-finanzbereich","status":"publish","type":"post","link":"https:\/\/www.krafthand.de\/truck\/artikel\/weiterer-schritt-in-richtung-eigenstaendigkeit-daimler-truck-besetzt-schluesselstellen-im-finanzbereich-29585\/","title":{"rendered":"Weiterer Schritt in Richtung Eigenst\u00e4ndigkeit: Daimler Truck besetzt Schl\u00fcsselstellen im Finanzbereich"},"content":{"rendered":"<p>Daimler Truck gibt die Besetzung zweier Schl\u00fcsselfunktionen im Finanzbereich bekannt und m\u00f6chte damit einen weiteren Schritt in Richtung Eigenst\u00e4ndigkeit gehen. So \u00fcbernimmt Claus B\u00e4ssler zum 1. Dezember 2021 die Gesamtleitung des Bereichs \u201eTreasury &amp; Tax Daimler Truck\u201c in der <a href=\"https:\/\/www.daimler-truck.com\/de\/\" target=\"_blank\" rel=\"noopener\">Daimler Truck AG<\/a>. Christian Herrmann erweitert seine Verantwortung und \u00fcbernimmt zum 1. Dezember 2021 die Leitung des Bereichs \u201eInvestor Relations \/ M&amp;A &amp; Participation Management Daimler Truck\u201c. Die Neubesetzungen sollen klare Verantwortlichkeiten im Finanzbereich unter der Leitung von Chief Financial Officer Jochen G\u00f6tz schaffen.<\/p>\n<blockquote><p>\u201eIch freue mich diese zentralen Positionen unserer Finanzorganisation mit zwei so erfahrenen Managern wie Claus B\u00e4ssler und Christian Herrmann besetzen zu k\u00f6nnen. Sie werden uns wertvolle Unterst\u00fctzung beim Start in die Eigenst\u00e4ndigkeit der Daimler Truck Group liefern\u201c, so Jochen G\u00f6tz, im Vorstand der Daimler Truck AG verantwortlich f\u00fcr Finanzen und Controlling.<\/p><\/blockquote>\n<p>Mit Claus B\u00e4ssler \u00fcbernimmt ein erfahrener Finanz-Manager das Ressort Treasury &amp; Tax Daimler Truck. Seit 1993 im Unternehmen, durchlief er verschiedene F\u00fchrungspositionen im Finanzbereich, zum Beispiel als CFO von Mercedes-Benz Thailand, als Leiter Exportkredit\/Finanzen sowie als Leiter Audit Finance &amp; Controlling innerhalb der Konzernrevision. Von 2017 bis Anfang 2021 war Claus B\u00e4ssler CFO von Daimler Buses sowie kaufm\u00e4nnischer Gesch\u00e4ftsf\u00fchrer der EvoBus GmbH. Seit M\u00e4rz 2021 leitete er das Projekt Fokus f\u00fcr Daimler Trucks und spielte dabei eine Schl\u00fcsselrolle auf dem Weg zur geplanten Eigenst\u00e4ndigkeit der Daimler Truck AG.<\/p>\n<p>Christian Herrmann ist ein Finanzmanager mit reicher Erfahrung in den Themenbereichen Accounting, Controlling und Mergers &amp; Acquisitions (M&amp;A). Nach seinem Einstieg in die damalige Daimler Chrysler AG 2003 durchlief er verschiedene Stationen im Bereich Corporate Controlling &amp; Accounting und M&amp;A der Daimler AG. Seit 2016 ist Herrmann verantwortlich f\u00fcr den Bereich \u201eTechnology, M&amp;A and Ventures\u201c f\u00fcr die Daimler AG. In dieser Funktion war er unter anderem ma\u00dfgeblich an Daimler Truck Projekten wie der Torc Akquisition oder dem Joint-Venture cellcentric beteiligt. Er soll der Funktion Investor Relations bei Daimler Truck ein starkes Profil geben.<\/p>\n","protected":false},"excerpt":{"rendered":"<p>Daimler Truck gibt die Besetzung zweier Schl\u00fcsselfunktionen im Finanzbereich bekannt. So \u00fcbernimmt Claus B\u00e4ssler zum 1. Dezember 2021 die Gesamtleitung des Bereichs \u201eTreasury &#038; Tax Daimler Truck\u201c in der Daimler Truck AG. Christian Herrmann erweitert seine Verantwortung und \u00fcbernimmt zum 1. Dezember 2021 die Leitung des Bereichs \u201eInvestor Relations \/ M&#038;A &#038; Participation Management Daimler Truck\u201c. <span class=\"excerpt-more__dots\">&#8230;<\/span> <a class=\"excerpt-more__link\" href=\"https:\/\/www.krafthand.de\/truck\/artikel\/weiterer-schritt-in-richtung-eigenstaendigkeit-daimler-truck-besetzt-schluesselstellen-im-finanzbereich-29585\/\" >weiter<\/a><\/p>\n","protected":false},"author":9,"featured_media":29587,"comment_status":"closed","ping_status":"closed","sticky":false,"template":"","format":"standard","meta":{"footnotes":""},"categories":[4238,4235],"tags":[2833,4789,4492,4788],"settings":[3523],"class_list":["post-29585","post","type-post","status-publish","format-standard","has-post-thumbnail","hentry","category-koepfe","category-unternehmen","tag-christian-herrmann","tag-claus-baessler","tag-daimler-truck","tag-jochen-goetz"],"yoast_head":"<!-- This site is optimized with the Yoast SEO plugin v27.3 - https:\/\/yoast.com\/product\/yoast-seo-wordpress\/ -->\n<title>Daimler-Truck I<\/title>\n<meta name=\"robots\" content=\"index, follow, max-snippet:-1, max-image-preview:large, max-video-preview:-1\" \/>\n<link rel=\"canonical\" href=\"https:\/\/www.krafthand.de\/truck\/artikel\/weiterer-schritt-in-richtung-eigenstaendigkeit-daimler-truck-besetzt-schluesselstellen-im-finanzbereich-29585\/\" \/>\n<meta property=\"og:locale\" content=\"de_DE\" \/>\n<meta property=\"og:type\" content=\"article\" \/>\n<meta property=\"og:title\" content=\"Daimler-Truck I\" \/>\n<meta property=\"og:description\" content=\"Daimler Truck gibt die Besetzung zweier Schl\u00fcsselfunktionen im Finanzbereich bekannt. So \u00fcbernimmt Claus B\u00e4ssler zum 1. Dezember 2021 die Gesamtleitung des Bereichs \u201eTreasury &amp; Tax Daimler Truck\u201c in der Daimler Truck AG. Christian Herrmann erweitert seine Verantwortung und \u00fcbernimmt zum 1. Dezember 2021 die Leitung des Bereichs \u201eInvestor Relations \/ M&amp;A &amp; Participation Management Daimler Truck\u201c. ... weiter\" \/>\n<meta property=\"og:url\" content=\"https:\/\/www.krafthand-truck.de\/artikel\/weiterer-schritt-in-richtung-eigenstaendigkeit-daimler-truck-besetzt-schluesselstellen-im-finanzbereich-29585\/\" \/>\n<meta property=\"og:site_name\" content=\"Krafthand-Truck\" \/>\n<meta property=\"article:published_time\" content=\"2021-09-28T07:47:01+00:00\" \/>\n<meta property=\"article:modified_time\" content=\"2021-09-28T08:38:27+00:00\" \/>\n<meta property=\"og:image\" content=\"https:\/\/www.krafthand.de\/truck\/wp-content\/uploads\/2021\/09\/Daimler_Truck_Christian_Hermann_Claus_Baesslerjpg.jpg\" \/>\n\t<meta property=\"og:image:width\" content=\"1181\" \/>\n\t<meta property=\"og:image:height\" content=\"660\" \/>\n\t<meta property=\"og:image:type\" content=\"image\/jpeg\" \/>\n<meta name=\"author\" content=\"georg.blenk@krafthand-medien.de\" \/>\n<meta name=\"twitter:card\" content=\"summary_large_image\" \/>\n<meta name=\"twitter:label1\" content=\"Verfasst von\" \/>\n\t<meta name=\"twitter:data1\" content=\"georg.blenk@krafthand-medien.de\" \/>\n\t<meta name=\"twitter:label2\" content=\"Gesch\u00e4tzte Lesezeit\" \/>\n\t<meta name=\"twitter:data2\" content=\"2\u00a0Minuten\" \/>\n<script type=\"application\/ld+json\" class=\"yoast-schema-graph\">{\"@context\":\"https:\\\/\\\/schema.org\",\"@graph\":[{\"@type\":\"Article\",\"@id\":\"https:\\\/\\\/www.krafthand.de\\\/truck\\\/artikel\\\/weiterer-schritt-in-richtung-eigenstaendigkeit-daimler-truck-besetzt-schluesselstellen-im-finanzbereich-29585\\\/#article\",\"isPartOf\":{\"@id\":\"https:\\\/\\\/www.krafthand.de\\\/truck\\\/artikel\\\/weiterer-schritt-in-richtung-eigenstaendigkeit-daimler-truck-besetzt-schluesselstellen-im-finanzbereich-29585\\\/\"},\"author\":{\"name\":\"georg.blenk@krafthand-medien.de\",\"@id\":\"https:\\\/\\\/www.krafthand.de\\\/truck\\\/#\\\/schema\\\/person\\\/51fa80b1c57034c4bf63f9f988fc24ce\"},\"headline\":\"Weiterer Schritt in Richtung Eigenst\u00e4ndigkeit: Daimler Truck besetzt Schl\u00fcsselstellen im Finanzbereich\",\"datePublished\":\"2021-09-28T07:47:01+00:00\",\"dateModified\":\"2021-09-28T08:38:27+00:00\",\"mainEntityOfPage\":{\"@id\":\"https:\\\/\\\/www.krafthand.de\\\/truck\\\/artikel\\\/weiterer-schritt-in-richtung-eigenstaendigkeit-daimler-truck-besetzt-schluesselstellen-im-finanzbereich-29585\\\/\"},\"wordCount\":350,\"image\":{\"@id\":\"https:\\\/\\\/www.krafthand.de\\\/truck\\\/artikel\\\/weiterer-schritt-in-richtung-eigenstaendigkeit-daimler-truck-besetzt-schluesselstellen-im-finanzbereich-29585\\\/#primaryimage\"},\"thumbnailUrl\":\"https:\\\/\\\/static.krafthand-truck.de\\\/uploads\\\/2021\\\/09\\\/Daimler_Truck_Christian_Hermann_Claus_Baesslerjpg.jpg\",\"keywords\":[\"Christian Herrmann\",\"Claus B\u00e4ssler\",\"Daimler Truck\",\"Jochen G\u00f6tz\"],\"articleSection\":[\"K\u00f6pfe\\\/Personen\",\"Unternehmen\"],\"inLanguage\":\"de\"},{\"@type\":\"WebPage\",\"@id\":\"https:\\\/\\\/www.krafthand.de\\\/truck\\\/artikel\\\/weiterer-schritt-in-richtung-eigenstaendigkeit-daimler-truck-besetzt-schluesselstellen-im-finanzbereich-29585\\\/\",\"url\":\"https:\\\/\\\/www.krafthand.de\\\/truck\\\/artikel\\\/weiterer-schritt-in-richtung-eigenstaendigkeit-daimler-truck-besetzt-schluesselstellen-im-finanzbereich-29585\\\/\",\"name\":\"Daimler-Truck I\",\"isPartOf\":{\"@id\":\"https:\\\/\\\/www.krafthand.de\\\/truck\\\/#website\"},\"primaryImageOfPage\":{\"@id\":\"https:\\\/\\\/www.krafthand.de\\\/truck\\\/artikel\\\/weiterer-schritt-in-richtung-eigenstaendigkeit-daimler-truck-besetzt-schluesselstellen-im-finanzbereich-29585\\\/#primaryimage\"},\"image\":{\"@id\":\"https:\\\/\\\/www.krafthand.de\\\/truck\\\/artikel\\\/weiterer-schritt-in-richtung-eigenstaendigkeit-daimler-truck-besetzt-schluesselstellen-im-finanzbereich-29585\\\/#primaryimage\"},\"thumbnailUrl\":\"https:\\\/\\\/static.krafthand-truck.de\\\/uploads\\\/2021\\\/09\\\/Daimler_Truck_Christian_Hermann_Claus_Baesslerjpg.jpg\",\"datePublished\":\"2021-09-28T07:47:01+00:00\",\"dateModified\":\"2021-09-28T08:38:27+00:00\",\"author\":{\"@id\":\"https:\\\/\\\/www.krafthand.de\\\/truck\\\/#\\\/schema\\\/person\\\/51fa80b1c57034c4bf63f9f988fc24ce\"},\"breadcrumb\":{\"@id\":\"https:\\\/\\\/www.krafthand.de\\\/truck\\\/artikel\\\/weiterer-schritt-in-richtung-eigenstaendigkeit-daimler-truck-besetzt-schluesselstellen-im-finanzbereich-29585\\\/#breadcrumb\"},\"inLanguage\":\"de\",\"potentialAction\":[{\"@type\":\"ReadAction\",\"target\":[\"https:\\\/\\\/www.krafthand.de\\\/truck\\\/artikel\\\/weiterer-schritt-in-richtung-eigenstaendigkeit-daimler-truck-besetzt-schluesselstellen-im-finanzbereich-29585\\\/\"]}]},{\"@type\":\"ImageObject\",\"inLanguage\":\"de\",\"@id\":\"https:\\\/\\\/www.krafthand.de\\\/truck\\\/artikel\\\/weiterer-schritt-in-richtung-eigenstaendigkeit-daimler-truck-besetzt-schluesselstellen-im-finanzbereich-29585\\\/#primaryimage\",\"url\":\"https:\\\/\\\/static.krafthand-truck.de\\\/uploads\\\/2021\\\/09\\\/Daimler_Truck_Christian_Hermann_Claus_Baesslerjpg.jpg\",\"contentUrl\":\"https:\\\/\\\/static.krafthand-truck.de\\\/uploads\\\/2021\\\/09\\\/Daimler_Truck_Christian_Hermann_Claus_Baesslerjpg.jpg\",\"width\":1181,\"height\":660},{\"@type\":\"BreadcrumbList\",\"@id\":\"https:\\\/\\\/www.krafthand.de\\\/truck\\\/artikel\\\/weiterer-schritt-in-richtung-eigenstaendigkeit-daimler-truck-besetzt-schluesselstellen-im-finanzbereich-29585\\\/#breadcrumb\",\"itemListElement\":[{\"@type\":\"ListItem\",\"position\":1,\"name\":\"Krafthand-Truck\",\"item\":\"https:\\\/\\\/www.krafthand.de\\\/truck\\\/\"},{\"@type\":\"ListItem\",\"position\":2,\"name\":\"Nfz-Branche\",\"item\":\"https:\\\/\\\/www.krafthand.de\\\/truck\\\/kategorie\\\/branche\\\/\"},{\"@type\":\"ListItem\",\"position\":3,\"name\":\"K\u00f6pfe\\\/Personen\",\"item\":\"https:\\\/\\\/www.krafthand.de\\\/truck\\\/kategorie\\\/branche\\\/koepfe\\\/\"},{\"@type\":\"ListItem\",\"position\":4,\"name\":\"Weiterer Schritt in Richtung Eigenst\u00e4ndigkeit: Daimler Truck besetzt Schl\u00fcsselstellen im Finanzbereich\"}]},{\"@type\":\"WebSite\",\"@id\":\"https:\\\/\\\/www.krafthand.de\\\/truck\\\/#website\",\"url\":\"https:\\\/\\\/www.krafthand.de\\\/truck\\\/\",\"name\":\"Krafthand-Truck\",\"description\":\"\",\"potentialAction\":[{\"@type\":\"SearchAction\",\"target\":{\"@type\":\"EntryPoint\",\"urlTemplate\":\"https:\\\/\\\/www.krafthand.de\\\/truck\\\/?s={search_term_string}\"},\"query-input\":{\"@type\":\"PropertyValueSpecification\",\"valueRequired\":true,\"valueName\":\"search_term_string\"}}],\"inLanguage\":\"de\"},{\"@type\":\"Person\",\"@id\":\"https:\\\/\\\/www.krafthand.de\\\/truck\\\/#\\\/schema\\\/person\\\/51fa80b1c57034c4bf63f9f988fc24ce\",\"name\":\"georg.blenk@krafthand-medien.de\",\"image\":{\"@type\":\"ImageObject\",\"inLanguage\":\"de\",\"@id\":\"https:\\\/\\\/secure.gravatar.com\\\/avatar\\\/93713c30affe0aa95d3a4130e499bb1abee2eb31adbdd9ce2aa1543538490215?s=96&d=mm&r=g\",\"url\":\"https:\\\/\\\/secure.gravatar.com\\\/avatar\\\/93713c30affe0aa95d3a4130e499bb1abee2eb31adbdd9ce2aa1543538490215?s=96&d=mm&r=g\",\"contentUrl\":\"https:\\\/\\\/secure.gravatar.com\\\/avatar\\\/93713c30affe0aa95d3a4130e499bb1abee2eb31adbdd9ce2aa1543538490215?s=96&d=mm&r=g\",\"caption\":\"georg.blenk@krafthand-medien.de\"}}]}<\/script>\n<!-- \/ Yoast SEO plugin. -->","yoast_head_json":{"title":"Daimler-Truck I","robots":{"index":"index","follow":"follow","max-snippet":"max-snippet:-1","max-image-preview":"max-image-preview:large","max-video-preview":"max-video-preview:-1"},"canonical":"https:\/\/www.krafthand.de\/truck\/artikel\/weiterer-schritt-in-richtung-eigenstaendigkeit-daimler-truck-besetzt-schluesselstellen-im-finanzbereich-29585\/","og_locale":"de_DE","og_type":"article","og_title":"Daimler-Truck I","og_description":"Daimler Truck gibt die Besetzung zweier Schl\u00fcsselfunktionen im Finanzbereich bekannt. So \u00fcbernimmt Claus B\u00e4ssler zum 1. Dezember 2021 die Gesamtleitung des Bereichs \u201eTreasury & Tax Daimler Truck\u201c in der Daimler Truck AG. Christian Herrmann erweitert seine Verantwortung und \u00fcbernimmt zum 1. Dezember 2021 die Leitung des Bereichs \u201eInvestor Relations \/ M&A & Participation Management Daimler Truck\u201c. ... weiter","og_url":"https:\/\/www.krafthand-truck.de\/artikel\/weiterer-schritt-in-richtung-eigenstaendigkeit-daimler-truck-besetzt-schluesselstellen-im-finanzbereich-29585\/","og_site_name":"Krafthand-Truck","article_published_time":"2021-09-28T07:47:01+00:00","article_modified_time":"2021-09-28T08:38:27+00:00","og_image":[{"width":1181,"height":660,"url":"https:\/\/www.krafthand.de\/truck\/wp-content\/uploads\/2021\/09\/Daimler_Truck_Christian_Hermann_Claus_Baesslerjpg.jpg","type":"image\/jpeg"}],"author":"georg.blenk@krafthand-medien.de","twitter_card":"summary_large_image","twitter_misc":{"Verfasst von":"georg.blenk@krafthand-medien.de","Gesch\u00e4tzte Lesezeit":"2\u00a0Minuten"},"schema":{"@context":"https:\/\/schema.org","@graph":[{"@type":"Article","@id":"https:\/\/www.krafthand.de\/truck\/artikel\/weiterer-schritt-in-richtung-eigenstaendigkeit-daimler-truck-besetzt-schluesselstellen-im-finanzbereich-29585\/#article","isPartOf":{"@id":"https:\/\/www.krafthand.de\/truck\/artikel\/weiterer-schritt-in-richtung-eigenstaendigkeit-daimler-truck-besetzt-schluesselstellen-im-finanzbereich-29585\/"},"author":{"name":"georg.blenk@krafthand-medien.de","@id":"https:\/\/www.krafthand.de\/truck\/#\/schema\/person\/51fa80b1c57034c4bf63f9f988fc24ce"},"headline":"Weiterer Schritt in Richtung Eigenst\u00e4ndigkeit: Daimler Truck besetzt Schl\u00fcsselstellen im Finanzbereich","datePublished":"2021-09-28T07:47:01+00:00","dateModified":"2021-09-28T08:38:27+00:00","mainEntityOfPage":{"@id":"https:\/\/www.krafthand.de\/truck\/artikel\/weiterer-schritt-in-richtung-eigenstaendigkeit-daimler-truck-besetzt-schluesselstellen-im-finanzbereich-29585\/"},"wordCount":350,"image":{"@id":"https:\/\/www.krafthand.de\/truck\/artikel\/weiterer-schritt-in-richtung-eigenstaendigkeit-daimler-truck-besetzt-schluesselstellen-im-finanzbereich-29585\/#primaryimage"},"thumbnailUrl":"https:\/\/static.krafthand-truck.de\/uploads\/2021\/09\/Daimler_Truck_Christian_Hermann_Claus_Baesslerjpg.jpg","keywords":["Christian Herrmann","Claus B\u00e4ssler","Daimler Truck","Jochen G\u00f6tz"],"articleSection":["K\u00f6pfe\/Personen","Unternehmen"],"inLanguage":"de"},{"@type":"WebPage","@id":"https:\/\/www.krafthand.de\/truck\/artikel\/weiterer-schritt-in-richtung-eigenstaendigkeit-daimler-truck-besetzt-schluesselstellen-im-finanzbereich-29585\/","url":"https:\/\/www.krafthand.de\/truck\/artikel\/weiterer-schritt-in-richtung-eigenstaendigkeit-daimler-truck-besetzt-schluesselstellen-im-finanzbereich-29585\/","name":"Daimler-Truck I","isPartOf":{"@id":"https:\/\/www.krafthand.de\/truck\/#website"},"primaryImageOfPage":{"@id":"https:\/\/www.krafthand.de\/truck\/artikel\/weiterer-schritt-in-richtung-eigenstaendigkeit-daimler-truck-besetzt-schluesselstellen-im-finanzbereich-29585\/#primaryimage"},"image":{"@id":"https:\/\/www.krafthand.de\/truck\/artikel\/weiterer-schritt-in-richtung-eigenstaendigkeit-daimler-truck-besetzt-schluesselstellen-im-finanzbereich-29585\/#primaryimage"},"thumbnailUrl":"https:\/\/static.krafthand-truck.de\/uploads\/2021\/09\/Daimler_Truck_Christian_Hermann_Claus_Baesslerjpg.jpg","datePublished":"2021-09-28T07:47:01+00:00","dateModified":"2021-09-28T08:38:27+00:00","author":{"@id":"https:\/\/www.krafthand.de\/truck\/#\/schema\/person\/51fa80b1c57034c4bf63f9f988fc24ce"},"breadcrumb":{"@id":"https:\/\/www.krafthand.de\/truck\/artikel\/weiterer-schritt-in-richtung-eigenstaendigkeit-daimler-truck-besetzt-schluesselstellen-im-finanzbereich-29585\/#breadcrumb"},"inLanguage":"de","potentialAction":[{"@type":"ReadAction","target":["https:\/\/www.krafthand.de\/truck\/artikel\/weiterer-schritt-in-richtung-eigenstaendigkeit-daimler-truck-besetzt-schluesselstellen-im-finanzbereich-29585\/"]}]},{"@type":"ImageObject","inLanguage":"de","@id":"https:\/\/www.krafthand.de\/truck\/artikel\/weiterer-schritt-in-richtung-eigenstaendigkeit-daimler-truck-besetzt-schluesselstellen-im-finanzbereich-29585\/#primaryimage","url":"https:\/\/static.krafthand-truck.de\/uploads\/2021\/09\/Daimler_Truck_Christian_Hermann_Claus_Baesslerjpg.jpg","contentUrl":"https:\/\/static.krafthand-truck.de\/uploads\/2021\/09\/Daimler_Truck_Christian_Hermann_Claus_Baesslerjpg.jpg","width":1181,"height":660},{"@type":"BreadcrumbList","@id":"https:\/\/www.krafthand.de\/truck\/artikel\/weiterer-schritt-in-richtung-eigenstaendigkeit-daimler-truck-besetzt-schluesselstellen-im-finanzbereich-29585\/#breadcrumb","itemListElement":[{"@type":"ListItem","position":1,"name":"Krafthand-Truck","item":"https:\/\/www.krafthand.de\/truck\/"},{"@type":"ListItem","position":2,"name":"Nfz-Branche","item":"https:\/\/www.krafthand.de\/truck\/kategorie\/branche\/"},{"@type":"ListItem","position":3,"name":"K\u00f6pfe\/Personen","item":"https:\/\/www.krafthand.de\/truck\/kategorie\/branche\/koepfe\/"},{"@type":"ListItem","position":4,"name":"Weiterer Schritt in Richtung Eigenst\u00e4ndigkeit: Daimler Truck besetzt Schl\u00fcsselstellen im Finanzbereich"}]},{"@type":"WebSite","@id":"https:\/\/www.krafthand.de\/truck\/#website","url":"https:\/\/www.krafthand.de\/truck\/","name":"Krafthand-Truck","description":"","potentialAction":[{"@type":"SearchAction","target":{"@type":"EntryPoint","urlTemplate":"https:\/\/www.krafthand.de\/truck\/?s={search_term_string}"},"query-input":{"@type":"PropertyValueSpecification","valueRequired":true,"valueName":"search_term_string"}}],"inLanguage":"de"},{"@type":"Person","@id":"https:\/\/www.krafthand.de\/truck\/#\/schema\/person\/51fa80b1c57034c4bf63f9f988fc24ce","name":"georg.blenk@krafthand-medien.de","image":{"@type":"ImageObject","inLanguage":"de","@id":"https:\/\/secure.gravatar.com\/avatar\/93713c30affe0aa95d3a4130e499bb1abee2eb31adbdd9ce2aa1543538490215?s=96&d=mm&r=g","url":"https:\/\/secure.gravatar.com\/avatar\/93713c30affe0aa95d3a4130e499bb1abee2eb31adbdd9ce2aa1543538490215?s=96&d=mm&r=g","contentUrl":"https:\/\/secure.gravatar.com\/avatar\/93713c30affe0aa95d3a4130e499bb1abee2eb31adbdd9ce2aa1543538490215?s=96&d=mm&r=g","caption":"georg.blenk@krafthand-medien.de"}}]}},"_links":{"self":[{"href":"https:\/\/www.krafthand.de\/truck\/wp-json\/wp\/v2\/posts\/29585","targetHints":{"allow":["GET"]}}],"collection":[{"href":"https:\/\/www.krafthand.de\/truck\/wp-json\/wp\/v2\/posts"}],"about":[{"href":"https:\/\/www.krafthand.de\/truck\/wp-json\/wp\/v2\/types\/post"}],"author":[{"embeddable":true,"href":"https:\/\/www.krafthand.de\/truck\/wp-json\/wp\/v2\/users\/9"}],"replies":[{"embeddable":true,"href":"https:\/\/www.krafthand.de\/truck\/wp-json\/wp\/v2\/comments?post=29585"}],"version-history":[{"count":4,"href":"https:\/\/www.krafthand.de\/truck\/wp-json\/wp\/v2\/posts\/29585\/revisions"}],"predecessor-version":[{"id":29590,"href":"https:\/\/www.krafthand.de\/truck\/wp-json\/wp\/v2\/posts\/29585\/revisions\/29590"}],"wp:featuredmedia":[{"embeddable":true,"href":"https:\/\/www.krafthand.de\/truck\/wp-json\/wp\/v2\/media\/29587"}],"wp:attachment":[{"href":"https:\/\/www.krafthand.de\/truck\/wp-json\/wp\/v2\/media?parent=29585"}],"wp:term":[{"taxonomy":"category","embeddable":true,"href":"https:\/\/www.krafthand.de\/truck\/wp-json\/wp\/v2\/categories?post=29585"},{"taxonomy":"post_tag","embeddable":true,"href":"https:\/\/www.krafthand.de\/truck\/wp-json\/wp\/v2\/tags?post=29585"},{"taxonomy":"settings","embeddable":true,"href":"https:\/\/www.krafthand.de\/truck\/wp-json\/wp\/v2\/settings?post=29585"}],"curies":[{"name":"wp","href":"https:\/\/api.w.org\/{rel}","templated":true}]}}