{"id":29515,"date":"2021-09-21T11:25:35","date_gmt":"2021-09-21T09:25:35","guid":{"rendered":"https:\/\/www.krafthand.de\/truck\/?p=29515"},"modified":"2021-09-21T15:59:39","modified_gmt":"2021-09-21T13:59:39","slug":"cojali-jaltest-und-besko-vereinbaren-vertriebskooperation","status":"publish","type":"post","link":"https:\/\/www.krafthand.de\/truck\/artikel\/cojali-jaltest-und-besko-vereinbaren-vertriebskooperation-29515\/","title":{"rendered":"Cojali (Jaltest) und BESKO vereinbaren Vertriebskooperation"},"content":{"rendered":"<p>Jaltest Diagnostics hat k\u00fcrzlich eine Vertriebsvereinbarung mit dem norddeutschen Lkw-Ersatzteilpezialisten Besko getroffen. Durch die Zusammenarbeit\u00a0 m\u00f6chte der Multibrand- und Multisystem-Ausr\u00fcster f\u00fcr Nutzfahrzeuge seine Position im deutschen Nutzfahrzeug-Aftermarket weiter st\u00e4rken. <a href=\"https:\/\/www.jaltest.com\/de\/\" target=\"_blank\" rel=\"noopener\">Jaltest<\/a> geh\u00f6rt zur spanischen <a href=\"https:\/\/www.cojali.com\/de\" target=\"_blank\" rel=\"noopener\">Cojali-Gruppe<\/a>.<\/p>\n<p>Die <a href=\"http:\/\/www.besko.net\/\" target=\"_blank\" rel=\"noopener\">Besko Nutzfahrzeugteile GmbH<\/a>, Teil der <a href=\"https:\/\/www.bpw.de\/service\/aftermarket-ersatzteile\" target=\"_blank\" rel=\"noopener\">BPW Aftermarket Group<\/a>, nimmt Produkte von Jaltest Diagnostics dauerhaft in die Produktpalette auf. Den Ausschlag f\u00fcr diese Entscheidung gaben laut Cojali die umfangreichen Einsatzm\u00f6glichkeiten der verschiedenen Multibrand-Diagnosetester von Jaltest bei Nutz- und Agrarfahrzeugen sowie auch bei Baumaschinen.<\/p>\n<p>Die Diagnosetools erlauben die Durchf\u00fchrung von marken\u00fcbergreifenden Diagnosen- und Wartungsaufgaben mit Zugriff auf umfassende technische System- und Komponentendaten und interaktiven Schaltpl\u00e4nen. Schritt-f\u00fcr-Schritt Reparaturanleitungen und Informationen f\u00fcr Reparaturzeiten erg\u00e4nzen das Diagnose-System. Jaltest bietet drei Software-Updates pro Jahr; laufend werden laut Angaben neue Marken, Modelle und Updates f\u00fcr Fahrzeuge und Systeme integriert.<\/p>\n<blockquote><p>\u201eWir sind sehr gl\u00fccklich dar\u00fcber, Besko Nutzfahrzeuge GmbH als neuen Vertriebspartner von Jaltest Diagnostics in Deutschland zu haben. Durch den engen Kontakt der Besko-Spezialisten zu ihren Kunden werden wir gemeinsam die Qualit\u00e4t unserer Diagnoseger\u00e4te in Deutschland unter Beweis stellen und sicher den Absatz f\u00f6rdern\u201c, erkl\u00e4rt Jos\u00e9 Manuel Guill\u00e9n, Vertriebsleiter von Jaltest Diagnostics.<\/p>\n<p>\u201cAls Hersteller von Multibrand- und Multisystem-Diagnoseger\u00e4ten passt Jaltest Diagnostics perfekt in unser Produktsortiment und erg\u00e4nzt unser Kundenangebot mit einer f\u00fchrenden Diagnosel\u00f6sung mit hohem Mehrwert\u201c, so Christian M\u00e4kelburg, Technischer Leiter Diagnose, Berater Fahrzeugbau OE und Schulungsleiter von Besko Nutzfahrzeugteile GmbH.<\/p><\/blockquote>\n","protected":false},"excerpt":{"rendered":"<p>Jaltest Diagnostics hat k\u00fcrzlich eine Vertriebsvereinbarung mit dem norddeutschen Lkw-Ersatzteilpezialisten Besko getroffen. Durch die Zusammenarbeit\u00a0 m\u00f6chte der Multibrand- und Multisystem-Ausr\u00fcster f\u00fcr Nutzfahrzeuge seine Position im deutschen Nutzfahrzeug-Aftermarket weiter st\u00e4rken. Jaltest geh\u00f6rt zur spanischen Cojali-Gruppe. <span class=\"excerpt-more__dots\">&#8230;<\/span> <a class=\"excerpt-more__link\" href=\"https:\/\/www.krafthand.de\/truck\/artikel\/cojali-jaltest-und-besko-vereinbaren-vertriebskooperation-29515\/\" >weiter<\/a><\/p>\n","protected":false},"author":9,"featured_media":29523,"comment_status":"closed","ping_status":"closed","sticky":false,"template":"","format":"standard","meta":{"footnotes":""},"categories":[4235],"tags":[4783,829,4782,4784,4364],"settings":[3523],"class_list":["post-29515","post","type-post","status-publish","format-standard","has-post-thumbnail","hentry","category-unternehmen","tag-besko","tag-bpw-bergische-achsen","tag-cojali","tag-diagnosetesterr","tag-jaltest"],"yoast_head":"<!-- This site is optimized with the Yoast SEO plugin v27.3 - https:\/\/yoast.com\/product\/yoast-seo-wordpress\/ -->\n<title>Cojali I Jaltest I Besko I BPW Aftermarket<\/title>\n<meta name=\"description\" content=\"Jaltest Diagnostics hat k\u00fcrzlich eine Vertriebsvereinbarung mit dem norddeutschen Lkw-Ersatzteilpezialisten Besko getroffen. Durch die Zusammenarbeit\u00a0 m\u00f6chte der Multibrand- und Multisystem-Ausr\u00fcster f\u00fcr Nutzfahrzeuge seine Position im deutschen Nutzfahrzeug-Aftermarket weiter st\u00e4rken. Jaltest geh\u00f6rt zur spanischen Cojali-Gruppe.\" \/>\n<meta name=\"robots\" content=\"index, follow, max-snippet:-1, max-image-preview:large, max-video-preview:-1\" \/>\n<link rel=\"canonical\" href=\"https:\/\/www.krafthand.de\/truck\/artikel\/cojali-jaltest-und-besko-vereinbaren-vertriebskooperation-29515\/\" \/>\n<meta property=\"og:locale\" content=\"de_DE\" \/>\n<meta property=\"og:type\" content=\"article\" \/>\n<meta property=\"og:title\" content=\"Cojali I Jaltest I Besko I BPW Aftermarket\" \/>\n<meta property=\"og:description\" content=\"Jaltest Diagnostics hat k\u00fcrzlich eine Vertriebsvereinbarung mit dem norddeutschen Lkw-Ersatzteilpezialisten Besko getroffen. Durch die Zusammenarbeit\u00a0 m\u00f6chte der Multibrand- und Multisystem-Ausr\u00fcster f\u00fcr Nutzfahrzeuge seine Position im deutschen Nutzfahrzeug-Aftermarket weiter st\u00e4rken. Jaltest geh\u00f6rt zur spanischen Cojali-Gruppe.\" \/>\n<meta property=\"og:url\" content=\"https:\/\/www.krafthand-truck.de\/artikel\/cojali-jaltest-und-besko-vereinbaren-vertriebskooperation-29515\/\" \/>\n<meta property=\"og:site_name\" content=\"Krafthand-Truck\" \/>\n<meta property=\"article:published_time\" content=\"2021-09-21T09:25:35+00:00\" \/>\n<meta property=\"article:modified_time\" content=\"2021-09-21T13:59:39+00:00\" \/>\n<meta property=\"og:image\" content=\"https:\/\/www.krafthand.de\/truck\/wp-content\/uploads\/2021\/09\/Cojali_Jaltest_Besko_BPW_Kooperation_Vertrieb_Krafthand_Truck.jpg\" \/>\n\t<meta property=\"og:image:width\" content=\"1200\" \/>\n\t<meta property=\"og:image:height\" content=\"1200\" \/>\n\t<meta property=\"og:image:type\" content=\"image\/jpeg\" \/>\n<meta name=\"author\" content=\"georg.blenk@krafthand-medien.de\" \/>\n<meta name=\"twitter:card\" content=\"summary_large_image\" \/>\n<meta name=\"twitter:label1\" content=\"Verfasst von\" \/>\n\t<meta name=\"twitter:data1\" content=\"georg.blenk@krafthand-medien.de\" \/>\n\t<meta name=\"twitter:label2\" content=\"Gesch\u00e4tzte Lesezeit\" \/>\n\t<meta name=\"twitter:data2\" content=\"1\u00a0Minute\" \/>\n<script type=\"application\/ld+json\" class=\"yoast-schema-graph\">{\"@context\":\"https:\\\/\\\/schema.org\",\"@graph\":[{\"@type\":\"Article\",\"@id\":\"https:\\\/\\\/www.krafthand.de\\\/truck\\\/artikel\\\/cojali-jaltest-und-besko-vereinbaren-vertriebskooperation-29515\\\/#article\",\"isPartOf\":{\"@id\":\"https:\\\/\\\/www.krafthand.de\\\/truck\\\/artikel\\\/cojali-jaltest-und-besko-vereinbaren-vertriebskooperation-29515\\\/\"},\"author\":{\"name\":\"georg.blenk@krafthand-medien.de\",\"@id\":\"https:\\\/\\\/www.krafthand.de\\\/truck\\\/#\\\/schema\\\/person\\\/51fa80b1c57034c4bf63f9f988fc24ce\"},\"headline\":\"Cojali (Jaltest) und BESKO vereinbaren Vertriebskooperation\",\"datePublished\":\"2021-09-21T09:25:35+00:00\",\"dateModified\":\"2021-09-21T13:59:39+00:00\",\"mainEntityOfPage\":{\"@id\":\"https:\\\/\\\/www.krafthand.de\\\/truck\\\/artikel\\\/cojali-jaltest-und-besko-vereinbaren-vertriebskooperation-29515\\\/\"},\"wordCount\":251,\"image\":{\"@id\":\"https:\\\/\\\/www.krafthand.de\\\/truck\\\/artikel\\\/cojali-jaltest-und-besko-vereinbaren-vertriebskooperation-29515\\\/#primaryimage\"},\"thumbnailUrl\":\"https:\\\/\\\/static.krafthand-truck.de\\\/uploads\\\/2021\\\/09\\\/Cojali_Jaltest_Besko_BPW_Kooperation_Vertrieb_Krafthand_Truck.jpg\",\"keywords\":[\"Besko\",\"BPW Bergische Achsen\",\"Cojali\",\"Diagnosetesterr\",\"Jaltest\"],\"articleSection\":[\"Unternehmen\"],\"inLanguage\":\"de\"},{\"@type\":\"WebPage\",\"@id\":\"https:\\\/\\\/www.krafthand.de\\\/truck\\\/artikel\\\/cojali-jaltest-und-besko-vereinbaren-vertriebskooperation-29515\\\/\",\"url\":\"https:\\\/\\\/www.krafthand.de\\\/truck\\\/artikel\\\/cojali-jaltest-und-besko-vereinbaren-vertriebskooperation-29515\\\/\",\"name\":\"Cojali I Jaltest I Besko I BPW Aftermarket\",\"isPartOf\":{\"@id\":\"https:\\\/\\\/www.krafthand.de\\\/truck\\\/#website\"},\"primaryImageOfPage\":{\"@id\":\"https:\\\/\\\/www.krafthand.de\\\/truck\\\/artikel\\\/cojali-jaltest-und-besko-vereinbaren-vertriebskooperation-29515\\\/#primaryimage\"},\"image\":{\"@id\":\"https:\\\/\\\/www.krafthand.de\\\/truck\\\/artikel\\\/cojali-jaltest-und-besko-vereinbaren-vertriebskooperation-29515\\\/#primaryimage\"},\"thumbnailUrl\":\"https:\\\/\\\/static.krafthand-truck.de\\\/uploads\\\/2021\\\/09\\\/Cojali_Jaltest_Besko_BPW_Kooperation_Vertrieb_Krafthand_Truck.jpg\",\"datePublished\":\"2021-09-21T09:25:35+00:00\",\"dateModified\":\"2021-09-21T13:59:39+00:00\",\"author\":{\"@id\":\"https:\\\/\\\/www.krafthand.de\\\/truck\\\/#\\\/schema\\\/person\\\/51fa80b1c57034c4bf63f9f988fc24ce\"},\"description\":\"Jaltest Diagnostics hat k\u00fcrzlich eine Vertriebsvereinbarung mit dem norddeutschen Lkw-Ersatzteilpezialisten Besko getroffen. Durch die Zusammenarbeit\u00a0 m\u00f6chte der Multibrand- und Multisystem-Ausr\u00fcster f\u00fcr Nutzfahrzeuge seine Position im deutschen Nutzfahrzeug-Aftermarket weiter st\u00e4rken. Jaltest geh\u00f6rt zur spanischen Cojali-Gruppe.\",\"breadcrumb\":{\"@id\":\"https:\\\/\\\/www.krafthand.de\\\/truck\\\/artikel\\\/cojali-jaltest-und-besko-vereinbaren-vertriebskooperation-29515\\\/#breadcrumb\"},\"inLanguage\":\"de\",\"potentialAction\":[{\"@type\":\"ReadAction\",\"target\":[\"https:\\\/\\\/www.krafthand.de\\\/truck\\\/artikel\\\/cojali-jaltest-und-besko-vereinbaren-vertriebskooperation-29515\\\/\"]}]},{\"@type\":\"ImageObject\",\"inLanguage\":\"de\",\"@id\":\"https:\\\/\\\/www.krafthand.de\\\/truck\\\/artikel\\\/cojali-jaltest-und-besko-vereinbaren-vertriebskooperation-29515\\\/#primaryimage\",\"url\":\"https:\\\/\\\/static.krafthand-truck.de\\\/uploads\\\/2021\\\/09\\\/Cojali_Jaltest_Besko_BPW_Kooperation_Vertrieb_Krafthand_Truck.jpg\",\"contentUrl\":\"https:\\\/\\\/static.krafthand-truck.de\\\/uploads\\\/2021\\\/09\\\/Cojali_Jaltest_Besko_BPW_Kooperation_Vertrieb_Krafthand_Truck.jpg\",\"width\":1200,\"height\":1200},{\"@type\":\"BreadcrumbList\",\"@id\":\"https:\\\/\\\/www.krafthand.de\\\/truck\\\/artikel\\\/cojali-jaltest-und-besko-vereinbaren-vertriebskooperation-29515\\\/#breadcrumb\",\"itemListElement\":[{\"@type\":\"ListItem\",\"position\":1,\"name\":\"Krafthand-Truck\",\"item\":\"https:\\\/\\\/www.krafthand.de\\\/truck\\\/\"},{\"@type\":\"ListItem\",\"position\":2,\"name\":\"Nfz-Service\",\"item\":\"https:\\\/\\\/www.krafthand.de\\\/truck\\\/kategorie\\\/nfz-service\\\/\"},{\"@type\":\"ListItem\",\"position\":3,\"name\":\"Cojali (Jaltest) und BESKO vereinbaren Vertriebskooperation\"}]},{\"@type\":\"WebSite\",\"@id\":\"https:\\\/\\\/www.krafthand.de\\\/truck\\\/#website\",\"url\":\"https:\\\/\\\/www.krafthand.de\\\/truck\\\/\",\"name\":\"Krafthand-Truck\",\"description\":\"\",\"potentialAction\":[{\"@type\":\"SearchAction\",\"target\":{\"@type\":\"EntryPoint\",\"urlTemplate\":\"https:\\\/\\\/www.krafthand.de\\\/truck\\\/?s={search_term_string}\"},\"query-input\":{\"@type\":\"PropertyValueSpecification\",\"valueRequired\":true,\"valueName\":\"search_term_string\"}}],\"inLanguage\":\"de\"},{\"@type\":\"Person\",\"@id\":\"https:\\\/\\\/www.krafthand.de\\\/truck\\\/#\\\/schema\\\/person\\\/51fa80b1c57034c4bf63f9f988fc24ce\",\"name\":\"georg.blenk@krafthand-medien.de\",\"image\":{\"@type\":\"ImageObject\",\"inLanguage\":\"de\",\"@id\":\"https:\\\/\\\/secure.gravatar.com\\\/avatar\\\/93713c30affe0aa95d3a4130e499bb1abee2eb31adbdd9ce2aa1543538490215?s=96&d=mm&r=g\",\"url\":\"https:\\\/\\\/secure.gravatar.com\\\/avatar\\\/93713c30affe0aa95d3a4130e499bb1abee2eb31adbdd9ce2aa1543538490215?s=96&d=mm&r=g\",\"contentUrl\":\"https:\\\/\\\/secure.gravatar.com\\\/avatar\\\/93713c30affe0aa95d3a4130e499bb1abee2eb31adbdd9ce2aa1543538490215?s=96&d=mm&r=g\",\"caption\":\"georg.blenk@krafthand-medien.de\"}}]}<\/script>\n<!-- \/ Yoast SEO plugin. -->","yoast_head_json":{"title":"Cojali I Jaltest I Besko I BPW Aftermarket","description":"Jaltest Diagnostics hat k\u00fcrzlich eine Vertriebsvereinbarung mit dem norddeutschen Lkw-Ersatzteilpezialisten Besko getroffen. Durch die Zusammenarbeit\u00a0 m\u00f6chte der Multibrand- und Multisystem-Ausr\u00fcster f\u00fcr Nutzfahrzeuge seine Position im deutschen Nutzfahrzeug-Aftermarket weiter st\u00e4rken. Jaltest geh\u00f6rt zur spanischen Cojali-Gruppe.","robots":{"index":"index","follow":"follow","max-snippet":"max-snippet:-1","max-image-preview":"max-image-preview:large","max-video-preview":"max-video-preview:-1"},"canonical":"https:\/\/www.krafthand.de\/truck\/artikel\/cojali-jaltest-und-besko-vereinbaren-vertriebskooperation-29515\/","og_locale":"de_DE","og_type":"article","og_title":"Cojali I Jaltest I Besko I BPW Aftermarket","og_description":"Jaltest Diagnostics hat k\u00fcrzlich eine Vertriebsvereinbarung mit dem norddeutschen Lkw-Ersatzteilpezialisten Besko getroffen. Durch die Zusammenarbeit\u00a0 m\u00f6chte der Multibrand- und Multisystem-Ausr\u00fcster f\u00fcr Nutzfahrzeuge seine Position im deutschen Nutzfahrzeug-Aftermarket weiter st\u00e4rken. Jaltest geh\u00f6rt zur spanischen Cojali-Gruppe.","og_url":"https:\/\/www.krafthand-truck.de\/artikel\/cojali-jaltest-und-besko-vereinbaren-vertriebskooperation-29515\/","og_site_name":"Krafthand-Truck","article_published_time":"2021-09-21T09:25:35+00:00","article_modified_time":"2021-09-21T13:59:39+00:00","og_image":[{"width":1200,"height":1200,"url":"https:\/\/www.krafthand.de\/truck\/wp-content\/uploads\/2021\/09\/Cojali_Jaltest_Besko_BPW_Kooperation_Vertrieb_Krafthand_Truck.jpg","type":"image\/jpeg"}],"author":"georg.blenk@krafthand-medien.de","twitter_card":"summary_large_image","twitter_misc":{"Verfasst von":"georg.blenk@krafthand-medien.de","Gesch\u00e4tzte Lesezeit":"1\u00a0Minute"},"schema":{"@context":"https:\/\/schema.org","@graph":[{"@type":"Article","@id":"https:\/\/www.krafthand.de\/truck\/artikel\/cojali-jaltest-und-besko-vereinbaren-vertriebskooperation-29515\/#article","isPartOf":{"@id":"https:\/\/www.krafthand.de\/truck\/artikel\/cojali-jaltest-und-besko-vereinbaren-vertriebskooperation-29515\/"},"author":{"name":"georg.blenk@krafthand-medien.de","@id":"https:\/\/www.krafthand.de\/truck\/#\/schema\/person\/51fa80b1c57034c4bf63f9f988fc24ce"},"headline":"Cojali (Jaltest) und BESKO vereinbaren Vertriebskooperation","datePublished":"2021-09-21T09:25:35+00:00","dateModified":"2021-09-21T13:59:39+00:00","mainEntityOfPage":{"@id":"https:\/\/www.krafthand.de\/truck\/artikel\/cojali-jaltest-und-besko-vereinbaren-vertriebskooperation-29515\/"},"wordCount":251,"image":{"@id":"https:\/\/www.krafthand.de\/truck\/artikel\/cojali-jaltest-und-besko-vereinbaren-vertriebskooperation-29515\/#primaryimage"},"thumbnailUrl":"https:\/\/static.krafthand-truck.de\/uploads\/2021\/09\/Cojali_Jaltest_Besko_BPW_Kooperation_Vertrieb_Krafthand_Truck.jpg","keywords":["Besko","BPW Bergische Achsen","Cojali","Diagnosetesterr","Jaltest"],"articleSection":["Unternehmen"],"inLanguage":"de"},{"@type":"WebPage","@id":"https:\/\/www.krafthand.de\/truck\/artikel\/cojali-jaltest-und-besko-vereinbaren-vertriebskooperation-29515\/","url":"https:\/\/www.krafthand.de\/truck\/artikel\/cojali-jaltest-und-besko-vereinbaren-vertriebskooperation-29515\/","name":"Cojali I Jaltest I Besko I BPW Aftermarket","isPartOf":{"@id":"https:\/\/www.krafthand.de\/truck\/#website"},"primaryImageOfPage":{"@id":"https:\/\/www.krafthand.de\/truck\/artikel\/cojali-jaltest-und-besko-vereinbaren-vertriebskooperation-29515\/#primaryimage"},"image":{"@id":"https:\/\/www.krafthand.de\/truck\/artikel\/cojali-jaltest-und-besko-vereinbaren-vertriebskooperation-29515\/#primaryimage"},"thumbnailUrl":"https:\/\/static.krafthand-truck.de\/uploads\/2021\/09\/Cojali_Jaltest_Besko_BPW_Kooperation_Vertrieb_Krafthand_Truck.jpg","datePublished":"2021-09-21T09:25:35+00:00","dateModified":"2021-09-21T13:59:39+00:00","author":{"@id":"https:\/\/www.krafthand.de\/truck\/#\/schema\/person\/51fa80b1c57034c4bf63f9f988fc24ce"},"description":"Jaltest Diagnostics hat k\u00fcrzlich eine Vertriebsvereinbarung mit dem norddeutschen Lkw-Ersatzteilpezialisten Besko getroffen. Durch die Zusammenarbeit\u00a0 m\u00f6chte der Multibrand- und Multisystem-Ausr\u00fcster f\u00fcr Nutzfahrzeuge seine Position im deutschen Nutzfahrzeug-Aftermarket weiter st\u00e4rken. Jaltest geh\u00f6rt zur spanischen Cojali-Gruppe.","breadcrumb":{"@id":"https:\/\/www.krafthand.de\/truck\/artikel\/cojali-jaltest-und-besko-vereinbaren-vertriebskooperation-29515\/#breadcrumb"},"inLanguage":"de","potentialAction":[{"@type":"ReadAction","target":["https:\/\/www.krafthand.de\/truck\/artikel\/cojali-jaltest-und-besko-vereinbaren-vertriebskooperation-29515\/"]}]},{"@type":"ImageObject","inLanguage":"de","@id":"https:\/\/www.krafthand.de\/truck\/artikel\/cojali-jaltest-und-besko-vereinbaren-vertriebskooperation-29515\/#primaryimage","url":"https:\/\/static.krafthand-truck.de\/uploads\/2021\/09\/Cojali_Jaltest_Besko_BPW_Kooperation_Vertrieb_Krafthand_Truck.jpg","contentUrl":"https:\/\/static.krafthand-truck.de\/uploads\/2021\/09\/Cojali_Jaltest_Besko_BPW_Kooperation_Vertrieb_Krafthand_Truck.jpg","width":1200,"height":1200},{"@type":"BreadcrumbList","@id":"https:\/\/www.krafthand.de\/truck\/artikel\/cojali-jaltest-und-besko-vereinbaren-vertriebskooperation-29515\/#breadcrumb","itemListElement":[{"@type":"ListItem","position":1,"name":"Krafthand-Truck","item":"https:\/\/www.krafthand.de\/truck\/"},{"@type":"ListItem","position":2,"name":"Nfz-Service","item":"https:\/\/www.krafthand.de\/truck\/kategorie\/nfz-service\/"},{"@type":"ListItem","position":3,"name":"Cojali (Jaltest) und BESKO vereinbaren Vertriebskooperation"}]},{"@type":"WebSite","@id":"https:\/\/www.krafthand.de\/truck\/#website","url":"https:\/\/www.krafthand.de\/truck\/","name":"Krafthand-Truck","description":"","potentialAction":[{"@type":"SearchAction","target":{"@type":"EntryPoint","urlTemplate":"https:\/\/www.krafthand.de\/truck\/?s={search_term_string}"},"query-input":{"@type":"PropertyValueSpecification","valueRequired":true,"valueName":"search_term_string"}}],"inLanguage":"de"},{"@type":"Person","@id":"https:\/\/www.krafthand.de\/truck\/#\/schema\/person\/51fa80b1c57034c4bf63f9f988fc24ce","name":"georg.blenk@krafthand-medien.de","image":{"@type":"ImageObject","inLanguage":"de","@id":"https:\/\/secure.gravatar.com\/avatar\/93713c30affe0aa95d3a4130e499bb1abee2eb31adbdd9ce2aa1543538490215?s=96&d=mm&r=g","url":"https:\/\/secure.gravatar.com\/avatar\/93713c30affe0aa95d3a4130e499bb1abee2eb31adbdd9ce2aa1543538490215?s=96&d=mm&r=g","contentUrl":"https:\/\/secure.gravatar.com\/avatar\/93713c30affe0aa95d3a4130e499bb1abee2eb31adbdd9ce2aa1543538490215?s=96&d=mm&r=g","caption":"georg.blenk@krafthand-medien.de"}}]}},"_links":{"self":[{"href":"https:\/\/www.krafthand.de\/truck\/wp-json\/wp\/v2\/posts\/29515","targetHints":{"allow":["GET"]}}],"collection":[{"href":"https:\/\/www.krafthand.de\/truck\/wp-json\/wp\/v2\/posts"}],"about":[{"href":"https:\/\/www.krafthand.de\/truck\/wp-json\/wp\/v2\/types\/post"}],"author":[{"embeddable":true,"href":"https:\/\/www.krafthand.de\/truck\/wp-json\/wp\/v2\/users\/9"}],"replies":[{"embeddable":true,"href":"https:\/\/www.krafthand.de\/truck\/wp-json\/wp\/v2\/comments?post=29515"}],"version-history":[{"count":10,"href":"https:\/\/www.krafthand.de\/truck\/wp-json\/wp\/v2\/posts\/29515\/revisions"}],"predecessor-version":[{"id":29526,"href":"https:\/\/www.krafthand.de\/truck\/wp-json\/wp\/v2\/posts\/29515\/revisions\/29526"}],"wp:featuredmedia":[{"embeddable":true,"href":"https:\/\/www.krafthand.de\/truck\/wp-json\/wp\/v2\/media\/29523"}],"wp:attachment":[{"href":"https:\/\/www.krafthand.de\/truck\/wp-json\/wp\/v2\/media?parent=29515"}],"wp:term":[{"taxonomy":"category","embeddable":true,"href":"https:\/\/www.krafthand.de\/truck\/wp-json\/wp\/v2\/categories?post=29515"},{"taxonomy":"post_tag","embeddable":true,"href":"https:\/\/www.krafthand.de\/truck\/wp-json\/wp\/v2\/tags?post=29515"},{"taxonomy":"settings","embeddable":true,"href":"https:\/\/www.krafthand.de\/truck\/wp-json\/wp\/v2\/settings?post=29515"}],"curies":[{"name":"wp","href":"https:\/\/api.w.org\/{rel}","templated":true}]}}