{"id":29503,"date":"2021-09-20T08:30:11","date_gmt":"2021-09-20T06:30:11","guid":{"rendered":"https:\/\/www.krafthand.de\/truck\/?p=29503"},"modified":"2021-09-20T08:38:19","modified_gmt":"2021-09-20T06:38:19","slug":"power-edge-neue-ersatzteilmarke-in-europa","status":"publish","type":"post","link":"https:\/\/www.krafthand.de\/truck\/artikel\/power-edge-neue-ersatzteilmarke-in-europa-29503\/","title":{"rendered":"Power-Edge: Neue Ersatzteilmarke in Europa"},"content":{"rendered":"<p>DENSO Aftermarket hat zum Herbst 2021 die Markteinf\u00fchrung der Zweitmarke PowerEdge angek\u00fcndigt. Unter der neuen Marke, die seit 2019 bereits in den USA eingef\u00fchrt ist, soll die wachsende Nachfrage nach preisg\u00fcnstigen Produkten auf dem Ersatzteilmarkt in Europa bedient werden. Das Sortiment f\u00fcr die DACH-Region konzentriert sich laut DENSO vorerst auf Wischerbl\u00e4tter und Klimakompressoren f\u00fcr Pkw und Nutzfahrzeuge.<\/p>\n<p>PowerEdge wird zwar von DENSO vermarktet, ist aber den Angaben zufolge nicht Teil des klassischen <a href=\"https:\/\/www.denso-am.de\" target=\"_blank\" rel=\"noopener\">DENSO Aftermarket<\/a>-Sortiments. Es handelt sich vielmehr um eine eigenst\u00e4ndige Marke, die laut DENSO speziell f\u00fcr Qualit\u00e4tsprodukte zu wettbewerbsf\u00e4higen Preisen geschaffen wurde. So k\u00f6nnten Handelspartner und Werkst\u00e4tten ihr Angebot erweitern und einen breiteren Kundenkreis gewinnen. Hinzu kommen die Serviceleistungen, von der Bestellung und Lieferung \u00fcber den logistischen Support bis hin zum Customer Service. F\u00fcr Handelskunden bringt die Zweitmarke laut DENSO den Vorteil mit, dass sie keinen neuen Lieferanten qualifizieren m\u00fcssen.<\/p>\n<blockquote><p>\u201eDie Markteinf\u00fchrung von PowerEdge er\u00f6ffnet H\u00e4ndlern und Werkst\u00e4tten neues Potenzial durch Produkteigenschaften, die darauf ausgelegt sind, L\u00fccken in ihren bestehenden Sortimenten zu schlie\u00dfen\u201c, sagt Alexey Bartashevich, Senior Manager, Aftermarket Products bei DENSO Europe. Mit PowerEdge-Teilen k\u00f6nnen Aftermarket-Kunden wiederum neue Kunden mit anderen Bed\u00fcrfnissen ansprechen und auch ihren bestehenden Kunden eine gr\u00f6\u00dfere Auswahl bieten, insbesondere wenn deren Fahrzeuge \u00e4lter werden.\u201c<\/p><\/blockquote>\n<p>Das Markteinf\u00fchrungs-Sortiment umfasst \u00fcber 90 Kompressoren f\u00fcr Pkw und Nutzfahrzeuge. Ziel ist laut DENSO der weitere Sortiments-Ausbau im Laufe der n\u00e4chsten Jahre. Weitere Informationen zu den PowerEdge-Produkten sind unter <a href=\"https:\/\/poweredgeproducts.eu\/\" target=\"_blank\" rel=\"noopener\">www.poweredgeproducts.eu<\/a> zu finden.<\/p>\n","protected":false},"excerpt":{"rendered":"<p>DENSO Aftermarket hat zum Herbst 2021 die Markteinf\u00fchrung der Zweitmarke PowerEdge angek\u00fcndigt. Unter der neuen Marke, die seit 2019 bereits in den USA eingef\u00fchrt ist, soll die wachsende Nachfrage nach preisg\u00fcnstigen Produkten auf dem Ersatzteilmarkt in Europa bedient werden. <span class=\"excerpt-more__dots\">&#8230;<\/span> <a class=\"excerpt-more__link\" href=\"https:\/\/www.krafthand.de\/truck\/artikel\/power-edge-neue-ersatzteilmarke-in-europa-29503\/\" >weiter<\/a><\/p>\n","protected":false},"author":9,"featured_media":29506,"comment_status":"closed","ping_status":"closed","sticky":false,"template":"","format":"standard","meta":{"footnotes":""},"categories":[4229],"tags":[3588,4779,4778,702],"settings":[3523],"class_list":["post-29503","post","type-post","status-publish","format-standard","has-post-thumbnail","hentry","category-nfz-teile-systeme","tag-denso","tag-klimakompressor","tag-poweredge","tag-wischerblaetter"],"yoast_head":"<!-- This site is optimized with the Yoast SEO plugin v27.3 - https:\/\/yoast.com\/product\/yoast-seo-wordpress\/ -->\n<title>Denso I Poweredge I Klimakompressoren I Wischerbl\u00e4tter<\/title>\n<meta name=\"robots\" content=\"index, follow, max-snippet:-1, max-image-preview:large, max-video-preview:-1\" \/>\n<link rel=\"canonical\" href=\"https:\/\/www.krafthand.de\/truck\/artikel\/power-edge-neue-ersatzteilmarke-in-europa-29503\/\" \/>\n<meta property=\"og:locale\" content=\"de_DE\" \/>\n<meta property=\"og:type\" content=\"article\" \/>\n<meta property=\"og:title\" content=\"Denso I Poweredge I Klimakompressoren I Wischerbl\u00e4tter\" \/>\n<meta property=\"og:description\" content=\"DENSO Aftermarket hat zum Herbst 2021 die Markteinf\u00fchrung der Zweitmarke PowerEdge angek\u00fcndigt. Unter der neuen Marke, die seit 2019 bereits in den USA eingef\u00fchrt ist, soll die wachsende Nachfrage nach preisg\u00fcnstigen Produkten auf dem Ersatzteilmarkt in Europa bedient werden. ... weiter\" \/>\n<meta property=\"og:url\" content=\"https:\/\/www.krafthand-truck.de\/artikel\/power-edge-neue-ersatzteilmarke-in-europa-29503\/\" \/>\n<meta property=\"og:site_name\" content=\"Krafthand-Truck\" \/>\n<meta property=\"article:published_time\" content=\"2021-09-20T06:30:11+00:00\" \/>\n<meta property=\"article:modified_time\" content=\"2021-09-20T06:38:19+00:00\" \/>\n<meta property=\"og:image\" content=\"https:\/\/www.krafthand.de\/truck\/wp-content\/uploads\/2021\/09\/DENSO_PowerEdge_Klimakompressoren_lkw_Krafthand_Truck.jpg\" \/>\n\t<meta property=\"og:image:width\" content=\"870\" \/>\n\t<meta property=\"og:image:height\" content=\"817\" \/>\n\t<meta property=\"og:image:type\" content=\"image\/jpeg\" \/>\n<meta name=\"author\" content=\"georg.blenk@krafthand-medien.de\" \/>\n<meta name=\"twitter:card\" content=\"summary_large_image\" \/>\n<meta name=\"twitter:label1\" content=\"Verfasst von\" \/>\n\t<meta name=\"twitter:data1\" content=\"georg.blenk@krafthand-medien.de\" \/>\n\t<meta name=\"twitter:label2\" content=\"Gesch\u00e4tzte Lesezeit\" \/>\n\t<meta name=\"twitter:data2\" content=\"1\u00a0Minute\" \/>\n<script type=\"application\/ld+json\" class=\"yoast-schema-graph\">{\"@context\":\"https:\\\/\\\/schema.org\",\"@graph\":[{\"@type\":\"Article\",\"@id\":\"https:\\\/\\\/www.krafthand.de\\\/truck\\\/artikel\\\/power-edge-neue-ersatzteilmarke-in-europa-29503\\\/#article\",\"isPartOf\":{\"@id\":\"https:\\\/\\\/www.krafthand.de\\\/truck\\\/artikel\\\/power-edge-neue-ersatzteilmarke-in-europa-29503\\\/\"},\"author\":{\"name\":\"georg.blenk@krafthand-medien.de\",\"@id\":\"https:\\\/\\\/www.krafthand.de\\\/truck\\\/#\\\/schema\\\/person\\\/51fa80b1c57034c4bf63f9f988fc24ce\"},\"headline\":\"Power-Edge: Neue Ersatzteilmarke in Europa\",\"datePublished\":\"2021-09-20T06:30:11+00:00\",\"dateModified\":\"2021-09-20T06:38:19+00:00\",\"mainEntityOfPage\":{\"@id\":\"https:\\\/\\\/www.krafthand.de\\\/truck\\\/artikel\\\/power-edge-neue-ersatzteilmarke-in-europa-29503\\\/\"},\"wordCount\":263,\"image\":{\"@id\":\"https:\\\/\\\/www.krafthand.de\\\/truck\\\/artikel\\\/power-edge-neue-ersatzteilmarke-in-europa-29503\\\/#primaryimage\"},\"thumbnailUrl\":\"https:\\\/\\\/static.krafthand-truck.de\\\/uploads\\\/2021\\\/09\\\/DENSO_PowerEdge_Klimakompressoren_lkw_Krafthand_Truck.jpg\",\"keywords\":[\"Denso\",\"Klimakompressor\",\"Poweredge\",\"Wischerbl\u00e4tter\"],\"articleSection\":[\"Nfz-Teile\\\/Systeme\"],\"inLanguage\":\"de\"},{\"@type\":\"WebPage\",\"@id\":\"https:\\\/\\\/www.krafthand.de\\\/truck\\\/artikel\\\/power-edge-neue-ersatzteilmarke-in-europa-29503\\\/\",\"url\":\"https:\\\/\\\/www.krafthand.de\\\/truck\\\/artikel\\\/power-edge-neue-ersatzteilmarke-in-europa-29503\\\/\",\"name\":\"Denso I Poweredge I Klimakompressoren I Wischerbl\u00e4tter\",\"isPartOf\":{\"@id\":\"https:\\\/\\\/www.krafthand.de\\\/truck\\\/#website\"},\"primaryImageOfPage\":{\"@id\":\"https:\\\/\\\/www.krafthand.de\\\/truck\\\/artikel\\\/power-edge-neue-ersatzteilmarke-in-europa-29503\\\/#primaryimage\"},\"image\":{\"@id\":\"https:\\\/\\\/www.krafthand.de\\\/truck\\\/artikel\\\/power-edge-neue-ersatzteilmarke-in-europa-29503\\\/#primaryimage\"},\"thumbnailUrl\":\"https:\\\/\\\/static.krafthand-truck.de\\\/uploads\\\/2021\\\/09\\\/DENSO_PowerEdge_Klimakompressoren_lkw_Krafthand_Truck.jpg\",\"datePublished\":\"2021-09-20T06:30:11+00:00\",\"dateModified\":\"2021-09-20T06:38:19+00:00\",\"author\":{\"@id\":\"https:\\\/\\\/www.krafthand.de\\\/truck\\\/#\\\/schema\\\/person\\\/51fa80b1c57034c4bf63f9f988fc24ce\"},\"breadcrumb\":{\"@id\":\"https:\\\/\\\/www.krafthand.de\\\/truck\\\/artikel\\\/power-edge-neue-ersatzteilmarke-in-europa-29503\\\/#breadcrumb\"},\"inLanguage\":\"de\",\"potentialAction\":[{\"@type\":\"ReadAction\",\"target\":[\"https:\\\/\\\/www.krafthand.de\\\/truck\\\/artikel\\\/power-edge-neue-ersatzteilmarke-in-europa-29503\\\/\"]}]},{\"@type\":\"ImageObject\",\"inLanguage\":\"de\",\"@id\":\"https:\\\/\\\/www.krafthand.de\\\/truck\\\/artikel\\\/power-edge-neue-ersatzteilmarke-in-europa-29503\\\/#primaryimage\",\"url\":\"https:\\\/\\\/static.krafthand-truck.de\\\/uploads\\\/2021\\\/09\\\/DENSO_PowerEdge_Klimakompressoren_lkw_Krafthand_Truck.jpg\",\"contentUrl\":\"https:\\\/\\\/static.krafthand-truck.de\\\/uploads\\\/2021\\\/09\\\/DENSO_PowerEdge_Klimakompressoren_lkw_Krafthand_Truck.jpg\",\"width\":870,\"height\":817},{\"@type\":\"BreadcrumbList\",\"@id\":\"https:\\\/\\\/www.krafthand.de\\\/truck\\\/artikel\\\/power-edge-neue-ersatzteilmarke-in-europa-29503\\\/#breadcrumb\",\"itemListElement\":[{\"@type\":\"ListItem\",\"position\":1,\"name\":\"Krafthand-Truck\",\"item\":\"https:\\\/\\\/www.krafthand.de\\\/truck\\\/\"},{\"@type\":\"ListItem\",\"position\":2,\"name\":\"Nfz-Technik\",\"item\":\"https:\\\/\\\/www.krafthand.de\\\/truck\\\/kategorie\\\/nfz-technik\\\/\"},{\"@type\":\"ListItem\",\"position\":3,\"name\":\"Nfz-Teile\\\/Systeme\",\"item\":\"https:\\\/\\\/www.krafthand.de\\\/truck\\\/kategorie\\\/nfz-technik\\\/nfz-teile-systeme\\\/\"},{\"@type\":\"ListItem\",\"position\":4,\"name\":\"Power-Edge: Neue Ersatzteilmarke in Europa\"}]},{\"@type\":\"WebSite\",\"@id\":\"https:\\\/\\\/www.krafthand.de\\\/truck\\\/#website\",\"url\":\"https:\\\/\\\/www.krafthand.de\\\/truck\\\/\",\"name\":\"Krafthand-Truck\",\"description\":\"\",\"potentialAction\":[{\"@type\":\"SearchAction\",\"target\":{\"@type\":\"EntryPoint\",\"urlTemplate\":\"https:\\\/\\\/www.krafthand.de\\\/truck\\\/?s={search_term_string}\"},\"query-input\":{\"@type\":\"PropertyValueSpecification\",\"valueRequired\":true,\"valueName\":\"search_term_string\"}}],\"inLanguage\":\"de\"},{\"@type\":\"Person\",\"@id\":\"https:\\\/\\\/www.krafthand.de\\\/truck\\\/#\\\/schema\\\/person\\\/51fa80b1c57034c4bf63f9f988fc24ce\",\"name\":\"georg.blenk@krafthand-medien.de\",\"image\":{\"@type\":\"ImageObject\",\"inLanguage\":\"de\",\"@id\":\"https:\\\/\\\/secure.gravatar.com\\\/avatar\\\/93713c30affe0aa95d3a4130e499bb1abee2eb31adbdd9ce2aa1543538490215?s=96&d=mm&r=g\",\"url\":\"https:\\\/\\\/secure.gravatar.com\\\/avatar\\\/93713c30affe0aa95d3a4130e499bb1abee2eb31adbdd9ce2aa1543538490215?s=96&d=mm&r=g\",\"contentUrl\":\"https:\\\/\\\/secure.gravatar.com\\\/avatar\\\/93713c30affe0aa95d3a4130e499bb1abee2eb31adbdd9ce2aa1543538490215?s=96&d=mm&r=g\",\"caption\":\"georg.blenk@krafthand-medien.de\"}}]}<\/script>\n<!-- \/ Yoast SEO plugin. -->","yoast_head_json":{"title":"Denso I Poweredge I Klimakompressoren I Wischerbl\u00e4tter","robots":{"index":"index","follow":"follow","max-snippet":"max-snippet:-1","max-image-preview":"max-image-preview:large","max-video-preview":"max-video-preview:-1"},"canonical":"https:\/\/www.krafthand.de\/truck\/artikel\/power-edge-neue-ersatzteilmarke-in-europa-29503\/","og_locale":"de_DE","og_type":"article","og_title":"Denso I Poweredge I Klimakompressoren I Wischerbl\u00e4tter","og_description":"DENSO Aftermarket hat zum Herbst 2021 die Markteinf\u00fchrung der Zweitmarke PowerEdge angek\u00fcndigt. Unter der neuen Marke, die seit 2019 bereits in den USA eingef\u00fchrt ist, soll die wachsende Nachfrage nach preisg\u00fcnstigen Produkten auf dem Ersatzteilmarkt in Europa bedient werden. ... weiter","og_url":"https:\/\/www.krafthand-truck.de\/artikel\/power-edge-neue-ersatzteilmarke-in-europa-29503\/","og_site_name":"Krafthand-Truck","article_published_time":"2021-09-20T06:30:11+00:00","article_modified_time":"2021-09-20T06:38:19+00:00","og_image":[{"width":870,"height":817,"url":"https:\/\/www.krafthand.de\/truck\/wp-content\/uploads\/2021\/09\/DENSO_PowerEdge_Klimakompressoren_lkw_Krafthand_Truck.jpg","type":"image\/jpeg"}],"author":"georg.blenk@krafthand-medien.de","twitter_card":"summary_large_image","twitter_misc":{"Verfasst von":"georg.blenk@krafthand-medien.de","Gesch\u00e4tzte Lesezeit":"1\u00a0Minute"},"schema":{"@context":"https:\/\/schema.org","@graph":[{"@type":"Article","@id":"https:\/\/www.krafthand.de\/truck\/artikel\/power-edge-neue-ersatzteilmarke-in-europa-29503\/#article","isPartOf":{"@id":"https:\/\/www.krafthand.de\/truck\/artikel\/power-edge-neue-ersatzteilmarke-in-europa-29503\/"},"author":{"name":"georg.blenk@krafthand-medien.de","@id":"https:\/\/www.krafthand.de\/truck\/#\/schema\/person\/51fa80b1c57034c4bf63f9f988fc24ce"},"headline":"Power-Edge: Neue Ersatzteilmarke in Europa","datePublished":"2021-09-20T06:30:11+00:00","dateModified":"2021-09-20T06:38:19+00:00","mainEntityOfPage":{"@id":"https:\/\/www.krafthand.de\/truck\/artikel\/power-edge-neue-ersatzteilmarke-in-europa-29503\/"},"wordCount":263,"image":{"@id":"https:\/\/www.krafthand.de\/truck\/artikel\/power-edge-neue-ersatzteilmarke-in-europa-29503\/#primaryimage"},"thumbnailUrl":"https:\/\/static.krafthand-truck.de\/uploads\/2021\/09\/DENSO_PowerEdge_Klimakompressoren_lkw_Krafthand_Truck.jpg","keywords":["Denso","Klimakompressor","Poweredge","Wischerbl\u00e4tter"],"articleSection":["Nfz-Teile\/Systeme"],"inLanguage":"de"},{"@type":"WebPage","@id":"https:\/\/www.krafthand.de\/truck\/artikel\/power-edge-neue-ersatzteilmarke-in-europa-29503\/","url":"https:\/\/www.krafthand.de\/truck\/artikel\/power-edge-neue-ersatzteilmarke-in-europa-29503\/","name":"Denso I Poweredge I Klimakompressoren I Wischerbl\u00e4tter","isPartOf":{"@id":"https:\/\/www.krafthand.de\/truck\/#website"},"primaryImageOfPage":{"@id":"https:\/\/www.krafthand.de\/truck\/artikel\/power-edge-neue-ersatzteilmarke-in-europa-29503\/#primaryimage"},"image":{"@id":"https:\/\/www.krafthand.de\/truck\/artikel\/power-edge-neue-ersatzteilmarke-in-europa-29503\/#primaryimage"},"thumbnailUrl":"https:\/\/static.krafthand-truck.de\/uploads\/2021\/09\/DENSO_PowerEdge_Klimakompressoren_lkw_Krafthand_Truck.jpg","datePublished":"2021-09-20T06:30:11+00:00","dateModified":"2021-09-20T06:38:19+00:00","author":{"@id":"https:\/\/www.krafthand.de\/truck\/#\/schema\/person\/51fa80b1c57034c4bf63f9f988fc24ce"},"breadcrumb":{"@id":"https:\/\/www.krafthand.de\/truck\/artikel\/power-edge-neue-ersatzteilmarke-in-europa-29503\/#breadcrumb"},"inLanguage":"de","potentialAction":[{"@type":"ReadAction","target":["https:\/\/www.krafthand.de\/truck\/artikel\/power-edge-neue-ersatzteilmarke-in-europa-29503\/"]}]},{"@type":"ImageObject","inLanguage":"de","@id":"https:\/\/www.krafthand.de\/truck\/artikel\/power-edge-neue-ersatzteilmarke-in-europa-29503\/#primaryimage","url":"https:\/\/static.krafthand-truck.de\/uploads\/2021\/09\/DENSO_PowerEdge_Klimakompressoren_lkw_Krafthand_Truck.jpg","contentUrl":"https:\/\/static.krafthand-truck.de\/uploads\/2021\/09\/DENSO_PowerEdge_Klimakompressoren_lkw_Krafthand_Truck.jpg","width":870,"height":817},{"@type":"BreadcrumbList","@id":"https:\/\/www.krafthand.de\/truck\/artikel\/power-edge-neue-ersatzteilmarke-in-europa-29503\/#breadcrumb","itemListElement":[{"@type":"ListItem","position":1,"name":"Krafthand-Truck","item":"https:\/\/www.krafthand.de\/truck\/"},{"@type":"ListItem","position":2,"name":"Nfz-Technik","item":"https:\/\/www.krafthand.de\/truck\/kategorie\/nfz-technik\/"},{"@type":"ListItem","position":3,"name":"Nfz-Teile\/Systeme","item":"https:\/\/www.krafthand.de\/truck\/kategorie\/nfz-technik\/nfz-teile-systeme\/"},{"@type":"ListItem","position":4,"name":"Power-Edge: Neue Ersatzteilmarke in Europa"}]},{"@type":"WebSite","@id":"https:\/\/www.krafthand.de\/truck\/#website","url":"https:\/\/www.krafthand.de\/truck\/","name":"Krafthand-Truck","description":"","potentialAction":[{"@type":"SearchAction","target":{"@type":"EntryPoint","urlTemplate":"https:\/\/www.krafthand.de\/truck\/?s={search_term_string}"},"query-input":{"@type":"PropertyValueSpecification","valueRequired":true,"valueName":"search_term_string"}}],"inLanguage":"de"},{"@type":"Person","@id":"https:\/\/www.krafthand.de\/truck\/#\/schema\/person\/51fa80b1c57034c4bf63f9f988fc24ce","name":"georg.blenk@krafthand-medien.de","image":{"@type":"ImageObject","inLanguage":"de","@id":"https:\/\/secure.gravatar.com\/avatar\/93713c30affe0aa95d3a4130e499bb1abee2eb31adbdd9ce2aa1543538490215?s=96&d=mm&r=g","url":"https:\/\/secure.gravatar.com\/avatar\/93713c30affe0aa95d3a4130e499bb1abee2eb31adbdd9ce2aa1543538490215?s=96&d=mm&r=g","contentUrl":"https:\/\/secure.gravatar.com\/avatar\/93713c30affe0aa95d3a4130e499bb1abee2eb31adbdd9ce2aa1543538490215?s=96&d=mm&r=g","caption":"georg.blenk@krafthand-medien.de"}}]}},"_links":{"self":[{"href":"https:\/\/www.krafthand.de\/truck\/wp-json\/wp\/v2\/posts\/29503","targetHints":{"allow":["GET"]}}],"collection":[{"href":"https:\/\/www.krafthand.de\/truck\/wp-json\/wp\/v2\/posts"}],"about":[{"href":"https:\/\/www.krafthand.de\/truck\/wp-json\/wp\/v2\/types\/post"}],"author":[{"embeddable":true,"href":"https:\/\/www.krafthand.de\/truck\/wp-json\/wp\/v2\/users\/9"}],"replies":[{"embeddable":true,"href":"https:\/\/www.krafthand.de\/truck\/wp-json\/wp\/v2\/comments?post=29503"}],"version-history":[{"count":5,"href":"https:\/\/www.krafthand.de\/truck\/wp-json\/wp\/v2\/posts\/29503\/revisions"}],"predecessor-version":[{"id":29509,"href":"https:\/\/www.krafthand.de\/truck\/wp-json\/wp\/v2\/posts\/29503\/revisions\/29509"}],"wp:featuredmedia":[{"embeddable":true,"href":"https:\/\/www.krafthand.de\/truck\/wp-json\/wp\/v2\/media\/29506"}],"wp:attachment":[{"href":"https:\/\/www.krafthand.de\/truck\/wp-json\/wp\/v2\/media?parent=29503"}],"wp:term":[{"taxonomy":"category","embeddable":true,"href":"https:\/\/www.krafthand.de\/truck\/wp-json\/wp\/v2\/categories?post=29503"},{"taxonomy":"post_tag","embeddable":true,"href":"https:\/\/www.krafthand.de\/truck\/wp-json\/wp\/v2\/tags?post=29503"},{"taxonomy":"settings","embeddable":true,"href":"https:\/\/www.krafthand.de\/truck\/wp-json\/wp\/v2\/settings?post=29503"}],"curies":[{"name":"wp","href":"https:\/\/api.w.org\/{rel}","templated":true}]}}