{"id":29402,"date":"2021-09-13T08:20:47","date_gmt":"2021-09-13T06:20:47","guid":{"rendered":"https:\/\/www.krafthand.de\/truck\/?p=29402"},"modified":"2021-11-28T09:28:03","modified_gmt":"2021-11-28T08:28:03","slug":"show-time-saf-holland-auf-der-nufam","status":"publish","type":"post","link":"https:\/\/www.krafthand.de\/truck\/artikel\/show-time-saf-holland-auf-der-nufam-29402\/","title":{"rendered":"SAF-Holland zeigt verschiedene Achssysteme"},"content":{"rendered":"<p>Der Spezialist f\u00fcr Achs- und Fahrwerksysteme, SAF-Holland, zeigt auf der diesj\u00e4hrigen Nutzfahrzeugmesse Nufam in Karlsruhe ausgew\u00e4hlte Achsen f\u00fcr Spezial-Anwendungen sowie weitere Fahrzeugkomponenten. Einen Ausblick liefert das Unternehmen au\u00dferdem auf die Telematik-Anwendung Trailer-Master.<\/p>\n<h4>Ausstellungsst\u00fccke<\/h4>\n<p>In Karlsruhe zu sehen ist beispielsweise die VSE-Lenkachse \u201aSAF Intra Smart Steering\u2018. Sie wird aktiv \u00fcber einen Lenkzylinder gesteuert, sodass Nutzfahrzeuge bei der Vorw\u00e4rts- und R\u00fcckw\u00e4rtsfahrt etwa im Stadtverkehr einfacher man\u00f6vrieren k\u00f6nnen.<\/p>\n<figure id=\"attachment_29405\" aria-describedby=\"caption-attachment-29405\" style=\"width: 300px\" class=\"wp-caption alignright\"><a href=\"https:\/\/www.krafthand.de\/truck\/wp-content\/uploads\/2021\/09\/SAF_Holland_Nufam_2021_Krafthand_Truck_02.jpg\" target=\"_blank\" rel=\"noopener\"><img fetchpriority=\"high\" decoding=\"async\" class=\"wp-image-29405 size-medium\" src=\"https:\/\/www.krafthand.de\/truck\/wp-content\/uploads\/2021\/09\/SAF_Holland_Nufam_2021_Krafthand_Truck_02-300x212.jpg\" alt=\"\" width=\"300\" height=\"212\" srcset=\"https:\/\/static.krafthand-truck.de\/uploads\/2021\/09\/SAF_Holland_Nufam_2021_Krafthand_Truck_02-300x212.jpg 300w, https:\/\/static.krafthand-truck.de\/uploads\/2021\/09\/SAF_Holland_Nufam_2021_Krafthand_Truck_02-1024x724.jpg 1024w, https:\/\/static.krafthand-truck.de\/uploads\/2021\/09\/SAF_Holland_Nufam_2021_Krafthand_Truck_02-768x543.jpg 768w, https:\/\/static.krafthand-truck.de\/uploads\/2021\/09\/SAF_Holland_Nufam_2021_Krafthand_Truck_02.jpg 1200w\" sizes=\"(max-width: 300px) 100vw, 300px\" \/><\/a><figcaption id=\"caption-attachment-29405\" class=\"wp-caption-text\">Die Rekuperationsachse SAF TRAKr.<\/figcaption><\/figure>\n<p>Auch die elektrische Achse TRAKr pr\u00e4sentiert SAF-Holland. Sie nutzt eine Rekuperationsfunktion, um die Emissionen und den Kraftstoffverbrauch des Gesamtzugs zu senken. Bevorzugter Einsatzort sind den Angaben zufolge K\u00fchlfahrzeuge, in denen die K\u00fchlaggregate zeitweise vollelektrisch betrieben werden k\u00f6nnen.<\/p>\n<p>Ebenfalls in Karlsruhe zu sehen ist die hydraulisch angetriebene Achse \u201aSAF Intra CD Trak\u2018, die f\u00fcr Kipper- oder Schubbodentrailer im 9-Tonnen-Bereich optimiert ist. Sie bringt den Antrieb in den Trailer und unterst\u00fctzt quasi auf Knopfdruck die Zugmaschine in schwierigem Gel\u00e4nde oder bei Steigungen, auf Baustellen und Deponien.<\/p>\n<p>Einen Ausblick auf die smarten Nutzfahrzeuge der Zukunft liefert der Trailer-Master: Die Telematik-Anwendung, bei der SAF-Holland-Tochter Axscend in Gro\u00dfbritannien bereits seit mehreren Jahren im t\u00e4glichen Einsatz ist, sei nun bereit f\u00fcr den Schritt auf den kontinentaleurop\u00e4ischen Markt. <em>\u201eUnser Trailer-Master f\u00fchrt mehrere bisherige Systeme zusammen und vereinfacht so das Flottenmanagement, vor allem bei gro\u00dfen Fuhrparks\u201c, so Thomas Piroth, Vice President Group Digital &amp; Innovation.<\/em> <a href=\"https:\/\/safholland.com\/de\/de\/\" target=\"_blank\" rel=\"noopener\">SAF-Holland<\/a> ist auf der <a href=\"https:\/\/www.nufam.de\/de\/\" target=\"_blank\" rel=\"noopener\">Nufam<\/a> in Halle 2, am Stand C205 zu finden.<\/p>\n<p><i>Den Beitrag finden Sie auch in der Print-Ausgabe 3-2021 der <a href=\"https:\/\/www.krafthand.de\/truck\/magazin\/\" title=\"Zum Magazin\">Krafthand-Truck<\/a>.<\/i><\/p>","protected":false},"excerpt":{"rendered":"<p>Der Spezialist f\u00fcr Achs- und Fahrwerksysteme, SAF-Holland, zeigt auf der diesj\u00e4hrigen Nutzfahrzeugmesse Nufam in Karlsruhe ausgew\u00e4hlte Achsen f\u00fcr Spezial-Anwendungen sowie weitere Fahrzeugkomponenten. Einen Ausblick liefert das Unternehmen au\u00dferdem auf die Telematik-Anwendung Trailer-Master. <span class=\"excerpt-more__dots\">&#8230;<\/span> <a class=\"excerpt-more__link\" href=\"https:\/\/www.krafthand.de\/truck\/artikel\/show-time-saf-holland-auf-der-nufam-29402\/\" >weiter<\/a><\/p>\n","protected":false},"author":9,"featured_media":29403,"comment_status":"closed","ping_status":"closed","sticky":false,"template":"","format":"standard","meta":{"footnotes":""},"categories":[4226,4914,4236],"tags":[1635,4760,407,1111,4759,4761,4758],"settings":[3523],"class_list":["post-29402","post","type-post","status-publish","format-standard","has-post-thumbnail","hentry","category-fahrwerk","category-trailer-aufbauten","category-veranstaltungen","tag-achse","tag-intra-cd-trak","tag-nufam","tag-saf-holland","tag-smart-steering","tag-trakr","tag-vse-lenkachse"],"yoast_head":"<!-- This site is optimized with the Yoast SEO plugin v27.3 - https:\/\/yoast.com\/product\/yoast-seo-wordpress\/ -->\n<title>SAF-Holland auf der NUFAM<\/title>\n<meta name=\"description\" content=\"Der Spezialist f\u00fcr Achs- und Fahrwerksysteme, SAF-Holland, zeigt auf der diesj\u00e4hrigen Nutzfahrzeugmesse Nufam in Karlsruhe ausgew\u00e4hlte Achsen f\u00fcr Spezial-Anwendungen sowie weitere Fahrzeugkomponenten. Einen Ausblick liefert das Unternehmen au\u00dferdem auf die Telematik-Anwendung Trailer-Master.\" \/>\n<meta name=\"robots\" content=\"index, follow, max-snippet:-1, max-image-preview:large, max-video-preview:-1\" \/>\n<link rel=\"canonical\" href=\"https:\/\/www.krafthand.de\/truck\/artikel\/show-time-saf-holland-auf-der-nufam-29402\/\" \/>\n<meta property=\"og:locale\" content=\"de_DE\" \/>\n<meta property=\"og:type\" content=\"article\" \/>\n<meta property=\"og:title\" content=\"SAF-Holland auf der NUFAM\" \/>\n<meta property=\"og:description\" content=\"Der Spezialist f\u00fcr Achs- und Fahrwerksysteme, SAF-Holland, zeigt auf der diesj\u00e4hrigen Nutzfahrzeugmesse Nufam in Karlsruhe ausgew\u00e4hlte Achsen f\u00fcr Spezial-Anwendungen sowie weitere Fahrzeugkomponenten. Einen Ausblick liefert das Unternehmen au\u00dferdem auf die Telematik-Anwendung Trailer-Master.\" \/>\n<meta property=\"og:url\" content=\"https:\/\/www.krafthand-truck.de\/artikel\/show-time-saf-holland-auf-der-nufam-29402\/\" \/>\n<meta property=\"og:site_name\" content=\"Krafthand-Truck\" \/>\n<meta property=\"article:published_time\" content=\"2021-09-13T06:20:47+00:00\" \/>\n<meta property=\"article:modified_time\" content=\"2021-11-28T08:28:03+00:00\" \/>\n<meta property=\"og:image\" content=\"https:\/\/www.krafthand.de\/truck\/wp-content\/uploads\/2021\/09\/SAF_Holland_Nufam_2021_Krafthand_Truck_01.jpg\" \/>\n\t<meta property=\"og:image:width\" content=\"1200\" \/>\n\t<meta property=\"og:image:height\" content=\"716\" \/>\n\t<meta property=\"og:image:type\" content=\"image\/jpeg\" \/>\n<meta name=\"author\" content=\"georg.blenk@krafthand-medien.de\" \/>\n<meta name=\"twitter:card\" content=\"summary_large_image\" \/>\n<meta name=\"twitter:label1\" content=\"Verfasst von\" \/>\n\t<meta name=\"twitter:data1\" content=\"georg.blenk@krafthand-medien.de\" \/>\n\t<meta name=\"twitter:label2\" content=\"Gesch\u00e4tzte Lesezeit\" \/>\n\t<meta name=\"twitter:data2\" content=\"1\u00a0Minute\" \/>\n<script type=\"application\/ld+json\" class=\"yoast-schema-graph\">{\"@context\":\"https:\\\/\\\/schema.org\",\"@graph\":[{\"@type\":\"Article\",\"@id\":\"https:\\\/\\\/www.krafthand.de\\\/truck\\\/artikel\\\/show-time-saf-holland-auf-der-nufam-29402\\\/#article\",\"isPartOf\":{\"@id\":\"https:\\\/\\\/www.krafthand.de\\\/truck\\\/artikel\\\/show-time-saf-holland-auf-der-nufam-29402\\\/\"},\"author\":{\"name\":\"georg.blenk@krafthand-medien.de\",\"@id\":\"https:\\\/\\\/www.krafthand.de\\\/truck\\\/#\\\/schema\\\/person\\\/51fa80b1c57034c4bf63f9f988fc24ce\"},\"headline\":\"SAF-Holland zeigt verschiedene Achssysteme\",\"datePublished\":\"2021-09-13T06:20:47+00:00\",\"dateModified\":\"2021-11-28T08:28:03+00:00\",\"mainEntityOfPage\":{\"@id\":\"https:\\\/\\\/www.krafthand.de\\\/truck\\\/artikel\\\/show-time-saf-holland-auf-der-nufam-29402\\\/\"},\"wordCount\":263,\"image\":{\"@id\":\"https:\\\/\\\/www.krafthand.de\\\/truck\\\/artikel\\\/show-time-saf-holland-auf-der-nufam-29402\\\/#primaryimage\"},\"thumbnailUrl\":\"https:\\\/\\\/static.krafthand-truck.de\\\/uploads\\\/2021\\\/09\\\/SAF_Holland_Nufam_2021_Krafthand_Truck_01.jpg\",\"keywords\":[\"Achse\",\"Intra CD Trak\",\"Nufam\",\"SAF-HOLLAND\",\"Smart-Steering\",\"TRAKr\",\"VSE-Lenkachse\"],\"articleSection\":[\"Fahrwerk\\\/D\u00e4mpfung\",\"Trailer\\\/Aufbauten\",\"Veranstaltungen\\\/Messen\"],\"inLanguage\":\"de\"},{\"@type\":\"WebPage\",\"@id\":\"https:\\\/\\\/www.krafthand.de\\\/truck\\\/artikel\\\/show-time-saf-holland-auf-der-nufam-29402\\\/\",\"url\":\"https:\\\/\\\/www.krafthand.de\\\/truck\\\/artikel\\\/show-time-saf-holland-auf-der-nufam-29402\\\/\",\"name\":\"SAF-Holland auf der NUFAM\",\"isPartOf\":{\"@id\":\"https:\\\/\\\/www.krafthand.de\\\/truck\\\/#website\"},\"primaryImageOfPage\":{\"@id\":\"https:\\\/\\\/www.krafthand.de\\\/truck\\\/artikel\\\/show-time-saf-holland-auf-der-nufam-29402\\\/#primaryimage\"},\"image\":{\"@id\":\"https:\\\/\\\/www.krafthand.de\\\/truck\\\/artikel\\\/show-time-saf-holland-auf-der-nufam-29402\\\/#primaryimage\"},\"thumbnailUrl\":\"https:\\\/\\\/static.krafthand-truck.de\\\/uploads\\\/2021\\\/09\\\/SAF_Holland_Nufam_2021_Krafthand_Truck_01.jpg\",\"datePublished\":\"2021-09-13T06:20:47+00:00\",\"dateModified\":\"2021-11-28T08:28:03+00:00\",\"author\":{\"@id\":\"https:\\\/\\\/www.krafthand.de\\\/truck\\\/#\\\/schema\\\/person\\\/51fa80b1c57034c4bf63f9f988fc24ce\"},\"description\":\"Der Spezialist f\u00fcr Achs- und Fahrwerksysteme, SAF-Holland, zeigt auf der diesj\u00e4hrigen Nutzfahrzeugmesse Nufam in Karlsruhe ausgew\u00e4hlte Achsen f\u00fcr Spezial-Anwendungen sowie weitere Fahrzeugkomponenten. Einen Ausblick liefert das Unternehmen au\u00dferdem auf die Telematik-Anwendung Trailer-Master.\",\"breadcrumb\":{\"@id\":\"https:\\\/\\\/www.krafthand.de\\\/truck\\\/artikel\\\/show-time-saf-holland-auf-der-nufam-29402\\\/#breadcrumb\"},\"inLanguage\":\"de\",\"potentialAction\":[{\"@type\":\"ReadAction\",\"target\":[\"https:\\\/\\\/www.krafthand.de\\\/truck\\\/artikel\\\/show-time-saf-holland-auf-der-nufam-29402\\\/\"]}]},{\"@type\":\"ImageObject\",\"inLanguage\":\"de\",\"@id\":\"https:\\\/\\\/www.krafthand.de\\\/truck\\\/artikel\\\/show-time-saf-holland-auf-der-nufam-29402\\\/#primaryimage\",\"url\":\"https:\\\/\\\/static.krafthand-truck.de\\\/uploads\\\/2021\\\/09\\\/SAF_Holland_Nufam_2021_Krafthand_Truck_01.jpg\",\"contentUrl\":\"https:\\\/\\\/static.krafthand-truck.de\\\/uploads\\\/2021\\\/09\\\/SAF_Holland_Nufam_2021_Krafthand_Truck_01.jpg\",\"width\":1200,\"height\":716},{\"@type\":\"BreadcrumbList\",\"@id\":\"https:\\\/\\\/www.krafthand.de\\\/truck\\\/artikel\\\/show-time-saf-holland-auf-der-nufam-29402\\\/#breadcrumb\",\"itemListElement\":[{\"@type\":\"ListItem\",\"position\":1,\"name\":\"Krafthand-Truck\",\"item\":\"https:\\\/\\\/www.krafthand.de\\\/truck\\\/\"},{\"@type\":\"ListItem\",\"position\":2,\"name\":\"Nfz-Technik\",\"item\":\"https:\\\/\\\/www.krafthand.de\\\/truck\\\/kategorie\\\/nfz-technik\\\/\"},{\"@type\":\"ListItem\",\"position\":3,\"name\":\"Fahrwerk\\\/D\u00e4mpfung\",\"item\":\"https:\\\/\\\/www.krafthand.de\\\/truck\\\/kategorie\\\/nfz-technik\\\/fahrwerk\\\/\"},{\"@type\":\"ListItem\",\"position\":4,\"name\":\"SAF-Holland zeigt verschiedene Achssysteme\"}]},{\"@type\":\"WebSite\",\"@id\":\"https:\\\/\\\/www.krafthand.de\\\/truck\\\/#website\",\"url\":\"https:\\\/\\\/www.krafthand.de\\\/truck\\\/\",\"name\":\"Krafthand-Truck\",\"description\":\"\",\"potentialAction\":[{\"@type\":\"SearchAction\",\"target\":{\"@type\":\"EntryPoint\",\"urlTemplate\":\"https:\\\/\\\/www.krafthand.de\\\/truck\\\/?s={search_term_string}\"},\"query-input\":{\"@type\":\"PropertyValueSpecification\",\"valueRequired\":true,\"valueName\":\"search_term_string\"}}],\"inLanguage\":\"de\"},{\"@type\":\"Person\",\"@id\":\"https:\\\/\\\/www.krafthand.de\\\/truck\\\/#\\\/schema\\\/person\\\/51fa80b1c57034c4bf63f9f988fc24ce\",\"name\":\"georg.blenk@krafthand-medien.de\",\"image\":{\"@type\":\"ImageObject\",\"inLanguage\":\"de\",\"@id\":\"https:\\\/\\\/secure.gravatar.com\\\/avatar\\\/93713c30affe0aa95d3a4130e499bb1abee2eb31adbdd9ce2aa1543538490215?s=96&d=mm&r=g\",\"url\":\"https:\\\/\\\/secure.gravatar.com\\\/avatar\\\/93713c30affe0aa95d3a4130e499bb1abee2eb31adbdd9ce2aa1543538490215?s=96&d=mm&r=g\",\"contentUrl\":\"https:\\\/\\\/secure.gravatar.com\\\/avatar\\\/93713c30affe0aa95d3a4130e499bb1abee2eb31adbdd9ce2aa1543538490215?s=96&d=mm&r=g\",\"caption\":\"georg.blenk@krafthand-medien.de\"}}]}<\/script>\n<!-- \/ Yoast SEO plugin. -->","yoast_head_json":{"title":"SAF-Holland auf der NUFAM","description":"Der Spezialist f\u00fcr Achs- und Fahrwerksysteme, SAF-Holland, zeigt auf der diesj\u00e4hrigen Nutzfahrzeugmesse Nufam in Karlsruhe ausgew\u00e4hlte Achsen f\u00fcr Spezial-Anwendungen sowie weitere Fahrzeugkomponenten. Einen Ausblick liefert das Unternehmen au\u00dferdem auf die Telematik-Anwendung Trailer-Master.","robots":{"index":"index","follow":"follow","max-snippet":"max-snippet:-1","max-image-preview":"max-image-preview:large","max-video-preview":"max-video-preview:-1"},"canonical":"https:\/\/www.krafthand.de\/truck\/artikel\/show-time-saf-holland-auf-der-nufam-29402\/","og_locale":"de_DE","og_type":"article","og_title":"SAF-Holland auf der NUFAM","og_description":"Der Spezialist f\u00fcr Achs- und Fahrwerksysteme, SAF-Holland, zeigt auf der diesj\u00e4hrigen Nutzfahrzeugmesse Nufam in Karlsruhe ausgew\u00e4hlte Achsen f\u00fcr Spezial-Anwendungen sowie weitere Fahrzeugkomponenten. Einen Ausblick liefert das Unternehmen au\u00dferdem auf die Telematik-Anwendung Trailer-Master.","og_url":"https:\/\/www.krafthand-truck.de\/artikel\/show-time-saf-holland-auf-der-nufam-29402\/","og_site_name":"Krafthand-Truck","article_published_time":"2021-09-13T06:20:47+00:00","article_modified_time":"2021-11-28T08:28:03+00:00","og_image":[{"width":1200,"height":716,"url":"https:\/\/www.krafthand.de\/truck\/wp-content\/uploads\/2021\/09\/SAF_Holland_Nufam_2021_Krafthand_Truck_01.jpg","type":"image\/jpeg"}],"author":"georg.blenk@krafthand-medien.de","twitter_card":"summary_large_image","twitter_misc":{"Verfasst von":"georg.blenk@krafthand-medien.de","Gesch\u00e4tzte Lesezeit":"1\u00a0Minute"},"schema":{"@context":"https:\/\/schema.org","@graph":[{"@type":"Article","@id":"https:\/\/www.krafthand.de\/truck\/artikel\/show-time-saf-holland-auf-der-nufam-29402\/#article","isPartOf":{"@id":"https:\/\/www.krafthand.de\/truck\/artikel\/show-time-saf-holland-auf-der-nufam-29402\/"},"author":{"name":"georg.blenk@krafthand-medien.de","@id":"https:\/\/www.krafthand.de\/truck\/#\/schema\/person\/51fa80b1c57034c4bf63f9f988fc24ce"},"headline":"SAF-Holland zeigt verschiedene Achssysteme","datePublished":"2021-09-13T06:20:47+00:00","dateModified":"2021-11-28T08:28:03+00:00","mainEntityOfPage":{"@id":"https:\/\/www.krafthand.de\/truck\/artikel\/show-time-saf-holland-auf-der-nufam-29402\/"},"wordCount":263,"image":{"@id":"https:\/\/www.krafthand.de\/truck\/artikel\/show-time-saf-holland-auf-der-nufam-29402\/#primaryimage"},"thumbnailUrl":"https:\/\/static.krafthand-truck.de\/uploads\/2021\/09\/SAF_Holland_Nufam_2021_Krafthand_Truck_01.jpg","keywords":["Achse","Intra CD Trak","Nufam","SAF-HOLLAND","Smart-Steering","TRAKr","VSE-Lenkachse"],"articleSection":["Fahrwerk\/D\u00e4mpfung","Trailer\/Aufbauten","Veranstaltungen\/Messen"],"inLanguage":"de"},{"@type":"WebPage","@id":"https:\/\/www.krafthand.de\/truck\/artikel\/show-time-saf-holland-auf-der-nufam-29402\/","url":"https:\/\/www.krafthand.de\/truck\/artikel\/show-time-saf-holland-auf-der-nufam-29402\/","name":"SAF-Holland auf der NUFAM","isPartOf":{"@id":"https:\/\/www.krafthand.de\/truck\/#website"},"primaryImageOfPage":{"@id":"https:\/\/www.krafthand.de\/truck\/artikel\/show-time-saf-holland-auf-der-nufam-29402\/#primaryimage"},"image":{"@id":"https:\/\/www.krafthand.de\/truck\/artikel\/show-time-saf-holland-auf-der-nufam-29402\/#primaryimage"},"thumbnailUrl":"https:\/\/static.krafthand-truck.de\/uploads\/2021\/09\/SAF_Holland_Nufam_2021_Krafthand_Truck_01.jpg","datePublished":"2021-09-13T06:20:47+00:00","dateModified":"2021-11-28T08:28:03+00:00","author":{"@id":"https:\/\/www.krafthand.de\/truck\/#\/schema\/person\/51fa80b1c57034c4bf63f9f988fc24ce"},"description":"Der Spezialist f\u00fcr Achs- und Fahrwerksysteme, SAF-Holland, zeigt auf der diesj\u00e4hrigen Nutzfahrzeugmesse Nufam in Karlsruhe ausgew\u00e4hlte Achsen f\u00fcr Spezial-Anwendungen sowie weitere Fahrzeugkomponenten. Einen Ausblick liefert das Unternehmen au\u00dferdem auf die Telematik-Anwendung Trailer-Master.","breadcrumb":{"@id":"https:\/\/www.krafthand.de\/truck\/artikel\/show-time-saf-holland-auf-der-nufam-29402\/#breadcrumb"},"inLanguage":"de","potentialAction":[{"@type":"ReadAction","target":["https:\/\/www.krafthand.de\/truck\/artikel\/show-time-saf-holland-auf-der-nufam-29402\/"]}]},{"@type":"ImageObject","inLanguage":"de","@id":"https:\/\/www.krafthand.de\/truck\/artikel\/show-time-saf-holland-auf-der-nufam-29402\/#primaryimage","url":"https:\/\/static.krafthand-truck.de\/uploads\/2021\/09\/SAF_Holland_Nufam_2021_Krafthand_Truck_01.jpg","contentUrl":"https:\/\/static.krafthand-truck.de\/uploads\/2021\/09\/SAF_Holland_Nufam_2021_Krafthand_Truck_01.jpg","width":1200,"height":716},{"@type":"BreadcrumbList","@id":"https:\/\/www.krafthand.de\/truck\/artikel\/show-time-saf-holland-auf-der-nufam-29402\/#breadcrumb","itemListElement":[{"@type":"ListItem","position":1,"name":"Krafthand-Truck","item":"https:\/\/www.krafthand.de\/truck\/"},{"@type":"ListItem","position":2,"name":"Nfz-Technik","item":"https:\/\/www.krafthand.de\/truck\/kategorie\/nfz-technik\/"},{"@type":"ListItem","position":3,"name":"Fahrwerk\/D\u00e4mpfung","item":"https:\/\/www.krafthand.de\/truck\/kategorie\/nfz-technik\/fahrwerk\/"},{"@type":"ListItem","position":4,"name":"SAF-Holland zeigt verschiedene Achssysteme"}]},{"@type":"WebSite","@id":"https:\/\/www.krafthand.de\/truck\/#website","url":"https:\/\/www.krafthand.de\/truck\/","name":"Krafthand-Truck","description":"","potentialAction":[{"@type":"SearchAction","target":{"@type":"EntryPoint","urlTemplate":"https:\/\/www.krafthand.de\/truck\/?s={search_term_string}"},"query-input":{"@type":"PropertyValueSpecification","valueRequired":true,"valueName":"search_term_string"}}],"inLanguage":"de"},{"@type":"Person","@id":"https:\/\/www.krafthand.de\/truck\/#\/schema\/person\/51fa80b1c57034c4bf63f9f988fc24ce","name":"georg.blenk@krafthand-medien.de","image":{"@type":"ImageObject","inLanguage":"de","@id":"https:\/\/secure.gravatar.com\/avatar\/93713c30affe0aa95d3a4130e499bb1abee2eb31adbdd9ce2aa1543538490215?s=96&d=mm&r=g","url":"https:\/\/secure.gravatar.com\/avatar\/93713c30affe0aa95d3a4130e499bb1abee2eb31adbdd9ce2aa1543538490215?s=96&d=mm&r=g","contentUrl":"https:\/\/secure.gravatar.com\/avatar\/93713c30affe0aa95d3a4130e499bb1abee2eb31adbdd9ce2aa1543538490215?s=96&d=mm&r=g","caption":"georg.blenk@krafthand-medien.de"}}]}},"_links":{"self":[{"href":"https:\/\/www.krafthand.de\/truck\/wp-json\/wp\/v2\/posts\/29402","targetHints":{"allow":["GET"]}}],"collection":[{"href":"https:\/\/www.krafthand.de\/truck\/wp-json\/wp\/v2\/posts"}],"about":[{"href":"https:\/\/www.krafthand.de\/truck\/wp-json\/wp\/v2\/types\/post"}],"author":[{"embeddable":true,"href":"https:\/\/www.krafthand.de\/truck\/wp-json\/wp\/v2\/users\/9"}],"replies":[{"embeddable":true,"href":"https:\/\/www.krafthand.de\/truck\/wp-json\/wp\/v2\/comments?post=29402"}],"version-history":[{"count":7,"href":"https:\/\/www.krafthand.de\/truck\/wp-json\/wp\/v2\/posts\/29402\/revisions"}],"predecessor-version":[{"id":29411,"href":"https:\/\/www.krafthand.de\/truck\/wp-json\/wp\/v2\/posts\/29402\/revisions\/29411"}],"wp:featuredmedia":[{"embeddable":true,"href":"https:\/\/www.krafthand.de\/truck\/wp-json\/wp\/v2\/media\/29403"}],"wp:attachment":[{"href":"https:\/\/www.krafthand.de\/truck\/wp-json\/wp\/v2\/media?parent=29402"}],"wp:term":[{"taxonomy":"category","embeddable":true,"href":"https:\/\/www.krafthand.de\/truck\/wp-json\/wp\/v2\/categories?post=29402"},{"taxonomy":"post_tag","embeddable":true,"href":"https:\/\/www.krafthand.de\/truck\/wp-json\/wp\/v2\/tags?post=29402"},{"taxonomy":"settings","embeddable":true,"href":"https:\/\/www.krafthand.de\/truck\/wp-json\/wp\/v2\/settings?post=29402"}],"curies":[{"name":"wp","href":"https:\/\/api.w.org\/{rel}","templated":true}]}}