{"id":29351,"date":"2021-09-09T11:13:52","date_gmt":"2021-09-09T09:13:52","guid":{"rendered":"https:\/\/www.krafthand.de\/truck\/?p=29351"},"modified":"2021-09-09T11:13:52","modified_gmt":"2021-09-09T09:13:52","slug":"digital-plus-die-automechanika-2021-verbindet-zwei-welten","status":"publish","type":"post","link":"https:\/\/www.krafthand.de\/truck\/artikel\/digital-plus-die-automechanika-2021-verbindet-zwei-welten-29351\/","title":{"rendered":"Digital-Plus: Die Automechanika 2021 verbindet zwei Welten"},"content":{"rendered":"<p>Die Leitmesse f\u00fcr den Pkw-\/Nfz-Aftermarket, die <a href=\"https:\/\/automechanika-digital-plus.messefrankfurt.com\/frankfurt\/de.html?wt_mc=automechanika-ffm.dach.sea.google.2021+AM+Brand+DACH&amp;gclid=EAIaIQobChMI94yi28Xx8gIVFAfmCh0lCg4UEAAYASAAEgIJIPD_BwE\" target=\"_blank\" rel=\"noopener\">Automechanika<\/a> in Frankfurt, findet in diesem Jahr vom 14. bis 16. September mit einem kompakten Vor-Ort-Konzept erg\u00e4nzt durch ein digitales Angebot statt. Beispielsweise sind in Halle 3 sogenannte Plug-and-play-St\u00e4nde f\u00fcr Produktpr\u00e4sentation und Gespr\u00e4che vorgesehen. Zutritt zum Messegel\u00e4nde erhalten Genesene, Geimpfte oder Getestete, es besteht Maskenpflicht. Ein Tagesticket f\u00fcr die Pr\u00e4senzmesse kostet 16 Euro, ebenso die Teilnahme an den digitalen Veranstaltungen f\u00fcr die gesamte Messezeit.\u00a0 Laut Messe Frankfurt ist der Wunsch nach pers\u00f6nlichen Begegnungen jedoch ist gro\u00df. So wollen rund 75 Prozent der rund 200 ausstellenden Unternehmen vor Ort mit einem Messestand teilnehmen.<\/p>\n<p>F\u00fcr Interessenten die nicht live vor Ort sein k\u00f6nnen werden erstmals Produktneuheiten im Live-Stream vorgestellt. Alle Teilnehmer profitieren zudem von einem digitalen Matchmaking- und Terminplanungstool und es gibt laut Messe Frankfurt die M\u00f6glichkeit von Live-Chats und 1:1 Video-Calls. Der Gro\u00dfteil der Filme sowie Produktinformationen und Unternehmensprofile der Aussteller bleiben \u00fcber den Veranstaltungszeitraum hinaus online verf\u00fcgbar.<br \/>\nDie Ausstellung selbst wird sich auf den Ostteil des Gel\u00e4ndes rund um die Festhalle konzentrieren. Zus\u00e4tzlich sind eine Innovation-Show, ein Networking-Areal und eine Produktallee geplant. Au\u00dferdem erwartet die Besucher ein Rahmenprogramm zu aktuellen Themen und Trends. Neu ist: Die Logistik-Branche trifft sich gleichzeitig zur Hypermotion auf dem Frankfurter Messegel\u00e4nde. Dadurch erh\u00e4lt das Automotive-Publikum wertvolle Impulse, zum Beispiel zu Themen wie resiliente Lieferketten, Flottenmanagement und IoT-Systeme.<\/p>\n<p>Im n\u00e4chsten Jahr soll die Messe vom 13. bis 17. September 2022 wieder in gewohnter Weise stattfinden.<\/p>\n<p><i>Den Beitrag finden Sie auch in der Print-Ausgabe 3-2021 der <a href=\"https:\/\/www.krafthand.de\/truck\/magazin\/\" title=\"Zum Magazin\">Krafthand-Truck<\/a>.<\/i><\/p>","protected":false},"excerpt":{"rendered":"<p>Die Leitmesse f\u00fcr den Pkw-\/Nfz-Aftermarket, die Automechanika in Frankfurt, findet in diesem Jahr vom 14. bis 16. September mit einem kompakten Vor-Ort-Konzept erg\u00e4nzt durch ein digitales Angebot statt. <span class=\"excerpt-more__dots\">&#8230;<\/span> <a class=\"excerpt-more__link\" href=\"https:\/\/www.krafthand.de\/truck\/artikel\/digital-plus-die-automechanika-2021-verbindet-zwei-welten-29351\/\" >weiter<\/a><\/p>\n","protected":false},"author":9,"featured_media":27839,"comment_status":"closed","ping_status":"closed","sticky":false,"template":"","format":"standard","meta":{"footnotes":""},"categories":[4236],"tags":[1346],"settings":[],"class_list":["post-29351","post","type-post","status-publish","format-standard","has-post-thumbnail","hentry","category-veranstaltungen","tag-automechanika"],"yoast_head":"<!-- This site is optimized with the Yoast SEO plugin v27.3 - https:\/\/yoast.com\/product\/yoast-seo-wordpress\/ -->\n<title>Automechanika, Messe-Frankfurt, Lkw-Werkstatt<\/title>\n<meta name=\"description\" content=\"Die Leitmesse f\u00fcr den Pkw-\/Nfz-Aftermarket, die Automechanika in Frankfurt, findet in diesem Jahr vom 14. bis 16. September mit einem kompakten Vor-Ort-Konzept erg\u00e4nzt durch ein digitales Angebot statt.\" \/>\n<meta name=\"robots\" content=\"index, follow, max-snippet:-1, max-image-preview:large, max-video-preview:-1\" \/>\n<link rel=\"canonical\" href=\"https:\/\/www.krafthand.de\/truck\/artikel\/digital-plus-die-automechanika-2021-verbindet-zwei-welten-29351\/\" \/>\n<meta property=\"og:locale\" content=\"de_DE\" \/>\n<meta property=\"og:type\" content=\"article\" \/>\n<meta property=\"og:title\" content=\"Automechanika, Messe-Frankfurt, Lkw-Werkstatt\" \/>\n<meta property=\"og:description\" content=\"Die Leitmesse f\u00fcr den Pkw-\/Nfz-Aftermarket, die Automechanika in Frankfurt, findet in diesem Jahr vom 14. bis 16. September mit einem kompakten Vor-Ort-Konzept erg\u00e4nzt durch ein digitales Angebot statt.\" \/>\n<meta property=\"og:url\" content=\"https:\/\/www.krafthand-truck.de\/artikel\/digital-plus-die-automechanika-2021-verbindet-zwei-welten-29351\/\" \/>\n<meta property=\"og:site_name\" content=\"Krafthand-Truck\" \/>\n<meta property=\"article:published_time\" content=\"2021-09-09T09:13:52+00:00\" \/>\n<meta property=\"og:image\" content=\"https:\/\/www.krafthand.de\/truck\/wp-content\/uploads\/2021\/05\/Automechanika-Frankfurt_DigitalPlus_Banner_de.jpg\" \/>\n\t<meta property=\"og:image:width\" content=\"1000\" \/>\n\t<meta property=\"og:image:height\" content=\"415\" \/>\n\t<meta property=\"og:image:type\" content=\"image\/jpeg\" \/>\n<meta name=\"author\" content=\"georg.blenk@krafthand-medien.de\" \/>\n<meta name=\"twitter:card\" content=\"summary_large_image\" \/>\n<meta name=\"twitter:label1\" content=\"Verfasst von\" \/>\n\t<meta name=\"twitter:data1\" content=\"georg.blenk@krafthand-medien.de\" \/>\n\t<meta name=\"twitter:label2\" content=\"Gesch\u00e4tzte Lesezeit\" \/>\n\t<meta name=\"twitter:data2\" content=\"1\u00a0Minute\" \/>\n<script type=\"application\/ld+json\" class=\"yoast-schema-graph\">{\"@context\":\"https:\\\/\\\/schema.org\",\"@graph\":[{\"@type\":\"Article\",\"@id\":\"https:\\\/\\\/www.krafthand.de\\\/truck\\\/artikel\\\/digital-plus-die-automechanika-2021-verbindet-zwei-welten-29351\\\/#article\",\"isPartOf\":{\"@id\":\"https:\\\/\\\/www.krafthand.de\\\/truck\\\/artikel\\\/digital-plus-die-automechanika-2021-verbindet-zwei-welten-29351\\\/\"},\"author\":{\"name\":\"georg.blenk@krafthand-medien.de\",\"@id\":\"https:\\\/\\\/www.krafthand.de\\\/truck\\\/#\\\/schema\\\/person\\\/51fa80b1c57034c4bf63f9f988fc24ce\"},\"headline\":\"Digital-Plus: Die Automechanika 2021 verbindet zwei Welten\",\"datePublished\":\"2021-09-09T09:13:52+00:00\",\"mainEntityOfPage\":{\"@id\":\"https:\\\/\\\/www.krafthand.de\\\/truck\\\/artikel\\\/digital-plus-die-automechanika-2021-verbindet-zwei-welten-29351\\\/\"},\"wordCount\":254,\"image\":{\"@id\":\"https:\\\/\\\/www.krafthand.de\\\/truck\\\/artikel\\\/digital-plus-die-automechanika-2021-verbindet-zwei-welten-29351\\\/#primaryimage\"},\"thumbnailUrl\":\"https:\\\/\\\/static.krafthand-truck.de\\\/uploads\\\/2021\\\/05\\\/Automechanika-Frankfurt_DigitalPlus_Banner_de.jpg\",\"keywords\":[\"Automechanika\"],\"articleSection\":[\"Veranstaltungen\\\/Messen\"],\"inLanguage\":\"de\"},{\"@type\":\"WebPage\",\"@id\":\"https:\\\/\\\/www.krafthand.de\\\/truck\\\/artikel\\\/digital-plus-die-automechanika-2021-verbindet-zwei-welten-29351\\\/\",\"url\":\"https:\\\/\\\/www.krafthand.de\\\/truck\\\/artikel\\\/digital-plus-die-automechanika-2021-verbindet-zwei-welten-29351\\\/\",\"name\":\"Automechanika, Messe-Frankfurt, Lkw-Werkstatt\",\"isPartOf\":{\"@id\":\"https:\\\/\\\/www.krafthand.de\\\/truck\\\/#website\"},\"primaryImageOfPage\":{\"@id\":\"https:\\\/\\\/www.krafthand.de\\\/truck\\\/artikel\\\/digital-plus-die-automechanika-2021-verbindet-zwei-welten-29351\\\/#primaryimage\"},\"image\":{\"@id\":\"https:\\\/\\\/www.krafthand.de\\\/truck\\\/artikel\\\/digital-plus-die-automechanika-2021-verbindet-zwei-welten-29351\\\/#primaryimage\"},\"thumbnailUrl\":\"https:\\\/\\\/static.krafthand-truck.de\\\/uploads\\\/2021\\\/05\\\/Automechanika-Frankfurt_DigitalPlus_Banner_de.jpg\",\"datePublished\":\"2021-09-09T09:13:52+00:00\",\"author\":{\"@id\":\"https:\\\/\\\/www.krafthand.de\\\/truck\\\/#\\\/schema\\\/person\\\/51fa80b1c57034c4bf63f9f988fc24ce\"},\"description\":\"Die Leitmesse f\u00fcr den Pkw-\\\/Nfz-Aftermarket, die Automechanika in Frankfurt, findet in diesem Jahr vom 14. bis 16. September mit einem kompakten Vor-Ort-Konzept erg\u00e4nzt durch ein digitales Angebot statt.\",\"breadcrumb\":{\"@id\":\"https:\\\/\\\/www.krafthand.de\\\/truck\\\/artikel\\\/digital-plus-die-automechanika-2021-verbindet-zwei-welten-29351\\\/#breadcrumb\"},\"inLanguage\":\"de\",\"potentialAction\":[{\"@type\":\"ReadAction\",\"target\":[\"https:\\\/\\\/www.krafthand.de\\\/truck\\\/artikel\\\/digital-plus-die-automechanika-2021-verbindet-zwei-welten-29351\\\/\"]}]},{\"@type\":\"ImageObject\",\"inLanguage\":\"de\",\"@id\":\"https:\\\/\\\/www.krafthand.de\\\/truck\\\/artikel\\\/digital-plus-die-automechanika-2021-verbindet-zwei-welten-29351\\\/#primaryimage\",\"url\":\"https:\\\/\\\/static.krafthand-truck.de\\\/uploads\\\/2021\\\/05\\\/Automechanika-Frankfurt_DigitalPlus_Banner_de.jpg\",\"contentUrl\":\"https:\\\/\\\/static.krafthand-truck.de\\\/uploads\\\/2021\\\/05\\\/Automechanika-Frankfurt_DigitalPlus_Banner_de.jpg\",\"width\":1000,\"height\":415},{\"@type\":\"BreadcrumbList\",\"@id\":\"https:\\\/\\\/www.krafthand.de\\\/truck\\\/artikel\\\/digital-plus-die-automechanika-2021-verbindet-zwei-welten-29351\\\/#breadcrumb\",\"itemListElement\":[{\"@type\":\"ListItem\",\"position\":1,\"name\":\"Krafthand-Truck\",\"item\":\"https:\\\/\\\/www.krafthand.de\\\/truck\\\/\"},{\"@type\":\"ListItem\",\"position\":2,\"name\":\"Nfz-Branche\",\"item\":\"https:\\\/\\\/www.krafthand.de\\\/truck\\\/kategorie\\\/branche\\\/\"},{\"@type\":\"ListItem\",\"position\":3,\"name\":\"Veranstaltungen\\\/Messen\",\"item\":\"https:\\\/\\\/www.krafthand.de\\\/truck\\\/kategorie\\\/branche\\\/veranstaltungen\\\/\"},{\"@type\":\"ListItem\",\"position\":4,\"name\":\"Digital-Plus: Die Automechanika 2021 verbindet zwei Welten\"}]},{\"@type\":\"WebSite\",\"@id\":\"https:\\\/\\\/www.krafthand.de\\\/truck\\\/#website\",\"url\":\"https:\\\/\\\/www.krafthand.de\\\/truck\\\/\",\"name\":\"Krafthand-Truck\",\"description\":\"\",\"potentialAction\":[{\"@type\":\"SearchAction\",\"target\":{\"@type\":\"EntryPoint\",\"urlTemplate\":\"https:\\\/\\\/www.krafthand.de\\\/truck\\\/?s={search_term_string}\"},\"query-input\":{\"@type\":\"PropertyValueSpecification\",\"valueRequired\":true,\"valueName\":\"search_term_string\"}}],\"inLanguage\":\"de\"},{\"@type\":\"Person\",\"@id\":\"https:\\\/\\\/www.krafthand.de\\\/truck\\\/#\\\/schema\\\/person\\\/51fa80b1c57034c4bf63f9f988fc24ce\",\"name\":\"georg.blenk@krafthand-medien.de\",\"image\":{\"@type\":\"ImageObject\",\"inLanguage\":\"de\",\"@id\":\"https:\\\/\\\/secure.gravatar.com\\\/avatar\\\/93713c30affe0aa95d3a4130e499bb1abee2eb31adbdd9ce2aa1543538490215?s=96&d=mm&r=g\",\"url\":\"https:\\\/\\\/secure.gravatar.com\\\/avatar\\\/93713c30affe0aa95d3a4130e499bb1abee2eb31adbdd9ce2aa1543538490215?s=96&d=mm&r=g\",\"contentUrl\":\"https:\\\/\\\/secure.gravatar.com\\\/avatar\\\/93713c30affe0aa95d3a4130e499bb1abee2eb31adbdd9ce2aa1543538490215?s=96&d=mm&r=g\",\"caption\":\"georg.blenk@krafthand-medien.de\"}}]}<\/script>\n<!-- \/ Yoast SEO plugin. -->","yoast_head_json":{"title":"Automechanika, Messe-Frankfurt, Lkw-Werkstatt","description":"Die Leitmesse f\u00fcr den Pkw-\/Nfz-Aftermarket, die Automechanika in Frankfurt, findet in diesem Jahr vom 14. bis 16. September mit einem kompakten Vor-Ort-Konzept erg\u00e4nzt durch ein digitales Angebot statt.","robots":{"index":"index","follow":"follow","max-snippet":"max-snippet:-1","max-image-preview":"max-image-preview:large","max-video-preview":"max-video-preview:-1"},"canonical":"https:\/\/www.krafthand.de\/truck\/artikel\/digital-plus-die-automechanika-2021-verbindet-zwei-welten-29351\/","og_locale":"de_DE","og_type":"article","og_title":"Automechanika, Messe-Frankfurt, Lkw-Werkstatt","og_description":"Die Leitmesse f\u00fcr den Pkw-\/Nfz-Aftermarket, die Automechanika in Frankfurt, findet in diesem Jahr vom 14. bis 16. September mit einem kompakten Vor-Ort-Konzept erg\u00e4nzt durch ein digitales Angebot statt.","og_url":"https:\/\/www.krafthand-truck.de\/artikel\/digital-plus-die-automechanika-2021-verbindet-zwei-welten-29351\/","og_site_name":"Krafthand-Truck","article_published_time":"2021-09-09T09:13:52+00:00","og_image":[{"width":1000,"height":415,"url":"https:\/\/www.krafthand.de\/truck\/wp-content\/uploads\/2021\/05\/Automechanika-Frankfurt_DigitalPlus_Banner_de.jpg","type":"image\/jpeg"}],"author":"georg.blenk@krafthand-medien.de","twitter_card":"summary_large_image","twitter_misc":{"Verfasst von":"georg.blenk@krafthand-medien.de","Gesch\u00e4tzte Lesezeit":"1\u00a0Minute"},"schema":{"@context":"https:\/\/schema.org","@graph":[{"@type":"Article","@id":"https:\/\/www.krafthand.de\/truck\/artikel\/digital-plus-die-automechanika-2021-verbindet-zwei-welten-29351\/#article","isPartOf":{"@id":"https:\/\/www.krafthand.de\/truck\/artikel\/digital-plus-die-automechanika-2021-verbindet-zwei-welten-29351\/"},"author":{"name":"georg.blenk@krafthand-medien.de","@id":"https:\/\/www.krafthand.de\/truck\/#\/schema\/person\/51fa80b1c57034c4bf63f9f988fc24ce"},"headline":"Digital-Plus: Die Automechanika 2021 verbindet zwei Welten","datePublished":"2021-09-09T09:13:52+00:00","mainEntityOfPage":{"@id":"https:\/\/www.krafthand.de\/truck\/artikel\/digital-plus-die-automechanika-2021-verbindet-zwei-welten-29351\/"},"wordCount":254,"image":{"@id":"https:\/\/www.krafthand.de\/truck\/artikel\/digital-plus-die-automechanika-2021-verbindet-zwei-welten-29351\/#primaryimage"},"thumbnailUrl":"https:\/\/static.krafthand-truck.de\/uploads\/2021\/05\/Automechanika-Frankfurt_DigitalPlus_Banner_de.jpg","keywords":["Automechanika"],"articleSection":["Veranstaltungen\/Messen"],"inLanguage":"de"},{"@type":"WebPage","@id":"https:\/\/www.krafthand.de\/truck\/artikel\/digital-plus-die-automechanika-2021-verbindet-zwei-welten-29351\/","url":"https:\/\/www.krafthand.de\/truck\/artikel\/digital-plus-die-automechanika-2021-verbindet-zwei-welten-29351\/","name":"Automechanika, Messe-Frankfurt, Lkw-Werkstatt","isPartOf":{"@id":"https:\/\/www.krafthand.de\/truck\/#website"},"primaryImageOfPage":{"@id":"https:\/\/www.krafthand.de\/truck\/artikel\/digital-plus-die-automechanika-2021-verbindet-zwei-welten-29351\/#primaryimage"},"image":{"@id":"https:\/\/www.krafthand.de\/truck\/artikel\/digital-plus-die-automechanika-2021-verbindet-zwei-welten-29351\/#primaryimage"},"thumbnailUrl":"https:\/\/static.krafthand-truck.de\/uploads\/2021\/05\/Automechanika-Frankfurt_DigitalPlus_Banner_de.jpg","datePublished":"2021-09-09T09:13:52+00:00","author":{"@id":"https:\/\/www.krafthand.de\/truck\/#\/schema\/person\/51fa80b1c57034c4bf63f9f988fc24ce"},"description":"Die Leitmesse f\u00fcr den Pkw-\/Nfz-Aftermarket, die Automechanika in Frankfurt, findet in diesem Jahr vom 14. bis 16. September mit einem kompakten Vor-Ort-Konzept erg\u00e4nzt durch ein digitales Angebot statt.","breadcrumb":{"@id":"https:\/\/www.krafthand.de\/truck\/artikel\/digital-plus-die-automechanika-2021-verbindet-zwei-welten-29351\/#breadcrumb"},"inLanguage":"de","potentialAction":[{"@type":"ReadAction","target":["https:\/\/www.krafthand.de\/truck\/artikel\/digital-plus-die-automechanika-2021-verbindet-zwei-welten-29351\/"]}]},{"@type":"ImageObject","inLanguage":"de","@id":"https:\/\/www.krafthand.de\/truck\/artikel\/digital-plus-die-automechanika-2021-verbindet-zwei-welten-29351\/#primaryimage","url":"https:\/\/static.krafthand-truck.de\/uploads\/2021\/05\/Automechanika-Frankfurt_DigitalPlus_Banner_de.jpg","contentUrl":"https:\/\/static.krafthand-truck.de\/uploads\/2021\/05\/Automechanika-Frankfurt_DigitalPlus_Banner_de.jpg","width":1000,"height":415},{"@type":"BreadcrumbList","@id":"https:\/\/www.krafthand.de\/truck\/artikel\/digital-plus-die-automechanika-2021-verbindet-zwei-welten-29351\/#breadcrumb","itemListElement":[{"@type":"ListItem","position":1,"name":"Krafthand-Truck","item":"https:\/\/www.krafthand.de\/truck\/"},{"@type":"ListItem","position":2,"name":"Nfz-Branche","item":"https:\/\/www.krafthand.de\/truck\/kategorie\/branche\/"},{"@type":"ListItem","position":3,"name":"Veranstaltungen\/Messen","item":"https:\/\/www.krafthand.de\/truck\/kategorie\/branche\/veranstaltungen\/"},{"@type":"ListItem","position":4,"name":"Digital-Plus: Die Automechanika 2021 verbindet zwei Welten"}]},{"@type":"WebSite","@id":"https:\/\/www.krafthand.de\/truck\/#website","url":"https:\/\/www.krafthand.de\/truck\/","name":"Krafthand-Truck","description":"","potentialAction":[{"@type":"SearchAction","target":{"@type":"EntryPoint","urlTemplate":"https:\/\/www.krafthand.de\/truck\/?s={search_term_string}"},"query-input":{"@type":"PropertyValueSpecification","valueRequired":true,"valueName":"search_term_string"}}],"inLanguage":"de"},{"@type":"Person","@id":"https:\/\/www.krafthand.de\/truck\/#\/schema\/person\/51fa80b1c57034c4bf63f9f988fc24ce","name":"georg.blenk@krafthand-medien.de","image":{"@type":"ImageObject","inLanguage":"de","@id":"https:\/\/secure.gravatar.com\/avatar\/93713c30affe0aa95d3a4130e499bb1abee2eb31adbdd9ce2aa1543538490215?s=96&d=mm&r=g","url":"https:\/\/secure.gravatar.com\/avatar\/93713c30affe0aa95d3a4130e499bb1abee2eb31adbdd9ce2aa1543538490215?s=96&d=mm&r=g","contentUrl":"https:\/\/secure.gravatar.com\/avatar\/93713c30affe0aa95d3a4130e499bb1abee2eb31adbdd9ce2aa1543538490215?s=96&d=mm&r=g","caption":"georg.blenk@krafthand-medien.de"}}]}},"_links":{"self":[{"href":"https:\/\/www.krafthand.de\/truck\/wp-json\/wp\/v2\/posts\/29351","targetHints":{"allow":["GET"]}}],"collection":[{"href":"https:\/\/www.krafthand.de\/truck\/wp-json\/wp\/v2\/posts"}],"about":[{"href":"https:\/\/www.krafthand.de\/truck\/wp-json\/wp\/v2\/types\/post"}],"author":[{"embeddable":true,"href":"https:\/\/www.krafthand.de\/truck\/wp-json\/wp\/v2\/users\/9"}],"replies":[{"embeddable":true,"href":"https:\/\/www.krafthand.de\/truck\/wp-json\/wp\/v2\/comments?post=29351"}],"version-history":[{"count":1,"href":"https:\/\/www.krafthand.de\/truck\/wp-json\/wp\/v2\/posts\/29351\/revisions"}],"predecessor-version":[{"id":29352,"href":"https:\/\/www.krafthand.de\/truck\/wp-json\/wp\/v2\/posts\/29351\/revisions\/29352"}],"wp:featuredmedia":[{"embeddable":true,"href":"https:\/\/www.krafthand.de\/truck\/wp-json\/wp\/v2\/media\/27839"}],"wp:attachment":[{"href":"https:\/\/www.krafthand.de\/truck\/wp-json\/wp\/v2\/media?parent=29351"}],"wp:term":[{"taxonomy":"category","embeddable":true,"href":"https:\/\/www.krafthand.de\/truck\/wp-json\/wp\/v2\/categories?post=29351"},{"taxonomy":"post_tag","embeddable":true,"href":"https:\/\/www.krafthand.de\/truck\/wp-json\/wp\/v2\/tags?post=29351"},{"taxonomy":"settings","embeddable":true,"href":"https:\/\/www.krafthand.de\/truck\/wp-json\/wp\/v2\/settings?post=29351"}],"curies":[{"name":"wp","href":"https:\/\/api.w.org\/{rel}","templated":true}]}}