{"id":29310,"date":"2021-09-02T09:40:40","date_gmt":"2021-09-02T07:40:40","guid":{"rendered":"https:\/\/www.krafthand.de\/truck\/?p=29310"},"modified":"2021-11-28T09:24:39","modified_gmt":"2021-11-28T08:24:39","slug":"gut-aufgestellt-im-gespraech-mit-martin-kemker-vertriebsleiter-bei-wielton","status":"publish","type":"post","link":"https:\/\/www.krafthand.de\/truck\/artikel\/gut-aufgestellt-im-gespraech-mit-martin-kemker-vertriebsleiter-bei-wielton-29310\/","title":{"rendered":"Gut aufgestellt: Im Gespr\u00e4ch mit Martin Kemker, Vertriebsleiter bei Wielton"},"content":{"rendered":"<p>Vor 25 Jahren im polnischen Wielu\u0144 gegr\u00fcndet, geh\u00f6rt Wielton eigenen Angaben zufolge heute zu den drei gr\u00f6\u00dften Herstellern von Anh\u00e4ngern, Aufliegern und Aufbauten in Europa sowie zu den zehn gr\u00f6\u00dften Herstellern weltweit. Nachdem das Unternehmen 2016 bereits die Grundsteine f\u00fcr die Pr\u00e4senz auf dem deutschen Markt gelegt hatte, m\u00f6chte Wielton nun das Deutschlandgesch\u00e4ft forcieren. Wir haben mit Martin Kemker, Vertriebsleiter bei <a href=\"https:\/\/wieltongroup.com\/de\/\" target=\"_blank\" rel=\"noopener\">Wielton<\/a> \u00fcber die Pl\u00e4ne gesprochen.<\/p>\n<p><strong>Sehr geehrter Herr Kemker, mit welcher Strategie m\u00f6chte sich Wielton in Deutschland positionieren und vom Wettbewerb abgrenzen?<\/strong><br \/>\nAls Nutzfahrzeughersteller k\u00f6nnen wir unseren Kunden dank innovativer Fertigungsverfahren nachhaltige, kostenoptimierte und effiziente Produkte mit idealer Nutzlast und optimiertem Handling anbieten. Das gilt sowohl f\u00fcr unsere Standardprodukte wie Tautliner oder Kippauflieger, als auch f\u00fcr kundenspezifische Sonderanfertigungen. Als junges und innovatives Unternehmen leben wir Nahbarkeit und Flexibilit\u00e4t. Das hei\u00dft f\u00fcr uns auch, dass wir in Sachen Individualisierung und Customizing einen echten Unterschied gegen\u00fcber anderen Marktteilnehmern machen. Ein Ansatz, der durch unser eigenes Forschungs- und Entwicklungszentrum in Wielu\u0144 unterst\u00fctzt wird. Wir sind in ganz Europa aktiv und in zahlreichen L\u00e4ndern bereits in verschiedenen Produktsparten auf dem ersten Platz der Zulassungsstatistik. Das m\u00f6chten wir nun auch in Deutschland erreichen und als eine Alternative im Markt wahrgenommen werden.<\/p>\n<p><strong>Wie sch\u00e4tzen Sie insgesamt die Marktentwicklung was Trailer angeht in Deutschland ein?<\/strong><br \/>\nNun, nach einem schwachen letzten Jahr bei den Zulassungs- und Absatzzahlen in vielen europ\u00e4ischen M\u00e4rkten, auch in Deutschland, wird nun viel \u00fcber Aufholbedarf und auch Unsicherheiten gesprochen. Wir bei Wielton haben 2020 genutzt, unsere M\u00f6glichkeiten und Potenziale zu pr\u00fcfen. Die erste Jahresh\u00e4lfte 2021 lief sehr gut f\u00fcr uns. Wir konnten die Aufmerksamkeit gro\u00dfer Flotten in Deutschland f\u00fcr die Marke Wielton wecken und zahlreiche Test- und Demofahrzeuge platzieren. F\u00fcr die kommende Monate werden sicherlich die Pandemie, aber auch das Thema Nachhaltigkeit und der Bedarf in Boom-Branchen wie Bauwirtschaft, Entsorgung und Automotive die Marktentwicklung beeinflussen.<\/p>\n<figure id=\"attachment_29313\" aria-describedby=\"caption-attachment-29313\" style=\"width: 380px\" class=\"wp-caption alignleft\"><a href=\"https:\/\/www.krafthand.de\/truck\/wp-content\/uploads\/2021\/09\/Wielton_Martin_Kemker.jpg\" target=\"_blank\" rel=\"noopener\"><img fetchpriority=\"high\" decoding=\"async\" class=\"wp-image-29313\" src=\"https:\/\/www.krafthand.de\/truck\/wp-content\/uploads\/2021\/09\/Wielton_Martin_Kemker-150x150.jpg\" alt=\"\" width=\"380\" height=\"572\" srcset=\"https:\/\/static.krafthand-truck.de\/uploads\/2021\/09\/Wielton_Martin_Kemker-199x300.jpg 199w, https:\/\/static.krafthand-truck.de\/uploads\/2021\/09\/Wielton_Martin_Kemker-680x1024.jpg 680w, https:\/\/static.krafthand-truck.de\/uploads\/2021\/09\/Wielton_Martin_Kemker-768x1156.jpg 768w, https:\/\/static.krafthand-truck.de\/uploads\/2021\/09\/Wielton_Martin_Kemker.jpg 800w\" sizes=\"(max-width: 380px) 100vw, 380px\" \/><\/a><figcaption id=\"caption-attachment-29313\" class=\"wp-caption-text\">Martin Kemker (57) ist seit November 2019 bei der Wielton GmbH Vertriebsleiter f\u00fcr den deutschsprachigen Raum (D\/A\/CH). Der gelernte Diplomkaufmann ist seit 25 Jahren im Nutzfahrzeuggesch\u00e4ft t\u00e4tig. Er war viele Jahre in leitenden Vertriebspositionen, u.a. bei Krone und K\u00f6gel, t\u00e4tig.<\/figcaption><\/figure>\n<p><strong>Was sind aus Ihrer Sicht Zukunftsthemen was Trailer angeht?<\/strong><br \/>\nNachhaltigkeit, Lifecyclecost und Effizienz sind essentielle Themen, an denen kein gro\u00dfer europ\u00e4ischer Trailer-Hersteller vorbeikommt. Die Reduktion von CO2-Emissionen steht ganz oben. So weisen leichte, aerodynamisch designte Trailer einen geringeren Dieselverbrauch auf und schonen damit Umwelt und Geldbeutel. Truck-Trailer-Gespanne m\u00fcssen zudem zuk\u00fcnftig m\u00f6glichst flexibel einsetzbar sein, um eine effiziente Bef\u00f6rderung auch bei stark variierende Transportmengen gew\u00e4hrleisten zu k\u00f6nnen. Ein weiterer gro\u00dfer Trend sind nat\u00fcrlich digitale L\u00f6sungen \u2013 sowohl mit Blick auf die Telematik und angebundene Services als auch auf den Aftermarket.<\/p>\n<p><strong>An welchen technischen Weiterentwicklungen arbeitet Wielton gerade?<\/strong><br \/>\nF\u00fcr uns stehen aktuell Themen wie Innovation sowie \u00f6kologische Nachhaltigkeit in der Produktion und bei den Produkten im Fokus. Hier sehen wir interessante Entwicklungen, die auch ein klares Bekenntnis zum Klimaschutzgesetz sind (Bis zum Jahr 2030 m\u00fcssen die CO2-Einsparungen auf 65 Prozent erh\u00f6ht werden). Unsere 65 Mitarbeiter im Forschungs- und Entwicklungszentrum in Wielu\u0144 arbeiten mit Hochdruck daran, kontinuierlich neue L\u00f6sungen zu entwickeln. Bei der Produktentwicklung hilft uns unser dortiger Pr\u00fcfstand, den es so nur ein weiteres Mal in Europa gibt. Mit dessen Hilfe k\u00f6nnen wir innerhalb weniger Wochen mehrere Jahre harten Einsatzes unter h\u00f6chster Belastung auf europ\u00e4ischen Stra\u00dfen simulieren. Aus unserer Sicht ist das ein echter Vorteil im Markt. Neben Nachhaltigkeitsaspekten ist es uns aber auch wichtig, unsere vergleichsweisen kurzen Lieferzeiten f\u00fcr unsere Anh\u00e4ngefahrzeuge zu halten und im Aftermarket eine hohe Verf\u00fcgbarkeit von Teilen gew\u00e4hrleisten zu k\u00f6nnen. Hier versuchen wir stetig, noch besser zu werden.<\/p>\n<p><strong>Wie sieht das Service-Netzwerk in Deutschland aus?<\/strong><br \/>\nUnsere Kunden k\u00f6nnen auf ein gutes Service-Netzwerk vertrauen \u2013 wir sind in allen wichtigen Ballungsr\u00e4umen in Deutschland mit Servicepartnern vertreten. Sie decken vom einfachen Ersatzteilbedarf bis zur Garantieabwicklung alles ab. In den n\u00e4chsten Monaten m\u00f6chten wir unser Service-Netzwerk aber noch weiter ausbauen. Daher auditieren wir derzeit weitere Betriebe. Wir gehen davon aus, dass wir diesen Prozess im Laufe des kommenden Jahres erfolgreich abschlie\u00dfen werden.<\/p>\n<blockquote><p>\u201eIn den n\u00e4chsten Monaten m\u00f6chten wir unser Service-Netzwerk weiter ausbauen und auditieren deshalb derzeit weitere Betriebe\u201c, so Martin Kemper<\/p><\/blockquote>\n<p><strong>Welche Services bietet Wielton \u00fcber die Reparatur und Ersatzteilversorgung hinaus?<\/strong><br \/>\nQualit\u00e4t spielt f\u00fcr uns eine ganz wichtige Rolle \u2013 nicht nur bei der Produktion unserer Fahrzeuge, sondern auch bei unserem angeschlossenem Service-Angebot. Wir bieten unseren Kunden, je nach Bedarf, das ganze Portfolio von Reparaturen \u00fcber die Ersatzteilversorgung bis hin zu Garantieabwicklungen.<\/p>\n<p><strong>Sind Ersatzteile auch \u00fcber den Teilegro\u00dfhandel erh\u00e4ltlich?<\/strong><br \/>\nUm die Produktg\u00fcte unserer Fahrzeuge zu sichern, aber auch eine schnelle Versorgung mit g\u00e4ngigen Verschlei\u00df- und Ersatzteilen zu gew\u00e4hrleisten, verbauen wir ausschlie\u00dflich Komponenten renommierter Hersteller wie WABCO, SAF oder Knorr-Bremse. Auf diese Weise k\u00f6nnen unsere Kunden jederzeit auch auf das fl\u00e4chendeckende Service-Netzwerk unserer Partner zugreifen. Die Eigen- und Strukturteile sowie Aufbaukomponenten sind in der Regel in unserem Stammlager in Deutschland vorr\u00e4tig. So garantieren wir eine sehr gute Produktverf\u00fcgbarkeit und schnelle Lieferung.<\/p>\n<p><i>Den Beitrag finden Sie auch in der Print-Ausgabe 3\/2021 der <a href=\"https:\/\/www.krafthand.de\/truck\/magazin\/\" title=\"Zum Magazin\">Krafthand-Truck<\/a>.<\/i><\/p>\r\n\t\t\t\t<div class=\"post-author\">\r\n\t\t\t\t\t<div class=\"khm-cp-author clearfix\">\r\n\t\t\t\t\t\t<div class=\"khm-cp-author__content\">\r\n\t\t\t\t\t\t\t\tKontakt zum Autor:<br \/>\r\n\t\t\t\t\t\t\t\t<strong>Georg Blenk<\/strong>, 08247 \/ 3007-45 |  <a href=\"mailto:georg.blenk@krafthand-medien.de\">georg.blenk@krafthand-medien.de<\/a>\r\n\t\t\t\t\t\t\t<div class=\"khm-cp-author__image\">\r\n\t\t\t\t\t\t<img src=\"https:\/\/static.krafthand-truck.de\/uploads\/2021\/01\/Blenk_6104-250x300-1-removebg-preview.png\" class=\"img-responsive\">\r\n\t\t\t\t\t<\/div>\r\n\t\t\t\t\t\t<\/div>\r\n\t\t\t\t\t<\/div>\r\n\t\t\t\t<\/div>\r\n\t\t\t\t","protected":false},"excerpt":{"rendered":"<p>Vor 25 Jahren im polnischen Wielu\u0144 gegr\u00fcndet, geh\u00f6rt Wielton eigenen Angaben zufolge heute zu den drei gr\u00f6\u00dften Herstellern von Anh\u00e4ngern, Aufliegern und Aufbauten in Europa sowie zu den zehn gr\u00f6\u00dften Herstellern weltweit. Nachdem das Unternehmen 2016 bereits die Grundsteine f\u00fcr die Pr\u00e4senz auf dem deutschen Markt gelegt hatte, m\u00f6chte Wielton nun das Deutschlandgesch\u00e4ft forcieren. Wir haben mit Martin Kemker, Vertriebsleiter bei Wielton \u00fcber die Pl\u00e4ne gesprochen. <span class=\"excerpt-more__dots\">&#8230;<\/span> <a class=\"excerpt-more__link\" href=\"https:\/\/www.krafthand.de\/truck\/artikel\/gut-aufgestellt-im-gespraech-mit-martin-kemker-vertriebsleiter-bei-wielton-29310\/\" >weiter<\/a><\/p>\n","protected":false},"author":9,"featured_media":29312,"comment_status":"closed","ping_status":"closed","sticky":false,"template":"","format":"standard","meta":{"footnotes":""},"categories":[4914,4235],"tags":[4733,599,2295],"settings":[3524,3523],"class_list":["post-29310","post","type-post","status-publish","format-standard","has-post-thumbnail","hentry","category-trailer-aufbauten","category-unternehmen","tag-martin-kemker","tag-trailer","tag-wielton"],"yoast_head":"<!-- This site is optimized with the Yoast SEO plugin v27.3 - https:\/\/yoast.com\/product\/yoast-seo-wordpress\/ -->\n<title>Trailer, Wielton, Martin Kemker, Strategie, Positionierung, Wettbewerb<\/title>\n<meta name=\"description\" content=\"Vor 25 Jahren im polnischen Wielu\u0144 gegr\u00fcndet, geh\u00f6rt Wielton eigenen Angaben zufolge heute zu den drei gr\u00f6\u00dften Herstellern von Anh\u00e4ngern, Aufliegern und Aufbauten in Europa sowie zu den zehn gr\u00f6\u00dften Herstellern weltweit. Nachdem das Unternehmen 2016 bereits die Grundsteine f\u00fcr die Pr\u00e4senz auf dem deutschen Markt gelegt hatte, m\u00f6chte Wielton nun das Deutschlandgesch\u00e4ft forcieren. Wir haben mit Martin Kemker, Vertriebsleiter bei Wielton \u00fcber die Pl\u00e4ne gesprochen.\" \/>\n<meta name=\"robots\" content=\"index, follow, max-snippet:-1, max-image-preview:large, max-video-preview:-1\" \/>\n<link rel=\"canonical\" href=\"https:\/\/www.krafthand.de\/truck\/artikel\/gut-aufgestellt-im-gespraech-mit-martin-kemker-vertriebsleiter-bei-wielton-29310\/\" \/>\n<meta property=\"og:locale\" content=\"de_DE\" \/>\n<meta property=\"og:type\" content=\"article\" \/>\n<meta property=\"og:title\" content=\"Trailer, Wielton, Martin Kemker, Strategie, Positionierung, Wettbewerb\" \/>\n<meta property=\"og:description\" content=\"Vor 25 Jahren im polnischen Wielu\u0144 gegr\u00fcndet, geh\u00f6rt Wielton eigenen Angaben zufolge heute zu den drei gr\u00f6\u00dften Herstellern von Anh\u00e4ngern, Aufliegern und Aufbauten in Europa sowie zu den zehn gr\u00f6\u00dften Herstellern weltweit. Nachdem das Unternehmen 2016 bereits die Grundsteine f\u00fcr die Pr\u00e4senz auf dem deutschen Markt gelegt hatte, m\u00f6chte Wielton nun das Deutschlandgesch\u00e4ft forcieren. Wir haben mit Martin Kemker, Vertriebsleiter bei Wielton \u00fcber die Pl\u00e4ne gesprochen.\" \/>\n<meta property=\"og:url\" content=\"https:\/\/www.krafthand-truck.de\/artikel\/gut-aufgestellt-im-gespraech-mit-martin-kemker-vertriebsleiter-bei-wielton-29310\/\" \/>\n<meta property=\"og:site_name\" content=\"Krafthand-Truck\" \/>\n<meta property=\"article:published_time\" content=\"2021-09-02T07:40:40+00:00\" \/>\n<meta property=\"article:modified_time\" content=\"2021-11-28T08:24:39+00:00\" \/>\n<meta property=\"og:image\" content=\"https:\/\/www.krafthand.de\/truck\/wp-content\/uploads\/2021\/09\/Wielton_Trailer_Kemker_Krafthand_Truck.jpg\" \/>\n\t<meta property=\"og:image:width\" content=\"1200\" \/>\n\t<meta property=\"og:image:height\" content=\"563\" \/>\n\t<meta property=\"og:image:type\" content=\"image\/jpeg\" \/>\n<meta name=\"author\" content=\"georg.blenk@krafthand-medien.de\" \/>\n<meta name=\"twitter:card\" content=\"summary_large_image\" \/>\n<meta name=\"twitter:label1\" content=\"Verfasst von\" \/>\n\t<meta name=\"twitter:data1\" content=\"georg.blenk@krafthand-medien.de\" \/>\n\t<meta name=\"twitter:label2\" content=\"Gesch\u00e4tzte Lesezeit\" \/>\n\t<meta name=\"twitter:data2\" content=\"4\u00a0Minuten\" \/>\n<script type=\"application\/ld+json\" class=\"yoast-schema-graph\">{\"@context\":\"https:\\\/\\\/schema.org\",\"@graph\":[{\"@type\":\"Article\",\"@id\":\"https:\\\/\\\/www.krafthand.de\\\/truck\\\/artikel\\\/gut-aufgestellt-im-gespraech-mit-martin-kemker-vertriebsleiter-bei-wielton-29310\\\/#article\",\"isPartOf\":{\"@id\":\"https:\\\/\\\/www.krafthand.de\\\/truck\\\/artikel\\\/gut-aufgestellt-im-gespraech-mit-martin-kemker-vertriebsleiter-bei-wielton-29310\\\/\"},\"author\":{\"name\":\"georg.blenk@krafthand-medien.de\",\"@id\":\"https:\\\/\\\/www.krafthand.de\\\/truck\\\/#\\\/schema\\\/person\\\/51fa80b1c57034c4bf63f9f988fc24ce\"},\"headline\":\"Gut aufgestellt: Im Gespr\u00e4ch mit Martin Kemker, Vertriebsleiter bei Wielton\",\"datePublished\":\"2021-09-02T07:40:40+00:00\",\"dateModified\":\"2021-11-28T08:24:39+00:00\",\"mainEntityOfPage\":{\"@id\":\"https:\\\/\\\/www.krafthand.de\\\/truck\\\/artikel\\\/gut-aufgestellt-im-gespraech-mit-martin-kemker-vertriebsleiter-bei-wielton-29310\\\/\"},\"wordCount\":893,\"image\":{\"@id\":\"https:\\\/\\\/www.krafthand.de\\\/truck\\\/artikel\\\/gut-aufgestellt-im-gespraech-mit-martin-kemker-vertriebsleiter-bei-wielton-29310\\\/#primaryimage\"},\"thumbnailUrl\":\"https:\\\/\\\/static.krafthand-truck.de\\\/uploads\\\/2021\\\/09\\\/Wielton_Trailer_Kemker_Krafthand_Truck.jpg\",\"keywords\":[\"Martin Kemker\",\"Trailer\",\"Wielton\"],\"articleSection\":[\"Trailer\\\/Aufbauten\",\"Unternehmen\"],\"inLanguage\":\"de\"},{\"@type\":\"WebPage\",\"@id\":\"https:\\\/\\\/www.krafthand.de\\\/truck\\\/artikel\\\/gut-aufgestellt-im-gespraech-mit-martin-kemker-vertriebsleiter-bei-wielton-29310\\\/\",\"url\":\"https:\\\/\\\/www.krafthand.de\\\/truck\\\/artikel\\\/gut-aufgestellt-im-gespraech-mit-martin-kemker-vertriebsleiter-bei-wielton-29310\\\/\",\"name\":\"Trailer, Wielton, Martin Kemker, Strategie, Positionierung, Wettbewerb\",\"isPartOf\":{\"@id\":\"https:\\\/\\\/www.krafthand.de\\\/truck\\\/#website\"},\"primaryImageOfPage\":{\"@id\":\"https:\\\/\\\/www.krafthand.de\\\/truck\\\/artikel\\\/gut-aufgestellt-im-gespraech-mit-martin-kemker-vertriebsleiter-bei-wielton-29310\\\/#primaryimage\"},\"image\":{\"@id\":\"https:\\\/\\\/www.krafthand.de\\\/truck\\\/artikel\\\/gut-aufgestellt-im-gespraech-mit-martin-kemker-vertriebsleiter-bei-wielton-29310\\\/#primaryimage\"},\"thumbnailUrl\":\"https:\\\/\\\/static.krafthand-truck.de\\\/uploads\\\/2021\\\/09\\\/Wielton_Trailer_Kemker_Krafthand_Truck.jpg\",\"datePublished\":\"2021-09-02T07:40:40+00:00\",\"dateModified\":\"2021-11-28T08:24:39+00:00\",\"author\":{\"@id\":\"https:\\\/\\\/www.krafthand.de\\\/truck\\\/#\\\/schema\\\/person\\\/51fa80b1c57034c4bf63f9f988fc24ce\"},\"description\":\"Vor 25 Jahren im polnischen Wielu\u0144 gegr\u00fcndet, geh\u00f6rt Wielton eigenen Angaben zufolge heute zu den drei gr\u00f6\u00dften Herstellern von Anh\u00e4ngern, Aufliegern und Aufbauten in Europa sowie zu den zehn gr\u00f6\u00dften Herstellern weltweit. Nachdem das Unternehmen 2016 bereits die Grundsteine f\u00fcr die Pr\u00e4senz auf dem deutschen Markt gelegt hatte, m\u00f6chte Wielton nun das Deutschlandgesch\u00e4ft forcieren. Wir haben mit Martin Kemker, Vertriebsleiter bei Wielton \u00fcber die Pl\u00e4ne gesprochen.\",\"breadcrumb\":{\"@id\":\"https:\\\/\\\/www.krafthand.de\\\/truck\\\/artikel\\\/gut-aufgestellt-im-gespraech-mit-martin-kemker-vertriebsleiter-bei-wielton-29310\\\/#breadcrumb\"},\"inLanguage\":\"de\",\"potentialAction\":[{\"@type\":\"ReadAction\",\"target\":[\"https:\\\/\\\/www.krafthand.de\\\/truck\\\/artikel\\\/gut-aufgestellt-im-gespraech-mit-martin-kemker-vertriebsleiter-bei-wielton-29310\\\/\"]}]},{\"@type\":\"ImageObject\",\"inLanguage\":\"de\",\"@id\":\"https:\\\/\\\/www.krafthand.de\\\/truck\\\/artikel\\\/gut-aufgestellt-im-gespraech-mit-martin-kemker-vertriebsleiter-bei-wielton-29310\\\/#primaryimage\",\"url\":\"https:\\\/\\\/static.krafthand-truck.de\\\/uploads\\\/2021\\\/09\\\/Wielton_Trailer_Kemker_Krafthand_Truck.jpg\",\"contentUrl\":\"https:\\\/\\\/static.krafthand-truck.de\\\/uploads\\\/2021\\\/09\\\/Wielton_Trailer_Kemker_Krafthand_Truck.jpg\",\"width\":1200,\"height\":563},{\"@type\":\"BreadcrumbList\",\"@id\":\"https:\\\/\\\/www.krafthand.de\\\/truck\\\/artikel\\\/gut-aufgestellt-im-gespraech-mit-martin-kemker-vertriebsleiter-bei-wielton-29310\\\/#breadcrumb\",\"itemListElement\":[{\"@type\":\"ListItem\",\"position\":1,\"name\":\"Krafthand-Truck\",\"item\":\"https:\\\/\\\/www.krafthand.de\\\/truck\\\/\"},{\"@type\":\"ListItem\",\"position\":2,\"name\":\"Nfz-Branche\",\"item\":\"https:\\\/\\\/www.krafthand.de\\\/truck\\\/kategorie\\\/branche\\\/\"},{\"@type\":\"ListItem\",\"position\":3,\"name\":\"Unternehmen\",\"item\":\"https:\\\/\\\/www.krafthand.de\\\/truck\\\/kategorie\\\/branche\\\/unternehmen\\\/\"},{\"@type\":\"ListItem\",\"position\":4,\"name\":\"Gut aufgestellt: Im Gespr\u00e4ch mit Martin Kemker, Vertriebsleiter bei Wielton\"}]},{\"@type\":\"WebSite\",\"@id\":\"https:\\\/\\\/www.krafthand.de\\\/truck\\\/#website\",\"url\":\"https:\\\/\\\/www.krafthand.de\\\/truck\\\/\",\"name\":\"Krafthand-Truck\",\"description\":\"\",\"potentialAction\":[{\"@type\":\"SearchAction\",\"target\":{\"@type\":\"EntryPoint\",\"urlTemplate\":\"https:\\\/\\\/www.krafthand.de\\\/truck\\\/?s={search_term_string}\"},\"query-input\":{\"@type\":\"PropertyValueSpecification\",\"valueRequired\":true,\"valueName\":\"search_term_string\"}}],\"inLanguage\":\"de\"},{\"@type\":\"Person\",\"@id\":\"https:\\\/\\\/www.krafthand.de\\\/truck\\\/#\\\/schema\\\/person\\\/51fa80b1c57034c4bf63f9f988fc24ce\",\"name\":\"georg.blenk@krafthand-medien.de\",\"image\":{\"@type\":\"ImageObject\",\"inLanguage\":\"de\",\"@id\":\"https:\\\/\\\/secure.gravatar.com\\\/avatar\\\/93713c30affe0aa95d3a4130e499bb1abee2eb31adbdd9ce2aa1543538490215?s=96&d=mm&r=g\",\"url\":\"https:\\\/\\\/secure.gravatar.com\\\/avatar\\\/93713c30affe0aa95d3a4130e499bb1abee2eb31adbdd9ce2aa1543538490215?s=96&d=mm&r=g\",\"contentUrl\":\"https:\\\/\\\/secure.gravatar.com\\\/avatar\\\/93713c30affe0aa95d3a4130e499bb1abee2eb31adbdd9ce2aa1543538490215?s=96&d=mm&r=g\",\"caption\":\"georg.blenk@krafthand-medien.de\"}}]}<\/script>\n<!-- \/ Yoast SEO plugin. -->","yoast_head_json":{"title":"Trailer, Wielton, Martin Kemker, Strategie, Positionierung, Wettbewerb","description":"Vor 25 Jahren im polnischen Wielu\u0144 gegr\u00fcndet, geh\u00f6rt Wielton eigenen Angaben zufolge heute zu den drei gr\u00f6\u00dften Herstellern von Anh\u00e4ngern, Aufliegern und Aufbauten in Europa sowie zu den zehn gr\u00f6\u00dften Herstellern weltweit. Nachdem das Unternehmen 2016 bereits die Grundsteine f\u00fcr die Pr\u00e4senz auf dem deutschen Markt gelegt hatte, m\u00f6chte Wielton nun das Deutschlandgesch\u00e4ft forcieren. Wir haben mit Martin Kemker, Vertriebsleiter bei Wielton \u00fcber die Pl\u00e4ne gesprochen.","robots":{"index":"index","follow":"follow","max-snippet":"max-snippet:-1","max-image-preview":"max-image-preview:large","max-video-preview":"max-video-preview:-1"},"canonical":"https:\/\/www.krafthand.de\/truck\/artikel\/gut-aufgestellt-im-gespraech-mit-martin-kemker-vertriebsleiter-bei-wielton-29310\/","og_locale":"de_DE","og_type":"article","og_title":"Trailer, Wielton, Martin Kemker, Strategie, Positionierung, Wettbewerb","og_description":"Vor 25 Jahren im polnischen Wielu\u0144 gegr\u00fcndet, geh\u00f6rt Wielton eigenen Angaben zufolge heute zu den drei gr\u00f6\u00dften Herstellern von Anh\u00e4ngern, Aufliegern und Aufbauten in Europa sowie zu den zehn gr\u00f6\u00dften Herstellern weltweit. Nachdem das Unternehmen 2016 bereits die Grundsteine f\u00fcr die Pr\u00e4senz auf dem deutschen Markt gelegt hatte, m\u00f6chte Wielton nun das Deutschlandgesch\u00e4ft forcieren. Wir haben mit Martin Kemker, Vertriebsleiter bei Wielton \u00fcber die Pl\u00e4ne gesprochen.","og_url":"https:\/\/www.krafthand-truck.de\/artikel\/gut-aufgestellt-im-gespraech-mit-martin-kemker-vertriebsleiter-bei-wielton-29310\/","og_site_name":"Krafthand-Truck","article_published_time":"2021-09-02T07:40:40+00:00","article_modified_time":"2021-11-28T08:24:39+00:00","og_image":[{"width":1200,"height":563,"url":"https:\/\/www.krafthand.de\/truck\/wp-content\/uploads\/2021\/09\/Wielton_Trailer_Kemker_Krafthand_Truck.jpg","type":"image\/jpeg"}],"author":"georg.blenk@krafthand-medien.de","twitter_card":"summary_large_image","twitter_misc":{"Verfasst von":"georg.blenk@krafthand-medien.de","Gesch\u00e4tzte Lesezeit":"4\u00a0Minuten"},"schema":{"@context":"https:\/\/schema.org","@graph":[{"@type":"Article","@id":"https:\/\/www.krafthand.de\/truck\/artikel\/gut-aufgestellt-im-gespraech-mit-martin-kemker-vertriebsleiter-bei-wielton-29310\/#article","isPartOf":{"@id":"https:\/\/www.krafthand.de\/truck\/artikel\/gut-aufgestellt-im-gespraech-mit-martin-kemker-vertriebsleiter-bei-wielton-29310\/"},"author":{"name":"georg.blenk@krafthand-medien.de","@id":"https:\/\/www.krafthand.de\/truck\/#\/schema\/person\/51fa80b1c57034c4bf63f9f988fc24ce"},"headline":"Gut aufgestellt: Im Gespr\u00e4ch mit Martin Kemker, Vertriebsleiter bei Wielton","datePublished":"2021-09-02T07:40:40+00:00","dateModified":"2021-11-28T08:24:39+00:00","mainEntityOfPage":{"@id":"https:\/\/www.krafthand.de\/truck\/artikel\/gut-aufgestellt-im-gespraech-mit-martin-kemker-vertriebsleiter-bei-wielton-29310\/"},"wordCount":893,"image":{"@id":"https:\/\/www.krafthand.de\/truck\/artikel\/gut-aufgestellt-im-gespraech-mit-martin-kemker-vertriebsleiter-bei-wielton-29310\/#primaryimage"},"thumbnailUrl":"https:\/\/static.krafthand-truck.de\/uploads\/2021\/09\/Wielton_Trailer_Kemker_Krafthand_Truck.jpg","keywords":["Martin Kemker","Trailer","Wielton"],"articleSection":["Trailer\/Aufbauten","Unternehmen"],"inLanguage":"de"},{"@type":"WebPage","@id":"https:\/\/www.krafthand.de\/truck\/artikel\/gut-aufgestellt-im-gespraech-mit-martin-kemker-vertriebsleiter-bei-wielton-29310\/","url":"https:\/\/www.krafthand.de\/truck\/artikel\/gut-aufgestellt-im-gespraech-mit-martin-kemker-vertriebsleiter-bei-wielton-29310\/","name":"Trailer, Wielton, Martin Kemker, Strategie, Positionierung, Wettbewerb","isPartOf":{"@id":"https:\/\/www.krafthand.de\/truck\/#website"},"primaryImageOfPage":{"@id":"https:\/\/www.krafthand.de\/truck\/artikel\/gut-aufgestellt-im-gespraech-mit-martin-kemker-vertriebsleiter-bei-wielton-29310\/#primaryimage"},"image":{"@id":"https:\/\/www.krafthand.de\/truck\/artikel\/gut-aufgestellt-im-gespraech-mit-martin-kemker-vertriebsleiter-bei-wielton-29310\/#primaryimage"},"thumbnailUrl":"https:\/\/static.krafthand-truck.de\/uploads\/2021\/09\/Wielton_Trailer_Kemker_Krafthand_Truck.jpg","datePublished":"2021-09-02T07:40:40+00:00","dateModified":"2021-11-28T08:24:39+00:00","author":{"@id":"https:\/\/www.krafthand.de\/truck\/#\/schema\/person\/51fa80b1c57034c4bf63f9f988fc24ce"},"description":"Vor 25 Jahren im polnischen Wielu\u0144 gegr\u00fcndet, geh\u00f6rt Wielton eigenen Angaben zufolge heute zu den drei gr\u00f6\u00dften Herstellern von Anh\u00e4ngern, Aufliegern und Aufbauten in Europa sowie zu den zehn gr\u00f6\u00dften Herstellern weltweit. Nachdem das Unternehmen 2016 bereits die Grundsteine f\u00fcr die Pr\u00e4senz auf dem deutschen Markt gelegt hatte, m\u00f6chte Wielton nun das Deutschlandgesch\u00e4ft forcieren. Wir haben mit Martin Kemker, Vertriebsleiter bei Wielton \u00fcber die Pl\u00e4ne gesprochen.","breadcrumb":{"@id":"https:\/\/www.krafthand.de\/truck\/artikel\/gut-aufgestellt-im-gespraech-mit-martin-kemker-vertriebsleiter-bei-wielton-29310\/#breadcrumb"},"inLanguage":"de","potentialAction":[{"@type":"ReadAction","target":["https:\/\/www.krafthand.de\/truck\/artikel\/gut-aufgestellt-im-gespraech-mit-martin-kemker-vertriebsleiter-bei-wielton-29310\/"]}]},{"@type":"ImageObject","inLanguage":"de","@id":"https:\/\/www.krafthand.de\/truck\/artikel\/gut-aufgestellt-im-gespraech-mit-martin-kemker-vertriebsleiter-bei-wielton-29310\/#primaryimage","url":"https:\/\/static.krafthand-truck.de\/uploads\/2021\/09\/Wielton_Trailer_Kemker_Krafthand_Truck.jpg","contentUrl":"https:\/\/static.krafthand-truck.de\/uploads\/2021\/09\/Wielton_Trailer_Kemker_Krafthand_Truck.jpg","width":1200,"height":563},{"@type":"BreadcrumbList","@id":"https:\/\/www.krafthand.de\/truck\/artikel\/gut-aufgestellt-im-gespraech-mit-martin-kemker-vertriebsleiter-bei-wielton-29310\/#breadcrumb","itemListElement":[{"@type":"ListItem","position":1,"name":"Krafthand-Truck","item":"https:\/\/www.krafthand.de\/truck\/"},{"@type":"ListItem","position":2,"name":"Nfz-Branche","item":"https:\/\/www.krafthand.de\/truck\/kategorie\/branche\/"},{"@type":"ListItem","position":3,"name":"Unternehmen","item":"https:\/\/www.krafthand.de\/truck\/kategorie\/branche\/unternehmen\/"},{"@type":"ListItem","position":4,"name":"Gut aufgestellt: Im Gespr\u00e4ch mit Martin Kemker, Vertriebsleiter bei Wielton"}]},{"@type":"WebSite","@id":"https:\/\/www.krafthand.de\/truck\/#website","url":"https:\/\/www.krafthand.de\/truck\/","name":"Krafthand-Truck","description":"","potentialAction":[{"@type":"SearchAction","target":{"@type":"EntryPoint","urlTemplate":"https:\/\/www.krafthand.de\/truck\/?s={search_term_string}"},"query-input":{"@type":"PropertyValueSpecification","valueRequired":true,"valueName":"search_term_string"}}],"inLanguage":"de"},{"@type":"Person","@id":"https:\/\/www.krafthand.de\/truck\/#\/schema\/person\/51fa80b1c57034c4bf63f9f988fc24ce","name":"georg.blenk@krafthand-medien.de","image":{"@type":"ImageObject","inLanguage":"de","@id":"https:\/\/secure.gravatar.com\/avatar\/93713c30affe0aa95d3a4130e499bb1abee2eb31adbdd9ce2aa1543538490215?s=96&d=mm&r=g","url":"https:\/\/secure.gravatar.com\/avatar\/93713c30affe0aa95d3a4130e499bb1abee2eb31adbdd9ce2aa1543538490215?s=96&d=mm&r=g","contentUrl":"https:\/\/secure.gravatar.com\/avatar\/93713c30affe0aa95d3a4130e499bb1abee2eb31adbdd9ce2aa1543538490215?s=96&d=mm&r=g","caption":"georg.blenk@krafthand-medien.de"}}]}},"_links":{"self":[{"href":"https:\/\/www.krafthand.de\/truck\/wp-json\/wp\/v2\/posts\/29310","targetHints":{"allow":["GET"]}}],"collection":[{"href":"https:\/\/www.krafthand.de\/truck\/wp-json\/wp\/v2\/posts"}],"about":[{"href":"https:\/\/www.krafthand.de\/truck\/wp-json\/wp\/v2\/types\/post"}],"author":[{"embeddable":true,"href":"https:\/\/www.krafthand.de\/truck\/wp-json\/wp\/v2\/users\/9"}],"replies":[{"embeddable":true,"href":"https:\/\/www.krafthand.de\/truck\/wp-json\/wp\/v2\/comments?post=29310"}],"version-history":[{"count":4,"href":"https:\/\/www.krafthand.de\/truck\/wp-json\/wp\/v2\/posts\/29310\/revisions"}],"predecessor-version":[{"id":29316,"href":"https:\/\/www.krafthand.de\/truck\/wp-json\/wp\/v2\/posts\/29310\/revisions\/29316"}],"wp:featuredmedia":[{"embeddable":true,"href":"https:\/\/www.krafthand.de\/truck\/wp-json\/wp\/v2\/media\/29312"}],"wp:attachment":[{"href":"https:\/\/www.krafthand.de\/truck\/wp-json\/wp\/v2\/media?parent=29310"}],"wp:term":[{"taxonomy":"category","embeddable":true,"href":"https:\/\/www.krafthand.de\/truck\/wp-json\/wp\/v2\/categories?post=29310"},{"taxonomy":"post_tag","embeddable":true,"href":"https:\/\/www.krafthand.de\/truck\/wp-json\/wp\/v2\/tags?post=29310"},{"taxonomy":"settings","embeddable":true,"href":"https:\/\/www.krafthand.de\/truck\/wp-json\/wp\/v2\/settings?post=29310"}],"curies":[{"name":"wp","href":"https:\/\/api.w.org\/{rel}","templated":true}]}}