{"id":29277,"date":"2021-08-31T13:40:27","date_gmt":"2021-08-31T11:40:27","guid":{"rendered":"https:\/\/www.krafthand.de\/truck\/?p=29277"},"modified":"2021-08-31T13:43:22","modified_gmt":"2021-08-31T11:43:22","slug":"richenhagen-leitet-marketing-der-krone-nutzfahrzeug-gruppe","status":"publish","type":"post","link":"https:\/\/www.krafthand.de\/truck\/artikel\/richenhagen-leitet-marketing-der-krone-nutzfahrzeug-gruppe-29277\/","title":{"rendered":"Richenhagen leitet Marketing der Krone Nutzfahrzeug-Gruppe"},"content":{"rendered":"<p>Simon Richenhagen (31) ist mit Wirkung zum 1. August 2021 zum Leiter Marketing der <a href=\"https:\/\/gruppe.krone.de\/#\" target=\"_blank\" rel=\"noopener\">Krone Nutzfahrzeug-Gruppe<\/a> berufen worden. Richenhagen, der bereits seit 2016 in der Marketingabteilung bei Krone, zuletzt als Brand Manager, t\u00e4tig ist, besch\u00e4ftigte sich schwerpunktm\u00e4\u00dfig mit der Entwicklung von<br \/>\ndigitalen Marketingkonzepten sowie der Markenpositionierung von Krone.<\/p>\n<p>\u201eSimon Richenhagen hat in den vergangenen Jahren die Marke Krone insbesondere im digitalen Umfeld weiterentwickelt und stark positioniert. Wir freuen uns dar\u00fcber, dass er nun \u2013 gemeinsam mit dem dynamischen Team &#8211; die weitere Internationalisierung und Digitalisierung der Marke Krone nachhaltig und kreativ forcieren wird&#8220;, so Dr. Frank Albers, Gesch\u00e4ftsf\u00fchrer Vertrieb &amp; Marketing.<\/p>\n<p>Simon Richenhagen freut sich auf die neue Herausforderung: \u201eWir werden uns zuk\u00fcnftig im Marketing noch konsequenter digital ausrichten. Unser Anspruch ist es, ein kundenorientiertes Marketing zu gestalten, das unseren Kunden und potenziellen Neukunden bei jeder Interaktion mit Krone Mehrwerte bietet. Hierbei gilt es, erfolgreich den Spagat zwischen Automatisierung von Marketingprozessen und unserer gelebten Kundenn\u00e4he zu meistern.\u201c<\/p>\n<p>Simon Richenhagen ist verheiratet und Vater von einem Sohn.<\/p>\n","protected":false},"excerpt":{"rendered":"<p>Simon Richenhagen (31) ist mit Wirkung zum 1. August 2021 zum Leiter Marketing der Krone Nutzfahrzeug-Gruppe berufen worden. Richenhagen, der bereits seit 2016 in der Marketingabteilung bei Krone, zuletzt als Brand Manager, t\u00e4tig ist, besch\u00e4ftigte sich schwerpunktm\u00e4\u00dfig mit der Entwicklung von digitalen Marketingkonzepten sowie der Markenpositionierung von Krone. <span class=\"excerpt-more__dots\">&#8230;<\/span> <a class=\"excerpt-more__link\" href=\"https:\/\/www.krafthand.de\/truck\/artikel\/richenhagen-leitet-marketing-der-krone-nutzfahrzeug-gruppe-29277\/\" >weiter<\/a><\/p>\n","protected":false},"author":9,"featured_media":29280,"comment_status":"closed","ping_status":"closed","sticky":false,"template":"","format":"standard","meta":{"footnotes":""},"categories":[4238],"tags":[388,4729],"settings":[3523],"class_list":["post-29277","post","type-post","status-publish","format-standard","has-post-thumbnail","hentry","category-koepfe","tag-krone","tag-simon-richenhagen"],"yoast_head":"<!-- This site is optimized with the Yoast SEO plugin v27.3 - https:\/\/yoast.com\/product\/yoast-seo-wordpress\/ -->\n<title>Simon Richenhagen, Krone-Nutzfahrzeug-Gruppe, Marketingleiter<\/title>\n<meta name=\"description\" content=\"Simon Richenhagen (31) ist mit Wirkung zum 1. August 2021 zum Leiter Marketing der Krone Nutzfahrzeug-Gruppe berufen worden.\" \/>\n<meta name=\"robots\" content=\"index, follow, max-snippet:-1, max-image-preview:large, max-video-preview:-1\" \/>\n<link rel=\"canonical\" href=\"https:\/\/www.krafthand.de\/truck\/artikel\/richenhagen-leitet-marketing-der-krone-nutzfahrzeug-gruppe-29277\/\" \/>\n<meta property=\"og:locale\" content=\"de_DE\" \/>\n<meta property=\"og:type\" content=\"article\" \/>\n<meta property=\"og:title\" content=\"Simon Richenhagen, Krone-Nutzfahrzeug-Gruppe, Marketingleiter\" \/>\n<meta property=\"og:description\" content=\"Simon Richenhagen (31) ist mit Wirkung zum 1. August 2021 zum Leiter Marketing der Krone Nutzfahrzeug-Gruppe berufen worden.\" \/>\n<meta property=\"og:url\" content=\"https:\/\/www.krafthand-truck.de\/artikel\/richenhagen-leitet-marketing-der-krone-nutzfahrzeug-gruppe-29277\/\" \/>\n<meta property=\"og:site_name\" content=\"Krafthand-Truck\" \/>\n<meta property=\"article:published_time\" content=\"2021-08-31T11:40:27+00:00\" \/>\n<meta property=\"article:modified_time\" content=\"2021-08-31T11:43:22+00:00\" \/>\n<meta property=\"og:image\" content=\"https:\/\/www.krafthand.de\/truck\/wp-content\/uploads\/2021\/08\/Krone_Simon_Richenhagen_Krafthand_Truck.jpg\" \/>\n\t<meta property=\"og:image:width\" content=\"1200\" \/>\n\t<meta property=\"og:image:height\" content=\"799\" \/>\n\t<meta property=\"og:image:type\" content=\"image\/jpeg\" \/>\n<meta name=\"author\" content=\"georg.blenk@krafthand-medien.de\" \/>\n<meta name=\"twitter:card\" content=\"summary_large_image\" \/>\n<meta name=\"twitter:label1\" content=\"Verfasst von\" \/>\n\t<meta name=\"twitter:data1\" content=\"georg.blenk@krafthand-medien.de\" \/>\n\t<meta name=\"twitter:label2\" content=\"Gesch\u00e4tzte Lesezeit\" \/>\n\t<meta name=\"twitter:data2\" content=\"1\u00a0Minute\" \/>\n<script type=\"application\/ld+json\" class=\"yoast-schema-graph\">{\"@context\":\"https:\\\/\\\/schema.org\",\"@graph\":[{\"@type\":\"Article\",\"@id\":\"https:\\\/\\\/www.krafthand.de\\\/truck\\\/artikel\\\/richenhagen-leitet-marketing-der-krone-nutzfahrzeug-gruppe-29277\\\/#article\",\"isPartOf\":{\"@id\":\"https:\\\/\\\/www.krafthand.de\\\/truck\\\/artikel\\\/richenhagen-leitet-marketing-der-krone-nutzfahrzeug-gruppe-29277\\\/\"},\"author\":{\"name\":\"georg.blenk@krafthand-medien.de\",\"@id\":\"https:\\\/\\\/www.krafthand.de\\\/truck\\\/#\\\/schema\\\/person\\\/51fa80b1c57034c4bf63f9f988fc24ce\"},\"headline\":\"Richenhagen leitet Marketing der Krone Nutzfahrzeug-Gruppe\",\"datePublished\":\"2021-08-31T11:40:27+00:00\",\"dateModified\":\"2021-08-31T11:43:22+00:00\",\"mainEntityOfPage\":{\"@id\":\"https:\\\/\\\/www.krafthand.de\\\/truck\\\/artikel\\\/richenhagen-leitet-marketing-der-krone-nutzfahrzeug-gruppe-29277\\\/\"},\"wordCount\":175,\"image\":{\"@id\":\"https:\\\/\\\/www.krafthand.de\\\/truck\\\/artikel\\\/richenhagen-leitet-marketing-der-krone-nutzfahrzeug-gruppe-29277\\\/#primaryimage\"},\"thumbnailUrl\":\"https:\\\/\\\/static.krafthand-truck.de\\\/uploads\\\/2021\\\/08\\\/Krone_Simon_Richenhagen_Krafthand_Truck.jpg\",\"keywords\":[\"Krone\",\"Simon Richenhagen\"],\"articleSection\":[\"K\u00f6pfe\\\/Personen\"],\"inLanguage\":\"de\"},{\"@type\":\"WebPage\",\"@id\":\"https:\\\/\\\/www.krafthand.de\\\/truck\\\/artikel\\\/richenhagen-leitet-marketing-der-krone-nutzfahrzeug-gruppe-29277\\\/\",\"url\":\"https:\\\/\\\/www.krafthand.de\\\/truck\\\/artikel\\\/richenhagen-leitet-marketing-der-krone-nutzfahrzeug-gruppe-29277\\\/\",\"name\":\"Simon Richenhagen, Krone-Nutzfahrzeug-Gruppe, Marketingleiter\",\"isPartOf\":{\"@id\":\"https:\\\/\\\/www.krafthand.de\\\/truck\\\/#website\"},\"primaryImageOfPage\":{\"@id\":\"https:\\\/\\\/www.krafthand.de\\\/truck\\\/artikel\\\/richenhagen-leitet-marketing-der-krone-nutzfahrzeug-gruppe-29277\\\/#primaryimage\"},\"image\":{\"@id\":\"https:\\\/\\\/www.krafthand.de\\\/truck\\\/artikel\\\/richenhagen-leitet-marketing-der-krone-nutzfahrzeug-gruppe-29277\\\/#primaryimage\"},\"thumbnailUrl\":\"https:\\\/\\\/static.krafthand-truck.de\\\/uploads\\\/2021\\\/08\\\/Krone_Simon_Richenhagen_Krafthand_Truck.jpg\",\"datePublished\":\"2021-08-31T11:40:27+00:00\",\"dateModified\":\"2021-08-31T11:43:22+00:00\",\"author\":{\"@id\":\"https:\\\/\\\/www.krafthand.de\\\/truck\\\/#\\\/schema\\\/person\\\/51fa80b1c57034c4bf63f9f988fc24ce\"},\"description\":\"Simon Richenhagen (31) ist mit Wirkung zum 1. August 2021 zum Leiter Marketing der Krone Nutzfahrzeug-Gruppe berufen worden.\",\"breadcrumb\":{\"@id\":\"https:\\\/\\\/www.krafthand.de\\\/truck\\\/artikel\\\/richenhagen-leitet-marketing-der-krone-nutzfahrzeug-gruppe-29277\\\/#breadcrumb\"},\"inLanguage\":\"de\",\"potentialAction\":[{\"@type\":\"ReadAction\",\"target\":[\"https:\\\/\\\/www.krafthand.de\\\/truck\\\/artikel\\\/richenhagen-leitet-marketing-der-krone-nutzfahrzeug-gruppe-29277\\\/\"]}]},{\"@type\":\"ImageObject\",\"inLanguage\":\"de\",\"@id\":\"https:\\\/\\\/www.krafthand.de\\\/truck\\\/artikel\\\/richenhagen-leitet-marketing-der-krone-nutzfahrzeug-gruppe-29277\\\/#primaryimage\",\"url\":\"https:\\\/\\\/static.krafthand-truck.de\\\/uploads\\\/2021\\\/08\\\/Krone_Simon_Richenhagen_Krafthand_Truck.jpg\",\"contentUrl\":\"https:\\\/\\\/static.krafthand-truck.de\\\/uploads\\\/2021\\\/08\\\/Krone_Simon_Richenhagen_Krafthand_Truck.jpg\",\"width\":1200,\"height\":799},{\"@type\":\"BreadcrumbList\",\"@id\":\"https:\\\/\\\/www.krafthand.de\\\/truck\\\/artikel\\\/richenhagen-leitet-marketing-der-krone-nutzfahrzeug-gruppe-29277\\\/#breadcrumb\",\"itemListElement\":[{\"@type\":\"ListItem\",\"position\":1,\"name\":\"Krafthand-Truck\",\"item\":\"https:\\\/\\\/www.krafthand.de\\\/truck\\\/\"},{\"@type\":\"ListItem\",\"position\":2,\"name\":\"Nfz-Branche\",\"item\":\"https:\\\/\\\/www.krafthand.de\\\/truck\\\/kategorie\\\/branche\\\/\"},{\"@type\":\"ListItem\",\"position\":3,\"name\":\"K\u00f6pfe\\\/Personen\",\"item\":\"https:\\\/\\\/www.krafthand.de\\\/truck\\\/kategorie\\\/branche\\\/koepfe\\\/\"},{\"@type\":\"ListItem\",\"position\":4,\"name\":\"Richenhagen leitet Marketing der Krone Nutzfahrzeug-Gruppe\"}]},{\"@type\":\"WebSite\",\"@id\":\"https:\\\/\\\/www.krafthand.de\\\/truck\\\/#website\",\"url\":\"https:\\\/\\\/www.krafthand.de\\\/truck\\\/\",\"name\":\"Krafthand-Truck\",\"description\":\"\",\"potentialAction\":[{\"@type\":\"SearchAction\",\"target\":{\"@type\":\"EntryPoint\",\"urlTemplate\":\"https:\\\/\\\/www.krafthand.de\\\/truck\\\/?s={search_term_string}\"},\"query-input\":{\"@type\":\"PropertyValueSpecification\",\"valueRequired\":true,\"valueName\":\"search_term_string\"}}],\"inLanguage\":\"de\"},{\"@type\":\"Person\",\"@id\":\"https:\\\/\\\/www.krafthand.de\\\/truck\\\/#\\\/schema\\\/person\\\/51fa80b1c57034c4bf63f9f988fc24ce\",\"name\":\"georg.blenk@krafthand-medien.de\",\"image\":{\"@type\":\"ImageObject\",\"inLanguage\":\"de\",\"@id\":\"https:\\\/\\\/secure.gravatar.com\\\/avatar\\\/93713c30affe0aa95d3a4130e499bb1abee2eb31adbdd9ce2aa1543538490215?s=96&d=mm&r=g\",\"url\":\"https:\\\/\\\/secure.gravatar.com\\\/avatar\\\/93713c30affe0aa95d3a4130e499bb1abee2eb31adbdd9ce2aa1543538490215?s=96&d=mm&r=g\",\"contentUrl\":\"https:\\\/\\\/secure.gravatar.com\\\/avatar\\\/93713c30affe0aa95d3a4130e499bb1abee2eb31adbdd9ce2aa1543538490215?s=96&d=mm&r=g\",\"caption\":\"georg.blenk@krafthand-medien.de\"}}]}<\/script>\n<!-- \/ Yoast SEO plugin. -->","yoast_head_json":{"title":"Simon Richenhagen, Krone-Nutzfahrzeug-Gruppe, Marketingleiter","description":"Simon Richenhagen (31) ist mit Wirkung zum 1. August 2021 zum Leiter Marketing der Krone Nutzfahrzeug-Gruppe berufen worden.","robots":{"index":"index","follow":"follow","max-snippet":"max-snippet:-1","max-image-preview":"max-image-preview:large","max-video-preview":"max-video-preview:-1"},"canonical":"https:\/\/www.krafthand.de\/truck\/artikel\/richenhagen-leitet-marketing-der-krone-nutzfahrzeug-gruppe-29277\/","og_locale":"de_DE","og_type":"article","og_title":"Simon Richenhagen, Krone-Nutzfahrzeug-Gruppe, Marketingleiter","og_description":"Simon Richenhagen (31) ist mit Wirkung zum 1. August 2021 zum Leiter Marketing der Krone Nutzfahrzeug-Gruppe berufen worden.","og_url":"https:\/\/www.krafthand-truck.de\/artikel\/richenhagen-leitet-marketing-der-krone-nutzfahrzeug-gruppe-29277\/","og_site_name":"Krafthand-Truck","article_published_time":"2021-08-31T11:40:27+00:00","article_modified_time":"2021-08-31T11:43:22+00:00","og_image":[{"width":1200,"height":799,"url":"https:\/\/www.krafthand.de\/truck\/wp-content\/uploads\/2021\/08\/Krone_Simon_Richenhagen_Krafthand_Truck.jpg","type":"image\/jpeg"}],"author":"georg.blenk@krafthand-medien.de","twitter_card":"summary_large_image","twitter_misc":{"Verfasst von":"georg.blenk@krafthand-medien.de","Gesch\u00e4tzte Lesezeit":"1\u00a0Minute"},"schema":{"@context":"https:\/\/schema.org","@graph":[{"@type":"Article","@id":"https:\/\/www.krafthand.de\/truck\/artikel\/richenhagen-leitet-marketing-der-krone-nutzfahrzeug-gruppe-29277\/#article","isPartOf":{"@id":"https:\/\/www.krafthand.de\/truck\/artikel\/richenhagen-leitet-marketing-der-krone-nutzfahrzeug-gruppe-29277\/"},"author":{"name":"georg.blenk@krafthand-medien.de","@id":"https:\/\/www.krafthand.de\/truck\/#\/schema\/person\/51fa80b1c57034c4bf63f9f988fc24ce"},"headline":"Richenhagen leitet Marketing der Krone Nutzfahrzeug-Gruppe","datePublished":"2021-08-31T11:40:27+00:00","dateModified":"2021-08-31T11:43:22+00:00","mainEntityOfPage":{"@id":"https:\/\/www.krafthand.de\/truck\/artikel\/richenhagen-leitet-marketing-der-krone-nutzfahrzeug-gruppe-29277\/"},"wordCount":175,"image":{"@id":"https:\/\/www.krafthand.de\/truck\/artikel\/richenhagen-leitet-marketing-der-krone-nutzfahrzeug-gruppe-29277\/#primaryimage"},"thumbnailUrl":"https:\/\/static.krafthand-truck.de\/uploads\/2021\/08\/Krone_Simon_Richenhagen_Krafthand_Truck.jpg","keywords":["Krone","Simon Richenhagen"],"articleSection":["K\u00f6pfe\/Personen"],"inLanguage":"de"},{"@type":"WebPage","@id":"https:\/\/www.krafthand.de\/truck\/artikel\/richenhagen-leitet-marketing-der-krone-nutzfahrzeug-gruppe-29277\/","url":"https:\/\/www.krafthand.de\/truck\/artikel\/richenhagen-leitet-marketing-der-krone-nutzfahrzeug-gruppe-29277\/","name":"Simon Richenhagen, Krone-Nutzfahrzeug-Gruppe, Marketingleiter","isPartOf":{"@id":"https:\/\/www.krafthand.de\/truck\/#website"},"primaryImageOfPage":{"@id":"https:\/\/www.krafthand.de\/truck\/artikel\/richenhagen-leitet-marketing-der-krone-nutzfahrzeug-gruppe-29277\/#primaryimage"},"image":{"@id":"https:\/\/www.krafthand.de\/truck\/artikel\/richenhagen-leitet-marketing-der-krone-nutzfahrzeug-gruppe-29277\/#primaryimage"},"thumbnailUrl":"https:\/\/static.krafthand-truck.de\/uploads\/2021\/08\/Krone_Simon_Richenhagen_Krafthand_Truck.jpg","datePublished":"2021-08-31T11:40:27+00:00","dateModified":"2021-08-31T11:43:22+00:00","author":{"@id":"https:\/\/www.krafthand.de\/truck\/#\/schema\/person\/51fa80b1c57034c4bf63f9f988fc24ce"},"description":"Simon Richenhagen (31) ist mit Wirkung zum 1. August 2021 zum Leiter Marketing der Krone Nutzfahrzeug-Gruppe berufen worden.","breadcrumb":{"@id":"https:\/\/www.krafthand.de\/truck\/artikel\/richenhagen-leitet-marketing-der-krone-nutzfahrzeug-gruppe-29277\/#breadcrumb"},"inLanguage":"de","potentialAction":[{"@type":"ReadAction","target":["https:\/\/www.krafthand.de\/truck\/artikel\/richenhagen-leitet-marketing-der-krone-nutzfahrzeug-gruppe-29277\/"]}]},{"@type":"ImageObject","inLanguage":"de","@id":"https:\/\/www.krafthand.de\/truck\/artikel\/richenhagen-leitet-marketing-der-krone-nutzfahrzeug-gruppe-29277\/#primaryimage","url":"https:\/\/static.krafthand-truck.de\/uploads\/2021\/08\/Krone_Simon_Richenhagen_Krafthand_Truck.jpg","contentUrl":"https:\/\/static.krafthand-truck.de\/uploads\/2021\/08\/Krone_Simon_Richenhagen_Krafthand_Truck.jpg","width":1200,"height":799},{"@type":"BreadcrumbList","@id":"https:\/\/www.krafthand.de\/truck\/artikel\/richenhagen-leitet-marketing-der-krone-nutzfahrzeug-gruppe-29277\/#breadcrumb","itemListElement":[{"@type":"ListItem","position":1,"name":"Krafthand-Truck","item":"https:\/\/www.krafthand.de\/truck\/"},{"@type":"ListItem","position":2,"name":"Nfz-Branche","item":"https:\/\/www.krafthand.de\/truck\/kategorie\/branche\/"},{"@type":"ListItem","position":3,"name":"K\u00f6pfe\/Personen","item":"https:\/\/www.krafthand.de\/truck\/kategorie\/branche\/koepfe\/"},{"@type":"ListItem","position":4,"name":"Richenhagen leitet Marketing der Krone Nutzfahrzeug-Gruppe"}]},{"@type":"WebSite","@id":"https:\/\/www.krafthand.de\/truck\/#website","url":"https:\/\/www.krafthand.de\/truck\/","name":"Krafthand-Truck","description":"","potentialAction":[{"@type":"SearchAction","target":{"@type":"EntryPoint","urlTemplate":"https:\/\/www.krafthand.de\/truck\/?s={search_term_string}"},"query-input":{"@type":"PropertyValueSpecification","valueRequired":true,"valueName":"search_term_string"}}],"inLanguage":"de"},{"@type":"Person","@id":"https:\/\/www.krafthand.de\/truck\/#\/schema\/person\/51fa80b1c57034c4bf63f9f988fc24ce","name":"georg.blenk@krafthand-medien.de","image":{"@type":"ImageObject","inLanguage":"de","@id":"https:\/\/secure.gravatar.com\/avatar\/93713c30affe0aa95d3a4130e499bb1abee2eb31adbdd9ce2aa1543538490215?s=96&d=mm&r=g","url":"https:\/\/secure.gravatar.com\/avatar\/93713c30affe0aa95d3a4130e499bb1abee2eb31adbdd9ce2aa1543538490215?s=96&d=mm&r=g","contentUrl":"https:\/\/secure.gravatar.com\/avatar\/93713c30affe0aa95d3a4130e499bb1abee2eb31adbdd9ce2aa1543538490215?s=96&d=mm&r=g","caption":"georg.blenk@krafthand-medien.de"}}]}},"_links":{"self":[{"href":"https:\/\/www.krafthand.de\/truck\/wp-json\/wp\/v2\/posts\/29277","targetHints":{"allow":["GET"]}}],"collection":[{"href":"https:\/\/www.krafthand.de\/truck\/wp-json\/wp\/v2\/posts"}],"about":[{"href":"https:\/\/www.krafthand.de\/truck\/wp-json\/wp\/v2\/types\/post"}],"author":[{"embeddable":true,"href":"https:\/\/www.krafthand.de\/truck\/wp-json\/wp\/v2\/users\/9"}],"replies":[{"embeddable":true,"href":"https:\/\/www.krafthand.de\/truck\/wp-json\/wp\/v2\/comments?post=29277"}],"version-history":[{"count":4,"href":"https:\/\/www.krafthand.de\/truck\/wp-json\/wp\/v2\/posts\/29277\/revisions"}],"predecessor-version":[{"id":29282,"href":"https:\/\/www.krafthand.de\/truck\/wp-json\/wp\/v2\/posts\/29277\/revisions\/29282"}],"wp:featuredmedia":[{"embeddable":true,"href":"https:\/\/www.krafthand.de\/truck\/wp-json\/wp\/v2\/media\/29280"}],"wp:attachment":[{"href":"https:\/\/www.krafthand.de\/truck\/wp-json\/wp\/v2\/media?parent=29277"}],"wp:term":[{"taxonomy":"category","embeddable":true,"href":"https:\/\/www.krafthand.de\/truck\/wp-json\/wp\/v2\/categories?post=29277"},{"taxonomy":"post_tag","embeddable":true,"href":"https:\/\/www.krafthand.de\/truck\/wp-json\/wp\/v2\/tags?post=29277"},{"taxonomy":"settings","embeddable":true,"href":"https:\/\/www.krafthand.de\/truck\/wp-json\/wp\/v2\/settings?post=29277"}],"curies":[{"name":"wp","href":"https:\/\/api.w.org\/{rel}","templated":true}]}}