{"id":29227,"date":"2021-08-30T14:54:04","date_gmt":"2021-08-30T12:54:04","guid":{"rendered":"https:\/\/www.krafthand.de\/truck\/?p=29227"},"modified":"2021-09-09T15:53:23","modified_gmt":"2021-09-09T13:53:23","slug":"klimaservice-fuellmengentool-jetzt-auch-digital","status":"publish","type":"post","link":"https:\/\/www.krafthand.de\/truck\/artikel\/klimaservice-fuellmengentool-jetzt-auch-digital-29227\/","title":{"rendered":"Klimaservice: F\u00fcllmengentool jetzt auch digital"},"content":{"rendered":"<p>Mahle-Aftermarket verfolgt seine Digitalstrategie weiter und erweitert mit einem neuen Online-F\u00fcllmengentool sein Angebot rund um das Thema Thermomanagement. Es bietet in sieben Sprachen Informationen zu den korrekten K\u00e4ltemittel- und \u00d6lmengen bei Personenkraftwagen und Nutzfahrzeugen. Das Online-F\u00fcllmengentool funktioniert laut Mahle auf PC, Tablet und Smartphone. Eine Favoritenfunktion erm\u00f6glicht es, bevorzugte Fahrzeugtypen zu markieren und bei Bedarf schnell wieder aufzurufen.<\/p>\n<p>Das neue F\u00fcllmengentool ist ein weiterer Baustein des Angebots von Digitalformaten aus dem Hause Mahle. Dazu z\u00e4hlen unter anderem das Tech Tool, die Wissensdatenbank f\u00fcr Klimatechnik, der Mahle Insider usowie das digitale Kundenmagazin MPULSE. Mit dem digitalen Customer Care Portal m\u00f6chte Mahle Aftermarket in direktem Kontakt mit seinen Kunden stehen\u2013 und sie bei zahlreichen Themen unterst\u00fctzen: angefangen bei der Identifizierung eines Bauteils bis hin zu Informationen f\u00fcr Einbau und bei der L\u00f6sung von Problemen. Mit den st\u00e4ndig erweiterten digitalen RMI (Repair and Maintenance Information) auf den hauseigenen Serviceger\u00e4ten m\u00f6chte das Unternehmen die Werkstattmitarbeiter und -mitarbeiterinnen entlang des gesamten Wartungsprozesses an die Hand nehmen. Dazu kommen ein breites digitales Schulungsangebot und ein wachsendes E-Commerce-Portfolio f\u00fcr Filter, Thermoprodukte, Serviceger\u00e4te und Oldtimerteile.<\/p>\n<p>Hier geht es zum <a href=\"https:\/\/www.mahle-aftermarket.com\/filling-quantities\/\" target=\"_blank\" rel=\"noopener\">Mahle-F\u00fcllmengentool<\/a>.<\/p>\n","protected":false},"excerpt":{"rendered":"<p>Mahle-Aftermarket verfolgt seine Digitalstrategie weiter und erweitert mit einem neuen Online-F\u00fcllmengentool sein Angebot rund um das Thema Thermomanagement. Es bietet in sieben Sprachen Informationen zu den korrekten K\u00e4ltemittel- und \u00d6lmengen bei Personenkraftwagen und Nutzfahrzeugen. <span class=\"excerpt-more__dots\">&#8230;<\/span> <a class=\"excerpt-more__link\" href=\"https:\/\/www.krafthand.de\/truck\/artikel\/klimaservice-fuellmengentool-jetzt-auch-digital-29227\/\" >weiter<\/a><\/p>\n","protected":false},"author":9,"featured_media":29230,"comment_status":"closed","ping_status":"closed","sticky":false,"template":"","format":"standard","meta":{"footnotes":""},"categories":[4253,4218],"tags":[4722,72,80,1401,4724,4723],"settings":[3523],"class_list":["post-29227","post","type-post","status-publish","format-standard","has-post-thumbnail","hentry","category-schmierstoffe","category-werkstattpraxis","tag-fuellmengentool","tag-kaeltemittel","tag-klimaservice","tag-mahle","tag-oelmenge","tag-rmi"],"yoast_head":"<!-- This site is optimized with the Yoast SEO plugin v27.3 - https:\/\/yoast.com\/product\/yoast-seo-wordpress\/ -->\n<title>Mahle-F\u00fcllmengentool<\/title>\n<meta name=\"description\" content=\"Mahle-Aftermarket verfolgt seine Digitalstrategie weiter und erweitert mit einem neuen Online-F\u00fcllmengentool sein Angebot rund um das Thema Thermomanagement. Es bietet in sieben Sprachen Informationen zu den korrekten K\u00e4ltemittel- und \u00d6lmengen bei Personenkraftwagen und Nutzfahrzeugen.\" \/>\n<meta name=\"robots\" content=\"index, follow, max-snippet:-1, max-image-preview:large, max-video-preview:-1\" \/>\n<link rel=\"canonical\" href=\"https:\/\/www.krafthand.de\/truck\/artikel\/klimaservice-fuellmengentool-jetzt-auch-digital-29227\/\" \/>\n<meta property=\"og:locale\" content=\"de_DE\" \/>\n<meta property=\"og:type\" content=\"article\" \/>\n<meta property=\"og:title\" content=\"Mahle-F\u00fcllmengentool\" \/>\n<meta property=\"og:description\" content=\"Mahle-Aftermarket verfolgt seine Digitalstrategie weiter und erweitert mit einem neuen Online-F\u00fcllmengentool sein Angebot rund um das Thema Thermomanagement. Es bietet in sieben Sprachen Informationen zu den korrekten K\u00e4ltemittel- und \u00d6lmengen bei Personenkraftwagen und Nutzfahrzeugen.\" \/>\n<meta property=\"og:url\" content=\"https:\/\/www.krafthand-truck.de\/artikel\/klimaservice-fuellmengentool-jetzt-auch-digital-29227\/\" \/>\n<meta property=\"og:site_name\" content=\"Krafthand-Truck\" \/>\n<meta property=\"article:published_time\" content=\"2021-08-30T12:54:04+00:00\" \/>\n<meta property=\"article:modified_time\" content=\"2021-09-09T13:53:23+00:00\" \/>\n<meta property=\"og:image\" content=\"https:\/\/www.krafthand.de\/truck\/wp-content\/uploads\/2021\/08\/mahle-aftermarket_acx480_fuellmengentool_Krafthand_Truck.jpg\" \/>\n\t<meta property=\"og:image:width\" content=\"1200\" \/>\n\t<meta property=\"og:image:height\" content=\"834\" \/>\n\t<meta property=\"og:image:type\" content=\"image\/jpeg\" \/>\n<meta name=\"author\" content=\"georg.blenk@krafthand-medien.de\" \/>\n<meta name=\"twitter:card\" content=\"summary_large_image\" \/>\n<meta name=\"twitter:label1\" content=\"Verfasst von\" \/>\n\t<meta name=\"twitter:data1\" content=\"georg.blenk@krafthand-medien.de\" \/>\n\t<meta name=\"twitter:label2\" content=\"Gesch\u00e4tzte Lesezeit\" \/>\n\t<meta name=\"twitter:data2\" content=\"1\u00a0Minute\" \/>\n<script type=\"application\/ld+json\" class=\"yoast-schema-graph\">{\"@context\":\"https:\\\/\\\/schema.org\",\"@graph\":[{\"@type\":\"Article\",\"@id\":\"https:\\\/\\\/www.krafthand.de\\\/truck\\\/artikel\\\/klimaservice-fuellmengentool-jetzt-auch-digital-29227\\\/#article\",\"isPartOf\":{\"@id\":\"https:\\\/\\\/www.krafthand.de\\\/truck\\\/artikel\\\/klimaservice-fuellmengentool-jetzt-auch-digital-29227\\\/\"},\"author\":{\"name\":\"georg.blenk@krafthand-medien.de\",\"@id\":\"https:\\\/\\\/www.krafthand.de\\\/truck\\\/#\\\/schema\\\/person\\\/51fa80b1c57034c4bf63f9f988fc24ce\"},\"headline\":\"Klimaservice: F\u00fcllmengentool jetzt auch digital\",\"datePublished\":\"2021-08-30T12:54:04+00:00\",\"dateModified\":\"2021-09-09T13:53:23+00:00\",\"mainEntityOfPage\":{\"@id\":\"https:\\\/\\\/www.krafthand.de\\\/truck\\\/artikel\\\/klimaservice-fuellmengentool-jetzt-auch-digital-29227\\\/\"},\"wordCount\":205,\"image\":{\"@id\":\"https:\\\/\\\/www.krafthand.de\\\/truck\\\/artikel\\\/klimaservice-fuellmengentool-jetzt-auch-digital-29227\\\/#primaryimage\"},\"thumbnailUrl\":\"https:\\\/\\\/static.krafthand-truck.de\\\/uploads\\\/2021\\\/08\\\/mahle-aftermarket_acx480_fuellmengentool_Krafthand_Truck.jpg\",\"keywords\":[\"F\u00fcllmengentool\",\"K\u00e4ltemittel\",\"Klimaservice\",\"Mahle\",\"\u00d6lmenge\",\"RMI\"],\"articleSection\":[\"Schmier-\\\/Betriebsstoffe\",\"Werkstattpraxis\"],\"inLanguage\":\"de\"},{\"@type\":\"WebPage\",\"@id\":\"https:\\\/\\\/www.krafthand.de\\\/truck\\\/artikel\\\/klimaservice-fuellmengentool-jetzt-auch-digital-29227\\\/\",\"url\":\"https:\\\/\\\/www.krafthand.de\\\/truck\\\/artikel\\\/klimaservice-fuellmengentool-jetzt-auch-digital-29227\\\/\",\"name\":\"Mahle-F\u00fcllmengentool\",\"isPartOf\":{\"@id\":\"https:\\\/\\\/www.krafthand.de\\\/truck\\\/#website\"},\"primaryImageOfPage\":{\"@id\":\"https:\\\/\\\/www.krafthand.de\\\/truck\\\/artikel\\\/klimaservice-fuellmengentool-jetzt-auch-digital-29227\\\/#primaryimage\"},\"image\":{\"@id\":\"https:\\\/\\\/www.krafthand.de\\\/truck\\\/artikel\\\/klimaservice-fuellmengentool-jetzt-auch-digital-29227\\\/#primaryimage\"},\"thumbnailUrl\":\"https:\\\/\\\/static.krafthand-truck.de\\\/uploads\\\/2021\\\/08\\\/mahle-aftermarket_acx480_fuellmengentool_Krafthand_Truck.jpg\",\"datePublished\":\"2021-08-30T12:54:04+00:00\",\"dateModified\":\"2021-09-09T13:53:23+00:00\",\"author\":{\"@id\":\"https:\\\/\\\/www.krafthand.de\\\/truck\\\/#\\\/schema\\\/person\\\/51fa80b1c57034c4bf63f9f988fc24ce\"},\"description\":\"Mahle-Aftermarket verfolgt seine Digitalstrategie weiter und erweitert mit einem neuen Online-F\u00fcllmengentool sein Angebot rund um das Thema Thermomanagement. Es bietet in sieben Sprachen Informationen zu den korrekten K\u00e4ltemittel- und \u00d6lmengen bei Personenkraftwagen und Nutzfahrzeugen.\",\"breadcrumb\":{\"@id\":\"https:\\\/\\\/www.krafthand.de\\\/truck\\\/artikel\\\/klimaservice-fuellmengentool-jetzt-auch-digital-29227\\\/#breadcrumb\"},\"inLanguage\":\"de\",\"potentialAction\":[{\"@type\":\"ReadAction\",\"target\":[\"https:\\\/\\\/www.krafthand.de\\\/truck\\\/artikel\\\/klimaservice-fuellmengentool-jetzt-auch-digital-29227\\\/\"]}]},{\"@type\":\"ImageObject\",\"inLanguage\":\"de\",\"@id\":\"https:\\\/\\\/www.krafthand.de\\\/truck\\\/artikel\\\/klimaservice-fuellmengentool-jetzt-auch-digital-29227\\\/#primaryimage\",\"url\":\"https:\\\/\\\/static.krafthand-truck.de\\\/uploads\\\/2021\\\/08\\\/mahle-aftermarket_acx480_fuellmengentool_Krafthand_Truck.jpg\",\"contentUrl\":\"https:\\\/\\\/static.krafthand-truck.de\\\/uploads\\\/2021\\\/08\\\/mahle-aftermarket_acx480_fuellmengentool_Krafthand_Truck.jpg\",\"width\":1200,\"height\":834},{\"@type\":\"BreadcrumbList\",\"@id\":\"https:\\\/\\\/www.krafthand.de\\\/truck\\\/artikel\\\/klimaservice-fuellmengentool-jetzt-auch-digital-29227\\\/#breadcrumb\",\"itemListElement\":[{\"@type\":\"ListItem\",\"position\":1,\"name\":\"Krafthand-Truck\",\"item\":\"https:\\\/\\\/www.krafthand.de\\\/truck\\\/\"},{\"@type\":\"ListItem\",\"position\":2,\"name\":\"Nfz-Service\",\"item\":\"https:\\\/\\\/www.krafthand.de\\\/truck\\\/kategorie\\\/nfz-service\\\/\"},{\"@type\":\"ListItem\",\"position\":3,\"name\":\"Werkstattpraxis\",\"item\":\"https:\\\/\\\/www.krafthand.de\\\/truck\\\/kategorie\\\/nfz-service\\\/werkstattpraxis\\\/\"},{\"@type\":\"ListItem\",\"position\":4,\"name\":\"Klimaservice: F\u00fcllmengentool jetzt auch digital\"}]},{\"@type\":\"WebSite\",\"@id\":\"https:\\\/\\\/www.krafthand.de\\\/truck\\\/#website\",\"url\":\"https:\\\/\\\/www.krafthand.de\\\/truck\\\/\",\"name\":\"Krafthand-Truck\",\"description\":\"\",\"potentialAction\":[{\"@type\":\"SearchAction\",\"target\":{\"@type\":\"EntryPoint\",\"urlTemplate\":\"https:\\\/\\\/www.krafthand.de\\\/truck\\\/?s={search_term_string}\"},\"query-input\":{\"@type\":\"PropertyValueSpecification\",\"valueRequired\":true,\"valueName\":\"search_term_string\"}}],\"inLanguage\":\"de\"},{\"@type\":\"Person\",\"@id\":\"https:\\\/\\\/www.krafthand.de\\\/truck\\\/#\\\/schema\\\/person\\\/51fa80b1c57034c4bf63f9f988fc24ce\",\"name\":\"georg.blenk@krafthand-medien.de\",\"image\":{\"@type\":\"ImageObject\",\"inLanguage\":\"de\",\"@id\":\"https:\\\/\\\/secure.gravatar.com\\\/avatar\\\/93713c30affe0aa95d3a4130e499bb1abee2eb31adbdd9ce2aa1543538490215?s=96&d=mm&r=g\",\"url\":\"https:\\\/\\\/secure.gravatar.com\\\/avatar\\\/93713c30affe0aa95d3a4130e499bb1abee2eb31adbdd9ce2aa1543538490215?s=96&d=mm&r=g\",\"contentUrl\":\"https:\\\/\\\/secure.gravatar.com\\\/avatar\\\/93713c30affe0aa95d3a4130e499bb1abee2eb31adbdd9ce2aa1543538490215?s=96&d=mm&r=g\",\"caption\":\"georg.blenk@krafthand-medien.de\"}}]}<\/script>\n<!-- \/ Yoast SEO plugin. -->","yoast_head_json":{"title":"Mahle-F\u00fcllmengentool","description":"Mahle-Aftermarket verfolgt seine Digitalstrategie weiter und erweitert mit einem neuen Online-F\u00fcllmengentool sein Angebot rund um das Thema Thermomanagement. Es bietet in sieben Sprachen Informationen zu den korrekten K\u00e4ltemittel- und \u00d6lmengen bei Personenkraftwagen und Nutzfahrzeugen.","robots":{"index":"index","follow":"follow","max-snippet":"max-snippet:-1","max-image-preview":"max-image-preview:large","max-video-preview":"max-video-preview:-1"},"canonical":"https:\/\/www.krafthand.de\/truck\/artikel\/klimaservice-fuellmengentool-jetzt-auch-digital-29227\/","og_locale":"de_DE","og_type":"article","og_title":"Mahle-F\u00fcllmengentool","og_description":"Mahle-Aftermarket verfolgt seine Digitalstrategie weiter und erweitert mit einem neuen Online-F\u00fcllmengentool sein Angebot rund um das Thema Thermomanagement. Es bietet in sieben Sprachen Informationen zu den korrekten K\u00e4ltemittel- und \u00d6lmengen bei Personenkraftwagen und Nutzfahrzeugen.","og_url":"https:\/\/www.krafthand-truck.de\/artikel\/klimaservice-fuellmengentool-jetzt-auch-digital-29227\/","og_site_name":"Krafthand-Truck","article_published_time":"2021-08-30T12:54:04+00:00","article_modified_time":"2021-09-09T13:53:23+00:00","og_image":[{"width":1200,"height":834,"url":"https:\/\/www.krafthand.de\/truck\/wp-content\/uploads\/2021\/08\/mahle-aftermarket_acx480_fuellmengentool_Krafthand_Truck.jpg","type":"image\/jpeg"}],"author":"georg.blenk@krafthand-medien.de","twitter_card":"summary_large_image","twitter_misc":{"Verfasst von":"georg.blenk@krafthand-medien.de","Gesch\u00e4tzte Lesezeit":"1\u00a0Minute"},"schema":{"@context":"https:\/\/schema.org","@graph":[{"@type":"Article","@id":"https:\/\/www.krafthand.de\/truck\/artikel\/klimaservice-fuellmengentool-jetzt-auch-digital-29227\/#article","isPartOf":{"@id":"https:\/\/www.krafthand.de\/truck\/artikel\/klimaservice-fuellmengentool-jetzt-auch-digital-29227\/"},"author":{"name":"georg.blenk@krafthand-medien.de","@id":"https:\/\/www.krafthand.de\/truck\/#\/schema\/person\/51fa80b1c57034c4bf63f9f988fc24ce"},"headline":"Klimaservice: F\u00fcllmengentool jetzt auch digital","datePublished":"2021-08-30T12:54:04+00:00","dateModified":"2021-09-09T13:53:23+00:00","mainEntityOfPage":{"@id":"https:\/\/www.krafthand.de\/truck\/artikel\/klimaservice-fuellmengentool-jetzt-auch-digital-29227\/"},"wordCount":205,"image":{"@id":"https:\/\/www.krafthand.de\/truck\/artikel\/klimaservice-fuellmengentool-jetzt-auch-digital-29227\/#primaryimage"},"thumbnailUrl":"https:\/\/static.krafthand-truck.de\/uploads\/2021\/08\/mahle-aftermarket_acx480_fuellmengentool_Krafthand_Truck.jpg","keywords":["F\u00fcllmengentool","K\u00e4ltemittel","Klimaservice","Mahle","\u00d6lmenge","RMI"],"articleSection":["Schmier-\/Betriebsstoffe","Werkstattpraxis"],"inLanguage":"de"},{"@type":"WebPage","@id":"https:\/\/www.krafthand.de\/truck\/artikel\/klimaservice-fuellmengentool-jetzt-auch-digital-29227\/","url":"https:\/\/www.krafthand.de\/truck\/artikel\/klimaservice-fuellmengentool-jetzt-auch-digital-29227\/","name":"Mahle-F\u00fcllmengentool","isPartOf":{"@id":"https:\/\/www.krafthand.de\/truck\/#website"},"primaryImageOfPage":{"@id":"https:\/\/www.krafthand.de\/truck\/artikel\/klimaservice-fuellmengentool-jetzt-auch-digital-29227\/#primaryimage"},"image":{"@id":"https:\/\/www.krafthand.de\/truck\/artikel\/klimaservice-fuellmengentool-jetzt-auch-digital-29227\/#primaryimage"},"thumbnailUrl":"https:\/\/static.krafthand-truck.de\/uploads\/2021\/08\/mahle-aftermarket_acx480_fuellmengentool_Krafthand_Truck.jpg","datePublished":"2021-08-30T12:54:04+00:00","dateModified":"2021-09-09T13:53:23+00:00","author":{"@id":"https:\/\/www.krafthand.de\/truck\/#\/schema\/person\/51fa80b1c57034c4bf63f9f988fc24ce"},"description":"Mahle-Aftermarket verfolgt seine Digitalstrategie weiter und erweitert mit einem neuen Online-F\u00fcllmengentool sein Angebot rund um das Thema Thermomanagement. Es bietet in sieben Sprachen Informationen zu den korrekten K\u00e4ltemittel- und \u00d6lmengen bei Personenkraftwagen und Nutzfahrzeugen.","breadcrumb":{"@id":"https:\/\/www.krafthand.de\/truck\/artikel\/klimaservice-fuellmengentool-jetzt-auch-digital-29227\/#breadcrumb"},"inLanguage":"de","potentialAction":[{"@type":"ReadAction","target":["https:\/\/www.krafthand.de\/truck\/artikel\/klimaservice-fuellmengentool-jetzt-auch-digital-29227\/"]}]},{"@type":"ImageObject","inLanguage":"de","@id":"https:\/\/www.krafthand.de\/truck\/artikel\/klimaservice-fuellmengentool-jetzt-auch-digital-29227\/#primaryimage","url":"https:\/\/static.krafthand-truck.de\/uploads\/2021\/08\/mahle-aftermarket_acx480_fuellmengentool_Krafthand_Truck.jpg","contentUrl":"https:\/\/static.krafthand-truck.de\/uploads\/2021\/08\/mahle-aftermarket_acx480_fuellmengentool_Krafthand_Truck.jpg","width":1200,"height":834},{"@type":"BreadcrumbList","@id":"https:\/\/www.krafthand.de\/truck\/artikel\/klimaservice-fuellmengentool-jetzt-auch-digital-29227\/#breadcrumb","itemListElement":[{"@type":"ListItem","position":1,"name":"Krafthand-Truck","item":"https:\/\/www.krafthand.de\/truck\/"},{"@type":"ListItem","position":2,"name":"Nfz-Service","item":"https:\/\/www.krafthand.de\/truck\/kategorie\/nfz-service\/"},{"@type":"ListItem","position":3,"name":"Werkstattpraxis","item":"https:\/\/www.krafthand.de\/truck\/kategorie\/nfz-service\/werkstattpraxis\/"},{"@type":"ListItem","position":4,"name":"Klimaservice: F\u00fcllmengentool jetzt auch digital"}]},{"@type":"WebSite","@id":"https:\/\/www.krafthand.de\/truck\/#website","url":"https:\/\/www.krafthand.de\/truck\/","name":"Krafthand-Truck","description":"","potentialAction":[{"@type":"SearchAction","target":{"@type":"EntryPoint","urlTemplate":"https:\/\/www.krafthand.de\/truck\/?s={search_term_string}"},"query-input":{"@type":"PropertyValueSpecification","valueRequired":true,"valueName":"search_term_string"}}],"inLanguage":"de"},{"@type":"Person","@id":"https:\/\/www.krafthand.de\/truck\/#\/schema\/person\/51fa80b1c57034c4bf63f9f988fc24ce","name":"georg.blenk@krafthand-medien.de","image":{"@type":"ImageObject","inLanguage":"de","@id":"https:\/\/secure.gravatar.com\/avatar\/93713c30affe0aa95d3a4130e499bb1abee2eb31adbdd9ce2aa1543538490215?s=96&d=mm&r=g","url":"https:\/\/secure.gravatar.com\/avatar\/93713c30affe0aa95d3a4130e499bb1abee2eb31adbdd9ce2aa1543538490215?s=96&d=mm&r=g","contentUrl":"https:\/\/secure.gravatar.com\/avatar\/93713c30affe0aa95d3a4130e499bb1abee2eb31adbdd9ce2aa1543538490215?s=96&d=mm&r=g","caption":"georg.blenk@krafthand-medien.de"}}]}},"_links":{"self":[{"href":"https:\/\/www.krafthand.de\/truck\/wp-json\/wp\/v2\/posts\/29227","targetHints":{"allow":["GET"]}}],"collection":[{"href":"https:\/\/www.krafthand.de\/truck\/wp-json\/wp\/v2\/posts"}],"about":[{"href":"https:\/\/www.krafthand.de\/truck\/wp-json\/wp\/v2\/types\/post"}],"author":[{"embeddable":true,"href":"https:\/\/www.krafthand.de\/truck\/wp-json\/wp\/v2\/users\/9"}],"replies":[{"embeddable":true,"href":"https:\/\/www.krafthand.de\/truck\/wp-json\/wp\/v2\/comments?post=29227"}],"version-history":[{"count":2,"href":"https:\/\/www.krafthand.de\/truck\/wp-json\/wp\/v2\/posts\/29227\/revisions"}],"predecessor-version":[{"id":29229,"href":"https:\/\/www.krafthand.de\/truck\/wp-json\/wp\/v2\/posts\/29227\/revisions\/29229"}],"wp:featuredmedia":[{"embeddable":true,"href":"https:\/\/www.krafthand.de\/truck\/wp-json\/wp\/v2\/media\/29230"}],"wp:attachment":[{"href":"https:\/\/www.krafthand.de\/truck\/wp-json\/wp\/v2\/media?parent=29227"}],"wp:term":[{"taxonomy":"category","embeddable":true,"href":"https:\/\/www.krafthand.de\/truck\/wp-json\/wp\/v2\/categories?post=29227"},{"taxonomy":"post_tag","embeddable":true,"href":"https:\/\/www.krafthand.de\/truck\/wp-json\/wp\/v2\/tags?post=29227"},{"taxonomy":"settings","embeddable":true,"href":"https:\/\/www.krafthand.de\/truck\/wp-json\/wp\/v2\/settings?post=29227"}],"curies":[{"name":"wp","href":"https:\/\/api.w.org\/{rel}","templated":true}]}}